{"id":75671,"date":"2025-08-13T16:06:33","date_gmt":"2025-08-13T19:06:33","guid":{"rendered":"https:\/\/noticiasribeiraopreto.com.br\/index.php\/2025\/08\/13\/mapeamento-sobre-industria-sucroenergetica-sera-lancado-na-fenasucro\/"},"modified":"2025-08-13T16:06:33","modified_gmt":"2025-08-13T19:06:33","slug":"mapeamento-sobre-industria-sucroenergetica-sera-lancado-na-fenasucro","status":"publish","type":"post","link":"https:\/\/noticiasribeiraopreto.com.br\/index.php\/2025\/08\/13\/mapeamento-sobre-industria-sucroenergetica-sera-lancado-na-fenasucro\/","title":{"rendered":"Mapeamento sobre ind\u00fastria sucroenerg\u00e9tica ser\u00e1 lan\u00e7ado na Fenasucro"},"content":{"rendered":"<div class='code-block code-block-1' style='margin: 8px 0 8px auto; text-align: right; display: block; clear: both;'>\n<p><a href=\"https:\/\/wa.link\/vpicfd\"><img data-recalc-dims=\"1\" class=\"wp-image-4922\" style=\"aspect-ratio: 2.0253164556962027; width: 561px; height: auto;\" src=\"https:\/\/i0.wp.com\/ismaelcolosi.com.br\/wp-content\/uploads\/2023\/11\/grupo-de-empregos-whatsapp-e-facebook-ismael-colosi-vagas.jpg?ssl=1\" alt=\"\" \/><\/a><\/p>\n<!-- \/wp:image -->\n<\/div>\n<p> <br \/>\n<\/p>\n<div>\n<p>O CEISE Br lan\u00e7a nesta quinta-feira (14), durante a Fenasucro &amp; Agrocana 2025, o <strong>Mapeamento da Cadeia Produtiva de Equipamentos para Fabrica\u00e7\u00e3o de Biocombust\u00edveis e Bioenergias<\/strong>. O estudo foi desenvolvido pela consultoria Markestrat com apoio da CPL Bioenergia, liderada pelo CEISE Br.<\/p>\n<p>O levantamento detalha a estrutura da cadeia de fornecimento para a ind\u00fastria de bioenergia. O relat\u00f3rio apresenta dados sobre faturamento, exporta\u00e7\u00f5es, gera\u00e7\u00e3o de empregos, massa salarial, arrecada\u00e7\u00e3o de tributos e portf\u00f3lio de produtos e servi\u00e7os.<strong> <\/strong><\/p>\n<p><strong>O material busca apoiar estrat\u00e9gias para pol\u00edticas p\u00fablicas<\/strong>, <strong>investimentos<\/strong> e <strong>expans\u00e3o da cadeia produtiva.<\/strong><\/p>\n<p>O evento ocorre no Espa\u00e7o de Confer\u00eancias FenaBio, das 9h \u00e0s 12h.<\/p>\n<h3 class=\"wp-block-heading\"><strong>Fenasucro &amp; Agrocana<\/strong><\/h3>\n<p>A Fenasucro &amp; Agrocana come\u00e7ou na \u00faltima ter\u00e7a-feira (12) e segue at\u00e9 15 de agosto a\u00a0<a href=\"https:\/\/www.fenasucro.com.br\/\" target=\"_blank\" rel=\"noreferrer noopener\">Fenasucro &amp; Agrocana<\/a>, em\u00a0<strong>Sert\u00e3ozinho<\/strong>, na regi\u00e3o de\u00a0<strong>Ribeir\u00e3o Preto<\/strong>. Para participar, o credenciamento \u00e9 gratuito e pode ser feito pelo site oficial do evento (<a href=\"https:\/\/www.fenasucro.com.br\/pt-br\/credenciamento.html\" target=\"_blank\" rel=\"noreferrer noopener\">clique aqui<\/a>).<\/p>\n<p>Tamb\u00e9m pela internet, podem ser adquiridos os ingressos para a programa\u00e7\u00e3o de conte\u00fado da FenaBio, espa\u00e7o de confer\u00eancias da feira.\u00a0A Fenasucro &amp; Agrocana acontece no Centro de Eventos Zanini, que fica na Marginal Jo\u00e3o Ol\u00e9zio Marques, 3.563, na Ch\u00e1cara Recreio Planalto, em Sert\u00e3ozinho.<\/p>\n<hr class=\"wp-block-separator has-alpha-channel-opacity\"\/>\n<p>SAIBA MAIS<\/p>\n<p>Inscri\u00e7\u00f5es para concurso de escrevente do TJ-SP est\u00e3o abertas<\/p>\n<h2 class=\"wp-block-heading\"><strong>FIQUE ON<\/strong><\/h2>\n<p>Quer ficar por dentro de tudo que acontece em Ribeir\u00e3o Preto e regi\u00e3o? Ent\u00e3o siga os perfis do\u202facidade on\u202fno\u202f<a href=\"https:\/\/www.instagram.com\/acidadeonribeirao\" target=\"_blank\" rel=\"noreferrer noopener\">Instagram<\/a>\u202fe no\u202f<a href=\"https:\/\/www.facebook.com\/acidadeonribeirao\/\" target=\"_blank\" rel=\"noreferrer noopener\">Facebook<\/a>.<\/p>\n<p>Al\u00e9m disso, voc\u00ea pode receber as principais not\u00edcias diretamente no WhatsApp. Para isso, basta\u00a0<a href=\"https:\/\/chat.whatsapp.com\/BjKQZ9oJwlz8VVT50NuePq\" target=\"_blank\" rel=\"noreferrer noopener\">entrar no grupo clicando aqui<\/a>.<\/p>\n<p>Por fim, se quiser fazer uma den\u00fancia ou sugerir uma reportagem sobre Ribeir\u00e3o Preto e regi\u00e3o, envie uma mensagem pelo WhatsApp: (16) 99117-7802.<\/p>\n<p>VEJA TAMB\u00c9M<\/p>\n<p>\u2018Corra que a pol\u00edcia vem a\u00ed!\u2019: onde ver a trilogia original?<\/p>\n<p><!-- AI CONTENT END 1 -->\n<\/div>\n<p><script async src=\"\/\/www.instagram.com\/embed.js\"><\/script><br \/>\n<br \/><br \/>\n<br \/><a href=\"https:\/\/www.acidadeon.com\/ribeiraopreto\/cotidiano\/mapeamento-sobre-industria-sucroenergetica-sera-lancado-na-fenasucro\/\">Source link <\/a><\/p>\n<!-- CONTENT END 1 -->\n","protected":false},"excerpt":{"rendered":"<p>O CEISE Br lan\u00e7a nesta quinta-feira (14), durante a Fenasucro &amp; Agrocana 2025, o Mapeamento da Cadeia Produtiva de Equipamentos para Fabrica\u00e7\u00e3o de Biocombust\u00edveis e&#8230;<\/p>\n","protected":false},"author":1,"featured_media":74468,"comment_status":"open","ping_status":"open","sticky":false,"template":"","format":"standard","meta":{"advanced_seo_description":"","jetpack_seo_html_title":"","jetpack_seo_noindex":false,"jetpack_post_was_ever_published":false,"_jetpack_newsletter_access":"","_jetpack_dont_email_post_to_subs":false,"_jetpack_newsletter_tier_id":0,"_jetpack_memberships_contains_paywalled_content":false,"_jetpack_memberships_contains_paid_content":false,"footnotes":"","jetpack_publicize_message":"","jetpack_publicize_feature_enabled":true,"jetpack_social_post_already_shared":true,"jetpack_social_options":{"image_generator_settings":{"template":"highway","default_image_id":0,"font":"","enabled":false},"version":2}},"categories":[11],"tags":[],"class_list":["post-75671","post","type-post","status-publish","format-standard","has-post-thumbnail","hentry","category-noticias-de-ribeirao-preto-sp-e-regiao-ismael-colosi"],"jetpack_publicize_connections":[],"jetpack_featured_media_url":"https:\/\/i0.wp.com\/noticiasribeiraopreto.com.br\/wp-content\/uploads\/2025\/07\/fenasucro-sertaozinho_2025-07-23_14-52-05.webp.webp?fit=1200%2C799&ssl=1","jetpack-related-posts":[{"id":75612,"url":"https:\/\/noticiasribeiraopreto.com.br\/index.php\/2025\/08\/12\/comeca-fenasucro-veja-como-participar\/","url_meta":{"origin":75671,"position":0},"title":"Come\u00e7a Fenasucro &#038; Agrocana em Sert\u00e3ozinho; Veja como participar","author":"noticiasribeiraopreto.com.br","date":"12 de August de 2025","format":false,"excerpt":"Come\u00e7a nesta ter\u00e7a-feira (12) e segue at\u00e9 15 de agosto a Fenasucro & Agrocana, em Sert\u00e3ozinho, na regi\u00e3o de Ribeir\u00e3o Preto. Para participar, o credenciamento \u00e9 gratuito e pode ser feito pelo site oficial do evento (clique aqui). Tamb\u00e9m pela internet, podem ser adquiridos os ingressos para a programa\u00e7\u00e3o de\u2026","rel":"","context":"In &quot;Not\u00edcias de Ribeir\u00e3o Preto-SP e Regi\u00e3o&quot;","block_context":{"text":"Not\u00edcias de Ribeir\u00e3o Preto-SP e Regi\u00e3o","link":"https:\/\/noticiasribeiraopreto.com.br\/index.php\/category\/noticias-de-ribeirao-preto-sp-e-regiao-ismael-colosi\/"},"img":{"alt_text":"","src":"https:\/\/i0.wp.com\/noticiasribeiraopreto.com.br\/wp-content\/uploads\/2025\/08\/fenasucro-2_2025-08-12_12-43-02.webp.webp?fit=1200%2C800&ssl=1&resize=350%2C200","width":350,"height":200,"srcset":"https:\/\/i0.wp.com\/noticiasribeiraopreto.com.br\/wp-content\/uploads\/2025\/08\/fenasucro-2_2025-08-12_12-43-02.webp.webp?fit=1200%2C800&ssl=1&resize=350%2C200 1x, https:\/\/i0.wp.com\/noticiasribeiraopreto.com.br\/wp-content\/uploads\/2025\/08\/fenasucro-2_2025-08-12_12-43-02.webp.webp?fit=1200%2C800&ssl=1&resize=525%2C300 1.5x, https:\/\/i0.wp.com\/noticiasribeiraopreto.com.br\/wp-content\/uploads\/2025\/08\/fenasucro-2_2025-08-12_12-43-02.webp.webp?fit=1200%2C800&ssl=1&resize=700%2C400 2x, https:\/\/i0.wp.com\/noticiasribeiraopreto.com.br\/wp-content\/uploads\/2025\/08\/fenasucro-2_2025-08-12_12-43-02.webp.webp?fit=1200%2C800&ssl=1&resize=1050%2C600 3x"},"classes":[]},{"id":75750,"url":"https:\/\/noticiasribeiraopreto.com.br\/index.php\/2025\/08\/14\/setor-da-bioenergia-reune-18-mil-empresas-na-regiao-e-fatura-mais-de-r-37-bilhoes\/","url_meta":{"origin":75671,"position":1},"title":"Setor da bioenergia re\u00fane 18 mil empresas na regi\u00e3o e fatura mais de R$ 37 bilh\u00f5es","author":"noticiasribeiraopreto.com.br","date":"14 de August de 2025","format":false,"excerpt":"O mapeamento da Cadeia Produtiva de Equipamentos para Fabrica\u00e7\u00e3o de Biocombust\u00edveis e Bioenergias apontou que existem 18,6 mil empresas do ramo em 16 munic\u00edpios no entorno de Sert\u00e3ozinho, na regi\u00e3o de Ribeir\u00e3o Preto. Ao todo, essas empresas faturam mais de R$ 37,1 bilh\u00f5es em 2024. O levantamento realizado pela Markestrat\u2026","rel":"","context":"In &quot;Not\u00edcias de Ribeir\u00e3o Preto-SP e Regi\u00e3o&quot;","block_context":{"text":"Not\u00edcias de Ribeir\u00e3o Preto-SP e Regi\u00e3o","link":"https:\/\/noticiasribeiraopreto.com.br\/index.php\/category\/noticias-de-ribeirao-preto-sp-e-regiao-ismael-colosi\/"},"img":{"alt_text":"","src":"https:\/\/i0.wp.com\/noticiasribeiraopreto.com.br\/wp-content\/uploads\/2025\/08\/mapapeamento-bioenergia_2025-08-14_19-21-11.webp.webp?fit=1000%2C667&ssl=1&resize=350%2C200","width":350,"height":200,"srcset":"https:\/\/i0.wp.com\/noticiasribeiraopreto.com.br\/wp-content\/uploads\/2025\/08\/mapapeamento-bioenergia_2025-08-14_19-21-11.webp.webp?fit=1000%2C667&ssl=1&resize=350%2C200 1x, https:\/\/i0.wp.com\/noticiasribeiraopreto.com.br\/wp-content\/uploads\/2025\/08\/mapapeamento-bioenergia_2025-08-14_19-21-11.webp.webp?fit=1000%2C667&ssl=1&resize=525%2C300 1.5x, https:\/\/i0.wp.com\/noticiasribeiraopreto.com.br\/wp-content\/uploads\/2025\/08\/mapapeamento-bioenergia_2025-08-14_19-21-11.webp.webp?fit=1000%2C667&ssl=1&resize=700%2C400 2x"},"classes":[]},{"id":56329,"url":"https:\/\/noticiasribeiraopreto.com.br\/index.php\/2024\/08\/12\/bioenergia-fenasucro-comeca-nesta-terca-feira-em-sertaozinho\/","url_meta":{"origin":75671,"position":2},"title":"Bioenergia: Fenasucro come\u00e7a nesta ter\u00e7a-feira em Sert\u00e3ozinho","author":"noticiasribeiraopreto.com.br","date":"12 de August de 2024","format":false,"excerpt":"Com discuss\u00f5es sobre transi\u00e7\u00e3o energ\u00e9tica, mobilidade de baixo carbono, pol\u00edticas sustent\u00e1veis e tend\u00eancias do setor bioenerg\u00e9tico, come\u00e7a nesta ter\u00e7a-feira (13), a 30\u00aa Fenasucro & Agrocana, em Sert\u00e3ozinho, na regi\u00e3o de Ribeir\u00e3o Preto. A Feira Mundial da Bioenergia acontece entre os dias 13 e 16 de agosto, no Centro de Eventos\u2026","rel":"","context":"In &quot;Not\u00edcias de Ribeir\u00e3o Preto-SP e Regi\u00e3o&quot;","block_context":{"text":"Not\u00edcias de Ribeir\u00e3o Preto-SP e Regi\u00e3o","link":"https:\/\/noticiasribeiraopreto.com.br\/index.php\/category\/noticias-de-ribeirao-preto-sp-e-regiao-ismael-colosi\/"},"img":{"alt_text":"","src":"https:\/\/i0.wp.com\/noticiasribeiraopreto.com.br\/wp-content\/uploads\/2024\/08\/WhatsApp-Image-2024-08-12-at-15.38.03_2024-08-12_20-50-35_jpeg_2024-08-12_20-50-35.webp.webp?fit=800%2C533&ssl=1&resize=350%2C200","width":350,"height":200,"srcset":"https:\/\/i0.wp.com\/noticiasribeiraopreto.com.br\/wp-content\/uploads\/2024\/08\/WhatsApp-Image-2024-08-12-at-15.38.03_2024-08-12_20-50-35_jpeg_2024-08-12_20-50-35.webp.webp?fit=800%2C533&ssl=1&resize=350%2C200 1x, https:\/\/i0.wp.com\/noticiasribeiraopreto.com.br\/wp-content\/uploads\/2024\/08\/WhatsApp-Image-2024-08-12-at-15.38.03_2024-08-12_20-50-35_jpeg_2024-08-12_20-50-35.webp.webp?fit=800%2C533&ssl=1&resize=525%2C300 1.5x, https:\/\/i0.wp.com\/noticiasribeiraopreto.com.br\/wp-content\/uploads\/2024\/08\/WhatsApp-Image-2024-08-12-at-15.38.03_2024-08-12_20-50-35_jpeg_2024-08-12_20-50-35.webp.webp?fit=800%2C533&ssl=1&resize=700%2C400 2x"},"classes":[]},{"id":74565,"url":"https:\/\/noticiasribeiraopreto.com.br\/index.php\/2025\/07\/24\/feira-deve-gerar-18-mil-empregos\/","url_meta":{"origin":75671,"position":3},"title":"Feira deve gerar 18 mil empregos","author":"noticiasribeiraopreto.com.br","date":"24 de July de 2025","format":false,"excerpt":"A 31\u00aa edi\u00e7\u00e3o da Fenasucro & Agrocana , maior feira mundial dedicada exclusivamente \u00e0 cadeia de bioenergia, ser\u00e1 realizada de 12 a 15 de agosto, em Sert\u00e3ozinho, na Regi\u00e3o Metropolitana de Ribeir\u00e3o Preto, com expectativa de superar os R$ 10,7 bilh\u00f5es em neg\u00f3cios gerados na edi\u00e7\u00e3o anterior. Com mais de\u2026","rel":"","context":"In &quot;Not\u00edcias de Ribeir\u00e3o Preto-SP e Regi\u00e3o&quot;","block_context":{"text":"Not\u00edcias de Ribeir\u00e3o Preto-SP e Regi\u00e3o","link":"https:\/\/noticiasribeiraopreto.com.br\/index.php\/category\/noticias-de-ribeirao-preto-sp-e-regiao-ismael-colosi\/"},"img":{"alt_text":"","src":"https:\/\/i0.wp.com\/noticiasribeiraopreto.com.br\/wp-content\/uploads\/2025\/07\/Fenasucro-Divulgacao.jpg?fit=1200%2C800&ssl=1&resize=350%2C200","width":350,"height":200,"srcset":"https:\/\/i0.wp.com\/noticiasribeiraopreto.com.br\/wp-content\/uploads\/2025\/07\/Fenasucro-Divulgacao.jpg?fit=1200%2C800&ssl=1&resize=350%2C200 1x, https:\/\/i0.wp.com\/noticiasribeiraopreto.com.br\/wp-content\/uploads\/2025\/07\/Fenasucro-Divulgacao.jpg?fit=1200%2C800&ssl=1&resize=525%2C300 1.5x, https:\/\/i0.wp.com\/noticiasribeiraopreto.com.br\/wp-content\/uploads\/2025\/07\/Fenasucro-Divulgacao.jpg?fit=1200%2C800&ssl=1&resize=700%2C400 2x, https:\/\/i0.wp.com\/noticiasribeiraopreto.com.br\/wp-content\/uploads\/2025\/07\/Fenasucro-Divulgacao.jpg?fit=1200%2C800&ssl=1&resize=1050%2C600 3x"},"classes":[]},{"id":75303,"url":"https:\/\/noticiasribeiraopreto.com.br\/index.php\/2025\/08\/06\/fenasucro-agrocana-5-motivos-para-nao-perder-a-maior-feira-mundial-de-bioenergia\/","url_meta":{"origin":75671,"position":4},"title":"Fenasucro &#038; Agrocana: 5 motivos para n\u00e3o perder a maior feira mundial de bioenergia","author":"noticiasribeiraopreto.com.br","date":"6 de August de 2025","format":false,"excerpt":"Imagine um evento que re\u00fane inova\u00e7\u00e3o, neg\u00f3cios, conte\u00fado de peso e os principais nomes da cadeia de bioenergia em um s\u00f3 lugar. De 12 a 15 de agosto, Sert\u00e3ozinho se torna o centro das aten\u00e7\u00f5es do setor com a 31\u00aa edi\u00e7\u00e3o da\u00a0Fenasucro\u00a0& Agrocana \u2013 feira que movimentou mais de R$\u2026","rel":"","context":"In &quot;Not\u00edcias de Ribeir\u00e3o Preto-SP e Regi\u00e3o&quot;","block_context":{"text":"Not\u00edcias de Ribeir\u00e3o Preto-SP e Regi\u00e3o","link":"https:\/\/noticiasribeiraopreto.com.br\/index.php\/category\/noticias-de-ribeirao-preto-sp-e-regiao-ismael-colosi\/"},"img":{"alt_text":"","src":"https:\/\/i0.wp.com\/noticiasribeiraopreto.com.br\/wp-content\/uploads\/2025\/08\/Copia-de-Copia-de-Copia-de-TAMANHO-EXATO-PARA-FOTOS-NO-SISTEMA-NOVO-2025-08-06T182152.952_2025-08-06_21-22-09.webp.webp?fit=1200%2C675&ssl=1&resize=350%2C200","width":350,"height":200,"srcset":"https:\/\/i0.wp.com\/noticiasribeiraopreto.com.br\/wp-content\/uploads\/2025\/08\/Copia-de-Copia-de-Copia-de-TAMANHO-EXATO-PARA-FOTOS-NO-SISTEMA-NOVO-2025-08-06T182152.952_2025-08-06_21-22-09.webp.webp?fit=1200%2C675&ssl=1&resize=350%2C200 1x, https:\/\/i0.wp.com\/noticiasribeiraopreto.com.br\/wp-content\/uploads\/2025\/08\/Copia-de-Copia-de-Copia-de-TAMANHO-EXATO-PARA-FOTOS-NO-SISTEMA-NOVO-2025-08-06T182152.952_2025-08-06_21-22-09.webp.webp?fit=1200%2C675&ssl=1&resize=525%2C300 1.5x, https:\/\/i0.wp.com\/noticiasribeiraopreto.com.br\/wp-content\/uploads\/2025\/08\/Copia-de-Copia-de-Copia-de-TAMANHO-EXATO-PARA-FOTOS-NO-SISTEMA-NOVO-2025-08-06T182152.952_2025-08-06_21-22-09.webp.webp?fit=1200%2C675&ssl=1&resize=700%2C400 2x, https:\/\/i0.wp.com\/noticiasribeiraopreto.com.br\/wp-content\/uploads\/2025\/08\/Copia-de-Copia-de-Copia-de-TAMANHO-EXATO-PARA-FOTOS-NO-SISTEMA-NOVO-2025-08-06T182152.952_2025-08-06_21-22-09.webp.webp?fit=1200%2C675&ssl=1&resize=1050%2C600 3x"},"classes":[]},{"id":83829,"url":"https:\/\/noticiasribeiraopreto.com.br\/index.php\/2026\/03\/26\/fenasucro-2026-anuncia-hugo-cagno-filho-como-presidente-de-honra\/","url_meta":{"origin":75671,"position":5},"title":"Fenasucro 2026 anuncia Hugo Cagno Filho como presidente de honra","author":"noticiasribeiraopreto.com.br","date":"26 de March de 2026","format":false,"excerpt":"O engenheiro agr\u00f4nomo Hugo Cagno Filho tomou posse na quarta-feira (25) como Presidente de Honra da 32\u00aa edi\u00e7\u00e3o da Fenasucro e Agrocana. A feira vai acontecer entre 11 e 14 de agosto de 2026, em Sert\u00e3ozinho. Nomea\u00e7\u00e3o e trajet\u00f3ria no setor bioenerg\u00e9tico Paulo Montabone, diretor da Fenasucro e Agrocana, afirmou\u2026","rel":"","context":"In &quot;Not\u00edcias de Ribeir\u00e3o Preto-SP e Regi\u00e3o&quot;","block_context":{"text":"Not\u00edcias de Ribeir\u00e3o Preto-SP e Regi\u00e3o","link":"https:\/\/noticiasribeiraopreto.com.br\/index.php\/category\/noticias-de-ribeirao-preto-sp-e-regiao-ismael-colosi\/"},"img":{"alt_text":"","src":"https:\/\/i0.wp.com\/noticiasribeiraopreto.com.br\/wp-content\/uploads\/2026\/03\/palace-91_2026-03-26_20-23-09.webp.webp?fit=1200%2C675&ssl=1&resize=350%2C200","width":350,"height":200,"srcset":"https:\/\/i0.wp.com\/noticiasribeiraopreto.com.br\/wp-content\/uploads\/2026\/03\/palace-91_2026-03-26_20-23-09.webp.webp?fit=1200%2C675&ssl=1&resize=350%2C200 1x, https:\/\/i0.wp.com\/noticiasribeiraopreto.com.br\/wp-content\/uploads\/2026\/03\/palace-91_2026-03-26_20-23-09.webp.webp?fit=1200%2C675&ssl=1&resize=525%2C300 1.5x, https:\/\/i0.wp.com\/noticiasribeiraopreto.com.br\/wp-content\/uploads\/2026\/03\/palace-91_2026-03-26_20-23-09.webp.webp?fit=1200%2C675&ssl=1&resize=700%2C400 2x, https:\/\/i0.wp.com\/noticiasribeiraopreto.com.br\/wp-content\/uploads\/2026\/03\/palace-91_2026-03-26_20-23-09.webp.webp?fit=1200%2C675&ssl=1&resize=1050%2C600 3x"},"classes":[]}],"jetpack_sharing_enabled":true,"jetpack_shortlink":"https:\/\/wp.me\/peQAOb-jGv","_links":{"self":[{"href":"https:\/\/noticiasribeiraopreto.com.br\/index.php\/wp-json\/wp\/v2\/posts\/75671","targetHints":{"allow":["GET"]}}],"collection":[{"href":"https:\/\/noticiasribeiraopreto.com.br\/index.php\/wp-json\/wp\/v2\/posts"}],"about":[{"href":"https:\/\/noticiasribeiraopreto.com.br\/index.php\/wp-json\/wp\/v2\/types\/post"}],"author":[{"embeddable":true,"href":"https:\/\/noticiasribeiraopreto.com.br\/index.php\/wp-json\/wp\/v2\/users\/1"}],"replies":[{"embeddable":true,"href":"https:\/\/noticiasribeiraopreto.com.br\/index.php\/wp-json\/wp\/v2\/comments?post=75671"}],"version-history":[{"count":0,"href":"https:\/\/noticiasribeiraopreto.com.br\/index.php\/wp-json\/wp\/v2\/posts\/75671\/revisions"}],"wp:featuredmedia":[{"embeddable":true,"href":"https:\/\/noticiasribeiraopreto.com.br\/index.php\/wp-json\/wp\/v2\/media\/74468"}],"wp:attachment":[{"href":"https:\/\/noticiasribeiraopreto.com.br\/index.php\/wp-json\/wp\/v2\/media?parent=75671"}],"wp:term":[{"taxonomy":"category","embeddable":true,"href":"https:\/\/noticiasribeiraopreto.com.br\/index.php\/wp-json\/wp\/v2\/categories?post=75671"},{"taxonomy":"post_tag","embeddable":true,"href":"https:\/\/noticiasribeiraopreto.com.br\/index.php\/wp-json\/wp\/v2\/tags?post=75671"}],"curies":[{"name":"wp","href":"https:\/\/api.w.org\/{rel}","templated":true}]}}