{"id":75672,"date":"2025-08-13T16:13:07","date_gmt":"2025-08-13T19:13:07","guid":{"rendered":"https:\/\/noticiasribeiraopreto.com.br\/index.php\/2025\/08\/13\/grupo-de-escoteiros-de-ribeirao-preto-oferece-atividade-experimental-gratuita-veja-como-participar\/"},"modified":"2025-08-13T16:13:07","modified_gmt":"2025-08-13T19:13:07","slug":"grupo-de-escoteiros-de-ribeirao-preto-oferece-atividade-experimental-gratuita-veja-como-participar","status":"publish","type":"post","link":"https:\/\/noticiasribeiraopreto.com.br\/index.php\/2025\/08\/13\/grupo-de-escoteiros-de-ribeirao-preto-oferece-atividade-experimental-gratuita-veja-como-participar\/","title":{"rendered":"Grupo de escoteiros de Ribeir\u00e3o Preto oferece atividade experimental gratuita; veja como participar"},"content":{"rendered":"<div class='code-block code-block-1' style='margin: 8px 0 8px auto; text-align: right; display: block; clear: both;'>\n<p><a href=\"https:\/\/wa.link\/vpicfd\"><img data-recalc-dims=\"1\" class=\"wp-image-4922\" style=\"aspect-ratio: 2.0253164556962027; width: 561px; height: auto;\" src=\"https:\/\/i0.wp.com\/ismaelcolosi.com.br\/wp-content\/uploads\/2023\/11\/grupo-de-empregos-whatsapp-e-facebook-ismael-colosi-vagas.jpg?ssl=1\" alt=\"\" \/><\/a><\/p>\n<!-- \/wp:image -->\n<\/div>\n<p> <br \/>\n<\/p>\n<div data-td-block-uid=\"tdi_95\">\n<div class=\"tdb-block-inner td-fix-index\">\n<p>O <strong>176\u00b0 Grupo Escoteiro Baob\u00e1<\/strong> oferece uma atividade experimental gratuita neste <strong>s\u00e1bado (16)<\/strong>, das <strong>8h45 <\/strong>\u00e0s <strong>12h<\/strong>, na <strong>avenida Mogiana, 2327<\/strong>, na zona Norte de Ribeir\u00e3o Preto \u2013 veja como participar abaixo. A atividade inclui contato com a natureza, trabalho em equipe e desenvolvimento pessoal.<\/p>\n<p>Podem participar pessoas com idades entre <strong>6 e 21 anos<\/strong>. O <strong>Grupo Escoteiro Baob\u00e1<\/strong> oferece atividades adaptadas a cada fase:<\/p>\n<ul class=\"wp-block-list\">\n<li><strong>Lobinho:<\/strong> 6 anos e meio a 11 anos<\/li>\n<li><strong>Escoteiro: <\/strong>11 a 15 anos<\/li>\n<li><strong>S\u00eanior:<\/strong> 15 a 18 anos<\/li>\n<li><strong>Pioneiro:<\/strong> 18 a 21 anos<\/li>\n<\/ul>\n<p>Os interessados podem se inscrever pelo WhatsApp: <strong>(16) 99991-3271<\/strong>.<\/p>\n<p>Tamb\u00e9m \u00e9 necess\u00e1rio comparecer acompanhado de um respons\u00e1vel, que dever\u00e1 permanecer no local durante a atividade. Al\u00e9m de usar cal\u00e7ado fechado, cal\u00e7a de algod\u00e3o e camiseta de manga curta. <\/p>\n<p>SAIBA MAIS<br \/>Inscri\u00e7\u00f5es para concurso de escrevente do TJ-SP est\u00e3o abertas<\/p>\n<h3 class=\"wp-block-heading\"><strong>FIQUE ON\u00a0\u00a0\u00a0\u00a0\u00a0\u00a0\u00a0\u00a0\u00a0<\/strong><\/h3>\n<p>Quer ficar por dentro de tudo que acontece em Ribeir\u00e3o Preto e regi\u00e3o? Ent\u00e3o siga os perfis do\u202facidade on\u202fno\u202f<a href=\"https:\/\/www.instagram.com\/acidadeonribeirao\" target=\"_blank\" rel=\"noreferrer noopener\">Instagram<\/a>\u202fe no\u202f<a href=\"https:\/\/www.facebook.com\/acidadeonribeirao\/\" target=\"_blank\" rel=\"noreferrer noopener\">Facebook<\/a>.<\/p>\n<p>Al\u00e9m disso, voc\u00ea pode receber as principais not\u00edcias diretamente no WhatsApp. Para isso, basta\u00a0<a href=\"https:\/\/chat.whatsapp.com\/BjKQZ9oJwlz8VVT50NuePq\" target=\"_blank\" rel=\"noreferrer noopener\">entrar no grupo clicando aqui<\/a>.<\/p>\n<p>Por fim, se quiser fazer uma den\u00fancia ou sugerir uma reportagem sobre Ribeir\u00e3o Preto e regi\u00e3o, envie uma mensagem pelo WhatsApp: (16) 99117-7802.<\/p>\n<p>VEJA TAMB\u00c9M<br \/>O que dizem as den\u00fancias dos vizinhos de Hytalo Santos?<\/p>\n<p><!-- AI CONTENT END 1 -->\n<\/div>\n<\/div>\n<p><script async src=\"\/\/www.instagram.com\/embed.js\"><\/script><br \/>\n<br \/><br \/>\n<br \/><a href=\"https:\/\/www.acidadeon.com\/ribeiraopreto\/cotidiano\/grupo-de-escoteiros-de-ribeirao-preto-oferece-atividade-experimental-gratuita-veja-como-participar\/\">Source link <\/a><\/p>\n<!-- CONTENT END 1 -->\n","protected":false},"excerpt":{"rendered":"<p>O 176\u00b0 Grupo Escoteiro Baob\u00e1 oferece uma atividade experimental gratuita neste s\u00e1bado (16), das 8h45 \u00e0s 12h, na avenida Mogiana, 2327, na zona Norte de&#8230;<\/p>\n","protected":false},"author":1,"featured_media":75673,"comment_status":"open","ping_status":"open","sticky":false,"template":"","format":"standard","meta":{"advanced_seo_description":"","jetpack_seo_html_title":"","jetpack_seo_noindex":false,"jetpack_post_was_ever_published":false,"_jetpack_newsletter_access":"","_jetpack_dont_email_post_to_subs":false,"_jetpack_newsletter_tier_id":0,"_jetpack_memberships_contains_paywalled_content":false,"_jetpack_memberships_contains_paid_content":false,"footnotes":"","jetpack_publicize_message":"","jetpack_publicize_feature_enabled":true,"jetpack_social_post_already_shared":true,"jetpack_social_options":{"image_generator_settings":{"template":"highway","default_image_id":0,"font":"","enabled":false},"version":2}},"categories":[11],"tags":[],"class_list":["post-75672","post","type-post","status-publish","format-standard","has-post-thumbnail","hentry","category-noticias-de-ribeirao-preto-sp-e-regiao-ismael-colosi"],"jetpack_publicize_connections":[],"jetpack_featured_media_url":"https:\/\/i0.wp.com\/noticiasribeiraopreto.com.br\/wp-content\/uploads\/2025\/08\/escoteiros_2025-08-13_15-36-57.webp.webp?fit=1200%2C675&ssl=1","jetpack-related-posts":[{"id":73142,"url":"https:\/\/noticiasribeiraopreto.com.br\/index.php\/2025\/06\/25\/programa-oferece-atividades-gratuitas-para-idosos-em-ribeirao-preto-veja-como-participar\/","url_meta":{"origin":75672,"position":0},"title":"Programa oferece atividades gratuitas para idosos em Ribeir\u00e3o Preto; veja como participar","author":"noticiasribeiraopreto.com.br","date":"25 de June de 2025","format":false,"excerpt":"Idosos com 60 anos ou mais j\u00e1 podem se inscrever no programa \u201cBem-Viver \u2013 Envelhecer com sa\u00fade, viver com alegria\u201d, que oferece atividades semanais voltadas ao bem-estar, \u00e0 pr\u00e1tica esportiva, \u00e0 sa\u00fade mental e \u00e0 integra\u00e7\u00e3o social. A iniciativa \u00e9 destinada a aposentados, pensionistas do munic\u00edpio e credenciados ao Sassom.\u2026","rel":"","context":"In &quot;Not\u00edcias de Ribeir\u00e3o Preto-SP e Regi\u00e3o&quot;","block_context":{"text":"Not\u00edcias de Ribeir\u00e3o Preto-SP e Regi\u00e3o","link":"https:\/\/noticiasribeiraopreto.com.br\/index.php\/category\/noticias-de-ribeirao-preto-sp-e-regiao-ismael-colosi\/"},"img":{"alt_text":"","src":"https:\/\/i0.wp.com\/noticiasribeiraopreto.com.br\/wp-content\/uploads\/2025\/06\/Copia-de-Copia-de-Copia-de-TAMANHO-EXATO-PARA-FOTOS-NO-SISTEMA-NOVO-2025-06-25T200734.029_2025-06-25_23-07-51.webp.webp?fit=1200%2C675&ssl=1&resize=350%2C200","width":350,"height":200,"srcset":"https:\/\/i0.wp.com\/noticiasribeiraopreto.com.br\/wp-content\/uploads\/2025\/06\/Copia-de-Copia-de-Copia-de-TAMANHO-EXATO-PARA-FOTOS-NO-SISTEMA-NOVO-2025-06-25T200734.029_2025-06-25_23-07-51.webp.webp?fit=1200%2C675&ssl=1&resize=350%2C200 1x, https:\/\/i0.wp.com\/noticiasribeiraopreto.com.br\/wp-content\/uploads\/2025\/06\/Copia-de-Copia-de-Copia-de-TAMANHO-EXATO-PARA-FOTOS-NO-SISTEMA-NOVO-2025-06-25T200734.029_2025-06-25_23-07-51.webp.webp?fit=1200%2C675&ssl=1&resize=525%2C300 1.5x, https:\/\/i0.wp.com\/noticiasribeiraopreto.com.br\/wp-content\/uploads\/2025\/06\/Copia-de-Copia-de-Copia-de-TAMANHO-EXATO-PARA-FOTOS-NO-SISTEMA-NOVO-2025-06-25T200734.029_2025-06-25_23-07-51.webp.webp?fit=1200%2C675&ssl=1&resize=700%2C400 2x, https:\/\/i0.wp.com\/noticiasribeiraopreto.com.br\/wp-content\/uploads\/2025\/06\/Copia-de-Copia-de-Copia-de-TAMANHO-EXATO-PARA-FOTOS-NO-SISTEMA-NOVO-2025-06-25T200734.029_2025-06-25_23-07-51.webp.webp?fit=1200%2C675&ssl=1&resize=1050%2C600 3x"},"classes":[]},{"id":75683,"url":"https:\/\/noticiasribeiraopreto.com.br\/index.php\/2025\/08\/13\/ifsp-divulga-primeiros-cursos-do-novo-campus-em-ribeirao-preto\/","url_meta":{"origin":75672,"position":1},"title":"IFSP divulga primeiros cursos do novo campus em Ribeir\u00e3o Preto","author":"noticiasribeiraopreto.com.br","date":"13 de August de 2025","format":false,"excerpt":"O IFSP (Instituto Federal de S\u00e3o Paulo) anunciou, nesta ter\u00e7a-feira (12), os primeiros cursos que ser\u00e3o oferecidos na futura unidade de Ribeir\u00e3o Preto, em constru\u00e7\u00e3o no terreno da antiga f\u00e1brica Cian\u00ea, no bairro Campos El\u00edseos, na zona Norte da cidade. A informa\u00e7\u00e3o foi divulgada durante a terceira audi\u00eancia p\u00fablica promovida\u2026","rel":"","context":"In &quot;Not\u00edcias de Ribeir\u00e3o Preto-SP e Regi\u00e3o&quot;","block_context":{"text":"Not\u00edcias de Ribeir\u00e3o Preto-SP e Regi\u00e3o","link":"https:\/\/noticiasribeiraopreto.com.br\/index.php\/category\/noticias-de-ribeirao-preto-sp-e-regiao-ismael-colosi\/"},"img":{"alt_text":"","src":"https:\/\/i0.wp.com\/noticiasribeiraopreto.com.br\/wp-content\/uploads\/2025\/08\/ciane_2025-01-30_16-55-49_jpg_2025-01-30_16-55-49.webp.webp?fit=1200%2C747&ssl=1&resize=350%2C200","width":350,"height":200,"srcset":"https:\/\/i0.wp.com\/noticiasribeiraopreto.com.br\/wp-content\/uploads\/2025\/08\/ciane_2025-01-30_16-55-49_jpg_2025-01-30_16-55-49.webp.webp?fit=1200%2C747&ssl=1&resize=350%2C200 1x, https:\/\/i0.wp.com\/noticiasribeiraopreto.com.br\/wp-content\/uploads\/2025\/08\/ciane_2025-01-30_16-55-49_jpg_2025-01-30_16-55-49.webp.webp?fit=1200%2C747&ssl=1&resize=525%2C300 1.5x, https:\/\/i0.wp.com\/noticiasribeiraopreto.com.br\/wp-content\/uploads\/2025\/08\/ciane_2025-01-30_16-55-49_jpg_2025-01-30_16-55-49.webp.webp?fit=1200%2C747&ssl=1&resize=700%2C400 2x, https:\/\/i0.wp.com\/noticiasribeiraopreto.com.br\/wp-content\/uploads\/2025\/08\/ciane_2025-01-30_16-55-49_jpg_2025-01-30_16-55-49.webp.webp?fit=1200%2C747&ssl=1&resize=1050%2C600 3x"},"classes":[]},{"id":76577,"url":"https:\/\/noticiasribeiraopreto.com.br\/index.php\/2025\/09\/01\/ribeirao-preto-celebra-7-de-setembro-com-desfile-civico-e-mais-de-40-grupos-participantes\/","url_meta":{"origin":75672,"position":2},"title":"Ribeir\u00e3o Preto celebra 7 de Setembro com desfile c\u00edvico e mais de 40 grupos participantes","author":"noticiasribeiraopreto.com.br","date":"1 de September de 2025","format":false,"excerpt":"O tradicional desfile c\u00edvico de 7 de setembro, em Ribeir\u00e3o Preto, acontece no domingo (7) a partir das 8h, na avenida Cavalheiro Paschoal Inecchi, no Jardim Independ\u00eancia, zona Norte da cidade. O evento celebra os 203 anos da Independ\u00eancia do Brasil e deve reunir cerca de 2 mil participantes, al\u00e9m\u2026","rel":"","context":"In &quot;Not\u00edcias de Ribeir\u00e3o Preto-SP e Regi\u00e3o&quot;","block_context":{"text":"Not\u00edcias de Ribeir\u00e3o Preto-SP e Regi\u00e3o","link":"https:\/\/noticiasribeiraopreto.com.br\/index.php\/category\/noticias-de-ribeirao-preto-sp-e-regiao-ismael-colosi\/"},"img":{"alt_text":"","src":"https:\/\/i0.wp.com\/noticiasribeiraopreto.com.br\/wp-content\/uploads\/2025\/09\/7_de_setembro_fernando_gonzaga_3.jpeg?fit=1200%2C800&ssl=1&resize=350%2C200","width":350,"height":200,"srcset":"https:\/\/i0.wp.com\/noticiasribeiraopreto.com.br\/wp-content\/uploads\/2025\/09\/7_de_setembro_fernando_gonzaga_3.jpeg?fit=1200%2C800&ssl=1&resize=350%2C200 1x, https:\/\/i0.wp.com\/noticiasribeiraopreto.com.br\/wp-content\/uploads\/2025\/09\/7_de_setembro_fernando_gonzaga_3.jpeg?fit=1200%2C800&ssl=1&resize=525%2C300 1.5x, https:\/\/i0.wp.com\/noticiasribeiraopreto.com.br\/wp-content\/uploads\/2025\/09\/7_de_setembro_fernando_gonzaga_3.jpeg?fit=1200%2C800&ssl=1&resize=700%2C400 2x, https:\/\/i0.wp.com\/noticiasribeiraopreto.com.br\/wp-content\/uploads\/2025\/09\/7_de_setembro_fernando_gonzaga_3.jpeg?fit=1200%2C800&ssl=1&resize=1050%2C600 3x"},"classes":[]},{"id":66706,"url":"https:\/\/noticiasribeiraopreto.com.br\/index.php\/2025\/04\/04\/shoppings-de-ribeirao-tem-programacao-gratuita-de-pascoa-veja-como-participar\/","url_meta":{"origin":75672,"position":3},"title":"Shoppings de Ribeir\u00e3o t\u00eam programa\u00e7\u00e3o gratuita de P\u00e1scoa; Veja como participar","author":"noticiasribeiraopreto.com.br","date":"4 de April de 2025","format":false,"excerpt":"Os shoppings de Ribeir\u00e3o Preto est\u00e3o se preparando para celebrar a P\u00e1scoa, que acontece no dia 20 de abril neste ano. Na programa\u00e7\u00e3o est\u00e3o oficinas especiais, pintura facial tem\u00e1tica, visita do \u2018Coelhinho da P\u00e1scoa\u2019, personaliza\u00e7\u00e3o de biscoitos amanteigados e parada especial de P\u00e1scoa. Confira: Ribeir\u00e3o Shopping At\u00e9 o dia 20\u2026","rel":"","context":"In &quot;Not\u00edcias de Ribeir\u00e3o Preto-SP e Regi\u00e3o&quot;","block_context":{"text":"Not\u00edcias de Ribeir\u00e3o Preto-SP e Regi\u00e3o","link":"https:\/\/noticiasribeiraopreto.com.br\/index.php\/category\/noticias-de-ribeirao-preto-sp-e-regiao-ismael-colosi\/"},"img":{"alt_text":"","src":"https:\/\/i0.wp.com\/noticiasribeiraopreto.com.br\/wp-content\/uploads\/2025\/04\/Copia-de-Copia-de-Copia-de-TAMANHO-EXATO-PARA-FOTOS-NO-SISTEMA-NOVO-2025-04-04T132036.531_2025-04-04_16-20-39_png_2025-04-04_16-20-39.webp.webp?fit=1200%2C675&ssl=1&resize=350%2C200","width":350,"height":200,"srcset":"https:\/\/i0.wp.com\/noticiasribeiraopreto.com.br\/wp-content\/uploads\/2025\/04\/Copia-de-Copia-de-Copia-de-TAMANHO-EXATO-PARA-FOTOS-NO-SISTEMA-NOVO-2025-04-04T132036.531_2025-04-04_16-20-39_png_2025-04-04_16-20-39.webp.webp?fit=1200%2C675&ssl=1&resize=350%2C200 1x, https:\/\/i0.wp.com\/noticiasribeiraopreto.com.br\/wp-content\/uploads\/2025\/04\/Copia-de-Copia-de-Copia-de-TAMANHO-EXATO-PARA-FOTOS-NO-SISTEMA-NOVO-2025-04-04T132036.531_2025-04-04_16-20-39_png_2025-04-04_16-20-39.webp.webp?fit=1200%2C675&ssl=1&resize=525%2C300 1.5x, https:\/\/i0.wp.com\/noticiasribeiraopreto.com.br\/wp-content\/uploads\/2025\/04\/Copia-de-Copia-de-Copia-de-TAMANHO-EXATO-PARA-FOTOS-NO-SISTEMA-NOVO-2025-04-04T132036.531_2025-04-04_16-20-39_png_2025-04-04_16-20-39.webp.webp?fit=1200%2C675&ssl=1&resize=700%2C400 2x, https:\/\/i0.wp.com\/noticiasribeiraopreto.com.br\/wp-content\/uploads\/2025\/04\/Copia-de-Copia-de-Copia-de-TAMANHO-EXATO-PARA-FOTOS-NO-SISTEMA-NOVO-2025-04-04T132036.531_2025-04-04_16-20-39_png_2025-04-04_16-20-39.webp.webp?fit=1200%2C675&ssl=1&resize=1050%2C600 3x"},"classes":[]},{"id":70452,"url":"https:\/\/noticiasribeiraopreto.com.br\/index.php\/2025\/05\/26\/ribeirao-preto-oferece-atividades-recreativas-para-criancas-durante-as-ferias-saiba-como-participar\/","url_meta":{"origin":75672,"position":4},"title":"Ribeir\u00e3o Preto oferece atividades recreativas para crian\u00e7as durante as f\u00e9rias; saiba como participar","author":"noticiasribeiraopreto.com.br","date":"26 de May de 2025","format":false,"excerpt":"A Prefeitura de Ribeir\u00e3o Preto abriu nesta segunda-feira (26) as inscri\u00e7\u00f5es para as atividades de f\u00e9rias voltadas \u00e0s crian\u00e7as da Educa\u00e7\u00e3o Infantil (0 a 5 anos). A programa\u00e7\u00e3o acontece durante o recesso escolar de julho, entre os dias 10 e 23. As inscri\u00e7\u00f5es podem ser feitas at\u00e9 o dia 8\u2026","rel":"","context":"In &quot;Not\u00edcias de Ribeir\u00e3o Preto-SP e Regi\u00e3o&quot;","block_context":{"text":"Not\u00edcias de Ribeir\u00e3o Preto-SP e Regi\u00e3o","link":"https:\/\/noticiasribeiraopreto.com.br\/index.php\/category\/noticias-de-ribeirao-preto-sp-e-regiao-ismael-colosi\/"},"img":{"alt_text":"","src":"https:\/\/i0.wp.com\/noticiasribeiraopreto.com.br\/wp-content\/uploads\/2025\/05\/unidadespolo_2.capa__2025-05-26_13-24-19.webp.webp?fit=1000%2C666&ssl=1&resize=350%2C200","width":350,"height":200,"srcset":"https:\/\/i0.wp.com\/noticiasribeiraopreto.com.br\/wp-content\/uploads\/2025\/05\/unidadespolo_2.capa__2025-05-26_13-24-19.webp.webp?fit=1000%2C666&ssl=1&resize=350%2C200 1x, https:\/\/i0.wp.com\/noticiasribeiraopreto.com.br\/wp-content\/uploads\/2025\/05\/unidadespolo_2.capa__2025-05-26_13-24-19.webp.webp?fit=1000%2C666&ssl=1&resize=525%2C300 1.5x, https:\/\/i0.wp.com\/noticiasribeiraopreto.com.br\/wp-content\/uploads\/2025\/05\/unidadespolo_2.capa__2025-05-26_13-24-19.webp.webp?fit=1000%2C666&ssl=1&resize=700%2C400 2x"},"classes":[]},{"id":74483,"url":"https:\/\/noticiasribeiraopreto.com.br\/index.php\/2025\/07\/23\/grupo-oferece-aulas-de-teatro-gratuitas-para-criancas-e-adolescentes-em-ribeirao-preto-veja-como-participar\/","url_meta":{"origin":75672,"position":5},"title":"Grupo oferece aulas de teatro gratuitas para crian\u00e7as e adolescentes em Ribeir\u00e3o Preto; Veja como participar","author":"noticiasribeiraopreto.com.br","date":"23 de July de 2025","format":false,"excerpt":"O Grupo Teatral ApanelA de Ribeir\u00e3o Preto est\u00e1 com inscri\u00e7\u00f5es abertas para a segunda edi\u00e7\u00e3o do projeto Onde Nascem as Hist\u00f3rias, que oferece aulas gratuitas de teatro para crian\u00e7as e adolescentes da zona norte da cidade. O projeto contempla duas turmas: uma para crian\u00e7as a partir de 7 anos, com\u2026","rel":"","context":"In &quot;Not\u00edcias de Ribeir\u00e3o Preto-SP e Regi\u00e3o&quot;","block_context":{"text":"Not\u00edcias de Ribeir\u00e3o Preto-SP e Regi\u00e3o","link":"https:\/\/noticiasribeiraopreto.com.br\/index.php\/category\/noticias-de-ribeirao-preto-sp-e-regiao-ismael-colosi\/"},"img":{"alt_text":"","src":"https:\/\/i0.wp.com\/noticiasribeiraopreto.com.br\/wp-content\/uploads\/2025\/07\/teatro-ribeirao_2025-07-23_17-41-43.webp.webp?fit=1000%2C666&ssl=1&resize=350%2C200","width":350,"height":200,"srcset":"https:\/\/i0.wp.com\/noticiasribeiraopreto.com.br\/wp-content\/uploads\/2025\/07\/teatro-ribeirao_2025-07-23_17-41-43.webp.webp?fit=1000%2C666&ssl=1&resize=350%2C200 1x, https:\/\/i0.wp.com\/noticiasribeiraopreto.com.br\/wp-content\/uploads\/2025\/07\/teatro-ribeirao_2025-07-23_17-41-43.webp.webp?fit=1000%2C666&ssl=1&resize=525%2C300 1.5x, https:\/\/i0.wp.com\/noticiasribeiraopreto.com.br\/wp-content\/uploads\/2025\/07\/teatro-ribeirao_2025-07-23_17-41-43.webp.webp?fit=1000%2C666&ssl=1&resize=700%2C400 2x"},"classes":[]}],"jetpack_sharing_enabled":true,"jetpack_shortlink":"https:\/\/wp.me\/peQAOb-jGw","_links":{"self":[{"href":"https:\/\/noticiasribeiraopreto.com.br\/index.php\/wp-json\/wp\/v2\/posts\/75672","targetHints":{"allow":["GET"]}}],"collection":[{"href":"https:\/\/noticiasribeiraopreto.com.br\/index.php\/wp-json\/wp\/v2\/posts"}],"about":[{"href":"https:\/\/noticiasribeiraopreto.com.br\/index.php\/wp-json\/wp\/v2\/types\/post"}],"author":[{"embeddable":true,"href":"https:\/\/noticiasribeiraopreto.com.br\/index.php\/wp-json\/wp\/v2\/users\/1"}],"replies":[{"embeddable":true,"href":"https:\/\/noticiasribeiraopreto.com.br\/index.php\/wp-json\/wp\/v2\/comments?post=75672"}],"version-history":[{"count":0,"href":"https:\/\/noticiasribeiraopreto.com.br\/index.php\/wp-json\/wp\/v2\/posts\/75672\/revisions"}],"wp:featuredmedia":[{"embeddable":true,"href":"https:\/\/noticiasribeiraopreto.com.br\/index.php\/wp-json\/wp\/v2\/media\/75673"}],"wp:attachment":[{"href":"https:\/\/noticiasribeiraopreto.com.br\/index.php\/wp-json\/wp\/v2\/media?parent=75672"}],"wp:term":[{"taxonomy":"category","embeddable":true,"href":"https:\/\/noticiasribeiraopreto.com.br\/index.php\/wp-json\/wp\/v2\/categories?post=75672"},{"taxonomy":"post_tag","embeddable":true,"href":"https:\/\/noticiasribeiraopreto.com.br\/index.php\/wp-json\/wp\/v2\/tags?post=75672"}],"curies":[{"name":"wp","href":"https:\/\/api.w.org\/{rel}","templated":true}]}}