{"id":75674,"date":"2025-08-13T16:19:23","date_gmt":"2025-08-13T19:19:23","guid":{"rendered":"https:\/\/noticiasribeiraopreto.com.br\/index.php\/2025\/08\/13\/motorista-da-regiao-de-ribeirao-morre-em-acidente-na-rodovia-dos-bandeirantes\/"},"modified":"2025-08-13T16:19:23","modified_gmt":"2025-08-13T19:19:23","slug":"motorista-da-regiao-de-ribeirao-morre-em-acidente-na-rodovia-dos-bandeirantes","status":"publish","type":"post","link":"https:\/\/noticiasribeiraopreto.com.br\/index.php\/2025\/08\/13\/motorista-da-regiao-de-ribeirao-morre-em-acidente-na-rodovia-dos-bandeirantes\/","title":{"rendered":"Motorista da regi\u00e3o de Ribeir\u00e3o morre em acidente na rodovia dos Bandeirantes"},"content":{"rendered":"<div class='code-block code-block-1' style='margin: 8px 0 8px auto; text-align: right; display: block; clear: both;'>\n<p><a href=\"https:\/\/wa.link\/vpicfd\"><img data-recalc-dims=\"1\" class=\"wp-image-4922\" style=\"aspect-ratio: 2.0253164556962027; width: 561px; height: auto;\" src=\"https:\/\/i0.wp.com\/ismaelcolosi.com.br\/wp-content\/uploads\/2023\/11\/grupo-de-empregos-whatsapp-e-facebook-ismael-colosi-vagas.jpg?ssl=1\" alt=\"\" \/><\/a><\/p>\n<!-- \/wp:image -->\n<\/div>\n<p> <br \/>\n<\/p>\n<div data-td-block-uid=\"tdi_95\">\n<div class=\"tdb-block-inner td-fix-index\">\n<p><strong>Um motorista de Franca<\/strong>, na regi\u00e3o de Ribeir\u00e3o Preto, <strong>morreu na manh\u00e3 desta quarta-feira (13) depois de perder o controle do carro e bater na traseira<\/strong> de uma carreta estacionada no acostamento da rodovia dos Bandeirantes (SP-348), em Limeira.<\/p>\n<p>O acidente aconteceu por volta das 6h56, no km 163 da pista sentido Limeira \u2013 Santa B\u00e1rbara d\u2019Oeste. <strong>Al\u00e9m da v\u00edtima fatal<\/strong>, outras quatro pessoas ficaram feridas: tr\u00eas ocupantes do carro e o motorista do caminh\u00e3o.<\/p>\n<p>Segundo a concession\u00e1ria Autoban, <strong>duas v\u00edtimas foram levadas para o Hospital Unimed de Limeira e uma terceira para o Hospital de Limeira<\/strong>. O caminhoneiro tamb\u00e9m recebeu atendimento m\u00e9dico.<\/p>\n<p>A Pol\u00edcia Rodovi\u00e1ria informou que a colis\u00e3o ocorreu no acostamento e n\u00e3o provocou lentid\u00e3o ou bloqueio no tr\u00e1fego.<\/p>\n<hr class=\"wp-block-separator has-alpha-channel-opacity\"\/>\n<p>SAIBA MAIS<\/p>\n<p>Inscri\u00e7\u00f5es para concurso de escrevente do TJ-SP est\u00e3o abertas<\/p>\n<h2 class=\"wp-block-heading\"><strong>FIQUE ON<\/strong><\/h2>\n<p>Quer ficar por dentro de tudo que acontece em Ribeir\u00e3o Preto e regi\u00e3o? Ent\u00e3o siga os perfis do\u202facidade on\u202fno\u202f<a href=\"https:\/\/www.instagram.com\/acidadeonribeirao\" target=\"_blank\" rel=\"noreferrer noopener\">Instagram<\/a>\u202fe no\u202f<a href=\"https:\/\/www.facebook.com\/acidadeonribeirao\/\" target=\"_blank\" rel=\"noreferrer noopener\">Facebook<\/a>.<\/p>\n<p>Al\u00e9m disso, voc\u00ea pode receber as principais not\u00edcias diretamente no WhatsApp. Para isso, basta\u00a0<a href=\"https:\/\/chat.whatsapp.com\/BjKQZ9oJwlz8VVT50NuePq\" target=\"_blank\" rel=\"noreferrer noopener\">entrar no grupo clicando aqui<\/a>.<\/p>\n<p>Por fim, se quiser fazer uma den\u00fancia ou sugerir uma reportagem sobre Ribeir\u00e3o Preto e regi\u00e3o, envie uma mensagem pelo WhatsApp: (16) 99117-7802.<\/p>\n<p>VEJA TAMB\u00c9M<\/p>\n<p>\u2018Corra que a pol\u00edcia vem a\u00ed!\u2019: onde ver a trilogia original?<\/p>\n<p><!-- AI CONTENT END 1 -->\n<\/div>\n<\/div>\n<p><script async src=\"\/\/www.instagram.com\/embed.js\"><\/script><br \/>\n<br \/><br \/>\n<br \/><a href=\"https:\/\/www.acidadeon.com\/ribeiraopreto\/cotidiano\/motorista-da-regiao-de-ribeirao-morre-em-acidente-na-rodovia-dos-bandeirantes\/\">Source link <\/a><\/p>\n<!-- CONTENT END 1 -->\n","protected":false},"excerpt":{"rendered":"<p>Um motorista de Franca, na regi\u00e3o de Ribeir\u00e3o Preto, morreu na manh\u00e3 desta quarta-feira (13) depois de perder o controle do carro e bater na&#8230;<\/p>\n","protected":false},"author":1,"featured_media":75675,"comment_status":"open","ping_status":"open","sticky":false,"template":"","format":"standard","meta":{"advanced_seo_description":"","jetpack_seo_html_title":"","jetpack_seo_noindex":false,"jetpack_post_was_ever_published":false,"_jetpack_newsletter_access":"","_jetpack_dont_email_post_to_subs":false,"_jetpack_newsletter_tier_id":0,"_jetpack_memberships_contains_paywalled_content":false,"_jetpack_memberships_contains_paid_content":false,"footnotes":"","jetpack_publicize_message":"","jetpack_publicize_feature_enabled":true,"jetpack_social_post_already_shared":true,"jetpack_social_options":{"image_generator_settings":{"template":"highway","default_image_id":0,"font":"","enabled":false},"version":2}},"categories":[11],"tags":[],"class_list":["post-75674","post","type-post","status-publish","format-standard","has-post-thumbnail","hentry","category-noticias-de-ribeirao-preto-sp-e-regiao-ismael-colosi"],"jetpack_publicize_connections":[],"jetpack_featured_media_url":"https:\/\/i0.wp.com\/noticiasribeiraopreto.com.br\/wp-content\/uploads\/2025\/08\/Copia-de-Copia-de-Copia-de-TAMANHO-EXATO-PARA-FOTOS-NO-SISTEMA-NOVO-2025-08-13T133802.541_2025-08-13_16-38-21.webp.webp?fit=1200%2C675&ssl=1","jetpack-related-posts":[{"id":61115,"url":"https:\/\/noticiasribeiraopreto.com.br\/index.php\/2024\/12\/03\/motociclista-morre-apos-perder-o-controle-da-moto-em-rodovia-da-regiao-de-ribeirao\/","url_meta":{"origin":75674,"position":0},"title":"Motociclista morre ap\u00f3s perder o controle da moto em rodovia da regi\u00e3o de Ribeir\u00e3o","author":"noticiasribeiraopreto.com.br","date":"3 de December de 2024","format":false,"excerpt":"Uma mulher de 49 anos morreu depois de perder o controle da moto que pilotava, ap\u00f3s a motorista de um carro frear repentinamente na rodovia Francisco Marcos Junqueira, que liga Orl\u00e2ndia a Sales Oliveira, na regi\u00e3o de Ribeir\u00e3o Preto. O acidente aconteceu na manh\u00e3 de segunda-feira (2). Veronice Ribeiro foi\u2026","rel":"","context":"In &quot;Not\u00edcias de Ribeir\u00e3o Preto-SP e Regi\u00e3o&quot;","block_context":{"text":"Not\u00edcias de Ribeir\u00e3o Preto-SP e Regi\u00e3o","link":"https:\/\/noticiasribeiraopreto.com.br\/index.php\/category\/noticias-de-ribeirao-preto-sp-e-regiao-ismael-colosi\/"},"img":{"alt_text":"","src":"https:\/\/i0.wp.com\/noticiasribeiraopreto.com.br\/wp-content\/uploads\/2024\/12\/Copia-de-Copia-de-Copia-de-TAMANHO-EXATO-PARA-FOTOS-NO-SISTEMA-NOVO-2024-12-03T195159.729_2024-12-03_22-52-20_png_2024-12-03_22-52-20.webp.webp?fit=1200%2C675&ssl=1&resize=350%2C200","width":350,"height":200,"srcset":"https:\/\/i0.wp.com\/noticiasribeiraopreto.com.br\/wp-content\/uploads\/2024\/12\/Copia-de-Copia-de-Copia-de-TAMANHO-EXATO-PARA-FOTOS-NO-SISTEMA-NOVO-2024-12-03T195159.729_2024-12-03_22-52-20_png_2024-12-03_22-52-20.webp.webp?fit=1200%2C675&ssl=1&resize=350%2C200 1x, https:\/\/i0.wp.com\/noticiasribeiraopreto.com.br\/wp-content\/uploads\/2024\/12\/Copia-de-Copia-de-Copia-de-TAMANHO-EXATO-PARA-FOTOS-NO-SISTEMA-NOVO-2024-12-03T195159.729_2024-12-03_22-52-20_png_2024-12-03_22-52-20.webp.webp?fit=1200%2C675&ssl=1&resize=525%2C300 1.5x, https:\/\/i0.wp.com\/noticiasribeiraopreto.com.br\/wp-content\/uploads\/2024\/12\/Copia-de-Copia-de-Copia-de-TAMANHO-EXATO-PARA-FOTOS-NO-SISTEMA-NOVO-2024-12-03T195159.729_2024-12-03_22-52-20_png_2024-12-03_22-52-20.webp.webp?fit=1200%2C675&ssl=1&resize=700%2C400 2x, https:\/\/i0.wp.com\/noticiasribeiraopreto.com.br\/wp-content\/uploads\/2024\/12\/Copia-de-Copia-de-Copia-de-TAMANHO-EXATO-PARA-FOTOS-NO-SISTEMA-NOVO-2024-12-03T195159.729_2024-12-03_22-52-20_png_2024-12-03_22-52-20.webp.webp?fit=1200%2C675&ssl=1&resize=1050%2C600 3x"},"classes":[]},{"id":78052,"url":"https:\/\/noticiasribeiraopreto.com.br\/index.php\/2025\/10\/01\/dois-feridos-em-acidente-na-rodovia-da-morte\/","url_meta":{"origin":75674,"position":1},"title":"Dois feridos em acidente na \u201crodovia da morte\u201d","author":"noticiasribeiraopreto.com.br","date":"1 de October de 2025","format":false,"excerpt":"Colis\u00e3o envolveu carreta e um ve\u00edculo que transportava um port\u00e3o no semirreboque 1 de outubro de 2025 12:451 de outubro de 2025 12:478 Compartilhar1 Por: Adalberto Luque Um acidente deixou dois feridos graves, na manh\u00e3 desta quarta-feira (1\u00ba). A colis\u00e3o ocorreu na Rodovia Deputado Cunha Bueno (SP-253), altura do km\u2026","rel":"","context":"In &quot;Not\u00edcias de Ribeir\u00e3o Preto-SP e Regi\u00e3o&quot;","block_context":{"text":"Not\u00edcias de Ribeir\u00e3o Preto-SP e Regi\u00e3o","link":"https:\/\/noticiasribeiraopreto.com.br\/index.php\/category\/noticias-de-ribeirao-preto-sp-e-regiao-ismael-colosi\/"},"img":{"alt_text":"","src":"https:\/\/i0.wp.com\/noticiasribeiraopreto.com.br\/wp-content\/uploads\/2025\/10\/01-out-2025-acidentepradopolis1.jpg?fit=779%2C780&ssl=1&resize=350%2C200","width":350,"height":200,"srcset":"https:\/\/i0.wp.com\/noticiasribeiraopreto.com.br\/wp-content\/uploads\/2025\/10\/01-out-2025-acidentepradopolis1.jpg?fit=779%2C780&ssl=1&resize=350%2C200 1x, https:\/\/i0.wp.com\/noticiasribeiraopreto.com.br\/wp-content\/uploads\/2025\/10\/01-out-2025-acidentepradopolis1.jpg?fit=779%2C780&ssl=1&resize=525%2C300 1.5x, https:\/\/i0.wp.com\/noticiasribeiraopreto.com.br\/wp-content\/uploads\/2025\/10\/01-out-2025-acidentepradopolis1.jpg?fit=779%2C780&ssl=1&resize=700%2C400 2x"},"classes":[]},{"id":61718,"url":"https:\/\/noticiasribeiraopreto.com.br\/index.php\/2024\/12\/19\/carro-capota-apos-bater-em-veiculo-parado-no-acostamento-em-rodovia-de-ribeirao\/","url_meta":{"origin":75674,"position":2},"title":"Carro capota ap\u00f3s bater em ve\u00edculo parado no acostamento em rodovia de Ribeir\u00e3o","author":"noticiasribeiraopreto.com.br","date":"19 de December de 2024","format":false,"excerpt":"Um carro capotou, na noite desta quinta-feira (19), ap\u00f3s bater em outro ve\u00edculo que estava parado no acostamento na rodovia Jos\u00e9 Fregonezi, pr\u00f3ximo \u00e0 entrada de Bonfim Paulista, em Ribeir\u00e3o Preto. De acordo com a motorista do carro que estava parado, ela foi surpreendida por um animal que entrou em\u2026","rel":"","context":"In &quot;Not\u00edcias de Ribeir\u00e3o Preto-SP e Regi\u00e3o&quot;","block_context":{"text":"Not\u00edcias de Ribeir\u00e3o Preto-SP e Regi\u00e3o","link":"https:\/\/noticiasribeiraopreto.com.br\/index.php\/category\/noticias-de-ribeirao-preto-sp-e-regiao-ismael-colosi\/"},"img":{"alt_text":"","src":"https:\/\/i0.wp.com\/noticiasribeiraopreto.com.br\/wp-content\/uploads\/2024\/12\/Copia-de-Copia-de-Copia-de-TAMANHO-EXATO-PARA-FOTOS-NO-SISTEMA-NOVO_2024-12-20_02-25-28_png_2024-12-20_02-25-28.webp.webp?fit=1200%2C675&ssl=1&resize=350%2C200","width":350,"height":200,"srcset":"https:\/\/i0.wp.com\/noticiasribeiraopreto.com.br\/wp-content\/uploads\/2024\/12\/Copia-de-Copia-de-Copia-de-TAMANHO-EXATO-PARA-FOTOS-NO-SISTEMA-NOVO_2024-12-20_02-25-28_png_2024-12-20_02-25-28.webp.webp?fit=1200%2C675&ssl=1&resize=350%2C200 1x, https:\/\/i0.wp.com\/noticiasribeiraopreto.com.br\/wp-content\/uploads\/2024\/12\/Copia-de-Copia-de-Copia-de-TAMANHO-EXATO-PARA-FOTOS-NO-SISTEMA-NOVO_2024-12-20_02-25-28_png_2024-12-20_02-25-28.webp.webp?fit=1200%2C675&ssl=1&resize=525%2C300 1.5x, https:\/\/i0.wp.com\/noticiasribeiraopreto.com.br\/wp-content\/uploads\/2024\/12\/Copia-de-Copia-de-Copia-de-TAMANHO-EXATO-PARA-FOTOS-NO-SISTEMA-NOVO_2024-12-20_02-25-28_png_2024-12-20_02-25-28.webp.webp?fit=1200%2C675&ssl=1&resize=700%2C400 2x, https:\/\/i0.wp.com\/noticiasribeiraopreto.com.br\/wp-content\/uploads\/2024\/12\/Copia-de-Copia-de-Copia-de-TAMANHO-EXATO-PARA-FOTOS-NO-SISTEMA-NOVO_2024-12-20_02-25-28_png_2024-12-20_02-25-28.webp.webp?fit=1200%2C675&ssl=1&resize=1050%2C600 3x"},"classes":[]},{"id":76791,"url":"https:\/\/noticiasribeiraopreto.com.br\/index.php\/2025\/09\/05\/morre-motorista-envolvido-em-acidente-na-rodovia-anhanguera\/","url_meta":{"origin":75674,"position":3},"title":"Morre motorista envolvido em acidente na rodovia Anhanguera","author":"noticiasribeiraopreto.com.br","date":"5 de September de 2025","format":false,"excerpt":"Morreu o motorista envolvido em um acidente de tr\u00e2nsito na rodovia Anhanguera (SP-330), em S\u00e3o Sim\u00e3o, na regi\u00e3o de Ribeir\u00e3o Preto, na manh\u00e3 desta sexta-feira (05). Ainda n\u00e3o h\u00e1 informa\u00e7\u00f5es sobre a identidade da v\u00edtima. Segundo o CCI (Centro de Controle de Informa\u00e7\u00f5es) da Artesp, uma faixa de rolamento e\u2026","rel":"","context":"In &quot;Not\u00edcias de Ribeir\u00e3o Preto-SP e Regi\u00e3o&quot;","block_context":{"text":"Not\u00edcias de Ribeir\u00e3o Preto-SP e Regi\u00e3o","link":"https:\/\/noticiasribeiraopreto.com.br\/index.php\/category\/noticias-de-ribeirao-preto-sp-e-regiao-ismael-colosi\/"},"img":{"alt_text":"","src":"https:\/\/i0.wp.com\/noticiasribeiraopreto.com.br\/wp-content\/uploads\/2025\/09\/Copia-de-Copia-de-Copia-de-TAMANHO-EXATO-PARA-FOTOS-NO-SISTEMA-NOVO-2025-09-05T081412.762_2025-09-05_11-14-23.webp.webp?fit=1200%2C675&ssl=1&resize=350%2C200","width":350,"height":200,"srcset":"https:\/\/i0.wp.com\/noticiasribeiraopreto.com.br\/wp-content\/uploads\/2025\/09\/Copia-de-Copia-de-Copia-de-TAMANHO-EXATO-PARA-FOTOS-NO-SISTEMA-NOVO-2025-09-05T081412.762_2025-09-05_11-14-23.webp.webp?fit=1200%2C675&ssl=1&resize=350%2C200 1x, https:\/\/i0.wp.com\/noticiasribeiraopreto.com.br\/wp-content\/uploads\/2025\/09\/Copia-de-Copia-de-Copia-de-TAMANHO-EXATO-PARA-FOTOS-NO-SISTEMA-NOVO-2025-09-05T081412.762_2025-09-05_11-14-23.webp.webp?fit=1200%2C675&ssl=1&resize=525%2C300 1.5x, https:\/\/i0.wp.com\/noticiasribeiraopreto.com.br\/wp-content\/uploads\/2025\/09\/Copia-de-Copia-de-Copia-de-TAMANHO-EXATO-PARA-FOTOS-NO-SISTEMA-NOVO-2025-09-05T081412.762_2025-09-05_11-14-23.webp.webp?fit=1200%2C675&ssl=1&resize=700%2C400 2x, https:\/\/i0.wp.com\/noticiasribeiraopreto.com.br\/wp-content\/uploads\/2025\/09\/Copia-de-Copia-de-Copia-de-TAMANHO-EXATO-PARA-FOTOS-NO-SISTEMA-NOVO-2025-09-05T081412.762_2025-09-05_11-14-23.webp.webp?fit=1200%2C675&ssl=1&resize=1050%2C600 3x"},"classes":[]},{"id":53815,"url":"https:\/\/noticiasribeiraopreto.com.br\/index.php\/2024\/06\/24\/homem-fica-em-estado-grave-apos-ser-atropelado-em-rodovia-na-regiao-de-ribeirao\/","url_meta":{"origin":75674,"position":4},"title":"Homem fica em estado grave ap\u00f3s ser atropelado em rodovia na regi\u00e3o de Ribeir\u00e3o","author":"noticiasribeiraopreto.com.br","date":"24 de June de 2024","format":false,"excerpt":"Um homem, ainda sem identifica\u00e7\u00e3o, ficou gravemente ferido ap\u00f3s ser atropelado, na noite desta segunda-feira (24), no quil\u00f4metro 333 da rodovia C\u00e2ndido Portinari (SP-334) em Brodowski, na regi\u00e3o de Ribeir\u00e3o Preto. Segundo informa\u00e7\u00f5es da Arteris Via Paulista, a v\u00edtima foi socorrida para a Unidade de Emerg\u00eancia do Hospital das Cl\u00ednicas\u2026","rel":"","context":"In &quot;Not\u00edcias de Ribeir\u00e3o Preto-SP e Regi\u00e3o&quot;","block_context":{"text":"Not\u00edcias de Ribeir\u00e3o Preto-SP e Regi\u00e3o","link":"https:\/\/noticiasribeiraopreto.com.br\/index.php\/category\/noticias-de-ribeirao-preto-sp-e-regiao-ismael-colosi\/"},"img":{"alt_text":"","src":"https:\/\/i0.wp.com\/noticiasribeiraopreto.com.br\/wp-content\/uploads\/2024\/06\/Copia-de-Copia-de-TAMANHO-EXATO-PARA-FOTOS-NO-SISTEMA-NOVO-13_2024-06-25_00-07-21_jpg_2024-06-25_00-07-21.webp.webp?fit=1200%2C675&ssl=1&resize=350%2C200","width":350,"height":200,"srcset":"https:\/\/i0.wp.com\/noticiasribeiraopreto.com.br\/wp-content\/uploads\/2024\/06\/Copia-de-Copia-de-TAMANHO-EXATO-PARA-FOTOS-NO-SISTEMA-NOVO-13_2024-06-25_00-07-21_jpg_2024-06-25_00-07-21.webp.webp?fit=1200%2C675&ssl=1&resize=350%2C200 1x, https:\/\/i0.wp.com\/noticiasribeiraopreto.com.br\/wp-content\/uploads\/2024\/06\/Copia-de-Copia-de-TAMANHO-EXATO-PARA-FOTOS-NO-SISTEMA-NOVO-13_2024-06-25_00-07-21_jpg_2024-06-25_00-07-21.webp.webp?fit=1200%2C675&ssl=1&resize=525%2C300 1.5x, https:\/\/i0.wp.com\/noticiasribeiraopreto.com.br\/wp-content\/uploads\/2024\/06\/Copia-de-Copia-de-TAMANHO-EXATO-PARA-FOTOS-NO-SISTEMA-NOVO-13_2024-06-25_00-07-21_jpg_2024-06-25_00-07-21.webp.webp?fit=1200%2C675&ssl=1&resize=700%2C400 2x, https:\/\/i0.wp.com\/noticiasribeiraopreto.com.br\/wp-content\/uploads\/2024\/06\/Copia-de-Copia-de-TAMANHO-EXATO-PARA-FOTOS-NO-SISTEMA-NOVO-13_2024-06-25_00-07-21_jpg_2024-06-25_00-07-21.webp.webp?fit=1200%2C675&ssl=1&resize=1050%2C600 3x"},"classes":[]},{"id":42290,"url":"https:\/\/noticiasribeiraopreto.com.br\/index.php\/2024\/03\/13\/motorista-fica-gravemente-ferido-apos-capotamento-em-rodovia-da-regiao-de-ribeirao\/","url_meta":{"origin":75674,"position":5},"title":"Motorista fica gravemente ferido ap\u00f3s capotamento em rodovia da regi\u00e3o de Ribeir\u00e3o","author":"noticiasribeiraopreto.com.br","date":"13 de March de 2024","format":false,"excerpt":"Um homem ficou gravemente ferido ap\u00f3s capotar o ve\u00edculo que dirigia na tarde desta quarta-feira (13), na rodovia Ronan Rocha (SP 345), em Franca. Segundo informa\u00e7\u00f5es apuradas pela EPTV, o motorista seguia sentido ao Distrito Industrial da cidade quando perdeu o controle da dire\u00e7\u00e3o, invadiu o acostamento e capotou. O\u2026","rel":"","context":"In &quot;Not\u00edcias de Ribeir\u00e3o Preto-SP e Regi\u00e3o&quot;","block_context":{"text":"Not\u00edcias de Ribeir\u00e3o Preto-SP e Regi\u00e3o","link":"https:\/\/noticiasribeiraopreto.com.br\/index.php\/category\/noticias-de-ribeirao-preto-sp-e-regiao-ismael-colosi\/"},"img":{"alt_text":"","src":"https:\/\/i0.wp.com\/noticiasribeiraopreto.com.br\/wp-content\/uploads\/2024\/03\/Copia-de-Copia-de-TAMANHO-EXATO-PARA-FOTOS-NO-SISTEMA-NOVO-47.jpg?fit=1200%2C675&ssl=1&resize=350%2C200","width":350,"height":200,"srcset":"https:\/\/i0.wp.com\/noticiasribeiraopreto.com.br\/wp-content\/uploads\/2024\/03\/Copia-de-Copia-de-TAMANHO-EXATO-PARA-FOTOS-NO-SISTEMA-NOVO-47.jpg?fit=1200%2C675&ssl=1&resize=350%2C200 1x, https:\/\/i0.wp.com\/noticiasribeiraopreto.com.br\/wp-content\/uploads\/2024\/03\/Copia-de-Copia-de-TAMANHO-EXATO-PARA-FOTOS-NO-SISTEMA-NOVO-47.jpg?fit=1200%2C675&ssl=1&resize=525%2C300 1.5x, https:\/\/i0.wp.com\/noticiasribeiraopreto.com.br\/wp-content\/uploads\/2024\/03\/Copia-de-Copia-de-TAMANHO-EXATO-PARA-FOTOS-NO-SISTEMA-NOVO-47.jpg?fit=1200%2C675&ssl=1&resize=700%2C400 2x, https:\/\/i0.wp.com\/noticiasribeiraopreto.com.br\/wp-content\/uploads\/2024\/03\/Copia-de-Copia-de-TAMANHO-EXATO-PARA-FOTOS-NO-SISTEMA-NOVO-47.jpg?fit=1200%2C675&ssl=1&resize=1050%2C600 3x"},"classes":[]}],"jetpack_sharing_enabled":true,"jetpack_shortlink":"https:\/\/wp.me\/peQAOb-jGy","_links":{"self":[{"href":"https:\/\/noticiasribeiraopreto.com.br\/index.php\/wp-json\/wp\/v2\/posts\/75674","targetHints":{"allow":["GET"]}}],"collection":[{"href":"https:\/\/noticiasribeiraopreto.com.br\/index.php\/wp-json\/wp\/v2\/posts"}],"about":[{"href":"https:\/\/noticiasribeiraopreto.com.br\/index.php\/wp-json\/wp\/v2\/types\/post"}],"author":[{"embeddable":true,"href":"https:\/\/noticiasribeiraopreto.com.br\/index.php\/wp-json\/wp\/v2\/users\/1"}],"replies":[{"embeddable":true,"href":"https:\/\/noticiasribeiraopreto.com.br\/index.php\/wp-json\/wp\/v2\/comments?post=75674"}],"version-history":[{"count":0,"href":"https:\/\/noticiasribeiraopreto.com.br\/index.php\/wp-json\/wp\/v2\/posts\/75674\/revisions"}],"wp:featuredmedia":[{"embeddable":true,"href":"https:\/\/noticiasribeiraopreto.com.br\/index.php\/wp-json\/wp\/v2\/media\/75675"}],"wp:attachment":[{"href":"https:\/\/noticiasribeiraopreto.com.br\/index.php\/wp-json\/wp\/v2\/media?parent=75674"}],"wp:term":[{"taxonomy":"category","embeddable":true,"href":"https:\/\/noticiasribeiraopreto.com.br\/index.php\/wp-json\/wp\/v2\/categories?post=75674"},{"taxonomy":"post_tag","embeddable":true,"href":"https:\/\/noticiasribeiraopreto.com.br\/index.php\/wp-json\/wp\/v2\/tags?post=75674"}],"curies":[{"name":"wp","href":"https:\/\/api.w.org\/{rel}","templated":true}]}}