{"id":75678,"date":"2025-08-13T17:04:35","date_gmt":"2025-08-13T20:04:35","guid":{"rendered":"https:\/\/noticiasribeiraopreto.com.br\/index.php\/2025\/08\/13\/toquinho-e-camilla-faustino-no-pedro-ii\/"},"modified":"2025-08-13T17:04:35","modified_gmt":"2025-08-13T20:04:35","slug":"toquinho-e-camilla-faustino-no-pedro-ii","status":"publish","type":"post","link":"https:\/\/noticiasribeiraopreto.com.br\/index.php\/2025\/08\/13\/toquinho-e-camilla-faustino-no-pedro-ii\/","title":{"rendered":"Toquinho e Camilla Faustino no Pedro II\u00a0"},"content":{"rendered":"<div class='code-block code-block-1' style='margin: 8px 0 8px auto; text-align: right; display: block; clear: both;'>\n<p><a href=\"https:\/\/wa.link\/vpicfd\"><img data-recalc-dims=\"1\" class=\"wp-image-4922\" style=\"aspect-ratio: 2.0253164556962027; width: 561px; height: auto;\" src=\"https:\/\/i0.wp.com\/ismaelcolosi.com.br\/wp-content\/uploads\/2023\/11\/grupo-de-empregos-whatsapp-e-facebook-ismael-colosi-vagas.jpg?ssl=1\" alt=\"\" \/><\/a><\/p>\n<!-- \/wp:image -->\n<\/div>\n<p> <br \/>\n<\/p>\n<div>\n<p><i><span data-contrast=\"auto\">Espet\u00e1culo estar\u00e1 em cartaz no Theatro Pedro II, em Ribeir\u00e3o Preto, no dia 12 de setembro<\/span><\/i><\/p>\n<p><span data-contrast=\"auto\">Em 12 de setembro, segunda sexta-feira do m\u00eas, a partir das 20 horas, o Theatro Pedro II, em Ribeir\u00e3o Preto, ser\u00e1 palco do show Starlight convida: Toquinho e Camilla Faustino. Com seu insepar\u00e1vel viol\u00e3o, o consagrado cantor e compositor apresenta uma das principais vozes da chamada Nova MPB e m\u00fasicas que fizeram parte de sua trajet\u00f3ria de 60 anos de sucesso. <\/span><\/p>\n<p><span data-contrast=\"auto\">O show rememora momentos da hist\u00f3ria de Toquinho, lembrando tamb\u00e9m amigos, compositores e parceiros que ajudaram a cri\u00e1-la. Camilla Faustino d\u00e1 cor e beleza ao espet\u00e1culo, com seu imenso talento e musicalidade, trazendo toda sua juventude, carisma e agregando dinamismo e uma dose extra de alegria ao show. <\/span><\/p>\n<p><span data-contrast=\"auto\">Antonio Pecci Filho, o Toquinho, nasceu em S\u00e3o Paulo, no bairro do Bom Retiro, em 6 de julho de 1946. Teve aulas com Paulinho Nogueira (primeiros e principais acordes), Isa\u00edas S\u00e1vio (viol\u00e3o erudito) e L\u00e9o Peracchi (orquestra\u00e7\u00e3o). Gravou cerca de 90 discos, comp\u00f4s mais de 450 m\u00fasicas e fez cerca de 15.000 shows pelo Brasil e pelo exterior.<\/span><\/p>\n<p><span data-contrast=\"auto\">Recebeu o Grammy Latino por duas vezes (2012 e 2021). Tem como principais parceiros Vinicius de Moraes, Chico Buarque, Jorge Ben Jor, Paulinho da Viola, Francis Hime, Mutinho, Carlinhos Vergueiro, Gianfrancesco Guarnieri, Elifas Andreato, Paulo C\u00e9sar Pinheiro.<\/span><\/p>\n<p><span data-contrast=\"auto\">Suas maiores influ\u00eancias s\u00e3o Baden Powell, Edgard Gianullo e Oscar Castro Neves. Suas composi\u00e7\u00f5es mais representativas s\u00e3o \u201cAquarela\u201d, \u201cTarde em Itapu\u00e3\u201d, \u201cQue maravilha\u201d, \u201cRegra tr\u00eas\u201d, \u201cEscravo da alegria\u201d, \u201cO caderno\u201d, \u201cA casa\u201d, \u201cO pato\u201d, \u201cNa tonga da mironga\u201d, \u201cSamba de Orly\u201d, \u201cCarta ao Tom 74\u201d, \u201cCotidiano n\u00ba 2\u201d, \u201cSamba pra Vinicius\u201d, \u201cCarolina Carol bela\u201d. Neste ano de 2024, completa 60 anos de carreira.<\/span><\/p>\n<p><b><span data-contrast=\"auto\">Carreira <\/span><\/b><b><span data-contrast=\"none\">\u2013 <\/span><\/b><span data-contrast=\"auto\">Comemorar 60 anos de carreira de um dos grandes nomes da m\u00fasica popular brasileira \u00e9 quase uma obriga\u00e7\u00e3o da cultura nacional. Acompanhado de Camilla Faustino, Toquinho apresentar\u00e1, no Theatro Pedro II, um dos grandes shows de sua vitoriosa carreira, no qual vai interpretar seus grandes sucessos.. <\/span><\/p>\n<p><span data-contrast=\"auto\">Com seu inconfund\u00edvel viol\u00e3o, transforma a cena numa sala de visitas muito intimista, tocando can\u00e7\u00f5es que o acompanham desde a inf\u00e2ncia, e que s\u00f3 cantou entre amigos. S\u00e3o fragmentos saborosos de 60 anos de talento, virtuosismo, amizades, parcerias, shows e discos pelo Brasil e pelo mundo, construindo hist\u00f3rias, colocando \u00e0 prova sentimentos, vivenciando euforias, encontros e solid\u00f5es. <\/span><\/p>\n<p><span data-contrast=\"auto\">\u00c9 essa felicidade que Toquinho levar\u00e1 ao palco do Pedro II, entrela\u00e7ado a seu viol\u00e3o, de quem se tornou irm\u00e3o e amigo, at\u00e9 confundirem-se em madeira e pele, cordas e cora\u00e7\u00e3o, entrela\u00e7ado a seu viol\u00e3o, de quem se tornou irm\u00e3o e amigo, at\u00e9 confundirem-se em madeira e pele, cordas e cora\u00e7\u00e3o. Portanto, um merecido espet\u00e1culo de gala para esse artista, que tanto divulgou a nossa cultura, por todo esse mundo.<\/span><\/p>\n<p><b><span data-contrast=\"auto\">Camilla Faustino <\/span><\/b><b><span data-contrast=\"none\">\u2013<\/span><\/b><span data-contrast=\"none\"> Considerada uma das mais belas vozes da Nova MPB, Camilla Faustino nasceu em Goi\u00e2nia (GO) e canta desde os quatro anos de idade. Aos oito sua m\u00e3e passou a inscrev\u00ea-la em festivais de m\u00fasica. No primeiro festival que ela participou conquistou o segundo lugar. Nos anos seguintes continuou participando, sempre se classificando em primeiro ou segundo lugares.<\/span><\/p>\n<p><span data-contrast=\"none\">Aos 12 anos participou do Programa Gente Inocente, da Rede Globo, que lhe rendeu contrato de um ano na emissora. Foi a partir desse primeiro contato com a televis\u00e3o que Camilla decidiu que seria cantora. Aos 13 anos cantou pela primeira vez em um casamento, aos 15 conheceu um grupo de chorinho e samba e passou a cantar em eventos fechados e bares. <\/span><\/p>\n<p><span data-contrast=\"none\">Neste momento definiu sua prefer\u00eancia pela MPB. Ganhou notoriedade no estado de Goi\u00e1s e passou a ser contratada por grandes empresas, como Citro\u00ebn, Correios, Coca-Cola. Em 2011 mudou-se para Salvador (BA), onde algo inusitado aconteceu: foi convidada a cantar em uma das mais renomadas micaretas da Bahia, sem nunca sequer ter visto um trio el\u00e9trico de perto. <\/span><\/p>\n<p><span data-contrast=\"none\">Fez um percurso que durou seis horas, sem nenhum preparo f\u00edsico, de salto alto. Em 2016, sem muitas expectativas, inscreveu-se no quadro Quem Sabe Canta, do Programa Raul Gil. Levou o pr\u00eamio e o t\u00edtulo de campe\u00e3 da primeira temporada.<\/span><\/p>\n<p><span data-contrast=\"none\">No SBT conheceu Toquinho, que a convidou para participar de um show dele na Col\u00f4mbia. O sucesso foi tanto que logo foi contratada para um show solo e aberto ao p\u00fablico naquele mesmo pa\u00eds. Vieram convites para shows em Medellin, Quito e It\u00e1lia, este \u00faltimo com Toquinho, com quem tem participado de v\u00e1rias apresenta\u00e7\u00f5es pelo Brasil. <\/span><\/p>\n<p><span data-contrast=\"none\">Tamb\u00e9m j\u00e1 cantou com outros grandes nomes da MPB, como Jo\u00e3o Bosco e Ivan Lins. Graduou-se em Direito, mas nunca exerceu a profiss\u00e3o. A m\u00fasica tornou-se seu foco principal.<\/span><\/p>\n<p><b><span data-contrast=\"none\">Ingressos <\/span><\/b><b><span data-contrast=\"none\">\u2013 <\/span><\/b><span data-contrast=\"none\">Os ingressos para o <\/span><span data-contrast=\"none\">espet\u00e1culo <\/span><span data-contrast=\"auto\">Starlight convida: Toquinho e Camilla Faustino<\/span><span data-contrast=\"none\"> custam R$ 200 (plateia e frisa), R$ 160 (balc\u00e3o nobre) e R$ 120 (balc\u00e3o simples)<\/span><span data-contrast=\"none\">. A meia-entrada sai por R$ 100, R$ 90 e R$ 60, respectivamente. <\/span><span data-contrast=\"none\">Est\u00e3o \u00e0 venda no site Ingresso Digital (<\/span><span data-contrast=\"none\">www.ingressodigital.com). S\u00f3cios do Clube GT t\u00eam 50% de desconto<\/span><span data-ccp-props=\"{}\">\u00a0<\/span><\/p>\n<p><span data-contrast=\"none\">A<\/span> <span data-contrast=\"none\">meia tamb\u00e9m vale para estudantes, pessoa com defici\u00eancia e um acompanhante, idosos (pessoas com mais de 60 anos), diretores, coordenadores pedag\u00f3gicos, supervisores e titulares de cargos do quadro de apoio das escolas das redes estadual e municipais, professores da rede p\u00fablica estadual e das redes municipais de ensino<\/span><\/p>\n<p><span data-contrast=\"none\">O Theatro Pedro II informa que n\u00e3o \u00e9 permitido crian\u00e7as menores de 12 anos na fila A dos setores balc\u00e3o nobre e balc\u00e3o simples, por determina\u00e7\u00e3o do Minist\u00e9rio P\u00fablico de S\u00e3o Paulo (MPSP), devido a altura do guarda corpo.\u00a0 Ingressos para cadeirantes s\u00e3o destinados ao setor frisa do teatro.<\/span><\/p>\n<p><span data-contrast=\"none\">N\u00e3o ser\u00e1 permitida a entrada ap\u00f3s o in\u00edcio do espet\u00e1culo, n\u00e3o havendo troca de ingresso e nem devolu\u00e7\u00e3o do dinheiro. Para melhor conserva\u00e7\u00e3o do Theatro Pedro II \u00e9 proibido o consumo de bebidas e alimentos dentro das salas de espet\u00e1culos. Fica <\/span><span data-contrast=\"none\">na\u202frua\u202f\u00c1lvares Cabral n\u00ba 370, no Quarteir\u00e3o Paulista, Centro\u202fHist\u00f3rico de Ribeir\u00e3o Preto. <\/span><\/p>\n<p><span data-contrast=\"none\">O local tem capacidade para 1.588 pessoas, mas parte foi interditada por seguran\u00e7a. Atualmente conta com 1.200 lugares. <\/span><span data-contrast=\"none\">O<\/span><span data-contrast=\"none\"> telefone para mais informa\u00e7\u00f5es \u00e9 (16) 3977-8111. Ou acesse <\/span><a href=\"http:\/\/www.theatropedro2.com.br\/\"><span data-contrast=\"none\">www.theatropedro2.com.br<\/span><\/a><span data-contrast=\"none\">.<\/span><span data-contrast=\"none\">. O espet\u00e1culo n\u00e3o \u00e9 recomendado para menores de 12 anos.\u202fO espa\u00e7o \u00e9<\/span><span data-contrast=\"none\"> o terceiro maior teatro de \u00f3pera do Brasil. <\/span><span data-contrast=\"none\">O uso de m\u00e1scara \u00e9 opcional. <\/span><\/p>\n<\/div>\n<p><br \/>\n<br \/><a href=\"https:\/\/www.tribunaribeirao.com.br\/toquinho-e-camilla-faustino-no-pedro-ii\/\">Source link <\/a><\/p>\n<!-- CONTENT END 1 -->\n","protected":false},"excerpt":{"rendered":"<p>Espet\u00e1culo estar\u00e1 em cartaz no Theatro Pedro II, em Ribeir\u00e3o Preto, no dia 12 de setembro Em 12 de setembro, segunda sexta-feira do m\u00eas, a&#8230;<\/p>\n","protected":false},"author":1,"featured_media":75679,"comment_status":"open","ping_status":"open","sticky":false,"template":"","format":"standard","meta":{"advanced_seo_description":"","jetpack_seo_html_title":"","jetpack_seo_noindex":false,"jetpack_post_was_ever_published":false,"_jetpack_newsletter_access":"","_jetpack_dont_email_post_to_subs":false,"_jetpack_newsletter_tier_id":0,"_jetpack_memberships_contains_paywalled_content":false,"_jetpack_memberships_contains_paid_content":false,"footnotes":"","jetpack_publicize_message":"","jetpack_publicize_feature_enabled":true,"jetpack_social_post_already_shared":true,"jetpack_social_options":{"image_generator_settings":{"template":"highway","default_image_id":0,"font":"","enabled":false},"version":2}},"categories":[11],"tags":[],"class_list":["post-75678","post","type-post","status-publish","format-standard","has-post-thumbnail","hentry","category-noticias-de-ribeirao-preto-sp-e-regiao-ismael-colosi"],"jetpack_publicize_connections":[],"jetpack_featured_media_url":"https:\/\/i0.wp.com\/noticiasribeiraopreto.com.br\/wp-content\/uploads\/2025\/08\/Starlight-Boi-Divulgacao.jpg?fit=1200%2C630&ssl=1","jetpack-related-posts":[{"id":76738,"url":"https:\/\/noticiasribeiraopreto.com.br\/index.php\/2025\/09\/04\/starlight-recebe-toquinho-e-camilla-faustino-em-ribeirao-preto-veja-quando\/","url_meta":{"origin":75678,"position":0},"title":"Starlight recebe Toquinho e Camilla Faustino em Ribeir\u00e3o Preto; Veja quando","author":"noticiasribeiraopreto.com.br","date":"4 de September de 2025","format":false,"excerpt":"O cantor Toquinho se apresenta no projeto Starlight Concerts, no Theatro Pedro II, em Ribeir\u00e3o Preto, na pr\u00f3xima sexta-feira (12), \u00e0s 20h. Os ingressos ainda podem ser adquiridos na bilheteria ou on-line \u2013 veja abaixo. No show, o artista convida Camilla Faustino, considerada uma das maiores vozes da chamada \u201cNova\u2026","rel":"","context":"In &quot;Not\u00edcias de Ribeir\u00e3o Preto-SP e Regi\u00e3o&quot;","block_context":{"text":"Not\u00edcias de Ribeir\u00e3o Preto-SP e Regi\u00e3o","link":"https:\/\/noticiasribeiraopreto.com.br\/index.php\/category\/noticias-de-ribeirao-preto-sp-e-regiao-ismael-colosi\/"},"img":{"alt_text":"","src":"https:\/\/i0.wp.com\/noticiasribeiraopreto.com.br\/wp-content\/uploads\/2025\/09\/toquinho.jpg?fit=1198%2C765&ssl=1&resize=350%2C200","width":350,"height":200,"srcset":"https:\/\/i0.wp.com\/noticiasribeiraopreto.com.br\/wp-content\/uploads\/2025\/09\/toquinho.jpg?fit=1198%2C765&ssl=1&resize=350%2C200 1x, https:\/\/i0.wp.com\/noticiasribeiraopreto.com.br\/wp-content\/uploads\/2025\/09\/toquinho.jpg?fit=1198%2C765&ssl=1&resize=525%2C300 1.5x, https:\/\/i0.wp.com\/noticiasribeiraopreto.com.br\/wp-content\/uploads\/2025\/09\/toquinho.jpg?fit=1198%2C765&ssl=1&resize=700%2C400 2x, https:\/\/i0.wp.com\/noticiasribeiraopreto.com.br\/wp-content\/uploads\/2025\/09\/toquinho.jpg?fit=1198%2C765&ssl=1&resize=1050%2C600 3x"},"classes":[]},{"id":61017,"url":"https:\/\/noticiasribeiraopreto.com.br\/index.php\/2024\/12\/02\/theatro-pedro-ii-recebe-o-concerto-natalino-luzes-na-floresta\/","url_meta":{"origin":75678,"position":1},"title":"Theatro Pedro II recebe o concerto natalino \u2018Luzes na Floresta\u2019","author":"noticiasribeiraopreto.com.br","date":"2 de December de 2024","format":false,"excerpt":"A Alma (Academia Livre de M\u00fasica e Artes de Ribeir\u00e3o Preto) apresenta no Theatro Pedro II, em Ribeir\u00e3o Preto, o espet\u00e1culo \u201cLuzes na Floresta\u201d. O concerto acontece neste s\u00e1bado (7), \u00e0s 20h, e no domingo (8), \u00e0s 19h. A entrada \u00e9 gratuita. Sobem ao palco cerca de 120 artistas, entre\u2026","rel":"","context":"In &quot;Not\u00edcias de Ribeir\u00e3o Preto-SP e Regi\u00e3o&quot;","block_context":{"text":"Not\u00edcias de Ribeir\u00e3o Preto-SP e Regi\u00e3o","link":"https:\/\/noticiasribeiraopreto.com.br\/index.php\/category\/noticias-de-ribeirao-preto-sp-e-regiao-ismael-colosi\/"},"img":{"alt_text":"","src":"https:\/\/i0.wp.com\/noticiasribeiraopreto.com.br\/wp-content\/uploads\/2024\/12\/23-Concerto-de-Natal-RP-5_2024-12-02_12-22-45_jpg_2024-12-02_12-22-46.webp.webp?fit=1200%2C800&ssl=1&resize=350%2C200","width":350,"height":200,"srcset":"https:\/\/i0.wp.com\/noticiasribeiraopreto.com.br\/wp-content\/uploads\/2024\/12\/23-Concerto-de-Natal-RP-5_2024-12-02_12-22-45_jpg_2024-12-02_12-22-46.webp.webp?fit=1200%2C800&ssl=1&resize=350%2C200 1x, https:\/\/i0.wp.com\/noticiasribeiraopreto.com.br\/wp-content\/uploads\/2024\/12\/23-Concerto-de-Natal-RP-5_2024-12-02_12-22-45_jpg_2024-12-02_12-22-46.webp.webp?fit=1200%2C800&ssl=1&resize=525%2C300 1.5x, https:\/\/i0.wp.com\/noticiasribeiraopreto.com.br\/wp-content\/uploads\/2024\/12\/23-Concerto-de-Natal-RP-5_2024-12-02_12-22-45_jpg_2024-12-02_12-22-46.webp.webp?fit=1200%2C800&ssl=1&resize=700%2C400 2x, https:\/\/i0.wp.com\/noticiasribeiraopreto.com.br\/wp-content\/uploads\/2024\/12\/23-Concerto-de-Natal-RP-5_2024-12-02_12-22-45_jpg_2024-12-02_12-22-46.webp.webp?fit=1200%2C800&ssl=1&resize=1050%2C600 3x"},"classes":[]},{"id":76512,"url":"https:\/\/noticiasribeiraopreto.com.br\/index.php\/2025\/08\/30\/theatro-pedro-ii-apresenta-espetaculo-gratuito-um-conto-chamado-circo\/","url_meta":{"origin":75678,"position":2},"title":"Theatro Pedro II apresenta espet\u00e1culo gratuito &#8216;Um Conto Chamado Circo&#8217;","author":"noticiasribeiraopreto.com.br","date":"30 de August de 2025","format":false,"excerpt":"No dia 2 de setembro, \u00e0s 15h, a sala principal do Theatro Pedro II, no Centro de Ribeir\u00e3o Preto, recebe o espet\u00e1culo \u201cUm Conto Chamado Circo\u201d, do Projeto Palco. A apresenta\u00e7\u00e3o tem entrada gratuita e os ingressos devem ser retirados com 1 hora de anteced\u00eancia na bilheteria do teatro. A\u2026","rel":"","context":"In &quot;Not\u00edcias de Ribeir\u00e3o Preto-SP e Regi\u00e3o&quot;","block_context":{"text":"Not\u00edcias de Ribeir\u00e3o Preto-SP e Regi\u00e3o","link":"https:\/\/noticiasribeiraopreto.com.br\/index.php\/category\/noticias-de-ribeirao-preto-sp-e-regiao-ismael-colosi\/"},"img":{"alt_text":"","src":"https:\/\/i0.wp.com\/noticiasribeiraopreto.com.br\/wp-content\/uploads\/2025\/08\/limpeza_lustre_theatro_-_foto_fernando_gonzaga12_2025-02-24_20-18-04_jpg_2025-02-24_20-18-04.webp.webp?fit=1200%2C800&ssl=1&resize=350%2C200","width":350,"height":200,"srcset":"https:\/\/i0.wp.com\/noticiasribeiraopreto.com.br\/wp-content\/uploads\/2025\/08\/limpeza_lustre_theatro_-_foto_fernando_gonzaga12_2025-02-24_20-18-04_jpg_2025-02-24_20-18-04.webp.webp?fit=1200%2C800&ssl=1&resize=350%2C200 1x, https:\/\/i0.wp.com\/noticiasribeiraopreto.com.br\/wp-content\/uploads\/2025\/08\/limpeza_lustre_theatro_-_foto_fernando_gonzaga12_2025-02-24_20-18-04_jpg_2025-02-24_20-18-04.webp.webp?fit=1200%2C800&ssl=1&resize=525%2C300 1.5x, https:\/\/i0.wp.com\/noticiasribeiraopreto.com.br\/wp-content\/uploads\/2025\/08\/limpeza_lustre_theatro_-_foto_fernando_gonzaga12_2025-02-24_20-18-04_jpg_2025-02-24_20-18-04.webp.webp?fit=1200%2C800&ssl=1&resize=700%2C400 2x, https:\/\/i0.wp.com\/noticiasribeiraopreto.com.br\/wp-content\/uploads\/2025\/08\/limpeza_lustre_theatro_-_foto_fernando_gonzaga12_2025-02-24_20-18-04_jpg_2025-02-24_20-18-04.webp.webp?fit=1200%2C800&ssl=1&resize=1050%2C600 3x"},"classes":[]},{"id":56256,"url":"https:\/\/noticiasribeiraopreto.com.br\/index.php\/2024\/08\/12\/theatro-pedro-ii-em-ribeirao-preto-recebe-show-de-comedia-embrulha-pra-viagem\/","url_meta":{"origin":75678,"position":3},"title":"Theatro Pedro II em Ribeir\u00e3o Preto recebe show de com\u00e9dia \u2018Embrulha Pra Viagem\u2019","author":"noticiasribeiraopreto.com.br","date":"12 de August de 2024","format":false,"excerpt":"Os atores Marcelo Laham, Maur\u00edcio de Barros e Willian Mezzacapa, apresentam o show de com\u00e9dia \u201cEmbrulha Pra Viagem \u2013 Ao Vivo\u201d, no Theatro Pedro II, em Ribeir\u00e3o Preto, no dia 6 de setembro, \u00e0s 20h. No espet\u00e1culo se apresentam mais de 20 personagens do grupo, que se revezam em um\u2026","rel":"","context":"In &quot;Not\u00edcias de Ribeir\u00e3o Preto-SP e Regi\u00e3o&quot;","block_context":{"text":"Not\u00edcias de Ribeir\u00e3o Preto-SP e Regi\u00e3o","link":"https:\/\/noticiasribeiraopreto.com.br\/index.php\/category\/noticias-de-ribeirao-preto-sp-e-regiao-ismael-colosi\/"},"img":{"alt_text":"","src":"https:\/\/i0.wp.com\/noticiasribeiraopreto.com.br\/wp-content\/uploads\/2024\/08\/Copia-de-Copia-de-TAMANHO-EXATO-PARA-FOTOS-NO-SISTEMA-NOVO-43_2024-08-12_13-27-40_jpg_2024-08-12_13-27-40.webp.webp?fit=1200%2C675&ssl=1&resize=350%2C200","width":350,"height":200,"srcset":"https:\/\/i0.wp.com\/noticiasribeiraopreto.com.br\/wp-content\/uploads\/2024\/08\/Copia-de-Copia-de-TAMANHO-EXATO-PARA-FOTOS-NO-SISTEMA-NOVO-43_2024-08-12_13-27-40_jpg_2024-08-12_13-27-40.webp.webp?fit=1200%2C675&ssl=1&resize=350%2C200 1x, https:\/\/i0.wp.com\/noticiasribeiraopreto.com.br\/wp-content\/uploads\/2024\/08\/Copia-de-Copia-de-TAMANHO-EXATO-PARA-FOTOS-NO-SISTEMA-NOVO-43_2024-08-12_13-27-40_jpg_2024-08-12_13-27-40.webp.webp?fit=1200%2C675&ssl=1&resize=525%2C300 1.5x, https:\/\/i0.wp.com\/noticiasribeiraopreto.com.br\/wp-content\/uploads\/2024\/08\/Copia-de-Copia-de-TAMANHO-EXATO-PARA-FOTOS-NO-SISTEMA-NOVO-43_2024-08-12_13-27-40_jpg_2024-08-12_13-27-40.webp.webp?fit=1200%2C675&ssl=1&resize=700%2C400 2x, https:\/\/i0.wp.com\/noticiasribeiraopreto.com.br\/wp-content\/uploads\/2024\/08\/Copia-de-Copia-de-TAMANHO-EXATO-PARA-FOTOS-NO-SISTEMA-NOVO-43_2024-08-12_13-27-40_jpg_2024-08-12_13-27-40.webp.webp?fit=1200%2C675&ssl=1&resize=1050%2C600 3x"},"classes":[]},{"id":84680,"url":"https:\/\/noticiasribeiraopreto.com.br\/index.php\/2026\/04\/14\/maestro-joao-carlos-martins-e-gabriel-chalita-apresentam-o-pianista-e-o-poeta-no-theatro-pedro-ii\/","url_meta":{"origin":75678,"position":4},"title":"Maestro Jo\u00e3o Carlos Martins e Gabriel Chalita apresentam \u2018O Pianista e o Poeta\u2019 no Theatro Pedro II","author":"noticiasribeiraopreto.com.br","date":"14 de April de 2026","format":false,"excerpt":"Ler o resumo da not\u00edcia Maestro Jo\u00e3o Carlos Martins e o escritor Gabriel Chalita apresentam o espet\u00e1culo \"O Pianista e o Poeta\" no Theatro Pedro II, em Ribeir\u00e3o Preto, no dia 16 de maio, \u00e0s 20h. A dire\u00e7\u00e3o art\u00edstica \u00e9 de Jorge Takla, com obras de Bach, Chopin, Beethoven, Schubert\u2026","rel":"","context":"In &quot;Not\u00edcias de Ribeir\u00e3o Preto-SP e Regi\u00e3o&quot;","block_context":{"text":"Not\u00edcias de Ribeir\u00e3o Preto-SP e Regi\u00e3o","link":"https:\/\/noticiasribeiraopreto.com.br\/index.php\/category\/noticias-de-ribeirao-preto-sp-e-regiao-ismael-colosi\/"},"img":{"alt_text":"","src":"https:\/\/i0.wp.com\/noticiasribeiraopreto.com.br\/wp-content\/uploads\/2026\/04\/o-pianista-e-o-poeta_2026-04-14_13-57-32.webp.webp?fit=735%2C490&ssl=1&resize=350%2C200","width":350,"height":200,"srcset":"https:\/\/i0.wp.com\/noticiasribeiraopreto.com.br\/wp-content\/uploads\/2026\/04\/o-pianista-e-o-poeta_2026-04-14_13-57-32.webp.webp?fit=735%2C490&ssl=1&resize=350%2C200 1x, https:\/\/i0.wp.com\/noticiasribeiraopreto.com.br\/wp-content\/uploads\/2026\/04\/o-pianista-e-o-poeta_2026-04-14_13-57-32.webp.webp?fit=735%2C490&ssl=1&resize=525%2C300 1.5x, https:\/\/i0.wp.com\/noticiasribeiraopreto.com.br\/wp-content\/uploads\/2026\/04\/o-pianista-e-o-poeta_2026-04-14_13-57-32.webp.webp?fit=735%2C490&ssl=1&resize=700%2C400 2x"},"classes":[]},{"id":58687,"url":"https:\/\/noticiasribeiraopreto.com.br\/index.php\/2024\/10\/03\/orquestra-sinfonica-de-ribeirao-preto-apresenta-concertos-no-theatro-pedro-ii\/","url_meta":{"origin":75678,"position":5},"title":"Orquestra Sinf\u00f4nica de Ribeir\u00e3o Preto apresenta concertos no Theatro Pedro II","author":"noticiasribeiraopreto.com.br","date":"3 de October de 2024","format":false,"excerpt":"A OSRP (Orquestra Sinf\u00f4nica de Ribeir\u00e3o Preto) apresenta nos dias 12 e 13 de outubro as s\u00e9ries \u201cConcertos Internacionais\u201d e \u201cJuventude tem Concerto\u201d no Theatro Pedro II. O concerto de s\u00e1bado (12) ter\u00e1 solo do pianista Fernando Corvisier. Beethoven e Schumann foram os compositores escolhidos pelo maestro Roberto Tibiri\u00e7\u00e1, que\u2026","rel":"","context":"In &quot;Not\u00edcias de Ribeir\u00e3o Preto-SP e Regi\u00e3o&quot;","block_context":{"text":"Not\u00edcias de Ribeir\u00e3o Preto-SP e Regi\u00e3o","link":"https:\/\/noticiasribeiraopreto.com.br\/index.php\/category\/noticias-de-ribeirao-preto-sp-e-regiao-ismael-colosi\/"},"img":{"alt_text":"","src":"https:\/\/i0.wp.com\/noticiasribeiraopreto.com.br\/wp-content\/uploads\/2024\/10\/20240615-2836_2024-10-03_12-13-19_jpg_2024-10-03_12-13-22-scaled.webp.webp?fit=1200%2C800&ssl=1&resize=350%2C200","width":350,"height":200,"srcset":"https:\/\/i0.wp.com\/noticiasribeiraopreto.com.br\/wp-content\/uploads\/2024\/10\/20240615-2836_2024-10-03_12-13-19_jpg_2024-10-03_12-13-22-scaled.webp.webp?fit=1200%2C800&ssl=1&resize=350%2C200 1x, https:\/\/i0.wp.com\/noticiasribeiraopreto.com.br\/wp-content\/uploads\/2024\/10\/20240615-2836_2024-10-03_12-13-19_jpg_2024-10-03_12-13-22-scaled.webp.webp?fit=1200%2C800&ssl=1&resize=525%2C300 1.5x, https:\/\/i0.wp.com\/noticiasribeiraopreto.com.br\/wp-content\/uploads\/2024\/10\/20240615-2836_2024-10-03_12-13-19_jpg_2024-10-03_12-13-22-scaled.webp.webp?fit=1200%2C800&ssl=1&resize=700%2C400 2x, https:\/\/i0.wp.com\/noticiasribeiraopreto.com.br\/wp-content\/uploads\/2024\/10\/20240615-2836_2024-10-03_12-13-19_jpg_2024-10-03_12-13-22-scaled.webp.webp?fit=1200%2C800&ssl=1&resize=1050%2C600 3x"},"classes":[]}],"jetpack_sharing_enabled":true,"jetpack_shortlink":"https:\/\/wp.me\/peQAOb-jGC","_links":{"self":[{"href":"https:\/\/noticiasribeiraopreto.com.br\/index.php\/wp-json\/wp\/v2\/posts\/75678","targetHints":{"allow":["GET"]}}],"collection":[{"href":"https:\/\/noticiasribeiraopreto.com.br\/index.php\/wp-json\/wp\/v2\/posts"}],"about":[{"href":"https:\/\/noticiasribeiraopreto.com.br\/index.php\/wp-json\/wp\/v2\/types\/post"}],"author":[{"embeddable":true,"href":"https:\/\/noticiasribeiraopreto.com.br\/index.php\/wp-json\/wp\/v2\/users\/1"}],"replies":[{"embeddable":true,"href":"https:\/\/noticiasribeiraopreto.com.br\/index.php\/wp-json\/wp\/v2\/comments?post=75678"}],"version-history":[{"count":0,"href":"https:\/\/noticiasribeiraopreto.com.br\/index.php\/wp-json\/wp\/v2\/posts\/75678\/revisions"}],"wp:featuredmedia":[{"embeddable":true,"href":"https:\/\/noticiasribeiraopreto.com.br\/index.php\/wp-json\/wp\/v2\/media\/75679"}],"wp:attachment":[{"href":"https:\/\/noticiasribeiraopreto.com.br\/index.php\/wp-json\/wp\/v2\/media?parent=75678"}],"wp:term":[{"taxonomy":"category","embeddable":true,"href":"https:\/\/noticiasribeiraopreto.com.br\/index.php\/wp-json\/wp\/v2\/categories?post=75678"},{"taxonomy":"post_tag","embeddable":true,"href":"https:\/\/noticiasribeiraopreto.com.br\/index.php\/wp-json\/wp\/v2\/tags?post=75678"}],"curies":[{"name":"wp","href":"https:\/\/api.w.org\/{rel}","templated":true}]}}