{"id":75689,"date":"2025-08-13T19:23:51","date_gmt":"2025-08-13T22:23:51","guid":{"rendered":"https:\/\/noticiasribeiraopreto.com.br\/index.php\/2025\/08\/13\/tarifaco-de-trump-entenda-o-plano-do-governo-federal-para-reduzir-impactos-economicos\/"},"modified":"2025-08-13T19:23:51","modified_gmt":"2025-08-13T22:23:51","slug":"tarifaco-de-trump-entenda-o-plano-do-governo-federal-para-reduzir-impactos-economicos","status":"publish","type":"post","link":"https:\/\/noticiasribeiraopreto.com.br\/index.php\/2025\/08\/13\/tarifaco-de-trump-entenda-o-plano-do-governo-federal-para-reduzir-impactos-economicos\/","title":{"rendered":"Tarifa\u00e7o de Trump: Entenda o plano do governo federal para reduzir impactos econ\u00f4micos"},"content":{"rendered":"<div class='code-block code-block-1' style='margin: 8px 0 8px auto; text-align: right; display: block; clear: both;'>\n<p><a href=\"https:\/\/wa.link\/vpicfd\"><img data-recalc-dims=\"1\" class=\"wp-image-4922\" style=\"aspect-ratio: 2.0253164556962027; width: 561px; height: auto;\" src=\"https:\/\/i0.wp.com\/ismaelcolosi.com.br\/wp-content\/uploads\/2023\/11\/grupo-de-empregos-whatsapp-e-facebook-ismael-colosi-vagas.jpg?ssl=1\" alt=\"\" \/><\/a><\/p>\n<!-- \/wp:image -->\n<\/div>\n<p> <br \/>\n<\/p>\n<div data-td-block-uid=\"tdi_95\">\n<div class=\"tdb-block-inner td-fix-index\">\n<p>O <strong>governo federal<\/strong> apresentou nesta quarta-feira (13) as primeiras medidas para <strong>reduzir os impactos econ\u00f4micos<\/strong> do <strong>Tarifa\u00e7o de Trump<\/strong>, que elevou em <strong>50% as tarifas de importa\u00e7\u00e3o<\/strong> sobre produtos brasileiros.<\/p>\n<p>Entre as medidas anunciadas est\u00e3o a cria\u00e7\u00e3o de uma <strong>linha de cr\u00e9dito de R$ 30 bilh\u00f5es<\/strong> para ajudar empresas afetadas, a <strong>prorroga\u00e7\u00e3o do prazo para a suspens\u00e3o de tributos<\/strong> para exportadoras, o <strong>aumento do percentual de restitui\u00e7\u00e3o de tributos<\/strong> federais e outras a\u00e7\u00f5es \u2013 veja abaixo.<\/p>\n<p>Durante a cerim\u00f4nia de lan\u00e7amento do <strong>Plano Brasil Soberano<\/strong>, o presidente Luiz In\u00e1cio Lula da Silva disse que segue negociando com os <strong>Estados Unidos<\/strong> e <mark style=\"background-color:#fcb900\" class=\"has-inline-color\">busca o apoio de outros pa\u00edses para amenizar o impacto das tarifas<\/mark>.<\/p>\n<figure class=\"wp-block-pullquote\">\n<blockquote>\n<p>N\u00f3s n\u00e3o queremos, no primeiro momento, fazer nada que justifique piorar a nossa rela\u00e7\u00e3o [com os EUA]. Nesse momento, n\u00f3s estamos tentando aproximar a rela\u00e7\u00e3o, procurando o nosso parceiro<\/p>\n<\/blockquote>\n<\/figure>\n<p>Vale lembrar que no come\u00e7o do m\u00eas de agosto, o <strong>governo de S\u00e3o Paulo<\/strong> j\u00e1 havia anunciado medidas para <strong>mitigar os efeitos do Tarifa\u00e7o<\/strong> no estado \u2013 clique aqui e confira. A\u00a0<strong>MP deve ser publicada ainda hoje em edi\u00e7\u00e3o extra do Di\u00e1rio Oficial da Uni\u00e3o<\/strong>.<\/p>\n<h2 class=\"wp-block-heading\"><strong>Confira as principais medidas anunciadas pelo governo federal<\/strong><\/h2>\n<h3 class=\"wp-block-heading\"><strong>Linhas de cr\u00e9dito<\/strong><\/h3>\n<ul class=\"wp-block-list\">\n<li><strong>R$ 30 bilh\u00f5es do Fundo Garantidor de Exporta\u00e7\u00f5es (FGE) <\/strong>para concess\u00e3o de cr\u00e9dito com taxas acess\u00edveis.<\/li>\n<\/ul>\n<ul class=\"wp-block-list\">\n<li>Prioridade para empresas mais afetadas: depend\u00eancia do faturamento com exporta\u00e7\u00f5es aos EUA, tipo de produto e porte.<\/li>\n<\/ul>\n<ul class=\"wp-block-list\">\n<li>Pequenas e m\u00e9dias empresas <strong>poder\u00e3o usar fundos garantidores<\/strong> para acessar o cr\u00e9dito.<\/li>\n<\/ul>\n<ul class=\"wp-block-list\">\n<li><strong>O acesso \u00e0s linhas estar\u00e1 condicionado \u00e0 manuten\u00e7\u00e3o do n\u00famero de empregos.<\/strong><\/li>\n<\/ul>\n<h3 class=\"wp-block-heading\"><strong>Prorroga\u00e7\u00e3o de prazos do regime de drawback<\/strong><\/h3>\n<ul class=\"wp-block-list\">\n<li><strong>Extens\u00e3o do prazo e<\/strong>m um ano para exporta\u00e7\u00e3o de produtos com insumos beneficiados pelo regime, evitando multa e juros.<\/li>\n<\/ul>\n<ul class=\"wp-block-list\">\n<li>A medida vale para exporta\u00e7\u00f5es aos EUA contratadas at\u00e9 o fim do ano.<\/li>\n<\/ul>\n<ul class=\"wp-block-list\">\n<li>A prorroga\u00e7\u00e3o <strong>n\u00e3o tem impacto fiscal<\/strong>, apenas posterga o prazo de cumprimento.<\/li>\n<\/ul>\n<figure class=\"wp-block-image aligncenter size-large is-resized\"><img data-recalc-dims=\"1\" fetchpriority=\"high\" decoding=\"async\" width=\"1024\" height=\"613\" src=\"https:\/\/i0.wp.com\/cdn.media-acidadeon.com.br\/ribeiraopreto\/wp-content\/uploads\/sites\/3\/2025\/08\/0d9a9104_2-1024x613.webp?resize=1024%2C613&#038;ssl=1\" alt=\"Presidente Luiz In\u00e1cio Lula da Silva durante apresenta\u00e7\u00e3o do Plano Brasil Soberano - Foto: Jos\u00e9 Cruz\/ Ag\u00eancia Brasil.&#10;\" class=\"wp-image-125715\" style=\"width:614px;height:auto\" srcset=\"https:\/\/cdn.media-acidadeon.com.br\/ribeiraopreto\/wp-content\/uploads\/sites\/3\/2025\/08\/0d9a9104_2-1024x613.webp 1024w, https:\/\/cdn.media-acidadeon.com.br\/ribeiraopreto\/wp-content\/uploads\/sites\/3\/2025\/08\/0d9a9104_2-300x179.webp 300w, https:\/\/cdn.media-acidadeon.com.br\/ribeiraopreto\/wp-content\/uploads\/sites\/3\/2025\/08\/0d9a9104_2-768x459.webp 768w, https:\/\/cdn.media-acidadeon.com.br\/ribeiraopreto\/wp-content\/uploads\/sites\/3\/2025\/08\/0d9a9104_2-696x416.webp 696w, https:\/\/cdn.media-acidadeon.com.br\/ribeiraopreto\/wp-content\/uploads\/sites\/3\/2025\/08\/0d9a9104_2-1068x639.webp 1068w, https:\/\/cdn.media-acidadeon.com.br\/ribeiraopreto\/wp-content\/uploads\/sites\/3\/2025\/08\/0d9a9104_2.webp 1170w\" sizes=\"(max-width: 1024px) 100vw, 1024px\"\/><figcaption class=\"wp-element-caption\">Apresenta\u00e7\u00e3o do Plano Brasil Soberano \u2013 Foto: Jos\u00e9 Cruz\/ Ag\u00eancia Brasil.<br \/><\/figcaption><\/figure>\n<h3 class=\"wp-block-heading\"><strong>Diferimento de tributos federais<\/strong><\/h3>\n<ul class=\"wp-block-list\">\n<li>A Receita Federal fica autorizada a fazer diferimento de cobran\u00e7a de impostos para as empresas mais afetadas pelo <strong>Tarifa\u00e7o<\/strong>.<\/li>\n<\/ul>\n<ul class=\"wp-block-list\">\n<li>Como funcionar\u00e1: adiamento do pagamento dos pr\u00f3ximos dois meses para empresas mais afetadas.<\/li>\n<\/ul>\n<h3 class=\"wp-block-heading\"><strong>Compras p\u00fablicas<\/strong><\/h3>\n<ul class=\"wp-block-list\">\n<li><strong>Uni\u00e3o<\/strong>, <strong>Estados <\/strong>e <strong>Munic\u00edpios <\/strong>podem comprar produtos afetados pelas sobretaxas de forma simplificada, mantendo transpar\u00eancia e controle.<\/li>\n<\/ul>\n<h3 class=\"wp-block-heading\"><strong>Moderniza\u00e7\u00e3o do sistema de exporta\u00e7\u00e3o<\/strong><\/h3>\n<ul class=\"wp-block-list\">\n<li>Amplia\u00e7\u00e3o da garantia \u00e0 exporta\u00e7\u00e3o, protegendo exportadores contra inadimpl\u00eancia ou cancelamento de contratos.<\/li>\n<\/ul>\n<ul class=\"wp-block-list\">\n<li>Foco em empresas de m\u00e9dia e alta tecnologia e investimentos verdes.<\/li>\n<\/ul>\n<ul class=\"wp-block-list\">\n<li>Mais opera\u00e7\u00f5es com compartilhamento de risco via Fundo Garantidor do Com\u00e9rcio Exterior (FGCE).<\/li>\n<\/ul>\n<h3 class=\"wp-block-heading\"><strong>Fundos garantidores<\/strong><\/h3>\n<ul class=\"wp-block-list\">\n<li>Aportes adicionais de <strong>R$ 1,5 bilh\u00e3o no Fundo Garantidor do Com\u00e9rcio Exterior (FGCE)<\/strong>, de <strong>R$ 2 bilh\u00f5es no Fundo Garantidor para Investimentos (FGI)<\/strong>, do BNDES, e <strong>R$ 1 bilh\u00e3o no Fundo de Garantia de Opera\u00e7\u00f5es (FGO)<\/strong>, do Banco do Brasil, voltados prioritariamente ao acesso de pequenos e m\u00e9dios exportadores.<\/li>\n<\/ul>\n<h3 class=\"wp-block-heading\"><strong>Novo Reintegra para empresas afetadas<\/strong><\/h3>\n<ul class=\"wp-block-list\">\n<li>O <strong>Reintegra<\/strong> para as Empresas Exportadoras devolve aos exportadores brasileiros parte dos tributos pagos ao longo da cadeia produtiva, na forma de cr\u00e9dito tribut\u00e1rio, ajudando a reduzir custos e aumentar a competitividade no mercado externo.<\/li>\n<\/ul>\n<ul class=\"wp-block-list\">\n<li>A medida antecipa os efeitos da Reforma Tribut\u00e1ria, desonerando a atividade exportadora.<\/li>\n<\/ul>\n<ul class=\"wp-block-list\">\n<li>Grandes e m\u00e9dias empresas de industrializados passam a ter at\u00e9 3,1% de al\u00edquota; micro e pequenas at\u00e9 6%.<\/li>\n<\/ul>\n<ul class=\"wp-block-list\">\n<li>As novas condi\u00e7\u00f5es do Reintegra valer\u00e3o at\u00e9 dezembro de 2026 e ter\u00e3o impacto de at\u00e9 R$ 5 bilh\u00f5es.<\/li>\n<\/ul>\n<p>O Plano Brasil Soberano pode ser conferido de forma completa <a href=\"https:\/\/www.gov.br\/planalto\/pt-br\/acompanhe-o-planalto\/noticias\/2025\/08\/governo-lanca-plano-brasil-soberano-para-proteger-exportadores-e-trabalhadores-de-sobretaxas-dos-eua\/apresentacao_brasil_soberano.pdf\" data-type=\"link\" data-id=\"https:\/\/www.gov.br\/planalto\/pt-br\/acompanhe-o-planalto\/noticias\/2025\/08\/governo-lanca-plano-brasil-soberano-para-proteger-exportadores-e-trabalhadores-de-sobretaxas-dos-eua\/apresentacao_brasil_soberano.pdf\" target=\"_blank\" rel=\"noreferrer noopener\">clicando aqui<\/a>.<\/p>\n<p><em>*Com informa\u00e7\u00f5es da <strong>Ag\u00eancia Gov<\/strong><\/em><\/p>\n<hr class=\"wp-block-separator has-alpha-channel-opacity\"\/>\n<p>SAIBA MAIS<\/p>\n<p>Mapeamento sobre ind\u00fastria sucroenerg\u00e9tica ser\u00e1 lan\u00e7ado na Fenasucro<\/p>\n<h2 class=\"wp-block-heading\"><strong>FIQUE ON<\/strong><\/h2>\n<p>Quer ficar por dentro de tudo que acontece em Ribeir\u00e3o Preto e regi\u00e3o? Ent\u00e3o siga os perfis do\u202facidade on\u202fno\u202f<a href=\"https:\/\/www.instagram.com\/acidadeonribeirao\" target=\"_blank\" rel=\"noreferrer noopener\">Instagram<\/a>\u202fe no\u202f<a href=\"https:\/\/www.facebook.com\/acidadeonribeirao\/\" target=\"_blank\" rel=\"noreferrer noopener\">Facebook<\/a>.<\/p>\n<p>Al\u00e9m disso, voc\u00ea pode receber as principais not\u00edcias diretamente no WhatsApp. Para isso, basta\u00a0<a href=\"https:\/\/chat.whatsapp.com\/BjKQZ9oJwlz8VVT50NuePq\" target=\"_blank\" rel=\"noreferrer noopener\">entrar no grupo clicando aqui<\/a>.<\/p>\n<p>Por fim, se quiser fazer uma den\u00fancia ou sugerir uma reportagem sobre Ribeir\u00e3o Preto e regi\u00e3o, envie uma mensagem pelo WhatsApp: (16) 99117-7802.<\/p>\n<p>VEJA TAMB\u00c9M<\/p>\n<p>Quem era o m\u00fasico que morreu ao comer sandu\u00edche de lingui\u00e7a e br\u00f3colis?<\/p>\n<p><!-- AI CONTENT END 1 -->\n<\/div>\n<\/div>\n<p><script async src=\"\/\/www.instagram.com\/embed.js\"><\/script><br \/>\n<br \/><br \/>\n<br \/><a href=\"https:\/\/www.acidadeon.com\/ribeiraopreto\/politica\/tarifaco-de-trump-entenda-o-plano-do-governo-federal-para-reduzir-impactos-economicos\/\">Source link <\/a><\/p>\n<!-- CONTENT END 1 -->\n","protected":false},"excerpt":{"rendered":"<p>O governo federal apresentou nesta quarta-feira (13) as primeiras medidas para reduzir os impactos econ\u00f4micos do Tarifa\u00e7o de Trump, que elevou em 50% as tarifas&#8230;<\/p>\n","protected":false},"author":1,"featured_media":74283,"comment_status":"open","ping_status":"open","sticky":false,"template":"","format":"standard","meta":{"advanced_seo_description":"","jetpack_seo_html_title":"","jetpack_seo_noindex":false,"jetpack_post_was_ever_published":false,"_jetpack_newsletter_access":"","_jetpack_dont_email_post_to_subs":false,"_jetpack_newsletter_tier_id":0,"_jetpack_memberships_contains_paywalled_content":false,"_jetpack_memberships_contains_paid_content":false,"footnotes":"","jetpack_publicize_message":"","jetpack_publicize_feature_enabled":true,"jetpack_social_post_already_shared":true,"jetpack_social_options":{"image_generator_settings":{"template":"highway","default_image_id":0,"font":"","enabled":false},"version":2}},"categories":[11],"tags":[],"class_list":["post-75689","post","type-post","status-publish","format-standard","has-post-thumbnail","hentry","category-noticias-de-ribeirao-preto-sp-e-regiao-ismael-colosi"],"jetpack_publicize_connections":[],"jetpack_featured_media_url":"https:\/\/i0.wp.com\/noticiasribeiraopreto.com.br\/wp-content\/uploads\/2025\/07\/Copia-de-Copia-de-Copia-de-TAMANHO-EXATO-PARA-FOTOS-NO-SISTEMA-NOVO-2025-07-18T194849.427_2025-07-18_22-48-58.webp.webp?fit=1200%2C675&ssl=1","jetpack-related-posts":[{"id":75213,"url":"https:\/\/noticiasribeiraopreto.com.br\/index.php\/2025\/08\/05\/com-fabricas-no-interior-de-sp-empresa-descarta-demissoes-apos-tarifaco\/","url_meta":{"origin":75689,"position":0},"title":"Com f\u00e1bricas no interior de SP, empresa descarta demiss\u00f5es ap\u00f3s Tarifa\u00e7o","author":"noticiasribeiraopreto.com.br","date":"5 de August de 2025","format":false,"excerpt":"Com tr\u00eas f\u00e1bricas no interior de S\u00e3o Paulo, a Embraer, empresa brasileira de aeronaves, descartou demiss\u00f5es no Pa\u00eds por conta do Tarifa\u00e7o. A fabricante escapou das tarifas de 50% impostas pelos Estados Unidos e diz que est\u00e1 confiante em conseguir reduzir a zero a atual taxa\u00e7\u00e3o de 10% em cima\u2026","rel":"","context":"In &quot;Not\u00edcias de Ribeir\u00e3o Preto-SP e Regi\u00e3o&quot;","block_context":{"text":"Not\u00edcias de Ribeir\u00e3o Preto-SP e Regi\u00e3o","link":"https:\/\/noticiasribeiraopreto.com.br\/index.php\/category\/noticias-de-ribeirao-preto-sp-e-regiao-ismael-colosi\/"},"img":{"alt_text":"","src":"https:\/\/i0.wp.com\/noticiasribeiraopreto.com.br\/wp-content\/uploads\/2025\/08\/FABRICA-DA-EMBRAER_2025-08-05_17-48-37.webp.webp?fit=980%2C651&ssl=1&resize=350%2C200","width":350,"height":200,"srcset":"https:\/\/i0.wp.com\/noticiasribeiraopreto.com.br\/wp-content\/uploads\/2025\/08\/FABRICA-DA-EMBRAER_2025-08-05_17-48-37.webp.webp?fit=980%2C651&ssl=1&resize=350%2C200 1x, https:\/\/i0.wp.com\/noticiasribeiraopreto.com.br\/wp-content\/uploads\/2025\/08\/FABRICA-DA-EMBRAER_2025-08-05_17-48-37.webp.webp?fit=980%2C651&ssl=1&resize=525%2C300 1.5x, https:\/\/i0.wp.com\/noticiasribeiraopreto.com.br\/wp-content\/uploads\/2025\/08\/FABRICA-DA-EMBRAER_2025-08-05_17-48-37.webp.webp?fit=980%2C651&ssl=1&resize=700%2C400 2x"},"classes":[]},{"id":75333,"url":"https:\/\/noticiasribeiraopreto.com.br\/index.php\/2025\/08\/07\/brasil-vai-a-omc-contra-tarifaco\/","url_meta":{"origin":75689,"position":1},"title":"Brasil vai a OMC contra tarifa\u00e7o","author":"noticiasribeiraopreto.com.br","date":"7 de August de 2025","format":false,"excerpt":"O governo federal brasileiro deu entrada na Organiza\u00e7\u00e3o Mundial do Com\u00e9rcio (OMC) com um \u201cpedido de consulta\u201d contra os Estados Unidos, em rea\u00e7\u00e3o ao tarifa\u00e7o imposto pelo presidente norte-americano, Donald Trump, \u00e0s exporta\u00e7\u00f5es brasileiras, medida que entraram em vigor nesta quarta-feira, 6 de agosto. A informa\u00e7\u00e3o \u00e9 do Minist\u00e9rio das\u2026","rel":"","context":"In &quot;Not\u00edcias de Ribeir\u00e3o Preto-SP e Regi\u00e3o&quot;","block_context":{"text":"Not\u00edcias de Ribeir\u00e3o Preto-SP e Regi\u00e3o","link":"https:\/\/noticiasribeiraopreto.com.br\/index.php\/category\/noticias-de-ribeirao-preto-sp-e-regiao-ismael-colosi\/"},"img":{"alt_text":"","src":"https:\/\/i0.wp.com\/noticiasribeiraopreto.com.br\/wp-content\/uploads\/2025\/08\/Tarifas-Denis-Balibouse-Reuters-scaled.jpg?fit=1144%2C780&ssl=1&resize=350%2C200","width":350,"height":200,"srcset":"https:\/\/i0.wp.com\/noticiasribeiraopreto.com.br\/wp-content\/uploads\/2025\/08\/Tarifas-Denis-Balibouse-Reuters-scaled.jpg?fit=1144%2C780&ssl=1&resize=350%2C200 1x, https:\/\/i0.wp.com\/noticiasribeiraopreto.com.br\/wp-content\/uploads\/2025\/08\/Tarifas-Denis-Balibouse-Reuters-scaled.jpg?fit=1144%2C780&ssl=1&resize=525%2C300 1.5x, https:\/\/i0.wp.com\/noticiasribeiraopreto.com.br\/wp-content\/uploads\/2025\/08\/Tarifas-Denis-Balibouse-Reuters-scaled.jpg?fit=1144%2C780&ssl=1&resize=700%2C400 2x, https:\/\/i0.wp.com\/noticiasribeiraopreto.com.br\/wp-content\/uploads\/2025\/08\/Tarifas-Denis-Balibouse-Reuters-scaled.jpg?fit=1144%2C780&ssl=1&resize=1050%2C600 3x"},"classes":[]},{"id":75005,"url":"https:\/\/noticiasribeiraopreto.com.br\/index.php\/2025\/08\/01\/veja-as-medidas-anunciadas-para-mitigar-os-efeitos-do-tarifaco-em-sp\/","url_meta":{"origin":75689,"position":2},"title":"Veja as medidas anunciadas para mitigar os efeitos do Tarifa\u00e7o em SP","author":"noticiasribeiraopreto.com.br","date":"1 de August de 2025","format":false,"excerpt":"Mesmo com 694 isen\u00e7\u00f5es, o Tarifa\u00e7o de Trump oficializou taxas de 50% na exporta\u00e7\u00e3o de produtos como carne e caf\u00e9 aos Estados Unidos. Entre as medidas anunciada para mitigar os efeitos junto \u00e0s empresas exportadoras de S\u00e3o Paulo, o governo estadual anunciou a libera\u00e7\u00e3o de R$ 1,5 bilh\u00e3o em cr\u00e9ditos\u2026","rel":"","context":"In &quot;Not\u00edcias de Ribeir\u00e3o Preto-SP e Regi\u00e3o&quot;","block_context":{"text":"Not\u00edcias de Ribeir\u00e3o Preto-SP e Regi\u00e3o","link":"https:\/\/noticiasribeiraopreto.com.br\/index.php\/category\/noticias-de-ribeirao-preto-sp-e-regiao-ismael-colosi\/"},"img":{"alt_text":"","src":"https:\/\/i0.wp.com\/noticiasribeiraopreto.com.br\/wp-content\/uploads\/2025\/07\/Copia-de-Copia-de-Copia-de-TAMANHO-EXATO-PARA-FOTOS-NO-SISTEMA-NOVO-2025-07-18T194849.427_2025-07-18_22-48-58.webp.webp?fit=1200%2C675&ssl=1&resize=350%2C200","width":350,"height":200,"srcset":"https:\/\/i0.wp.com\/noticiasribeiraopreto.com.br\/wp-content\/uploads\/2025\/07\/Copia-de-Copia-de-Copia-de-TAMANHO-EXATO-PARA-FOTOS-NO-SISTEMA-NOVO-2025-07-18T194849.427_2025-07-18_22-48-58.webp.webp?fit=1200%2C675&ssl=1&resize=350%2C200 1x, https:\/\/i0.wp.com\/noticiasribeiraopreto.com.br\/wp-content\/uploads\/2025\/07\/Copia-de-Copia-de-Copia-de-TAMANHO-EXATO-PARA-FOTOS-NO-SISTEMA-NOVO-2025-07-18T194849.427_2025-07-18_22-48-58.webp.webp?fit=1200%2C675&ssl=1&resize=525%2C300 1.5x, https:\/\/i0.wp.com\/noticiasribeiraopreto.com.br\/wp-content\/uploads\/2025\/07\/Copia-de-Copia-de-Copia-de-TAMANHO-EXATO-PARA-FOTOS-NO-SISTEMA-NOVO-2025-07-18T194849.427_2025-07-18_22-48-58.webp.webp?fit=1200%2C675&ssl=1&resize=700%2C400 2x, https:\/\/i0.wp.com\/noticiasribeiraopreto.com.br\/wp-content\/uploads\/2025\/07\/Copia-de-Copia-de-Copia-de-TAMANHO-EXATO-PARA-FOTOS-NO-SISTEMA-NOVO-2025-07-18T194849.427_2025-07-18_22-48-58.webp.webp?fit=1200%2C675&ssl=1&resize=1050%2C600 3x"},"classes":[]},{"id":75404,"url":"https:\/\/noticiasribeiraopreto.com.br\/index.php\/2025\/08\/08\/tarifas-afetam-778-das-exportacoes\/","url_meta":{"origin":75689,"position":3},"title":"Tarifas afetam 77,8% das exporta\u00e7\u00f5es","author":"noticiasribeiraopreto.com.br","date":"8 de August de 2025","format":false,"excerpt":"Levantamento da CNI aponta que 77,8% das exporta\u00e7\u00f5es brasileiras aos Estados Unidos est\u00e3o atualmente sujeitas a sobretaxas comerciais Um levantamento da Confedera\u00e7\u00e3o Nacional da Ind\u00fastria (CNI) aponta que 77,8% das exporta\u00e7\u00f5es brasileiras aos Estados Unidos est\u00e3o atualmente sujeitas a sobretaxas comerciais, resultado de tr\u00eas frentes tarif\u00e1rias impostas pelo presidente Donald\u2026","rel":"","context":"In &quot;Not\u00edcias de Ribeir\u00e3o Preto-SP e Regi\u00e3o&quot;","block_context":{"text":"Not\u00edcias de Ribeir\u00e3o Preto-SP e Regi\u00e3o","link":"https:\/\/noticiasribeiraopreto.com.br\/index.php\/category\/noticias-de-ribeirao-preto-sp-e-regiao-ismael-colosi\/"},"img":{"alt_text":"","src":"https:\/\/i0.wp.com\/noticiasribeiraopreto.com.br\/wp-content\/uploads\/2025\/08\/Tarifas-Cadu-Gomes-VPR.jpg?fit=1170%2C700&ssl=1&resize=350%2C200","width":350,"height":200,"srcset":"https:\/\/i0.wp.com\/noticiasribeiraopreto.com.br\/wp-content\/uploads\/2025\/08\/Tarifas-Cadu-Gomes-VPR.jpg?fit=1170%2C700&ssl=1&resize=350%2C200 1x, https:\/\/i0.wp.com\/noticiasribeiraopreto.com.br\/wp-content\/uploads\/2025\/08\/Tarifas-Cadu-Gomes-VPR.jpg?fit=1170%2C700&ssl=1&resize=525%2C300 1.5x, https:\/\/i0.wp.com\/noticiasribeiraopreto.com.br\/wp-content\/uploads\/2025\/08\/Tarifas-Cadu-Gomes-VPR.jpg?fit=1170%2C700&ssl=1&resize=700%2C400 2x, https:\/\/i0.wp.com\/noticiasribeiraopreto.com.br\/wp-content\/uploads\/2025\/08\/Tarifas-Cadu-Gomes-VPR.jpg?fit=1170%2C700&ssl=1&resize=1050%2C600 3x"},"classes":[]},{"id":74520,"url":"https:\/\/noticiasribeiraopreto.com.br\/index.php\/2025\/07\/24\/brasil-sinaliza-a-omc-que-buscara-vias-legais-contra-tarifaco\/","url_meta":{"origin":75689,"position":4},"title":"Brasil sinaliza \u00e0 OMC que buscar\u00e1 vias legais contra tarifa\u00e7o","author":"noticiasribeiraopreto.com.br","date":"24 de July de 2025","format":false,"excerpt":"O representante do governo brasileiro no Conselho Geral da Organiza\u00e7\u00e3o Mundial do Com\u00e9rcio (OMC), embaixador Philip Fox-Drummond Gough, expressou \u201cprofunda preocupa\u00e7\u00e3o\u201d com o uso de medidas comerciais unilaterais como instrumento de interfer\u00eancia nos assuntos internos de outros pa\u00edses. No encontro, realizado em Genebra entre ter\u00e7a (22) e esta quarta-feira, 23\u2026","rel":"","context":"In &quot;Not\u00edcias de Ribeir\u00e3o Preto-SP e Regi\u00e3o&quot;","block_context":{"text":"Not\u00edcias de Ribeir\u00e3o Preto-SP e Regi\u00e3o","link":"https:\/\/noticiasribeiraopreto.com.br\/index.php\/category\/noticias-de-ribeirao-preto-sp-e-regiao-ismael-colosi\/"},"img":{"alt_text":"","src":"https:\/\/i0.wp.com\/noticiasribeiraopreto.com.br\/wp-content\/uploads\/2025\/07\/Tarifa-Denis-Balibouse-Reuters-scaled.jpg?fit=1200%2C818&ssl=1&resize=350%2C200","width":350,"height":200,"srcset":"https:\/\/i0.wp.com\/noticiasribeiraopreto.com.br\/wp-content\/uploads\/2025\/07\/Tarifa-Denis-Balibouse-Reuters-scaled.jpg?fit=1200%2C818&ssl=1&resize=350%2C200 1x, https:\/\/i0.wp.com\/noticiasribeiraopreto.com.br\/wp-content\/uploads\/2025\/07\/Tarifa-Denis-Balibouse-Reuters-scaled.jpg?fit=1200%2C818&ssl=1&resize=525%2C300 1.5x, https:\/\/i0.wp.com\/noticiasribeiraopreto.com.br\/wp-content\/uploads\/2025\/07\/Tarifa-Denis-Balibouse-Reuters-scaled.jpg?fit=1200%2C818&ssl=1&resize=700%2C400 2x, https:\/\/i0.wp.com\/noticiasribeiraopreto.com.br\/wp-content\/uploads\/2025\/07\/Tarifa-Denis-Balibouse-Reuters-scaled.jpg?fit=1200%2C818&ssl=1&resize=1050%2C600 3x"},"classes":[]},{"id":80786,"url":"https:\/\/noticiasribeiraopreto.com.br\/index.php\/2025\/12\/13\/exportacoes-brasileiras-tarifaco-do-mexico-atingira-r-17-bi\/","url_meta":{"origin":75689,"position":5},"title":"Exporta\u00e7\u00f5es brasileiras: Tarifa\u00e7o do M\u00e9xico atingir\u00e1 R$ 1,7 bi","author":"noticiasribeiraopreto.com.br","date":"13 de December de 2025","format":false,"excerpt":"\r \r \r 13 de dezembro de 2025 12:4513 de dezembro de 2025 11:25 \r Compartilhar0 Em estimativa inicial, a Confedera\u00e7\u00e3o Nacional da Ind\u00fastria (CNI) calcula que as novas medidas tarif\u00e1rias do M\u00e9xico poder\u00e3o impactar US$ 1,7 bilh\u00e3o (14,7%) do que foi exportado pelo Brasil ao M\u00e9xico em 2024. A\u2026","rel":"","context":"In &quot;Not\u00edcias de Ribeir\u00e3o Preto-SP e Regi\u00e3o&quot;","block_context":{"text":"Not\u00edcias de Ribeir\u00e3o Preto-SP e Regi\u00e3o","link":"https:\/\/noticiasribeiraopreto.com.br\/index.php\/category\/noticias-de-ribeirao-preto-sp-e-regiao-ismael-colosi\/"},"img":{"alt_text":"","src":"https:\/\/i0.wp.com\/noticiasribeiraopreto.com.br\/wp-content\/uploads\/2025\/12\/Tarifa-Diego-Baravelli-Minfra.jpg?fit=1170%2C700&ssl=1&resize=350%2C200","width":350,"height":200,"srcset":"https:\/\/i0.wp.com\/noticiasribeiraopreto.com.br\/wp-content\/uploads\/2025\/12\/Tarifa-Diego-Baravelli-Minfra.jpg?fit=1170%2C700&ssl=1&resize=350%2C200 1x, https:\/\/i0.wp.com\/noticiasribeiraopreto.com.br\/wp-content\/uploads\/2025\/12\/Tarifa-Diego-Baravelli-Minfra.jpg?fit=1170%2C700&ssl=1&resize=525%2C300 1.5x, https:\/\/i0.wp.com\/noticiasribeiraopreto.com.br\/wp-content\/uploads\/2025\/12\/Tarifa-Diego-Baravelli-Minfra.jpg?fit=1170%2C700&ssl=1&resize=700%2C400 2x, https:\/\/i0.wp.com\/noticiasribeiraopreto.com.br\/wp-content\/uploads\/2025\/12\/Tarifa-Diego-Baravelli-Minfra.jpg?fit=1170%2C700&ssl=1&resize=1050%2C600 3x"},"classes":[]}],"jetpack_sharing_enabled":true,"jetpack_shortlink":"https:\/\/wp.me\/peQAOb-jGN","_links":{"self":[{"href":"https:\/\/noticiasribeiraopreto.com.br\/index.php\/wp-json\/wp\/v2\/posts\/75689","targetHints":{"allow":["GET"]}}],"collection":[{"href":"https:\/\/noticiasribeiraopreto.com.br\/index.php\/wp-json\/wp\/v2\/posts"}],"about":[{"href":"https:\/\/noticiasribeiraopreto.com.br\/index.php\/wp-json\/wp\/v2\/types\/post"}],"author":[{"embeddable":true,"href":"https:\/\/noticiasribeiraopreto.com.br\/index.php\/wp-json\/wp\/v2\/users\/1"}],"replies":[{"embeddable":true,"href":"https:\/\/noticiasribeiraopreto.com.br\/index.php\/wp-json\/wp\/v2\/comments?post=75689"}],"version-history":[{"count":0,"href":"https:\/\/noticiasribeiraopreto.com.br\/index.php\/wp-json\/wp\/v2\/posts\/75689\/revisions"}],"wp:featuredmedia":[{"embeddable":true,"href":"https:\/\/noticiasribeiraopreto.com.br\/index.php\/wp-json\/wp\/v2\/media\/74283"}],"wp:attachment":[{"href":"https:\/\/noticiasribeiraopreto.com.br\/index.php\/wp-json\/wp\/v2\/media?parent=75689"}],"wp:term":[{"taxonomy":"category","embeddable":true,"href":"https:\/\/noticiasribeiraopreto.com.br\/index.php\/wp-json\/wp\/v2\/categories?post=75689"},{"taxonomy":"post_tag","embeddable":true,"href":"https:\/\/noticiasribeiraopreto.com.br\/index.php\/wp-json\/wp\/v2\/tags?post=75689"}],"curies":[{"name":"wp","href":"https:\/\/api.w.org\/{rel}","templated":true}]}}