{"id":75693,"date":"2025-08-13T22:04:31","date_gmt":"2025-08-14T01:04:31","guid":{"rendered":"https:\/\/noticiasribeiraopreto.com.br\/index.php\/2025\/08\/13\/incendio-de-grandes-proporcoes-atinge-canavial-em-ribeirao-preto-veja-video\/"},"modified":"2025-08-13T22:04:31","modified_gmt":"2025-08-14T01:04:31","slug":"incendio-de-grandes-proporcoes-atinge-canavial-em-ribeirao-preto-veja-video","status":"publish","type":"post","link":"https:\/\/noticiasribeiraopreto.com.br\/index.php\/2025\/08\/13\/incendio-de-grandes-proporcoes-atinge-canavial-em-ribeirao-preto-veja-video\/","title":{"rendered":"Inc\u00eandio de grandes propor\u00e7\u00f5es atinge canavial em Ribeir\u00e3o Preto; veja v\u00eddeo"},"content":{"rendered":"<div class='code-block code-block-1' style='margin: 8px 0 8px auto; text-align: right; display: block; clear: both;'>\n<p><a href=\"https:\/\/wa.link\/vpicfd\"><img data-recalc-dims=\"1\" class=\"wp-image-4922\" style=\"aspect-ratio: 2.0253164556962027; width: 561px; height: auto;\" src=\"https:\/\/i0.wp.com\/ismaelcolosi.com.br\/wp-content\/uploads\/2023\/11\/grupo-de-empregos-whatsapp-e-facebook-ismael-colosi-vagas.jpg?ssl=1\" alt=\"\" \/><\/a><\/p>\n<!-- \/wp:image -->\n<\/div>\n<p> <br \/>\n<\/p>\n<div data-td-block-uid=\"tdi_95\">\n<div class=\"tdb-block-inner td-fix-index\">\n<p><strong>Um inc\u00eandio de grandes propor\u00e7\u00f5es atinge<\/strong>, nesta quarta-feira (13), um <strong>canavial pr\u00f3ximo ao Portal dos Ip\u00eas<\/strong>, em Ribeir\u00e3o Preto. Moradores relataram que as chamas come\u00e7aram por volta das 15h.<\/p>\n<p>Segundo relatos, o Corpo de Bombeiros n\u00e3o p\u00f4de intervir diretamente, <strong>j\u00e1 que o inc\u00eandio ocorre dentro da \u00e1rea da usina.<\/strong><\/p>\n<h3 class=\"wp-block-heading\"><strong>Veja v\u00eddeo:<\/strong><\/h3>\n<blockquote class=\"instagram-media\" data-instgrm-permalink=\"https:\/\/www.instagram.com\/reel\/DNUKrw1hrMm\/?utm_source=ig_embed&amp;utm_campaign=loading\" data-instgrm-version=\"14\" style=\"background:#FFF;border:0;border-radius:3px;margin: 1px;max-width:540px;min-width:326px;padding:0;width:99.375%;width:-webkit-calc(100% - 2px);width:calc(100% - 2px)\"\/>\n<p>H\u00e1 suspeitas de que o fogo come\u00e7ou ap\u00f3s criminosos atearem fogo a um ve\u00edculo roubado. Peritos est\u00e3o a caminho para avaliar a situa\u00e7\u00e3o.<\/p>\n<p>Equipes de controle da pr\u00f3pria usina atuam para conter as chamas.<\/p>\n<hr class=\"wp-block-separator has-alpha-channel-opacity\"\/>\n<p>SAIBA MAIS<\/p>\n<p>O que se sabe sobre bar que faturou R$ 4 milh\u00f5es com tr\u00e1fico de drogas em Ribeir\u00e3o<\/p>\n<h2 class=\"wp-block-heading\"><strong>FIQUE ON<\/strong><\/h2>\n<p>Quer ficar por dentro de tudo que acontece em Ribeir\u00e3o Preto e regi\u00e3o? Ent\u00e3o siga os perfis do\u202facidade on\u202fno\u202f<a href=\"https:\/\/www.instagram.com\/acidadeonribeirao\" target=\"_blank\" rel=\"noreferrer noopener\">Instagram<\/a>\u202fe no\u202f<a href=\"https:\/\/www.facebook.com\/acidadeonribeirao\/\" target=\"_blank\" rel=\"noreferrer noopener\">Facebook<\/a>.<\/p>\n<p>Al\u00e9m disso, voc\u00ea pode receber as principais not\u00edcias diretamente no WhatsApp. Para isso, basta\u00a0<a href=\"https:\/\/chat.whatsapp.com\/BjKQZ9oJwlz8VVT50NuePq\" target=\"_blank\" rel=\"noreferrer noopener\">entrar no grupo clicando aqui<\/a>.<\/p>\n<p>Por fim, se quiser fazer uma den\u00fancia ou sugerir uma reportagem sobre Ribeir\u00e3o Preto e regi\u00e3o, envie uma mensagem pelo WhatsApp: (16) 99117-7802.<\/p>\n<p>VEJA TAMB\u00c9M<\/p>\n<p>A Mulher da Casa Abandonada morava em Campinas?<\/p>\n<p><!-- AI CONTENT END 1 -->\n<\/div>\n<\/div>\n<p><script async src=\"\/\/www.instagram.com\/embed.js\"><\/script><br \/>\n<br \/><br \/>\n<br \/><a href=\"https:\/\/www.acidadeon.com\/ribeiraopreto\/cotidiano\/incendio-de-grandes-proporcoes-atinge-canavial-em-ribeirao-preto-veja-video\/\">Source link <\/a><\/p>\n<!-- CONTENT END 1 -->\n","protected":false},"excerpt":{"rendered":"<p>Um inc\u00eandio de grandes propor\u00e7\u00f5es atinge, nesta quarta-feira (13), um canavial pr\u00f3ximo ao Portal dos Ip\u00eas, em Ribeir\u00e3o Preto. Moradores relataram que as chamas come\u00e7aram&#8230;<\/p>\n","protected":false},"author":1,"featured_media":75694,"comment_status":"open","ping_status":"open","sticky":false,"template":"","format":"standard","meta":{"advanced_seo_description":"","jetpack_seo_html_title":"","jetpack_seo_noindex":false,"jetpack_post_was_ever_published":false,"_jetpack_newsletter_access":"","_jetpack_dont_email_post_to_subs":false,"_jetpack_newsletter_tier_id":0,"_jetpack_memberships_contains_paywalled_content":false,"_jetpack_memberships_contains_paid_content":false,"footnotes":"","jetpack_publicize_message":"","jetpack_publicize_feature_enabled":true,"jetpack_social_post_already_shared":true,"jetpack_social_options":{"image_generator_settings":{"template":"highway","default_image_id":0,"font":"","enabled":false},"version":2}},"categories":[11],"tags":[],"class_list":["post-75693","post","type-post","status-publish","format-standard","has-post-thumbnail","hentry","category-noticias-de-ribeirao-preto-sp-e-regiao-ismael-colosi"],"jetpack_publicize_connections":[],"jetpack_featured_media_url":"https:\/\/i0.wp.com\/noticiasribeiraopreto.com.br\/wp-content\/uploads\/2025\/08\/Copia-de-Copia-de-Copia-de-TAMANHO-EXATO-PARA-FOTOS-NO-SISTEMA-NOVO-2025-08-13T212434.767_2025-08-14_00-24-41.webp.webp?fit=1200%2C675&ssl=1","jetpack-related-posts":[{"id":76913,"url":"https:\/\/noticiasribeiraopreto.com.br\/index.php\/2025\/09\/08\/incendio-de-grandes-proporcoes-atinge-canavial-na-regiao-de-ribeirao-preto-veja-o-video\/","url_meta":{"origin":75693,"position":0},"title":"Inc\u00eandio de grandes propor\u00e7\u00f5es atinge canavial na regi\u00e3o de Ribeir\u00e3o Preto; Veja o v\u00eddeo","author":"noticiasribeiraopreto.com.br","date":"8 de September de 2025","format":false,"excerpt":"Um inc\u00eandio de grandes propor\u00e7\u00f5es atinge, na tarde desta segunda-feira (8), um canavial localizado \u00e0s margens da estrada vicinal que liga Ipu\u00e3 a Gua\u00edra, na regi\u00e3o de Ribeir\u00e3o Preto \u2013 veja o v\u00eddeo abaixo.\u00a0 Motoristas que passaram pelo local registraram imagens impressionantes da fuma\u00e7a densa e escura, que tomou conta\u2026","rel":"","context":"In &quot;Not\u00edcias de Ribeir\u00e3o Preto-SP e Regi\u00e3o&quot;","block_context":{"text":"Not\u00edcias de Ribeir\u00e3o Preto-SP e Regi\u00e3o","link":"https:\/\/noticiasribeiraopreto.com.br\/index.php\/category\/noticias-de-ribeirao-preto-sp-e-regiao-ismael-colosi\/"},"img":{"alt_text":"","src":"https:\/\/i0.wp.com\/noticiasribeiraopreto.com.br\/wp-content\/uploads\/2025\/09\/incendio_2025-09-08_19-55-35.webp.webp?fit=1136%2C622&ssl=1&resize=350%2C200","width":350,"height":200,"srcset":"https:\/\/i0.wp.com\/noticiasribeiraopreto.com.br\/wp-content\/uploads\/2025\/09\/incendio_2025-09-08_19-55-35.webp.webp?fit=1136%2C622&ssl=1&resize=350%2C200 1x, https:\/\/i0.wp.com\/noticiasribeiraopreto.com.br\/wp-content\/uploads\/2025\/09\/incendio_2025-09-08_19-55-35.webp.webp?fit=1136%2C622&ssl=1&resize=525%2C300 1.5x, https:\/\/i0.wp.com\/noticiasribeiraopreto.com.br\/wp-content\/uploads\/2025\/09\/incendio_2025-09-08_19-55-35.webp.webp?fit=1136%2C622&ssl=1&resize=700%2C400 2x, https:\/\/i0.wp.com\/noticiasribeiraopreto.com.br\/wp-content\/uploads\/2025\/09\/incendio_2025-09-08_19-55-35.webp.webp?fit=1136%2C622&ssl=1&resize=1050%2C600 3x"},"classes":[]},{"id":53201,"url":"https:\/\/noticiasribeiraopreto.com.br\/index.php\/2024\/06\/17\/incendio-de-grandes-proporcoes-atinge-area-proximo-a-rodovia-de-ribeirao-veja-o-video\/","url_meta":{"origin":75693,"position":1},"title":"Inc\u00eandio de grandes propor\u00e7\u00f5es atinge \u00e1rea pr\u00f3ximo a rodovia de Ribeir\u00e3o; Veja o v\u00eddeo","author":"noticiasribeiraopreto.com.br","date":"17 de June de 2024","format":false,"excerpt":"Um inc\u00eandio de grandes propor\u00e7\u00f5es atingiu um canavial \u00e0s margens do Anel Vi\u00e1rio Norte \u2013 rodovia Alexandre Balbo (SP-328), em Ribeir\u00e3o Preto, na tarde desta segunda-feira (17). Devido a fuma\u00e7a no local, foi necess\u00e1rio interditar os dois sentidos da via. De acordo com a Entrevias, concession\u00e1ria que administra o trecho,\u2026","rel":"","context":"In &quot;Not\u00edcias de Ribeir\u00e3o Preto-SP e Regi\u00e3o&quot;","block_context":{"text":"Not\u00edcias de Ribeir\u00e3o Preto-SP e Regi\u00e3o","link":"https:\/\/noticiasribeiraopreto.com.br\/index.php\/category\/noticias-de-ribeirao-preto-sp-e-regiao-ismael-colosi\/"},"img":{"alt_text":"","src":"https:\/\/i0.wp.com\/noticiasribeiraopreto.com.br\/wp-content\/uploads\/2024\/06\/Copia-de-Copia-de-TAMANHO-EXATO-PARA-FOTOS-NO-SISTEMA-NOVO-80_2024-06-17_18-43-20_png_2024-06-17_18-43-20.webp.webp?fit=1200%2C675&ssl=1&resize=350%2C200","width":350,"height":200,"srcset":"https:\/\/i0.wp.com\/noticiasribeiraopreto.com.br\/wp-content\/uploads\/2024\/06\/Copia-de-Copia-de-TAMANHO-EXATO-PARA-FOTOS-NO-SISTEMA-NOVO-80_2024-06-17_18-43-20_png_2024-06-17_18-43-20.webp.webp?fit=1200%2C675&ssl=1&resize=350%2C200 1x, https:\/\/i0.wp.com\/noticiasribeiraopreto.com.br\/wp-content\/uploads\/2024\/06\/Copia-de-Copia-de-TAMANHO-EXATO-PARA-FOTOS-NO-SISTEMA-NOVO-80_2024-06-17_18-43-20_png_2024-06-17_18-43-20.webp.webp?fit=1200%2C675&ssl=1&resize=525%2C300 1.5x, https:\/\/i0.wp.com\/noticiasribeiraopreto.com.br\/wp-content\/uploads\/2024\/06\/Copia-de-Copia-de-TAMANHO-EXATO-PARA-FOTOS-NO-SISTEMA-NOVO-80_2024-06-17_18-43-20_png_2024-06-17_18-43-20.webp.webp?fit=1200%2C675&ssl=1&resize=700%2C400 2x, https:\/\/i0.wp.com\/noticiasribeiraopreto.com.br\/wp-content\/uploads\/2024\/06\/Copia-de-Copia-de-TAMANHO-EXATO-PARA-FOTOS-NO-SISTEMA-NOVO-80_2024-06-17_18-43-20_png_2024-06-17_18-43-20.webp.webp?fit=1200%2C675&ssl=1&resize=1050%2C600 3x"},"classes":[]},{"id":76127,"url":"https:\/\/noticiasribeiraopreto.com.br\/index.php\/2025\/08\/22\/incendio-de-grandes-proporcoes-atinge-canavial-e-interdita-rodovia-no-interior-de-sp\/","url_meta":{"origin":75693,"position":2},"title":"Inc\u00eandio de grandes propor\u00e7\u00f5es atinge canavial e interdita rodovia no interior de SP","author":"noticiasribeiraopreto.com.br","date":"22 de August de 2025","format":false,"excerpt":"Um inc\u00eandio de grandes propor\u00e7\u00f5es atingiu uma \u00e1rea de canavial e interditou a vicinal Oswaldo Gilberto, que liga Rifaina a Igarapava, no come\u00e7o da tarde desta sexta-feira (22). Ainda n\u00e3o se sabe o que provocou o inc\u00eandio. De acordo com as informa\u00e7\u00f5es, equipes da Defesa Civil e caminh\u00f5es-pipa est\u00e3o no\u2026","rel":"","context":"In &quot;Not\u00edcias de Ribeir\u00e3o Preto-SP e Regi\u00e3o&quot;","block_context":{"text":"Not\u00edcias de Ribeir\u00e3o Preto-SP e Regi\u00e3o","link":"https:\/\/noticiasribeiraopreto.com.br\/index.php\/category\/noticias-de-ribeirao-preto-sp-e-regiao-ismael-colosi\/"},"img":{"alt_text":"","src":"https:\/\/i0.wp.com\/noticiasribeiraopreto.com.br\/wp-content\/uploads\/2025\/08\/Copia-de-Copia-de-Copia-de-TAMANHO-EXATO-PARA-FOTOS-NO-SISTEMA-NOVO-2025-08-22T144825.182_2025-08-22_17-48-30.webp.webp?fit=1200%2C675&ssl=1&resize=350%2C200","width":350,"height":200,"srcset":"https:\/\/i0.wp.com\/noticiasribeiraopreto.com.br\/wp-content\/uploads\/2025\/08\/Copia-de-Copia-de-Copia-de-TAMANHO-EXATO-PARA-FOTOS-NO-SISTEMA-NOVO-2025-08-22T144825.182_2025-08-22_17-48-30.webp.webp?fit=1200%2C675&ssl=1&resize=350%2C200 1x, https:\/\/i0.wp.com\/noticiasribeiraopreto.com.br\/wp-content\/uploads\/2025\/08\/Copia-de-Copia-de-Copia-de-TAMANHO-EXATO-PARA-FOTOS-NO-SISTEMA-NOVO-2025-08-22T144825.182_2025-08-22_17-48-30.webp.webp?fit=1200%2C675&ssl=1&resize=525%2C300 1.5x, https:\/\/i0.wp.com\/noticiasribeiraopreto.com.br\/wp-content\/uploads\/2025\/08\/Copia-de-Copia-de-Copia-de-TAMANHO-EXATO-PARA-FOTOS-NO-SISTEMA-NOVO-2025-08-22T144825.182_2025-08-22_17-48-30.webp.webp?fit=1200%2C675&ssl=1&resize=700%2C400 2x, https:\/\/i0.wp.com\/noticiasribeiraopreto.com.br\/wp-content\/uploads\/2025\/08\/Copia-de-Copia-de-Copia-de-TAMANHO-EXATO-PARA-FOTOS-NO-SISTEMA-NOVO-2025-08-22T144825.182_2025-08-22_17-48-30.webp.webp?fit=1200%2C675&ssl=1&resize=1050%2C600 3x"},"classes":[]},{"id":75734,"url":"https:\/\/noticiasribeiraopreto.com.br\/index.php\/2025\/08\/14\/fogo-em-carro-furtado-deu-inicio-a-incendio-de-grandes-proporcoes-em-ribeirao-preto\/","url_meta":{"origin":75693,"position":3},"title":"Fogo em carro furtado deu in\u00edcio a inc\u00eandio de grandes propor\u00e7\u00f5es em Ribeir\u00e3o Preto","author":"noticiasribeiraopreto.com.br","date":"14 de August de 2025","format":false,"excerpt":"Um inc\u00eandio de grandes propor\u00e7\u00f5es em um canavial nesta quarta-feira (13), na zona Leste de Ribeir\u00e3o Preto, teve in\u00edcio com o fogo em um furg\u00e3o que havia sido furtado. Assista ao v\u00eddeo abaixo. Segundo informa\u00e7\u00f5es, o ve\u00edculo foi furtado nas proximidades do Parque dos Servidores, tamb\u00e9m na regi\u00e3o Leste. Na\u2026","rel":"","context":"In &quot;Not\u00edcias de Ribeir\u00e3o Preto-SP e Regi\u00e3o&quot;","block_context":{"text":"Not\u00edcias de Ribeir\u00e3o Preto-SP e Regi\u00e3o","link":"https:\/\/noticiasribeiraopreto.com.br\/index.php\/category\/noticias-de-ribeirao-preto-sp-e-regiao-ismael-colosi\/"},"img":{"alt_text":"","src":"https:\/\/i0.wp.com\/noticiasribeiraopreto.com.br\/wp-content\/uploads\/2025\/08\/WhatsApp-Image-2025-08-14-at-10.07.19_2025-08-14_13-12-33.webp.webp?fit=1200%2C860&ssl=1&resize=350%2C200","width":350,"height":200,"srcset":"https:\/\/i0.wp.com\/noticiasribeiraopreto.com.br\/wp-content\/uploads\/2025\/08\/WhatsApp-Image-2025-08-14-at-10.07.19_2025-08-14_13-12-33.webp.webp?fit=1200%2C860&ssl=1&resize=350%2C200 1x, https:\/\/i0.wp.com\/noticiasribeiraopreto.com.br\/wp-content\/uploads\/2025\/08\/WhatsApp-Image-2025-08-14-at-10.07.19_2025-08-14_13-12-33.webp.webp?fit=1200%2C860&ssl=1&resize=525%2C300 1.5x, https:\/\/i0.wp.com\/noticiasribeiraopreto.com.br\/wp-content\/uploads\/2025\/08\/WhatsApp-Image-2025-08-14-at-10.07.19_2025-08-14_13-12-33.webp.webp?fit=1200%2C860&ssl=1&resize=700%2C400 2x, https:\/\/i0.wp.com\/noticiasribeiraopreto.com.br\/wp-content\/uploads\/2025\/08\/WhatsApp-Image-2025-08-14-at-10.07.19_2025-08-14_13-12-33.webp.webp?fit=1200%2C860&ssl=1&resize=1050%2C600 3x"},"classes":[]},{"id":57093,"url":"https:\/\/noticiasribeiraopreto.com.br\/index.php\/2024\/08\/22\/incendio-atinge-canavial-e-funcionarios-de-usina-na-regiao-de-ribeirao-preto-evacuam-o-local\/","url_meta":{"origin":75693,"position":4},"title":"Inc\u00eandio atinge canavial e funcion\u00e1rios de usina na regi\u00e3o de Ribeir\u00e3o Preto evacuam o local","author":"noticiasribeiraopreto.com.br","date":"22 de August de 2024","format":false,"excerpt":"Um inc\u00eandio de grandes propor\u00e7\u00f5es atingiu uma regi\u00e3o de canavial pr\u00f3ximo \u00e0 rodovia Armando de Sales Oliveira (SP-322), em Sert\u00e3ozinho, cidade na regi\u00e3o de Ribeir\u00e3o Preto, e fez com que funcion\u00e1rios de uma usina deixassem o local na tarde desta quinta-feira (22). De acordo com a Ra\u00edzen, as chamas se\u2026","rel":"","context":"In &quot;Not\u00edcias de Ribeir\u00e3o Preto-SP e Regi\u00e3o&quot;","block_context":{"text":"Not\u00edcias de Ribeir\u00e3o Preto-SP e Regi\u00e3o","link":"https:\/\/noticiasribeiraopreto.com.br\/index.php\/category\/noticias-de-ribeirao-preto-sp-e-regiao-ismael-colosi\/"},"img":{"alt_text":"","src":"https:\/\/i0.wp.com\/noticiasribeiraopreto.com.br\/wp-content\/uploads\/2024\/08\/WhatsApp-Image-2024-08-22-at-19.11.40_2024-08-22_22-27-18_jpeg_2024-08-22_22-27-18.webp.webp?fit=750%2C427&ssl=1&resize=350%2C200","width":350,"height":200,"srcset":"https:\/\/i0.wp.com\/noticiasribeiraopreto.com.br\/wp-content\/uploads\/2024\/08\/WhatsApp-Image-2024-08-22-at-19.11.40_2024-08-22_22-27-18_jpeg_2024-08-22_22-27-18.webp.webp?fit=750%2C427&ssl=1&resize=350%2C200 1x, https:\/\/i0.wp.com\/noticiasribeiraopreto.com.br\/wp-content\/uploads\/2024\/08\/WhatsApp-Image-2024-08-22-at-19.11.40_2024-08-22_22-27-18_jpeg_2024-08-22_22-27-18.webp.webp?fit=750%2C427&ssl=1&resize=525%2C300 1.5x, https:\/\/i0.wp.com\/noticiasribeiraopreto.com.br\/wp-content\/uploads\/2024\/08\/WhatsApp-Image-2024-08-22-at-19.11.40_2024-08-22_22-27-18_jpeg_2024-08-22_22-27-18.webp.webp?fit=750%2C427&ssl=1&resize=700%2C400 2x"},"classes":[]},{"id":57315,"url":"https:\/\/noticiasribeiraopreto.com.br\/index.php\/2024\/08\/28\/incendio-atinge-canavial-e-mata-da-regiao-de-ribeirao-veja-video\/","url_meta":{"origin":75693,"position":5},"title":"Inc\u00eandio atinge canavial e mata da regi\u00e3o de Ribeir\u00e3o; veja v\u00eddeo","author":"noticiasribeiraopreto.com.br","date":"28 de August de 2024","format":false,"excerpt":"Na tarde desta quarta-feira (28) foi registrado mais um inc\u00eandio na regi\u00e3o de Ribeir\u00e3o. Dessa vez, o fogo acontece em Morro Agudo. Segundo coordenador da Defesa Civil de\u00a0Morro\u00a0Agudo, Jess\u00e9 Carrascosa, o fogo est\u00e1 fora de controle. \u201cVento forte no munic\u00edpio de Morro Agudo, inc\u00eandio em canavial e tamb\u00e9m em \u00e1rea\u2026","rel":"","context":"In &quot;Not\u00edcias de Ribeir\u00e3o Preto-SP e Regi\u00e3o&quot;","block_context":{"text":"Not\u00edcias de Ribeir\u00e3o Preto-SP e Regi\u00e3o","link":"https:\/\/noticiasribeiraopreto.com.br\/index.php\/category\/noticias-de-ribeirao-preto-sp-e-regiao-ismael-colosi\/"},"img":{"alt_text":"","src":"https:\/\/i0.wp.com\/noticiasribeiraopreto.com.br\/wp-content\/uploads\/2024\/08\/Imagem-do-WhatsApp-de-2024-08-28-as-16.44.34_d30027ad_2024-08-28_20-02-06_jpg_2024-08-28_20-02-06.webp.webp?fit=1200%2C675&ssl=1&resize=350%2C200","width":350,"height":200,"srcset":"https:\/\/i0.wp.com\/noticiasribeiraopreto.com.br\/wp-content\/uploads\/2024\/08\/Imagem-do-WhatsApp-de-2024-08-28-as-16.44.34_d30027ad_2024-08-28_20-02-06_jpg_2024-08-28_20-02-06.webp.webp?fit=1200%2C675&ssl=1&resize=350%2C200 1x, https:\/\/i0.wp.com\/noticiasribeiraopreto.com.br\/wp-content\/uploads\/2024\/08\/Imagem-do-WhatsApp-de-2024-08-28-as-16.44.34_d30027ad_2024-08-28_20-02-06_jpg_2024-08-28_20-02-06.webp.webp?fit=1200%2C675&ssl=1&resize=525%2C300 1.5x, https:\/\/i0.wp.com\/noticiasribeiraopreto.com.br\/wp-content\/uploads\/2024\/08\/Imagem-do-WhatsApp-de-2024-08-28-as-16.44.34_d30027ad_2024-08-28_20-02-06_jpg_2024-08-28_20-02-06.webp.webp?fit=1200%2C675&ssl=1&resize=700%2C400 2x, https:\/\/i0.wp.com\/noticiasribeiraopreto.com.br\/wp-content\/uploads\/2024\/08\/Imagem-do-WhatsApp-de-2024-08-28-as-16.44.34_d30027ad_2024-08-28_20-02-06_jpg_2024-08-28_20-02-06.webp.webp?fit=1200%2C675&ssl=1&resize=1050%2C600 3x"},"classes":[]}],"jetpack_sharing_enabled":true,"jetpack_shortlink":"https:\/\/wp.me\/peQAOb-jGR","_links":{"self":[{"href":"https:\/\/noticiasribeiraopreto.com.br\/index.php\/wp-json\/wp\/v2\/posts\/75693","targetHints":{"allow":["GET"]}}],"collection":[{"href":"https:\/\/noticiasribeiraopreto.com.br\/index.php\/wp-json\/wp\/v2\/posts"}],"about":[{"href":"https:\/\/noticiasribeiraopreto.com.br\/index.php\/wp-json\/wp\/v2\/types\/post"}],"author":[{"embeddable":true,"href":"https:\/\/noticiasribeiraopreto.com.br\/index.php\/wp-json\/wp\/v2\/users\/1"}],"replies":[{"embeddable":true,"href":"https:\/\/noticiasribeiraopreto.com.br\/index.php\/wp-json\/wp\/v2\/comments?post=75693"}],"version-history":[{"count":0,"href":"https:\/\/noticiasribeiraopreto.com.br\/index.php\/wp-json\/wp\/v2\/posts\/75693\/revisions"}],"wp:featuredmedia":[{"embeddable":true,"href":"https:\/\/noticiasribeiraopreto.com.br\/index.php\/wp-json\/wp\/v2\/media\/75694"}],"wp:attachment":[{"href":"https:\/\/noticiasribeiraopreto.com.br\/index.php\/wp-json\/wp\/v2\/media?parent=75693"}],"wp:term":[{"taxonomy":"category","embeddable":true,"href":"https:\/\/noticiasribeiraopreto.com.br\/index.php\/wp-json\/wp\/v2\/categories?post=75693"},{"taxonomy":"post_tag","embeddable":true,"href":"https:\/\/noticiasribeiraopreto.com.br\/index.php\/wp-json\/wp\/v2\/tags?post=75693"}],"curies":[{"name":"wp","href":"https:\/\/api.w.org\/{rel}","templated":true}]}}