{"id":75695,"date":"2025-08-13T22:11:40","date_gmt":"2025-08-14T01:11:40","guid":{"rendered":"https:\/\/noticiasribeiraopreto.com.br\/index.php\/2025\/08\/13\/camara-municipal-aprova-projeto-que-concede-area-da-recra-ao-sesc-ribeirao\/"},"modified":"2025-08-13T22:11:40","modified_gmt":"2025-08-14T01:11:40","slug":"camara-municipal-aprova-projeto-que-concede-area-da-recra-ao-sesc-ribeirao","status":"publish","type":"post","link":"https:\/\/noticiasribeiraopreto.com.br\/index.php\/2025\/08\/13\/camara-municipal-aprova-projeto-que-concede-area-da-recra-ao-sesc-ribeirao\/","title":{"rendered":"C\u00e2mara Municipal aprova projeto que concede \u00e1rea da Recra ao Sesc Ribeir\u00e3o"},"content":{"rendered":"<div class='code-block code-block-1' style='margin: 8px 0 8px auto; text-align: right; display: block; clear: both;'>\n<p><a href=\"https:\/\/wa.link\/vpicfd\"><img data-recalc-dims=\"1\" class=\"wp-image-4922\" style=\"aspect-ratio: 2.0253164556962027; width: 561px; height: auto;\" src=\"https:\/\/i0.wp.com\/ismaelcolosi.com.br\/wp-content\/uploads\/2023\/11\/grupo-de-empregos-whatsapp-e-facebook-ismael-colosi-vagas.jpg?ssl=1\" alt=\"\" \/><\/a><\/p>\n<!-- \/wp:image -->\n<\/div>\n<p> <br \/>\n<\/p>\n<div>\n<p>A <strong>C\u00e2mara Municipal de Ribeir\u00e3o Preto aprovou o projeto de lei complementar 32\/2025<\/strong>, que autoriza a <strong>Prefeitura a conceder ao Sesc Ribeir\u00e3o Preto<\/strong>, por 99 anos, uma \u00e1rea p\u00fablica localizada dentro da antiga sede da Sociedade Recreativa e de Esportes de Ribeir\u00e3o Preto (Recra), na avenida Nove de Julho.<\/p>\n<p>O espa\u00e7o, <strong>adquirido no ano passado por R$ 44 milh\u00f5es<\/strong>, tem parte pertencente ao munic\u00edpio. As \u00e1reas somam quase 30 mil metros quadrados. Com a aprova\u00e7\u00e3o, o<strong> Sesc est\u00e1 autorizado a ocupar a \u00e1rea e iniciar os planos para a nova unidade na cidade.<\/strong><\/p>\n<h2 class=\"wp-block-heading\"><strong>Entenda o projeto<\/strong><\/h2>\n<p>Com a aprova\u00e7\u00e3o, o <strong>Sesc Ribeir\u00e3o Preto assume o compromisso pela manuten\u00e7\u00e3o do canteiro central da avenida Nove de Julho<\/strong>, de manter, por cinco anos, o canteiro central da avenida Nove de Julho, no trecho entre as avenidas Santa Luzia e Independ\u00eancia (cerca de 1,2 quil\u00f4metro). A institui\u00e7\u00e3o tamb\u00e9m dever\u00e1 reformar a pra\u00e7a Luiz de Cam\u00f5es, ao lado da antiga sede da Recra.<\/p>\n<p>Al\u00e9m disso, durante cinco anos, a avenida Nove de Julho ser\u00e1 fechada aos domingos, das 9h \u00e0s 13h, para atividades culturais, esportivas e sociais gratuitas organizadas pelo Sesc.<\/p>\n<p><strong>A dire\u00e7\u00e3o do Sesc confirmou que a unidade localizada na rua Tibiri\u00e7\u00e1 n\u00e3o ser\u00e1 desativada.<\/strong> Uma equipe estuda novas formas de utiliza\u00e7\u00e3o do espa\u00e7o, que continuar\u00e1 em funcionamento.<\/p>\n<h3 class=\"wp-block-heading\"><strong>Pr\u00f3ximos passos:<\/strong><\/h3>\n<p>Com a aprova\u00e7\u00e3o em plen\u00e1rio, o <strong>projeto agora ser\u00e1 encaminhado para san\u00e7\u00e3o do prefeito Ricardo Silva (PSD)<\/strong>, etapa necess\u00e1ria para que a lei complementar entre em vigor e a cess\u00e3o da \u00e1rea seja formalizada.<\/p>\n<hr class=\"wp-block-separator has-alpha-channel-opacity\"\/>\n<p>SAIBA MAIS<\/p>\n<p>O que se sabe sobre bar que faturou R$ 4 milh\u00f5es com tr\u00e1fico de drogas em Ribeir\u00e3o<\/p>\n<h2 class=\"wp-block-heading\"><strong>FIQUE ON<\/strong><\/h2>\n<p>Quer ficar por dentro de tudo que acontece em Ribeir\u00e3o Preto e regi\u00e3o? Ent\u00e3o siga os perfis do\u202facidade on\u202fno\u202f<a href=\"https:\/\/www.instagram.com\/acidadeonribeirao\" target=\"_blank\" rel=\"noreferrer noopener\">Instagram<\/a>\u202fe no\u202f<a href=\"https:\/\/www.facebook.com\/acidadeonribeirao\/\" target=\"_blank\" rel=\"noreferrer noopener\">Facebook<\/a>.<\/p>\n<p>Al\u00e9m disso, voc\u00ea pode receber as principais not\u00edcias diretamente no WhatsApp. Para isso, basta\u00a0<a href=\"https:\/\/chat.whatsapp.com\/BjKQZ9oJwlz8VVT50NuePq\" target=\"_blank\" rel=\"noreferrer noopener\">entrar no grupo clicando aqui<\/a>.<\/p>\n<p>Por fim, se quiser fazer uma den\u00fancia ou sugerir uma reportagem sobre Ribeir\u00e3o Preto e regi\u00e3o, envie uma mensagem pelo WhatsApp: (16) 99117-7802.<\/p>\n<p>VEJA TAMB\u00c9M<\/p>\n<p>A Mulher da Casa Abandonada morava em Campinas?<\/p>\n<p><!-- AI CONTENT END 1 -->\n<\/div>\n<p><script async src=\"\/\/www.instagram.com\/embed.js\"><\/script><br \/>\n<br \/><br \/>\n<br \/><a href=\"https:\/\/www.acidadeon.com\/ribeiraopreto\/politica\/camara-municipal-aprova-projeto-que-concede-area-da-recra-ao-sesc-ribeirao\/\">Source link <\/a><\/p>\n<!-- CONTENT END 1 -->\n","protected":false},"excerpt":{"rendered":"<p>A C\u00e2mara Municipal de Ribeir\u00e3o Preto aprovou o projeto de lei complementar 32\/2025, que autoriza a Prefeitura a conceder ao Sesc Ribeir\u00e3o Preto, por 99&#8230;<\/p>\n","protected":false},"author":1,"featured_media":75696,"comment_status":"open","ping_status":"open","sticky":false,"template":"","format":"standard","meta":{"advanced_seo_description":"","jetpack_seo_html_title":"","jetpack_seo_noindex":false,"jetpack_post_was_ever_published":false,"_jetpack_newsletter_access":"","_jetpack_dont_email_post_to_subs":false,"_jetpack_newsletter_tier_id":0,"_jetpack_memberships_contains_paywalled_content":false,"_jetpack_memberships_contains_paid_content":false,"footnotes":"","jetpack_publicize_message":"","jetpack_publicize_feature_enabled":true,"jetpack_social_post_already_shared":true,"jetpack_social_options":{"image_generator_settings":{"template":"highway","default_image_id":0,"font":"","enabled":false},"version":2}},"categories":[11],"tags":[],"class_list":["post-75695","post","type-post","status-publish","format-standard","has-post-thumbnail","hentry","category-noticias-de-ribeirao-preto-sp-e-regiao-ismael-colosi"],"jetpack_publicize_connections":[],"jetpack_featured_media_url":"https:\/\/i0.wp.com\/noticiasribeiraopreto.com.br\/wp-content\/uploads\/2025\/08\/Copia-de-Copia-de-Copia-de-TAMANHO-EXATO-PARA-FOTOS-NO-SISTEMA-NOVO-2024-11-13T173703.042_2024-11-13_20-37-07_png_2024-11-13_20-37-07.webp.webp?fit=1200%2C675&ssl=1","jetpack-related-posts":[{"id":75500,"url":"https:\/\/noticiasribeiraopreto.com.br\/index.php\/2025\/08\/10\/entenda-acordo-entre-sesc-e-prefeitura-de-ribeirao-sobre-antiga-sede-da-recra\/","url_meta":{"origin":75695,"position":0},"title":"Entenda acordo entre Sesc e Prefeitura de Ribeir\u00e3o sobre antiga sede da Recra","author":"noticiasribeiraopreto.com.br","date":"10 de August de 2025","format":false,"excerpt":"J\u00e1 deu entrada na C\u00e2mara Municipal de Ribeir\u00e3o Preto o projeto de lei complementar 32\/2025 que autoriza a prefeitura a conceder ao Sesc Ribeir\u00e3o, por 99 anos, uma \u00e1rea p\u00fablica que fica dentro da antiga sede da Sociedade Recreativa e de Esportes de Ribeir\u00e3o Preto, a Recra, na avenida Nove\u2026","rel":"","context":"In &quot;Not\u00edcias de Ribeir\u00e3o Preto-SP e Regi\u00e3o&quot;","block_context":{"text":"Not\u00edcias de Ribeir\u00e3o Preto-SP e Regi\u00e3o","link":"https:\/\/noticiasribeiraopreto.com.br\/index.php\/category\/noticias-de-ribeirao-preto-sp-e-regiao-ismael-colosi\/"},"img":{"alt_text":"","src":"https:\/\/i0.wp.com\/noticiasribeiraopreto.com.br\/wp-content\/uploads\/2025\/08\/WhatsApp-Image-2024-11-10-at-11.52.28-1_2024-11-10_14-55-49_jpeg_2024-11-10_14-55-49.webp.webp?fit=1200%2C900&ssl=1&resize=350%2C200","width":350,"height":200,"srcset":"https:\/\/i0.wp.com\/noticiasribeiraopreto.com.br\/wp-content\/uploads\/2025\/08\/WhatsApp-Image-2024-11-10-at-11.52.28-1_2024-11-10_14-55-49_jpeg_2024-11-10_14-55-49.webp.webp?fit=1200%2C900&ssl=1&resize=350%2C200 1x, https:\/\/i0.wp.com\/noticiasribeiraopreto.com.br\/wp-content\/uploads\/2025\/08\/WhatsApp-Image-2024-11-10-at-11.52.28-1_2024-11-10_14-55-49_jpeg_2024-11-10_14-55-49.webp.webp?fit=1200%2C900&ssl=1&resize=525%2C300 1.5x, https:\/\/i0.wp.com\/noticiasribeiraopreto.com.br\/wp-content\/uploads\/2025\/08\/WhatsApp-Image-2024-11-10-at-11.52.28-1_2024-11-10_14-55-49_jpeg_2024-11-10_14-55-49.webp.webp?fit=1200%2C900&ssl=1&resize=700%2C400 2x, https:\/\/i0.wp.com\/noticiasribeiraopreto.com.br\/wp-content\/uploads\/2025\/08\/WhatsApp-Image-2024-11-10-at-11.52.28-1_2024-11-10_14-55-49_jpeg_2024-11-10_14-55-49.webp.webp?fit=1200%2C900&ssl=1&resize=1050%2C600 3x"},"classes":[]},{"id":75296,"url":"https:\/\/noticiasribeiraopreto.com.br\/index.php\/2025\/08\/06\/sesc-e-prefeitura-de-ribeirao-preto-chegam-a-acordo-sobre-area-da-recra-2\/","url_meta":{"origin":75695,"position":1},"title":"Sesc e Prefeitura de Ribeir\u00e3o Preto chegam a acordo sobre \u00e1rea da Recra","author":"noticiasribeiraopreto.com.br","date":"6 de August de 2025","format":false,"excerpt":"A Prefeitura de Ribeir\u00e3o Preto anunciou nesta ter\u00e7a-feira (6) que enviar\u00e1 \u00e0 C\u00e2mara Municipal dois projetos de lei que autorizam a cess\u00e3o por 99 anos ao Sesc Ribeir\u00e3o Preto de uma \u00e1rea p\u00fablica dentro da antiga sede da Sociedade Recreativa e de Esportes de Ribeir\u00e3o Preto, a Recra, na avenida\u2026","rel":"","context":"In &quot;Not\u00edcias de Ribeir\u00e3o Preto-SP e Regi\u00e3o&quot;","block_context":{"text":"Not\u00edcias de Ribeir\u00e3o Preto-SP e Regi\u00e3o","link":"https:\/\/noticiasribeiraopreto.com.br\/index.php\/category\/noticias-de-ribeirao-preto-sp-e-regiao-ismael-colosi\/"},"img":{"alt_text":"","src":"https:\/\/i0.wp.com\/noticiasribeiraopreto.com.br\/wp-content\/uploads\/2025\/08\/WhatsApp-Image-2024-11-10-at-11.52.27_2024-11-10_14-55-52_jpeg_2024-11-10_14-55-52.webp.webp?fit=1200%2C900&ssl=1&resize=350%2C200","width":350,"height":200,"srcset":"https:\/\/i0.wp.com\/noticiasribeiraopreto.com.br\/wp-content\/uploads\/2025\/08\/WhatsApp-Image-2024-11-10-at-11.52.27_2024-11-10_14-55-52_jpeg_2024-11-10_14-55-52.webp.webp?fit=1200%2C900&ssl=1&resize=350%2C200 1x, https:\/\/i0.wp.com\/noticiasribeiraopreto.com.br\/wp-content\/uploads\/2025\/08\/WhatsApp-Image-2024-11-10-at-11.52.27_2024-11-10_14-55-52_jpeg_2024-11-10_14-55-52.webp.webp?fit=1200%2C900&ssl=1&resize=525%2C300 1.5x, https:\/\/i0.wp.com\/noticiasribeiraopreto.com.br\/wp-content\/uploads\/2025\/08\/WhatsApp-Image-2024-11-10-at-11.52.27_2024-11-10_14-55-52_jpeg_2024-11-10_14-55-52.webp.webp?fit=1200%2C900&ssl=1&resize=700%2C400 2x, https:\/\/i0.wp.com\/noticiasribeiraopreto.com.br\/wp-content\/uploads\/2025\/08\/WhatsApp-Image-2024-11-10-at-11.52.27_2024-11-10_14-55-52_jpeg_2024-11-10_14-55-52.webp.webp?fit=1200%2C900&ssl=1&resize=1050%2C600 3x"},"classes":[]},{"id":75272,"url":"https:\/\/noticiasribeiraopreto.com.br\/index.php\/2025\/08\/06\/sesc-e-prefeitura-de-ribeirao-preto-chegam-a-acordo-sobre-area-da-recra\/","url_meta":{"origin":75695,"position":2},"title":"Sesc e Prefeitura de Ribeir\u00e3o Preto chegam a acordo sobre \u00e1rea da Recra","author":"noticiasribeiraopreto.com.br","date":"6 de August de 2025","format":false,"excerpt":"A Prefeitura de Ribeir\u00e3o Preto anunciou nesta ter\u00e7a-feira (6) que enviar\u00e1 \u00e0 C\u00e2mara Municipal dois projetos de lei que autorizam a cess\u00e3o por 99 anos ao Sesc Ribeir\u00e3o Preto de uma \u00e1rea p\u00fablica dentro da antiga sede da Sociedade Recreativa e de Esportes de Ribeir\u00e3o Preto, a Recra. A \u00e1rea\u2026","rel":"","context":"In &quot;Not\u00edcias de Ribeir\u00e3o Preto-SP e Regi\u00e3o&quot;","block_context":{"text":"Not\u00edcias de Ribeir\u00e3o Preto-SP e Regi\u00e3o","link":"https:\/\/noticiasribeiraopreto.com.br\/index.php\/category\/noticias-de-ribeirao-preto-sp-e-regiao-ismael-colosi\/"},"img":{"alt_text":"","src":"https:\/\/i0.wp.com\/noticiasribeiraopreto.com.br\/wp-content\/uploads\/2025\/08\/WhatsApp-Image-2025-08-06-at-12.44.22-1_2025-08-06_15-50-52.webp.webp?fit=1200%2C900&ssl=1&resize=350%2C200","width":350,"height":200,"srcset":"https:\/\/i0.wp.com\/noticiasribeiraopreto.com.br\/wp-content\/uploads\/2025\/08\/WhatsApp-Image-2025-08-06-at-12.44.22-1_2025-08-06_15-50-52.webp.webp?fit=1200%2C900&ssl=1&resize=350%2C200 1x, https:\/\/i0.wp.com\/noticiasribeiraopreto.com.br\/wp-content\/uploads\/2025\/08\/WhatsApp-Image-2025-08-06-at-12.44.22-1_2025-08-06_15-50-52.webp.webp?fit=1200%2C900&ssl=1&resize=525%2C300 1.5x, https:\/\/i0.wp.com\/noticiasribeiraopreto.com.br\/wp-content\/uploads\/2025\/08\/WhatsApp-Image-2025-08-06-at-12.44.22-1_2025-08-06_15-50-52.webp.webp?fit=1200%2C900&ssl=1&resize=700%2C400 2x, https:\/\/i0.wp.com\/noticiasribeiraopreto.com.br\/wp-content\/uploads\/2025\/08\/WhatsApp-Image-2025-08-06-at-12.44.22-1_2025-08-06_15-50-52.webp.webp?fit=1200%2C900&ssl=1&resize=1050%2C600 3x"},"classes":[]},{"id":75284,"url":"https:\/\/noticiasribeiraopreto.com.br\/index.php\/2025\/08\/06\/prefeitura-vai-ceder-duas-areas-para-o-sesc\/","url_meta":{"origin":75695,"position":3},"title":"Prefeitura vai ceder duas \u00e1reas para o Sesc","author":"noticiasribeiraopreto.com.br","date":"6 de August de 2025","format":false,"excerpt":"6 de agosto de 2025 15:131 Compartilhar0 A Prefeitura de Ribeir\u00e3o Preto anunciou nesta ter\u00e7a-feira, 6 de agosto, que ir\u00e1 ceder por 99 anos, para o Servi\u00e7o Social do Com\u00e9rcio (Sesc) de Ribeir\u00e3o Preto duas \u00e1reas do munic\u00edpio localizadas dentro da antiga sede da Sociedade Recreativa e de Esportes, na\u2026","rel":"","context":"In &quot;Not\u00edcias de Ribeir\u00e3o Preto-SP e Regi\u00e3o&quot;","block_context":{"text":"Not\u00edcias de Ribeir\u00e3o Preto-SP e Regi\u00e3o","link":"https:\/\/noticiasribeiraopreto.com.br\/index.php\/category\/noticias-de-ribeirao-preto-sp-e-regiao-ismael-colosi\/"},"img":{"alt_text":"","src":"https:\/\/i0.wp.com\/noticiasribeiraopreto.com.br\/wp-content\/uploads\/2025\/08\/2-fachada-recra-risk-scaled.jpg?fit=750%2C500&ssl=1&resize=350%2C200","width":350,"height":200,"srcset":"https:\/\/i0.wp.com\/noticiasribeiraopreto.com.br\/wp-content\/uploads\/2025\/08\/2-fachada-recra-risk-scaled.jpg?fit=750%2C500&ssl=1&resize=350%2C200 1x, https:\/\/i0.wp.com\/noticiasribeiraopreto.com.br\/wp-content\/uploads\/2025\/08\/2-fachada-recra-risk-scaled.jpg?fit=750%2C500&ssl=1&resize=525%2C300 1.5x, https:\/\/i0.wp.com\/noticiasribeiraopreto.com.br\/wp-content\/uploads\/2025\/08\/2-fachada-recra-risk-scaled.jpg?fit=750%2C500&ssl=1&resize=700%2C400 2x"},"classes":[]},{"id":75707,"url":"https:\/\/noticiasribeiraopreto.com.br\/index.php\/2025\/08\/14\/camara-aprova-cessao-de-areas-para-o-sesc\/","url_meta":{"origin":75695,"position":4},"title":"C\u00e2mara aprova cess\u00e3o de \u00e1reas para o Sesc\u00a0","author":"noticiasribeiraopreto.com.br","date":"14 de August de 2025","format":false,"excerpt":"14 de agosto de 2025 09:1514 de agosto de 2025 09:041 Compartilhar0 A C\u00e2mara de Vereadores aprovou, na sess\u00e3o desta quarta-feira, 13 de agosto, em primeira discuss\u00e3o, o projeto da prefeitura de Ribeir\u00e3o Preto que cede, por 99 anos, duas \u00e1reas do munic\u00edpio localizadas dentro da antiga sede da Sociedade\u2026","rel":"","context":"In &quot;Not\u00edcias de Ribeir\u00e3o Preto-SP e Regi\u00e3o&quot;","block_context":{"text":"Not\u00edcias de Ribeir\u00e3o Preto-SP e Regi\u00e3o","link":"https:\/\/noticiasribeiraopreto.com.br\/index.php\/category\/noticias-de-ribeirao-preto-sp-e-regiao-ismael-colosi\/"},"img":{"alt_text":"","src":"https:\/\/i0.wp.com\/noticiasribeiraopreto.com.br\/wp-content\/uploads\/2025\/08\/recravenda1.jpg?fit=750%2C500&ssl=1&resize=350%2C200","width":350,"height":200,"srcset":"https:\/\/i0.wp.com\/noticiasribeiraopreto.com.br\/wp-content\/uploads\/2025\/08\/recravenda1.jpg?fit=750%2C500&ssl=1&resize=350%2C200 1x, https:\/\/i0.wp.com\/noticiasribeiraopreto.com.br\/wp-content\/uploads\/2025\/08\/recravenda1.jpg?fit=750%2C500&ssl=1&resize=525%2C300 1.5x, https:\/\/i0.wp.com\/noticiasribeiraopreto.com.br\/wp-content\/uploads\/2025\/08\/recravenda1.jpg?fit=750%2C500&ssl=1&resize=700%2C400 2x"},"classes":[]},{"id":76284,"url":"https:\/\/noticiasribeiraopreto.com.br\/index.php\/2025\/08\/26\/sancionada-cessao-de-areas-para-o-sesc\/","url_meta":{"origin":75695,"position":5},"title":"Sancionada cess\u00e3o de \u00e1reas para o Sesc","author":"noticiasribeiraopreto.com.br","date":"26 de August de 2025","format":false,"excerpt":"26 de agosto de 2025 09:1026 de agosto de 2025 08:1510 Compartilhar0 O prefeito Ricardo Silva (PSD) sancionou a lei complementar n\u00famero 3.274\/20254 que cede, por 99 anos, duas \u00e1reas do munic\u00edpio localizadas dentro da antiga sede da Sociedade Recreativa e de Esportes de Ribeir\u00e3o Preto ao Servi\u00e7o Social do\u2026","rel":"","context":"In &quot;Not\u00edcias de Ribeir\u00e3o Preto-SP e Regi\u00e3o&quot;","block_context":{"text":"Not\u00edcias de Ribeir\u00e3o Preto-SP e Regi\u00e3o","link":"https:\/\/noticiasribeiraopreto.com.br\/index.php\/category\/noticias-de-ribeirao-preto-sp-e-regiao-ismael-colosi\/"},"img":{"alt_text":"","src":"https:\/\/i0.wp.com\/noticiasribeiraopreto.com.br\/wp-content\/uploads\/2025\/08\/Recra-Alfredo-Risk-scaled.jpg?fit=1170%2C780&ssl=1&resize=350%2C200","width":350,"height":200,"srcset":"https:\/\/i0.wp.com\/noticiasribeiraopreto.com.br\/wp-content\/uploads\/2025\/08\/Recra-Alfredo-Risk-scaled.jpg?fit=1170%2C780&ssl=1&resize=350%2C200 1x, https:\/\/i0.wp.com\/noticiasribeiraopreto.com.br\/wp-content\/uploads\/2025\/08\/Recra-Alfredo-Risk-scaled.jpg?fit=1170%2C780&ssl=1&resize=525%2C300 1.5x, https:\/\/i0.wp.com\/noticiasribeiraopreto.com.br\/wp-content\/uploads\/2025\/08\/Recra-Alfredo-Risk-scaled.jpg?fit=1170%2C780&ssl=1&resize=700%2C400 2x, https:\/\/i0.wp.com\/noticiasribeiraopreto.com.br\/wp-content\/uploads\/2025\/08\/Recra-Alfredo-Risk-scaled.jpg?fit=1170%2C780&ssl=1&resize=1050%2C600 3x"},"classes":[]}],"jetpack_sharing_enabled":true,"jetpack_shortlink":"https:\/\/wp.me\/peQAOb-jGT","_links":{"self":[{"href":"https:\/\/noticiasribeiraopreto.com.br\/index.php\/wp-json\/wp\/v2\/posts\/75695","targetHints":{"allow":["GET"]}}],"collection":[{"href":"https:\/\/noticiasribeiraopreto.com.br\/index.php\/wp-json\/wp\/v2\/posts"}],"about":[{"href":"https:\/\/noticiasribeiraopreto.com.br\/index.php\/wp-json\/wp\/v2\/types\/post"}],"author":[{"embeddable":true,"href":"https:\/\/noticiasribeiraopreto.com.br\/index.php\/wp-json\/wp\/v2\/users\/1"}],"replies":[{"embeddable":true,"href":"https:\/\/noticiasribeiraopreto.com.br\/index.php\/wp-json\/wp\/v2\/comments?post=75695"}],"version-history":[{"count":0,"href":"https:\/\/noticiasribeiraopreto.com.br\/index.php\/wp-json\/wp\/v2\/posts\/75695\/revisions"}],"wp:featuredmedia":[{"embeddable":true,"href":"https:\/\/noticiasribeiraopreto.com.br\/index.php\/wp-json\/wp\/v2\/media\/75696"}],"wp:attachment":[{"href":"https:\/\/noticiasribeiraopreto.com.br\/index.php\/wp-json\/wp\/v2\/media?parent=75695"}],"wp:term":[{"taxonomy":"category","embeddable":true,"href":"https:\/\/noticiasribeiraopreto.com.br\/index.php\/wp-json\/wp\/v2\/categories?post=75695"},{"taxonomy":"post_tag","embeddable":true,"href":"https:\/\/noticiasribeiraopreto.com.br\/index.php\/wp-json\/wp\/v2\/tags?post=75695"}],"curies":[{"name":"wp","href":"https:\/\/api.w.org\/{rel}","templated":true}]}}