{"id":757,"date":"2023-11-09T09:39:20","date_gmt":"2023-11-09T12:39:20","guid":{"rendered":"https:\/\/noticiasribeiraopreto.com.br\/index.php\/2023\/11\/09\/o-brasil-a-alemanha-a-baviera-a-noticia-e-a-cerveja\/"},"modified":"2023-11-09T09:39:20","modified_gmt":"2023-11-09T12:39:20","slug":"o-brasil-a-alemanha-a-baviera-a-noticia-e-a-cerveja","status":"publish","type":"post","link":"https:\/\/noticiasribeiraopreto.com.br\/index.php\/2023\/11\/09\/o-brasil-a-alemanha-a-baviera-a-noticia-e-a-cerveja\/","title":{"rendered":"O Brasil, a Alemanha, a Baviera, a not\u00edcia e a cerveja\u00a0"},"content":{"rendered":"<div class='code-block code-block-1' style='margin: 8px 0 8px auto; text-align: right; display: block; clear: both;'>\n<p><a href=\"https:\/\/wa.link\/vpicfd\"><img data-recalc-dims=\"1\" class=\"wp-image-4922\" style=\"aspect-ratio: 2.0253164556962027; width: 561px; height: auto;\" src=\"https:\/\/i0.wp.com\/ismaelcolosi.com.br\/wp-content\/uploads\/2023\/11\/grupo-de-empregos-whatsapp-e-facebook-ismael-colosi-vagas.jpg?ssl=1\" alt=\"\" \/><\/a><\/p>\n<!-- \/wp:image -->\n<\/div>\n<p> <br \/>\n<\/p>\n<div id=\"\">\n<p> <span class=\"entry-meta-item penci-posted-on\"><i class=\"fa fa-clock-o\"\/><time class=\"entry-date published\" datetime=\"2023-11-09T08:15:52-03:00\">9 de novembro de 2023 | 8:15<\/time><time class=\"updated\" datetime=\"2023-11-08T18:39:36-03:00\">8 de novembro de 2023 | 18:39<\/time><\/span><\/p>\n<p> <span class=\"penci-social-buttons penci-social-share-footer\"><a href=\"#\" class=\"penci-post-like penci_post-meta_item  single-like-button penci-social-item like\" data-post_id=\"363802\" title=\"Like\" data-like=\"Like\" data-unlike=\"Unlike\"><i class=\"fa fa-thumbs-o-up\"\/><span class=\"penci-share-number\">0<\/span><\/a><a class=\"penci-social-item facebook\" target=\"_blank\" rel=\"noopener\" title=\"\" href=\"https:\/\/www.facebook.com\/sharer\/sharer.php?u=https%3A%2F%2Fwww.tribunaribeirao.com.br%2Fsite%2Fo-brasil-a-alemanha-a-baviera-a-noticia-e-a-cerveja%2F\"><i class=\"fa fa-facebook\"\/><\/a><a class=\"penci-social-item twitter\" target=\"_blank\" rel=\"noopener\" title=\"\" href=\"https:\/\/twitter.com\/intent\/tweet?text=O%20Brasil,%20a%20Alemanha,%20a%20Baviera,%20a%20not\u00edcia%20e%20a%20cerveja\u00a0%20-%20https:\/\/www.tribunaribeirao.com.br\/site\/o-brasil-a-alemanha-a-baviera-a-noticia-e-a-cerveja\/\"><i class=\"fa fa-twitter\"\/><\/a><a class=\"penci-social-item whatsapp\" rel=\"noopener\" data-text=\"O Brasil, a Alemanha, a Baviera, a not\u00edcia e a cerveja\u00a0\" data-link=\"https:\/\/www.tribunaribeirao.com.br\/site\/o-brasil-a-alemanha-a-baviera-a-noticia-e-a-cerveja\/\" href=\"#\"><i class=\"fa fa-whatsapp\"\/><\/a><\/span><\/div>\n<div>\n<p><span class=\"TextRun SCXW217029451 BCX0\" lang=\"PT-BR\" xml:lang=\"PT-BR\" data-contrast=\"auto\"><span class=\"NormalTextRun SCXW217029451 BCX0\">Edwaldo<\/span><span class=\"NormalTextRun SCXW217029451 BCX0\"> Arantes *<\/span><\/span><span class=\"LineBreakBlob BlobObject DragDrop SCXW217029451 BCX0\"><span class=\"SCXW217029451 BCX0\">\u00a0<\/span><br class=\"SCXW217029451 BCX0\"\/><\/span><a class=\"Hyperlink SCXW217029451 BCX0\" href=\"http:\/\/www.tribunaribeirao.com.br\/cdn-cgi\/l\/email-protection#2045454457414c444f455547454e494f4152414e54455360474d41494c0e434f4d\" target=\"_blank\" rel=\"noopener\"><span class=\"TextRun Underlined SCXW217029451 BCX0\" lang=\"PT-BR\" xml:lang=\"PT-BR\" data-contrast=\"none\"><span class=\"NormalTextRun SCXW217029451 BCX0\" data-ccp-charstyle=\"Hyperlink\"><span class=\"__cf_email__\" data-cfemail=\"bbdededfccdad7dfd4decedcded5d2d4dac9dad5cfdec8fbdcd6dad2d795d8d4d6\">[email\u00a0protected]<\/span><\/span><\/span><\/a><span class=\"LineBreakBlob BlobObject DragDrop SCXW217029451 BCX0\"><span class=\"SCXW217029451 BCX0\">\u00a0<\/span><br class=\"SCXW217029451 BCX0\"\/><\/span><span class=\"LineBreakBlob BlobObject DragDrop SCXW217029451 BCX0\"><span class=\"SCXW217029451 BCX0\">\u00a0<\/span><br class=\"SCXW217029451 BCX0\"\/><\/span><span class=\"TextRun SCXW217029451 BCX0\" lang=\"PT-BR\" xml:lang=\"PT-BR\" data-contrast=\"auto\"><span class=\"NormalTextRun SCXW217029451 BCX0\">Quando ocupava o honroso cargo de <\/span><span class=\"NormalTextRun SCXW217029451 BCX0\">s<\/span><span class=\"NormalTextRun SCXW217029451 BCX0\">ecret\u00e1rio <\/span><span class=\"NormalTextRun SCXW217029451 BCX0\">a<\/span><span class=\"NormalTextRun SCXW217029451 BCX0\">djunto de Governo, da Prefeitura Municipal de Ribeir\u00e3o Preto, ao lado do saudoso e querido, Dr. Newton Mendes Garcia, participei do \u201cSemin\u00e1rio Internacional de Prote\u00e7\u00e3o ao <\/span><span class=\"NormalTextRun SCXW217029451 BCX0\">Aqu\u00edfero<\/span><span class=\"NormalTextRun SCXW217029451 BCX0\"> Guarani\u201d realizado no <\/span><span class=\"NormalTextRun SpellingErrorV2Themed SCXW217029451 BCX0\">Theatro<\/span><span class=\"NormalTextRun SCXW217029451 BCX0\"> Pedro <\/span><span class=\"NormalTextRun ContextualSpellingAndGrammarErrorV2Themed SCXW217029451 BCX0\">II,<\/span><span class=\"NormalTextRun ContextualSpellingAndGrammarErrorV2Themed SCXW217029451 BCX0\">\u00a0 <\/span><span class=\"NormalTextRun ContextualSpellingAndGrammarErrorV2Themed SCXW217029451 BCX0\">reunindo<\/span><span class=\"NormalTextRun SCXW217029451 BCX0\"> autoridades do Brasil e do exterior, professores <\/span><span class=\"NormalTextRun ContextualSpellingAndGrammarErrorV2Themed SCXW217029451 BCX0\">e\u00a0 estudiosos<\/span><span class=\"NormalTextRun SCXW217029451 BCX0\"> da pesquisa e prote\u00e7\u00e3o dos recursos h\u00eddricos.<\/span><\/span><span class=\"LineBreakBlob BlobObject DragDrop SCXW217029451 BCX0\"><span class=\"SCXW217029451 BCX0\">\u00a0<\/span><br class=\"SCXW217029451 BCX0\"\/><\/span><span class=\"LineBreakBlob BlobObject DragDrop SCXW217029451 BCX0\"><span class=\"SCXW217029451 BCX0\">\u00a0<\/span><br class=\"SCXW217029451 BCX0\"\/><\/span><span class=\"TextRun SCXW217029451 BCX0\" lang=\"PT-BR\" xml:lang=\"PT-BR\" data-contrast=\"auto\"><span class=\"NormalTextRun SCXW217029451 BCX0\">Diversas autoridades tamb\u00e9m presentes, com destaque para o C\u00f4nsul Honor\u00e1rio da Alemanha, Rudolf <\/span><span class=\"NormalTextRun SpellingErrorV2Themed SCXW217029451 BCX0\">Schallenmueller<\/span><span class=\"NormalTextRun SCXW217029451 BCX0\"> o Secret\u00e1rio do Minist\u00e9rio da Baviera, <\/span><span class=\"NormalTextRun SpellingErrorV2Themed SCXW217029451 BCX0\">Wulf<\/span> <span class=\"NormalTextRun SCXW217029451 BCX0\">Riess<\/span><span class=\"NormalTextRun SCXW217029451 BCX0\">, juntamente com renomados conferencistas brasileiros e alem\u00e3es.<\/span><\/span><span class=\"LineBreakBlob BlobObject DragDrop SCXW217029451 BCX0\"><span class=\"SCXW217029451 BCX0\">\u00a0<\/span><br class=\"SCXW217029451 BCX0\"\/><\/span><span class=\"LineBreakBlob BlobObject DragDrop SCXW217029451 BCX0\"><span class=\"SCXW217029451 BCX0\">\u00a0<\/span><br class=\"SCXW217029451 BCX0\"\/><\/span><span class=\"TextRun SCXW217029451 BCX0\" lang=\"PT-BR\" xml:lang=\"PT-BR\" data-contrast=\"auto\"><span class=\"NormalTextRun SCXW217029451 BCX0\">Logo depois de composta a mesa o C\u00f4nsul abriu a cerim\u00f4nia com um discurso envolvente de um bom humor contagiante <\/span><span class=\"NormalTextRun ContextualSpellingAndGrammarErrorV2Themed SCXW217029451 BCX0\">e\u00a0 clareza<\/span><span class=\"NormalTextRun SCXW217029451 BCX0\"> \u00edmpar:<\/span><\/span><span class=\"LineBreakBlob BlobObject DragDrop SCXW217029451 BCX0\"><span class=\"SCXW217029451 BCX0\">\u00a0<\/span><br class=\"SCXW217029451 BCX0\"\/><\/span><span class=\"LineBreakBlob BlobObject DragDrop SCXW217029451 BCX0\"><span class=\"SCXW217029451 BCX0\">\u00a0<\/span><br class=\"SCXW217029451 BCX0\"\/><\/span><span class=\"TextRun SCXW217029451 BCX0\" lang=\"PT-BR\" xml:lang=\"PT-BR\" data-contrast=\"auto\"><span class=\"NormalTextRun SCXW217029451 BCX0\">\u2013<\/span> <span class=\"NormalTextRun SCXW217029451 BCX0\">Bom dia! Quero dizer a todos que existem in\u00fameros la\u00e7os que nos unem, por\u00e9m fa\u00e7o quest\u00e3o de mencionar um que merece destaque, Ribeir\u00e3o Preto possui a melhor cervejaria do Brasil e Munique a melhor cervejaria da Alemanha.<\/span> <span class=\"NormalTextRun SCXW217029451 BCX0\">Como amante da cerveja gostaria de pedir aos respons\u00e1veis e \u00e0 popula\u00e7\u00e3o que continuem a cuidar desta maravilhosa \u00e1gua para que possamos tomar sempre a cerveja que adoramos.<\/span> <span class=\"NormalTextRun SCXW217029451 BCX0\">Felicidades a todos!<\/span><\/span><span class=\"LineBreakBlob BlobObject DragDrop SCXW217029451 BCX0\"><span class=\"SCXW217029451 BCX0\">\u00a0<\/span><br class=\"SCXW217029451 BCX0\"\/><\/span><span class=\"LineBreakBlob BlobObject DragDrop SCXW217029451 BCX0\"><span class=\"SCXW217029451 BCX0\">\u00a0<\/span><br class=\"SCXW217029451 BCX0\"\/><\/span><span class=\"TextRun SCXW217029451 BCX0\" lang=\"PT-BR\" xml:lang=\"PT-BR\" data-contrast=\"auto\"><span class=\"NormalTextRun SCXW217029451 BCX0\">Ao t\u00e9rmino foi efusivamente aplaudido entre sorrisos surpresos, <\/span><span class=\"NormalTextRun ContextualSpellingAndGrammarErrorV2Themed SCXW217029451 BCX0\">mas<\/span><span class=\"NormalTextRun ContextualSpellingAndGrammarErrorV2Themed SCXW217029451 BCX0\">\u00a0 <\/span><span class=\"NormalTextRun ContextualSpellingAndGrammarErrorV2Themed SCXW217029451 BCX0\">agradecidos<\/span><span class=\"NormalTextRun SCXW217029451 BCX0\"> pela forma natural e surpreendente de demonstrar a import\u00e2ncia do evento, lembrando da sua Alemanha e da sua Munique e da sua <\/span><span class=\"NormalTextRun SCXW217029451 BCX0\">Munchen<\/span><span class=\"NormalTextRun SCXW217029451 BCX0\">, que desde o s\u00e9culo XV foi batizada com o nome de cerveja.<\/span><\/span><span class=\"LineBreakBlob BlobObject DragDrop SCXW217029451 BCX0\"><span class=\"SCXW217029451 BCX0\">\u00a0<\/span><br class=\"SCXW217029451 BCX0\"\/><\/span><span class=\"LineBreakBlob BlobObject DragDrop SCXW217029451 BCX0\"><span class=\"SCXW217029451 BCX0\">\u00a0<\/span><br class=\"SCXW217029451 BCX0\"\/><\/span><span class=\"TextRun SCXW217029451 BCX0\" lang=\"PT-BR\" xml:lang=\"PT-BR\" data-contrast=\"auto\"><span class=\"NormalTextRun SCXW217029451 BCX0\">Alguns dias depois, deparei-me com o nosso Presidente Luiz In\u00e1cio Lula da Silva, vestido a car\u00e1ter, em visita a uma mundialmente famosa festa da cerveja em Blumenau, prestando justa homenagem ao povo catarinense e alem\u00e3o, principalmente aos imigrantes que t\u00e3o bem desenvolveram o <\/span><span class=\"NormalTextRun ContextualSpellingAndGrammarErrorV2Themed SCXW217029451 BCX0\">sul<\/span><span class=\"NormalTextRun SCXW217029451 BCX0\">, com sua determina\u00e7\u00e3o, uni\u00e3o e compet\u00eancia, com <\/span><span class=\"NormalTextRun ContextualSpellingAndGrammarErrorV2Themed SCXW217029451 BCX0\">men\u00e7\u00e3o\u00a0 ao<\/span><span class=\"NormalTextRun SCXW217029451 BCX0\">\u00a0 cultivo das uvas e produ\u00e7\u00e3o de excelentes vinhos.<\/span><\/span><span class=\"LineBreakBlob BlobObject DragDrop SCXW217029451 BCX0\"><span class=\"SCXW217029451 BCX0\">\u00a0<\/span><br class=\"SCXW217029451 BCX0\"\/><\/span><span class=\"LineBreakBlob BlobObject DragDrop SCXW217029451 BCX0\"><span class=\"SCXW217029451 BCX0\">\u00a0<\/span><br class=\"SCXW217029451 BCX0\"\/><\/span><span class=\"TextRun SCXW217029451 BCX0\" lang=\"PT-BR\" xml:lang=\"PT-BR\" data-contrast=\"auto\"><span class=\"NormalTextRun SCXW217029451 BCX0\">A foto demonstrava todo o apre\u00e7o do Presidente pelo povo Germ\u00e2nico, por\u00e9m <\/span><span class=\"NormalTextRun SCXW217029451 BCX0\">foi usada de uma forma <\/span><span class=\"NormalTextRun ContextualSpellingAndGrammarErrorV2Themed SCXW217029451 BCX0\">leviana\u00a0 para<\/span><span class=\"NormalTextRun SCXW217029451 BCX0\"> ilustrar um artigo do <\/span><span class=\"NormalTextRun SCXW217029451 BCX0\">The<\/span> <span class=\"NormalTextRun SCXW217029451 BCX0\">New<\/span><span class=\"NormalTextRun SCXW217029451 BCX0\"> York Times, lan\u00e7ando grave <\/span><span class=\"NormalTextRun ContextualSpellingAndGrammarErrorV2Themed SCXW217029451 BCX0\">ofensa\u00a0 ao<\/span><span class=\"NormalTextRun SCXW217029451 BCX0\"> Presidente do Brasil, acusando-o do uso abusivo de bebidas alco\u00f3licas, que estariam comprometendo o seu desempenho como Chefe de <\/span><span class=\"NormalTextRun ContextualSpellingAndGrammarErrorV2Themed SCXW217029451 BCX0\">Estado\u00a0 da<\/span><span class=\"NormalTextRun SCXW217029451 BCX0\"> nossa Rep\u00fablica, cometendo uma inj\u00faria e cal\u00fania, sem par.<\/span><\/span><span class=\"LineBreakBlob BlobObject DragDrop SCXW217029451 BCX0\"><span class=\"SCXW217029451 BCX0\">\u00a0<\/span><br class=\"SCXW217029451 BCX0\"\/><\/span><span class=\"LineBreakBlob BlobObject DragDrop SCXW217029451 BCX0\"><span class=\"SCXW217029451 BCX0\">\u00a0<\/span><br class=\"SCXW217029451 BCX0\"\/><\/span><span class=\"TextRun SCXW217029451 BCX0\" lang=\"PT-BR\" xml:lang=\"PT-BR\" data-contrast=\"auto\"><span class=\"NormalTextRun SCXW217029451 BCX0\">Imediatamente lembrei-me das palavras carinhosas e singelas do C\u00f4nsul sobre a nossa cidade, nosso pa\u00eds, nossa \u00e1gua, al\u00e9m das maravilhas de se saborear\u00a0\u00a0\u00a0\u00a0 uma boa cerveja, s\u00edmbolo nacional do seu pa\u00eds e sua terra natal que ele procura com orgulho e maestria divulgar <\/span><span class=\"NormalTextRun ContextualSpellingAndGrammarErrorV2Themed SCXW217029451 BCX0\">ao\u00a0 mundo<\/span><span class=\"NormalTextRun SCXW217029451 BCX0\">.<\/span><\/span><span class=\"LineBreakBlob BlobObject DragDrop SCXW217029451 BCX0\"><span class=\"SCXW217029451 BCX0\">\u00a0<\/span><br class=\"SCXW217029451 BCX0\"\/><\/span><span class=\"LineBreakBlob BlobObject DragDrop SCXW217029451 BCX0\"><span class=\"SCXW217029451 BCX0\">\u00a0<\/span><br class=\"SCXW217029451 BCX0\"\/><\/span><span class=\"TextRun SCXW217029451 BCX0\" lang=\"PT-BR\" xml:lang=\"PT-BR\" data-contrast=\"auto\"><span class=\"NormalTextRun SCXW217029451 BCX0\">Dentre tantos acontecimentos passados ap\u00f3s o semin\u00e1rio, folheando o \u201cCaderno Regional\u201d de um importante matutino nacional, estampando entre outras <\/span><span class=\"NormalTextRun ContextualSpellingAndGrammarErrorV2Themed SCXW217029451 BCX0\">fal\u00e1cias,\u00a0 induzia<\/span><span class=\"NormalTextRun SCXW217029451 BCX0\"> o leitor ao erro, invertendo\u00a0\u00a0 bebidas por vaias.<\/span><\/span><span class=\"LineBreakBlob BlobObject DragDrop SCXW217029451 BCX0\"><span class=\"SCXW217029451 BCX0\">\u00a0<\/span><br class=\"SCXW217029451 BCX0\"\/><\/span><span class=\"LineBreakBlob BlobObject DragDrop SCXW217029451 BCX0\"><span class=\"SCXW217029451 BCX0\">\u00a0<\/span><br class=\"SCXW217029451 BCX0\"\/><\/span><span class=\"TextRun SCXW217029451 BCX0\" lang=\"PT-BR\" xml:lang=\"PT-BR\" data-contrast=\"auto\"><span class=\"NormalTextRun SCXW217029451 BCX0\">Diante de tudo n\u00e3o pude deixar de imaginar:<\/span><\/span><span class=\"LineBreakBlob BlobObject DragDrop SCXW217029451 BCX0\"><span class=\"SCXW217029451 BCX0\">\u00a0<\/span><br class=\"SCXW217029451 BCX0\"\/><\/span><span class=\"LineBreakBlob BlobObject DragDrop SCXW217029451 BCX0\"><span class=\"SCXW217029451 BCX0\">\u00a0<\/span><br class=\"SCXW217029451 BCX0\"\/><\/span><span class=\"TextRun SCXW217029451 BCX0\" lang=\"PT-BR\" xml:lang=\"PT-BR\" data-contrast=\"auto\"><span class=\"NormalTextRun SCXW217029451 BCX0\">Estiv\u00e9ssemos todos em Berlim, Munique, <\/span><span class=\"NormalTextRun ContextualSpellingAndGrammarErrorV2Themed SCXW217029451 BCX0\">Frankfurt,\u00a0 <\/span><span class=\"NormalTextRun ContextualSpellingAndGrammarErrorV2Themed SCXW217029451 BCX0\">Dusseldorf<\/span><span class=\"NormalTextRun SCXW217029451 BCX0\"> ou Hockenheim, ao <\/span><span class=\"NormalTextRun ContextualSpellingAndGrammarErrorV2Themed SCXW217029451 BCX0\">abrir\u00a0 o<\/span> <span class=\"NormalTextRun SCXW217029451 BCX0\">S\u00fcddeutsche<\/span> <span class=\"NormalTextRun SCXW217029451 BCX0\">Zeitung<\/span><span class=\"NormalTextRun SCXW217029451 BCX0\"> ou a Der <\/span><span class=\"NormalTextRun SpellingErrorV2Themed SCXW217029451 BCX0\">Spiegel<\/span><span class=\"NormalTextRun SCXW217029451 BCX0\">\u00a0 poder\u00edamos deparar com uma not\u00edcia mais ou menos assim:<\/span><\/span><span class=\"LineBreakBlob BlobObject DragDrop SCXW217029451 BCX0\"><span class=\"SCXW217029451 BCX0\">\u00a0<\/span><br class=\"SCXW217029451 BCX0\"\/><\/span><span class=\"LineBreakBlob BlobObject DragDrop SCXW217029451 BCX0\"><span class=\"SCXW217029451 BCX0\">\u00a0<\/span><br class=\"SCXW217029451 BCX0\"\/><\/span><span class=\"TextRun SCXW217029451 BCX0\" lang=\"PT-BR\" xml:lang=\"PT-BR\" data-contrast=\"auto\"><span class=\"NormalTextRun SCXW217029451 BCX0\">\u201cInaugurada ontem uma importante Unidade B\u00e1sica de Sa\u00fade, que leva o nome do cientista e m\u00e9dico sanitarista, Ant\u00f4nio S\u00e9rgio da Silva <\/span><span class=\"NormalTextRun SCXW217029451 BCX0\">Arouca<\/span><span class=\"NormalTextRun SCXW217029451 BCX0\">, um dos fundadores do SUS.\u00a0\u00a0 <\/span><\/span><span class=\"LineBreakBlob BlobObject DragDrop SCXW217029451 BCX0\"><span class=\"SCXW217029451 BCX0\">\u00a0<\/span><br class=\"SCXW217029451 BCX0\"\/><\/span><span class=\"LineBreakBlob BlobObject DragDrop SCXW217029451 BCX0\"><span class=\"SCXW217029451 BCX0\">\u00a0<\/span><br class=\"SCXW217029451 BCX0\"\/><\/span><span class=\"TextRun SCXW217029451 BCX0\" lang=\"PT-BR\" xml:lang=\"PT-BR\" data-contrast=\"auto\"><span class=\"NormalTextRun SCXW217029451 BCX0\">Arouca<\/span><span class=\"NormalTextRun SCXW217029451 BCX0\">\u00a0 destacou-se pela contribui\u00e7\u00e3o decisiva para a <\/span><span class=\"NormalTextRun SCXW217029451 BCX0\">melhoria<\/span><span class=\"NormalTextRun SCXW217029451 BCX0\"> das condi\u00e7\u00f5es de sa\u00fade da popula\u00e7\u00e3o.<\/span><\/span><span class=\"LineBreakBlob BlobObject DragDrop SCXW217029451 BCX0\"><span class=\"SCXW217029451 BCX0\">\u00a0<\/span><br class=\"SCXW217029451 BCX0\"\/><\/span><span class=\"LineBreakBlob BlobObject DragDrop SCXW217029451 BCX0\"><span class=\"SCXW217029451 BCX0\">\u00a0<\/span><br class=\"SCXW217029451 BCX0\"\/><\/span><span class=\"TextRun SCXW217029451 BCX0\" lang=\"PT-BR\" xml:lang=\"PT-BR\" data-contrast=\"auto\"><span class=\"NormalTextRun SCXW217029451 BCX0\">\u201cDr. S\u00e9rgio <\/span><span class=\"NormalTextRun SCXW217029451 BCX0\">Arouca<\/span><span class=\"NormalTextRun SCXW217029451 BCX0\"> muito honra todo o povo da Alemanha, agora vamos dan\u00e7ar e cantar at\u00e9 o Sol raiar, com muitas e muitas canecas de cerveja\u201d!<\/span><\/span><span class=\"LineBreakBlob BlobObject DragDrop SCXW217029451 BCX0\"><span class=\"SCXW217029451 BCX0\">\u00a0<\/span><br class=\"SCXW217029451 BCX0\"\/><\/span><span class=\"LineBreakBlob BlobObject DragDrop SCXW217029451 BCX0\"><span class=\"SCXW217029451 BCX0\">\u00a0<\/span><br class=\"SCXW217029451 BCX0\"\/><\/span><span class=\"TextRun SCXW217029451 BCX0\" lang=\"PT-BR\" xml:lang=\"PT-BR\" data-contrast=\"auto\"><span class=\"NormalTextRun SCXW217029451 BCX0\">Voltando para a nossa realidade, afirmo:<\/span><\/span><span class=\"LineBreakBlob BlobObject DragDrop SCXW217029451 BCX0\"><span class=\"SCXW217029451 BCX0\">\u00a0<\/span><br class=\"SCXW217029451 BCX0\"\/><\/span><span class=\"LineBreakBlob BlobObject DragDrop SCXW217029451 BCX0\"><span class=\"SCXW217029451 BCX0\">\u00a0<\/span><br class=\"SCXW217029451 BCX0\"\/><\/span><span class=\"TextRun SCXW217029451 BCX0\" lang=\"PT-BR\" xml:lang=\"PT-BR\" data-contrast=\"auto\"><span class=\"NormalTextRun SCXW217029451 BCX0\">A cerveja e a verdade s\u00e3o imprescind\u00edveis, em alem\u00e3o, indago?<\/span><\/span><span class=\"LineBreakBlob BlobObject DragDrop SCXW217029451 BCX0\"><span class=\"SCXW217029451 BCX0\">\u00a0<\/span><br class=\"SCXW217029451 BCX0\"\/><\/span><span class=\"LineBreakBlob BlobObject DragDrop SCXW217029451 BCX0\"><span class=\"SCXW217029451 BCX0\">\u00a0<\/span><br class=\"SCXW217029451 BCX0\"\/><\/span><span class=\"TextRun SCXW217029451 BCX0\" lang=\"PT-BR\" xml:lang=\"PT-BR\" data-contrast=\"auto\"><span class=\"NormalTextRun SCXW217029451 BCX0\">Lass<\/span><span class=\"NormalTextRun SCXW217029451 BCX0\"> uns <\/span><span class=\"NormalTextRun SCXW217029451 BCX0\">Bier<\/span> <span class=\"NormalTextRun SpellingErrorV2Themed SCXW217029451 BCX0\">trinken<\/span><span class=\"NormalTextRun SCXW217029451 BCX0\">? \u201cVamos beber cerveja\u201d?<\/span><\/span><span class=\"LineBreakBlob BlobObject DragDrop SCXW217029451 BCX0\"><span class=\"SCXW217029451 BCX0\">\u00a0<\/span><br class=\"SCXW217029451 BCX0\"\/><\/span><span class=\"LineBreakBlob BlobObject DragDrop SCXW217029451 BCX0\"><span class=\"SCXW217029451 BCX0\">\u00a0<\/span><br class=\"SCXW217029451 BCX0\"\/><\/span><span class=\"TextRun SCXW217029451 BCX0\" lang=\"PT-BR\" xml:lang=\"PT-BR\" data-contrast=\"auto\"><span class=\"NormalTextRun SCXW217029451 BCX0\">Na \u00c1ustria, em Viena existe uma rua com cervejarias nos dois lados da rua.<\/span><\/span><span class=\"LineBreakBlob BlobObject DragDrop SCXW217029451 BCX0\"><span class=\"SCXW217029451 BCX0\">\u00a0<\/span><br class=\"SCXW217029451 BCX0\"\/><\/span><span class=\"LineBreakBlob BlobObject DragDrop SCXW217029451 BCX0\"><span class=\"SCXW217029451 BCX0\">\u00a0<\/span><br class=\"SCXW217029451 BCX0\"\/><\/span><span class=\"TextRun SCXW217029451 BCX0\" lang=\"PT-BR\" xml:lang=\"PT-BR\" data-contrast=\"auto\"><span class=\"NormalTextRun SCXW217029451 BCX0\">Nome da rua: \u201cS\u00f3crates <\/span><span class=\"NormalTextRun SpellingErrorV2Themed SCXW217029451 BCX0\">Strasse<\/span><span class=\"NormalTextRun SCXW217029451 BCX0\">\u201d.<\/span><\/span><span class=\"LineBreakBlob BlobObject DragDrop SCXW217029451 BCX0\"><span class=\"SCXW217029451 BCX0\">\u00a0<\/span><br class=\"SCXW217029451 BCX0\"\/><\/span><span class=\"LineBreakBlob BlobObject DragDrop SCXW217029451 BCX0\"><span class=\"SCXW217029451 BCX0\">\u00a0<\/span><br class=\"SCXW217029451 BCX0\"\/><\/span><span class=\"TextRun SCXW217029451 BCX0\" lang=\"PT-BR\" xml:lang=\"PT-BR\" data-contrast=\"auto\"><span class=\"NormalTextRun SCXW217029451 BCX0\">* Agente <\/span><span class=\"NormalTextRun SCXW217029451 BCX0\">c<\/span><span class=\"NormalTextRun SCXW217029451 BCX0\">ultural<\/span><\/span><span class=\"EOP SCXW217029451 BCX0\" data-ccp-props=\"{&quot;201341983&quot;:0,&quot;335559739&quot;:200,&quot;335559740&quot;:276}\">\u00a0<\/span><\/p>\n<\/div>\n<p><script async src=\"\/\/platform.twitter.com\/widgets.js\" charset=\"utf-8\"><\/script><br \/>\n<br \/><br \/>\n<br \/><a href=\"https:\/\/www.tribunaribeirao.com.br\/site\/o-brasil-a-alemanha-a-baviera-a-noticia-e-a-cerveja\/\">Source link <\/a><\/p>\n<!-- CONTENT END 1 -->\n","protected":false},"excerpt":{"rendered":"<p>9 de novembro de 2023 | 8:158 de novembro de 2023 | 18:39 0 Edwaldo Arantes *\u00a0[email\u00a0protected]\u00a0\u00a0Quando ocupava o honroso cargo de secret\u00e1rio adjunto de&#8230;<\/p>\n","protected":false},"author":1,"featured_media":758,"comment_status":"open","ping_status":"open","sticky":false,"template":"","format":"standard","meta":{"advanced_seo_description":"","jetpack_seo_html_title":"","jetpack_seo_noindex":false,"jetpack_post_was_ever_published":false,"_jetpack_newsletter_access":"","_jetpack_dont_email_post_to_subs":false,"_jetpack_newsletter_tier_id":0,"_jetpack_memberships_contains_paywalled_content":false,"_jetpack_memberships_contains_paid_content":false,"footnotes":"","jetpack_publicize_message":"","jetpack_publicize_feature_enabled":true,"jetpack_social_post_already_shared":false,"jetpack_social_options":{"image_generator_settings":{"template":"highway","default_image_id":0,"font":"","enabled":false},"version":2}},"categories":[11],"tags":[],"class_list":["post-757","post","type-post","status-publish","format-standard","has-post-thumbnail","hentry","category-noticias-de-ribeirao-preto-sp-e-regiao-ismael-colosi"],"jetpack_publicize_connections":[],"jetpack_featured_media_url":"https:\/\/i0.wp.com\/noticiasribeiraopreto.com.br\/wp-content\/uploads\/2023\/11\/edwaldoarantes.jpg?fit=700%2C450&ssl=1","jetpack-related-posts":[{"id":57213,"url":"https:\/\/noticiasribeiraopreto.com.br\/index.php\/2024\/08\/26\/feriados-prolongados-no-segundo-semestre-confira-as-datas\/","url_meta":{"origin":757,"position":0},"title":"Feriados prolongados no segundo semestre? Confira as datas","author":"noticiasribeiraopreto.com.br","date":"26 de August de 2024","format":false,"excerpt":"O ano de 2024, que \u00e9 bissexto, tem menos feriados prolongados. Se em 2023 os dias de descanso ca\u00edram em boa parte na quinta-feira, facilitando as emendas, em 2024 as datas est\u00e3o concentradas no s\u00e1bado, no domingo e na quarta-feira. Os pr\u00f3ximos tr\u00eas feriados nacionais acontecer\u00e3o aos s\u00e1bados: 7 de\u2026","rel":"","context":"In &quot;Not\u00edcias de Ribeir\u00e3o Preto-SP e Regi\u00e3o&quot;","block_context":{"text":"Not\u00edcias de Ribeir\u00e3o Preto-SP e Regi\u00e3o","link":"https:\/\/noticiasribeiraopreto.com.br\/index.php\/category\/noticias-de-ribeirao-preto-sp-e-regiao-ismael-colosi\/"},"img":{"alt_text":"","src":"https:\/\/i0.wp.com\/noticiasribeiraopreto.com.br\/wp-content\/uploads\/2024\/08\/Calendario-Freepik-944x531-1_2024-07-01_13-15-58_jpg_2024-07-01_13-15-58.webp.webp?fit=944%2C531&ssl=1&resize=350%2C200","width":350,"height":200,"srcset":"https:\/\/i0.wp.com\/noticiasribeiraopreto.com.br\/wp-content\/uploads\/2024\/08\/Calendario-Freepik-944x531-1_2024-07-01_13-15-58_jpg_2024-07-01_13-15-58.webp.webp?fit=944%2C531&ssl=1&resize=350%2C200 1x, https:\/\/i0.wp.com\/noticiasribeiraopreto.com.br\/wp-content\/uploads\/2024\/08\/Calendario-Freepik-944x531-1_2024-07-01_13-15-58_jpg_2024-07-01_13-15-58.webp.webp?fit=944%2C531&ssl=1&resize=525%2C300 1.5x, https:\/\/i0.wp.com\/noticiasribeiraopreto.com.br\/wp-content\/uploads\/2024\/08\/Calendario-Freepik-944x531-1_2024-07-01_13-15-58_jpg_2024-07-01_13-15-58.webp.webp?fit=944%2C531&ssl=1&resize=700%2C400 2x"},"classes":[]},{"id":3421,"url":"https:\/\/noticiasribeiraopreto.com.br\/index.php\/2023\/11\/18\/black-friday-veja-as-promocoes-do-shopping-iguatemi-de-ribeirao-preto\/","url_meta":{"origin":757,"position":1},"title":"Black Friday: Veja as promo\u00e7\u00f5es do Shopping Iguatemi de Ribeir\u00e3o Preto","author":"noticiasribeiraopreto.com.br","date":"18 de November de 2023","format":false,"excerpt":"Falta menos de uma semana para data oficial da Black Friday \u2013 que \u00e9 24 de novembro \u2013 e muitas lojas j\u00e1 iniciaram as promo\u00e7\u00f5es ou j\u00e1 divulgaram a data do in\u00edcio das ofertas. No Shopping Iguatemi, na zona Sul de Ribeir\u00e3o Preto, por exemplo, v\u00e1rias lojas aderiam e divulgaram\u2026","rel":"","context":"In &quot;Not\u00edcias de Ribeir\u00e3o Preto-SP e Regi\u00e3o&quot;","block_context":{"text":"Not\u00edcias de Ribeir\u00e3o Preto-SP e Regi\u00e3o","link":"https:\/\/noticiasribeiraopreto.com.br\/index.php\/category\/noticias-de-ribeirao-preto-sp-e-regiao-ismael-colosi\/"},"img":{"alt_text":"","src":"https:\/\/i0.wp.com\/noticiasribeiraopreto.com.br\/wp-content\/uploads\/2023\/11\/WhatsApp-Image-2023-11-17-at-13.51.16.jpeg?fit=696%2C464&ssl=1&resize=350%2C200","width":350,"height":200,"srcset":"https:\/\/i0.wp.com\/noticiasribeiraopreto.com.br\/wp-content\/uploads\/2023\/11\/WhatsApp-Image-2023-11-17-at-13.51.16.jpeg?fit=696%2C464&ssl=1&resize=350%2C200 1x, https:\/\/i0.wp.com\/noticiasribeiraopreto.com.br\/wp-content\/uploads\/2023\/11\/WhatsApp-Image-2023-11-17-at-13.51.16.jpeg?fit=696%2C464&ssl=1&resize=525%2C300 1.5x"},"classes":[]},{"id":22944,"url":"https:\/\/noticiasribeiraopreto.com.br\/index.php\/2023\/12\/31\/brasil-bate-recorde-de-consumo-de-energia-eletrica-pelo-segundo-mes-consecutivo-em-novembro\/","url_meta":{"origin":757,"position":2},"title":"Brasil bate recorde de consumo de energia el\u00e9trica pelo segundo m\u00eas consecutivo em novembro","author":"noticiasribeiraopreto.com.br","date":"31 de December de 2023","format":false,"excerpt":"31 de dezembro de 2023 | 15:0030 de dezembro de 2023 | 17:07 0O Brasil bateu o segundo recorde consecutivo de consumo de energia el\u00e9trica em novembro, atingindo 46.407 gigawatts-hora (GWh), alta de 8,5% em compara\u00e7\u00e3o com novembro de 2022, informou a Empresa de Pesquisa Energ\u00e9tica (EPE). Segundo a autarquia,\u2026","rel":"","context":"In &quot;Not\u00edcias de Ribeir\u00e3o Preto-SP e Regi\u00e3o&quot;","block_context":{"text":"Not\u00edcias de Ribeir\u00e3o Preto-SP e Regi\u00e3o","link":"https:\/\/noticiasribeiraopreto.com.br\/index.php\/category\/noticias-de-ribeirao-preto-sp-e-regiao-ismael-colosi\/"},"img":{"alt_text":"","src":"https:\/\/i0.wp.com\/noticiasribeiraopreto.com.br\/wp-content\/uploads\/2023\/12\/35353960-6181-460a-bf82-25eb45dff665-1.jpg?fit=684%2C460&ssl=1&resize=350%2C200","width":350,"height":200,"srcset":"https:\/\/i0.wp.com\/noticiasribeiraopreto.com.br\/wp-content\/uploads\/2023\/12\/35353960-6181-460a-bf82-25eb45dff665-1.jpg?fit=684%2C460&ssl=1&resize=350%2C200 1x, https:\/\/i0.wp.com\/noticiasribeiraopreto.com.br\/wp-content\/uploads\/2023\/12\/35353960-6181-460a-bf82-25eb45dff665-1.jpg?fit=684%2C460&ssl=1&resize=525%2C300 1.5x"},"classes":[]},{"id":59815,"url":"https:\/\/noticiasribeiraopreto.com.br\/index.php\/2024\/10\/30\/hc-de-ribeirao-preto-tem-concursos-publicos-com-salarios-de-ate-r-56-mil-2\/","url_meta":{"origin":757,"position":3},"title":"HC de Ribeir\u00e3o Preto tem concursos p\u00fablicos com sal\u00e1rios de at\u00e9 R$ 5,6 mil","author":"noticiasribeiraopreto.com.br","date":"30 de October de 2024","format":false,"excerpt":"O HC-RP (Hospital das Cl\u00ednicas de Ribeir\u00e3o Preto) publicou edital de seis novos concursos p\u00fablicos de n\u00edvel m\u00e9dio e superior, com sal\u00e1rios que variam entre R$ 2,5 mil e R$ 5,6 mil. As oportunidades dispon\u00edveis s\u00e3o para t\u00e9cnico de laborat\u00f3rio, fonoaudi\u00f3logo e m\u00e9dico de diferentes especialidades \u2013 veja abaixo. As\u2026","rel":"","context":"In &quot;Not\u00edcias de Ribeir\u00e3o Preto-SP e Regi\u00e3o&quot;","block_context":{"text":"Not\u00edcias de Ribeir\u00e3o Preto-SP e Regi\u00e3o","link":"https:\/\/noticiasribeiraopreto.com.br\/index.php\/category\/noticias-de-ribeirao-preto-sp-e-regiao-ismael-colosi\/"},"img":{"alt_text":"","src":"https:\/\/i0.wp.com\/noticiasribeiraopreto.com.br\/wp-content\/uploads\/2024\/10\/hc-ribeirao-preto.jpg?fit=1200%2C675&ssl=1&resize=350%2C200","width":350,"height":200,"srcset":"https:\/\/i0.wp.com\/noticiasribeiraopreto.com.br\/wp-content\/uploads\/2024\/10\/hc-ribeirao-preto.jpg?fit=1200%2C675&ssl=1&resize=350%2C200 1x, https:\/\/i0.wp.com\/noticiasribeiraopreto.com.br\/wp-content\/uploads\/2024\/10\/hc-ribeirao-preto.jpg?fit=1200%2C675&ssl=1&resize=525%2C300 1.5x, https:\/\/i0.wp.com\/noticiasribeiraopreto.com.br\/wp-content\/uploads\/2024\/10\/hc-ribeirao-preto.jpg?fit=1200%2C675&ssl=1&resize=700%2C400 2x, https:\/\/i0.wp.com\/noticiasribeiraopreto.com.br\/wp-content\/uploads\/2024\/10\/hc-ribeirao-preto.jpg?fit=1200%2C675&ssl=1&resize=1050%2C600 3x"},"classes":[]},{"id":81844,"url":"https:\/\/noticiasribeiraopreto.com.br\/index.php\/2026\/01\/28\/visita-cultural-gratuita-acontece-na-praca-xv-de-novembro-veja-quando\/","url_meta":{"origin":757,"position":4},"title":"Visita cultural gratuita acontece na Pra\u00e7a XV de Novembro; Veja quando","author":"noticiasribeiraopreto.com.br","date":"28 de January de 2026","format":false,"excerpt":"A Pra\u00e7a XV de Novembro, no Centro de Ribeir\u00e3o Preto, ser\u00e1 palco de uma visita cultural guiada no dia 7 de fevereiro, \u00e0s 17h. O evento \u00e9 gratuito e destinado a todos os p\u00fablicos. O local \u00e9 um dos espa\u00e7os p\u00fablicos mais tradicionais da cidade e re\u00fane diferentes fases da\u2026","rel":"","context":"In &quot;Not\u00edcias de Ribeir\u00e3o Preto-SP e Regi\u00e3o&quot;","block_context":{"text":"Not\u00edcias de Ribeir\u00e3o Preto-SP e Regi\u00e3o","link":"https:\/\/noticiasribeiraopreto.com.br\/index.php\/category\/noticias-de-ribeirao-preto-sp-e-regiao-ismael-colosi\/"},"img":{"alt_text":"","src":"https:\/\/i0.wp.com\/noticiasribeiraopreto.com.br\/wp-content\/uploads\/2026\/01\/domingo-26_2026-01-28_11-05-59.webp.webp?fit=1200%2C675&ssl=1&resize=350%2C200","width":350,"height":200,"srcset":"https:\/\/i0.wp.com\/noticiasribeiraopreto.com.br\/wp-content\/uploads\/2026\/01\/domingo-26_2026-01-28_11-05-59.webp.webp?fit=1200%2C675&ssl=1&resize=350%2C200 1x, https:\/\/i0.wp.com\/noticiasribeiraopreto.com.br\/wp-content\/uploads\/2026\/01\/domingo-26_2026-01-28_11-05-59.webp.webp?fit=1200%2C675&ssl=1&resize=525%2C300 1.5x, https:\/\/i0.wp.com\/noticiasribeiraopreto.com.br\/wp-content\/uploads\/2026\/01\/domingo-26_2026-01-28_11-05-59.webp.webp?fit=1200%2C675&ssl=1&resize=700%2C400 2x, https:\/\/i0.wp.com\/noticiasribeiraopreto.com.br\/wp-content\/uploads\/2026\/01\/domingo-26_2026-01-28_11-05-59.webp.webp?fit=1200%2C675&ssl=1&resize=1050%2C600 3x"},"classes":[]},{"id":79491,"url":"https:\/\/noticiasribeiraopreto.com.br\/index.php\/2025\/11\/02\/a-chuva-continua-veja-a-previsao-do-tempo-para-ribeirao-preto-nos-proximos-dias\/","url_meta":{"origin":757,"position":5},"title":"A chuva continua? Veja a previs\u00e3o do tempo para Ribeir\u00e3o Preto nos pr\u00f3ximos dias","author":"noticiasribeiraopreto.com.br","date":"2 de November de 2025","format":false,"excerpt":"A chuva deve continuar em Ribeir\u00e3o Preto ao longo da pr\u00f3xima semana, segundo a previs\u00e3o do tempo. A Climatempo aponta para possibilidade de pancadas de chuva entre segunda-feira (3) e s\u00e1bado (8). Confira: Previs\u00e3o do tempo para Ribeir\u00e3o Preto: Segunda-feira, 3 de novembroM\u00e1xima: 26\u00b0CM\u00ednima: 21\u00b0CChuvoso de manh\u00e3 e \u00e0 noite.\u2026","rel":"","context":"In &quot;Not\u00edcias de Ribeir\u00e3o Preto-SP e Regi\u00e3o&quot;","block_context":{"text":"Not\u00edcias de Ribeir\u00e3o Preto-SP e Regi\u00e3o","link":"https:\/\/noticiasribeiraopreto.com.br\/index.php\/category\/noticias-de-ribeirao-preto-sp-e-regiao-ismael-colosi\/"},"img":{"alt_text":"","src":"https:\/\/i0.wp.com\/noticiasribeiraopreto.com.br\/wp-content\/uploads\/2025\/11\/palace-3_2025-10-31_19-55-22.webp.webp?fit=1200%2C675&ssl=1&resize=350%2C200","width":350,"height":200,"srcset":"https:\/\/i0.wp.com\/noticiasribeiraopreto.com.br\/wp-content\/uploads\/2025\/11\/palace-3_2025-10-31_19-55-22.webp.webp?fit=1200%2C675&ssl=1&resize=350%2C200 1x, https:\/\/i0.wp.com\/noticiasribeiraopreto.com.br\/wp-content\/uploads\/2025\/11\/palace-3_2025-10-31_19-55-22.webp.webp?fit=1200%2C675&ssl=1&resize=525%2C300 1.5x, https:\/\/i0.wp.com\/noticiasribeiraopreto.com.br\/wp-content\/uploads\/2025\/11\/palace-3_2025-10-31_19-55-22.webp.webp?fit=1200%2C675&ssl=1&resize=700%2C400 2x, https:\/\/i0.wp.com\/noticiasribeiraopreto.com.br\/wp-content\/uploads\/2025\/11\/palace-3_2025-10-31_19-55-22.webp.webp?fit=1200%2C675&ssl=1&resize=1050%2C600 3x"},"classes":[]}],"jetpack_sharing_enabled":true,"jetpack_shortlink":"https:\/\/wp.me\/peQAOb-cd","_links":{"self":[{"href":"https:\/\/noticiasribeiraopreto.com.br\/index.php\/wp-json\/wp\/v2\/posts\/757","targetHints":{"allow":["GET"]}}],"collection":[{"href":"https:\/\/noticiasribeiraopreto.com.br\/index.php\/wp-json\/wp\/v2\/posts"}],"about":[{"href":"https:\/\/noticiasribeiraopreto.com.br\/index.php\/wp-json\/wp\/v2\/types\/post"}],"author":[{"embeddable":true,"href":"https:\/\/noticiasribeiraopreto.com.br\/index.php\/wp-json\/wp\/v2\/users\/1"}],"replies":[{"embeddable":true,"href":"https:\/\/noticiasribeiraopreto.com.br\/index.php\/wp-json\/wp\/v2\/comments?post=757"}],"version-history":[{"count":0,"href":"https:\/\/noticiasribeiraopreto.com.br\/index.php\/wp-json\/wp\/v2\/posts\/757\/revisions"}],"wp:featuredmedia":[{"embeddable":true,"href":"https:\/\/noticiasribeiraopreto.com.br\/index.php\/wp-json\/wp\/v2\/media\/758"}],"wp:attachment":[{"href":"https:\/\/noticiasribeiraopreto.com.br\/index.php\/wp-json\/wp\/v2\/media?parent=757"}],"wp:term":[{"taxonomy":"category","embeddable":true,"href":"https:\/\/noticiasribeiraopreto.com.br\/index.php\/wp-json\/wp\/v2\/categories?post=757"},{"taxonomy":"post_tag","embeddable":true,"href":"https:\/\/noticiasribeiraopreto.com.br\/index.php\/wp-json\/wp\/v2\/tags?post=757"}],"curies":[{"name":"wp","href":"https:\/\/api.w.org\/{rel}","templated":true}]}}