{"id":75707,"date":"2025-08-14T09:18:13","date_gmt":"2025-08-14T12:18:13","guid":{"rendered":"https:\/\/noticiasribeiraopreto.com.br\/index.php\/2025\/08\/14\/camara-aprova-cessao-de-areas-para-o-sesc\/"},"modified":"2025-08-14T09:18:13","modified_gmt":"2025-08-14T12:18:13","slug":"camara-aprova-cessao-de-areas-para-o-sesc","status":"publish","type":"post","link":"https:\/\/noticiasribeiraopreto.com.br\/index.php\/2025\/08\/14\/camara-aprova-cessao-de-areas-para-o-sesc\/","title":{"rendered":"C\u00e2mara aprova cess\u00e3o de \u00e1reas para o Sesc\u00a0"},"content":{"rendered":"<div class='code-block code-block-1' style='margin: 8px 0 8px auto; text-align: right; display: block; clear: both;'>\n<p><a href=\"https:\/\/wa.link\/vpicfd\"><img data-recalc-dims=\"1\" class=\"wp-image-4922\" style=\"aspect-ratio: 2.0253164556962027; width: 561px; height: auto;\" src=\"https:\/\/i0.wp.com\/ismaelcolosi.com.br\/wp-content\/uploads\/2023\/11\/grupo-de-empregos-whatsapp-e-facebook-ismael-colosi-vagas.jpg?ssl=1\" alt=\"\" \/><\/a><\/p>\n<!-- \/wp:image -->\n<\/div>\n<p> <br \/>\n<\/p>\n<div id=\"\">\n<p>\n\t\t\t\t\t\t\t\t\t<span class=\"entry-meta-item penci-posted-on\"><i class=\"fa fa-clock-o\"\/><time class=\"entry-date published\" datetime=\"2025-08-14T09:15:27-03:00\">14 de agosto de 2025 09:15<\/time><time class=\"updated\" datetime=\"2025-08-14T09:04:08-03:00\">14 de agosto de 2025 09:04<\/time><\/span><span class=\"entry-meta-item penci-post-countview\"><span class=\"entry-meta-item penci-post-countview penci_post-meta_item\"><i class=\"fa fa-eye\"\/><span class=\"penci-post-countview-number penci-post-countview-p435104\">1<\/span><\/span><\/span>\t\t\t\t\t\t\t\t<\/p>\n<p><!-- .entry-meta --><br \/>\n\t\t\t\t\t\t\t\t<span class=\"penci-social-buttons penci-social-share-footer\"><span class=\"penci-social-share-text\">Compartilhar<\/span><a href=\"#\" class=\"penci-post-like penci_post-meta_item  single-like-button penci-social-item like\" data-post_id=\"435104\" title=\"Like\" data-like=\"Like\" data-unlike=\"Unlike\"><i class=\"fa fa-thumbs-o-up\"\/><span class=\"penci-share-number\">0<\/span><\/a><i class=\"fa fa-facebook\"\/><a class=\"penci-social-item twitter\" target=\"_blank\" rel=\"noopener\" title=\"\" href=\"https:\/\/twitter.com\/intent\/tweet?text=C\u00e2mara%20aprova%20cess\u00e3o%20de%20\u00e1reas%20para%20o%20Sesc\u00a0%20-%20https:\/\/www.tribunaribeirao.com.br\/camara-aprova-cessao-de-areas-para-o-sesc\/\"><i class=\"fa fa-twitter\"\/><\/a><i class=\"fa fa-linkedin\"\/><i class=\"fa fa-whatsapp\"\/><i class=\"fa fa-telegram\"\/><i class=\"fa fa-envelope\"\/><\/span>\t\t\t\t\t\t\t<\/div>\n<div>\n<p><span data-contrast=\"auto\">A C\u00e2mara de Vereadores aprovou, na sess\u00e3o desta quarta-feira, 13 de agosto, em primeira discuss\u00e3o, o projeto da prefeitura de Ribeir\u00e3o Preto que cede, por 99 anos, duas \u00e1reas do munic\u00edpio localizadas dentro da antiga sede da Sociedade Recreativa e de Esportes ao Servi\u00e7o Social do Com\u00e9rcio (Sesc). <\/span><\/p>\n<p><span data-contrast=\"auto\">A reda\u00e7\u00e3o final ser\u00e1 votada na pr\u00f3xima segunda-feira (18). As \u00e1reas est\u00e3o avaliadas em R$ 13.810.504,69, num total superior a onze mil metros quadrados. Ficam entre as ruas Visconde de Inha\u00fama e Bernardino de Campo, no Centro da cidade. No ano passado, o Sesc comprou a sede do clube por R$ 44,41 milh\u00f5es. <\/span><\/p>\n<p><span data-contrast=\"auto\">O acordo foi anunciado pelo prefeito Ricardo Silva (PSD) no dia 6. As duas \u00e1reas j\u00e1 haviam sido cedidas h\u00e1 muitos anos por meio de lei municipal para uso da Recreativa. Por\u00e9m, com a venda do im\u00f3vel para o Sesc e a troca de propriet\u00e1rio, a cess\u00e3o foi anulada e perdeu a vig\u00eancia.<\/span><\/p>\n<p><span data-contrast=\"auto\">A primeira \u00e1rea compreende um trecho inexistente da rua Tibiri\u00e7\u00e1, entre a Bernardino de Campos e Nove de Julho.\u00a0 Tem 1.982,50 metros quadrados e est\u00e1 avaliada em R$ 2.775.500. A segunda, com 9.880,00 m\u00b2, tamb\u00e9m fica entre a Bernardino de Campos e a Nove de Julho, s\u00f3 que entre a rua \u00c1lvares Cabral e onde seria o prolongamento da Tibiri\u00e7\u00e1. Est\u00e1 avaliada em R$ 11.035.004,69.<\/span><\/p>\n<p><span data-contrast=\"auto\">Como contrapartida pelo uso das \u00e1reas, o Sesc Ribeir\u00e3o Preto assumir\u00e1 a manuten\u00e7\u00e3o do canteiro central da Nove de Julho, no trecho entre as avenidas Santa Luzia e Independ\u00eancia \u2013 aproximadamente 1,2 quil\u00f4metro \u2013, pelo per\u00edodo de cinco anos. <\/span><\/p>\n<p><span data-contrast=\"auto\">Tamb\u00e9m far\u00e1 a reforma e manuten\u00e7\u00e3o da pra\u00e7a Luis de Cam\u00f5es, localizada entre as ruas Tibiri\u00e7\u00e1 e Visconde de Inha\u00fama em frente ao Hospital Benefic\u00eancia Portuguesa e ao lado do novo Sesc. A manuten\u00e7\u00e3o tamb\u00e9m ser\u00e1 feita por cinco anos.<\/span><\/p>\n<p><span data-contrast=\"auto\">Por fim, ter\u00e1 de realizar, pelo mesmo per\u00edodo, eventos p\u00fablicos todos os domingos na avenida Nove de Julho em parceria com o munic\u00edpio. Nestes eventos a avenida ser\u00e1 fechada para o tr\u00e2nsito de ve\u00edculos e ser\u00e3o oferecidos gratuitamente para a popula\u00e7\u00e3o atividades culturais, esportivas e sociais. <\/span><\/p>\n<p><span data-contrast=\"auto\">O objetivo \u00e9 transformar a avenida em um grande espa\u00e7o de conviv\u00eancia e lazer aos fins de semana. Segundo a prefeitura, a proposta fortalece a ocupa\u00e7\u00e3o qualificada dos espa\u00e7os urbanos, valoriza o patrim\u00f4nio p\u00fablico e amplia o acesso da popula\u00e7\u00e3o a servi\u00e7os gratuitos e de qualidade. <\/span><\/p>\n<p><span data-contrast=\"auto\">A parceria conta com o apoio das Secretarias Municipais de Cultura e Turismo, Esportes e da Casa Civil, garantindo gest\u00e3o intersetorial e acompanhamento das contrapartidas previstas. \u201cEssa parceria representa um marco para a cidade, \u00e9 um investimento que refor\u00e7a o uso democr\u00e1tico do espa\u00e7o p\u00fablico e amplia as oportunidades de lazer e cultura para todos\u201d, destacou o prefeito Ricardo Silva.<\/span><\/p>\n<p><span data-contrast=\"auto\">No ano passado, com aval da Justi\u00e7a Federal de Ribeir\u00e3o Preto, o Sesc concluiu a compra da sede da popular Recra Cidade (avenida Nove de Julho n\u00ba 299) por R$ 44,41 milh\u00f5es. O pagamento \u00e0 vista foi feito em 9 de agosto e a posse ocorreu no dia 13. O valor seria suficiente para bancar a d\u00edvida trabalhista da Recra com cerca de 300 funcion\u00e1rios, avaliada em cerca de R$ 40 milh\u00f5es. <\/span><\/p>\n<p><span data-ccp-props=\"{}\">\u00a0<\/span><\/p>\n<\/div>\n<p><script async src=\"\/\/platform.twitter.com\/widgets.js\" charset=\"utf-8\"><\/script><br \/>\n<br \/><br \/>\n<br \/><a href=\"https:\/\/www.tribunaribeirao.com.br\/camara-aprova-cessao-de-areas-para-o-sesc\/\">Source link <\/a><\/p>\n<!-- CONTENT END 1 -->\n","protected":false},"excerpt":{"rendered":"<p>14 de agosto de 2025 09:1514 de agosto de 2025 09:041 Compartilhar0 A C\u00e2mara de Vereadores aprovou, na sess\u00e3o desta quarta-feira, 13 de agosto, em&#8230;<\/p>\n","protected":false},"author":1,"featured_media":75708,"comment_status":"open","ping_status":"open","sticky":false,"template":"","format":"standard","meta":{"advanced_seo_description":"","jetpack_seo_html_title":"","jetpack_seo_noindex":false,"jetpack_post_was_ever_published":false,"_jetpack_newsletter_access":"","_jetpack_dont_email_post_to_subs":false,"_jetpack_newsletter_tier_id":0,"_jetpack_memberships_contains_paywalled_content":false,"_jetpack_memberships_contains_paid_content":false,"footnotes":"","jetpack_publicize_message":"","jetpack_publicize_feature_enabled":true,"jetpack_social_post_already_shared":true,"jetpack_social_options":{"image_generator_settings":{"template":"highway","default_image_id":0,"font":"","enabled":false},"version":2}},"categories":[11],"tags":[],"class_list":["post-75707","post","type-post","status-publish","format-standard","has-post-thumbnail","hentry","category-noticias-de-ribeirao-preto-sp-e-regiao-ismael-colosi"],"jetpack_publicize_connections":[],"jetpack_featured_media_url":"https:\/\/i0.wp.com\/noticiasribeiraopreto.com.br\/wp-content\/uploads\/2025\/08\/recravenda1.jpg?fit=750%2C500&ssl=1","jetpack-related-posts":[{"id":46085,"url":"https:\/\/noticiasribeiraopreto.com.br\/index.php\/2024\/04\/09\/festa-do-peao-de-barretos-confirma-show-de-edson-hudson\/","url_meta":{"origin":75707,"position":0},"title":"Festa do Pe\u00e3o de Barretos confirma show de Edson &#038; Hudson","author":"noticiasribeiraopreto.com.br","date":"9 de April de 2024","format":false,"excerpt":"Festa do Pe\u00e3o de Barretos confirma show de Edson & HudsonDupla com mais de tr\u00eas d\u00e9cadas de hist\u00f3ria apresentar\u00e1 seus maiores sucessos no dia 18 de agosto, domingo. A Festa acontece de 15 a 25 de agosto, no Parque do Pe\u00e3o, e ingressos j\u00e1 est\u00e3o \u00e0 venda. A 69\u00aa Festa\u2026","rel":"","context":"In &quot;Not\u00edcias de Ribeir\u00e3o Preto-SP e Regi\u00e3o&quot;","block_context":{"text":"Not\u00edcias de Ribeir\u00e3o Preto-SP e Regi\u00e3o","link":"https:\/\/noticiasribeiraopreto.com.br\/index.php\/category\/noticias-de-ribeirao-preto-sp-e-regiao-ismael-colosi\/"},"img":{"alt_text":"","src":"https:\/\/i0.wp.com\/noticiasribeiraopreto.com.br\/wp-content\/uploads\/2024\/04\/85f68e21cdfeac1b8cca92eadc410ba7-1.jpeg?fit=1200%2C645&ssl=1&resize=350%2C200","width":350,"height":200,"srcset":"https:\/\/i0.wp.com\/noticiasribeiraopreto.com.br\/wp-content\/uploads\/2024\/04\/85f68e21cdfeac1b8cca92eadc410ba7-1.jpeg?fit=1200%2C645&ssl=1&resize=350%2C200 1x, https:\/\/i0.wp.com\/noticiasribeiraopreto.com.br\/wp-content\/uploads\/2024\/04\/85f68e21cdfeac1b8cca92eadc410ba7-1.jpeg?fit=1200%2C645&ssl=1&resize=525%2C300 1.5x, https:\/\/i0.wp.com\/noticiasribeiraopreto.com.br\/wp-content\/uploads\/2024\/04\/85f68e21cdfeac1b8cca92eadc410ba7-1.jpeg?fit=1200%2C645&ssl=1&resize=700%2C400 2x, https:\/\/i0.wp.com\/noticiasribeiraopreto.com.br\/wp-content\/uploads\/2024\/04\/85f68e21cdfeac1b8cca92eadc410ba7-1.jpeg?fit=1200%2C645&ssl=1&resize=1050%2C600 3x"},"classes":[]},{"id":75589,"url":"https:\/\/noticiasribeiraopreto.com.br\/index.php\/2025\/08\/12\/ricardo-silva-vai-lancar-novo-refis\/","url_meta":{"origin":75707,"position":1},"title":"Ricardo Silva vai lan\u00e7ar novo \u2018Refis\u2019","author":"noticiasribeiraopreto.com.br","date":"12 de August de 2025","format":false,"excerpt":"12 de agosto de 2025 09:2012 de agosto de 2025 09:069 Compartilhar0 O prefeito Ricardo Silva (PSD) vai lan\u00e7ar nesta ter\u00e7a-feira, 12 de agosto, uma nova vers\u00e3o do Programa de Recupera\u00e7\u00e3o Fiscal (Refis) para os devedores de tributos e taxas municipais. A solenidade ser\u00e1 \u00e0s 9h30, no Centro Administrativo Prefeito\u2026","rel":"","context":"In &quot;Not\u00edcias de Ribeir\u00e3o Preto-SP e Regi\u00e3o&quot;","block_context":{"text":"Not\u00edcias de Ribeir\u00e3o Preto-SP e Regi\u00e3o","link":"https:\/\/noticiasribeiraopreto.com.br\/index.php\/category\/noticias-de-ribeirao-preto-sp-e-regiao-ismael-colosi\/"},"img":{"alt_text":"","src":"https:\/\/i0.wp.com\/noticiasribeiraopreto.com.br\/wp-content\/uploads\/2025\/08\/refis-scaled.jpeg?fit=1040%2C780&ssl=1&resize=350%2C200","width":350,"height":200,"srcset":"https:\/\/i0.wp.com\/noticiasribeiraopreto.com.br\/wp-content\/uploads\/2025\/08\/refis-scaled.jpeg?fit=1040%2C780&ssl=1&resize=350%2C200 1x, https:\/\/i0.wp.com\/noticiasribeiraopreto.com.br\/wp-content\/uploads\/2025\/08\/refis-scaled.jpeg?fit=1040%2C780&ssl=1&resize=525%2C300 1.5x, https:\/\/i0.wp.com\/noticiasribeiraopreto.com.br\/wp-content\/uploads\/2025\/08\/refis-scaled.jpeg?fit=1040%2C780&ssl=1&resize=700%2C400 2x"},"classes":[]},{"id":55868,"url":"https:\/\/noticiasribeiraopreto.com.br\/index.php\/2024\/08\/07\/brasileiros-comemoram-governo-anuncia-pagamento-de-confirmado-pelo-governo-em-todo-o-pais-veja-como-receber\/","url_meta":{"origin":75707,"position":2},"title":"Brasileiros Comemoram! Governo Anuncia Pagamento de Confirmado pelo Governo em Todo o Pa\u00eds; Veja como receber","author":"noticiasribeiraopreto.com.br","date":"7 de August de 2024","format":false,"excerpt":"O dep\u00f3sito de R$ 102 ser\u00e1 feito novamente para mais de 5,81 milh\u00f5es de fam\u00edlias. O pagamento j\u00e1 foi confirmado e a data foi anunciada pelo Governo Federal. Esse valor contribui para a compra de necessidades na casa dos brasileiros. Est\u00e1 confirmado que o pagamento de R$ 102 em todo\u2026","rel":"","context":"In &quot;Dinheiro e Investimento&quot;","block_context":{"text":"Dinheiro e Investimento","link":"https:\/\/noticiasribeiraopreto.com.br\/index.php\/category\/dinheiro-e-investimento-como-fazer-como-ganhar\/"},"img":{"alt_text":"","src":"https:\/\/i0.wp.com\/noticiasribeiraopreto.com.br\/wp-content\/uploads\/2024\/08\/pagamento-de-r-102.webp.webp?fit=1200%2C630&ssl=1&resize=350%2C200","width":350,"height":200,"srcset":"https:\/\/i0.wp.com\/noticiasribeiraopreto.com.br\/wp-content\/uploads\/2024\/08\/pagamento-de-r-102.webp.webp?fit=1200%2C630&ssl=1&resize=350%2C200 1x, https:\/\/i0.wp.com\/noticiasribeiraopreto.com.br\/wp-content\/uploads\/2024\/08\/pagamento-de-r-102.webp.webp?fit=1200%2C630&ssl=1&resize=525%2C300 1.5x, https:\/\/i0.wp.com\/noticiasribeiraopreto.com.br\/wp-content\/uploads\/2024\/08\/pagamento-de-r-102.webp.webp?fit=1200%2C630&ssl=1&resize=700%2C400 2x, https:\/\/i0.wp.com\/noticiasribeiraopreto.com.br\/wp-content\/uploads\/2024\/08\/pagamento-de-r-102.webp.webp?fit=1200%2C630&ssl=1&resize=1050%2C600 3x"},"classes":[]},{"id":56613,"url":"https:\/\/noticiasribeiraopreto.com.br\/index.php\/2024\/08\/15\/ribeirao-preto-recebe-festival-nacional-de-teatro-veja-a-programacao\/","url_meta":{"origin":75707,"position":3},"title":"Ribeir\u00e3o Preto recebe Festival Nacional de Teatro; Veja a programa\u00e7\u00e3o","author":"noticiasribeiraopreto.com.br","date":"15 de August de 2024","format":false,"excerpt":"A 8\u00aa edi\u00e7\u00e3o do Festival Nacional de Teatro chega a Ribeir\u00e3o Preto nesta sexta-feira (16) e segue at\u00e9 o dia 1\u00ba de setembro. S\u00e3o 35 espet\u00e1culos, nove oficinas e tr\u00eas performances, no Teatro Municipal, parques, pra\u00e7as e outros teatros da cidade. Toda a programa\u00e7\u00e3o \u00e9 gratuita. A novidade deste ano\u2026","rel":"","context":"In &quot;Not\u00edcias de Ribeir\u00e3o Preto-SP e Regi\u00e3o&quot;","block_context":{"text":"Not\u00edcias de Ribeir\u00e3o Preto-SP e Regi\u00e3o","link":"https:\/\/noticiasribeiraopreto.com.br\/index.php\/category\/noticias-de-ribeirao-preto-sp-e-regiao-ismael-colosi\/"},"img":{"alt_text":"","src":"https:\/\/i0.wp.com\/noticiasribeiraopreto.com.br\/wp-content\/uploads\/2024\/08\/Copia-de-Copia-de-Copia-de-TAMANHO-EXATO-PARA-FOTOS-NO-SISTEMA-NOVO-2_2024-08-15_12-44-51_jpg_2024-08-15_12-44-51.webp.webp?fit=1200%2C675&ssl=1&resize=350%2C200","width":350,"height":200,"srcset":"https:\/\/i0.wp.com\/noticiasribeiraopreto.com.br\/wp-content\/uploads\/2024\/08\/Copia-de-Copia-de-Copia-de-TAMANHO-EXATO-PARA-FOTOS-NO-SISTEMA-NOVO-2_2024-08-15_12-44-51_jpg_2024-08-15_12-44-51.webp.webp?fit=1200%2C675&ssl=1&resize=350%2C200 1x, https:\/\/i0.wp.com\/noticiasribeiraopreto.com.br\/wp-content\/uploads\/2024\/08\/Copia-de-Copia-de-Copia-de-TAMANHO-EXATO-PARA-FOTOS-NO-SISTEMA-NOVO-2_2024-08-15_12-44-51_jpg_2024-08-15_12-44-51.webp.webp?fit=1200%2C675&ssl=1&resize=525%2C300 1.5x, https:\/\/i0.wp.com\/noticiasribeiraopreto.com.br\/wp-content\/uploads\/2024\/08\/Copia-de-Copia-de-Copia-de-TAMANHO-EXATO-PARA-FOTOS-NO-SISTEMA-NOVO-2_2024-08-15_12-44-51_jpg_2024-08-15_12-44-51.webp.webp?fit=1200%2C675&ssl=1&resize=700%2C400 2x, https:\/\/i0.wp.com\/noticiasribeiraopreto.com.br\/wp-content\/uploads\/2024\/08\/Copia-de-Copia-de-Copia-de-TAMANHO-EXATO-PARA-FOTOS-NO-SISTEMA-NOVO-2_2024-08-15_12-44-51_jpg_2024-08-15_12-44-51.webp.webp?fit=1200%2C675&ssl=1&resize=1050%2C600 3x"},"classes":[]},{"id":55616,"url":"https:\/\/noticiasribeiraopreto.com.br\/index.php\/2024\/08\/03\/atencao-beneficiarios-bolsa-familia-divulga-calendario-do-mes-de-agosto-para-os-nis-1-2-3-4-5-6-7-8-9-e-0-confira-as-datas-de-pagamento-2\/","url_meta":{"origin":75707,"position":4},"title":"Aten\u00e7\u00e3o benefici\u00e1rios! Bolsa fam\u00edlia divulga calend\u00e1rio do m\u00eas de Agosto para os NIS 1, 2, 3, 4, 5, 6, 7, 8, 9 e 0; Confira as datas de pagamento","author":"noticiasribeiraopreto.com.br","date":"3 de August de 2024","format":false,"excerpt":"O Bolsa Fam\u00edlia, programa de transfer\u00eancia de renda do governo federal brasileiro, continua sendo uma ferramenta importante para milh\u00f5es de fam\u00edlias em situa\u00e7\u00e3o de vulnerabilidade econ\u00f4mica. Para fornecer assist\u00eancia financeira mensal, o programa prev\u00ea pagamentos de acordo com um calend\u00e1rio espec\u00edfico, que inclui benef\u00edcios adicionais em determinadas ocasi\u00f5es. Para receber\u2026","rel":"","context":"In &quot;Dinheiro e Investimento&quot;","block_context":{"text":"Dinheiro e Investimento","link":"https:\/\/noticiasribeiraopreto.com.br\/index.php\/category\/dinheiro-e-investimento-como-fazer-como-ganhar\/"},"img":{"alt_text":"","src":"https:\/\/i0.wp.com\/noticiasribeiraopreto.com.br\/wp-content\/uploads\/2024\/07\/reuniao-semanal-equipe-borcelle.webp.webp?fit=1200%2C630&ssl=1&resize=350%2C200","width":350,"height":200,"srcset":"https:\/\/i0.wp.com\/noticiasribeiraopreto.com.br\/wp-content\/uploads\/2024\/07\/reuniao-semanal-equipe-borcelle.webp.webp?fit=1200%2C630&ssl=1&resize=350%2C200 1x, https:\/\/i0.wp.com\/noticiasribeiraopreto.com.br\/wp-content\/uploads\/2024\/07\/reuniao-semanal-equipe-borcelle.webp.webp?fit=1200%2C630&ssl=1&resize=525%2C300 1.5x, https:\/\/i0.wp.com\/noticiasribeiraopreto.com.br\/wp-content\/uploads\/2024\/07\/reuniao-semanal-equipe-borcelle.webp.webp?fit=1200%2C630&ssl=1&resize=700%2C400 2x, https:\/\/i0.wp.com\/noticiasribeiraopreto.com.br\/wp-content\/uploads\/2024\/07\/reuniao-semanal-equipe-borcelle.webp.webp?fit=1200%2C630&ssl=1&resize=1050%2C600 3x"},"classes":[]},{"id":75463,"url":"https:\/\/noticiasribeiraopreto.com.br\/index.php\/2025\/08\/09\/saques-da-poupanca-superam-depositos\/","url_meta":{"origin":75707,"position":5},"title":"Saques da poupan\u00e7a superam dep\u00f3sitos \u00a0","author":"noticiasribeiraopreto.com.br","date":"9 de August de 2025","format":false,"excerpt":"9 de agosto de 2025 08:499 de agosto de 2025 06:324 Compartilhar0 Os saques em cadernetas de poupan\u00e7a superaram os dep\u00f3sitos em R$ 6,25 bilh\u00f5es no m\u00eas de julho deste ano. O resultado decorre de um total de R$ 363,57 bilh\u00f5es em dep\u00f3sitos; e de R$ 369,82 bilh\u00f5es em saques\u2026","rel":"","context":"In &quot;Not\u00edcias de Ribeir\u00e3o Preto-SP e Regi\u00e3o&quot;","block_context":{"text":"Not\u00edcias de Ribeir\u00e3o Preto-SP e Regi\u00e3o","link":"https:\/\/noticiasribeiraopreto.com.br\/index.php\/category\/noticias-de-ribeirao-preto-sp-e-regiao-ismael-colosi\/"},"img":{"alt_text":"","src":"https:\/\/i0.wp.com\/noticiasribeiraopreto.com.br\/wp-content\/uploads\/2025\/08\/Poupa.jpg?fit=1170%2C700&ssl=1&resize=350%2C200","width":350,"height":200,"srcset":"https:\/\/i0.wp.com\/noticiasribeiraopreto.com.br\/wp-content\/uploads\/2025\/08\/Poupa.jpg?fit=1170%2C700&ssl=1&resize=350%2C200 1x, https:\/\/i0.wp.com\/noticiasribeiraopreto.com.br\/wp-content\/uploads\/2025\/08\/Poupa.jpg?fit=1170%2C700&ssl=1&resize=525%2C300 1.5x, https:\/\/i0.wp.com\/noticiasribeiraopreto.com.br\/wp-content\/uploads\/2025\/08\/Poupa.jpg?fit=1170%2C700&ssl=1&resize=700%2C400 2x, https:\/\/i0.wp.com\/noticiasribeiraopreto.com.br\/wp-content\/uploads\/2025\/08\/Poupa.jpg?fit=1170%2C700&ssl=1&resize=1050%2C600 3x"},"classes":[]}],"jetpack_sharing_enabled":true,"jetpack_shortlink":"https:\/\/wp.me\/peQAOb-jH5","_links":{"self":[{"href":"https:\/\/noticiasribeiraopreto.com.br\/index.php\/wp-json\/wp\/v2\/posts\/75707","targetHints":{"allow":["GET"]}}],"collection":[{"href":"https:\/\/noticiasribeiraopreto.com.br\/index.php\/wp-json\/wp\/v2\/posts"}],"about":[{"href":"https:\/\/noticiasribeiraopreto.com.br\/index.php\/wp-json\/wp\/v2\/types\/post"}],"author":[{"embeddable":true,"href":"https:\/\/noticiasribeiraopreto.com.br\/index.php\/wp-json\/wp\/v2\/users\/1"}],"replies":[{"embeddable":true,"href":"https:\/\/noticiasribeiraopreto.com.br\/index.php\/wp-json\/wp\/v2\/comments?post=75707"}],"version-history":[{"count":0,"href":"https:\/\/noticiasribeiraopreto.com.br\/index.php\/wp-json\/wp\/v2\/posts\/75707\/revisions"}],"wp:featuredmedia":[{"embeddable":true,"href":"https:\/\/noticiasribeiraopreto.com.br\/index.php\/wp-json\/wp\/v2\/media\/75708"}],"wp:attachment":[{"href":"https:\/\/noticiasribeiraopreto.com.br\/index.php\/wp-json\/wp\/v2\/media?parent=75707"}],"wp:term":[{"taxonomy":"category","embeddable":true,"href":"https:\/\/noticiasribeiraopreto.com.br\/index.php\/wp-json\/wp\/v2\/categories?post=75707"},{"taxonomy":"post_tag","embeddable":true,"href":"https:\/\/noticiasribeiraopreto.com.br\/index.php\/wp-json\/wp\/v2\/tags?post=75707"}],"curies":[{"name":"wp","href":"https:\/\/api.w.org\/{rel}","templated":true}]}}