{"id":75709,"date":"2025-08-14T09:22:29","date_gmt":"2025-08-14T12:22:29","guid":{"rendered":"https:\/\/noticiasribeiraopreto.com.br\/index.php\/2025\/08\/14\/motociclista-morre-apos-ser-atingida-por-carro-cair-e-ser-atropelada-por-onibus\/"},"modified":"2025-08-14T09:22:29","modified_gmt":"2025-08-14T12:22:29","slug":"motociclista-morre-apos-ser-atingida-por-carro-cair-e-ser-atropelada-por-onibus","status":"publish","type":"post","link":"https:\/\/noticiasribeiraopreto.com.br\/index.php\/2025\/08\/14\/motociclista-morre-apos-ser-atingida-por-carro-cair-e-ser-atropelada-por-onibus\/","title":{"rendered":"Motociclista morre ap\u00f3s ser atingida por carro, cair e ser atropelada por \u00f4nibus"},"content":{"rendered":"<div class='code-block code-block-1' style='margin: 8px 0 8px auto; text-align: right; display: block; clear: both;'>\n<p><a href=\"https:\/\/wa.link\/vpicfd\"><img data-recalc-dims=\"1\" class=\"wp-image-4922\" style=\"aspect-ratio: 2.0253164556962027; width: 561px; height: auto;\" src=\"https:\/\/i0.wp.com\/ismaelcolosi.com.br\/wp-content\/uploads\/2023\/11\/grupo-de-empregos-whatsapp-e-facebook-ismael-colosi-vagas.jpg?ssl=1\" alt=\"\" \/><\/a><\/p>\n<!-- \/wp:image -->\n<\/div>\n<p> <br \/>\n<\/p>\n<div data-td-block-uid=\"tdi_95\">\n<div class=\"tdb-block-inner td-fix-index\">\n<p><strong>Uma motociclista morreu na noite desta quarta-feira (13), depois de ter a moto atingida por um carro, cair e ser atropelada por um \u00f4nibus no km 336 da rodovia Att\u00edlio Balbo (SP 322), em Sert\u00e3ozinho, na regi\u00e3o de Ribeir\u00e3o Preto.<\/strong><\/p>\n<p><mark style=\"background-color:#fcb900\" class=\"has-inline-color has-black-color\">Segundo a PMR (Pol\u00edcia Militar Rodovi\u00e1ria), o motorista do carro fugiu do local, mas acabou localizado e preso por embriaguez. O baf\u00f4metro apontou 0,66 mg\/l de \u00e1lcool por litro de ar expelido dos pulm\u00f5es, de acordo com a pol\u00edcia.<\/mark><\/p>\n<p>A motociclista faleceu ainda na pista. O condutor do \u00f4nibus permaneceu com o ve\u00edculo no acostamento da via.<\/p>\n<p>O caso foi registrado como homic\u00eddio doloso (quanto h\u00e1 inten\u00e7\u00e3o ou assume o risco de matar) e o motorista do carro dever\u00e1 passar por audi\u00eancia de cust\u00f3dia a Justi\u00e7a.<\/p>\n<p>SAIBA MAIS<\/p>\n<p>Frente fria avan\u00e7a nesta quinta; Veja previs\u00e3o no estado de SP<\/p>\n<h2 class=\"wp-block-heading\"><strong>FIQUE ON\u00a0\u00a0\u00a0\u00a0\u00a0\u00a0\u00a0\u00a0\u00a0<\/strong><\/h2>\n<p>Quer ficar por dentro de tudo que acontece em Ribeir\u00e3o Preto e regi\u00e3o? Ent\u00e3o siga os perfis do\u202facidade on\u202fno\u202f<a href=\"https:\/\/www.instagram.com\/acidadeonribeirao\" target=\"_blank\" rel=\"noreferrer noopener\">Instagram<\/a>\u202fe no\u202f<a href=\"https:\/\/www.facebook.com\/acidadeonribeirao\/\" target=\"_blank\" rel=\"noreferrer noopener\">Facebook<\/a>.<\/p>\n<p>Al\u00e9m disso, voc\u00ea pode receber as principais not\u00edcias diretamente no WhatsApp. Para isso, basta\u00a0<a href=\"https:\/\/chat.whatsapp.com\/BjKQZ9oJwlz8VVT50NuePq\" target=\"_blank\" rel=\"noreferrer noopener\">entrar no grupo clicando aqui<\/a>.<\/p>\n<p>Por fim, se quiser fazer uma den\u00fancia ou sugerir uma reportagem sobre Ribeir\u00e3o Preto e regi\u00e3o, envie uma mensagem pelo WhatsApp: (16) 99117-7802.<\/p>\n<p>VEJA TAMB\u00c9M<\/p>\n<p>A Mulher da Casa Abandonada morava em Campinas?<\/p>\n<p><!-- AI CONTENT END 1 -->\n<\/div>\n<\/div>\n<p><script async src=\"\/\/www.instagram.com\/embed.js\"><\/script><br \/>\n<br \/><br \/>\n<br \/><a href=\"https:\/\/www.acidadeon.com\/ribeiraopreto\/cotidiano\/motociclista-morre-apos-por-ser-atingida-carro-cair-e-ser-atropelada-por-onibus\/\">Source link <\/a><\/p>\n<!-- CONTENT END 1 -->\n","protected":false},"excerpt":{"rendered":"<p>Uma motociclista morreu na noite desta quarta-feira (13), depois de ter a moto atingida por um carro, cair e ser atropelada por um \u00f4nibus no&#8230;<\/p>\n","protected":false},"author":1,"featured_media":75710,"comment_status":"open","ping_status":"open","sticky":false,"template":"","format":"standard","meta":{"advanced_seo_description":"","jetpack_seo_html_title":"","jetpack_seo_noindex":false,"jetpack_post_was_ever_published":false,"_jetpack_newsletter_access":"","_jetpack_dont_email_post_to_subs":false,"_jetpack_newsletter_tier_id":0,"_jetpack_memberships_contains_paywalled_content":false,"_jetpack_memberships_contains_paid_content":false,"footnotes":"","jetpack_publicize_message":"","jetpack_publicize_feature_enabled":true,"jetpack_social_post_already_shared":true,"jetpack_social_options":{"image_generator_settings":{"template":"highway","default_image_id":0,"font":"","enabled":false},"version":2}},"categories":[11],"tags":[],"class_list":["post-75709","post","type-post","status-publish","format-standard","has-post-thumbnail","hentry","category-noticias-de-ribeirao-preto-sp-e-regiao-ismael-colosi"],"jetpack_publicize_connections":[],"jetpack_featured_media_url":"https:\/\/i0.wp.com\/noticiasribeiraopreto.com.br\/wp-content\/uploads\/2025\/08\/ACIDENTE_2025-08-14_10-38-56.webp.webp?fit=1200%2C787&ssl=1","jetpack-related-posts":[{"id":75744,"url":"https:\/\/noticiasribeiraopreto.com.br\/index.php\/2025\/08\/14\/identificada-a-motociclista-morta-em-colisao-que-envolveu-motorista-preso-por-embriaguez\/","url_meta":{"origin":75709,"position":0},"title":"Identificada a motociclista morta em colis\u00e3o que envolveu motorista preso por embriaguez","author":"noticiasribeiraopreto.com.br","date":"14 de August de 2025","format":false,"excerpt":"A Pol\u00edcia Civil indentificou a motociclista que morreu na noite desta quarta-feira (13), depois de ter a moto atingida por um carro, cair e ser atropelada por um \u00f4nibus no km 336 da rodovia Att\u00edlio Balbo (SP-322), em Sert\u00e3ozinho, na regi\u00e3o de Ribeir\u00e3o Preto. O motorista do carro foi preso\u2026","rel":"","context":"In &quot;Not\u00edcias de Ribeir\u00e3o Preto-SP e Regi\u00e3o&quot;","block_context":{"text":"Not\u00edcias de Ribeir\u00e3o Preto-SP e Regi\u00e3o","link":"https:\/\/noticiasribeiraopreto.com.br\/index.php\/category\/noticias-de-ribeirao-preto-sp-e-regiao-ismael-colosi\/"},"img":{"alt_text":"","src":"https:\/\/i0.wp.com\/noticiasribeiraopreto.com.br\/wp-content\/uploads\/2025\/08\/WhatsApp-Image-2025-08-14-at-11.56.01_2025-08-14_15-10-55.webp.webp?fit=1200%2C675&ssl=1&resize=350%2C200","width":350,"height":200,"srcset":"https:\/\/i0.wp.com\/noticiasribeiraopreto.com.br\/wp-content\/uploads\/2025\/08\/WhatsApp-Image-2025-08-14-at-11.56.01_2025-08-14_15-10-55.webp.webp?fit=1200%2C675&ssl=1&resize=350%2C200 1x, https:\/\/i0.wp.com\/noticiasribeiraopreto.com.br\/wp-content\/uploads\/2025\/08\/WhatsApp-Image-2025-08-14-at-11.56.01_2025-08-14_15-10-55.webp.webp?fit=1200%2C675&ssl=1&resize=525%2C300 1.5x, https:\/\/i0.wp.com\/noticiasribeiraopreto.com.br\/wp-content\/uploads\/2025\/08\/WhatsApp-Image-2025-08-14-at-11.56.01_2025-08-14_15-10-55.webp.webp?fit=1200%2C675&ssl=1&resize=700%2C400 2x, https:\/\/i0.wp.com\/noticiasribeiraopreto.com.br\/wp-content\/uploads\/2025\/08\/WhatsApp-Image-2025-08-14-at-11.56.01_2025-08-14_15-10-55.webp.webp?fit=1200%2C675&ssl=1&resize=1050%2C600 3x"},"classes":[]},{"id":41600,"url":"https:\/\/noticiasribeiraopreto.com.br\/index.php\/2024\/03\/09\/motociclista-morre-apos-bater-em-onibus-e-ser-arrastado-por-caminhonete-na-regiao-de-ribeirao\/","url_meta":{"origin":75709,"position":1},"title":"Motociclista morre ap\u00f3s bater em \u00f4nibus e ser arrastado por caminhonete na regi\u00e3o de Ribeir\u00e3o","author":"noticiasribeiraopreto.com.br","date":"9 de March de 2024","format":false,"excerpt":"Na noite desta sexta-feira (8), um motociclista de 47 anos morreu depois de se envolver em um acidente com um \u00f4nibus e uma caminhonete, na rodovia Doutor William Amin (SP-385), entre Miguel\u00f3polis e Ituverava, na regi\u00e3o de Ribeir\u00e3o Preto. De acordo com o motorista do \u00f4nibus, ele seguia pela via,\u2026","rel":"","context":"In &quot;Not\u00edcias de Ribeir\u00e3o Preto-SP e Regi\u00e3o&quot;","block_context":{"text":"Not\u00edcias de Ribeir\u00e3o Preto-SP e Regi\u00e3o","link":"https:\/\/noticiasribeiraopreto.com.br\/index.php\/category\/noticias-de-ribeirao-preto-sp-e-regiao-ismael-colosi\/"},"img":{"alt_text":"","src":"https:\/\/i0.wp.com\/noticiasribeiraopreto.com.br\/wp-content\/uploads\/2024\/03\/AnyConv.com__MOTOCICLISTA.webp.webp?fit=1200%2C750&ssl=1&resize=350%2C200","width":350,"height":200,"srcset":"https:\/\/i0.wp.com\/noticiasribeiraopreto.com.br\/wp-content\/uploads\/2024\/03\/AnyConv.com__MOTOCICLISTA.webp.webp?fit=1200%2C750&ssl=1&resize=350%2C200 1x, https:\/\/i0.wp.com\/noticiasribeiraopreto.com.br\/wp-content\/uploads\/2024\/03\/AnyConv.com__MOTOCICLISTA.webp.webp?fit=1200%2C750&ssl=1&resize=525%2C300 1.5x, https:\/\/i0.wp.com\/noticiasribeiraopreto.com.br\/wp-content\/uploads\/2024\/03\/AnyConv.com__MOTOCICLISTA.webp.webp?fit=1200%2C750&ssl=1&resize=700%2C400 2x, https:\/\/i0.wp.com\/noticiasribeiraopreto.com.br\/wp-content\/uploads\/2024\/03\/AnyConv.com__MOTOCICLISTA.webp.webp?fit=1200%2C750&ssl=1&resize=1050%2C600 3x"},"classes":[]},{"id":65208,"url":"https:\/\/noticiasribeiraopreto.com.br\/index.php\/2025\/03\/17\/identificado-motociclista-morto-apos-sofrer-batida-cair-e-ser-atropelado-no-anel-viario-sul\/","url_meta":{"origin":75709,"position":2},"title":"Identificado motociclista morto ap\u00f3s sofrer batida, cair e ser atropelado no Anel Vi\u00e1rio Sul","author":"noticiasribeiraopreto.com.br","date":"17 de March de 2025","format":false,"excerpt":"A Pol\u00edcia Civil identificou o motociclista morto na noite deste domingo (16), depois de ter a moto atingida na traseira por um ve\u00edculo, cair e ser atropelado por um carro que vinha atr\u00e1s no Anel Vi\u00e1rio\u00a0Sul\u00a0(rodovia Ant\u00f4nio\u00a0Duarte Nogueira, SP-322), em Ribeir\u00e3o Preto. A moto foi arrastada por sete quil\u00f4metros pelo\u2026","rel":"","context":"In &quot;Not\u00edcias de Ribeir\u00e3o Preto-SP e Regi\u00e3o&quot;","block_context":{"text":"Not\u00edcias de Ribeir\u00e3o Preto-SP e Regi\u00e3o","link":"https:\/\/noticiasribeiraopreto.com.br\/index.php\/category\/noticias-de-ribeirao-preto-sp-e-regiao-ismael-colosi\/"},"img":{"alt_text":"","src":"https:\/\/i0.wp.com\/noticiasribeiraopreto.com.br\/wp-content\/uploads\/2025\/03\/REGIS_2025-03-17_14-45-14_jpg_2025-03-17_14-45-15.webp.webp?fit=1200%2C711&ssl=1&resize=350%2C200","width":350,"height":200,"srcset":"https:\/\/i0.wp.com\/noticiasribeiraopreto.com.br\/wp-content\/uploads\/2025\/03\/REGIS_2025-03-17_14-45-14_jpg_2025-03-17_14-45-15.webp.webp?fit=1200%2C711&ssl=1&resize=350%2C200 1x, https:\/\/i0.wp.com\/noticiasribeiraopreto.com.br\/wp-content\/uploads\/2025\/03\/REGIS_2025-03-17_14-45-14_jpg_2025-03-17_14-45-15.webp.webp?fit=1200%2C711&ssl=1&resize=525%2C300 1.5x, https:\/\/i0.wp.com\/noticiasribeiraopreto.com.br\/wp-content\/uploads\/2025\/03\/REGIS_2025-03-17_14-45-14_jpg_2025-03-17_14-45-15.webp.webp?fit=1200%2C711&ssl=1&resize=700%2C400 2x, https:\/\/i0.wp.com\/noticiasribeiraopreto.com.br\/wp-content\/uploads\/2025\/03\/REGIS_2025-03-17_14-45-14_jpg_2025-03-17_14-45-15.webp.webp?fit=1200%2C711&ssl=1&resize=1050%2C600 3x"},"classes":[]},{"id":61388,"url":"https:\/\/noticiasribeiraopreto.com.br\/index.php\/2024\/12\/11\/duas-pessoas-sao-arremessadas-de-moto-apos-serem-atingidas-por-carro-em-ribeirao-video\/","url_meta":{"origin":75709,"position":3},"title":"Duas pessoas s\u00e3o arremessadas de moto ap\u00f3s serem atingidas por carro em Ribeir\u00e3o; V\u00eddeo","author":"noticiasribeiraopreto.com.br","date":"11 de December de 2024","format":false,"excerpt":"Um motociclista e a passageira que seguia na moto foram arremessados na manh\u00e3 desta quarta-feira (11), ap\u00f3s o ve\u00edculo ser atingido na traseira por um carro, na avenida Caramuru, em Ribeir\u00e3o Preto. Assista ao v\u00eddeo abaixo. Uma c\u00e2mera de seguran\u00e7a registrou o momento em que o motociclista para a moto\u2026","rel":"","context":"In &quot;Not\u00edcias de Ribeir\u00e3o Preto-SP e Regi\u00e3o&quot;","block_context":{"text":"Not\u00edcias de Ribeir\u00e3o Preto-SP e Regi\u00e3o","link":"https:\/\/noticiasribeiraopreto.com.br\/index.php\/category\/noticias-de-ribeirao-preto-sp-e-regiao-ismael-colosi\/"},"img":{"alt_text":"","src":"https:\/\/i0.wp.com\/noticiasribeiraopreto.com.br\/wp-content\/uploads\/2024\/12\/Capturar_2024-12-11_14-24-54_jpg_2024-12-11_14-24-55.webp.webp?fit=805%2C432&ssl=1&resize=350%2C200","width":350,"height":200,"srcset":"https:\/\/i0.wp.com\/noticiasribeiraopreto.com.br\/wp-content\/uploads\/2024\/12\/Capturar_2024-12-11_14-24-54_jpg_2024-12-11_14-24-55.webp.webp?fit=805%2C432&ssl=1&resize=350%2C200 1x, https:\/\/i0.wp.com\/noticiasribeiraopreto.com.br\/wp-content\/uploads\/2024\/12\/Capturar_2024-12-11_14-24-54_jpg_2024-12-11_14-24-55.webp.webp?fit=805%2C432&ssl=1&resize=525%2C300 1.5x, https:\/\/i0.wp.com\/noticiasribeiraopreto.com.br\/wp-content\/uploads\/2024\/12\/Capturar_2024-12-11_14-24-54_jpg_2024-12-11_14-24-55.webp.webp?fit=805%2C432&ssl=1&resize=700%2C400 2x"},"classes":[]},{"id":82457,"url":"https:\/\/noticiasribeiraopreto.com.br\/index.php\/2026\/02\/15\/motociclista-morre-apos-bater-em-carro-e-ser-atropelado-por-outro-veiculo-na-regiao\/","url_meta":{"origin":75709,"position":4},"title":"Motociclista morre ap\u00f3s bater em carro e ser atropelado por outro ve\u00edculo na regi\u00e3o","author":"noticiasribeiraopreto.com.br","date":"15 de February de 2026","format":false,"excerpt":"Um motociclista de 26 anos morreu na tarde deste s\u00e1bado (14), ap\u00f3s bater na traseira de um carro e ser atropelado por outro ve\u00edculo no km 29 da rodovia Ronan Rocha (SP-345), em Franca, a 80 quil\u00f4metros de Ribeir\u00e3o Preto. A suspeita da PMR (Pol\u00edcia Militar Rodovi\u00e1ria) \u00e9 que o\u2026","rel":"","context":"In &quot;Not\u00edcias de Ribeir\u00e3o Preto-SP e Regi\u00e3o&quot;","block_context":{"text":"Not\u00edcias de Ribeir\u00e3o Preto-SP e Regi\u00e3o","link":"https:\/\/noticiasribeiraopreto.com.br\/index.php\/category\/noticias-de-ribeirao-preto-sp-e-regiao-ismael-colosi\/"},"img":{"alt_text":"","src":"https:\/\/i0.wp.com\/noticiasribeiraopreto.com.br\/wp-content\/uploads\/2026\/02\/WhatsApp-Image-2026-02-14-at-17.54.19_2026-02-14_22-07-07-e1771106856659.webp.webp?fit=1200%2C754&ssl=1&resize=350%2C200","width":350,"height":200,"srcset":"https:\/\/i0.wp.com\/noticiasribeiraopreto.com.br\/wp-content\/uploads\/2026\/02\/WhatsApp-Image-2026-02-14-at-17.54.19_2026-02-14_22-07-07-e1771106856659.webp.webp?fit=1200%2C754&ssl=1&resize=350%2C200 1x, https:\/\/i0.wp.com\/noticiasribeiraopreto.com.br\/wp-content\/uploads\/2026\/02\/WhatsApp-Image-2026-02-14-at-17.54.19_2026-02-14_22-07-07-e1771106856659.webp.webp?fit=1200%2C754&ssl=1&resize=525%2C300 1.5x, https:\/\/i0.wp.com\/noticiasribeiraopreto.com.br\/wp-content\/uploads\/2026\/02\/WhatsApp-Image-2026-02-14-at-17.54.19_2026-02-14_22-07-07-e1771106856659.webp.webp?fit=1200%2C754&ssl=1&resize=700%2C400 2x, https:\/\/i0.wp.com\/noticiasribeiraopreto.com.br\/wp-content\/uploads\/2026\/02\/WhatsApp-Image-2026-02-14-at-17.54.19_2026-02-14_22-07-07-e1771106856659.webp.webp?fit=1200%2C754&ssl=1&resize=1050%2C600 3x"},"classes":[]},{"id":51468,"url":"https:\/\/noticiasribeiraopreto.com.br\/index.php\/2024\/05\/27\/identificado-motociclista-morto-apos-batida-na-avenida-dom-pedro-i-em-ribeirao-preto\/","url_meta":{"origin":75709,"position":5},"title":"Identificado motociclista morto ap\u00f3s batida na avenida Dom Pedro I em Ribeir\u00e3o Preto","author":"noticiasribeiraopreto.com.br","date":"27 de May de 2024","format":false,"excerpt":"A Pol\u00edcia Civil identificou o motociclista que morreu na tarde deste domingo (26), depois de ter a moto atingida por um carro na avenida Dom Pedro I, no bairro Ipiranga, zona Norte de Ribeir\u00e3o Preto. \u00a0 Segundo o boletim de ocorr\u00eancia (BO), Manoel Neris de Oliveira tinha 48 anos e\u2026","rel":"","context":"In &quot;Not\u00edcias de Ribeir\u00e3o Preto-SP e Regi\u00e3o&quot;","block_context":{"text":"Not\u00edcias de Ribeir\u00e3o Preto-SP e Regi\u00e3o","link":"https:\/\/noticiasribeiraopreto.com.br\/index.php\/category\/noticias-de-ribeirao-preto-sp-e-regiao-ismael-colosi\/"},"img":{"alt_text":"","src":"https:\/\/i0.wp.com\/noticiasribeiraopreto.com.br\/wp-content\/uploads\/2024\/05\/ACIDENTE_2024-05-27_12-52-23_jpg_2024-05-27_12-52-24.webp.webp?fit=1200%2C737&ssl=1&resize=350%2C200","width":350,"height":200,"srcset":"https:\/\/i0.wp.com\/noticiasribeiraopreto.com.br\/wp-content\/uploads\/2024\/05\/ACIDENTE_2024-05-27_12-52-23_jpg_2024-05-27_12-52-24.webp.webp?fit=1200%2C737&ssl=1&resize=350%2C200 1x, https:\/\/i0.wp.com\/noticiasribeiraopreto.com.br\/wp-content\/uploads\/2024\/05\/ACIDENTE_2024-05-27_12-52-23_jpg_2024-05-27_12-52-24.webp.webp?fit=1200%2C737&ssl=1&resize=525%2C300 1.5x, https:\/\/i0.wp.com\/noticiasribeiraopreto.com.br\/wp-content\/uploads\/2024\/05\/ACIDENTE_2024-05-27_12-52-23_jpg_2024-05-27_12-52-24.webp.webp?fit=1200%2C737&ssl=1&resize=700%2C400 2x, https:\/\/i0.wp.com\/noticiasribeiraopreto.com.br\/wp-content\/uploads\/2024\/05\/ACIDENTE_2024-05-27_12-52-23_jpg_2024-05-27_12-52-24.webp.webp?fit=1200%2C737&ssl=1&resize=1050%2C600 3x"},"classes":[]}],"jetpack_sharing_enabled":true,"jetpack_shortlink":"https:\/\/wp.me\/peQAOb-jH7","_links":{"self":[{"href":"https:\/\/noticiasribeiraopreto.com.br\/index.php\/wp-json\/wp\/v2\/posts\/75709","targetHints":{"allow":["GET"]}}],"collection":[{"href":"https:\/\/noticiasribeiraopreto.com.br\/index.php\/wp-json\/wp\/v2\/posts"}],"about":[{"href":"https:\/\/noticiasribeiraopreto.com.br\/index.php\/wp-json\/wp\/v2\/types\/post"}],"author":[{"embeddable":true,"href":"https:\/\/noticiasribeiraopreto.com.br\/index.php\/wp-json\/wp\/v2\/users\/1"}],"replies":[{"embeddable":true,"href":"https:\/\/noticiasribeiraopreto.com.br\/index.php\/wp-json\/wp\/v2\/comments?post=75709"}],"version-history":[{"count":0,"href":"https:\/\/noticiasribeiraopreto.com.br\/index.php\/wp-json\/wp\/v2\/posts\/75709\/revisions"}],"wp:featuredmedia":[{"embeddable":true,"href":"https:\/\/noticiasribeiraopreto.com.br\/index.php\/wp-json\/wp\/v2\/media\/75710"}],"wp:attachment":[{"href":"https:\/\/noticiasribeiraopreto.com.br\/index.php\/wp-json\/wp\/v2\/media?parent=75709"}],"wp:term":[{"taxonomy":"category","embeddable":true,"href":"https:\/\/noticiasribeiraopreto.com.br\/index.php\/wp-json\/wp\/v2\/categories?post=75709"},{"taxonomy":"post_tag","embeddable":true,"href":"https:\/\/noticiasribeiraopreto.com.br\/index.php\/wp-json\/wp\/v2\/tags?post=75709"}],"curies":[{"name":"wp","href":"https:\/\/api.w.org\/{rel}","templated":true}]}}