{"id":75714,"date":"2025-08-14T10:27:48","date_gmt":"2025-08-14T13:27:48","guid":{"rendered":"https:\/\/noticiasribeiraopreto.com.br\/index.php\/2025\/08\/14\/motorista-embriagado-causa-morte-de-mulher-na-regiao\/"},"modified":"2025-08-14T10:27:48","modified_gmt":"2025-08-14T13:27:48","slug":"motorista-embriagado-causa-morte-de-mulher-na-regiao","status":"publish","type":"post","link":"https:\/\/noticiasribeiraopreto.com.br\/index.php\/2025\/08\/14\/motorista-embriagado-causa-morte-de-mulher-na-regiao\/","title":{"rendered":"Motorista embriagado causa morte de mulher na regi\u00e3o"},"content":{"rendered":"<div class='code-block code-block-1' style='margin: 8px 0 8px auto; text-align: right; display: block; clear: both;'>\n<p><a href=\"https:\/\/wa.link\/vpicfd\"><img data-recalc-dims=\"1\" class=\"wp-image-4922\" style=\"aspect-ratio: 2.0253164556962027; width: 561px; height: auto;\" src=\"https:\/\/i0.wp.com\/ismaelcolosi.com.br\/wp-content\/uploads\/2023\/11\/grupo-de-empregos-whatsapp-e-facebook-ismael-colosi-vagas.jpg?ssl=1\" alt=\"\" \/><\/a><\/p>\n<!-- \/wp:image -->\n<\/div>\n<p> <br \/>\n<\/p>\n<div id=\"\">\n<h2 class=\"penci-post-subtitle\">V\u00edtima foi atropelada ao trafegar com sua moto em rodovia e motorista fugiu sem prestar socorro, mas acabou preso em flagrante<\/h2>\n<p>\n\t\t\t\t\t\t\t\t\t<span class=\"entry-meta-item penci-posted-on\"><i class=\"fa fa-clock-o\"\/><time class=\"entry-date published updated\" datetime=\"2025-08-14T10:23:54-03:00\">14 de agosto de 2025 10:23<\/time><\/span><span class=\"entry-meta-item penci-post-countview\"><span class=\"entry-meta-item penci-post-countview penci_post-meta_item\"><i class=\"fa fa-eye\"\/><span class=\"penci-post-countview-number penci-post-countview-p435123\">1<\/span><\/span><\/span>\t\t\t\t\t\t\t\t<\/p>\n<p><!-- .entry-meta --><br \/>\n\t\t\t\t\t\t\t\t<span class=\"penci-social-buttons penci-social-share-footer\"><span class=\"penci-social-share-text\">Compartilhar<\/span><a href=\"#\" class=\"penci-post-like penci_post-meta_item  single-like-button penci-social-item like\" data-post_id=\"435123\" title=\"Like\" data-like=\"Like\" data-unlike=\"Unlike\"><i class=\"fa fa-thumbs-o-up\"\/><span class=\"penci-share-number\">1<\/span><\/a><i class=\"fa fa-facebook\"\/><a class=\"penci-social-item twitter\" target=\"_blank\" rel=\"noopener\" title=\"\" href=\"https:\/\/twitter.com\/intent\/tweet?text=Motorista%20embriagado%20causa%20morte%20de%20mulher%20na%20regi\u00e3o%20-%20https:\/\/www.tribunaribeirao.com.br\/motorista-embriagado-causa-morte-de-mulher-na-regiao\/\"><i class=\"fa fa-twitter\"\/><\/a><i class=\"fa fa-linkedin\"\/><i class=\"fa fa-whatsapp\"\/><i class=\"fa fa-telegram\"\/><i class=\"fa fa-envelope\"\/><\/span>\t\t\t\t\t\t\t<\/div>\n<div>\n<p>Por: Adalberto Luque<\/p>\n<p>Uma mulher de 40 anos morreu, na noite desta quarta-feira (13), ap\u00f3s ter sua motocicleta atropelada por um carro. O acidente ocorreu na Armando Sales de Oliveira (SP-322), altura do km 337, em Sert\u00e3ozinho, regi\u00e3o metropolitana de Ribeir\u00e3o Preto.<\/p>\n<p>De acordo com o Boletim de Ocorr\u00eancia (B.O.), Vanessa Cristina Costa Souza seguia com sua motocicleta pela pista sentido a Pontal quando, pr\u00f3ximo ao acesso a Sert\u00e3ozinho, foi atingida violentamente por um Honda Civic conduzida por um homem de 34 anos.<\/p>\n<p>Com a for\u00e7a do impacto, a moto e a condutora foram lan\u00e7ados v\u00e1rios metros adiante, caindo na faixa ao lado, por onde seguia um \u00f4nibus. O condutor do \u00f4nibus, de 45 anos, n\u00e3o conseguiu evitar o atropelamento.<\/p>\n<p>A mulher morreu no local do acidente. O condutor do Honda C\u00edvic, envolvido na colis\u00e3o que causou a morte da mulher, fugiu sem prestar socorro. O motorista do \u00f4nibus, por sua vez, parou e acionou equipes de resgate, que s\u00f3 puderam constatar a morte de Vanessa.<\/p>\n<p>A mulher era moradora de Pontal e voltava para casa ap\u00f3s o trabalho, em Ribeir\u00e3o Preto. A faixa onde Vanessa foi atropelada e o acostamento ficaram interditados para o trabalho de per\u00edcia. Depois o corpo foi levado para o Instituto M\u00e9dico Legal (IML).<\/p>\n<p>O motorista do Honda Civic foi localizado em Sert\u00e3ozinho. Policiais militares efetuaram sua pris\u00e3o. Ele admitiu o acidente e tamb\u00e9m confessou ter ingerido bebida alco\u00f3lica antes de dirigir. Concordou em fazer o teste do baf\u00f4metro. O resultado foi positivo. O \u00edndice n\u00e3o foi divulgado, mas no B.O. constou positivo para crime de tr\u00e2nsito.<\/p>\n<p>Preso em flagrante, foi levado para a Cadeia P\u00fablica de Pontal, permanecendo \u00e0 disposi\u00e7\u00e3o da Justi\u00e7a. A ocorr\u00eancia foi registrada na Central de Pol\u00edcia Judici\u00e1ria (CPJ) de Sert\u00e3ozinho e a Pol\u00edcia Civil vai investigar o acidente fatal.<\/p>\n<p>\u00a0<\/p>\n<p>_____<\/p>\n<p>\u00a0<\/p>\n<p>Jornal Tribuna Ribeir\u00e3o<br \/>Um Jornal com a cara de Ribeir\u00e3o!<\/p>\n<p>Impresso | WEB | Redes sociais<br \/>Tribuna Ribeir\u00e3o \u2013 Fone: (16) 3632-2200 \u2013 Whatsapp: (16) 98161-8743<br \/>Av. Bar\u00e3o do Bananal, 880 \u2013 Jardim Anhanguera, Ribeir\u00e3o Preto<\/p>\n<p>@tribunaribeirao<br \/>@meiaderibeirao<br \/>@dinoderibeirao<br \/>#TribunaRibeir\u00e3o<br \/>#News<br \/>#Not\u00edcia<br \/>#Ribeir\u00e3oPreto #Not\u00edciasDeRibeir\u00e3oPreto<br \/>#ClassificadosTribunaRibeir\u00e3o<br \/>#Jornalismo<br \/>#ClassificadosRibeir\u00e3o<\/p>\n<\/div>\n<p><script async src=\"\/\/platform.twitter.com\/widgets.js\" charset=\"utf-8\"><\/script><br \/>\n<br \/><br \/>\n<br \/><a href=\"https:\/\/www.tribunaribeirao.com.br\/motorista-embriagado-causa-morte-de-mulher-na-regiao\/\">Source link <\/a><\/p>\n<!-- CONTENT END 1 -->\n","protected":false},"excerpt":{"rendered":"<p>V\u00edtima foi atropelada ao trafegar com sua moto em rodovia e motorista fugiu sem prestar socorro, mas acabou preso em flagrante 14 de agosto de&#8230;<\/p>\n","protected":false},"author":1,"featured_media":75715,"comment_status":"open","ping_status":"open","sticky":false,"template":"","format":"standard","meta":{"advanced_seo_description":"","jetpack_seo_html_title":"","jetpack_seo_noindex":false,"jetpack_post_was_ever_published":false,"_jetpack_newsletter_access":"","_jetpack_dont_email_post_to_subs":false,"_jetpack_newsletter_tier_id":0,"_jetpack_memberships_contains_paywalled_content":false,"_jetpack_memberships_contains_paid_content":false,"footnotes":"","jetpack_publicize_message":"","jetpack_publicize_feature_enabled":true,"jetpack_social_post_already_shared":true,"jetpack_social_options":{"image_generator_settings":{"template":"highway","default_image_id":0,"font":"","enabled":false},"version":2}},"categories":[11],"tags":[],"class_list":["post-75714","post","type-post","status-publish","format-standard","has-post-thumbnail","hentry","category-noticias-de-ribeirao-preto-sp-e-regiao-ismael-colosi"],"jetpack_publicize_connections":[],"jetpack_featured_media_url":"https:\/\/i0.wp.com\/noticiasribeiraopreto.com.br\/wp-content\/uploads\/2025\/08\/14-ago-2025-acidentesertaozinho.jpg?fit=1902%2C1058&ssl=1","jetpack-related-posts":[{"id":45608,"url":"https:\/\/noticiasribeiraopreto.com.br\/index.php\/2024\/04\/05\/motorista-de-caminhao-fica-seis-horas-refem-na-regiao\/","url_meta":{"origin":75714,"position":0},"title":"Motorista de caminh\u00e3o fica seis horas ref\u00e9m na regi\u00e3o","author":"noticiasribeiraopreto.com.br","date":"5 de April de 2024","format":false,"excerpt":"5 de abril de 2024 | 10:25 0 O motorista de uma caminh\u00e3o ficou 6 horas ref\u00e9m de criminosos, na madrugada desta sexta-feira (5),\u00a0 em Prad\u00f3polis. Os ladr\u00f5es roubaram um carregamento de 47 toneladas de soja, avaliado em R$ 85 mil. A v\u00edtima n\u00e3o sofreu ferimentos. Segundo o\u00a0boletim de ocorr\u00eancia\u2026","rel":"","context":"In &quot;Not\u00edcias de Ribeir\u00e3o Preto-SP e Regi\u00e3o&quot;","block_context":{"text":"Not\u00edcias de Ribeir\u00e3o Preto-SP e Regi\u00e3o","link":"https:\/\/noticiasribeiraopreto.com.br\/index.php\/category\/noticias-de-ribeirao-preto-sp-e-regiao-ismael-colosi\/"},"img":{"alt_text":"","src":"https:\/\/i0.wp.com\/noticiasribeiraopreto.com.br\/wp-content\/uploads\/2024\/04\/e8f9e2c5-1b83-4efc-bea5-454be1130994.jpg?fit=1170%2C700&ssl=1&resize=350%2C200","width":350,"height":200,"srcset":"https:\/\/i0.wp.com\/noticiasribeiraopreto.com.br\/wp-content\/uploads\/2024\/04\/e8f9e2c5-1b83-4efc-bea5-454be1130994.jpg?fit=1170%2C700&ssl=1&resize=350%2C200 1x, https:\/\/i0.wp.com\/noticiasribeiraopreto.com.br\/wp-content\/uploads\/2024\/04\/e8f9e2c5-1b83-4efc-bea5-454be1130994.jpg?fit=1170%2C700&ssl=1&resize=525%2C300 1.5x, https:\/\/i0.wp.com\/noticiasribeiraopreto.com.br\/wp-content\/uploads\/2024\/04\/e8f9e2c5-1b83-4efc-bea5-454be1130994.jpg?fit=1170%2C700&ssl=1&resize=700%2C400 2x, https:\/\/i0.wp.com\/noticiasribeiraopreto.com.br\/wp-content\/uploads\/2024\/04\/e8f9e2c5-1b83-4efc-bea5-454be1130994.jpg?fit=1170%2C700&ssl=1&resize=1050%2C600 3x"},"classes":[]},{"id":54969,"url":"https:\/\/noticiasribeiraopreto.com.br\/index.php\/2024\/07\/26\/motorista-morre-depois-de-bater-em-traseira-de-caminhao-em-rodovia-da-regiao-de-ribeirao\/","url_meta":{"origin":75714,"position":1},"title":"Motorista morre depois de bater em traseira de caminh\u00e3o em rodovia da regi\u00e3o de Ribeir\u00e3o","author":"noticiasribeiraopreto.com.br","date":"26 de July de 2024","format":false,"excerpt":"Um motorista morreu, ap\u00f3s bater o carro na traseira de um caminh\u00e3o, no quil\u00f4metro 267 da rodovia Anhanguera (SP-330) em S\u00e3o Sim\u00e3o. A batida foi na tarde desta sexta-feira (26). De acordo com a Arteris\/ViaPaulista, uma mulher de 24 anos foi socorrida em estado grave e duas crian\u00e7as, de cinco\u2026","rel":"","context":"In &quot;Not\u00edcias de Ribeir\u00e3o Preto-SP e Regi\u00e3o&quot;","block_context":{"text":"Not\u00edcias de Ribeir\u00e3o Preto-SP e Regi\u00e3o","link":"https:\/\/noticiasribeiraopreto.com.br\/index.php\/category\/noticias-de-ribeirao-preto-sp-e-regiao-ismael-colosi\/"},"img":{"alt_text":"","src":"https:\/\/i0.wp.com\/noticiasribeiraopreto.com.br\/wp-content\/uploads\/2024\/07\/Copia-de-Copia-de-TAMANHO-EXATO-PARA-FOTOS-NO-SISTEMA-NOVO-2_2024-07-26_21-32-36_png_2024-07-26_21-32-36.webp.webp?fit=1200%2C675&ssl=1&resize=350%2C200","width":350,"height":200,"srcset":"https:\/\/i0.wp.com\/noticiasribeiraopreto.com.br\/wp-content\/uploads\/2024\/07\/Copia-de-Copia-de-TAMANHO-EXATO-PARA-FOTOS-NO-SISTEMA-NOVO-2_2024-07-26_21-32-36_png_2024-07-26_21-32-36.webp.webp?fit=1200%2C675&ssl=1&resize=350%2C200 1x, https:\/\/i0.wp.com\/noticiasribeiraopreto.com.br\/wp-content\/uploads\/2024\/07\/Copia-de-Copia-de-TAMANHO-EXATO-PARA-FOTOS-NO-SISTEMA-NOVO-2_2024-07-26_21-32-36_png_2024-07-26_21-32-36.webp.webp?fit=1200%2C675&ssl=1&resize=525%2C300 1.5x, https:\/\/i0.wp.com\/noticiasribeiraopreto.com.br\/wp-content\/uploads\/2024\/07\/Copia-de-Copia-de-TAMANHO-EXATO-PARA-FOTOS-NO-SISTEMA-NOVO-2_2024-07-26_21-32-36_png_2024-07-26_21-32-36.webp.webp?fit=1200%2C675&ssl=1&resize=700%2C400 2x, https:\/\/i0.wp.com\/noticiasribeiraopreto.com.br\/wp-content\/uploads\/2024\/07\/Copia-de-Copia-de-TAMANHO-EXATO-PARA-FOTOS-NO-SISTEMA-NOVO-2_2024-07-26_21-32-36_png_2024-07-26_21-32-36.webp.webp?fit=1200%2C675&ssl=1&resize=1050%2C600 3x"},"classes":[]},{"id":57718,"url":"https:\/\/noticiasribeiraopreto.com.br\/index.php\/2024\/09\/08\/motorista-esquece-carteira-com-r-2-mil-em-cima-de-carro-e-dinheiro-voa-na-regiao-de-ribeirao\/","url_meta":{"origin":75714,"position":2},"title":"Motorista esquece carteira com R$ 2 mil em cima de carro e dinheiro &#8216;voa&#8217; na regi\u00e3o de Ribeir\u00e3o","author":"noticiasribeiraopreto.com.br","date":"8 de September de 2024","format":false,"excerpt":"Um motorista esqueceu a carteira com R$ 2 mil em cima do carro e causou uma \u201cchuva\u201d de dinheiro no Residencial Meirelles, em Franca, cidade na regi\u00e3o de Ribeir\u00e3o Preto. O caso foi registrado por c\u00e2meras de seguran\u00e7a de um im\u00f3vel e conforme a grava\u00e7\u00e3o teria acontecido na \u00faltima segunda-feira\u2026","rel":"","context":"In &quot;Not\u00edcias de Ribeir\u00e3o Preto-SP e Regi\u00e3o&quot;","block_context":{"text":"Not\u00edcias de Ribeir\u00e3o Preto-SP e Regi\u00e3o","link":"https:\/\/noticiasribeiraopreto.com.br\/index.php\/category\/noticias-de-ribeirao-preto-sp-e-regiao-ismael-colosi\/"},"img":{"alt_text":"","src":"https:\/\/i0.wp.com\/noticiasribeiraopreto.com.br\/wp-content\/uploads\/2024\/09\/Copia-de-Copia-de-Copia-de-TAMANHO-EXATO-PARA-FOTOS-NO-SISTEMA-NOVO-35_2024-09-08_15-06-12_png_2024-09-08_15-06-12.webp.webp?fit=1200%2C675&ssl=1&resize=350%2C200","width":350,"height":200,"srcset":"https:\/\/i0.wp.com\/noticiasribeiraopreto.com.br\/wp-content\/uploads\/2024\/09\/Copia-de-Copia-de-Copia-de-TAMANHO-EXATO-PARA-FOTOS-NO-SISTEMA-NOVO-35_2024-09-08_15-06-12_png_2024-09-08_15-06-12.webp.webp?fit=1200%2C675&ssl=1&resize=350%2C200 1x, https:\/\/i0.wp.com\/noticiasribeiraopreto.com.br\/wp-content\/uploads\/2024\/09\/Copia-de-Copia-de-Copia-de-TAMANHO-EXATO-PARA-FOTOS-NO-SISTEMA-NOVO-35_2024-09-08_15-06-12_png_2024-09-08_15-06-12.webp.webp?fit=1200%2C675&ssl=1&resize=525%2C300 1.5x, https:\/\/i0.wp.com\/noticiasribeiraopreto.com.br\/wp-content\/uploads\/2024\/09\/Copia-de-Copia-de-Copia-de-TAMANHO-EXATO-PARA-FOTOS-NO-SISTEMA-NOVO-35_2024-09-08_15-06-12_png_2024-09-08_15-06-12.webp.webp?fit=1200%2C675&ssl=1&resize=700%2C400 2x, https:\/\/i0.wp.com\/noticiasribeiraopreto.com.br\/wp-content\/uploads\/2024\/09\/Copia-de-Copia-de-Copia-de-TAMANHO-EXATO-PARA-FOTOS-NO-SISTEMA-NOVO-35_2024-09-08_15-06-12_png_2024-09-08_15-06-12.webp.webp?fit=1200%2C675&ssl=1&resize=1050%2C600 3x"},"classes":[]},{"id":77987,"url":"https:\/\/noticiasribeiraopreto.com.br\/index.php\/2025\/09\/30\/motorista-morre-em-acidente-entre-carro-e-caminhao-na-regiao-de-ribeirao-preto\/","url_meta":{"origin":75714,"position":3},"title":"Motorista morre em acidente entre carro e caminh\u00e3o na regi\u00e3o de Ribeir\u00e3o Preto","author":"noticiasribeiraopreto.com.br","date":"30 de September de 2025","format":false,"excerpt":"O motorista de um carro morreu ap\u00f3s se envolver em uma batida com um caminh\u00e3o no fim da tarde desta segunda-feira (29), na rodovia Jos\u00e9 Fregonezi (SP-328), em Cravinhos, na regi\u00e3o de Ribeir\u00e3o Preto. Segundo o boletim de ocorr\u00eancia (BO), An\u00e9sio Balbino, de 67 anos, morreu no local, no km\u2026","rel":"","context":"In &quot;Not\u00edcias de Ribeir\u00e3o Preto-SP e Regi\u00e3o&quot;","block_context":{"text":"Not\u00edcias de Ribeir\u00e3o Preto-SP e Regi\u00e3o","link":"https:\/\/noticiasribeiraopreto.com.br\/index.php\/category\/noticias-de-ribeirao-preto-sp-e-regiao-ismael-colosi\/"},"img":{"alt_text":"","src":"https:\/\/i0.wp.com\/noticiasribeiraopreto.com.br\/wp-content\/uploads\/2025\/09\/IMG-20250930-WA0024_2025-09-30_11-17-50.webp.webp?fit=1200%2C747&ssl=1&resize=350%2C200","width":350,"height":200,"srcset":"https:\/\/i0.wp.com\/noticiasribeiraopreto.com.br\/wp-content\/uploads\/2025\/09\/IMG-20250930-WA0024_2025-09-30_11-17-50.webp.webp?fit=1200%2C747&ssl=1&resize=350%2C200 1x, https:\/\/i0.wp.com\/noticiasribeiraopreto.com.br\/wp-content\/uploads\/2025\/09\/IMG-20250930-WA0024_2025-09-30_11-17-50.webp.webp?fit=1200%2C747&ssl=1&resize=525%2C300 1.5x, https:\/\/i0.wp.com\/noticiasribeiraopreto.com.br\/wp-content\/uploads\/2025\/09\/IMG-20250930-WA0024_2025-09-30_11-17-50.webp.webp?fit=1200%2C747&ssl=1&resize=700%2C400 2x, https:\/\/i0.wp.com\/noticiasribeiraopreto.com.br\/wp-content\/uploads\/2025\/09\/IMG-20250930-WA0024_2025-09-30_11-17-50.webp.webp?fit=1200%2C747&ssl=1&resize=1050%2C600 3x"},"classes":[]},{"id":37115,"url":"https:\/\/noticiasribeiraopreto.com.br\/index.php\/2024\/02\/14\/motorista-embriagado-atropela-seis-pessoas-na-regiao-de-ribeirao-preto\/","url_meta":{"origin":75714,"position":4},"title":"Motorista embriagado atropela seis pessoas na regi\u00e3o de Ribeir\u00e3o Preto","author":"noticiasribeiraopreto.com.br","date":"14 de February de 2024","format":false,"excerpt":"Seis pessoas foram atropeladas em um cruzamento no Centro de Taquaritinga, na madrugada de ter\u00e7a-feira (13) durante a tradicional festa de Carnaval da cidade. Al\u00e9m das v\u00edtimas, o carro dirigido por um motorista embriagado, tamb\u00e9m atingiu outro ve\u00edculo que estava estacionado na via. Segundo a ocorr\u00eancia registrada pela Pol\u00edcia Militar,\u2026","rel":"","context":"In &quot;Not\u00edcias de Ribeir\u00e3o Preto-SP e Regi\u00e3o&quot;","block_context":{"text":"Not\u00edcias de Ribeir\u00e3o Preto-SP e Regi\u00e3o","link":"https:\/\/noticiasribeiraopreto.com.br\/index.php\/category\/noticias-de-ribeirao-preto-sp-e-regiao-ismael-colosi\/"},"img":{"alt_text":"","src":"https:\/\/i0.wp.com\/noticiasribeiraopreto.com.br\/wp-content\/uploads\/2024\/02\/Capturar-11.jpg?fit=730%2C480&ssl=1&resize=350%2C200","width":350,"height":200,"srcset":"https:\/\/i0.wp.com\/noticiasribeiraopreto.com.br\/wp-content\/uploads\/2024\/02\/Capturar-11.jpg?fit=730%2C480&ssl=1&resize=350%2C200 1x, https:\/\/i0.wp.com\/noticiasribeiraopreto.com.br\/wp-content\/uploads\/2024\/02\/Capturar-11.jpg?fit=730%2C480&ssl=1&resize=525%2C300 1.5x, https:\/\/i0.wp.com\/noticiasribeiraopreto.com.br\/wp-content\/uploads\/2024\/02\/Capturar-11.jpg?fit=730%2C480&ssl=1&resize=700%2C400 2x"},"classes":[]},{"id":60980,"url":"https:\/\/noticiasribeiraopreto.com.br\/index.php\/2024\/11\/30\/motorista-fica-ferido-apos-carro-cair-em-corrego-na-regiao-de-ribeirao-preto\/","url_meta":{"origin":75714,"position":5},"title":"Motorista fica ferido ap\u00f3s carro cair em c\u00f3rrego na regi\u00e3o de Ribeir\u00e3o Preto","author":"noticiasribeiraopreto.com.br","date":"30 de November de 2024","format":false,"excerpt":"Um homem ficou ferido ap\u00f3s perder o controle do carro e cair em um c\u00f3rrego na avenida Carlos Berchieri, em Jaboticabal, cidade a 55 quil\u00f4metros de Ribeir\u00e3o Preto, na madrugada deste s\u00e1bado (30). Segundo o Corpo de Bombeiros, o motorista teria perdido o controle na via quando atingiu uma mureta\u2026","rel":"","context":"In &quot;Not\u00edcias de Ribeir\u00e3o Preto-SP e Regi\u00e3o&quot;","block_context":{"text":"Not\u00edcias de Ribeir\u00e3o Preto-SP e Regi\u00e3o","link":"https:\/\/noticiasribeiraopreto.com.br\/index.php\/category\/noticias-de-ribeirao-preto-sp-e-regiao-ismael-colosi\/"},"img":{"alt_text":"","src":"https:\/\/i0.wp.com\/noticiasribeiraopreto.com.br\/wp-content\/uploads\/2024\/11\/carlos-berchieri_2024-11-30_19-42-19_jpeg_2024-11-30_19-42-20.webp.webp?fit=1200%2C900&ssl=1&resize=350%2C200","width":350,"height":200,"srcset":"https:\/\/i0.wp.com\/noticiasribeiraopreto.com.br\/wp-content\/uploads\/2024\/11\/carlos-berchieri_2024-11-30_19-42-19_jpeg_2024-11-30_19-42-20.webp.webp?fit=1200%2C900&ssl=1&resize=350%2C200 1x, https:\/\/i0.wp.com\/noticiasribeiraopreto.com.br\/wp-content\/uploads\/2024\/11\/carlos-berchieri_2024-11-30_19-42-19_jpeg_2024-11-30_19-42-20.webp.webp?fit=1200%2C900&ssl=1&resize=525%2C300 1.5x, https:\/\/i0.wp.com\/noticiasribeiraopreto.com.br\/wp-content\/uploads\/2024\/11\/carlos-berchieri_2024-11-30_19-42-19_jpeg_2024-11-30_19-42-20.webp.webp?fit=1200%2C900&ssl=1&resize=700%2C400 2x, https:\/\/i0.wp.com\/noticiasribeiraopreto.com.br\/wp-content\/uploads\/2024\/11\/carlos-berchieri_2024-11-30_19-42-19_jpeg_2024-11-30_19-42-20.webp.webp?fit=1200%2C900&ssl=1&resize=1050%2C600 3x"},"classes":[]}],"jetpack_sharing_enabled":true,"jetpack_shortlink":"https:\/\/wp.me\/peQAOb-jHc","_links":{"self":[{"href":"https:\/\/noticiasribeiraopreto.com.br\/index.php\/wp-json\/wp\/v2\/posts\/75714","targetHints":{"allow":["GET"]}}],"collection":[{"href":"https:\/\/noticiasribeiraopreto.com.br\/index.php\/wp-json\/wp\/v2\/posts"}],"about":[{"href":"https:\/\/noticiasribeiraopreto.com.br\/index.php\/wp-json\/wp\/v2\/types\/post"}],"author":[{"embeddable":true,"href":"https:\/\/noticiasribeiraopreto.com.br\/index.php\/wp-json\/wp\/v2\/users\/1"}],"replies":[{"embeddable":true,"href":"https:\/\/noticiasribeiraopreto.com.br\/index.php\/wp-json\/wp\/v2\/comments?post=75714"}],"version-history":[{"count":0,"href":"https:\/\/noticiasribeiraopreto.com.br\/index.php\/wp-json\/wp\/v2\/posts\/75714\/revisions"}],"wp:featuredmedia":[{"embeddable":true,"href":"https:\/\/noticiasribeiraopreto.com.br\/index.php\/wp-json\/wp\/v2\/media\/75715"}],"wp:attachment":[{"href":"https:\/\/noticiasribeiraopreto.com.br\/index.php\/wp-json\/wp\/v2\/media?parent=75714"}],"wp:term":[{"taxonomy":"category","embeddable":true,"href":"https:\/\/noticiasribeiraopreto.com.br\/index.php\/wp-json\/wp\/v2\/categories?post=75714"},{"taxonomy":"post_tag","embeddable":true,"href":"https:\/\/noticiasribeiraopreto.com.br\/index.php\/wp-json\/wp\/v2\/tags?post=75714"}],"curies":[{"name":"wp","href":"https:\/\/api.w.org\/{rel}","templated":true}]}}