{"id":75717,"date":"2025-08-14T10:57:40","date_gmt":"2025-08-14T13:57:40","guid":{"rendered":"https:\/\/noticiasribeiraopreto.com.br\/index.php\/2025\/08\/14\/cnj-determina-que-editais-de-cartorios-sejam-publicados-em-jornais\/"},"modified":"2025-08-14T10:57:40","modified_gmt":"2025-08-14T13:57:40","slug":"cnj-determina-que-editais-de-cartorios-sejam-publicados-em-jornais","status":"publish","type":"post","link":"https:\/\/noticiasribeiraopreto.com.br\/index.php\/2025\/08\/14\/cnj-determina-que-editais-de-cartorios-sejam-publicados-em-jornais\/","title":{"rendered":"CNJ determina que editais de cart\u00f3rios sejam publicados em jornais"},"content":{"rendered":"<div class='code-block code-block-1' style='margin: 8px 0 8px auto; text-align: right; display: block; clear: both;'>\n<p><a href=\"https:\/\/wa.link\/vpicfd\"><img data-recalc-dims=\"1\" class=\"wp-image-4922\" style=\"aspect-ratio: 2.0253164556962027; width: 561px; height: auto;\" src=\"https:\/\/i0.wp.com\/ismaelcolosi.com.br\/wp-content\/uploads\/2023\/11\/grupo-de-empregos-whatsapp-e-facebook-ismael-colosi-vagas.jpg?ssl=1\" alt=\"\" \/><\/a><\/p>\n<!-- \/wp:image -->\n<\/div>\n<p> <br \/>\n<\/p>\n<div>\n<p><em>Decis\u00e3o derruba a reserva de mercado digital<\/em><\/p>\n<p>O Conselho Nacional de Justi\u00e7a (CNJ) proferiu recentemente uma decis\u00e3o hist\u00f3rica que reafirma a liberdade de imprensa e a transpar\u00eancia no Brasil.<\/p>\n<p>No Pedido de Provid\u00eancias n. 0007505-66.2023.2.00.0000, tr\u00eas entidades representativas, a Associa\u00e7\u00e3o Nacional de Jornais (ANJ), a Associa\u00e7\u00e3o Brasileira das Ag\u00eancias e Ve\u00edculos Especializados em Publicidade Legal (ABRALEGAL) e a Associa\u00e7\u00e3o de Jornais do Interior do Brasil (ADJORI-BR), denunciaram pr\u00e1ticas adotadas por corregedorias estaduais que vinham exigindo a publica\u00e7\u00e3o de atos extrajudiciais exclusivamente em portais mantidos por associa\u00e7\u00f5es de cart\u00f3rios, como o ONR e o RIB.<\/p>\n<p>Essa obrigatoriedade criava, na pr\u00e1tica, um monop\u00f3lio disfar\u00e7ado, restringindo o direito de escolha de cidad\u00e3os e empresas, em afronta direta aos princ\u00edpios constitucionais da legalidade, impessoalidade, moralidade e livre concorr\u00eancia.<\/p>\n<p>O CNJ foi categ\u00f3rico: n\u00e3o se pode obrigar o uso exclusivo de plataformas privadas, sob pena de concentrar mercado e esvaziar o princ\u00edpio da publicidade. A decis\u00e3o reconhece o valor dos meios eletr\u00f4nicos e refor\u00e7a a publicidade em jornais de grande circula\u00e7\u00e3o, que seguem exercendo papel essencial na divulga\u00e7\u00e3o de atos de interesse p\u00fablico.<\/p>\n<p>Vale ressaltar que algumas Corregedorias de Justi\u00e7a j\u00e1 est\u00e3o adaptando suas normas para determinar a publicidade em jornais eletr\u00f4nicos de grande circula\u00e7\u00e3o, em conson\u00e2ncia com a decis\u00e3o do CNJ. Como exemplo, cita-se a Corregedoria-Geral de Justi\u00e7a do Estado do Rio Grande do Sul, que editou o Provimento n. 30\/2025, determinando a publica\u00e7\u00e3o em jornais eletr\u00f4nicos com ampla abrang\u00eancia e devidamente registrados.<\/p>\n<p>O texto completo est\u00e1 dispon\u00edvel em: <a href=\"https:\/\/colegioregistralrs.org.br\/img\/midias\/Provimento%2030%20-%202025%20CGJ-RS.pdf\">https:\/\/colegioregistralrs.org.br\/img\/midias\/Provimento%2030%20-%202025%20CGJ-RS.pdf<\/a><\/p>\n<p><strong>A import\u00e2ncia dos jornais na publicidade legal<\/strong><\/p>\n<p>A publica\u00e7\u00e3o de um edital nunca foi apenas uma formalidade burocr\u00e1tica. Ela \u00e9 um instrumento de garantia de direitos fundamentais, dando ci\u00eancia \u00e0 sociedade de atos que podem afetar diretamente a vida de pessoas, como intima\u00e7\u00f5es, notifica\u00e7\u00f5es de devedores, proclamas de casamento e processos de usucapi\u00e3o.<\/p>\n<p>Uma an\u00e1lise de m\u00e9tricas feita na plataforma SimilarWeb mostra que o portal e-Proclamas (https:\/\/proclamas.org.br\/), mantido pela ARPEN-BR, recebeu apenas 31.038 visitantes em um m\u00eas. Em contraste, jornais de grande circula\u00e7\u00e3o registram audi\u00eancias expressivas e audit\u00e1veis, alcan\u00e7ando facilmente centenas de milhares de acessos mensais, e muitos superam a marca de milh\u00f5es de visualiza\u00e7\u00f5es, garantindo ampla divulga\u00e7\u00e3o e efetividade \u00e0 publicidade legal.<\/p>\n<p>Substituir os jornais por portais com audi\u00eancia t\u00e3o restrita esvazia o princ\u00edpio da publicidade e aumenta o risco de desinforma\u00e7\u00e3o. A popula\u00e7\u00e3o deixa de ter acesso pleno aos atos oficiais, que ficam limitados a espa\u00e7os pouco vis\u00edveis e sem transpar\u00eancia de audi\u00eancia.<\/p>\n<p>Jornais (impressos e digitais) s\u00e3o plataformas auditadas, com m\u00e9tricas p\u00fablicas de alcance, indexa\u00e7\u00e3o em buscadores e hist\u00f3rico de credibilidade. Tentativas de substitu\u00ed-los por sites cartor\u00e1rios pouco conhecidos fragilizam a seguran\u00e7a jur\u00eddica e prejudicam a sociedade.<\/p>\n<p><strong>Uma decis\u00e3o que fortalece a liberdade e o pluralismo<\/strong><\/p>\n<p>Como advogado respons\u00e1vel pela reda\u00e7\u00e3o da peti\u00e7\u00e3o que levou esse debate ao CNJ, considero essa decis\u00e3o um divisor de \u00e1guas. Ela reafirma que inova\u00e7\u00e3o tecnol\u00f3gica deve caminhar ao lado da legalidade e da liberdade econ\u00f4mica, e jamais criar reservas de mercado em preju\u00edzo da cidadania e da imprensa.<\/p>\n<p>Que esse precedente sirva como orienta\u00e7\u00e3o para que administra\u00e7\u00f5es p\u00fablicas, cart\u00f3rios e demais \u00f3rg\u00e3os respeitem o pluralismo, a liberdade de escolha e a fun\u00e7\u00e3o social da imprensa.<\/p>\n<p>A publicidade legal \u00e9 uma garantia do cidad\u00e3o e precisa ser tratada com a seriedade e a abrang\u00eancia que sempre justificaram sua exist\u00eancia.<\/p>\n<p><strong>Trecho dispositivo da decis\u00e3o do CNJ<\/strong><\/p>\n<p>\u201cAnte o exposto, dou parcial provimento ao pedido de provid\u00eancias formulado para que os Tribunais de Justi\u00e7a de todos os Estados da Federa\u00e7\u00e3o e do Distrito Federal e Territ\u00f3rios adaptem suas normas administrativas extraindo dos dispositivos qualquer men\u00e7\u00e3o a que a publica\u00e7\u00e3o eletr\u00f4nica de editais de intima\u00e7\u00e3o, notifica\u00e7\u00e3o ou de qualquer outro ato cartor\u00e1rio seja feita por determinado portal, site, servi\u00e7o ou prestador espec\u00edfico, seja ele mantido por Associa\u00e7\u00e3o de Registradores ou n\u00e3o.\u201d<\/p>\n<p>Com essa decis\u00e3o, fica claro que os jornais de grande circula\u00e7\u00e3o, especialmente em suas vers\u00f5es eletr\u00f4nicas, devem receber as mat\u00e9rias legais e atos oficiais provenientes dos cart\u00f3rios de todo o Brasil, garantindo ampla publicidade e acesso \u00e0 informa\u00e7\u00e3o.<\/p>\n<p><strong>Bruno Camargo da Silva<\/strong><br \/>Advogado. S\u00f3cio e fundador da Camargo Silva Consultoria. Professor de Direito Administrativo e Empresarial. Especialista em licita\u00e7\u00f5es p\u00fablicas e autor do Guia Pr\u00e1tico de Publicidade Legal das S\/A. Coordenador jur\u00eddico da ABRALEGAL e consultor de ag\u00eancias e ve\u00edculos de comunica\u00e7\u00e3o especializados em publicidade oficial.<\/p>\n<\/div>\n<p><br \/>\n<br \/><a href=\"https:\/\/www.tribunaribeirao.com.br\/cnj-determina-que-editais-de-cartorios-sejam-publicados-em-jornais\/\">Source link <\/a><\/p>\n<!-- CONTENT END 1 -->\n","protected":false},"excerpt":{"rendered":"<p>Decis\u00e3o derruba a reserva de mercado digital O Conselho Nacional de Justi\u00e7a (CNJ) proferiu recentemente uma decis\u00e3o hist\u00f3rica que reafirma a liberdade de imprensa e&#8230;<\/p>\n","protected":false},"author":1,"featured_media":75718,"comment_status":"open","ping_status":"open","sticky":false,"template":"","format":"standard","meta":{"advanced_seo_description":"","jetpack_seo_html_title":"","jetpack_seo_noindex":false,"jetpack_post_was_ever_published":false,"_jetpack_newsletter_access":"","_jetpack_dont_email_post_to_subs":false,"_jetpack_newsletter_tier_id":0,"_jetpack_memberships_contains_paywalled_content":false,"_jetpack_memberships_contains_paid_content":false,"footnotes":"","jetpack_publicize_message":"","jetpack_publicize_feature_enabled":true,"jetpack_social_post_already_shared":true,"jetpack_social_options":{"image_generator_settings":{"template":"highway","default_image_id":0,"font":"","enabled":false},"version":2}},"categories":[11],"tags":[],"class_list":["post-75717","post","type-post","status-publish","format-standard","has-post-thumbnail","hentry","category-noticias-de-ribeirao-preto-sp-e-regiao-ismael-colosi"],"jetpack_publicize_connections":[],"jetpack_featured_media_url":"https:\/\/i0.wp.com\/noticiasribeiraopreto.com.br\/wp-content\/uploads\/2025\/08\/sede-cnj.jpg?fit=1280%2C853&ssl=1","jetpack-related-posts":[{"id":80542,"url":"https:\/\/noticiasribeiraopreto.com.br\/index.php\/2025\/12\/05\/acidade-on-e-homenageado-pela-anj-por-seus-120-anos-de-historia-no-jornalismo-brasileiro\/","url_meta":{"origin":75717,"position":0},"title":"acidade on \u00e9 homenageado pela ANJ por seus 120 anos de hist\u00f3ria no jornalismo brasileiro","author":"noticiasribeiraopreto.com.br","date":"5 de December de 2025","format":false,"excerpt":"O acidade on recebeu nesta quinta-feira (4) uma homenagem especial da ANJ (Associa\u00e7\u00e3o Nacional de Jornais) pelos seus 120 anos. A celebra\u00e7\u00e3o aconteceu em S\u00e3o Paulo e reuniu os 13 jornais centen\u00e1rios do Brasil, reconhecidos pelo impacto hist\u00f3rico na imprensa nacional e pelo papel essencial na defesa da democracia. A\u2026","rel":"","context":"In &quot;Not\u00edcias de Ribeir\u00e3o Preto-SP e Regi\u00e3o&quot;","block_context":{"text":"Not\u00edcias de Ribeir\u00e3o Preto-SP e Regi\u00e3o","link":"https:\/\/noticiasribeiraopreto.com.br\/index.php\/category\/noticias-de-ribeirao-preto-sp-e-regiao-ismael-colosi\/"},"img":{"alt_text":"","src":"https:\/\/i0.wp.com\/noticiasribeiraopreto.com.br\/wp-content\/uploads\/2025\/12\/anj_2025-12-04_21-28-11.webp.webp?fit=1200%2C749&ssl=1&resize=350%2C200","width":350,"height":200,"srcset":"https:\/\/i0.wp.com\/noticiasribeiraopreto.com.br\/wp-content\/uploads\/2025\/12\/anj_2025-12-04_21-28-11.webp.webp?fit=1200%2C749&ssl=1&resize=350%2C200 1x, https:\/\/i0.wp.com\/noticiasribeiraopreto.com.br\/wp-content\/uploads\/2025\/12\/anj_2025-12-04_21-28-11.webp.webp?fit=1200%2C749&ssl=1&resize=525%2C300 1.5x, https:\/\/i0.wp.com\/noticiasribeiraopreto.com.br\/wp-content\/uploads\/2025\/12\/anj_2025-12-04_21-28-11.webp.webp?fit=1200%2C749&ssl=1&resize=700%2C400 2x, https:\/\/i0.wp.com\/noticiasribeiraopreto.com.br\/wp-content\/uploads\/2025\/12\/anj_2025-12-04_21-28-11.webp.webp?fit=1200%2C749&ssl=1&resize=1050%2C600 3x"},"classes":[]},{"id":45386,"url":"https:\/\/noticiasribeiraopreto.com.br\/index.php\/2024\/04\/03\/cartorios-lancam-autorizacao-eletronica-para-doacao-de-orgaos\/","url_meta":{"origin":75717,"position":1},"title":"Cart\u00f3rios lan\u00e7am autoriza\u00e7\u00e3o eletr\u00f4nica para doa\u00e7\u00e3o de \u00f3rg\u00e3os","author":"noticiasribeiraopreto.com.br","date":"3 de April de 2024","format":false,"excerpt":"Os cart\u00f3rios de todo o pa\u00eds lan\u00e7aram nesta ter\u00e7a-feira (2) um documento eletr\u00f4nico que vai permitir a oficializa\u00e7\u00e3o da vontade dos cidad\u00e3os que querem ser doadores de \u00f3rg\u00e3os. A iniciativa foi anunciada pelo Conselho Nacional de Justi\u00e7a (CNJ) e o Col\u00e9gio Notarial do Brasil, por meio da campanha Um S\u00f3\u2026","rel":"","context":"In &quot;Not\u00edcias de Ribeir\u00e3o Preto-SP e Regi\u00e3o&quot;","block_context":{"text":"Not\u00edcias de Ribeir\u00e3o Preto-SP e Regi\u00e3o","link":"https:\/\/noticiasribeiraopreto.com.br\/index.php\/category\/noticias-de-ribeirao-preto-sp-e-regiao-ismael-colosi\/"},"img":{"alt_text":"","src":"https:\/\/i0.wp.com\/noticiasribeiraopreto.com.br\/wp-content\/uploads\/2024\/04\/imagem-9.jpg?fit=800%2C500&ssl=1&resize=350%2C200","width":350,"height":200,"srcset":"https:\/\/i0.wp.com\/noticiasribeiraopreto.com.br\/wp-content\/uploads\/2024\/04\/imagem-9.jpg?fit=800%2C500&ssl=1&resize=350%2C200 1x, https:\/\/i0.wp.com\/noticiasribeiraopreto.com.br\/wp-content\/uploads\/2024\/04\/imagem-9.jpg?fit=800%2C500&ssl=1&resize=525%2C300 1.5x, https:\/\/i0.wp.com\/noticiasribeiraopreto.com.br\/wp-content\/uploads\/2024\/04\/imagem-9.jpg?fit=800%2C500&ssl=1&resize=700%2C400 2x"},"classes":[]},{"id":45328,"url":"https:\/\/noticiasribeiraopreto.com.br\/index.php\/2024\/04\/03\/doacao-de-orgaos-afasta-burocracia\/","url_meta":{"origin":75717,"position":2},"title":"Doa\u00e7\u00e3o de \u00f3rg\u00e3os afasta burocracia\u00a0","author":"noticiasribeiraopreto.com.br","date":"3 de April de 2024","format":false,"excerpt":"3 de abril de 2024 | 17:003 de abril de 2024 | 9:18 0 Os cart\u00f3rios de todo o pa\u00eds lan\u00e7aram nesta ter\u00e7a-feira, 2 de abril, um documento eletr\u00f4nico que vai permitir a oficializa\u00e7\u00e3o da vontade dos cidad\u00e3os que querem ser doadores de \u00f3rg\u00e3os. A iniciativa foi anunciada pelo Conselho\u2026","rel":"","context":"In &quot;Not\u00edcias de Ribeir\u00e3o Preto-SP e Regi\u00e3o&quot;","block_context":{"text":"Not\u00edcias de Ribeir\u00e3o Preto-SP e Regi\u00e3o","link":"https:\/\/noticiasribeiraopreto.com.br\/index.php\/category\/noticias-de-ribeirao-preto-sp-e-regiao-ismael-colosi\/"},"img":{"alt_text":"","src":"https:\/\/i0.wp.com\/noticiasribeiraopreto.com.br\/wp-content\/uploads\/2024\/04\/Orgaos-Divulgacao-Ministerio-da-Saude.jpg?fit=800%2C479&ssl=1&resize=350%2C200","width":350,"height":200,"srcset":"https:\/\/i0.wp.com\/noticiasribeiraopreto.com.br\/wp-content\/uploads\/2024\/04\/Orgaos-Divulgacao-Ministerio-da-Saude.jpg?fit=800%2C479&ssl=1&resize=350%2C200 1x, https:\/\/i0.wp.com\/noticiasribeiraopreto.com.br\/wp-content\/uploads\/2024\/04\/Orgaos-Divulgacao-Ministerio-da-Saude.jpg?fit=800%2C479&ssl=1&resize=525%2C300 1.5x, https:\/\/i0.wp.com\/noticiasribeiraopreto.com.br\/wp-content\/uploads\/2024\/04\/Orgaos-Divulgacao-Ministerio-da-Saude.jpg?fit=800%2C479&ssl=1&resize=700%2C400 2x"},"classes":[]},{"id":80451,"url":"https:\/\/noticiasribeiraopreto.com.br\/index.php\/2025\/12\/03\/acidade-on-recebe-homenagem-da-camara-de-ribeirao-preto-pelos-120-anos-de-historia\/","url_meta":{"origin":75717,"position":3},"title":"acidade on recebe homenagem da C\u00e2mara de Ribeir\u00e3o Preto pelos 120 anos de hist\u00f3ria","author":"noticiasribeiraopreto.com.br","date":"3 de December de 2025","format":false,"excerpt":"O acidade on recebeu uma homenagem especial da C\u00e2mara Municipal de Ribeir\u00e3o Preto pelos seus 120 anos de hist\u00f3ria. A mo\u00e7\u00e3o de congratula\u00e7\u00f5es, homenagens e aplausos foi aprovada pelos vereadores no m\u00eas de outubro e entregue nesta semana. Um dos jornais mais tradicionais do interior paulista O jornal A Cidade\u2026","rel":"","context":"In &quot;Not\u00edcias de Ribeir\u00e3o Preto-SP e Regi\u00e3o&quot;","block_context":{"text":"Not\u00edcias de Ribeir\u00e3o Preto-SP e Regi\u00e3o","link":"https:\/\/noticiasribeiraopreto.com.br\/index.php\/category\/noticias-de-ribeirao-preto-sp-e-regiao-ismael-colosi\/"},"img":{"alt_text":"","src":"https:\/\/i0.wp.com\/noticiasribeiraopreto.com.br\/wp-content\/uploads\/2025\/10\/camara-de-ribeirao-preto_2025-10-27_20-36-22.webp.webp?fit=1024%2C576&ssl=1&resize=350%2C200","width":350,"height":200,"srcset":"https:\/\/i0.wp.com\/noticiasribeiraopreto.com.br\/wp-content\/uploads\/2025\/10\/camara-de-ribeirao-preto_2025-10-27_20-36-22.webp.webp?fit=1024%2C576&ssl=1&resize=350%2C200 1x, https:\/\/i0.wp.com\/noticiasribeiraopreto.com.br\/wp-content\/uploads\/2025\/10\/camara-de-ribeirao-preto_2025-10-27_20-36-22.webp.webp?fit=1024%2C576&ssl=1&resize=525%2C300 1.5x, https:\/\/i0.wp.com\/noticiasribeiraopreto.com.br\/wp-content\/uploads\/2025\/10\/camara-de-ribeirao-preto_2025-10-27_20-36-22.webp.webp?fit=1024%2C576&ssl=1&resize=700%2C400 2x"},"classes":[]},{"id":83817,"url":"https:\/\/noticiasribeiraopreto.com.br\/index.php\/2026\/03\/26\/justica-da-italia-aceita-extradicao-de-carla-zambelli\/","url_meta":{"origin":75717,"position":4},"title":"Justi\u00e7a da It\u00e1lia aceita extradi\u00e7\u00e3o de Carla Zambelli","author":"noticiasribeiraopreto.com.br","date":"26 de March de 2026","format":false,"excerpt":"A Justi\u00e7a italiana decidiu extraditar a ex-deputada federal Carla Zambelli (PL), que \u00e9 natural de Ribeir\u00e3o Preto. Ela est\u00e1 presa em Roma, na It\u00e1lia. A notifica\u00e7\u00e3o foi enviada ao governo brasileiro nesta quinta-feira (26). Zambelli foi condenada em dois processos pelo STF (Supremo Tribunal Federal) e est\u00e1 presa no exterior\u2026","rel":"","context":"In &quot;Not\u00edcias de Ribeir\u00e3o Preto-SP e Regi\u00e3o&quot;","block_context":{"text":"Not\u00edcias de Ribeir\u00e3o Preto-SP e Regi\u00e3o","link":"https:\/\/noticiasribeiraopreto.com.br\/index.php\/category\/noticias-de-ribeirao-preto-sp-e-regiao-ismael-colosi\/"},"img":{"alt_text":"","src":"https:\/\/i0.wp.com\/noticiasribeiraopreto.com.br\/wp-content\/uploads\/2024\/09\/lula1069-10_2024-09-26_19-47-04.webp.webp?fit=1170%2C700&ssl=1&resize=350%2C200","width":350,"height":200,"srcset":"https:\/\/i0.wp.com\/noticiasribeiraopreto.com.br\/wp-content\/uploads\/2024\/09\/lula1069-10_2024-09-26_19-47-04.webp.webp?fit=1170%2C700&ssl=1&resize=350%2C200 1x, https:\/\/i0.wp.com\/noticiasribeiraopreto.com.br\/wp-content\/uploads\/2024\/09\/lula1069-10_2024-09-26_19-47-04.webp.webp?fit=1170%2C700&ssl=1&resize=525%2C300 1.5x, https:\/\/i0.wp.com\/noticiasribeiraopreto.com.br\/wp-content\/uploads\/2024\/09\/lula1069-10_2024-09-26_19-47-04.webp.webp?fit=1170%2C700&ssl=1&resize=700%2C400 2x, https:\/\/i0.wp.com\/noticiasribeiraopreto.com.br\/wp-content\/uploads\/2024\/09\/lula1069-10_2024-09-26_19-47-04.webp.webp?fit=1170%2C700&ssl=1&resize=1050%2C600 3x"},"classes":[]},{"id":18281,"url":"https:\/\/noticiasribeiraopreto.com.br\/index.php\/2023\/12\/20\/saiba-quais-foram-os-nomes-mais-registrados-no-brasil-em-2023\/","url_meta":{"origin":75717,"position":5},"title":"Saiba quais foram os nomes mais registrados no Brasil em 2023","author":"noticiasribeiraopreto.com.br","date":"20 de December de 2023","format":false,"excerpt":"Nomes curtos e b\u00edblicos fizeram sucesso neste ano de 2023. Isso \u00e9 o que apontou um levantamento feito pela Associa\u00e7\u00e3o Nacional dos Registradores de Pessoas Naturais (Arpen-Brasil). Os dados s\u00e3o fornecidos pelos Cart\u00f3rios de Registro Civil do pa\u00eds. Os nomes preferidos pelos brasileiros no decorrer deste ano foram Miguel, com\u2026","rel":"","context":"In &quot;Variedades&quot;","block_context":{"text":"Variedades","link":"https:\/\/noticiasribeiraopreto.com.br\/index.php\/category\/variedades\/"},"img":{"alt_text":"","src":"https:\/\/i0.wp.com\/noticiasribeiraopreto.com.br\/wp-content\/uploads\/2023\/12\/pexels-ryutaro-tsukata-5220093.jpg?fit=1200%2C638&ssl=1&resize=350%2C200","width":350,"height":200,"srcset":"https:\/\/i0.wp.com\/noticiasribeiraopreto.com.br\/wp-content\/uploads\/2023\/12\/pexels-ryutaro-tsukata-5220093.jpg?fit=1200%2C638&ssl=1&resize=350%2C200 1x, https:\/\/i0.wp.com\/noticiasribeiraopreto.com.br\/wp-content\/uploads\/2023\/12\/pexels-ryutaro-tsukata-5220093.jpg?fit=1200%2C638&ssl=1&resize=525%2C300 1.5x, https:\/\/i0.wp.com\/noticiasribeiraopreto.com.br\/wp-content\/uploads\/2023\/12\/pexels-ryutaro-tsukata-5220093.jpg?fit=1200%2C638&ssl=1&resize=700%2C400 2x, https:\/\/i0.wp.com\/noticiasribeiraopreto.com.br\/wp-content\/uploads\/2023\/12\/pexels-ryutaro-tsukata-5220093.jpg?fit=1200%2C638&ssl=1&resize=1050%2C600 3x"},"classes":[]}],"jetpack_sharing_enabled":true,"jetpack_shortlink":"https:\/\/wp.me\/peQAOb-jHf","_links":{"self":[{"href":"https:\/\/noticiasribeiraopreto.com.br\/index.php\/wp-json\/wp\/v2\/posts\/75717","targetHints":{"allow":["GET"]}}],"collection":[{"href":"https:\/\/noticiasribeiraopreto.com.br\/index.php\/wp-json\/wp\/v2\/posts"}],"about":[{"href":"https:\/\/noticiasribeiraopreto.com.br\/index.php\/wp-json\/wp\/v2\/types\/post"}],"author":[{"embeddable":true,"href":"https:\/\/noticiasribeiraopreto.com.br\/index.php\/wp-json\/wp\/v2\/users\/1"}],"replies":[{"embeddable":true,"href":"https:\/\/noticiasribeiraopreto.com.br\/index.php\/wp-json\/wp\/v2\/comments?post=75717"}],"version-history":[{"count":0,"href":"https:\/\/noticiasribeiraopreto.com.br\/index.php\/wp-json\/wp\/v2\/posts\/75717\/revisions"}],"wp:featuredmedia":[{"embeddable":true,"href":"https:\/\/noticiasribeiraopreto.com.br\/index.php\/wp-json\/wp\/v2\/media\/75718"}],"wp:attachment":[{"href":"https:\/\/noticiasribeiraopreto.com.br\/index.php\/wp-json\/wp\/v2\/media?parent=75717"}],"wp:term":[{"taxonomy":"category","embeddable":true,"href":"https:\/\/noticiasribeiraopreto.com.br\/index.php\/wp-json\/wp\/v2\/categories?post=75717"},{"taxonomy":"post_tag","embeddable":true,"href":"https:\/\/noticiasribeiraopreto.com.br\/index.php\/wp-json\/wp\/v2\/tags?post=75717"}],"curies":[{"name":"wp","href":"https:\/\/api.w.org\/{rel}","templated":true}]}}