{"id":75719,"date":"2025-08-14T11:05:56","date_gmt":"2025-08-14T14:05:56","guid":{"rendered":"https:\/\/noticiasribeiraopreto.com.br\/index.php\/2025\/08\/14\/trabalhadores-escravizados-sao-resgatados-de-obra-da-prefeitura-de-franca\/"},"modified":"2025-08-14T11:05:56","modified_gmt":"2025-08-14T14:05:56","slug":"trabalhadores-escravizados-sao-resgatados-de-obra-da-prefeitura-de-franca","status":"publish","type":"post","link":"https:\/\/noticiasribeiraopreto.com.br\/index.php\/2025\/08\/14\/trabalhadores-escravizados-sao-resgatados-de-obra-da-prefeitura-de-franca\/","title":{"rendered":"Trabalhadores escravizados s\u00e3o resgatados de obra da Prefeitura de Franca"},"content":{"rendered":"<div class='code-block code-block-1' style='margin: 8px 0 8px auto; text-align: right; display: block; clear: both;'>\n<p><a href=\"https:\/\/wa.link\/vpicfd\"><img data-recalc-dims=\"1\" class=\"wp-image-4922\" style=\"aspect-ratio: 2.0253164556962027; width: 561px; height: auto;\" src=\"https:\/\/i0.wp.com\/ismaelcolosi.com.br\/wp-content\/uploads\/2023\/11\/grupo-de-empregos-whatsapp-e-facebook-ismael-colosi-vagas.jpg?ssl=1\" alt=\"\" \/><\/a><\/p>\n<!-- \/wp:image -->\n<\/div>\n<p> <br \/>\n<\/p>\n<div id=\"\">\n<h2 class=\"penci-post-subtitle\">Servi\u00e7o era executado por funcion\u00e1rios de empresa contratada pela prefeitura, que rescindiu contrato da obra<\/h2>\n<p>\n\t\t\t\t\t\t\t\t\t<span class=\"entry-meta-item penci-posted-on\"><i class=\"fa fa-clock-o\"\/><time class=\"entry-date published updated\" datetime=\"2025-08-14T11:04:08-03:00\">14 de agosto de 2025 11:04<\/time><\/span><span class=\"entry-meta-item penci-post-countview\"><span class=\"entry-meta-item penci-post-countview penci_post-meta_item\"><i class=\"fa fa-eye\"\/><span class=\"penci-post-countview-number penci-post-countview-p435135\">1<\/span><\/span><\/span>\t\t\t\t\t\t\t\t<\/p>\n<p><!-- .entry-meta --><br \/>\n\t\t\t\t\t\t\t\t<span class=\"penci-social-buttons penci-social-share-footer\"><span class=\"penci-social-share-text\">Compartilhar<\/span><a href=\"#\" class=\"penci-post-like penci_post-meta_item  single-like-button penci-social-item like\" data-post_id=\"435135\" title=\"Like\" data-like=\"Like\" data-unlike=\"Unlike\"><i class=\"fa fa-thumbs-o-up\"\/><span class=\"penci-share-number\">1<\/span><\/a><i class=\"fa fa-facebook\"\/><a class=\"penci-social-item twitter\" target=\"_blank\" rel=\"noopener\" title=\"\" href=\"https:\/\/twitter.com\/intent\/tweet?text=Trabalhadores%20escravizados%20s\u00e3o%20resgatados%20de%20obra%20da%20Prefeitura%20de%20Franca%20-%20https:\/\/www.tribunaribeirao.com.br\/trabalhadores-escravizados-sao-resgatados-de-obra-da-prefeitura-de-franca\/\"><i class=\"fa fa-twitter\"\/><\/a><i class=\"fa fa-linkedin\"\/><i class=\"fa fa-whatsapp\"\/><i class=\"fa fa-telegram\"\/><i class=\"fa fa-envelope\"\/><\/span>\t\t\t\t\t\t\t<\/div>\n<div>\n<p>Por: Adalberto Luque<\/p>\n<p>O Minist\u00e9rio P\u00fablico do Trabalho (MPT) e o Minist\u00e9rio do Trabalho e Emprego (MTE) realizaram, na sexta-feira (8), uma opera\u00e7\u00e3o conjunta para resgatar oito trabalhadores em condi\u00e7\u00f5es an\u00e1logas \u00e0 escravid\u00e3o, em obras de reforma das pra\u00e7as Nossa Senhora da Concei\u00e7\u00e3o e Bar\u00e3o, no centro de Franca (SP). A informa\u00e7\u00e3o foi divulgada na manh\u00e3 desta quinta-feira (14).<\/p>\n<p>Os servi\u00e7os eram executados pela empresa Terra Incorporadora e Construtora Ltda, contratada pela prefeitura. A fiscaliza\u00e7\u00e3o constatou alojamentos prec\u00e1rios, aus\u00eancia de registro em carteira, falta de equipamentos de prote\u00e7\u00e3o, condi\u00e7\u00f5es de higiene e seguran\u00e7a inadequadas, jornadas exaustivas e tr\u00eas meses de sal\u00e1rios atrasados. Diante das irregularidades, o Executivo municipal rescindiu o contrato com a terceirizada.<\/p>\n<figure id=\"attachment_435138\" aria-describedby=\"caption-attachment-435138\" style=\"width: 1484px\" class=\"wp-caption alignnone\"><img data-recalc-dims=\"1\" loading=\"lazy\" decoding=\"async\" class=\"size-full wp-image-435138\" src=\"https:\/\/i0.wp.com\/www.tribunaribeirao.com.br\/wp-content\/uploads\/2025\/08\/14-ago-2025-trabalhadoresescravos3.jpg?resize=1484%2C1370&#038;ssl=1\" alt=\"\" width=\"1484\" height=\"1370\" srcset=\"https:\/\/www.tribunaribeirao.com.br\/wp-content\/uploads\/2025\/08\/14-ago-2025-trabalhadoresescravos3.jpg 1484w, https:\/\/www.tribunaribeirao.com.br\/wp-content\/uploads\/2025\/08\/14-ago-2025-trabalhadoresescravos3-300x277.jpg 300w, https:\/\/www.tribunaribeirao.com.br\/wp-content\/uploads\/2025\/08\/14-ago-2025-trabalhadoresescravos3-1024x945.jpg 1024w, https:\/\/www.tribunaribeirao.com.br\/wp-content\/uploads\/2025\/08\/14-ago-2025-trabalhadoresescravos3-768x709.jpg 768w, https:\/\/www.tribunaribeirao.com.br\/wp-content\/uploads\/2025\/08\/14-ago-2025-trabalhadoresescravos3-960x886.jpg 960w, https:\/\/www.tribunaribeirao.com.br\/wp-content\/uploads\/2025\/08\/14-ago-2025-trabalhadoresescravos3-433x400.jpg 433w, https:\/\/www.tribunaribeirao.com.br\/wp-content\/uploads\/2025\/08\/14-ago-2025-trabalhadoresescravos3-585x540.jpg 585w\" sizes=\"auto, (max-width: 1484px) 100vw, 1484px\"\/><figcaption id=\"caption-attachment-435138\" class=\"wp-caption-text\">MPT e MTE citam condi\u00e7\u00f5es prec\u00e1rias no alojamento dos trabalhadores (Foto: Divulga\u00e7\u00e3o)<\/figcaption><\/figure>\n<p>Foi firmado um Termo de Ajuste de Conduta (TAC) com a empresa, que se comprometeu a pagar R$ 266.200,02 em verbas rescis\u00f3rias e indeniza\u00e7\u00f5es, incluindo valores por danos morais individuais de R$ 5 mil para tr\u00eas trabalhadores e R$ 10 mil para os demais. Tamb\u00e9m dever\u00e1 pagar R$ 100 mil por dano moral coletivo, destinados a entidades sociais de Franca, al\u00e9m de cumprir normas de seguran\u00e7a e regularizar alojamentos.<\/p>\n<p>Os pagamentos aos trabalhadores devem ser feitos em at\u00e9 120 dias, com comprova\u00e7\u00e3o ao MPT cinco dias ap\u00f3s cada dep\u00f3sito. J\u00e1 o valor do dano moral coletivo deve ser pago em at\u00e9 15 dias ap\u00f3s a empresa\u00a0receber um cr\u00e9dito contratual junto \u00e0 prefeitura.<\/p>\n<p>\u00a0<\/p>\n<figure id=\"attachment_435137\" aria-describedby=\"caption-attachment-435137\" style=\"width: 1600px\" class=\"wp-caption alignnone\"><img data-recalc-dims=\"1\" loading=\"lazy\" decoding=\"async\" class=\"size-full wp-image-435137\" src=\"https:\/\/i0.wp.com\/www.tribunaribeirao.com.br\/wp-content\/uploads\/2025\/08\/14-ago-2025-trabalhadoresescravos2.jpg?resize=1600%2C739&#038;ssl=1\" alt=\"\" width=\"1600\" height=\"739\" srcset=\"https:\/\/www.tribunaribeirao.com.br\/wp-content\/uploads\/2025\/08\/14-ago-2025-trabalhadoresescravos2.jpg 1600w, https:\/\/www.tribunaribeirao.com.br\/wp-content\/uploads\/2025\/08\/14-ago-2025-trabalhadoresescravos2-300x139.jpg 300w, https:\/\/www.tribunaribeirao.com.br\/wp-content\/uploads\/2025\/08\/14-ago-2025-trabalhadoresescravos2-1024x473.jpg 1024w, https:\/\/www.tribunaribeirao.com.br\/wp-content\/uploads\/2025\/08\/14-ago-2025-trabalhadoresescravos2-768x355.jpg 768w, https:\/\/www.tribunaribeirao.com.br\/wp-content\/uploads\/2025\/08\/14-ago-2025-trabalhadoresescravos2-1536x709.jpg 1536w, https:\/\/www.tribunaribeirao.com.br\/wp-content\/uploads\/2025\/08\/14-ago-2025-trabalhadoresescravos2-960x443.jpg 960w, https:\/\/www.tribunaribeirao.com.br\/wp-content\/uploads\/2025\/08\/14-ago-2025-trabalhadoresescravos2-866x400.jpg 866w, https:\/\/www.tribunaribeirao.com.br\/wp-content\/uploads\/2025\/08\/14-ago-2025-trabalhadoresescravos2-585x270.jpg 585w\" sizes=\"auto, (max-width: 1600px) 100vw, 1600px\"\/><figcaption id=\"caption-attachment-435137\" class=\"wp-caption-text\">Empresa se comprometeu a pagar\u00a0 direitos dos trabalhadores e R$ 100 mil por dano moral coletivo, al\u00e9m de ter o contrato com a prefeitura cancelado (Foto: Divulga\u00e7\u00e3o)<\/figcaption><\/figure>\n<p>Para garantir o cumprimento, foram oferecidos tr\u00eas im\u00f3veis em garantia real. A C\u00e2mara Municipal j\u00e1 havia pago diretamente aos trabalhadores valores decorrentes do contrato.<\/p>\n<p>O procurador Gustavo Rizzo Ricardo, respons\u00e1vel pelo TAC, afirmou que o combate ao trabalho escravo contempor\u00e2neo exige a\u00e7\u00e3o r\u00e1pida, repara\u00e7\u00e3o dos direitos e preven\u00e7\u00e3o de novos casos. Ele tamb\u00e9m destacou a import\u00e2ncia de aperfei\u00e7oar os mecanismos de controle das contrata\u00e7\u00f5es p\u00fablicas.<\/p>\n<p>O MPT informou que o Munic\u00edpio de Franca ser\u00e1 investigado por neglig\u00eancia, diante de ind\u00edcios de falhas na fiscaliza\u00e7\u00e3o dos contratos firmados com a empresa. A apura\u00e7\u00e3o deve verificar poss\u00edvel responsabilidade de gestores p\u00fablicos pela omiss\u00e3o na fiscaliza\u00e7\u00e3o das condi\u00e7\u00f5es de trabalho.<\/p>\n<\/div>\n<p><script async src=\"\/\/platform.twitter.com\/widgets.js\" charset=\"utf-8\"><\/script><br \/>\n<br \/><br \/>\n<br \/><a href=\"https:\/\/www.tribunaribeirao.com.br\/trabalhadores-escravizados-sao-resgatados-de-obra-da-prefeitura-de-franca\/\">Source link <\/a><\/p>\n<!-- CONTENT END 1 -->\n","protected":false},"excerpt":{"rendered":"<p>Servi\u00e7o era executado por funcion\u00e1rios de empresa contratada pela prefeitura, que rescindiu contrato da obra 14 de agosto de 2025 11:041 Compartilhar1 Por: Adalberto Luque&#8230;<\/p>\n","protected":false},"author":1,"featured_media":75720,"comment_status":"open","ping_status":"open","sticky":false,"template":"","format":"standard","meta":{"advanced_seo_description":"","jetpack_seo_html_title":"","jetpack_seo_noindex":false,"jetpack_post_was_ever_published":false,"_jetpack_newsletter_access":"","_jetpack_dont_email_post_to_subs":false,"_jetpack_newsletter_tier_id":0,"_jetpack_memberships_contains_paywalled_content":false,"_jetpack_memberships_contains_paid_content":false,"footnotes":"","jetpack_publicize_message":"","jetpack_publicize_feature_enabled":true,"jetpack_social_post_already_shared":true,"jetpack_social_options":{"image_generator_settings":{"template":"highway","default_image_id":0,"font":"","enabled":false},"version":2}},"categories":[11],"tags":[],"class_list":["post-75719","post","type-post","status-publish","format-standard","has-post-thumbnail","hentry","category-noticias-de-ribeirao-preto-sp-e-regiao-ismael-colosi"],"jetpack_publicize_connections":[],"jetpack_featured_media_url":"https:\/\/i0.wp.com\/noticiasribeiraopreto.com.br\/wp-content\/uploads\/2025\/08\/14-ago-2025-trabalhadoresescravos1.jpg?fit=1600%2C739&ssl=1","jetpack-related-posts":[{"id":38533,"url":"https:\/\/noticiasribeiraopreto.com.br\/index.php\/2024\/02\/20\/prefeitura-de-ribeirao-faz-evento-na-nove-de-julho-mesmo-com-obras-paradas\/","url_meta":{"origin":75719,"position":0},"title":"Prefeitura de Ribeir\u00e3o faz evento na Nove de Julho mesmo com obras paradas","author":"noticiasribeiraopreto.com.br","date":"20 de February de 2024","format":false,"excerpt":"A Prefeitura de Ribeir\u00e3o Preto vai realizar no pr\u00f3ximo domingo (25), o Projeto \u201cVem pra Nove Cultural\u201d. O evento acontece das 9h \u00e0s 12h, entre as ruas Visconde de Inha\u00fama e Tibiri\u00e7\u00e1, trecho pr\u00f3ximo de onde as obras de revitaliza\u00e7\u00e3o e restaura\u00e7\u00e3o est\u00e3o paradas desde dezembro do ano passado. De\u2026","rel":"","context":"In &quot;Not\u00edcias de Ribeir\u00e3o Preto-SP e Regi\u00e3o&quot;","block_context":{"text":"Not\u00edcias de Ribeir\u00e3o Preto-SP e Regi\u00e3o","link":"https:\/\/noticiasribeiraopreto.com.br\/index.php\/category\/noticias-de-ribeirao-preto-sp-e-regiao-ismael-colosi\/"},"img":{"alt_text":"","src":"https:\/\/i0.wp.com\/noticiasribeiraopreto.com.br\/wp-content\/uploads\/2024\/02\/avenida-nove-de-julho-2.jpeg?fit=1200%2C675&ssl=1&resize=350%2C200","width":350,"height":200,"srcset":"https:\/\/i0.wp.com\/noticiasribeiraopreto.com.br\/wp-content\/uploads\/2024\/02\/avenida-nove-de-julho-2.jpeg?fit=1200%2C675&ssl=1&resize=350%2C200 1x, https:\/\/i0.wp.com\/noticiasribeiraopreto.com.br\/wp-content\/uploads\/2024\/02\/avenida-nove-de-julho-2.jpeg?fit=1200%2C675&ssl=1&resize=525%2C300 1.5x, https:\/\/i0.wp.com\/noticiasribeiraopreto.com.br\/wp-content\/uploads\/2024\/02\/avenida-nove-de-julho-2.jpeg?fit=1200%2C675&ssl=1&resize=700%2C400 2x, https:\/\/i0.wp.com\/noticiasribeiraopreto.com.br\/wp-content\/uploads\/2024\/02\/avenida-nove-de-julho-2.jpeg?fit=1200%2C675&ssl=1&resize=1050%2C600 3x"},"classes":[]},{"id":11091,"url":"https:\/\/noticiasribeiraopreto.com.br\/index.php\/2023\/12\/05\/prefeitura-de-ribeirao-preto-rompe-contrato-com-a-empresa-da-obra-da-nove-de-julho\/","url_meta":{"origin":75719,"position":1},"title":"Prefeitura de Ribeir\u00e3o Preto rompe contrato com a empresa da obra da Nove de Julho","author":"noticiasribeiraopreto.com.br","date":"5 de December de 2023","format":false,"excerpt":"A Prefeitura de Ribeir\u00e3o Preto oficializou, nesta ter\u00e7a-feira (5), o rompimento do contrato com a empresa Metropolitana, respons\u00e1vel pelas obras de restaura\u00e7\u00e3o da avenida Nove de Julho e pela coloca\u00e7\u00e3o de galerias de \u00e1gua pluvial no Centro. De acordo com o Executivo, a empresa foi notificada cinco vezes sobre o\u2026","rel":"","context":"In &quot;Not\u00edcias de Ribeir\u00e3o Preto-SP e Regi\u00e3o&quot;","block_context":{"text":"Not\u00edcias de Ribeir\u00e3o Preto-SP e Regi\u00e3o","link":"https:\/\/noticiasribeiraopreto.com.br\/index.php\/category\/noticias-de-ribeirao-preto-sp-e-regiao-ismael-colosi\/"},"img":{"alt_text":"","src":"https:\/\/i0.wp.com\/noticiasribeiraopreto.com.br\/wp-content\/uploads\/2023\/12\/WhatsApp-Image-2023-12-05-at-11.04.13.jpeg?fit=1200%2C764&ssl=1&resize=350%2C200","width":350,"height":200,"srcset":"https:\/\/i0.wp.com\/noticiasribeiraopreto.com.br\/wp-content\/uploads\/2023\/12\/WhatsApp-Image-2023-12-05-at-11.04.13.jpeg?fit=1200%2C764&ssl=1&resize=350%2C200 1x, https:\/\/i0.wp.com\/noticiasribeiraopreto.com.br\/wp-content\/uploads\/2023\/12\/WhatsApp-Image-2023-12-05-at-11.04.13.jpeg?fit=1200%2C764&ssl=1&resize=525%2C300 1.5x, https:\/\/i0.wp.com\/noticiasribeiraopreto.com.br\/wp-content\/uploads\/2023\/12\/WhatsApp-Image-2023-12-05-at-11.04.13.jpeg?fit=1200%2C764&ssl=1&resize=700%2C400 2x, https:\/\/i0.wp.com\/noticiasribeiraopreto.com.br\/wp-content\/uploads\/2023\/12\/WhatsApp-Image-2023-12-05-at-11.04.13.jpeg?fit=1200%2C764&ssl=1&resize=1050%2C600 3x"},"classes":[]},{"id":36490,"url":"https:\/\/noticiasribeiraopreto.com.br\/index.php\/2024\/02\/09\/aberta-nova-licitacao-para-obras-da-nove-de-julho-em-ribeirao-preto\/","url_meta":{"origin":75719,"position":2},"title":"Aberta nova licita\u00e7\u00e3o para obras da Nove de Julho em Ribeir\u00e3o Preto","author":"noticiasribeiraopreto.com.br","date":"9 de February de 2024","format":false,"excerpt":"A abertura de uma nova licita\u00e7\u00e3o para a conclus\u00e3o das obras de revitaliza\u00e7\u00e3o e restaura\u00e7\u00e3o da avenida Nove de Julho em Ribeir\u00e3o Preto, foi anunciada pela prefeitura na tarde desta sexta-feira (9). De acordo com a publica\u00e7\u00e3o no Di\u00e1rio Oficial do Munic\u00edpio (DOM), o valor estimado para \u201cexecu\u00e7\u00e3o do remanescente\u2026","rel":"","context":"In &quot;Not\u00edcias de Ribeir\u00e3o Preto-SP e Regi\u00e3o&quot;","block_context":{"text":"Not\u00edcias de Ribeir\u00e3o Preto-SP e Regi\u00e3o","link":"https:\/\/noticiasribeiraopreto.com.br\/index.php\/category\/noticias-de-ribeirao-preto-sp-e-regiao-ismael-colosi\/"},"img":{"alt_text":"","src":"https:\/\/i0.wp.com\/noticiasribeiraopreto.com.br\/wp-content\/uploads\/2024\/02\/WhatsApp-Image-2023-12-20-at-10.47.41.jpeg?fit=1200%2C675&ssl=1&resize=350%2C200","width":350,"height":200,"srcset":"https:\/\/i0.wp.com\/noticiasribeiraopreto.com.br\/wp-content\/uploads\/2024\/02\/WhatsApp-Image-2023-12-20-at-10.47.41.jpeg?fit=1200%2C675&ssl=1&resize=350%2C200 1x, https:\/\/i0.wp.com\/noticiasribeiraopreto.com.br\/wp-content\/uploads\/2024\/02\/WhatsApp-Image-2023-12-20-at-10.47.41.jpeg?fit=1200%2C675&ssl=1&resize=525%2C300 1.5x, https:\/\/i0.wp.com\/noticiasribeiraopreto.com.br\/wp-content\/uploads\/2024\/02\/WhatsApp-Image-2023-12-20-at-10.47.41.jpeg?fit=1200%2C675&ssl=1&resize=700%2C400 2x, https:\/\/i0.wp.com\/noticiasribeiraopreto.com.br\/wp-content\/uploads\/2024\/02\/WhatsApp-Image-2023-12-20-at-10.47.41.jpeg?fit=1200%2C675&ssl=1&resize=1050%2C600 3x"},"classes":[]},{"id":18395,"url":"https:\/\/noticiasribeiraopreto.com.br\/index.php\/2023\/12\/20\/prefeitura-de-ribeirao-preto-vai-fazer-nova-licitacao-para-obra-da-nove-de-julho\/","url_meta":{"origin":75719,"position":3},"title":"Prefeitura de Ribeir\u00e3o Preto vai fazer nova licita\u00e7\u00e3o para obra da Nove de Julho","author":"noticiasribeiraopreto.com.br","date":"20 de December de 2023","format":false,"excerpt":"A Prefeitura de Ribeir\u00e3o Preto vai precisar fazer uma nova licita\u00e7\u00e3o para concluir a obra da avenida Nove de Julho, na regi\u00e3o central da cidade. A Construtora Metropolitana, que venceu a primeira licita\u00e7\u00e3o j\u00e1 foi, inclusive, multada pela Prefeitura de Ribeir\u00e3o Preto por n\u00e3o respeitar o cronograma \u2013 contrato tamb\u00e9m\u2026","rel":"","context":"In &quot;Not\u00edcias de Ribeir\u00e3o Preto-SP e Regi\u00e3o&quot;","block_context":{"text":"Not\u00edcias de Ribeir\u00e3o Preto-SP e Regi\u00e3o","link":"https:\/\/noticiasribeiraopreto.com.br\/index.php\/category\/noticias-de-ribeirao-preto-sp-e-regiao-ismael-colosi\/"},"img":{"alt_text":"","src":"https:\/\/i0.wp.com\/noticiasribeiraopreto.com.br\/wp-content\/uploads\/2023\/12\/WhatsApp-Image-2023-12-20-at-10.47.41.jpeg?fit=1200%2C675&ssl=1&resize=350%2C200","width":350,"height":200,"srcset":"https:\/\/i0.wp.com\/noticiasribeiraopreto.com.br\/wp-content\/uploads\/2023\/12\/WhatsApp-Image-2023-12-20-at-10.47.41.jpeg?fit=1200%2C675&ssl=1&resize=350%2C200 1x, https:\/\/i0.wp.com\/noticiasribeiraopreto.com.br\/wp-content\/uploads\/2023\/12\/WhatsApp-Image-2023-12-20-at-10.47.41.jpeg?fit=1200%2C675&ssl=1&resize=525%2C300 1.5x, https:\/\/i0.wp.com\/noticiasribeiraopreto.com.br\/wp-content\/uploads\/2023\/12\/WhatsApp-Image-2023-12-20-at-10.47.41.jpeg?fit=1200%2C675&ssl=1&resize=700%2C400 2x, https:\/\/i0.wp.com\/noticiasribeiraopreto.com.br\/wp-content\/uploads\/2023\/12\/WhatsApp-Image-2023-12-20-at-10.47.41.jpeg?fit=1200%2C675&ssl=1&resize=1050%2C600 3x"},"classes":[]},{"id":9054,"url":"https:\/\/noticiasribeiraopreto.com.br\/index.php\/2023\/12\/01\/prefeitura-de-ribeirao-vai-decidir-futuro-da-obra-na-nove-de-julho-semana-que-vem\/","url_meta":{"origin":75719,"position":4},"title":"Prefeitura de Ribeir\u00e3o decide futuro da obra na Nove de Julho semana que vem","author":"noticiasribeiraopreto.com.br","date":"1 de December de 2023","format":false,"excerpt":"A Prefeitura de Ribeir\u00e3o Preto decide na pr\u00f3xima semana o futuro da obra de revitaliza\u00e7\u00e3o da avenida Nove de Julho, alvo de reclama\u00e7\u00f5es de moradores e comerciantes por conta da lentid\u00e3o dos servi\u00e7os. O munic\u00edpio informou que na semana passada notificou a construtora Metropolitana, empresa respons\u00e1vel pelas obras, e cobra\u2026","rel":"","context":"In &quot;Not\u00edcias de Ribeir\u00e3o Preto-SP e Regi\u00e3o&quot;","block_context":{"text":"Not\u00edcias de Ribeir\u00e3o Preto-SP e Regi\u00e3o","link":"https:\/\/noticiasribeiraopreto.com.br\/index.php\/category\/noticias-de-ribeirao-preto-sp-e-regiao-ismael-colosi\/"},"img":{"alt_text":"","src":"https:\/\/i0.wp.com\/noticiasribeiraopreto.com.br\/wp-content\/uploads\/2023\/12\/avenida-nove-de-julho-2.jpeg?fit=1200%2C675&ssl=1&resize=350%2C200","width":350,"height":200,"srcset":"https:\/\/i0.wp.com\/noticiasribeiraopreto.com.br\/wp-content\/uploads\/2023\/12\/avenida-nove-de-julho-2.jpeg?fit=1200%2C675&ssl=1&resize=350%2C200 1x, https:\/\/i0.wp.com\/noticiasribeiraopreto.com.br\/wp-content\/uploads\/2023\/12\/avenida-nove-de-julho-2.jpeg?fit=1200%2C675&ssl=1&resize=525%2C300 1.5x, https:\/\/i0.wp.com\/noticiasribeiraopreto.com.br\/wp-content\/uploads\/2023\/12\/avenida-nove-de-julho-2.jpeg?fit=1200%2C675&ssl=1&resize=700%2C400 2x, https:\/\/i0.wp.com\/noticiasribeiraopreto.com.br\/wp-content\/uploads\/2023\/12\/avenida-nove-de-julho-2.jpeg?fit=1200%2C675&ssl=1&resize=1050%2C600 3x"},"classes":[]},{"id":42948,"url":"https:\/\/noticiasribeiraopreto.com.br\/index.php\/2024\/03\/18\/duas-empresas-se-interessam-por-obras-da-avenida-nove-de-julho-em-ribeirao-preto\/","url_meta":{"origin":75719,"position":5},"title":"Duas empresas se interessam por obras da avenida Nove de Julho em Ribeir\u00e3o Preto","author":"noticiasribeiraopreto.com.br","date":"18 de March de 2024","format":false,"excerpt":"A Prefeitura de Ribeir\u00e3o Preto iniciou nesta segunda-feira (18) o processo de licita\u00e7\u00e3o para a contrata\u00e7\u00e3o da nova empresa que concluir\u00e1 as obras de revitaliza\u00e7\u00e3o e restaura\u00e7\u00e3o da avenida Nove de Julho, em Ribeir\u00e3o Preto. As obras est\u00e3o paradas desde dezembro do ano passado. Segundo a administra\u00e7\u00e3o, as empresas participantes\u2026","rel":"","context":"In &quot;Not\u00edcias de Ribeir\u00e3o Preto-SP e Regi\u00e3o&quot;","block_context":{"text":"Not\u00edcias de Ribeir\u00e3o Preto-SP e Regi\u00e3o","link":"https:\/\/noticiasribeiraopreto.com.br\/index.php\/category\/noticias-de-ribeirao-preto-sp-e-regiao-ismael-colosi\/"},"img":{"alt_text":"","src":"https:\/\/i0.wp.com\/noticiasribeiraopreto.com.br\/wp-content\/uploads\/2024\/03\/WhatsApp-Image-2023-12-20-at-10.47.41-1024x576-1.jpeg?fit=1024%2C576&ssl=1&resize=350%2C200","width":350,"height":200,"srcset":"https:\/\/i0.wp.com\/noticiasribeiraopreto.com.br\/wp-content\/uploads\/2024\/03\/WhatsApp-Image-2023-12-20-at-10.47.41-1024x576-1.jpeg?fit=1024%2C576&ssl=1&resize=350%2C200 1x, https:\/\/i0.wp.com\/noticiasribeiraopreto.com.br\/wp-content\/uploads\/2024\/03\/WhatsApp-Image-2023-12-20-at-10.47.41-1024x576-1.jpeg?fit=1024%2C576&ssl=1&resize=525%2C300 1.5x, https:\/\/i0.wp.com\/noticiasribeiraopreto.com.br\/wp-content\/uploads\/2024\/03\/WhatsApp-Image-2023-12-20-at-10.47.41-1024x576-1.jpeg?fit=1024%2C576&ssl=1&resize=700%2C400 2x"},"classes":[]}],"jetpack_sharing_enabled":true,"jetpack_shortlink":"https:\/\/wp.me\/peQAOb-jHh","_links":{"self":[{"href":"https:\/\/noticiasribeiraopreto.com.br\/index.php\/wp-json\/wp\/v2\/posts\/75719","targetHints":{"allow":["GET"]}}],"collection":[{"href":"https:\/\/noticiasribeiraopreto.com.br\/index.php\/wp-json\/wp\/v2\/posts"}],"about":[{"href":"https:\/\/noticiasribeiraopreto.com.br\/index.php\/wp-json\/wp\/v2\/types\/post"}],"author":[{"embeddable":true,"href":"https:\/\/noticiasribeiraopreto.com.br\/index.php\/wp-json\/wp\/v2\/users\/1"}],"replies":[{"embeddable":true,"href":"https:\/\/noticiasribeiraopreto.com.br\/index.php\/wp-json\/wp\/v2\/comments?post=75719"}],"version-history":[{"count":0,"href":"https:\/\/noticiasribeiraopreto.com.br\/index.php\/wp-json\/wp\/v2\/posts\/75719\/revisions"}],"wp:featuredmedia":[{"embeddable":true,"href":"https:\/\/noticiasribeiraopreto.com.br\/index.php\/wp-json\/wp\/v2\/media\/75720"}],"wp:attachment":[{"href":"https:\/\/noticiasribeiraopreto.com.br\/index.php\/wp-json\/wp\/v2\/media?parent=75719"}],"wp:term":[{"taxonomy":"category","embeddable":true,"href":"https:\/\/noticiasribeiraopreto.com.br\/index.php\/wp-json\/wp\/v2\/categories?post=75719"},{"taxonomy":"post_tag","embeddable":true,"href":"https:\/\/noticiasribeiraopreto.com.br\/index.php\/wp-json\/wp\/v2\/tags?post=75719"}],"curies":[{"name":"wp","href":"https:\/\/api.w.org\/{rel}","templated":true}]}}