{"id":75721,"date":"2025-08-14T12:06:58","date_gmt":"2025-08-14T15:06:58","guid":{"rendered":"https:\/\/noticiasribeiraopreto.com.br\/index.php\/2025\/08\/14\/dengue-chega-a-21-280-casos-em-rp\/"},"modified":"2025-08-14T12:06:58","modified_gmt":"2025-08-14T15:06:58","slug":"dengue-chega-a-21-280-casos-em-rp","status":"publish","type":"post","link":"https:\/\/noticiasribeiraopreto.com.br\/index.php\/2025\/08\/14\/dengue-chega-a-21-280-casos-em-rp\/","title":{"rendered":"Dengue chega a 21.280 casos em RP \u00a0"},"content":{"rendered":"<div class='code-block code-block-1' style='margin: 8px 0 8px auto; text-align: right; display: block; clear: both;'>\n<p><a href=\"https:\/\/wa.link\/vpicfd\"><img data-recalc-dims=\"1\" class=\"wp-image-4922\" style=\"aspect-ratio: 2.0253164556962027; width: 561px; height: auto;\" src=\"https:\/\/i0.wp.com\/ismaelcolosi.com.br\/wp-content\/uploads\/2023\/11\/grupo-de-empregos-whatsapp-e-facebook-ismael-colosi-vagas.jpg?ssl=1\" alt=\"\" \/><\/a><\/p>\n<!-- \/wp:image -->\n<\/div>\n<p> <br \/>\n<\/p>\n<div>\n<p><i><span data-contrast=\"none\">J\u00e1 s\u00e3o onze mortes em 2025, quatro em janeiro, uma em fevereiro, quatro em mar\u00e7o e duas em abril; cidade soma mais de 21,2 mil casos<\/span><\/i><\/p>\n<p><span data-contrast=\"none\">No ano passado, Ribeir\u00e3o Preto registrou a maior epidemia de dengue da hist\u00f3ria considerando o n\u00famero de casos registrados. A cidade fechou 2024 com 44.640 v\u00edtimas (dado revisado) do mosquito Aedes aegypti <\/span><span data-contrast=\"auto\">\u2013 transmissor da doen\u00e7a, das febres <\/span><span data-contrast=\"none\">chikungunya e <\/span><span data-contrast=\"auto\">amarela na \u00e1rea urbana e de zika \u2013<\/span><span data-contrast=\"none\">, maior volume da hist\u00f3ria da cidade.<\/span><\/p>\n<p><span data-contrast=\"none\">Supera em 27,39% o recorde de 35.043 registrado em 2016. S\u00e3o 9.597 a mais. Tamb\u00e9m soma 32.338 a mais que as 12.302 de 2023, aumento de 262,87%, segundo o Painel de Arboviroses da Secretaria Municipal da Sa\u00fade. Apesar de a prefeitura de Ribeir\u00e3o Preto ter intensificado as a\u00e7\u00f5es de combate ao mosquito Aedes aegypti, j\u00e1 s\u00e3o mais de 21,2 mil casos neste ano.<\/span><\/p>\n<p><span data-contrast=\"none\">Em 2025, at\u00e9 esta quarta-feira, 13 de agosto, j\u00e1 s\u00e3o 21.280 casos confirmados <\/span><span data-contrast=\"auto\">\u2013<\/span><span data-contrast=\"none\"> al\u00e9m de 34.168 sob investiga\u00e7\u00e3o <\/span><span data-contrast=\"auto\">\u2013<\/span><span data-contrast=\"none\">, contra 41.461 do mesmo per\u00edodo do ano passado (22 pessoas morreram neste intervalo de 2024), 20.181 a menos e queda de 48,67%. Em uma semana, mais 126 pacientes procuraram atendimento na cidade, acima dos 47 do per\u00edodo anterior e bem inferior aos n\u00fameros de maio e abril, quando chegou a 1.162 e 1.738 em sete dias, respectivamente.<\/span><\/p>\n<p><span data-contrast=\"none\">Em julho do ano passado n\u00e3o houve mortes e a cidade registrou 1.264 ocorr\u00eancias n\u00e3o fatais, contra 38 do s\u00e9timo m\u00eas de 2025, sem \u00f3bito. S\u00e3o 1.226 a menos, queda de 96,99%. Em parte por causa da estiagem, tamb\u00e9m caiu 89,84% em rela\u00e7\u00e3o aos 374 de junho, 336 a menos. Em janeiro, 3.691 pessoas pegaram dengue em Ribeir\u00e3o Preto. S\u00e3o 5.790 casos em fevereiro, 6.314 de mar\u00e7o, 3.477 casos de abril e 1.593 de maio. H\u00e1 tr\u00eas casos em agosto.<\/span><\/p>\n<p><span data-contrast=\"none\">Segundo a Secretaria Municipal da Sa\u00fade, j\u00e1 s\u00e3o onze \u00f3bitos por causa da dengue neste ano: quatro em janeiro, outro em fevereiro, quatro em mar\u00e7o e dois em abril, entre eles a de um menino de seis anos. As demais v\u00edtimas s\u00e3o sete idosos acima de 60 anos <\/span><span data-contrast=\"auto\">\u2013 quatro <\/span><span data-contrast=\"none\">senhoras e tr\u00eas senhores <\/span><span data-contrast=\"auto\">\u2013 e tr\u00eas <\/span><span data-contrast=\"none\">adultos na faixa de 20 a 39 anos, dois do sexo feminino e um dos masculino.\u00a0 <\/span><\/p>\n<p><span data-contrast=\"none\">Segundo o Painel de Arboviroses, h\u00e1 dois \u00f3bitos sob investiga\u00e7\u00e3o, ambos de\u00a0 homens acima de 60 anos. Ribeir\u00e3o Preto registrou 26 mortes em decorr\u00eancia de dengue no ano passado <\/span><span data-contrast=\"auto\">\u2013 14 mulheres e doze homens. <\/span><span data-contrast=\"none\">N\u00e3o h\u00e1 mais mortes em investiga\u00e7\u00e3o referente a 2024, quando a cidade superou em 189% o n\u00famero de mortes do per\u00edodo anterior. <\/span><\/p>\n<p><span data-contrast=\"none\">S\u00e3o<\/span><span data-contrast=\"auto\"> 17 a mais que os nove de 2023. <\/span><span data-contrast=\"none\">Desde 2013 j\u00e1 s\u00e3o 80 \u00f3bitos por dengue no munic\u00edpio. S\u00e3o seis de 2013 e cinco de 2015. Em 2014 n\u00e3o houve mortes na cidade. O n\u00famero de 26 mortos pelo mosquito Aedes aegypti \u2013 vetor da doen\u00e7a, do zika v\u00edrus e das febres amarela e chikungunya \u2013 do ano passado j\u00e1 \u00e9 o maior em pelo menos nove anos (desde 2016).<\/span><\/p>\n<p><span data-contrast=\"none\">Superou os dez de 2020 em 160%. S\u00e3o 16 a mais. Antes de 2019, a cidade n\u00e3o registrava \u00f3bito em decorr\u00eancia da infec\u00e7\u00e3o desde 2016, quando nove pacientes n\u00e3o resistiram aos v\u00edrus, segundo o Painel de Arboviroses da Secretaria Municipal da Sa\u00fade.<\/span><\/p>\n<p><b><span data-contrast=\"none\">Regi\u00f5es \u2013 <\/span><\/b><span data-contrast=\"none\">Em 2025, dos 21.280 casos de dengue confirmados em Ribeir\u00e3o Preto, 8.037 t\u00eam entre 20 e 39 aos, 5.721 pacientes t\u00eam entre 40 e 59 anos, 2.817 t\u00eam mais de 60 anos, 2.811 s\u00e3o do grupo de 10 a 19 anos, 1.173 s\u00e3o crian\u00e7as de 5 a 9 anos, 587 t\u00eam entre 1 e 4 anos e 134 v\u00edtimas tem menos de 1 anos. Neste ano, s\u00e3o 6.623 na Zona Leste, 5.039 na Oeste, 4.142 na Sul, 2.748 na Central e 2.728 na Norte de Ribeir\u00e3o Preto.<\/span><\/p>\n<p><span data-contrast=\"none\">Ribeir\u00e3o Preto fechou 2023 com 12.302 casos de, 4.820 a mais que os 7.482 do per\u00edodo anterior, crescimento de 64,42%. Em pouco mais de 16 anos, a cidade j\u00e1 registrou 226.785 casos de dengue. Foram contabilizadas 316 ocorr\u00eancias de febre chikungunya em 2024, onze importadas. Uma pessoa morreu. No ano anterior, foram 121, sendo 107 aut\u00f3ctones. S\u00e3o 204 em 2025, tr\u00eas importados.<\/span><\/p>\n<p><span data-ccp-props=\"{&quot;469777462&quot;:[5565],&quot;469777927&quot;:[0],&quot;469777928&quot;:[1]}\">\u00a0<\/span><\/p>\n<p><span data-ccp-props=\"{}\">\u00a0<\/span><\/p>\n<\/div>\n<p><br \/>\n<br \/><a href=\"https:\/\/www.tribunaribeirao.com.br\/dengue-chega-a-21-280-casos-em-rp\/\">Source link <\/a><\/p>\n<!-- CONTENT END 1 -->\n","protected":false},"excerpt":{"rendered":"<p>J\u00e1 s\u00e3o onze mortes em 2025, quatro em janeiro, uma em fevereiro, quatro em mar\u00e7o e duas em abril; cidade soma mais de 21,2 mil&#8230;<\/p>\n","protected":false},"author":1,"featured_media":75722,"comment_status":"open","ping_status":"open","sticky":false,"template":"","format":"standard","meta":{"advanced_seo_description":"","jetpack_seo_html_title":"","jetpack_seo_noindex":false,"jetpack_post_was_ever_published":false,"_jetpack_newsletter_access":"","_jetpack_dont_email_post_to_subs":false,"_jetpack_newsletter_tier_id":0,"_jetpack_memberships_contains_paywalled_content":false,"_jetpack_memberships_contains_paid_content":false,"footnotes":"","jetpack_publicize_message":"","jetpack_publicize_feature_enabled":true,"jetpack_social_post_already_shared":true,"jetpack_social_options":{"image_generator_settings":{"template":"highway","default_image_id":0,"font":"","enabled":false},"version":2}},"categories":[11],"tags":[],"class_list":["post-75721","post","type-post","status-publish","format-standard","has-post-thumbnail","hentry","category-noticias-de-ribeirao-preto-sp-e-regiao-ismael-colosi"],"jetpack_publicize_connections":[],"jetpack_featured_media_url":"https:\/\/i0.wp.com\/noticiasribeiraopreto.com.br\/wp-content\/uploads\/2025\/08\/DengueRP-Divulgacao-3.jpg?fit=1920%2C1291&ssl=1","jetpack-related-posts":[{"id":75701,"url":"https:\/\/noticiasribeiraopreto.com.br\/index.php\/2025\/08\/14\/dengue-chega-a-21-280-casos-em-ribeirao\/","url_meta":{"origin":75721,"position":0},"title":"Dengue chega a 21.280 casos em Ribeir\u00e3o","author":"noticiasribeiraopreto.com.br","date":"14 de August de 2025","format":false,"excerpt":"14 de agosto de 2025 07:290 Compartilhar0 J\u00e1 s\u00e3o onze mortes em 2025, quatro em janeiro, uma em fevereiro, quatro em mar\u00e7o e duas em abril; cidade soma mais de 21,2 mil casos\u00a0\u00a0No ano passado, Ribeir\u00e3o Preto registrou a maior epidemia de dengue da hist\u00f3ria considerando o n\u00famero de casos\u2026","rel":"","context":"In &quot;Not\u00edcias de Ribeir\u00e3o Preto-SP e Regi\u00e3o&quot;","block_context":{"text":"Not\u00edcias de Ribeir\u00e3o Preto-SP e Regi\u00e3o","link":"https:\/\/noticiasribeiraopreto.com.br\/index.php\/category\/noticias-de-ribeirao-preto-sp-e-regiao-ismael-colosi\/"},"img":{"alt_text":"","src":"https:\/\/i0.wp.com\/noticiasribeiraopreto.com.br\/wp-content\/uploads\/2025\/08\/DengueRP-Paulo-Whitaker-Reuters-1-scaled.jpg?fit=800%2C479&ssl=1&resize=350%2C200","width":350,"height":200,"srcset":"https:\/\/i0.wp.com\/noticiasribeiraopreto.com.br\/wp-content\/uploads\/2025\/08\/DengueRP-Paulo-Whitaker-Reuters-1-scaled.jpg?fit=800%2C479&ssl=1&resize=350%2C200 1x, https:\/\/i0.wp.com\/noticiasribeiraopreto.com.br\/wp-content\/uploads\/2025\/08\/DengueRP-Paulo-Whitaker-Reuters-1-scaled.jpg?fit=800%2C479&ssl=1&resize=525%2C300 1.5x, https:\/\/i0.wp.com\/noticiasribeiraopreto.com.br\/wp-content\/uploads\/2025\/08\/DengueRP-Paulo-Whitaker-Reuters-1-scaled.jpg?fit=800%2C479&ssl=1&resize=700%2C400 2x"},"classes":[]},{"id":74188,"url":"https:\/\/noticiasribeiraopreto.com.br\/index.php\/2025\/07\/17\/dengue-em-rp-ja-beira-21-mil-casos\/","url_meta":{"origin":75721,"position":1},"title":"Dengue em RP j\u00e1 beira 21 mil casos","author":"noticiasribeiraopreto.com.br","date":"17 de July de 2025","format":false,"excerpt":"No ano passado, Ribeir\u00e3o Preto registrou a maior epidemia de dengue da hist\u00f3ria considerando o n\u00famero de casos registrados. A cidade fechou 2024 com 44.637 v\u00edtimas (dado revisado) do mosquito Aedes aegypti \u2013 transmissor da doen\u00e7a, das febres chikungunya e amarela na \u00e1rea urbana e de zika \u2013, maior volume\u2026","rel":"","context":"In &quot;Not\u00edcias de Ribeir\u00e3o Preto-SP e Regi\u00e3o&quot;","block_context":{"text":"Not\u00edcias de Ribeir\u00e3o Preto-SP e Regi\u00e3o","link":"https:\/\/noticiasribeiraopreto.com.br\/index.php\/category\/noticias-de-ribeirao-preto-sp-e-regiao-ismael-colosi\/"},"img":{"alt_text":"","src":"https:\/\/i0.wp.com\/noticiasribeiraopreto.com.br\/wp-content\/uploads\/2025\/07\/DengueRP-Getty-Images.jpg?fit=1200%2C655&ssl=1&resize=350%2C200","width":350,"height":200,"srcset":"https:\/\/i0.wp.com\/noticiasribeiraopreto.com.br\/wp-content\/uploads\/2025\/07\/DengueRP-Getty-Images.jpg?fit=1200%2C655&ssl=1&resize=350%2C200 1x, https:\/\/i0.wp.com\/noticiasribeiraopreto.com.br\/wp-content\/uploads\/2025\/07\/DengueRP-Getty-Images.jpg?fit=1200%2C655&ssl=1&resize=525%2C300 1.5x, https:\/\/i0.wp.com\/noticiasribeiraopreto.com.br\/wp-content\/uploads\/2025\/07\/DengueRP-Getty-Images.jpg?fit=1200%2C655&ssl=1&resize=700%2C400 2x, https:\/\/i0.wp.com\/noticiasribeiraopreto.com.br\/wp-content\/uploads\/2025\/07\/DengueRP-Getty-Images.jpg?fit=1200%2C655&ssl=1&resize=1050%2C600 3x"},"classes":[]},{"id":74957,"url":"https:\/\/noticiasribeiraopreto.com.br\/index.php\/2025\/07\/31\/dengue-ja-passa-de-21-mil-em-rp\/","url_meta":{"origin":75721,"position":2},"title":"Dengue j\u00e1 passa de 21 mil em RP","author":"noticiasribeiraopreto.com.br","date":"31 de July de 2025","format":false,"excerpt":"No ano passado, Ribeir\u00e3o Preto registrou a maior epidemia de dengue da hist\u00f3ria considerando o n\u00famero de casos registrados. A cidade fechou 2024 com 44.641 v\u00edtimas (dado revisado) do mosquito Aedes aegypti \u2013 transmissor da doen\u00e7a, das febres chikungunya e amarela na \u00e1rea urbana e de zika \u2013, maior volume\u2026","rel":"","context":"In &quot;Not\u00edcias de Ribeir\u00e3o Preto-SP e Regi\u00e3o&quot;","block_context":{"text":"Not\u00edcias de Ribeir\u00e3o Preto-SP e Regi\u00e3o","link":"https:\/\/noticiasribeiraopreto.com.br\/index.php\/category\/noticias-de-ribeirao-preto-sp-e-regiao-ismael-colosi\/"},"img":{"alt_text":"","src":"https:\/\/i0.wp.com\/noticiasribeiraopreto.com.br\/wp-content\/uploads\/2025\/07\/1753992253_DengueRP-Getty-Images.jpg?fit=1200%2C655&ssl=1&resize=350%2C200","width":350,"height":200,"srcset":"https:\/\/i0.wp.com\/noticiasribeiraopreto.com.br\/wp-content\/uploads\/2025\/07\/1753992253_DengueRP-Getty-Images.jpg?fit=1200%2C655&ssl=1&resize=350%2C200 1x, https:\/\/i0.wp.com\/noticiasribeiraopreto.com.br\/wp-content\/uploads\/2025\/07\/1753992253_DengueRP-Getty-Images.jpg?fit=1200%2C655&ssl=1&resize=525%2C300 1.5x, https:\/\/i0.wp.com\/noticiasribeiraopreto.com.br\/wp-content\/uploads\/2025\/07\/1753992253_DengueRP-Getty-Images.jpg?fit=1200%2C655&ssl=1&resize=700%2C400 2x, https:\/\/i0.wp.com\/noticiasribeiraopreto.com.br\/wp-content\/uploads\/2025\/07\/1753992253_DengueRP-Getty-Images.jpg?fit=1200%2C655&ssl=1&resize=1050%2C600 3x"},"classes":[]},{"id":78343,"url":"https:\/\/noticiasribeiraopreto.com.br\/index.php\/2025\/10\/09\/dengue-chega-a-21-451-em-ribeirao\/","url_meta":{"origin":75721,"position":3},"title":"\u2028Dengue chega\u2028 a 21.451 em Ribeir\u00e3o","author":"noticiasribeiraopreto.com.br","date":"9 de October de 2025","format":false,"excerpt":"No ano passado, Ribeir\u00e3o Preto registrou a maior epidemia de dengue da hist\u00f3ria considerando o n\u00famero de casos registrados. A cidade fechou 2024 com 44.630 v\u00edtimas (dado revisado) do mosquito Aedes aegypti \u2013 transmissor da doen\u00e7a, das febres chikungunya e amarela na \u00e1rea urbana e de zika \u2013, maior volume\u2026","rel":"","context":"In &quot;Not\u00edcias de Ribeir\u00e3o Preto-SP e Regi\u00e3o&quot;","block_context":{"text":"Not\u00edcias de Ribeir\u00e3o Preto-SP e Regi\u00e3o","link":"https:\/\/noticiasribeiraopreto.com.br\/index.php\/category\/noticias-de-ribeirao-preto-sp-e-regiao-ismael-colosi\/"},"img":{"alt_text":"","src":"https:\/\/i0.wp.com\/noticiasribeiraopreto.com.br\/wp-content\/uploads\/2025\/10\/DengueRP-Pixabay-scaled.jpg?fit=1200%2C685&ssl=1&resize=350%2C200","width":350,"height":200,"srcset":"https:\/\/i0.wp.com\/noticiasribeiraopreto.com.br\/wp-content\/uploads\/2025\/10\/DengueRP-Pixabay-scaled.jpg?fit=1200%2C685&ssl=1&resize=350%2C200 1x, https:\/\/i0.wp.com\/noticiasribeiraopreto.com.br\/wp-content\/uploads\/2025\/10\/DengueRP-Pixabay-scaled.jpg?fit=1200%2C685&ssl=1&resize=525%2C300 1.5x, https:\/\/i0.wp.com\/noticiasribeiraopreto.com.br\/wp-content\/uploads\/2025\/10\/DengueRP-Pixabay-scaled.jpg?fit=1200%2C685&ssl=1&resize=700%2C400 2x, https:\/\/i0.wp.com\/noticiasribeiraopreto.com.br\/wp-content\/uploads\/2025\/10\/DengueRP-Pixabay-scaled.jpg?fit=1200%2C685&ssl=1&resize=1050%2C600 3x"},"classes":[]},{"id":69338,"url":"https:\/\/noticiasribeiraopreto.com.br\/index.php\/2025\/05\/05\/casos-de-dengue-superam-115-mi\/","url_meta":{"origin":75721,"position":4},"title":"Casos de dengue superam 1,15 mi \u00a0","author":"noticiasribeiraopreto.com.br","date":"5 de May de 2025","format":false,"excerpt":"5 de maio de 2025 09:303 de maio de 2025 19:168 Compartilhar0 O Brasil fechou o ano passado com mais de 6,6 milh\u00f5es de casos de dengue e superou a marca de 6.200 mortes em decorr\u00eancia da doen\u00e7a. Segundo dados do painel do Minist\u00e9rio da Sa\u00fade, s\u00e3o 6.601.253 cont\u00e1gios e\u2026","rel":"","context":"In &quot;Not\u00edcias de Ribeir\u00e3o Preto-SP e Regi\u00e3o&quot;","block_context":{"text":"Not\u00edcias de Ribeir\u00e3o Preto-SP e Regi\u00e3o","link":"https:\/\/noticiasribeiraopreto.com.br\/index.php\/category\/noticias-de-ribeirao-preto-sp-e-regiao-ismael-colosi\/"},"img":{"alt_text":"","src":"https:\/\/i0.wp.com\/noticiasribeiraopreto.com.br\/wp-content\/uploads\/2025\/05\/DengueRP-Divulgacao-3.jpg?fit=1200%2C807&ssl=1&resize=350%2C200","width":350,"height":200,"srcset":"https:\/\/i0.wp.com\/noticiasribeiraopreto.com.br\/wp-content\/uploads\/2025\/05\/DengueRP-Divulgacao-3.jpg?fit=1200%2C807&ssl=1&resize=350%2C200 1x, https:\/\/i0.wp.com\/noticiasribeiraopreto.com.br\/wp-content\/uploads\/2025\/05\/DengueRP-Divulgacao-3.jpg?fit=1200%2C807&ssl=1&resize=525%2C300 1.5x, https:\/\/i0.wp.com\/noticiasribeiraopreto.com.br\/wp-content\/uploads\/2025\/05\/DengueRP-Divulgacao-3.jpg?fit=1200%2C807&ssl=1&resize=700%2C400 2x, https:\/\/i0.wp.com\/noticiasribeiraopreto.com.br\/wp-content\/uploads\/2025\/05\/DengueRP-Divulgacao-3.jpg?fit=1200%2C807&ssl=1&resize=1050%2C600 3x"},"classes":[]},{"id":71694,"url":"https:\/\/noticiasribeiraopreto.com.br\/index.php\/2025\/06\/09\/casos-de-dengue-chegam-a-19-409\/","url_meta":{"origin":75721,"position":5},"title":"Casos de dengue chegam a 19.409","author":"noticiasribeiraopreto.com.br","date":"9 de June de 2025","format":false,"excerpt":"No ano passado, Ribeir\u00e3o Preto registrou a maior epidemia de dengue da hist\u00f3ria considerando o n\u00famero de casos registrados. A cidade fechou 2024 com 44.633 v\u00edtimas do mosquito Aedes aegypti \u2013 transmissor da doen\u00e7a, das febres chikungunya e amarela na \u00e1rea urbana e de zika \u2013, maior volume da hist\u00f3ria\u2026","rel":"","context":"In &quot;Not\u00edcias de Ribeir\u00e3o Preto-SP e Regi\u00e3o&quot;","block_context":{"text":"Not\u00edcias de Ribeir\u00e3o Preto-SP e Regi\u00e3o","link":"https:\/\/noticiasribeiraopreto.com.br\/index.php\/category\/noticias-de-ribeirao-preto-sp-e-regiao-ismael-colosi\/"},"img":{"alt_text":"","src":"https:\/\/i0.wp.com\/noticiasribeiraopreto.com.br\/wp-content\/uploads\/2025\/06\/Dengue-Pixabay-1-scaled.jpg?fit=800%2C474&ssl=1&resize=350%2C200","width":350,"height":200,"srcset":"https:\/\/i0.wp.com\/noticiasribeiraopreto.com.br\/wp-content\/uploads\/2025\/06\/Dengue-Pixabay-1-scaled.jpg?fit=800%2C474&ssl=1&resize=350%2C200 1x, https:\/\/i0.wp.com\/noticiasribeiraopreto.com.br\/wp-content\/uploads\/2025\/06\/Dengue-Pixabay-1-scaled.jpg?fit=800%2C474&ssl=1&resize=525%2C300 1.5x, https:\/\/i0.wp.com\/noticiasribeiraopreto.com.br\/wp-content\/uploads\/2025\/06\/Dengue-Pixabay-1-scaled.jpg?fit=800%2C474&ssl=1&resize=700%2C400 2x"},"classes":[]}],"jetpack_sharing_enabled":true,"jetpack_shortlink":"https:\/\/wp.me\/peQAOb-jHj","_links":{"self":[{"href":"https:\/\/noticiasribeiraopreto.com.br\/index.php\/wp-json\/wp\/v2\/posts\/75721","targetHints":{"allow":["GET"]}}],"collection":[{"href":"https:\/\/noticiasribeiraopreto.com.br\/index.php\/wp-json\/wp\/v2\/posts"}],"about":[{"href":"https:\/\/noticiasribeiraopreto.com.br\/index.php\/wp-json\/wp\/v2\/types\/post"}],"author":[{"embeddable":true,"href":"https:\/\/noticiasribeiraopreto.com.br\/index.php\/wp-json\/wp\/v2\/users\/1"}],"replies":[{"embeddable":true,"href":"https:\/\/noticiasribeiraopreto.com.br\/index.php\/wp-json\/wp\/v2\/comments?post=75721"}],"version-history":[{"count":0,"href":"https:\/\/noticiasribeiraopreto.com.br\/index.php\/wp-json\/wp\/v2\/posts\/75721\/revisions"}],"wp:featuredmedia":[{"embeddable":true,"href":"https:\/\/noticiasribeiraopreto.com.br\/index.php\/wp-json\/wp\/v2\/media\/75722"}],"wp:attachment":[{"href":"https:\/\/noticiasribeiraopreto.com.br\/index.php\/wp-json\/wp\/v2\/media?parent=75721"}],"wp:term":[{"taxonomy":"category","embeddable":true,"href":"https:\/\/noticiasribeiraopreto.com.br\/index.php\/wp-json\/wp\/v2\/categories?post=75721"},{"taxonomy":"post_tag","embeddable":true,"href":"https:\/\/noticiasribeiraopreto.com.br\/index.php\/wp-json\/wp\/v2\/tags?post=75721"}],"curies":[{"name":"wp","href":"https:\/\/api.w.org\/{rel}","templated":true}]}}