{"id":75723,"date":"2025-08-14T12:18:14","date_gmt":"2025-08-14T15:18:14","guid":{"rendered":"https:\/\/noticiasribeiraopreto.com.br\/index.php\/2025\/08\/14\/do-lixo-ao-fogo-por-que-o-descarte-incorreto-e-combustivel-para-queimadas\/"},"modified":"2025-08-14T12:18:14","modified_gmt":"2025-08-14T15:18:14","slug":"do-lixo-ao-fogo-por-que-o-descarte-incorreto-e-combustivel-para-queimadas","status":"publish","type":"post","link":"https:\/\/noticiasribeiraopreto.com.br\/index.php\/2025\/08\/14\/do-lixo-ao-fogo-por-que-o-descarte-incorreto-e-combustivel-para-queimadas\/","title":{"rendered":"Do lixo ao fogo: por que o descarte incorreto \u00e9 combust\u00edvel para queimadas?"},"content":{"rendered":"<div class='code-block code-block-1' style='margin: 8px 0 8px auto; text-align: right; display: block; clear: both;'>\n<p><a href=\"https:\/\/wa.link\/vpicfd\"><img data-recalc-dims=\"1\" class=\"wp-image-4922\" style=\"aspect-ratio: 2.0253164556962027; width: 561px; height: auto;\" src=\"https:\/\/i0.wp.com\/ismaelcolosi.com.br\/wp-content\/uploads\/2023\/11\/grupo-de-empregos-whatsapp-e-facebook-ismael-colosi-vagas.jpg?ssl=1\" alt=\"\" \/><\/a><\/p>\n<!-- \/wp:image -->\n<\/div>\n<p> <br \/>\n<\/p>\n<div>\n<p>O per\u00edodo de estiagem no estado de S\u00e3o Paulo trouxe condi\u00e7\u00f5es clim\u00e1ticas cr\u00edticas, com <strong>baixa umidade do ar<\/strong> e <strong>alerta m\u00e1ximo de inc\u00eandios<\/strong> emitido pela Defesa Civil. Em<strong> Ribeir\u00e3o Preto<\/strong>, a prefeitura decretou <strong>estado de alerta para a estiagem<\/strong>, refor\u00e7ando o risco de queimadas e a import\u00e2ncia da preven\u00e7\u00e3o.<\/p>\n<p>Um dos fatores que agravam esse cen\u00e1rio \u00e9 o <strong>descarte incorreto de res\u00edduos s\u00f3lidos e recicl\u00e1veis<\/strong>. Quando materiais s\u00e3o abandonados em terrenos baldios, margens de estradas ou queimados ilegalmente, podem se tornar combust\u00edvel para inc\u00eandios, que liberam gases de efeito estufa, poluem ar, solo e \u00e1gua, al\u00e9m de colocar vidas em risco.<\/p>\n<p>Para Jos\u00e9 Carlos Carvalho, gerente de meio ambiente da Estre, a <strong>destina\u00e7\u00e3o correta dos res\u00edduos \u00e9 uma a\u00e7\u00e3o simples<\/strong>, mas essencial:<\/p>\n<figure class=\"wp-block-pullquote\">\n<blockquote>\n<p><strong>Quando os res\u00edduos s\u00e3o jogados em locais impr\u00f3prios ou queimados ilegalmente, eles aumentam o risco de fogo, especialmente no per\u00edodo de estiagem. O descarte correto mant\u00e9m a cidade limpa, reduz a polui\u00e7\u00e3o e contribui para um clima mais equilibrado<\/strong><\/p>\n<p><cite>afirma<\/cite><\/p><\/blockquote>\n<\/figure>\n<h3 class=\"wp-block-heading\"><strong>Como evitar inc\u00eandios em per\u00edodo de estiagem?<\/strong><\/h3>\n<ul class=\"wp-block-list\">\n<li>Nunca descarte res\u00edduos em \u00e1reas com vegeta\u00e7\u00e3o seca, terrenos baldios ou pr\u00f3ximos a \u00e1reas de preserva\u00e7\u00e3o<\/li>\n<li>Recolha folhas, galhos e materiais combust\u00edveis do quintal e encaminhe para a coleta p\u00fablica ou compostagem.<\/li>\n<li>Apague completamente bitucas de cigarro e f\u00f3sforos antes do descarte.<\/li>\n<li>Mantenha lixeiras longe de fontes de calor e fogo.<\/li>\n<\/ul>\n<p>Para reduzir riscos, <strong>Ribeir\u00e3o Preto e outras cidades da regi\u00e3o est\u00e3o em estado de alerta<\/strong>. A prefeitura disponibilizou no site oficial o <strong>Plano de Preserva\u00e7\u00e3o e Combate a Inc\u00eandios Florestais<\/strong>, com orienta\u00e7\u00f5es para a popula\u00e7\u00e3o.<\/p>\n<p>Al\u00e9m disso, uma for\u00e7a-tarefa liderada pelo <strong>Minist\u00e9rio P\u00fablico do Estado de S\u00e3o Paulo<\/strong>, com apoio da <strong>Pol\u00edcia Civil, Pol\u00edcia Ambiental, Corpo de Bombeiros, Defesa Civil e prefeituras<\/strong>, est\u00e1 atuando para <strong>prevenir inc\u00eandios de grandes propor\u00e7\u00f5es durante a estiagem<\/strong>.<\/p>\n<hr class=\"wp-block-separator has-alpha-channel-opacity\"\/>\n<p>SAIBA MAIS<\/p>\n<p>O que se sabe sobre bar que faturou R$ 4 milh\u00f5es com tr\u00e1fico de drogas em Ribeir\u00e3o<\/p>\n<h2 class=\"wp-block-heading\"><strong>FIQUE ON<\/strong><\/h2>\n<p>Quer ficar por dentro de tudo que acontece em Ribeir\u00e3o Preto e regi\u00e3o? Ent\u00e3o siga os perfis do\u202facidade on\u202fno\u202f<a href=\"https:\/\/www.instagram.com\/acidadeonribeirao\" target=\"_blank\" rel=\"noreferrer noopener\">Instagram<\/a>\u202fe no\u202f<a href=\"https:\/\/www.facebook.com\/acidadeonribeirao\/\" target=\"_blank\" rel=\"noreferrer noopener\">Facebook<\/a>.<\/p>\n<p>Al\u00e9m disso, voc\u00ea pode receber as principais not\u00edcias diretamente no WhatsApp. Para isso, basta\u00a0<a href=\"https:\/\/chat.whatsapp.com\/BjKQZ9oJwlz8VVT50NuePq\" target=\"_blank\" rel=\"noreferrer noopener\">entrar no grupo clicando aqui<\/a>.<\/p>\n<p>Por fim, se quiser fazer uma den\u00fancia ou sugerir uma reportagem sobre Ribeir\u00e3o Preto e regi\u00e3o, envie uma mensagem pelo WhatsApp: (16) 99117-7802.<\/p>\n<p>VEJA TAMB\u00c9M<\/p>\n<p>A Mulher da Casa Abandonada morava em Campinas?<\/p>\n<p><!-- AI CONTENT END 1 -->\n<\/div>\n<p><script async src=\"\/\/www.instagram.com\/embed.js\"><\/script><br \/>\n<br \/><br \/>\n<br \/><a href=\"https:\/\/www.acidadeon.com\/ribeiraopreto\/cotidiano\/do-lixo-ao-fogo-por-que-o-descarte-incorreto-e-combustivel-para-queimadas\/\">Source link <\/a><\/p>\n<!-- CONTENT END 1 -->\n","protected":false},"excerpt":{"rendered":"<p>O per\u00edodo de estiagem no estado de S\u00e3o Paulo trouxe condi\u00e7\u00f5es clim\u00e1ticas cr\u00edticas, com baixa umidade do ar e alerta m\u00e1ximo de inc\u00eandios emitido pela&#8230;<\/p>\n","protected":false},"author":1,"featured_media":75724,"comment_status":"open","ping_status":"open","sticky":false,"template":"","format":"standard","meta":{"advanced_seo_description":"","jetpack_seo_html_title":"","jetpack_seo_noindex":false,"jetpack_post_was_ever_published":false,"_jetpack_newsletter_access":"","_jetpack_dont_email_post_to_subs":false,"_jetpack_newsletter_tier_id":0,"_jetpack_memberships_contains_paywalled_content":false,"_jetpack_memberships_contains_paid_content":false,"footnotes":"","jetpack_publicize_message":"","jetpack_publicize_feature_enabled":true,"jetpack_social_post_already_shared":true,"jetpack_social_options":{"image_generator_settings":{"template":"highway","default_image_id":0,"font":"","enabled":false},"version":2}},"categories":[11],"tags":[],"class_list":["post-75723","post","type-post","status-publish","format-standard","has-post-thumbnail","hentry","category-noticias-de-ribeirao-preto-sp-e-regiao-ismael-colosi"],"jetpack_publicize_connections":[],"jetpack_featured_media_url":"https:\/\/i0.wp.com\/noticiasribeiraopreto.com.br\/wp-content\/uploads\/2025\/08\/Copia-de-Copia-de-Copia-de-TAMANHO-EXATO-PARA-FOTOS-NO-SISTEMA-NOVO-2025-08-14T115526.593_2025-08-14_14-55-51.webp.webp?fit=1200%2C675&ssl=1","jetpack-related-posts":[{"id":77308,"url":"https:\/\/noticiasribeiraopreto.com.br\/index.php\/2025\/09\/16\/defesa-civil-emite-alerta-de-queimada\/","url_meta":{"origin":75723,"position":0},"title":"Defesa Civil emite \u2028alerta de queimada","author":"noticiasribeiraopreto.com.br","date":"16 de September de 2025","format":false,"excerpt":"16 de setembro de 2025 07:532 Compartilhar0 A Defesa Civil de S\u00e3o Paulo prev\u00ea que o estado ir\u00e1 enfrentar a semana mais cr\u00edtica do per\u00edodo de estiagem e entrar\u00e1 em n\u00edvel de emerg\u00eancia para queimadas. Segundo o \u00f3rg\u00e3o, a semana ser\u00e1 marcada por altas temperaturas e baix\u00edssimos \u00edndices de umidade\u2026","rel":"","context":"In &quot;Not\u00edcias de Ribeir\u00e3o Preto-SP e Regi\u00e3o&quot;","block_context":{"text":"Not\u00edcias de Ribeir\u00e3o Preto-SP e Regi\u00e3o","link":"https:\/\/noticiasribeiraopreto.com.br\/index.php\/category\/noticias-de-ribeirao-preto-sp-e-regiao-ismael-colosi\/"},"img":{"alt_text":"","src":"https:\/\/i0.wp.com\/noticiasribeiraopreto.com.br\/wp-content\/uploads\/2025\/09\/QueimaSP-Divulgacao-scaled.png?fit=1171%2C780&ssl=1&resize=350%2C200","width":350,"height":200,"srcset":"https:\/\/i0.wp.com\/noticiasribeiraopreto.com.br\/wp-content\/uploads\/2025\/09\/QueimaSP-Divulgacao-scaled.png?fit=1171%2C780&ssl=1&resize=350%2C200 1x, https:\/\/i0.wp.com\/noticiasribeiraopreto.com.br\/wp-content\/uploads\/2025\/09\/QueimaSP-Divulgacao-scaled.png?fit=1171%2C780&ssl=1&resize=525%2C300 1.5x, https:\/\/i0.wp.com\/noticiasribeiraopreto.com.br\/wp-content\/uploads\/2025\/09\/QueimaSP-Divulgacao-scaled.png?fit=1171%2C780&ssl=1&resize=700%2C400 2x, https:\/\/i0.wp.com\/noticiasribeiraopreto.com.br\/wp-content\/uploads\/2025\/09\/QueimaSP-Divulgacao-scaled.png?fit=1171%2C780&ssl=1&resize=1050%2C600 3x"},"classes":[]},{"id":76252,"url":"https:\/\/noticiasribeiraopreto.com.br\/index.php\/2025\/08\/25\/interior-de-sp-tem-alerta-para-risco-elevado-de-incendios-veja-regioes-afetadas\/","url_meta":{"origin":75723,"position":1},"title":"Interior de SP tem alerta para risco elevado de inc\u00eandios; Veja regi\u00f5es afetadas","author":"noticiasribeiraopreto.com.br","date":"25 de August de 2025","format":false,"excerpt":"A combina\u00e7\u00e3o das altas temperaturas com os baixos \u00edndices de umidade relativa do ar eleva o risco de inc\u00eandios florestais e queimadas nesta segunda-feira (25), segundo a Defesa Civil do Estado de S\u00e3o Paulo. De acordo com alerta emitido pelo \u00f3rg\u00e3o, a regi\u00e3o de Ribeir\u00e3o Preto est\u00e1 em aten\u00e7\u00e3o para\u2026","rel":"","context":"In &quot;Not\u00edcias de Ribeir\u00e3o Preto-SP e Regi\u00e3o&quot;","block_context":{"text":"Not\u00edcias de Ribeir\u00e3o Preto-SP e Regi\u00e3o","link":"https:\/\/noticiasribeiraopreto.com.br\/index.php\/category\/noticias-de-ribeirao-preto-sp-e-regiao-ismael-colosi\/"},"img":{"alt_text":"","src":"https:\/\/i0.wp.com\/noticiasribeiraopreto.com.br\/wp-content\/uploads\/2025\/08\/Copia-de-Copia-de-Copia-de-TAMANHO-EXATO-PARA-FOTOS-NO-SISTEMA-NOVO-2025-08-25T125656.336_2025-08-25_15-57-02.webp.webp?fit=1200%2C675&ssl=1&resize=350%2C200","width":350,"height":200,"srcset":"https:\/\/i0.wp.com\/noticiasribeiraopreto.com.br\/wp-content\/uploads\/2025\/08\/Copia-de-Copia-de-Copia-de-TAMANHO-EXATO-PARA-FOTOS-NO-SISTEMA-NOVO-2025-08-25T125656.336_2025-08-25_15-57-02.webp.webp?fit=1200%2C675&ssl=1&resize=350%2C200 1x, https:\/\/i0.wp.com\/noticiasribeiraopreto.com.br\/wp-content\/uploads\/2025\/08\/Copia-de-Copia-de-Copia-de-TAMANHO-EXATO-PARA-FOTOS-NO-SISTEMA-NOVO-2025-08-25T125656.336_2025-08-25_15-57-02.webp.webp?fit=1200%2C675&ssl=1&resize=525%2C300 1.5x, https:\/\/i0.wp.com\/noticiasribeiraopreto.com.br\/wp-content\/uploads\/2025\/08\/Copia-de-Copia-de-Copia-de-TAMANHO-EXATO-PARA-FOTOS-NO-SISTEMA-NOVO-2025-08-25T125656.336_2025-08-25_15-57-02.webp.webp?fit=1200%2C675&ssl=1&resize=700%2C400 2x, https:\/\/i0.wp.com\/noticiasribeiraopreto.com.br\/wp-content\/uploads\/2025\/08\/Copia-de-Copia-de-Copia-de-TAMANHO-EXATO-PARA-FOTOS-NO-SISTEMA-NOVO-2025-08-25T125656.336_2025-08-25_15-57-02.webp.webp?fit=1200%2C675&ssl=1&resize=1050%2C600 3x"},"classes":[]},{"id":74170,"url":"https:\/\/noticiasribeiraopreto.com.br\/index.php\/2025\/07\/17\/regiao-recebe-alerta-de-incendios\/","url_meta":{"origin":75723,"position":2},"title":"Regi\u00e3o recebe alerta de inc\u00eandios","author":"noticiasribeiraopreto.com.br","date":"17 de July de 2025","format":false,"excerpt":"Nos pr\u00f3ximos dias, quase todo o estado de S\u00e3o Paulo estar\u00e1 em estado de aten\u00e7\u00e3o para inc\u00eandios. O risco \u00e9 elevado principalmente nesta quinta (17) e na sexta-feira, 18 de julho, quando a baixa umidade relativa do ar, as temperaturas elevadas e o predom\u00ednio do Sol intensificam as chances de\u2026","rel":"","context":"In &quot;Not\u00edcias de Ribeir\u00e3o Preto-SP e Regi\u00e3o&quot;","block_context":{"text":"Not\u00edcias de Ribeir\u00e3o Preto-SP e Regi\u00e3o","link":"https:\/\/noticiasribeiraopreto.com.br\/index.php\/category\/noticias-de-ribeirao-preto-sp-e-regiao-ismael-colosi\/"},"img":{"alt_text":"","src":"https:\/\/i0.wp.com\/noticiasribeiraopreto.com.br\/wp-content\/uploads\/2025\/07\/QueimaRP-reproducao-Defesa-Civil-de-Sao-Paulo.png?fit=1024%2C686&ssl=1&resize=350%2C200","width":350,"height":200,"srcset":"https:\/\/i0.wp.com\/noticiasribeiraopreto.com.br\/wp-content\/uploads\/2025\/07\/QueimaRP-reproducao-Defesa-Civil-de-Sao-Paulo.png?fit=1024%2C686&ssl=1&resize=350%2C200 1x, https:\/\/i0.wp.com\/noticiasribeiraopreto.com.br\/wp-content\/uploads\/2025\/07\/QueimaRP-reproducao-Defesa-Civil-de-Sao-Paulo.png?fit=1024%2C686&ssl=1&resize=525%2C300 1.5x, https:\/\/i0.wp.com\/noticiasribeiraopreto.com.br\/wp-content\/uploads\/2025\/07\/QueimaRP-reproducao-Defesa-Civil-de-Sao-Paulo.png?fit=1024%2C686&ssl=1&resize=700%2C400 2x"},"classes":[]},{"id":74522,"url":"https:\/\/noticiasribeiraopreto.com.br\/index.php\/2025\/07\/24\/interior-de-sp-recebe-alerta-da-defesa-civil-para-alto-risco-de-queimadas-veja-regioes\/","url_meta":{"origin":75723,"position":3},"title":"Interior de SP recebe alerta da Defesa Civil para alto risco de queimadas; Veja regi\u00f5es","author":"noticiasribeiraopreto.com.br","date":"24 de July de 2025","format":false,"excerpt":"A Defesa Civil de S\u00e3o Paulo emitiu um alerta para o risco elevado de inc\u00eandios florestais at\u00e9 o pr\u00f3ximo domingo (27) no interior de S\u00e3o Paulo. Segundo o \u00f3rg\u00e3o, as regi\u00f5es de Ribeir\u00e3o Preto, Franca, Barretos, Presidente Prudente, Ara\u00e7atuba e S\u00e3o Jos\u00e9 do Rio Preto entram em emerg\u00eancia nos pr\u00f3ximos\u2026","rel":"","context":"In &quot;Not\u00edcias de Ribeir\u00e3o Preto-SP e Regi\u00e3o&quot;","block_context":{"text":"Not\u00edcias de Ribeir\u00e3o Preto-SP e Regi\u00e3o","link":"https:\/\/noticiasribeiraopreto.com.br\/index.php\/category\/noticias-de-ribeirao-preto-sp-e-regiao-ismael-colosi\/"},"img":{"alt_text":"","src":"","width":0,"height":0},"classes":[]},{"id":74415,"url":"https:\/\/noticiasribeiraopreto.com.br\/index.php\/2025\/07\/22\/rp-entra-em-estado-de-alerta\/","url_meta":{"origin":75723,"position":4},"title":"RP entra em estado de alerta","author":"noticiasribeiraopreto.com.br","date":"22 de July de 2025","format":false,"excerpt":"O prefeito Ricardo Silva (PSD) publicou, no Di\u00e1rio Oficial do Munic\u00edpio (DOM) desta segunda-feira, 21 de julho, o decreto n\u00famero 160 que institui estado de alerta em Ribeir\u00e3o Preto devido \u00e0 estiagem. A medida vale at\u00e9 30 de setembro, mas pode ser prorrogada. No decreto, o chefe do Executivo cita\u2026","rel":"","context":"In &quot;Not\u00edcias de Ribeir\u00e3o Preto-SP e Regi\u00e3o&quot;","block_context":{"text":"Not\u00edcias de Ribeir\u00e3o Preto-SP e Regi\u00e3o","link":"https:\/\/noticiasribeiraopreto.com.br\/index.php\/category\/noticias-de-ribeirao-preto-sp-e-regiao-ismael-colosi\/"},"img":{"alt_text":"","src":"https:\/\/i0.wp.com\/noticiasribeiraopreto.com.br\/wp-content\/uploads\/2025\/07\/QueimaRP-Reproducao-Defesa-Civil-de-Sao-Paulo-scaled.jpg?fit=1200%2C663&ssl=1&resize=350%2C200","width":350,"height":200,"srcset":"https:\/\/i0.wp.com\/noticiasribeiraopreto.com.br\/wp-content\/uploads\/2025\/07\/QueimaRP-Reproducao-Defesa-Civil-de-Sao-Paulo-scaled.jpg?fit=1200%2C663&ssl=1&resize=350%2C200 1x, https:\/\/i0.wp.com\/noticiasribeiraopreto.com.br\/wp-content\/uploads\/2025\/07\/QueimaRP-Reproducao-Defesa-Civil-de-Sao-Paulo-scaled.jpg?fit=1200%2C663&ssl=1&resize=525%2C300 1.5x, https:\/\/i0.wp.com\/noticiasribeiraopreto.com.br\/wp-content\/uploads\/2025\/07\/QueimaRP-Reproducao-Defesa-Civil-de-Sao-Paulo-scaled.jpg?fit=1200%2C663&ssl=1&resize=700%2C400 2x, https:\/\/i0.wp.com\/noticiasribeiraopreto.com.br\/wp-content\/uploads\/2025\/07\/QueimaRP-Reproducao-Defesa-Civil-de-Sao-Paulo-scaled.jpg?fit=1200%2C663&ssl=1&resize=1050%2C600 3x"},"classes":[]},{"id":77247,"url":"https:\/\/noticiasribeiraopreto.com.br\/index.php\/2025\/09\/15\/veja-como-vai-funcionar-o-gabinete-de-crise-para-queimadas-no-estado-de-sp\/","url_meta":{"origin":75723,"position":5},"title":"Veja como vai funcionar o gabinete de crise para queimadas no estado de SP","author":"noticiasribeiraopreto.com.br","date":"15 de September de 2025","format":false,"excerpt":"A partir desta segunda-feira (15), um gabinete de crise montado pelo governo de S\u00e3o Paulo dever\u00e1 atuar no territ\u00f3rio paulista devido ao risco extremo para queimadas. O Mapa de Risco de Inc\u00eandio aponta que a \u00faltima semana do inverno ser\u00e1 a mais cr\u00edtica da estiagem em 2025, com previs\u00e3o de\u2026","rel":"","context":"In &quot;Not\u00edcias de Ribeir\u00e3o Preto-SP e Regi\u00e3o&quot;","block_context":{"text":"Not\u00edcias de Ribeir\u00e3o Preto-SP e Regi\u00e3o","link":"https:\/\/noticiasribeiraopreto.com.br\/index.php\/category\/noticias-de-ribeirao-preto-sp-e-regiao-ismael-colosi\/"},"img":{"alt_text":"","src":"https:\/\/i0.wp.com\/noticiasribeiraopreto.com.br\/wp-content\/uploads\/2025\/08\/a.ok_.monitoraincendios_2025-08-24_12-57-49.webp.webp?fit=1200%2C799&ssl=1&resize=350%2C200","width":350,"height":200,"srcset":"https:\/\/i0.wp.com\/noticiasribeiraopreto.com.br\/wp-content\/uploads\/2025\/08\/a.ok_.monitoraincendios_2025-08-24_12-57-49.webp.webp?fit=1200%2C799&ssl=1&resize=350%2C200 1x, https:\/\/i0.wp.com\/noticiasribeiraopreto.com.br\/wp-content\/uploads\/2025\/08\/a.ok_.monitoraincendios_2025-08-24_12-57-49.webp.webp?fit=1200%2C799&ssl=1&resize=525%2C300 1.5x, https:\/\/i0.wp.com\/noticiasribeiraopreto.com.br\/wp-content\/uploads\/2025\/08\/a.ok_.monitoraincendios_2025-08-24_12-57-49.webp.webp?fit=1200%2C799&ssl=1&resize=700%2C400 2x, https:\/\/i0.wp.com\/noticiasribeiraopreto.com.br\/wp-content\/uploads\/2025\/08\/a.ok_.monitoraincendios_2025-08-24_12-57-49.webp.webp?fit=1200%2C799&ssl=1&resize=1050%2C600 3x"},"classes":[]}],"jetpack_sharing_enabled":true,"jetpack_shortlink":"https:\/\/wp.me\/peQAOb-jHl","_links":{"self":[{"href":"https:\/\/noticiasribeiraopreto.com.br\/index.php\/wp-json\/wp\/v2\/posts\/75723","targetHints":{"allow":["GET"]}}],"collection":[{"href":"https:\/\/noticiasribeiraopreto.com.br\/index.php\/wp-json\/wp\/v2\/posts"}],"about":[{"href":"https:\/\/noticiasribeiraopreto.com.br\/index.php\/wp-json\/wp\/v2\/types\/post"}],"author":[{"embeddable":true,"href":"https:\/\/noticiasribeiraopreto.com.br\/index.php\/wp-json\/wp\/v2\/users\/1"}],"replies":[{"embeddable":true,"href":"https:\/\/noticiasribeiraopreto.com.br\/index.php\/wp-json\/wp\/v2\/comments?post=75723"}],"version-history":[{"count":0,"href":"https:\/\/noticiasribeiraopreto.com.br\/index.php\/wp-json\/wp\/v2\/posts\/75723\/revisions"}],"wp:featuredmedia":[{"embeddable":true,"href":"https:\/\/noticiasribeiraopreto.com.br\/index.php\/wp-json\/wp\/v2\/media\/75724"}],"wp:attachment":[{"href":"https:\/\/noticiasribeiraopreto.com.br\/index.php\/wp-json\/wp\/v2\/media?parent=75723"}],"wp:term":[{"taxonomy":"category","embeddable":true,"href":"https:\/\/noticiasribeiraopreto.com.br\/index.php\/wp-json\/wp\/v2\/categories?post=75723"},{"taxonomy":"post_tag","embeddable":true,"href":"https:\/\/noticiasribeiraopreto.com.br\/index.php\/wp-json\/wp\/v2\/tags?post=75723"}],"curies":[{"name":"wp","href":"https:\/\/api.w.org\/{rel}","templated":true}]}}