{"id":75725,"date":"2025-08-14T12:27:08","date_gmt":"2025-08-14T15:27:08","guid":{"rendered":"https:\/\/noticiasribeiraopreto.com.br\/index.php\/2025\/08\/14\/inmet-publica-alerta-de-grande-perigo-veja-cidades-afetadas-no-interior-de-sp\/"},"modified":"2025-08-14T12:27:08","modified_gmt":"2025-08-14T15:27:08","slug":"inmet-publica-alerta-de-grande-perigo-veja-cidades-afetadas-no-interior-de-sp","status":"publish","type":"post","link":"https:\/\/noticiasribeiraopreto.com.br\/index.php\/2025\/08\/14\/inmet-publica-alerta-de-grande-perigo-veja-cidades-afetadas-no-interior-de-sp\/","title":{"rendered":"Inmet publica alerta de grande perigo; Veja cidades afetadas no interior de SP"},"content":{"rendered":"<div class='code-block code-block-1' style='margin: 8px 0 8px auto; text-align: right; display: block; clear: both;'>\n<p><a href=\"https:\/\/wa.link\/vpicfd\"><img data-recalc-dims=\"1\" class=\"wp-image-4922\" style=\"aspect-ratio: 2.0253164556962027; width: 561px; height: auto;\" src=\"https:\/\/i0.wp.com\/ismaelcolosi.com.br\/wp-content\/uploads\/2023\/11\/grupo-de-empregos-whatsapp-e-facebook-ismael-colosi-vagas.jpg?ssl=1\" alt=\"\" \/><\/a><\/p>\n<!-- \/wp:image -->\n<\/div>\n<p> <br \/>\n<\/p>\n<div data-td-block-uid=\"tdi_95\">\n<div class=\"tdb-block-inner td-fix-index\">\n<p><strong><strong>O\u00a0<\/strong><a href=\"https:\/\/portal.inmet.gov.br\/\" target=\"_blank\" rel=\"noreferrer noopener\"><strong>Inmet (Instituto Nacional de Meteorologia)<\/strong><\/a><strong>\u00a0emitiu um alerta de \u201cgrande perigo\u201d para baixa umidade no interior de S\u00e3o Paulo.<\/strong><\/strong><\/p>\n<p>Cidades da regi\u00e3o oeste e noroeste foram inclu\u00eddas na faixa vermelha, a mais extrema em uma escala at\u00e9 tr\u00eas n\u00edveis de severidade. <a href=\"https:\/\/alertas2.inmet.gov.br\/51322\" data-type=\"link\" data-id=\"https:\/\/alertas2.inmet.gov.br\/51322\" target=\"_blank\" rel=\"noopener\">Clique aqui<\/a>\u00a0e veja todos os munic\u00edpios.<\/p>\n<p>Tamb\u00e9m no estado de S\u00e3o Paulo, h\u00e1 um alerta de \u201cperigo\u201d para baixa umidade classificado na faixa laranja, que \u00e9 a segunda na escala. <a href=\"https:\/\/alertas2.inmet.gov.br\/51306\" data-type=\"link\" data-id=\"https:\/\/alertas2.inmet.gov.br\/51306\" target=\"_blank\" rel=\"noopener\">Clique aqui<\/a> e confira as cidades.<\/p>\n<p>J\u00e1 a maior parte do estado paulista est\u00e1 na faixa amarela, que indica \u201cperigo potencial\u201d. <a href=\"https:\/\/alertas2.inmet.gov.br\/51317\" data-type=\"link\" data-id=\"https:\/\/alertas2.inmet.gov.br\/51317\" target=\"_blank\" rel=\"noopener\">Clique aqui<\/a> e saiba todas as cidades.<\/p>\n<h2 class=\"wp-block-heading\"><strong>Veja o que diz o alerta extremo:<\/strong><\/h2>\n<ul class=\"wp-block-list\">\n<li>Umidade relativa do ar abaixo de 12%<\/li>\n<li>Grande risco de inc\u00eandios florestais e \u00e0 sa\u00fade, como doen\u00e7as pulmonares, dores de cabe\u00e7a e outras<\/li>\n<\/ul>\n<h3 class=\"wp-block-heading\"><strong>Orienta\u00e7\u00f5es:<\/strong><\/h3>\n<ul class=\"wp-block-list\">\n<li>Beba bastante l\u00edquido<\/li>\n<li>Atividades f\u00edsicas s\u00e3o nocivas<\/li>\n<li>Evite exposi\u00e7\u00e3o ao sol nas horas mais quentes do dia<\/li>\n<li>Use hidratante para pele e umidifique o ambiente<\/li>\n<li>Evite bebidas diur\u00e9ticas como caf\u00e9 e \u00e1lcool<\/li>\n<\/ul>\n<p>SAIBA MAIS<\/p>\n<p>Frente fria avan\u00e7a nesta quinta; Veja previs\u00e3o no estado de SP<\/p>\n<h4 class=\"wp-block-heading\"><strong>FIQUE ON\u00a0\u00a0\u00a0\u00a0\u00a0\u00a0\u00a0\u00a0\u00a0<\/strong><\/h4>\n<p>Quer ficar por dentro de tudo que acontece em Ribeir\u00e3o Preto e regi\u00e3o? Ent\u00e3o siga os perfis do\u202facidade on\u202fno\u202f<a href=\"https:\/\/www.instagram.com\/acidadeonribeirao\" target=\"_blank\" rel=\"noreferrer noopener\">Instagram<\/a>\u202fe no\u202f<a href=\"https:\/\/www.facebook.com\/acidadeonribeirao\/\" target=\"_blank\" rel=\"noreferrer noopener\">Facebook<\/a>.<\/p>\n<p>Al\u00e9m disso, voc\u00ea pode receber as principais not\u00edcias diretamente no WhatsApp. Para isso, basta\u00a0<a href=\"https:\/\/chat.whatsapp.com\/BjKQZ9oJwlz8VVT50NuePq\" target=\"_blank\" rel=\"noreferrer noopener\">entrar no grupo clicando aqui<\/a>.<\/p>\n<p>Por fim, se quiser fazer uma den\u00fancia ou sugerir uma reportagem sobre Ribeir\u00e3o Preto e regi\u00e3o, envie uma mensagem pelo WhatsApp: (16) 99117-7802.<\/p>\n<p>VEJA TAMB\u00c9M<\/p>\n<p>A Mulher da Casa Abandonada morava em Campinas?<\/p>\n<p><!-- AI CONTENT END 1 -->\n<\/div>\n<\/div>\n<p><script async src=\"\/\/www.instagram.com\/embed.js\"><\/script><br \/>\n<br \/><br \/>\n<br \/><a href=\"https:\/\/www.acidadeon.com\/ribeiraopreto\/cotidiano\/inmet-publica-alerta-de-grande-perigo-veja-cidades-afetadas-no-interior-de-sp\/\">Source link <\/a><\/p>\n<!-- CONTENT END 1 -->\n","protected":false},"excerpt":{"rendered":"<p>O\u00a0Inmet (Instituto Nacional de Meteorologia)\u00a0emitiu um alerta de \u201cgrande perigo\u201d para baixa umidade no interior de S\u00e3o Paulo. Cidades da regi\u00e3o oeste e noroeste foram&#8230;<\/p>\n","protected":false},"author":1,"featured_media":75726,"comment_status":"open","ping_status":"open","sticky":false,"template":"","format":"standard","meta":{"advanced_seo_description":"","jetpack_seo_html_title":"","jetpack_seo_noindex":false,"jetpack_post_was_ever_published":false,"_jetpack_newsletter_access":"","_jetpack_dont_email_post_to_subs":false,"_jetpack_newsletter_tier_id":0,"_jetpack_memberships_contains_paywalled_content":false,"_jetpack_memberships_contains_paid_content":false,"footnotes":"","jetpack_publicize_message":"","jetpack_publicize_feature_enabled":true,"jetpack_social_post_already_shared":true,"jetpack_social_options":{"image_generator_settings":{"template":"highway","default_image_id":0,"font":"","enabled":false},"version":2}},"categories":[11],"tags":[],"class_list":["post-75725","post","type-post","status-publish","format-standard","has-post-thumbnail","hentry","category-noticias-de-ribeirao-preto-sp-e-regiao-ismael-colosi"],"jetpack_publicize_connections":[],"jetpack_featured_media_url":"https:\/\/i0.wp.com\/noticiasribeiraopreto.com.br\/wp-content\/uploads\/2025\/08\/ALERTA_2025-08-14_14-33-38.webp.webp?fit=1200%2C899&ssl=1","jetpack-related-posts":[{"id":75653,"url":"https:\/\/noticiasribeiraopreto.com.br\/index.php\/2025\/08\/13\/alerta-de-perigo-e-emitido-para-o-interior-de-sp-veja-cidades-afetadas\/","url_meta":{"origin":75725,"position":0},"title":"Alerta de perigo \u00e9 emitido para o interior de SP; Veja cidades afetadas","author":"noticiasribeiraopreto.com.br","date":"13 de August de 2025","format":false,"excerpt":"O\u00a0Inmet (Instituto Nacional de Meteorologia)\u00a0emitiu um alerta de \u201cperigo\u201d para baixa umidade no interior de S\u00e3o Paulo. Ribeir\u00e3o Preto e cidades da regi\u00e3o foram inclu\u00eddas na faixa laranja, a segunda em uma escala at\u00e9 tr\u00eas n\u00edveis de severidade, que abrange parte do estado paulista. O aviso tem in\u00edcio \u00e0s 12h\u2026","rel":"","context":"In &quot;Not\u00edcias de Ribeir\u00e3o Preto-SP e Regi\u00e3o&quot;","block_context":{"text":"Not\u00edcias de Ribeir\u00e3o Preto-SP e Regi\u00e3o","link":"https:\/\/noticiasribeiraopreto.com.br\/index.php\/category\/noticias-de-ribeirao-preto-sp-e-regiao-ismael-colosi\/"},"img":{"alt_text":"","src":"https:\/\/i0.wp.com\/noticiasribeiraopreto.com.br\/wp-content\/uploads\/2025\/08\/BAIXA-UMIDADE_2025-08-13_14-56-37.webp.webp?fit=1200%2C819&ssl=1&resize=350%2C200","width":350,"height":200,"srcset":"https:\/\/i0.wp.com\/noticiasribeiraopreto.com.br\/wp-content\/uploads\/2025\/08\/BAIXA-UMIDADE_2025-08-13_14-56-37.webp.webp?fit=1200%2C819&ssl=1&resize=350%2C200 1x, https:\/\/i0.wp.com\/noticiasribeiraopreto.com.br\/wp-content\/uploads\/2025\/08\/BAIXA-UMIDADE_2025-08-13_14-56-37.webp.webp?fit=1200%2C819&ssl=1&resize=525%2C300 1.5x, https:\/\/i0.wp.com\/noticiasribeiraopreto.com.br\/wp-content\/uploads\/2025\/08\/BAIXA-UMIDADE_2025-08-13_14-56-37.webp.webp?fit=1200%2C819&ssl=1&resize=700%2C400 2x, https:\/\/i0.wp.com\/noticiasribeiraopreto.com.br\/wp-content\/uploads\/2025\/08\/BAIXA-UMIDADE_2025-08-13_14-56-37.webp.webp?fit=1200%2C819&ssl=1&resize=1050%2C600 3x"},"classes":[]},{"id":77262,"url":"https:\/\/noticiasribeiraopreto.com.br\/index.php\/2025\/09\/15\/estado-de-sp-recebe-alerta-para-tempestade-e-baixa-umidade-veja-cidades\/","url_meta":{"origin":75725,"position":1},"title":"Estado de SP recebe alerta para tempestade e baixa umidade; Veja cidades","author":"noticiasribeiraopreto.com.br","date":"15 de September de 2025","format":false,"excerpt":"O\u00a0Inmet (Instituto Nacional de Meteorologia)\u00a0publicou alerta para tempestade e baixa umidade no estado de S\u00e3o Paulo. Ribeir\u00e3o Preto e cidades da regi\u00e3o est\u00e3o inclu\u00eddas na faixa amarela, a primeira em uma escala at\u00e9 tr\u00eas n\u00edveis de severidade, que indica perigo potencial para baixa unidade do ar, com \u00edndices entre 30%\u2026","rel":"","context":"In &quot;Not\u00edcias de Ribeir\u00e3o Preto-SP e Regi\u00e3o&quot;","block_context":{"text":"Not\u00edcias de Ribeir\u00e3o Preto-SP e Regi\u00e3o","link":"https:\/\/noticiasribeiraopreto.com.br\/index.php\/category\/noticias-de-ribeirao-preto-sp-e-regiao-ismael-colosi\/"},"img":{"alt_text":"","src":"https:\/\/i0.wp.com\/noticiasribeiraopreto.com.br\/wp-content\/uploads\/2025\/09\/MAPA_2025-09-15_15-45-17.webp.webp?fit=1200%2C778&ssl=1&resize=350%2C200","width":350,"height":200,"srcset":"https:\/\/i0.wp.com\/noticiasribeiraopreto.com.br\/wp-content\/uploads\/2025\/09\/MAPA_2025-09-15_15-45-17.webp.webp?fit=1200%2C778&ssl=1&resize=350%2C200 1x, https:\/\/i0.wp.com\/noticiasribeiraopreto.com.br\/wp-content\/uploads\/2025\/09\/MAPA_2025-09-15_15-45-17.webp.webp?fit=1200%2C778&ssl=1&resize=525%2C300 1.5x, https:\/\/i0.wp.com\/noticiasribeiraopreto.com.br\/wp-content\/uploads\/2025\/09\/MAPA_2025-09-15_15-45-17.webp.webp?fit=1200%2C778&ssl=1&resize=700%2C400 2x, https:\/\/i0.wp.com\/noticiasribeiraopreto.com.br\/wp-content\/uploads\/2025\/09\/MAPA_2025-09-15_15-45-17.webp.webp?fit=1200%2C778&ssl=1&resize=1050%2C600 3x"},"classes":[]},{"id":75905,"url":"https:\/\/noticiasribeiraopreto.com.br\/index.php\/2025\/08\/18\/novo-alerta-de-perigo-e-emitido-para-o-interior-de-sp-veja-cidades-afetadas\/","url_meta":{"origin":75725,"position":2},"title":"Novo alerta de perigo \u00e9 emitido para o interior de SP; Veja cidades afetadas","author":"noticiasribeiraopreto.com.br","date":"18 de August de 2025","format":false,"excerpt":"O\u00a0Inmet (Instituto Nacional de Meteorologia)\u00a0publicou um novo alerta de \u201cperigo\u201d para baixa umidade no interior de S\u00e3o Paulo. Ribeir\u00e3o Preto e cidades da regi\u00e3o est\u00e3o inclu\u00eddas na faixa laranja, a segunda em uma escala at\u00e9 tr\u00eas n\u00edveis de severidade, que abrange parte do estado paulista, principalmente a regi\u00e3o Norte. O\u2026","rel":"","context":"In &quot;Not\u00edcias de Ribeir\u00e3o Preto-SP e Regi\u00e3o&quot;","block_context":{"text":"Not\u00edcias de Ribeir\u00e3o Preto-SP e Regi\u00e3o","link":"https:\/\/noticiasribeiraopreto.com.br\/index.php\/category\/noticias-de-ribeirao-preto-sp-e-regiao-ismael-colosi\/"},"img":{"alt_text":"","src":"https:\/\/i0.wp.com\/noticiasribeiraopreto.com.br\/wp-content\/uploads\/2025\/08\/BAIXA-UMIDADE_2025-08-18_14-35-55.webp.webp?fit=1200%2C793&ssl=1&resize=350%2C200","width":350,"height":200,"srcset":"https:\/\/i0.wp.com\/noticiasribeiraopreto.com.br\/wp-content\/uploads\/2025\/08\/BAIXA-UMIDADE_2025-08-18_14-35-55.webp.webp?fit=1200%2C793&ssl=1&resize=350%2C200 1x, https:\/\/i0.wp.com\/noticiasribeiraopreto.com.br\/wp-content\/uploads\/2025\/08\/BAIXA-UMIDADE_2025-08-18_14-35-55.webp.webp?fit=1200%2C793&ssl=1&resize=525%2C300 1.5x, https:\/\/i0.wp.com\/noticiasribeiraopreto.com.br\/wp-content\/uploads\/2025\/08\/BAIXA-UMIDADE_2025-08-18_14-35-55.webp.webp?fit=1200%2C793&ssl=1&resize=700%2C400 2x, https:\/\/i0.wp.com\/noticiasribeiraopreto.com.br\/wp-content\/uploads\/2025\/08\/BAIXA-UMIDADE_2025-08-18_14-35-55.webp.webp?fit=1200%2C793&ssl=1&resize=1050%2C600 3x"},"classes":[]},{"id":74856,"url":"https:\/\/noticiasribeiraopreto.com.br\/index.php\/2025\/07\/30\/alerta-de-perigo-potencial-e-emitido-para-o-interior-de-sp-veja-cidades-afetadas\/","url_meta":{"origin":75725,"position":3},"title":"Alerta de perigo potencial \u00e9 emitido para o interior de SP; Veja cidades afetadas","author":"noticiasribeiraopreto.com.br","date":"30 de July de 2025","format":false,"excerpt":"O Inmet (Instituto Nacional de Meteorologia) publicou um alerta de \u201cperigo potencial\u201d para baixa umidade no interior de S\u00e3o Paulo. Ribeir\u00e3o Preto e cidades da regi\u00e3o est\u00e3o inclu\u00eddas na faixa amarela, a primeira em uma escala at\u00e9 tr\u00eas n\u00edveis de severidade, que abrange grande parte do estado paulista. O aviso\u2026","rel":"","context":"In &quot;Not\u00edcias de Ribeir\u00e3o Preto-SP e Regi\u00e3o&quot;","block_context":{"text":"Not\u00edcias de Ribeir\u00e3o Preto-SP e Regi\u00e3o","link":"https:\/\/noticiasribeiraopreto.com.br\/index.php\/category\/noticias-de-ribeirao-preto-sp-e-regiao-ismael-colosi\/"},"img":{"alt_text":"","src":"https:\/\/i0.wp.com\/noticiasribeiraopreto.com.br\/wp-content\/uploads\/2025\/07\/1753887463_20230711_174150-scaled.jpg?fit=1200%2C540&ssl=1&resize=350%2C200","width":350,"height":200,"srcset":"https:\/\/i0.wp.com\/noticiasribeiraopreto.com.br\/wp-content\/uploads\/2025\/07\/1753887463_20230711_174150-scaled.jpg?fit=1200%2C540&ssl=1&resize=350%2C200 1x, https:\/\/i0.wp.com\/noticiasribeiraopreto.com.br\/wp-content\/uploads\/2025\/07\/1753887463_20230711_174150-scaled.jpg?fit=1200%2C540&ssl=1&resize=525%2C300 1.5x, https:\/\/i0.wp.com\/noticiasribeiraopreto.com.br\/wp-content\/uploads\/2025\/07\/1753887463_20230711_174150-scaled.jpg?fit=1200%2C540&ssl=1&resize=700%2C400 2x, https:\/\/i0.wp.com\/noticiasribeiraopreto.com.br\/wp-content\/uploads\/2025\/07\/1753887463_20230711_174150-scaled.jpg?fit=1200%2C540&ssl=1&resize=1050%2C600 3x"},"classes":[]},{"id":76192,"url":"https:\/\/noticiasribeiraopreto.com.br\/index.php\/2025\/08\/24\/alerta-de-perigo-e-emitido-para-o-interior-de-sp-veja-cidades-afetadas-2\/","url_meta":{"origin":75725,"position":4},"title":"Alerta de perigo \u00e9 emitido para o interior de SP; Veja cidades afetadas","author":"noticiasribeiraopreto.com.br","date":"24 de August de 2025","format":false,"excerpt":"O\u00a0Inmet (Instituto Nacional de Meteorologia)\u00a0publicou um alerta de \u201cperigo\u201d para baixa umidade no interior de S\u00e3o Paulo. Ribeir\u00e3o Preto e cidades na regi\u00e3o, como Sert\u00e3ozinho, Barretos e Franca, est\u00e3o inclu\u00eddas na faixa laranja, a segunda em uma escala at\u00e9 tr\u00eas n\u00edveis de severidade, que abrange parte do estado paulista. O\u2026","rel":"","context":"In &quot;Not\u00edcias de Ribeir\u00e3o Preto-SP e Regi\u00e3o&quot;","block_context":{"text":"Not\u00edcias de Ribeir\u00e3o Preto-SP e Regi\u00e3o","link":"https:\/\/noticiasribeiraopreto.com.br\/index.php\/category\/noticias-de-ribeirao-preto-sp-e-regiao-ismael-colosi\/"},"img":{"alt_text":"","src":"https:\/\/i0.wp.com\/noticiasribeiraopreto.com.br\/wp-content\/uploads\/2025\/08\/ALERTA_2025-08-24_14-20-21.webp.webp?fit=1200%2C828&ssl=1&resize=350%2C200","width":350,"height":200,"srcset":"https:\/\/i0.wp.com\/noticiasribeiraopreto.com.br\/wp-content\/uploads\/2025\/08\/ALERTA_2025-08-24_14-20-21.webp.webp?fit=1200%2C828&ssl=1&resize=350%2C200 1x, https:\/\/i0.wp.com\/noticiasribeiraopreto.com.br\/wp-content\/uploads\/2025\/08\/ALERTA_2025-08-24_14-20-21.webp.webp?fit=1200%2C828&ssl=1&resize=525%2C300 1.5x, https:\/\/i0.wp.com\/noticiasribeiraopreto.com.br\/wp-content\/uploads\/2025\/08\/ALERTA_2025-08-24_14-20-21.webp.webp?fit=1200%2C828&ssl=1&resize=700%2C400 2x, https:\/\/i0.wp.com\/noticiasribeiraopreto.com.br\/wp-content\/uploads\/2025\/08\/ALERTA_2025-08-24_14-20-21.webp.webp?fit=1200%2C828&ssl=1&resize=1050%2C600 3x"},"classes":[]},{"id":58563,"url":"https:\/\/noticiasribeiraopreto.com.br\/index.php\/2024\/10\/01\/outubro-comeca-com-alerta-de-perigo-potencial-no-estado-de-sp-veja-cidades\/","url_meta":{"origin":75725,"position":5},"title":"Outubro come\u00e7a com alerta de &#8216;perigo potencial&#8217; no estado de SP; Veja cidades","author":"noticiasribeiraopreto.com.br","date":"1 de October de 2024","format":false,"excerpt":"O Inmet (Instituto Nacional de Meteorologia) emitiu um um alerta de \u201cperigo potencial\u201d para a baixa umidade do ar nesta ter\u00e7a-feira (1\u00ba) em grande parte do estado de S\u00e3o Paulo. O aviso tem validade entre 11h e 21h, e inclui Ribeir\u00e3o Preto e cidades da regi\u00e3o. O alerta \u00e9 na\u2026","rel":"","context":"In &quot;Not\u00edcias de Ribeir\u00e3o Preto-SP e Regi\u00e3o&quot;","block_context":{"text":"Not\u00edcias de Ribeir\u00e3o Preto-SP e Regi\u00e3o","link":"https:\/\/noticiasribeiraopreto.com.br\/index.php\/category\/noticias-de-ribeirao-preto-sp-e-regiao-ismael-colosi\/"},"img":{"alt_text":"","src":"https:\/\/i0.wp.com\/noticiasribeiraopreto.com.br\/wp-content\/uploads\/2024\/10\/20230711_174150-scaled.jpg?fit=1200%2C540&ssl=1&resize=350%2C200","width":350,"height":200,"srcset":"https:\/\/i0.wp.com\/noticiasribeiraopreto.com.br\/wp-content\/uploads\/2024\/10\/20230711_174150-scaled.jpg?fit=1200%2C540&ssl=1&resize=350%2C200 1x, https:\/\/i0.wp.com\/noticiasribeiraopreto.com.br\/wp-content\/uploads\/2024\/10\/20230711_174150-scaled.jpg?fit=1200%2C540&ssl=1&resize=525%2C300 1.5x, https:\/\/i0.wp.com\/noticiasribeiraopreto.com.br\/wp-content\/uploads\/2024\/10\/20230711_174150-scaled.jpg?fit=1200%2C540&ssl=1&resize=700%2C400 2x, https:\/\/i0.wp.com\/noticiasribeiraopreto.com.br\/wp-content\/uploads\/2024\/10\/20230711_174150-scaled.jpg?fit=1200%2C540&ssl=1&resize=1050%2C600 3x"},"classes":[]}],"jetpack_sharing_enabled":true,"jetpack_shortlink":"https:\/\/wp.me\/peQAOb-jHn","_links":{"self":[{"href":"https:\/\/noticiasribeiraopreto.com.br\/index.php\/wp-json\/wp\/v2\/posts\/75725","targetHints":{"allow":["GET"]}}],"collection":[{"href":"https:\/\/noticiasribeiraopreto.com.br\/index.php\/wp-json\/wp\/v2\/posts"}],"about":[{"href":"https:\/\/noticiasribeiraopreto.com.br\/index.php\/wp-json\/wp\/v2\/types\/post"}],"author":[{"embeddable":true,"href":"https:\/\/noticiasribeiraopreto.com.br\/index.php\/wp-json\/wp\/v2\/users\/1"}],"replies":[{"embeddable":true,"href":"https:\/\/noticiasribeiraopreto.com.br\/index.php\/wp-json\/wp\/v2\/comments?post=75725"}],"version-history":[{"count":0,"href":"https:\/\/noticiasribeiraopreto.com.br\/index.php\/wp-json\/wp\/v2\/posts\/75725\/revisions"}],"wp:featuredmedia":[{"embeddable":true,"href":"https:\/\/noticiasribeiraopreto.com.br\/index.php\/wp-json\/wp\/v2\/media\/75726"}],"wp:attachment":[{"href":"https:\/\/noticiasribeiraopreto.com.br\/index.php\/wp-json\/wp\/v2\/media?parent=75725"}],"wp:term":[{"taxonomy":"category","embeddable":true,"href":"https:\/\/noticiasribeiraopreto.com.br\/index.php\/wp-json\/wp\/v2\/categories?post=75725"},{"taxonomy":"post_tag","embeddable":true,"href":"https:\/\/noticiasribeiraopreto.com.br\/index.php\/wp-json\/wp\/v2\/tags?post=75725"}],"curies":[{"name":"wp","href":"https:\/\/api.w.org\/{rel}","templated":true}]}}