{"id":75727,"date":"2025-08-14T12:34:48","date_gmt":"2025-08-14T15:34:48","guid":{"rendered":"https:\/\/noticiasribeiraopreto.com.br\/index.php\/2025\/08\/14\/brasil-tera-o-saf-combustivel-sustentavel-de-aviacao-disponivel-a-partir-de-2027\/"},"modified":"2025-08-14T12:34:48","modified_gmt":"2025-08-14T15:34:48","slug":"brasil-tera-o-saf-combustivel-sustentavel-de-aviacao-disponivel-a-partir-de-2027","status":"publish","type":"post","link":"https:\/\/noticiasribeiraopreto.com.br\/index.php\/2025\/08\/14\/brasil-tera-o-saf-combustivel-sustentavel-de-aviacao-disponivel-a-partir-de-2027\/","title":{"rendered":"Brasil ter\u00e1 o SAF, combust\u00edvel sustent\u00e1vel de avia\u00e7\u00e3o, dispon\u00edvel a partir de 2027"},"content":{"rendered":"<div class='code-block code-block-1' style='margin: 8px 0 8px auto; text-align: right; display: block; clear: both;'>\n<p><a href=\"https:\/\/wa.link\/vpicfd\"><img data-recalc-dims=\"1\" class=\"wp-image-4922\" style=\"aspect-ratio: 2.0253164556962027; width: 561px; height: auto;\" src=\"https:\/\/i0.wp.com\/ismaelcolosi.com.br\/wp-content\/uploads\/2023\/11\/grupo-de-empregos-whatsapp-e-facebook-ismael-colosi-vagas.jpg?ssl=1\" alt=\"\" \/><\/a><\/p>\n<!-- \/wp:image -->\n<\/div>\n<p> <br \/>\n<\/p>\n<div>\n<p>O Brasil dar\u00e1 um passo decisivo rumo \u00e0 descarboniza\u00e7\u00e3o da avia\u00e7\u00e3o a partir de 2027, quando o combust\u00edvel sustent\u00e1vel de avia\u00e7\u00e3o (<strong>SAF<\/strong>, na sigla em ingl\u00eas) come\u00e7ar\u00e1 a ser disponibilizado em escala comercial.<\/p>\n<p>A previs\u00e3o foi destacada por especialistas durante o painel \u201cC\u00e9u e Mar: desafios para as bioenergias\u201d, realizado durante a FenaBio, dentro da <strong>31\u00aa Fenasucro &amp; Agrocana<\/strong>, em<strong> Sert\u00e3ozinho<\/strong>, na regi\u00e3o de <strong>Ribeir\u00e3o Preto<\/strong>.<\/p>\n<p>Segundo Tarc\u00edsio Soares, International &amp; Strategy Manager da Airbus, a certifica\u00e7\u00e3o que permitir\u00e1 o uso pleno do SAF est\u00e1 em andamento. \u201cHoje, as aeronaves s\u00f3 podem voar com 50% de SAF. Mas, a boa not\u00edcia \u00e9 que n\u00e3o ser\u00e1 necess\u00e1rio modificar os avi\u00f5es. Com os testes, vamos garantir seguran\u00e7a e viabilizar a descarboniza\u00e7\u00e3o na avia\u00e7\u00e3o\u201d, afirmou.<\/p>\n<h2 class=\"wp-block-heading\"><strong>Combust\u00edvel do futuro<\/strong><\/h2>\n<p>O marco legal do Combust\u00edvel do Futuro prev\u00ea que, j\u00e1 em 2027, as companhias a\u00e9reas dom\u00e9sticas utilizem um percentual m\u00ednimo de SAF, iniciando com 1% e crescendo gradualmente at\u00e9 10% em 2037. Para atingir essa meta, o Brasil ter\u00e1 que produzir 1,1 bilh\u00e3o de litros do biocombust\u00edvel.<\/p>\n<p>A Acelen Renov\u00e1veis, por meio do CEO da companhia, Luiz de Mendon\u00e7a, destacou o an\u00fancio do investimento de US$ 3 bilh\u00f5es na produ\u00e7\u00e3o de SAF e HVO (\u00f3leo vegetal hidrotratado) a partir da maca\u00faba, com in\u00edcio das opera\u00e7\u00f5es no primeiro trimestre de 2028.<\/p>\n<p>\u201cSer\u00e1 um projeto em larga escala, com capacidade para ultrapassar a demanda interna e exportar 80% para Europa e Estados Unidos\u201d, afirmou o executivo.<\/p>\n<p>Para Felipe da Cunha Siqueira, especialista da Firjan, o Rio de Janeiro tem papel estrat\u00e9gico na consolida\u00e7\u00e3o do SAF no Brasil. \u201cCom pol\u00edticas p\u00fablicas adequadas e investimentos, podemos nos tornar refer\u00eancia global\u201d, disse, lembrando que o Gale\u00e3o j\u00e1 recebeu SAF importado para testes.<\/p>\n<p>A produ\u00e7\u00e3o nacional deve ganhar impulso com novos projetos, pol\u00edticas p\u00fablicas e inova\u00e7\u00e3o tecnol\u00f3gica, posicionando o Pa\u00eds como fornecedor global de energia limpa para o transporte a\u00e9reo e mar\u00edtimo.<\/p>\n<p>SAIBA MAIS<br \/>C\u00e2mara Municipal aprova projeto que concede \u00e1rea da Recra ao Sesc Ribeir\u00e3o<\/p>\n<h2 class=\"wp-block-heading\"><strong>FIQUE ON<\/strong><\/h2>\n<p>Fique ligado em tudo que acontece em Ribeir\u00e3o Preto e regi\u00e3o. Siga os perfis do\u00a0<strong>acidade on\u00a0<\/strong>no\u00a0<a href=\"https:\/\/www.instagram.com\/acidadeonribeirao\" target=\"_blank\" rel=\"noreferrer noopener\">Instagram\u00a0<\/a>e no\u00a0<a href=\"https:\/\/www.facebook.com\/acidadeonribeirao\/\" target=\"_blank\" rel=\"noreferrer noopener\">Facebook<\/a>.<\/p>\n<p>Receba not\u00edcias do<strong>\u00a0acidade on<\/strong>\u00a0no WhatsApp. Para entrar no grupo, basta clicar aqui.<\/p>\n<p>Fa\u00e7a uma den\u00fancia ou sugira uma reportagem sobre Ribeir\u00e3o Preto e regi\u00e3o pelo WhatsApp: 16 99117 7802.<\/p>\n<p>VEJA TAMB\u00c9M<br \/>Em quais cidades a Azul encerrou as atividades?<\/p>\n<p><!-- AI CONTENT END 1 -->\n<\/div>\n<p><script async src=\"\/\/www.instagram.com\/embed.js\"><\/script><br \/>\n<br \/><br \/>\n<br \/><a href=\"https:\/\/www.acidadeon.com\/ribeiraopreto\/economia\/brasil-tera-o-saf-combustivel-sustentavel-de-aviacao-disponivel-a-partir-de-2027\/\">Source link <\/a><\/p>\n<!-- CONTENT END 1 -->\n","protected":false},"excerpt":{"rendered":"<p>O Brasil dar\u00e1 um passo decisivo rumo \u00e0 descarboniza\u00e7\u00e3o da avia\u00e7\u00e3o a partir de 2027, quando o combust\u00edvel sustent\u00e1vel de avia\u00e7\u00e3o (SAF, na sigla em&#8230;<\/p>\n","protected":false},"author":1,"featured_media":75728,"comment_status":"open","ping_status":"open","sticky":false,"template":"","format":"standard","meta":{"advanced_seo_description":"","jetpack_seo_html_title":"","jetpack_seo_noindex":false,"jetpack_post_was_ever_published":false,"_jetpack_newsletter_access":"","_jetpack_dont_email_post_to_subs":false,"_jetpack_newsletter_tier_id":0,"_jetpack_memberships_contains_paywalled_content":false,"_jetpack_memberships_contains_paid_content":false,"footnotes":"","jetpack_publicize_message":"","jetpack_publicize_feature_enabled":true,"jetpack_social_post_already_shared":true,"jetpack_social_options":{"image_generator_settings":{"template":"highway","default_image_id":0,"font":"","enabled":false},"version":2}},"categories":[11],"tags":[],"class_list":["post-75727","post","type-post","status-publish","format-standard","has-post-thumbnail","hentry","category-noticias-de-ribeirao-preto-sp-e-regiao-ismael-colosi"],"jetpack_publicize_connections":[],"jetpack_featured_media_url":"https:\/\/i0.wp.com\/noticiasribeiraopreto.com.br\/wp-content\/uploads\/2025\/08\/saf-aviao_2025-08-14_14-18-54.webp.webp?fit=1021%2C677&ssl=1","jetpack-related-posts":[{"id":56871,"url":"https:\/\/noticiasribeiraopreto.com.br\/index.php\/2024\/08\/16\/conheca-o-novo-combustivel-sustentavel-discutido-na-fenasucro-em-sertaozinho\/","url_meta":{"origin":75727,"position":0},"title":"Conhe\u00e7a o novo combust\u00edvel sustent\u00e1vel discutido na Fenasucro, em Sert\u00e3ozinho","author":"noticiasribeiraopreto.com.br","date":"16 de August de 2024","format":false,"excerpt":"O SAF (Combust\u00edvel Sustent\u00e1vel de Avia\u00e7\u00e3o, em portugu\u00eas), um combust\u00edvel feito com fontes renov\u00e1veis equivalente a fun\u00e7\u00e3o do querosene, para avia\u00e7\u00e3o convencional, foi um dos temas de um painel na Fenasucro, que acontece em Sert\u00e3ozinho, na regi\u00e3o de Ribeir\u00e3o Preto, at\u00e9 essa sexta-feira (16). O SAF pode ser produzido a\u2026","rel":"","context":"In &quot;Not\u00edcias de Ribeir\u00e3o Preto-SP e Regi\u00e3o&quot;","block_context":{"text":"Not\u00edcias de Ribeir\u00e3o Preto-SP e Regi\u00e3o","link":"https:\/\/noticiasribeiraopreto.com.br\/index.php\/category\/noticias-de-ribeirao-preto-sp-e-regiao-ismael-colosi\/"},"img":{"alt_text":"","src":"https:\/\/i0.wp.com\/noticiasribeiraopreto.com.br\/wp-content\/uploads\/2024\/08\/fenasucro-sertaozinho_2024-08-16_12-41-43_jpg_2024-08-16_12-41-44.webp.webp?fit=1200%2C799&ssl=1&resize=350%2C200","width":350,"height":200,"srcset":"https:\/\/i0.wp.com\/noticiasribeiraopreto.com.br\/wp-content\/uploads\/2024\/08\/fenasucro-sertaozinho_2024-08-16_12-41-43_jpg_2024-08-16_12-41-44.webp.webp?fit=1200%2C799&ssl=1&resize=350%2C200 1x, https:\/\/i0.wp.com\/noticiasribeiraopreto.com.br\/wp-content\/uploads\/2024\/08\/fenasucro-sertaozinho_2024-08-16_12-41-43_jpg_2024-08-16_12-41-44.webp.webp?fit=1200%2C799&ssl=1&resize=525%2C300 1.5x, https:\/\/i0.wp.com\/noticiasribeiraopreto.com.br\/wp-content\/uploads\/2024\/08\/fenasucro-sertaozinho_2024-08-16_12-41-43_jpg_2024-08-16_12-41-44.webp.webp?fit=1200%2C799&ssl=1&resize=700%2C400 2x, https:\/\/i0.wp.com\/noticiasribeiraopreto.com.br\/wp-content\/uploads\/2024\/08\/fenasucro-sertaozinho_2024-08-16_12-41-43_jpg_2024-08-16_12-41-44.webp.webp?fit=1200%2C799&ssl=1&resize=1050%2C600 3x"},"classes":[]},{"id":58881,"url":"https:\/\/noticiasribeiraopreto.com.br\/index.php\/2024\/10\/08\/combustivel-do-futuro-investimentos-podem-chegar-a-r-260-bilhoes\/","url_meta":{"origin":75727,"position":1},"title":"Combust\u00edvel do Futuro: Investimentos podem chegar a R$ 260 bilh\u00f5es","author":"noticiasribeiraopreto.com.br","date":"8 de October de 2024","format":false,"excerpt":"O presidente Luiz In\u00e1cio Lula da Silva (PT) assinou, nesta ter\u00e7a-feira (8), a Lei Combust\u00edvel do Futuro, que incentiva a produ\u00e7\u00e3o e uso de combust\u00edveis sustent\u00e1veis. A previs\u00e3o do Governo Federal \u00e9 que o novo marco possa gerar mais de R$ 260 bilh\u00f5es de investimentos no agro e na cadeia\u2026","rel":"","context":"In &quot;Not\u00edcias de Ribeir\u00e3o Preto-SP e Regi\u00e3o&quot;","block_context":{"text":"Not\u00edcias de Ribeir\u00e3o Preto-SP e Regi\u00e3o","link":"https:\/\/noticiasribeiraopreto.com.br\/index.php\/category\/noticias-de-ribeirao-preto-sp-e-regiao-ismael-colosi\/"},"img":{"alt_text":"","src":"https:\/\/i0.wp.com\/noticiasribeiraopreto.com.br\/wp-content\/uploads\/2024\/10\/etanol_biocombustivel_1024x576_07052021163315.jpg?fit=1024%2C614&ssl=1&resize=350%2C200","width":350,"height":200,"srcset":"https:\/\/i0.wp.com\/noticiasribeiraopreto.com.br\/wp-content\/uploads\/2024\/10\/etanol_biocombustivel_1024x576_07052021163315.jpg?fit=1024%2C614&ssl=1&resize=350%2C200 1x, https:\/\/i0.wp.com\/noticiasribeiraopreto.com.br\/wp-content\/uploads\/2024\/10\/etanol_biocombustivel_1024x576_07052021163315.jpg?fit=1024%2C614&ssl=1&resize=525%2C300 1.5x, https:\/\/i0.wp.com\/noticiasribeiraopreto.com.br\/wp-content\/uploads\/2024\/10\/etanol_biocombustivel_1024x576_07052021163315.jpg?fit=1024%2C614&ssl=1&resize=700%2C400 2x"},"classes":[]},{"id":69043,"url":"https:\/\/noticiasribeiraopreto.com.br\/index.php\/2025\/05\/01\/etanol-ganha-protagonismo-na-agrishow-2025-como-alternativa-energetica-no-agronegocio\/","url_meta":{"origin":75727,"position":2},"title":"Etanol ganha protagonismo na Agrishow 2025 como alternativa energ\u00e9tica no agroneg\u00f3cio","author":"noticiasribeiraopreto.com.br","date":"1 de May de 2025","format":false,"excerpt":"O etanol tem ocupado espa\u00e7o crescente nas estrat\u00e9gias do agroneg\u00f3cio brasileiro voltadas \u00e0 transi\u00e7\u00e3o energ\u00e9tica. A 30\u00aa edi\u00e7\u00e3o da Agrishow, em Ribeir\u00e3o Preto, destaca a amplia\u00e7\u00e3o do uso do biocombust\u00edvel em equipamentos agr\u00edcolas, com a presen\u00e7a de tratores, pulverizadores e aeronaves movidos a etanol. Segundo Jo\u00e3o Marchesan, presidente da Agrishow,\u2026","rel":"","context":"In &quot;Not\u00edcias de Ribeir\u00e3o Preto-SP e Regi\u00e3o&quot;","block_context":{"text":"Not\u00edcias de Ribeir\u00e3o Preto-SP e Regi\u00e3o","link":"https:\/\/noticiasribeiraopreto.com.br\/index.php\/category\/noticias-de-ribeirao-preto-sp-e-regiao-ismael-colosi\/"},"img":{"alt_text":"","src":"https:\/\/i0.wp.com\/noticiasribeiraopreto.com.br\/wp-content\/uploads\/2025\/05\/Copia-de-Copia-de-Copia-de-TAMANHO-EXATO-PARA-FOTOS-NO-SISTEMA-NOVO-34_2025-05-01_16-00-22.webp.webp?fit=1200%2C675&ssl=1&resize=350%2C200","width":350,"height":200,"srcset":"https:\/\/i0.wp.com\/noticiasribeiraopreto.com.br\/wp-content\/uploads\/2025\/05\/Copia-de-Copia-de-Copia-de-TAMANHO-EXATO-PARA-FOTOS-NO-SISTEMA-NOVO-34_2025-05-01_16-00-22.webp.webp?fit=1200%2C675&ssl=1&resize=350%2C200 1x, https:\/\/i0.wp.com\/noticiasribeiraopreto.com.br\/wp-content\/uploads\/2025\/05\/Copia-de-Copia-de-Copia-de-TAMANHO-EXATO-PARA-FOTOS-NO-SISTEMA-NOVO-34_2025-05-01_16-00-22.webp.webp?fit=1200%2C675&ssl=1&resize=525%2C300 1.5x, https:\/\/i0.wp.com\/noticiasribeiraopreto.com.br\/wp-content\/uploads\/2025\/05\/Copia-de-Copia-de-Copia-de-TAMANHO-EXATO-PARA-FOTOS-NO-SISTEMA-NOVO-34_2025-05-01_16-00-22.webp.webp?fit=1200%2C675&ssl=1&resize=700%2C400 2x, https:\/\/i0.wp.com\/noticiasribeiraopreto.com.br\/wp-content\/uploads\/2025\/05\/Copia-de-Copia-de-Copia-de-TAMANHO-EXATO-PARA-FOTOS-NO-SISTEMA-NOVO-34_2025-05-01_16-00-22.webp.webp?fit=1200%2C675&ssl=1&resize=1050%2C600 3x"},"classes":[]},{"id":56982,"url":"https:\/\/noticiasribeiraopreto.com.br\/index.php\/2024\/08\/20\/fenasucro-tem-recorde-de-publico-e-alcanca-r-107-bilhoes-em-volume-de-negocios\/","url_meta":{"origin":75727,"position":3},"title":"Fenasucro tem recorde de p\u00fablico e alcan\u00e7a R$ 10,7 bilh\u00f5es em volume de neg\u00f3cios","author":"noticiasribeiraopreto.com.br","date":"20 de August de 2024","format":false,"excerpt":"A Fenasucro & Agrocana, que aconteceu entre os dias 13 e 16 de agosto, em Sert\u00e3ozinho, cidade na regi\u00e3o de Ribeir\u00e3o Preto, confirmou o cen\u00e1rio otimista da bioenergia e seu papel como refer\u00eancia mundial na promo\u00e7\u00e3o do setor. Durante os quatro dias, o evento alcan\u00e7ou R$ 10,7 bilh\u00f5es em neg\u00f3cios\u2026","rel":"","context":"In &quot;Not\u00edcias de Ribeir\u00e3o Preto-SP e Regi\u00e3o&quot;","block_context":{"text":"Not\u00edcias de Ribeir\u00e3o Preto-SP e Regi\u00e3o","link":"https:\/\/noticiasribeiraopreto.com.br\/index.php\/category\/noticias-de-ribeirao-preto-sp-e-regiao-ismael-colosi\/"},"img":{"alt_text":"","src":"https:\/\/i0.wp.com\/noticiasribeiraopreto.com.br\/wp-content\/uploads\/2024\/08\/WhatsApp-Image-2024-08-19-at-17.59.01_2024-08-19_22-28-44_jpeg_2024-08-19_22-28-44.webp.webp?fit=1200%2C800&ssl=1&resize=350%2C200","width":350,"height":200,"srcset":"https:\/\/i0.wp.com\/noticiasribeiraopreto.com.br\/wp-content\/uploads\/2024\/08\/WhatsApp-Image-2024-08-19-at-17.59.01_2024-08-19_22-28-44_jpeg_2024-08-19_22-28-44.webp.webp?fit=1200%2C800&ssl=1&resize=350%2C200 1x, https:\/\/i0.wp.com\/noticiasribeiraopreto.com.br\/wp-content\/uploads\/2024\/08\/WhatsApp-Image-2024-08-19-at-17.59.01_2024-08-19_22-28-44_jpeg_2024-08-19_22-28-44.webp.webp?fit=1200%2C800&ssl=1&resize=525%2C300 1.5x, https:\/\/i0.wp.com\/noticiasribeiraopreto.com.br\/wp-content\/uploads\/2024\/08\/WhatsApp-Image-2024-08-19-at-17.59.01_2024-08-19_22-28-44_jpeg_2024-08-19_22-28-44.webp.webp?fit=1200%2C800&ssl=1&resize=700%2C400 2x, https:\/\/i0.wp.com\/noticiasribeiraopreto.com.br\/wp-content\/uploads\/2024\/08\/WhatsApp-Image-2024-08-19-at-17.59.01_2024-08-19_22-28-44_jpeg_2024-08-19_22-28-44.webp.webp?fit=1200%2C800&ssl=1&resize=1050%2C600 3x"},"classes":[]},{"id":75790,"url":"https:\/\/noticiasribeiraopreto.com.br\/index.php\/2025\/08\/15\/veja-o-que-ex-ministro-da-fazenda-disse-sobre-o-potencial-do-brasil-durante-a-fenasucro\/","url_meta":{"origin":75727,"position":4},"title":"Veja o que ex-ministro da Fazenda disse sobre o potencial do Brasil durante a Fenasucro","author":"noticiasribeiraopreto.com.br","date":"15 de August de 2025","format":false,"excerpt":"O ex-ministro da Fazenda e ex-presidente do BNDES Joaquim Levy participou de um painel para discutir \u201cA nova geopol\u00edtica e as perspectivas para as bioenergias\u201d, durante a Fenasucro & Agrocana, em Sert\u00e3ozinho, na regi\u00e3o de Ribeir\u00e3o Preto, na \u00faltima quinta-feira (14). Em sua fala, o ex-ministro afirmou que o pa\u00eds\u2026","rel":"","context":"In &quot;Not\u00edcias de Ribeir\u00e3o Preto-SP e Regi\u00e3o&quot;","block_context":{"text":"Not\u00edcias de Ribeir\u00e3o Preto-SP e Regi\u00e3o","link":"https:\/\/noticiasribeiraopreto.com.br\/index.php\/category\/noticias-de-ribeirao-preto-sp-e-regiao-ismael-colosi\/"},"img":{"alt_text":"","src":"https:\/\/i0.wp.com\/noticiasribeiraopreto.com.br\/wp-content\/uploads\/2025\/08\/joaquim-levy_2025-08-15_12-49-24.webp.webp?fit=1020%2C509&ssl=1&resize=350%2C200","width":350,"height":200,"srcset":"https:\/\/i0.wp.com\/noticiasribeiraopreto.com.br\/wp-content\/uploads\/2025\/08\/joaquim-levy_2025-08-15_12-49-24.webp.webp?fit=1020%2C509&ssl=1&resize=350%2C200 1x, https:\/\/i0.wp.com\/noticiasribeiraopreto.com.br\/wp-content\/uploads\/2025\/08\/joaquim-levy_2025-08-15_12-49-24.webp.webp?fit=1020%2C509&ssl=1&resize=525%2C300 1.5x, https:\/\/i0.wp.com\/noticiasribeiraopreto.com.br\/wp-content\/uploads\/2025\/08\/joaquim-levy_2025-08-15_12-49-24.webp.webp?fit=1020%2C509&ssl=1&resize=700%2C400 2x"},"classes":[]},{"id":1593,"url":"https:\/\/noticiasribeiraopreto.com.br\/index.php\/2023\/11\/13\/neymar-pai-e-emerson-sheik-assumem-saf-de-clube-na-regiao-de-ribeirao-preto\/","url_meta":{"origin":75727,"position":5},"title":"Neymar pai e \u00c9merson Sheik assumem SAF de clube na regi\u00e3o de Ribeir\u00e3o Preto","author":"noticiasribeiraopreto.com.br","date":"13 de November de 2023","format":false,"excerpt":"O pai do atacante Neymar e o ex-jogador \u00c9merson Sheik assumiram a SAF (Sociedade An\u00f4nima de Futebol) do Atl\u00e9tico Monte Azul, clube da regi\u00e3o de Ribeir\u00e3o Preto. O an\u00fancio foi realizado pela equipe no \u00faltimo final de semana. A SAF vai ser presidida pelo ex-jogador Jo\u00e3o Celso de Moraes, amigo\u2026","rel":"","context":"In &quot;Not\u00edcias de Ribeir\u00e3o Preto-SP e Regi\u00e3o&quot;","block_context":{"text":"Not\u00edcias de Ribeir\u00e3o Preto-SP e Regi\u00e3o","link":"https:\/\/noticiasribeiraopreto.com.br\/index.php\/category\/noticias-de-ribeirao-preto-sp-e-regiao-ismael-colosi\/"},"img":{"alt_text":"","src":"https:\/\/i0.wp.com\/noticiasribeiraopreto.com.br\/wp-content\/uploads\/2023\/11\/neymar-e-neymar-pai.jpg?fit=1100%2C855&ssl=1&resize=350%2C200","width":350,"height":200,"srcset":"https:\/\/i0.wp.com\/noticiasribeiraopreto.com.br\/wp-content\/uploads\/2023\/11\/neymar-e-neymar-pai.jpg?fit=1100%2C855&ssl=1&resize=350%2C200 1x, https:\/\/i0.wp.com\/noticiasribeiraopreto.com.br\/wp-content\/uploads\/2023\/11\/neymar-e-neymar-pai.jpg?fit=1100%2C855&ssl=1&resize=525%2C300 1.5x, https:\/\/i0.wp.com\/noticiasribeiraopreto.com.br\/wp-content\/uploads\/2023\/11\/neymar-e-neymar-pai.jpg?fit=1100%2C855&ssl=1&resize=700%2C400 2x, https:\/\/i0.wp.com\/noticiasribeiraopreto.com.br\/wp-content\/uploads\/2023\/11\/neymar-e-neymar-pai.jpg?fit=1100%2C855&ssl=1&resize=1050%2C600 3x"},"classes":[]}],"jetpack_sharing_enabled":true,"jetpack_shortlink":"https:\/\/wp.me\/peQAOb-jHp","_links":{"self":[{"href":"https:\/\/noticiasribeiraopreto.com.br\/index.php\/wp-json\/wp\/v2\/posts\/75727","targetHints":{"allow":["GET"]}}],"collection":[{"href":"https:\/\/noticiasribeiraopreto.com.br\/index.php\/wp-json\/wp\/v2\/posts"}],"about":[{"href":"https:\/\/noticiasribeiraopreto.com.br\/index.php\/wp-json\/wp\/v2\/types\/post"}],"author":[{"embeddable":true,"href":"https:\/\/noticiasribeiraopreto.com.br\/index.php\/wp-json\/wp\/v2\/users\/1"}],"replies":[{"embeddable":true,"href":"https:\/\/noticiasribeiraopreto.com.br\/index.php\/wp-json\/wp\/v2\/comments?post=75727"}],"version-history":[{"count":0,"href":"https:\/\/noticiasribeiraopreto.com.br\/index.php\/wp-json\/wp\/v2\/posts\/75727\/revisions"}],"wp:featuredmedia":[{"embeddable":true,"href":"https:\/\/noticiasribeiraopreto.com.br\/index.php\/wp-json\/wp\/v2\/media\/75728"}],"wp:attachment":[{"href":"https:\/\/noticiasribeiraopreto.com.br\/index.php\/wp-json\/wp\/v2\/media?parent=75727"}],"wp:term":[{"taxonomy":"category","embeddable":true,"href":"https:\/\/noticiasribeiraopreto.com.br\/index.php\/wp-json\/wp\/v2\/categories?post=75727"},{"taxonomy":"post_tag","embeddable":true,"href":"https:\/\/noticiasribeiraopreto.com.br\/index.php\/wp-json\/wp\/v2\/tags?post=75727"}],"curies":[{"name":"wp","href":"https:\/\/api.w.org\/{rel}","templated":true}]}}