{"id":75729,"date":"2025-08-14T12:41:33","date_gmt":"2025-08-14T15:41:33","guid":{"rendered":"https:\/\/noticiasribeiraopreto.com.br\/index.php\/2025\/08\/14\/ribeirao-preto-recebe-quatro-estreias-e-o-relancamento-de-carlota-joaquina\/"},"modified":"2025-08-14T12:41:33","modified_gmt":"2025-08-14T15:41:33","slug":"ribeirao-preto-recebe-quatro-estreias-e-o-relancamento-de-carlota-joaquina","status":"publish","type":"post","link":"https:\/\/noticiasribeiraopreto.com.br\/index.php\/2025\/08\/14\/ribeirao-preto-recebe-quatro-estreias-e-o-relancamento-de-carlota-joaquina\/","title":{"rendered":"Ribeir\u00e3o Preto recebe quatro estreias e o relan\u00e7amento de &#8216;Carlota Joaquina&#8217;"},"content":{"rendered":"<div class='code-block code-block-1' style='margin: 8px 0 8px auto; text-align: right; display: block; clear: both;'>\n<p><a href=\"https:\/\/wa.link\/vpicfd\"><img data-recalc-dims=\"1\" class=\"wp-image-4922\" style=\"aspect-ratio: 2.0253164556962027; width: 561px; height: auto;\" src=\"https:\/\/i0.wp.com\/ismaelcolosi.com.br\/wp-content\/uploads\/2023\/11\/grupo-de-empregos-whatsapp-e-facebook-ismael-colosi-vagas.jpg?ssl=1\" alt=\"\" \/><\/a><\/p>\n<!-- \/wp:image -->\n<\/div>\n<p> <br \/>\n<\/p>\n<div>\n<p>Os cinemas de <strong>Ribeir\u00e3o Preto<\/strong> recebem nesta <strong>quinta-feira (14)<\/strong> quatro novos filmes que v\u00e3o de suspense a com\u00e9dia. Al\u00e9m disso, acontece tamb\u00e9m o relan\u00e7amento do cl\u00e1ssico nacional \u201c<strong>Carlota Joaquina, Princesa do Brazil<\/strong>\u201d, que volta \u00e0s telonas em vers\u00e3o remasterizada para celebrar seus <strong>30 anos<\/strong>.<\/p>\n<p>Ribeir\u00e3o Preto conta com quatro cinemas, o\u00a0<strong>UCI<\/strong>\u00a0localizado no Ribeir\u00e3o Shopping, o\u00a0<strong>Cinep\u00f3lis<\/strong>\u00a0nos shoppings Santa \u00darsula e Iguatemi e o\u00a0<strong>Cinemark<\/strong>, no Novo Shopping.<\/p>\n<h2 class=\"wp-block-heading\"><strong>Carlota Joaquina, Princesa do Brazil<\/strong><\/h2>\n<p>O filme de <strong>Carla Camurati<\/strong> \u00e9 relan\u00e7ado ap\u00f3s os <strong>30 anos<\/strong>. O longa acompanha a trajet\u00f3ria de <strong>Carlota Joaquina<\/strong>, princesa espanhola prometida ao futuro rei <strong>Dom Jo\u00e3o VI<\/strong> aos <strong>10 anos de idade<\/strong>.<\/p>\n<p>O casal herda a coroa portuguesa. Por\u00e9m, assustados com a <strong>Revolu\u00e7\u00e3o Francesa<\/strong> e a aproxima\u00e7\u00e3o do ex\u00e9rcito de <strong>Napole\u00e3o<\/strong>, resolvem fugir para o <strong>Brasil<\/strong>. Ao chegarem, geram muitas confus\u00f5es, mudando o ruma da hist\u00f3ria dos brasileiros para sempre. O filme n\u00e3o \u00e9 recomendado para menores de <strong>12 anos<\/strong>. Assista ao trailer:<\/p>\n<figure class=\"wp-block-embed is-type-video is-provider-youtube wp-block-embed-youtube wp-embed-aspect-16-9 wp-has-aspect-ratio\">\n<div class=\"wp-block-embed__wrapper\">\n<p><iframe loading=\"lazy\" title=\"Carlota Joaquina, Princesa do Brazil | 30 Anos | Relan\u00e7amento | Trailer Oficial\" width=\"500\" height=\"281\" src=\"https:\/\/www.youtube.com\/embed\/XKA_311MZJg?feature=oembed\" frameborder=\"0\" allow=\"accelerometer; autoplay; clipboard-write; encrypted-media; gyroscope; picture-in-picture; web-share\" referrerpolicy=\"strict-origin-when-cross-origin\" allowfullscreen><\/iframe><\/p>\n<\/div>\n<\/figure>\n<h2 class=\"wp-block-heading\"><strong>Os Caras Malvados 2<\/strong><\/h2>\n<p>Tr\u00eas anos ap\u00f3s o lan\u00e7amento do primeiro filme, o novo longa dos <strong>Caras Malvados<\/strong> marca o retorno de <strong>Lobo, Sr. Cobra, Tar\u00e2ntula, Tubar\u00e3o e Piranha<\/strong>, que \u00a0lutam para encontrar confian\u00e7a e aceita\u00e7\u00e3o para sua recente condi\u00e7\u00e3o de bons mo\u00e7os.<\/p>\n<p>Por\u00e9m, a turma se v\u00ea for\u00e7ada a executar um \u00faltimo roubo quando s\u00e3o chantageados por um trio de criminosas. A classifica\u00e7\u00e3o indicativa \u00e9 <strong>livre<\/strong>. Veja o trailer:<\/p>\n<figure class=\"wp-block-embed is-type-video is-provider-youtube wp-block-embed-youtube wp-embed-aspect-16-9 wp-has-aspect-ratio\">\n<div class=\"wp-block-embed__wrapper\">\n<p><iframe loading=\"lazy\" title=\"Os Caras Malvados 2 - Trailer Oficial | (Universal Pictures) - HD\" width=\"500\" height=\"281\" src=\"https:\/\/www.youtube.com\/embed\/DccewDgXihs?feature=oembed\" frameborder=\"0\" allow=\"accelerometer; autoplay; clipboard-write; encrypted-media; gyroscope; picture-in-picture; web-share\" referrerpolicy=\"strict-origin-when-cross-origin\" allowfullscreen><\/iframe><\/p>\n<\/div>\n<\/figure>\n<h2 class=\"wp-block-heading\"><strong>Corra Que A Pol\u00edcia Vem A\u00ed!<\/strong><\/h2>\n<p><strong>Frank Drebin Jr. (Liam Neeson)<\/strong> \u00e9 um detetive que decide seguir os passos do pai na lideran\u00e7a da equipe <em><strong>Police Squad<\/strong><\/em>, que j\u00e1 teve seus dias de gl\u00f3ria, mas agora vive contestada pelos m\u00e9todos utilizados. Para que o esquadr\u00e3o n\u00e3o seja fechado ele precisa investigar um assassinato e tentar salvar o mundo, tudo isso com muitas trapalhadas no caminho. A classifica\u00e7\u00e3o indicativa \u00e9 <strong>14 anos<\/strong>. Assista ao trailer:<\/p>\n<figure class=\"wp-block-embed is-type-video is-provider-youtube wp-block-embed-youtube wp-embed-aspect-16-9 wp-has-aspect-ratio\">\n<div class=\"wp-block-embed__wrapper\">\n<p><iframe loading=\"lazy\" title=\"Corra Que A Pol\u00edcia Vem A\u00ed! | Trailer Oficial | DUB | Paramount Pictures Brasil\" width=\"500\" height=\"281\" src=\"https:\/\/www.youtube.com\/embed\/Z5h13hNL-LU?feature=oembed\" frameborder=\"0\" allow=\"accelerometer; autoplay; clipboard-write; encrypted-media; gyroscope; picture-in-picture; web-share\" referrerpolicy=\"strict-origin-when-cross-origin\" allowfullscreen><\/iframe><\/p>\n<\/div>\n<\/figure>\n<h2 class=\"wp-block-heading\"><strong>Os Enforcados<\/strong><\/h2>\n<p>Ambientado no <strong>Rio de Janeiro<\/strong>, o casal <strong>Regina (Leandra Leal) <\/strong>e <strong>Val\u00e9rio (Irandhir Santos)<\/strong> vivem confortavelmente gra\u00e7as ao jogo do bicho herdado pela fam\u00edlia dele. Uma noite, eles encontram o plano perfeito. Mas, ao execut\u00e1-lo, s\u00e3o sugados por uma espiral de viol\u00eancia que parece n\u00e3o ter fim. O filme n\u00e3o \u00e9 recomendado para menores de <strong>18 anos<\/strong>. Assista ao trailer:<\/p>\n<figure class=\"wp-block-embed is-type-video is-provider-youtube wp-block-embed-youtube wp-embed-aspect-16-9 wp-has-aspect-ratio\">\n<div class=\"wp-block-embed__wrapper\">\n<p><iframe loading=\"lazy\" title=\"Os Enforcados | Trailer Oficial\" width=\"500\" height=\"281\" src=\"https:\/\/www.youtube.com\/embed\/BSMFfS4vhbs?feature=oembed\" frameborder=\"0\" allow=\"accelerometer; autoplay; clipboard-write; encrypted-media; gyroscope; picture-in-picture; web-share\" referrerpolicy=\"strict-origin-when-cross-origin\" allowfullscreen><\/iframe><\/p>\n<\/div>\n<\/figure>\n<h2 class=\"wp-block-heading\"><strong>Juntos<\/strong><\/h2>\n<p>O filme acompanha um casal disfuncional e codependente, que ap\u00f3s mudarem de casa, tem a rela\u00e7\u00e3o coloca \u00e0 prova ap\u00f3s um encontro sobrenatural que altera drasticamente o relacionamento e at\u00e9 a forma f\u00edsica dos dois. O filme n\u00e3o \u00e9 recomendado para menores de <strong>16 anos<\/strong>. Assista ao trailer:<\/p>\n<figure class=\"wp-block-embed is-type-video is-provider-youtube wp-block-embed-youtube wp-embed-aspect-16-9 wp-has-aspect-ratio\">\n<p>\n<iframe loading=\"lazy\" title=\"JUNTOS | Trailer Oficial Dublado\" width=\"500\" height=\"281\" src=\"https:\/\/www.youtube.com\/embed\/DbxsK6w8j8k?feature=oembed\" frameborder=\"0\" allow=\"accelerometer; autoplay; clipboard-write; encrypted-media; gyroscope; picture-in-picture; web-share\" referrerpolicy=\"strict-origin-when-cross-origin\" allowfullscreen><\/iframe>\n<\/p>\n<\/figure>\n<p>SAIBA MAIS<br \/>Tr\u00eas bairros t\u00eam alerta de falta d\u2019\u00e1gua na zona Norte de Ribeir\u00e3o Preto; Veja quais<\/p>\n<h3 class=\"wp-block-heading\"><strong>FIQUE ON\u00a0\u00a0\u00a0\u00a0\u00a0\u00a0\u00a0\u00a0\u00a0<\/strong><\/h3>\n<p>Quer ficar por dentro de tudo que acontece em Ribeir\u00e3o Preto e regi\u00e3o? Ent\u00e3o siga os perfis do\u202facidade on\u202fno\u202f<a href=\"https:\/\/www.instagram.com\/acidadeonribeirao\" target=\"_blank\" rel=\"noreferrer noopener\">Instagram<\/a>\u202fe no\u202f<a href=\"https:\/\/www.facebook.com\/acidadeonribeirao\/\" target=\"_blank\" rel=\"noreferrer noopener\">Facebook<\/a>.<\/p>\n<p>Al\u00e9m disso, voc\u00ea pode receber as principais not\u00edcias diretamente no WhatsApp. Para isso, basta\u00a0<a href=\"https:\/\/chat.whatsapp.com\/BjKQZ9oJwlz8VVT50NuePq\" target=\"_blank\" rel=\"noreferrer noopener\">entrar no grupo clicando aqui<\/a>.<\/p>\n<p>Por fim, se quiser fazer uma den\u00fancia ou sugerir uma reportagem sobre Ribeir\u00e3o Preto e regi\u00e3o, envie uma mensagem pelo WhatsApp: (16) 99117-7802.<\/p>\n<p>VEJA TAMB\u00c9M<br \/>Travis Kelce e Taylor Swift est\u00e3o juntos h\u00e1 quanto tempo?<\/p>\n<p><!-- AI CONTENT END 1 -->\n<\/div>\n<p><script async src=\"\/\/www.instagram.com\/embed.js\"><\/script><br \/>\n<br \/><br \/>\n<br \/><a href=\"https:\/\/www.acidadeon.com\/ribeiraopreto\/lazer-e-cultura\/ribeirao-preto-recebe-quatro-estreias-e-o-relancamento-de-carlota-joaquina\/\">Source link <\/a><\/p>\n<!-- CONTENT END 1 -->\n","protected":false},"excerpt":{"rendered":"<p>Os cinemas de Ribeir\u00e3o Preto recebem nesta quinta-feira (14) quatro novos filmes que v\u00e3o de suspense a com\u00e9dia. Al\u00e9m disso, acontece tamb\u00e9m o relan\u00e7amento do&#8230;<\/p>\n","protected":false},"author":1,"featured_media":75731,"comment_status":"open","ping_status":"open","sticky":false,"template":"","format":"standard","meta":{"advanced_seo_description":"","jetpack_seo_html_title":"","jetpack_seo_noindex":false,"jetpack_post_was_ever_published":false,"_jetpack_newsletter_access":"","_jetpack_dont_email_post_to_subs":false,"_jetpack_newsletter_tier_id":0,"_jetpack_memberships_contains_paywalled_content":false,"_jetpack_memberships_contains_paid_content":false,"footnotes":"","jetpack_publicize_message":"","jetpack_publicize_feature_enabled":true,"jetpack_social_post_already_shared":true,"jetpack_social_options":{"image_generator_settings":{"template":"highway","default_image_id":0,"font":"","enabled":false},"version":2}},"categories":[11],"tags":[],"class_list":["post-75729","post","type-post","status-publish","format-standard","has-post-thumbnail","hentry","category-noticias-de-ribeirao-preto-sp-e-regiao-ismael-colosi"],"jetpack_publicize_connections":[],"jetpack_featured_media_url":"https:\/\/i0.wp.com\/noticiasribeiraopreto.com.br\/wp-content\/uploads\/2025\/08\/cena-de-carlota-joaquina-princesa-do-brazil-1736429850599_v2_4x3_2025-08-14_12-56-09.webp.webp?fit=1200%2C900&ssl=1","jetpack-related-posts":[{"id":75742,"url":"https:\/\/noticiasribeiraopreto.com.br\/index.php\/2025\/08\/14\/feira-do-livro-de-ribeirao-preto-tem-lancamento-de-jogo-com-cenarios-da-cidade\/","url_meta":{"origin":75729,"position":0},"title":"Feira do Livro de Ribeir\u00e3o Preto tem lan\u00e7amento de jogo com cen\u00e1rios da cidade","author":"noticiasribeiraopreto.com.br","date":"14 de August de 2025","format":false,"excerpt":"Ribeir\u00e3o Preto ganhar\u00e1 um jogo digital de investiga\u00e7\u00e3o com recria\u00e7\u00e3o de cen\u00e1rios hist\u00f3ricos da cidade. O lan\u00e7amento do game \u201cRibeir\u00e3o Noir \u2013 O Roubo da Est\u00e1tua de S\u00e3o Sebasti\u00e3o\u201d acontece durante a 24\u00aa Feira Internacional do Livro, no pr\u00f3ximo s\u00e1bado (16), a partir das 10h. O jogo acontece em torno\u2026","rel":"","context":"In &quot;Not\u00edcias de Ribeir\u00e3o Preto-SP e Regi\u00e3o&quot;","block_context":{"text":"Not\u00edcias de Ribeir\u00e3o Preto-SP e Regi\u00e3o","link":"https:\/\/noticiasribeiraopreto.com.br\/index.php\/category\/noticias-de-ribeirao-preto-sp-e-regiao-ismael-colosi\/"},"img":{"alt_text":"","src":"https:\/\/i0.wp.com\/noticiasribeiraopreto.com.br\/wp-content\/uploads\/2025\/08\/escoteiros_2025-08-14_15-32-30.webp.webp?fit=1200%2C675&ssl=1&resize=350%2C200","width":350,"height":200,"srcset":"https:\/\/i0.wp.com\/noticiasribeiraopreto.com.br\/wp-content\/uploads\/2025\/08\/escoteiros_2025-08-14_15-32-30.webp.webp?fit=1200%2C675&ssl=1&resize=350%2C200 1x, https:\/\/i0.wp.com\/noticiasribeiraopreto.com.br\/wp-content\/uploads\/2025\/08\/escoteiros_2025-08-14_15-32-30.webp.webp?fit=1200%2C675&ssl=1&resize=525%2C300 1.5x, https:\/\/i0.wp.com\/noticiasribeiraopreto.com.br\/wp-content\/uploads\/2025\/08\/escoteiros_2025-08-14_15-32-30.webp.webp?fit=1200%2C675&ssl=1&resize=700%2C400 2x, https:\/\/i0.wp.com\/noticiasribeiraopreto.com.br\/wp-content\/uploads\/2025\/08\/escoteiros_2025-08-14_15-32-30.webp.webp?fit=1200%2C675&ssl=1&resize=1050%2C600 3x"},"classes":[]},{"id":65454,"url":"https:\/\/noticiasribeiraopreto.com.br\/index.php\/2025\/03\/20\/branca-de-neve-e-the-alto-knights-chegam-aos-cinemas-de-ribeirao-preto\/","url_meta":{"origin":75729,"position":1},"title":"\u2018Branca de Neve\u2019 e \u2018The Alto Knights\u2019 chegam aos cinemas de Ribeir\u00e3o Preto","author":"noticiasribeiraopreto.com.br","date":"20 de March de 2025","format":false,"excerpt":"Dois novos filmes chegam aos cinemas de Ribeir\u00e3o Preto nesta quinta-feira (20). Entre as novidades, est\u00e3o os filmes: \u201cBranca de Neve\u201d, o live-action da Disney e \u201cThe Alto Knights: M\u00e1fia e Poder\u201d, que traz a hist\u00f3ria real de dois mafiosos. Veja mais detalhes: Ribeir\u00e3o Preto conta com quatro cinemas, o\u2026","rel":"","context":"In &quot;Not\u00edcias de Ribeir\u00e3o Preto-SP e Regi\u00e3o&quot;","block_context":{"text":"Not\u00edcias de Ribeir\u00e3o Preto-SP e Regi\u00e3o","link":"https:\/\/noticiasribeiraopreto.com.br\/index.php\/category\/noticias-de-ribeirao-preto-sp-e-regiao-ismael-colosi\/"},"img":{"alt_text":"","src":"https:\/\/i0.wp.com\/noticiasribeiraopreto.com.br\/wp-content\/uploads\/2025\/03\/live-action-branca-de-neve-capa_2025-03-20_12-08-14_jpg_2025-03-20_12-08-14.webp.webp?fit=1200%2C675&ssl=1&resize=350%2C200","width":350,"height":200,"srcset":"https:\/\/i0.wp.com\/noticiasribeiraopreto.com.br\/wp-content\/uploads\/2025\/03\/live-action-branca-de-neve-capa_2025-03-20_12-08-14_jpg_2025-03-20_12-08-14.webp.webp?fit=1200%2C675&ssl=1&resize=350%2C200 1x, https:\/\/i0.wp.com\/noticiasribeiraopreto.com.br\/wp-content\/uploads\/2025\/03\/live-action-branca-de-neve-capa_2025-03-20_12-08-14_jpg_2025-03-20_12-08-14.webp.webp?fit=1200%2C675&ssl=1&resize=525%2C300 1.5x, https:\/\/i0.wp.com\/noticiasribeiraopreto.com.br\/wp-content\/uploads\/2025\/03\/live-action-branca-de-neve-capa_2025-03-20_12-08-14_jpg_2025-03-20_12-08-14.webp.webp?fit=1200%2C675&ssl=1&resize=700%2C400 2x, https:\/\/i0.wp.com\/noticiasribeiraopreto.com.br\/wp-content\/uploads\/2025\/03\/live-action-branca-de-neve-capa_2025-03-20_12-08-14_jpg_2025-03-20_12-08-14.webp.webp?fit=1200%2C675&ssl=1&resize=1050%2C600 3x"},"classes":[]},{"id":78121,"url":"https:\/\/noticiasribeiraopreto.com.br\/index.php\/2025\/10\/02\/cinemas-de-ribeirao-preto-recebem-estreias-de-filmes-de-acao-terror-e-relancamentos\/","url_meta":{"origin":75729,"position":2},"title":"Cinemas de Ribeir\u00e3o Preto recebem estreias de filmes de a\u00e7\u00e3o, terror e relan\u00e7amentos","author":"noticiasribeiraopreto.com.br","date":"2 de October de 2025","format":false,"excerpt":"Novos filmes chegam a programa\u00e7\u00e3o dos cinemas de Ribeir\u00e3o Preto nesta quinta-feira (2). Entre as estreias, o destaque \u00e9 o lan\u00e7amento de \u201cCora\u00e7\u00e3o de Lutador\u201d, que conta a hist\u00f3ria de Mark Kerr, lenda do MMA. Al\u00e9m disso, as telonas recebem o relan\u00e7amento do filme Avatar e o M\u00e1gico de Oz.\u2026","rel":"","context":"In &quot;Not\u00edcias de Ribeir\u00e3o Preto-SP e Regi\u00e3o&quot;","block_context":{"text":"Not\u00edcias de Ribeir\u00e3o Preto-SP e Regi\u00e3o","link":"https:\/\/noticiasribeiraopreto.com.br\/index.php\/category\/noticias-de-ribeirao-preto-sp-e-regiao-ismael-colosi\/"},"img":{"alt_text":"","src":"https:\/\/i0.wp.com\/noticiasribeiraopreto.com.br\/wp-content\/uploads\/2025\/10\/coracao-de-lutador-the-smashing-machine-2025.webp.webp?fit=1200%2C630&ssl=1&resize=350%2C200","width":350,"height":200,"srcset":"https:\/\/i0.wp.com\/noticiasribeiraopreto.com.br\/wp-content\/uploads\/2025\/10\/coracao-de-lutador-the-smashing-machine-2025.webp.webp?fit=1200%2C630&ssl=1&resize=350%2C200 1x, https:\/\/i0.wp.com\/noticiasribeiraopreto.com.br\/wp-content\/uploads\/2025\/10\/coracao-de-lutador-the-smashing-machine-2025.webp.webp?fit=1200%2C630&ssl=1&resize=525%2C300 1.5x, https:\/\/i0.wp.com\/noticiasribeiraopreto.com.br\/wp-content\/uploads\/2025\/10\/coracao-de-lutador-the-smashing-machine-2025.webp.webp?fit=1200%2C630&ssl=1&resize=700%2C400 2x, https:\/\/i0.wp.com\/noticiasribeiraopreto.com.br\/wp-content\/uploads\/2025\/10\/coracao-de-lutador-the-smashing-machine-2025.webp.webp?fit=1200%2C630&ssl=1&resize=1050%2C600 3x"},"classes":[]},{"id":77090,"url":"https:\/\/noticiasribeiraopreto.com.br\/index.php\/2025\/09\/11\/cinemas-de-ribeirao-recebem-novos-filmes-e-relancamentos-especiais-nesta-quinta-feira\/","url_meta":{"origin":75729,"position":3},"title":"Cinemas de Ribeir\u00e3o recebem novos filmes e relan\u00e7amentos especiais nesta quinta-feira","author":"noticiasribeiraopreto.com.br","date":"11 de September de 2025","format":false,"excerpt":"Os cinemas de Ribeir\u00e3o Preto recebem nesta quinta-feira (11) novos filmes incluindo anima\u00e7\u00f5es, com\u00e9dias e drama, al\u00e9m do relan\u00e7amento do cl\u00e1ssico \u201cDona Flor e seus Dois Maridos\u201d e a celebra\u00e7\u00e3o dos 30 anos de \u201cToy Story\u201d. Ribeir\u00e3o Preto conta com quatro cinemas, o\u00a0UCI\u00a0localizado no Ribeir\u00e3o Shopping, o\u00a0Cinep\u00f3lis\u00a0nos shoppings Santa \u00darsula\u2026","rel":"","context":"In &quot;Not\u00edcias de Ribeir\u00e3o Preto-SP e Regi\u00e3o&quot;","block_context":{"text":"Not\u00edcias de Ribeir\u00e3o Preto-SP e Regi\u00e3o","link":"https:\/\/noticiasribeiraopreto.com.br\/index.php\/category\/noticias-de-ribeirao-preto-sp-e-regiao-ismael-colosi\/"},"img":{"alt_text":"","src":"https:\/\/i0.wp.com\/noticiasribeiraopreto.com.br\/wp-content\/uploads\/2025\/09\/noticia-completa_2025-09-11_12-46-47.webp.webp?fit=1200%2C675&ssl=1&resize=350%2C200","width":350,"height":200,"srcset":"https:\/\/i0.wp.com\/noticiasribeiraopreto.com.br\/wp-content\/uploads\/2025\/09\/noticia-completa_2025-09-11_12-46-47.webp.webp?fit=1200%2C675&ssl=1&resize=350%2C200 1x, https:\/\/i0.wp.com\/noticiasribeiraopreto.com.br\/wp-content\/uploads\/2025\/09\/noticia-completa_2025-09-11_12-46-47.webp.webp?fit=1200%2C675&ssl=1&resize=525%2C300 1.5x, https:\/\/i0.wp.com\/noticiasribeiraopreto.com.br\/wp-content\/uploads\/2025\/09\/noticia-completa_2025-09-11_12-46-47.webp.webp?fit=1200%2C675&ssl=1&resize=700%2C400 2x, https:\/\/i0.wp.com\/noticiasribeiraopreto.com.br\/wp-content\/uploads\/2025\/09\/noticia-completa_2025-09-11_12-46-47.webp.webp?fit=1200%2C675&ssl=1&resize=1050%2C600 3x"},"classes":[]},{"id":63732,"url":"https:\/\/noticiasribeiraopreto.com.br\/index.php\/2025\/02\/20\/o-brutalista-e-flow-estao-entre-as-estreias-nos-cinemas-de-ribeirao-preto\/","url_meta":{"origin":75729,"position":4},"title":"\u2018O Brutalista\u2019 e \u2018Flow\u2019 est\u00e3o entre as estreias nos cinemas de Ribeir\u00e3o Preto","author":"noticiasribeiraopreto.com.br","date":"20 de February de 2025","format":false,"excerpt":"Quinta-feira \u00e9 dia de conhecer as novidades que entram em cartaz nos cinemas de Ribeir\u00e3o Preto. Nesta semana, a programa\u00e7\u00e3o conta com cinco novas produ\u00e7\u00f5es dispon\u00edveis. Os destaques da programa\u00e7\u00e3o \u00e9 a anima\u00e7\u00e3o indicada ao Oscar 2025 \u201cFlow\u201d e o drama \u201cO Brutalista\u201d, que tamb\u00e9m recebeu indica\u00e7\u00f5es. Ribeir\u00e3o Preto conta\u2026","rel":"","context":"In &quot;Not\u00edcias de Ribeir\u00e3o Preto-SP e Regi\u00e3o&quot;","block_context":{"text":"Not\u00edcias de Ribeir\u00e3o Preto-SP e Regi\u00e3o","link":"https:\/\/noticiasribeiraopreto.com.br\/index.php\/category\/noticias-de-ribeirao-preto-sp-e-regiao-ismael-colosi\/"},"img":{"alt_text":"","src":"https:\/\/i0.wp.com\/noticiasribeiraopreto.com.br\/wp-content\/uploads\/2025\/02\/adrien-brody-brutalist-Laszlo-Toth_2025-02-20_12-51-56.webp.webp?fit=800%2C450&ssl=1&resize=350%2C200","width":350,"height":200,"srcset":"https:\/\/i0.wp.com\/noticiasribeiraopreto.com.br\/wp-content\/uploads\/2025\/02\/adrien-brody-brutalist-Laszlo-Toth_2025-02-20_12-51-56.webp.webp?fit=800%2C450&ssl=1&resize=350%2C200 1x, https:\/\/i0.wp.com\/noticiasribeiraopreto.com.br\/wp-content\/uploads\/2025\/02\/adrien-brody-brutalist-Laszlo-Toth_2025-02-20_12-51-56.webp.webp?fit=800%2C450&ssl=1&resize=525%2C300 1.5x, https:\/\/i0.wp.com\/noticiasribeiraopreto.com.br\/wp-content\/uploads\/2025\/02\/adrien-brody-brutalist-Laszlo-Toth_2025-02-20_12-51-56.webp.webp?fit=800%2C450&ssl=1&resize=700%2C400 2x"},"classes":[]},{"id":60888,"url":"https:\/\/noticiasribeiraopreto.com.br\/index.php\/2024\/11\/28\/moana-2-e-a-contadora-de-filmes-estreiam-nos-cinemas-de-ribeirao-preto\/","url_meta":{"origin":75729,"position":5},"title":"\u2018Moana 2\u2019 e \u2018A Contadora de Filmes\u2019 estreiam nos cinemas de Ribeir\u00e3o Preto","author":"noticiasribeiraopreto.com.br","date":"28 de November de 2024","format":false,"excerpt":"Esta quinta-feira (28) \u00e9 marcada pelo lan\u00e7amento de dois filmes nos cinemas de Ribeir\u00e3o Preto. Uma das grandes apostas do ano \u201cMoana 2\u201d e o longa chileno \u201cA Contadora de Filmes\u201d entram em cartaz. Ribeir\u00e3o Preto conta com quatro cinemas, o UCI localizado no Ribeir\u00e3o Shopping, o Cinep\u00f3lis nos shoppings\u2026","rel":"","context":"In &quot;Not\u00edcias de Ribeir\u00e3o Preto-SP e Regi\u00e3o&quot;","block_context":{"text":"Not\u00edcias de Ribeir\u00e3o Preto-SP e Regi\u00e3o","link":"https:\/\/noticiasribeiraopreto.com.br\/index.php\/category\/noticias-de-ribeirao-preto-sp-e-regiao-ismael-colosi\/"},"img":{"alt_text":"","src":"https:\/\/i0.wp.com\/noticiasribeiraopreto.com.br\/wp-content\/uploads\/2024\/11\/novo-poster-moana_2024-11-28_12-14-29.webp.webp?fit=1200%2C675&ssl=1&resize=350%2C200","width":350,"height":200,"srcset":"https:\/\/i0.wp.com\/noticiasribeiraopreto.com.br\/wp-content\/uploads\/2024\/11\/novo-poster-moana_2024-11-28_12-14-29.webp.webp?fit=1200%2C675&ssl=1&resize=350%2C200 1x, https:\/\/i0.wp.com\/noticiasribeiraopreto.com.br\/wp-content\/uploads\/2024\/11\/novo-poster-moana_2024-11-28_12-14-29.webp.webp?fit=1200%2C675&ssl=1&resize=525%2C300 1.5x, https:\/\/i0.wp.com\/noticiasribeiraopreto.com.br\/wp-content\/uploads\/2024\/11\/novo-poster-moana_2024-11-28_12-14-29.webp.webp?fit=1200%2C675&ssl=1&resize=700%2C400 2x, https:\/\/i0.wp.com\/noticiasribeiraopreto.com.br\/wp-content\/uploads\/2024\/11\/novo-poster-moana_2024-11-28_12-14-29.webp.webp?fit=1200%2C675&ssl=1&resize=1050%2C600 3x"},"classes":[]}],"jetpack_sharing_enabled":true,"jetpack_shortlink":"https:\/\/wp.me\/peQAOb-jHr","_links":{"self":[{"href":"https:\/\/noticiasribeiraopreto.com.br\/index.php\/wp-json\/wp\/v2\/posts\/75729","targetHints":{"allow":["GET"]}}],"collection":[{"href":"https:\/\/noticiasribeiraopreto.com.br\/index.php\/wp-json\/wp\/v2\/posts"}],"about":[{"href":"https:\/\/noticiasribeiraopreto.com.br\/index.php\/wp-json\/wp\/v2\/types\/post"}],"author":[{"embeddable":true,"href":"https:\/\/noticiasribeiraopreto.com.br\/index.php\/wp-json\/wp\/v2\/users\/1"}],"replies":[{"embeddable":true,"href":"https:\/\/noticiasribeiraopreto.com.br\/index.php\/wp-json\/wp\/v2\/comments?post=75729"}],"version-history":[{"count":0,"href":"https:\/\/noticiasribeiraopreto.com.br\/index.php\/wp-json\/wp\/v2\/posts\/75729\/revisions"}],"wp:featuredmedia":[{"embeddable":true,"href":"https:\/\/noticiasribeiraopreto.com.br\/index.php\/wp-json\/wp\/v2\/media\/75731"}],"wp:attachment":[{"href":"https:\/\/noticiasribeiraopreto.com.br\/index.php\/wp-json\/wp\/v2\/media?parent=75729"}],"wp:term":[{"taxonomy":"category","embeddable":true,"href":"https:\/\/noticiasribeiraopreto.com.br\/index.php\/wp-json\/wp\/v2\/categories?post=75729"},{"taxonomy":"post_tag","embeddable":true,"href":"https:\/\/noticiasribeiraopreto.com.br\/index.php\/wp-json\/wp\/v2\/tags?post=75729"}],"curies":[{"name":"wp","href":"https:\/\/api.w.org\/{rel}","templated":true}]}}