{"id":75732,"date":"2025-08-14T12:48:26","date_gmt":"2025-08-14T15:48:26","guid":{"rendered":"https:\/\/noticiasribeiraopreto.com.br\/index.php\/2025\/08\/14\/reforma-administrativa-de-ribeirao-preve-novas-secretarias-e-corte-de-98-cargos\/"},"modified":"2025-08-14T12:48:26","modified_gmt":"2025-08-14T15:48:26","slug":"reforma-administrativa-de-ribeirao-preve-novas-secretarias-e-corte-de-98-cargos","status":"publish","type":"post","link":"https:\/\/noticiasribeiraopreto.com.br\/index.php\/2025\/08\/14\/reforma-administrativa-de-ribeirao-preve-novas-secretarias-e-corte-de-98-cargos\/","title":{"rendered":"Reforma administrativa de Ribeir\u00e3o prev\u00ea novas secretarias e corte de 98 cargos"},"content":{"rendered":"<div class='code-block code-block-1' style='margin: 8px 0 8px auto; text-align: right; display: block; clear: both;'>\n<p><a href=\"https:\/\/wa.link\/vpicfd\"><img data-recalc-dims=\"1\" class=\"wp-image-4922\" style=\"aspect-ratio: 2.0253164556962027; width: 561px; height: auto;\" src=\"https:\/\/i0.wp.com\/ismaelcolosi.com.br\/wp-content\/uploads\/2023\/11\/grupo-de-empregos-whatsapp-e-facebook-ismael-colosi-vagas.jpg?ssl=1\" alt=\"\" \/><\/a><\/p>\n<!-- \/wp:image -->\n<\/div>\n<p> <br \/>\n<\/p>\n<div>\n<p>A<strong><a href=\"https:\/\/www.ribeiraopreto.sp.gov.br\/portal\/\" data-type=\"link\" data-id=\"https:\/\/www.ribeiraopreto.sp.gov.br\/portal\/\" target=\"_blank\" rel=\"noopener\"> Prefeitura de Ribeir\u00e3o Preto<\/a><\/strong> encaminhou para<a href=\"https:\/\/www.camararibeiraopreto.sp.gov.br\/atividade-legislativa\/sessoes\/pesquisas\" data-type=\"link\" data-id=\"https:\/\/www.camararibeiraopreto.sp.gov.br\/atividade-legislativa\/sessoes\/pesquisas\" target=\"_blank\" rel=\"noopener\"> <strong>C\u00e2mara<\/strong><\/a>, na \u00faltima quarta-feira (13), os tr\u00eas projetos de lei da nova reforma administrativa. Segundo a proposta do Executivo, ser\u00e3o reduzidos 98 cargos, incluindo comissionados, fun\u00e7\u00f5es de confian\u00e7a e atividades gratificadas. Com isso, essas fun\u00e7\u00f5es passam de 882 para 784.<\/p>\n<p>Al\u00e9m disso, a proposta prev\u00ea a cria\u00e7\u00e3o de tr\u00eas novas secretarias \u2013 <strong>Secretaria da Cidadania e Pessoa com Defici\u00eancia<\/strong>,<strong> Secretaria de Tecnologia e Governo Digital <\/strong>e a<strong> Secretaria de Comunica\u00e7\u00e3o<\/strong>.<\/p>\n<p>O projeto ainda prop\u00f5e a mudan\u00e7a de nome da Secretaria de Meio Ambiente, que passa a se chamar Secretaria de Meio Ambiente, Agricultura e Sustentabilidade, a Secretaria de Desenvolvimento Urbano se transforma em Secretaria de Desenvolvimento Urbano e Habita\u00e7\u00e3o e a Secretaria de Infraestrutura se torna Secretaria de Infraestrutura e Zeladoria.<\/p>\n<h2 class=\"wp-block-heading\"><strong>Reforma inconstitucional<\/strong><\/h2>\n<p>A nova proposta de reforma administrativa foi necess\u00e1ria em raz\u00e3o da inconstitucionalidade apontada pelo TJ-SP (Tribunal de Justi\u00e7a de S\u00e3o Paulo) na reforma anterior, realizada no governo<strong> Duarte Nogueira<\/strong>. Foram questionadas quatro leis complementares aprovadas no per\u00edodo entre 2021 e 2023.<\/p>\n<p>Ao todo, foram considerados inconstitucionais 269 cargos comissionados, 86 fun\u00e7\u00f5es de confian\u00e7a e 93 atividades gratificadas por desempenharem fun\u00e7\u00f5es t\u00e9cnicas, burocr\u00e1ticas ou rotineiras.<\/p>\n<p>A nova proposta foi elaborada pela Fipe (Funda\u00e7\u00e3o Instituto de Pesquisas Econ\u00f4micas) e, al\u00e9m da prefeitura, prop\u00f5e adequa\u00e7\u00f5es na Saerp (Secretaria de \u00c1gua e Esgoto de Ribeir\u00e3o Preto), e na Controladoria-Geral do Munic\u00edpio.<\/p>\n<p>SAIBA MAIS<br \/>C\u00e2mara Municipal aprova projeto que concede \u00e1rea da Recra ao Sesc Ribeir\u00e3o<\/p>\n<h2 class=\"wp-block-heading\"><strong>FIQUE ON<\/strong><\/h2>\n<p>Fique ligado em tudo que acontece em Ribeir\u00e3o Preto e regi\u00e3o. Siga os perfis do <strong>acidade on <\/strong>no <a href=\"https:\/\/www.instagram.com\/acidadeonribeirao\" data-type=\"link\" data-id=\"https:\/\/www.instagram.com\/acidadeonribeirao\" target=\"_blank\" rel=\"noopener\">Instagram <\/a>e no <a href=\"https:\/\/www.facebook.com\/acidadeonribeirao\/\" data-type=\"link\" data-id=\"https:\/\/www.facebook.com\/acidadeonribeirao\/\" target=\"_blank\" rel=\"noopener\">Facebook<\/a>.<\/p>\n<p>Receba not\u00edcias do<strong> acidade on<\/strong> no WhatsApp. Para entrar no grupo, basta clicar aqui.<\/p>\n<p>Fa\u00e7a uma den\u00fancia ou sugira uma reportagem sobre Ribeir\u00e3o Preto e regi\u00e3o pelo WhatsApp: 16 99117 7802.<\/p>\n<p>VEJA TAMB\u00c9M<br \/>Em quais cidades a Azul encerrou as atividades?<\/p>\n<p><!-- AI CONTENT END 1 -->\n<\/div>\n<p><script async src=\"\/\/www.instagram.com\/embed.js\"><\/script><br \/>\n<br \/><br \/>\n<br \/><a href=\"https:\/\/www.acidadeon.com\/ribeiraopreto\/politica\/nova-reforma-administrativa-de-ribeirao-preve-novas-secretarias-e-corte-de-98-cargos\/\">Source link <\/a><\/p>\n<!-- CONTENT END 1 -->\n","protected":false},"excerpt":{"rendered":"<p>A Prefeitura de Ribeir\u00e3o Preto encaminhou para C\u00e2mara, na \u00faltima quarta-feira (13), os tr\u00eas projetos de lei da nova reforma administrativa. Segundo a proposta do&#8230;<\/p>\n","protected":false},"author":1,"featured_media":75733,"comment_status":"open","ping_status":"open","sticky":false,"template":"","format":"standard","meta":{"advanced_seo_description":"","jetpack_seo_html_title":"","jetpack_seo_noindex":false,"jetpack_post_was_ever_published":false,"_jetpack_newsletter_access":"","_jetpack_dont_email_post_to_subs":false,"_jetpack_newsletter_tier_id":0,"_jetpack_memberships_contains_paywalled_content":false,"_jetpack_memberships_contains_paid_content":false,"footnotes":"","jetpack_publicize_message":"","jetpack_publicize_feature_enabled":true,"jetpack_social_post_already_shared":true,"jetpack_social_options":{"image_generator_settings":{"template":"highway","default_image_id":0,"font":"","enabled":false},"version":2}},"categories":[11],"tags":[],"class_list":["post-75732","post","type-post","status-publish","format-standard","has-post-thumbnail","hentry","category-noticias-de-ribeirao-preto-sp-e-regiao-ismael-colosi"],"jetpack_publicize_connections":[],"jetpack_featured_media_url":"https:\/\/i0.wp.com\/noticiasribeiraopreto.com.br\/wp-content\/uploads\/2025\/08\/centroa-administrativo-ribeirao-preto.jpg?fit=1425%2C720&ssl=1","jetpack-related-posts":[{"id":76402,"url":"https:\/\/noticiasribeiraopreto.com.br\/index.php\/2025\/08\/28\/camara-aprova-em-primeira-discussao-a-reforma-administrativa-de-ribeirao-preto\/","url_meta":{"origin":75732,"position":0},"title":"C\u00e2mara aprova, em primeira discuss\u00e3o, a reforma administrativa de Ribeir\u00e3o Preto","author":"noticiasribeiraopreto.com.br","date":"28 de August de 2025","format":false,"excerpt":"A C\u00e2mara de Ribeir\u00e3o Preto aprovou na noite de quarta-feira (27), em primeira discuss\u00e3o, os tr\u00eas projetos de lei da reforma administrativa proposta pelo prefeito Ricardo Silva (PSD). Os projetos preveem o corte de 98 cargos comissionados, fun\u00e7\u00f5es de confian\u00e7a e atividades gratificadas, por\u00e9m criam tr\u00eas novas secretarias. A sess\u00e3o\u2026","rel":"","context":"In &quot;Not\u00edcias de Ribeir\u00e3o Preto-SP e Regi\u00e3o&quot;","block_context":{"text":"Not\u00edcias de Ribeir\u00e3o Preto-SP e Regi\u00e3o","link":"https:\/\/noticiasribeiraopreto.com.br\/index.php\/category\/noticias-de-ribeirao-preto-sp-e-regiao-ismael-colosi\/"},"img":{"alt_text":"","src":"https:\/\/i0.wp.com\/noticiasribeiraopreto.com.br\/wp-content\/uploads\/2025\/08\/camara-sessao-1_2025-08-28_12-54-39.webp.webp?fit=1200%2C800&ssl=1&resize=350%2C200","width":350,"height":200,"srcset":"https:\/\/i0.wp.com\/noticiasribeiraopreto.com.br\/wp-content\/uploads\/2025\/08\/camara-sessao-1_2025-08-28_12-54-39.webp.webp?fit=1200%2C800&ssl=1&resize=350%2C200 1x, https:\/\/i0.wp.com\/noticiasribeiraopreto.com.br\/wp-content\/uploads\/2025\/08\/camara-sessao-1_2025-08-28_12-54-39.webp.webp?fit=1200%2C800&ssl=1&resize=525%2C300 1.5x, https:\/\/i0.wp.com\/noticiasribeiraopreto.com.br\/wp-content\/uploads\/2025\/08\/camara-sessao-1_2025-08-28_12-54-39.webp.webp?fit=1200%2C800&ssl=1&resize=700%2C400 2x, https:\/\/i0.wp.com\/noticiasribeiraopreto.com.br\/wp-content\/uploads\/2025\/08\/camara-sessao-1_2025-08-28_12-54-39.webp.webp?fit=1200%2C800&ssl=1&resize=1050%2C600 3x"},"classes":[]},{"id":76344,"url":"https:\/\/noticiasribeiraopreto.com.br\/index.php\/2025\/08\/27\/reforma-administrativa-de-ribeirao-preto-sera-votada-nesta-quarta-feira\/","url_meta":{"origin":75732,"position":1},"title":"Reforma administrativa de Ribeir\u00e3o Preto ser\u00e1 votada nesta quarta-feira","author":"noticiasribeiraopreto.com.br","date":"27 de August de 2025","format":false,"excerpt":"A C\u00e2mara de Ribeir\u00e3o Preto vota a partir desta quarta-feira (27) a reforma administrativa proposta pelo prefeito Ricardo Silva (PSD). Ao todo, s\u00e3o tr\u00eas projetos que preveem o corte de 98 cargos comissionados, fun\u00e7\u00f5es de confian\u00e7a e atividades gratificadas, por\u00e9m criam tr\u00eas novas secretarias. A Prefeitura de Ribeir\u00e3o Preto afirma\u2026","rel":"","context":"In &quot;Not\u00edcias de Ribeir\u00e3o Preto-SP e Regi\u00e3o&quot;","block_context":{"text":"Not\u00edcias de Ribeir\u00e3o Preto-SP e Regi\u00e3o","link":"https:\/\/noticiasribeiraopreto.com.br\/index.php\/category\/noticias-de-ribeirao-preto-sp-e-regiao-ismael-colosi\/"},"img":{"alt_text":"","src":"https:\/\/i0.wp.com\/noticiasribeiraopreto.com.br\/wp-content\/uploads\/2025\/08\/1756300806_ribeirao-preto-prefeitura.jpg?fit=1200%2C900&ssl=1&resize=350%2C200","width":350,"height":200,"srcset":"https:\/\/i0.wp.com\/noticiasribeiraopreto.com.br\/wp-content\/uploads\/2025\/08\/1756300806_ribeirao-preto-prefeitura.jpg?fit=1200%2C900&ssl=1&resize=350%2C200 1x, https:\/\/i0.wp.com\/noticiasribeiraopreto.com.br\/wp-content\/uploads\/2025\/08\/1756300806_ribeirao-preto-prefeitura.jpg?fit=1200%2C900&ssl=1&resize=525%2C300 1.5x, https:\/\/i0.wp.com\/noticiasribeiraopreto.com.br\/wp-content\/uploads\/2025\/08\/1756300806_ribeirao-preto-prefeitura.jpg?fit=1200%2C900&ssl=1&resize=700%2C400 2x, https:\/\/i0.wp.com\/noticiasribeiraopreto.com.br\/wp-content\/uploads\/2025\/08\/1756300806_ribeirao-preto-prefeitura.jpg?fit=1200%2C900&ssl=1&resize=1050%2C600 3x"},"classes":[]},{"id":75881,"url":"https:\/\/noticiasribeiraopreto.com.br\/index.php\/2025\/08\/17\/menos-cargos-e-novas-secretarias-entenda-o-projeto-de-reforma-administrativa-de-ribeirao\/","url_meta":{"origin":75732,"position":2},"title":"Menos cargos e novas secretarias: entenda o projeto de reforma administrativa de Ribeir\u00e3o","author":"noticiasribeiraopreto.com.br","date":"17 de August de 2025","format":false,"excerpt":"A Prefeitura de Ribeir\u00e3o Preto finalizou o processo de reestrutura\u00e7\u00e3o administrativa, reduzindo em 98 o n\u00famero de cargos comissionados, fun\u00e7\u00f5es de confian\u00e7a e atividades gratificadas. Conforme proposta encaminhada \u00e0 C\u00e2mara Municipal na \u00faltima quarta-feira (13), o quadro passou de 882 para 784 cargos, mesmo com a cria\u00e7\u00e3o de tr\u00eas novas\u2026","rel":"","context":"In &quot;Not\u00edcias de Ribeir\u00e3o Preto-SP e Regi\u00e3o&quot;","block_context":{"text":"Not\u00edcias de Ribeir\u00e3o Preto-SP e Regi\u00e3o","link":"https:\/\/noticiasribeiraopreto.com.br\/index.php\/category\/noticias-de-ribeirao-preto-sp-e-regiao-ismael-colosi\/"},"img":{"alt_text":"","src":"https:\/\/i0.wp.com\/noticiasribeiraopreto.com.br\/wp-content\/uploads\/2025\/08\/Copia-de-Copia-de-Copia-de-TAMANHO-EXATO-PARA-FOTOS-NO-SISTEMA-NOVO-44_2024-10-25_18-13-32_png_2024-10-25_18-13-32.webp.webp?fit=1200%2C675&ssl=1&resize=350%2C200","width":350,"height":200,"srcset":"https:\/\/i0.wp.com\/noticiasribeiraopreto.com.br\/wp-content\/uploads\/2025\/08\/Copia-de-Copia-de-Copia-de-TAMANHO-EXATO-PARA-FOTOS-NO-SISTEMA-NOVO-44_2024-10-25_18-13-32_png_2024-10-25_18-13-32.webp.webp?fit=1200%2C675&ssl=1&resize=350%2C200 1x, https:\/\/i0.wp.com\/noticiasribeiraopreto.com.br\/wp-content\/uploads\/2025\/08\/Copia-de-Copia-de-Copia-de-TAMANHO-EXATO-PARA-FOTOS-NO-SISTEMA-NOVO-44_2024-10-25_18-13-32_png_2024-10-25_18-13-32.webp.webp?fit=1200%2C675&ssl=1&resize=525%2C300 1.5x, https:\/\/i0.wp.com\/noticiasribeiraopreto.com.br\/wp-content\/uploads\/2025\/08\/Copia-de-Copia-de-Copia-de-TAMANHO-EXATO-PARA-FOTOS-NO-SISTEMA-NOVO-44_2024-10-25_18-13-32_png_2024-10-25_18-13-32.webp.webp?fit=1200%2C675&ssl=1&resize=700%2C400 2x, https:\/\/i0.wp.com\/noticiasribeiraopreto.com.br\/wp-content\/uploads\/2025\/08\/Copia-de-Copia-de-Copia-de-TAMANHO-EXATO-PARA-FOTOS-NO-SISTEMA-NOVO-44_2024-10-25_18-13-32_png_2024-10-25_18-13-32.webp.webp?fit=1200%2C675&ssl=1&resize=1050%2C600 3x"},"classes":[]},{"id":77677,"url":"https:\/\/noticiasribeiraopreto.com.br\/index.php\/2025\/09\/23\/ricardo-silva-sanciona-reforma-administrativa-de-ribeirao-preto\/","url_meta":{"origin":75732,"position":3},"title":"Ricardo Silva sanciona reforma administrativa de Ribeir\u00e3o Preto","author":"noticiasribeiraopreto.com.br","date":"23 de September de 2025","format":false,"excerpt":"O prefeito de Ribeir\u00e3o Preto, Ricardo Silva (PSD), sancionou as tr\u00eas leis que realizam a reforma administrativa da Administra\u00e7\u00e3o Municipal. Os projetos s\u00e3o de autoria do pr\u00f3prio Executivo e foram aprovados pela C\u00e2mara Municipal no in\u00edcio de setembro. A nova legisla\u00e7\u00e3o foi publicada em edi\u00e7\u00e3o suplementar do Di\u00e1rio Oficial do\u2026","rel":"","context":"In &quot;Not\u00edcias de Ribeir\u00e3o Preto-SP e Regi\u00e3o&quot;","block_context":{"text":"Not\u00edcias de Ribeir\u00e3o Preto-SP e Regi\u00e3o","link":"https:\/\/noticiasribeiraopreto.com.br\/index.php\/category\/noticias-de-ribeirao-preto-sp-e-regiao-ismael-colosi\/"},"img":{"alt_text":"","src":"https:\/\/i0.wp.com\/noticiasribeiraopreto.com.br\/wp-content\/uploads\/2025\/08\/ricardo-silva-prefeito_2025-08-22_15-28-38.webp.webp?fit=1200%2C800&ssl=1&resize=350%2C200","width":350,"height":200,"srcset":"https:\/\/i0.wp.com\/noticiasribeiraopreto.com.br\/wp-content\/uploads\/2025\/08\/ricardo-silva-prefeito_2025-08-22_15-28-38.webp.webp?fit=1200%2C800&ssl=1&resize=350%2C200 1x, https:\/\/i0.wp.com\/noticiasribeiraopreto.com.br\/wp-content\/uploads\/2025\/08\/ricardo-silva-prefeito_2025-08-22_15-28-38.webp.webp?fit=1200%2C800&ssl=1&resize=525%2C300 1.5x, https:\/\/i0.wp.com\/noticiasribeiraopreto.com.br\/wp-content\/uploads\/2025\/08\/ricardo-silva-prefeito_2025-08-22_15-28-38.webp.webp?fit=1200%2C800&ssl=1&resize=700%2C400 2x, https:\/\/i0.wp.com\/noticiasribeiraopreto.com.br\/wp-content\/uploads\/2025\/08\/ricardo-silva-prefeito_2025-08-22_15-28-38.webp.webp?fit=1200%2C800&ssl=1&resize=1050%2C600 3x"},"classes":[]},{"id":76720,"url":"https:\/\/noticiasribeiraopreto.com.br\/index.php\/2025\/09\/04\/aprovado-texto-final-da-reforma\/","url_meta":{"origin":75732,"position":4},"title":"Aprovado texto \u2028final da reforma","author":"noticiasribeiraopreto.com.br","date":"4 de September de 2025","format":false,"excerpt":"4 de setembro de 2025 09:154 de setembro de 2025 09:2012 Compartilhar0 A C\u00e2mara de Vereadores aprovou, nesta quarta-feira, 3 de setembro, a reda\u00e7\u00e3o final dos tr\u00eas projetos de lei do Executivo que tratam da reforma administrativa da prefeitura de Ribeir\u00e3o Preto. A s propostas preveem redu\u00e7\u00e3o de 98 cargos\u2026","rel":"","context":"In &quot;Not\u00edcias de Ribeir\u00e3o Preto-SP e Regi\u00e3o&quot;","block_context":{"text":"Not\u00edcias de Ribeir\u00e3o Preto-SP e Regi\u00e3o","link":"https:\/\/noticiasribeiraopreto.com.br\/index.php\/category\/noticias-de-ribeirao-preto-sp-e-regiao-ismael-colosi\/"},"img":{"alt_text":"","src":"https:\/\/i0.wp.com\/noticiasribeiraopreto.com.br\/wp-content\/uploads\/2025\/09\/CamaraRP-Alfredo-Risk.jpg?fit=300%2C200&ssl=1&resize=350%2C200","width":350,"height":200},"classes":[]},{"id":76129,"url":"https:\/\/noticiasribeiraopreto.com.br\/index.php\/2025\/08\/22\/sindicato-dos-servidores-critica-proposta-da-reforma-administrativa-em-ribeirao-preto\/","url_meta":{"origin":75732,"position":5},"title":"Sindicato dos Servidores critica proposta da reforma administrativa em Ribeir\u00e3o Preto","author":"noticiasribeiraopreto.com.br","date":"22 de August de 2025","format":false,"excerpt":"O Sindicato dos Servidores Municipais de Ribeir\u00e3o Preto publicou um comunicado nesta sexta-feira (22) criticando a reforma administrativa proposta pelo prefeito Ricardo Silva (PSD). Os tr\u00eas projetos enviados pelo Executivo ao Legislativo preveem o corte de 98 cargos comissionados, fun\u00e7\u00f5es de confian\u00e7a e atividades gratificadas, mas prev\u00ea a cria\u00e7\u00e3o de\u2026","rel":"","context":"In &quot;Not\u00edcias de Ribeir\u00e3o Preto-SP e Regi\u00e3o&quot;","block_context":{"text":"Not\u00edcias de Ribeir\u00e3o Preto-SP e Regi\u00e3o","link":"https:\/\/noticiasribeiraopreto.com.br\/index.php\/category\/noticias-de-ribeirao-preto-sp-e-regiao-ismael-colosi\/"},"img":{"alt_text":"","src":"https:\/\/i0.wp.com\/noticiasribeiraopreto.com.br\/wp-content\/uploads\/2025\/08\/ricardo-silva-prefeito_2025-08-22_15-28-38.webp.webp?fit=1200%2C800&ssl=1&resize=350%2C200","width":350,"height":200,"srcset":"https:\/\/i0.wp.com\/noticiasribeiraopreto.com.br\/wp-content\/uploads\/2025\/08\/ricardo-silva-prefeito_2025-08-22_15-28-38.webp.webp?fit=1200%2C800&ssl=1&resize=350%2C200 1x, https:\/\/i0.wp.com\/noticiasribeiraopreto.com.br\/wp-content\/uploads\/2025\/08\/ricardo-silva-prefeito_2025-08-22_15-28-38.webp.webp?fit=1200%2C800&ssl=1&resize=525%2C300 1.5x, https:\/\/i0.wp.com\/noticiasribeiraopreto.com.br\/wp-content\/uploads\/2025\/08\/ricardo-silva-prefeito_2025-08-22_15-28-38.webp.webp?fit=1200%2C800&ssl=1&resize=700%2C400 2x, https:\/\/i0.wp.com\/noticiasribeiraopreto.com.br\/wp-content\/uploads\/2025\/08\/ricardo-silva-prefeito_2025-08-22_15-28-38.webp.webp?fit=1200%2C800&ssl=1&resize=1050%2C600 3x"},"classes":[]}],"jetpack_sharing_enabled":true,"jetpack_shortlink":"https:\/\/wp.me\/peQAOb-jHu","_links":{"self":[{"href":"https:\/\/noticiasribeiraopreto.com.br\/index.php\/wp-json\/wp\/v2\/posts\/75732","targetHints":{"allow":["GET"]}}],"collection":[{"href":"https:\/\/noticiasribeiraopreto.com.br\/index.php\/wp-json\/wp\/v2\/posts"}],"about":[{"href":"https:\/\/noticiasribeiraopreto.com.br\/index.php\/wp-json\/wp\/v2\/types\/post"}],"author":[{"embeddable":true,"href":"https:\/\/noticiasribeiraopreto.com.br\/index.php\/wp-json\/wp\/v2\/users\/1"}],"replies":[{"embeddable":true,"href":"https:\/\/noticiasribeiraopreto.com.br\/index.php\/wp-json\/wp\/v2\/comments?post=75732"}],"version-history":[{"count":0,"href":"https:\/\/noticiasribeiraopreto.com.br\/index.php\/wp-json\/wp\/v2\/posts\/75732\/revisions"}],"wp:featuredmedia":[{"embeddable":true,"href":"https:\/\/noticiasribeiraopreto.com.br\/index.php\/wp-json\/wp\/v2\/media\/75733"}],"wp:attachment":[{"href":"https:\/\/noticiasribeiraopreto.com.br\/index.php\/wp-json\/wp\/v2\/media?parent=75732"}],"wp:term":[{"taxonomy":"category","embeddable":true,"href":"https:\/\/noticiasribeiraopreto.com.br\/index.php\/wp-json\/wp\/v2\/categories?post=75732"},{"taxonomy":"post_tag","embeddable":true,"href":"https:\/\/noticiasribeiraopreto.com.br\/index.php\/wp-json\/wp\/v2\/tags?post=75732"}],"curies":[{"name":"wp","href":"https:\/\/api.w.org\/{rel}","templated":true}]}}