{"id":75734,"date":"2025-08-14T12:55:49","date_gmt":"2025-08-14T15:55:49","guid":{"rendered":"https:\/\/noticiasribeiraopreto.com.br\/index.php\/2025\/08\/14\/fogo-em-carro-furtado-deu-inicio-a-incendio-de-grandes-proporcoes-em-ribeirao-preto\/"},"modified":"2025-08-14T12:55:49","modified_gmt":"2025-08-14T15:55:49","slug":"fogo-em-carro-furtado-deu-inicio-a-incendio-de-grandes-proporcoes-em-ribeirao-preto","status":"publish","type":"post","link":"https:\/\/noticiasribeiraopreto.com.br\/index.php\/2025\/08\/14\/fogo-em-carro-furtado-deu-inicio-a-incendio-de-grandes-proporcoes-em-ribeirao-preto\/","title":{"rendered":"Fogo em carro furtado deu in\u00edcio a inc\u00eandio de grandes propor\u00e7\u00f5es em Ribeir\u00e3o Preto"},"content":{"rendered":"<div class='code-block code-block-1' style='margin: 8px 0 8px auto; text-align: right; display: block; clear: both;'>\n<p><a href=\"https:\/\/wa.link\/vpicfd\"><img data-recalc-dims=\"1\" class=\"wp-image-4922\" style=\"aspect-ratio: 2.0253164556962027; width: 561px; height: auto;\" src=\"https:\/\/i0.wp.com\/ismaelcolosi.com.br\/wp-content\/uploads\/2023\/11\/grupo-de-empregos-whatsapp-e-facebook-ismael-colosi-vagas.jpg?ssl=1\" alt=\"\" \/><\/a><\/p>\n<!-- \/wp:image -->\n<\/div>\n<p> <br \/>\n<\/p>\n<div data-td-block-uid=\"tdi_95\">\n<div class=\"tdb-block-inner td-fix-index\">\n<p><strong>Um inc\u00eandio de grandes propor\u00e7\u00f5es em um canavial nesta quarta-feira (13), na zona Leste de Ribeir\u00e3o Preto, teve in\u00edcio com o fogo em um furg\u00e3o que havia sido furtado.<\/strong> <strong>Assista <\/strong>ao <strong>v\u00eddeo <\/strong>abaixo.<\/p>\n<p>Segundo informa\u00e7\u00f5es, <mark style=\"background-color:#fcb900\" class=\"has-inline-color has-black-color\">o ve\u00edculo foi furtado nas proximidades do Parque dos Servidores, tamb\u00e9m na regi\u00e3o Leste. Na sequ\u00eancia, os criminosos teriam ateado fogo no furg\u00e3o em meio a uma planta\u00e7\u00e3o de cana-de-a\u00e7\u00facar, no Portal do Ip\u00eas, ainda na zona Leste.<\/mark><\/p>\n<p>O inc\u00eandio assustou moradores e somente foi controlado no per\u00edodo da noite. N\u00e3o houve registro de feridos.<\/p>\n<p>De acordo com o boletim de ocorr\u00eancia (BO), o furg\u00e3o, que foi completamente queimado, pertencia a uma empresa de transportes de cargas.<\/p>\n<p>O caso foi registrado na CPJ (Central de Pol\u00edcia Judici\u00e1ria) Permamente como localiza\u00e7\u00e3o de ve\u00edculo e inc\u00eandio florestal para investiga\u00e7\u00e3o da Policia Civil.<\/p>\n<blockquote class=\"instagram-media\" data-instgrm-permalink=\"https:\/\/www.instagram.com\/reel\/DNUKrw1hrMm\/?utm_source=ig_embed&amp;utm_campaign=loading\" data-instgrm-version=\"14\" style=\"background:#FFF;border:0;border-radius:3px;margin: 1px;max-width:540px;min-width:326px;padding:0;width:99.375%;width:-webkit-calc(100% - 2px);width:calc(100% - 2px)\"\/>\n<p>SAIBA MAIS<\/p>\n<p>Inc\u00eandio de grandes propor\u00e7\u00f5es atinge canavial em Ribeir\u00e3o Preto; veja v\u00eddeo<\/p>\n<h2 class=\"wp-block-heading\"><strong>FIQUE ON\u00a0\u00a0\u00a0\u00a0\u00a0\u00a0\u00a0\u00a0\u00a0<\/strong><\/h2>\n<p>Quer ficar por dentro de tudo que acontece em Ribeir\u00e3o Preto e regi\u00e3o? Ent\u00e3o siga os perfis do\u202facidade on\u202fno\u202f<a href=\"https:\/\/www.instagram.com\/acidadeonribeirao\" target=\"_blank\" rel=\"noreferrer noopener\">Instagram<\/a>\u202fe no\u202f<a href=\"https:\/\/www.facebook.com\/acidadeonribeirao\/\" target=\"_blank\" rel=\"noreferrer noopener\">Facebook<\/a>.<\/p>\n<p>Al\u00e9m disso, voc\u00ea pode receber as principais not\u00edcias diretamente no WhatsApp. Para isso, basta\u00a0<a href=\"https:\/\/chat.whatsapp.com\/BjKQZ9oJwlz8VVT50NuePq\" target=\"_blank\" rel=\"noreferrer noopener\">entrar no grupo clicando aqui<\/a>.<\/p>\n<p>Por fim, se quiser fazer uma den\u00fancia ou sugerir uma reportagem sobre Ribeir\u00e3o Preto e regi\u00e3o, envie uma mensagem pelo WhatsApp: (16) 99117-7802.<\/p>\n<p>VEJA TAMB\u00c9M<\/p>\n<p>A Mulher da Casa Abandonada morava em Campinas?<\/p>\n<p><!-- AI CONTENT END 1 -->\n<\/div>\n<\/div>\n<p><script async src=\"\/\/www.instagram.com\/embed.js\"><\/script><br \/>\n<br \/><br \/>\n<br \/><a href=\"https:\/\/www.acidadeon.com\/ribeiraopreto\/cotidiano\/fogo-em-carro-furtado-deu-inicio-a-incendio-de-grandes-proporcoes-em-ribeirao-preto\/\">Source link <\/a><\/p>\n<!-- CONTENT END 1 -->\n","protected":false},"excerpt":{"rendered":"<p>Um inc\u00eandio de grandes propor\u00e7\u00f5es em um canavial nesta quarta-feira (13), na zona Leste de Ribeir\u00e3o Preto, teve in\u00edcio com o fogo em um furg\u00e3o&#8230;<\/p>\n","protected":false},"author":1,"featured_media":75735,"comment_status":"open","ping_status":"open","sticky":false,"template":"","format":"standard","meta":{"advanced_seo_description":"","jetpack_seo_html_title":"","jetpack_seo_noindex":false,"jetpack_post_was_ever_published":false,"_jetpack_newsletter_access":"","_jetpack_dont_email_post_to_subs":false,"_jetpack_newsletter_tier_id":0,"_jetpack_memberships_contains_paywalled_content":false,"_jetpack_memberships_contains_paid_content":false,"footnotes":"","jetpack_publicize_message":"","jetpack_publicize_feature_enabled":true,"jetpack_social_post_already_shared":true,"jetpack_social_options":{"image_generator_settings":{"template":"highway","default_image_id":0,"font":"","enabled":false},"version":2}},"categories":[11],"tags":[],"class_list":["post-75734","post","type-post","status-publish","format-standard","has-post-thumbnail","hentry","category-noticias-de-ribeirao-preto-sp-e-regiao-ismael-colosi"],"jetpack_publicize_connections":[],"jetpack_featured_media_url":"https:\/\/i0.wp.com\/noticiasribeiraopreto.com.br\/wp-content\/uploads\/2025\/08\/WhatsApp-Image-2025-08-14-at-10.07.19_2025-08-14_13-12-33.webp.webp?fit=1200%2C860&ssl=1","jetpack-related-posts":[{"id":58239,"url":"https:\/\/noticiasribeiraopreto.com.br\/index.php\/2024\/09\/22\/moradores-registram-incendio-de-grandes-proporcoes-em-ribeirao-preto-video\/","url_meta":{"origin":75734,"position":0},"title":"Moradores registram inc\u00eandio de grandes propor\u00e7\u00f5es em Ribeir\u00e3o Preto; V\u00eddeo","author":"noticiasribeiraopreto.com.br","date":"22 de September de 2024","format":false,"excerpt":"Um inc\u00eandio de grandes propor\u00e7\u00f5es assustou moradores dos bairros C\u00e2ndido Portinari e Jardim Ouro Branco, na zona Leste de Ribeir\u00e3o Preto, na noite do \u00faltimo s\u00e1bado (21). O fogo atingiu uma \u00e1rea de vegeta\u00e7\u00e3o \u2013 veja o v\u00eddeo abaixo. VEJA O V\u00cdDEO Ver essa foto no Instagram Uma publica\u00e7\u00e3o compartilhada\u2026","rel":"","context":"In &quot;Not\u00edcias de Ribeir\u00e3o Preto-SP e Regi\u00e3o&quot;","block_context":{"text":"Not\u00edcias de Ribeir\u00e3o Preto-SP e Regi\u00e3o","link":"https:\/\/noticiasribeiraopreto.com.br\/index.php\/category\/noticias-de-ribeirao-preto-sp-e-regiao-ismael-colosi\/"},"img":{"alt_text":"","src":"https:\/\/i0.wp.com\/noticiasribeiraopreto.com.br\/wp-content\/uploads\/2024\/09\/incendio-ribeirao-preto_2024-09-22_15-26-54_jpg_2024-09-22_15-26-55.webp.webp?fit=1200%2C775&ssl=1&resize=350%2C200","width":350,"height":200,"srcset":"https:\/\/i0.wp.com\/noticiasribeiraopreto.com.br\/wp-content\/uploads\/2024\/09\/incendio-ribeirao-preto_2024-09-22_15-26-54_jpg_2024-09-22_15-26-55.webp.webp?fit=1200%2C775&ssl=1&resize=350%2C200 1x, https:\/\/i0.wp.com\/noticiasribeiraopreto.com.br\/wp-content\/uploads\/2024\/09\/incendio-ribeirao-preto_2024-09-22_15-26-54_jpg_2024-09-22_15-26-55.webp.webp?fit=1200%2C775&ssl=1&resize=525%2C300 1.5x, https:\/\/i0.wp.com\/noticiasribeiraopreto.com.br\/wp-content\/uploads\/2024\/09\/incendio-ribeirao-preto_2024-09-22_15-26-54_jpg_2024-09-22_15-26-55.webp.webp?fit=1200%2C775&ssl=1&resize=700%2C400 2x, https:\/\/i0.wp.com\/noticiasribeiraopreto.com.br\/wp-content\/uploads\/2024\/09\/incendio-ribeirao-preto_2024-09-22_15-26-54_jpg_2024-09-22_15-26-55.webp.webp?fit=1200%2C775&ssl=1&resize=1050%2C600 3x"},"classes":[]},{"id":85076,"url":"https:\/\/noticiasribeiraopreto.com.br\/index.php\/2026\/04\/21\/incendio-de-grandes-proporcoes-atinge-area-ao-lado-de-casas-e-recinto-de-rodeio-no-interior-de-sp-video\/","url_meta":{"origin":75734,"position":1},"title":"Inc\u00eandio de grandes propor\u00e7\u00f5es atinge \u00e1rea ao lado de casas e recinto de rodeio no interior de SP; V\u00eddeo","author":"noticiasribeiraopreto.com.br","date":"21 de April de 2026","format":false,"excerpt":"Ler o resumo da not\u00edcia Inc\u00eandio de grandes propor\u00e7\u00f5es ocorreu na noite de 20 de abril em Ibat\u00e9, regi\u00e3o de S\u00e3o Carlos, interior de SP, pr\u00f3ximo a casas e ao recinto de rodeio. O fogo consumiu a palha da cana\u2011de\u2011a\u00e7\u00facar e foi controlado pelas equipes de combate. Na manh\u00e3 de\u2026","rel":"","context":"In &quot;Not\u00edcias de Ribeir\u00e3o Preto-SP e Regi\u00e3o&quot;","block_context":{"text":"Not\u00edcias de Ribeir\u00e3o Preto-SP e Regi\u00e3o","link":"https:\/\/noticiasribeiraopreto.com.br\/index.php\/category\/noticias-de-ribeirao-preto-sp-e-regiao-ismael-colosi\/"},"img":{"alt_text":"","src":"https:\/\/i0.wp.com\/noticiasribeiraopreto.com.br\/wp-content\/uploads\/2026\/04\/WhatsApp-Image-2026-04-21-at-10.26.27_2026-04-21_13-29-56.webp.webp?fit=1200%2C675&ssl=1&resize=350%2C200","width":350,"height":200,"srcset":"https:\/\/i0.wp.com\/noticiasribeiraopreto.com.br\/wp-content\/uploads\/2026\/04\/WhatsApp-Image-2026-04-21-at-10.26.27_2026-04-21_13-29-56.webp.webp?fit=1200%2C675&ssl=1&resize=350%2C200 1x, https:\/\/i0.wp.com\/noticiasribeiraopreto.com.br\/wp-content\/uploads\/2026\/04\/WhatsApp-Image-2026-04-21-at-10.26.27_2026-04-21_13-29-56.webp.webp?fit=1200%2C675&ssl=1&resize=525%2C300 1.5x, https:\/\/i0.wp.com\/noticiasribeiraopreto.com.br\/wp-content\/uploads\/2026\/04\/WhatsApp-Image-2026-04-21-at-10.26.27_2026-04-21_13-29-56.webp.webp?fit=1200%2C675&ssl=1&resize=700%2C400 2x, https:\/\/i0.wp.com\/noticiasribeiraopreto.com.br\/wp-content\/uploads\/2026\/04\/WhatsApp-Image-2026-04-21-at-10.26.27_2026-04-21_13-29-56.webp.webp?fit=1200%2C675&ssl=1&resize=1050%2C600 3x"},"classes":[]},{"id":58405,"url":"https:\/\/noticiasribeiraopreto.com.br\/index.php\/2024\/09\/26\/incendio-atinge-ferro-velho-na-zona-norte-de-ribeirao-preto-veja-video\/","url_meta":{"origin":75734,"position":2},"title":"Inc\u00eandio atinge ferro velho na zona Norte de Ribeir\u00e3o Preto; Veja v\u00eddeo","author":"noticiasribeiraopreto.com.br","date":"26 de September de 2024","format":false,"excerpt":"Um inc\u00eandio de grandes propor\u00e7\u00f5es destruiu um ferro velho na rua Orlando Gabriello, no Jardim Jandaia, zona Norte de Ribeir\u00e3o Preto, na tarde desta quinta-feira (26) \u2013 veja o v\u00eddeo abaixo. Nas imagens \u00e9 poss\u00edvel ver muito papel\u00e3o queimado e ferro retorcido. Uma caminhonete utilizada pelo ferro velho tamb\u00e9m foi\u2026","rel":"","context":"In &quot;Not\u00edcias de Ribeir\u00e3o Preto-SP e Regi\u00e3o&quot;","block_context":{"text":"Not\u00edcias de Ribeir\u00e3o Preto-SP e Regi\u00e3o","link":"https:\/\/noticiasribeiraopreto.com.br\/index.php\/category\/noticias-de-ribeirao-preto-sp-e-regiao-ismael-colosi\/"},"img":{"alt_text":"","src":"https:\/\/i0.wp.com\/noticiasribeiraopreto.com.br\/wp-content\/uploads\/2024\/09\/WhatsApp-Image-2024-09-26-at-13.40.14-3_2024-09-26_18-01-32_jpeg_2024-09-26_18-01-34-scaled.webp.webp?fit=1200%2C900&ssl=1&resize=350%2C200","width":350,"height":200,"srcset":"https:\/\/i0.wp.com\/noticiasribeiraopreto.com.br\/wp-content\/uploads\/2024\/09\/WhatsApp-Image-2024-09-26-at-13.40.14-3_2024-09-26_18-01-32_jpeg_2024-09-26_18-01-34-scaled.webp.webp?fit=1200%2C900&ssl=1&resize=350%2C200 1x, https:\/\/i0.wp.com\/noticiasribeiraopreto.com.br\/wp-content\/uploads\/2024\/09\/WhatsApp-Image-2024-09-26-at-13.40.14-3_2024-09-26_18-01-32_jpeg_2024-09-26_18-01-34-scaled.webp.webp?fit=1200%2C900&ssl=1&resize=525%2C300 1.5x, https:\/\/i0.wp.com\/noticiasribeiraopreto.com.br\/wp-content\/uploads\/2024\/09\/WhatsApp-Image-2024-09-26-at-13.40.14-3_2024-09-26_18-01-32_jpeg_2024-09-26_18-01-34-scaled.webp.webp?fit=1200%2C900&ssl=1&resize=700%2C400 2x, https:\/\/i0.wp.com\/noticiasribeiraopreto.com.br\/wp-content\/uploads\/2024\/09\/WhatsApp-Image-2024-09-26-at-13.40.14-3_2024-09-26_18-01-32_jpeg_2024-09-26_18-01-34-scaled.webp.webp?fit=1200%2C900&ssl=1&resize=1050%2C600 3x"},"classes":[]},{"id":84954,"url":"https:\/\/noticiasribeiraopreto.com.br\/index.php\/2026\/04\/18\/incendio-em-area-proxima-a-reciclaveis-assusta-moradores-da-zona-norte-de-ribeirao-video\/","url_meta":{"origin":75734,"position":3},"title":"Inc\u00eandio em \u00e1rea pr\u00f3xima a recicl\u00e1veis assusta moradores da zona Norte de Ribeir\u00e3o; V\u00eddeo","author":"noticiasribeiraopreto.com.br","date":"18 de April de 2026","format":false,"excerpt":"Ler o resumo da not\u00edcia \r Inc\u00eandio de grandes propor\u00e7\u00f5es ocorreu em terreno pr\u00f3ximo a dep\u00f3sito de recicl\u00e1veis no Parque Industrial Tanquinho, zona Norte de Ribeir\u00e3o Preto, na noite de 17\/04, \u00e0s 23h.\r As chamas se espalharam em cerca de 20 minutos, atingindo a fia\u00e7\u00e3o de um poste e a\u2026","rel":"","context":"In &quot;Not\u00edcias de Ribeir\u00e3o Preto-SP e Regi\u00e3o&quot;","block_context":{"text":"Not\u00edcias de Ribeir\u00e3o Preto-SP e Regi\u00e3o","link":"https:\/\/noticiasribeiraopreto.com.br\/index.php\/category\/noticias-de-ribeirao-preto-sp-e-regiao-ismael-colosi\/"},"img":{"alt_text":"","src":"https:\/\/i0.wp.com\/noticiasribeiraopreto.com.br\/wp-content\/uploads\/2026\/04\/palace-1_2026-04-18_13-49-55.webp.webp?fit=1200%2C675&ssl=1&resize=350%2C200","width":350,"height":200,"srcset":"https:\/\/i0.wp.com\/noticiasribeiraopreto.com.br\/wp-content\/uploads\/2026\/04\/palace-1_2026-04-18_13-49-55.webp.webp?fit=1200%2C675&ssl=1&resize=350%2C200 1x, https:\/\/i0.wp.com\/noticiasribeiraopreto.com.br\/wp-content\/uploads\/2026\/04\/palace-1_2026-04-18_13-49-55.webp.webp?fit=1200%2C675&ssl=1&resize=525%2C300 1.5x, https:\/\/i0.wp.com\/noticiasribeiraopreto.com.br\/wp-content\/uploads\/2026\/04\/palace-1_2026-04-18_13-49-55.webp.webp?fit=1200%2C675&ssl=1&resize=700%2C400 2x, https:\/\/i0.wp.com\/noticiasribeiraopreto.com.br\/wp-content\/uploads\/2026\/04\/palace-1_2026-04-18_13-49-55.webp.webp?fit=1200%2C675&ssl=1&resize=1050%2C600 3x"},"classes":[]},{"id":63376,"url":"https:\/\/noticiasribeiraopreto.com.br\/index.php\/2025\/02\/11\/incendio-atinge-teto-de-oficina-na-zona-leste-de-ribeirao-preto-veja-video\/","url_meta":{"origin":75734,"position":4},"title":"Inc\u00eandio atinge teto de oficina na zona Leste de Ribeir\u00e3o Preto; veja v\u00eddeo","author":"noticiasribeiraopreto.com.br","date":"11 de February de 2025","format":false,"excerpt":"Na tarde desta ter\u00e7a-feira (11), um inc\u00eandio de pequenas propor\u00e7\u00f5es atingiu o teto de uma oficina localizada na zona Leste de Ribeir\u00e3o Preto. O fogo foi causado por um curto-circuito no exaustor do local. O Corpo de Bombeiros foi acionado e conseguiu controlar as chamas. Segundo informa\u00e7\u00f5es da equipe de\u2026","rel":"","context":"In &quot;Not\u00edcias de Ribeir\u00e3o Preto-SP e Regi\u00e3o&quot;","block_context":{"text":"Not\u00edcias de Ribeir\u00e3o Preto-SP e Regi\u00e3o","link":"https:\/\/noticiasribeiraopreto.com.br\/index.php\/category\/noticias-de-ribeirao-preto-sp-e-regiao-ismael-colosi\/"},"img":{"alt_text":"","src":"https:\/\/i0.wp.com\/noticiasribeiraopreto.com.br\/wp-content\/uploads\/2025\/02\/Copia-de-Copia-de-Copia-de-TAMANHO-EXATO-PARA-FOTOS-NO-SISTEMA-NOVO-2025-02-11T171900.765_2025-02-11_20-19-27_png_2025-02-11_20-19-27.webp.webp?fit=1200%2C675&ssl=1&resize=350%2C200","width":350,"height":200,"srcset":"https:\/\/i0.wp.com\/noticiasribeiraopreto.com.br\/wp-content\/uploads\/2025\/02\/Copia-de-Copia-de-Copia-de-TAMANHO-EXATO-PARA-FOTOS-NO-SISTEMA-NOVO-2025-02-11T171900.765_2025-02-11_20-19-27_png_2025-02-11_20-19-27.webp.webp?fit=1200%2C675&ssl=1&resize=350%2C200 1x, https:\/\/i0.wp.com\/noticiasribeiraopreto.com.br\/wp-content\/uploads\/2025\/02\/Copia-de-Copia-de-Copia-de-TAMANHO-EXATO-PARA-FOTOS-NO-SISTEMA-NOVO-2025-02-11T171900.765_2025-02-11_20-19-27_png_2025-02-11_20-19-27.webp.webp?fit=1200%2C675&ssl=1&resize=525%2C300 1.5x, https:\/\/i0.wp.com\/noticiasribeiraopreto.com.br\/wp-content\/uploads\/2025\/02\/Copia-de-Copia-de-Copia-de-TAMANHO-EXATO-PARA-FOTOS-NO-SISTEMA-NOVO-2025-02-11T171900.765_2025-02-11_20-19-27_png_2025-02-11_20-19-27.webp.webp?fit=1200%2C675&ssl=1&resize=700%2C400 2x, https:\/\/i0.wp.com\/noticiasribeiraopreto.com.br\/wp-content\/uploads\/2025\/02\/Copia-de-Copia-de-Copia-de-TAMANHO-EXATO-PARA-FOTOS-NO-SISTEMA-NOVO-2025-02-11T171900.765_2025-02-11_20-19-27_png_2025-02-11_20-19-27.webp.webp?fit=1200%2C675&ssl=1&resize=1050%2C600 3x"},"classes":[]},{"id":78359,"url":"https:\/\/noticiasribeiraopreto.com.br\/index.php\/2025\/10\/09\/policia-investiga-suspeita-de-incendio-criminoso-em-supermercado-de-jardinopolis\/","url_meta":{"origin":75734,"position":5},"title":"Pol\u00edcia investiga suspeita de inc\u00eandio criminoso em supermercado de Jardin\u00f3polis","author":"noticiasribeiraopreto.com.br","date":"9 de October de 2025","format":false,"excerpt":"A Pol\u00edcia Civil investiga a suspeita de inc\u00eandio criminoso em um supermercado na madrugada desta quinta-feira (9), em Jardin\u00f3polis, na regi\u00e3o de Ribeir\u00e3o Preto. Segundo o boletim de ocorr\u00eancia (BO), uma mulher se apresentou como propriet\u00e1ria do Supermercado Salom\u00e3o, localizado na rua Mario Lamonato, e disse que estava em sua\u2026","rel":"","context":"In &quot;Not\u00edcias de Ribeir\u00e3o Preto-SP e Regi\u00e3o&quot;","block_context":{"text":"Not\u00edcias de Ribeir\u00e3o Preto-SP e Regi\u00e3o","link":"https:\/\/noticiasribeiraopreto.com.br\/index.php\/category\/noticias-de-ribeirao-preto-sp-e-regiao-ismael-colosi\/"},"img":{"alt_text":"","src":"https:\/\/i0.wp.com\/noticiasribeiraopreto.com.br\/wp-content\/uploads\/2025\/10\/supermercado-1_2025-10-09_13-07-07.webp.webp?fit=1200%2C644&ssl=1&resize=350%2C200","width":350,"height":200,"srcset":"https:\/\/i0.wp.com\/noticiasribeiraopreto.com.br\/wp-content\/uploads\/2025\/10\/supermercado-1_2025-10-09_13-07-07.webp.webp?fit=1200%2C644&ssl=1&resize=350%2C200 1x, https:\/\/i0.wp.com\/noticiasribeiraopreto.com.br\/wp-content\/uploads\/2025\/10\/supermercado-1_2025-10-09_13-07-07.webp.webp?fit=1200%2C644&ssl=1&resize=525%2C300 1.5x, https:\/\/i0.wp.com\/noticiasribeiraopreto.com.br\/wp-content\/uploads\/2025\/10\/supermercado-1_2025-10-09_13-07-07.webp.webp?fit=1200%2C644&ssl=1&resize=700%2C400 2x, https:\/\/i0.wp.com\/noticiasribeiraopreto.com.br\/wp-content\/uploads\/2025\/10\/supermercado-1_2025-10-09_13-07-07.webp.webp?fit=1200%2C644&ssl=1&resize=1050%2C600 3x"},"classes":[]}],"jetpack_sharing_enabled":true,"jetpack_shortlink":"https:\/\/wp.me\/peQAOb-jHw","_links":{"self":[{"href":"https:\/\/noticiasribeiraopreto.com.br\/index.php\/wp-json\/wp\/v2\/posts\/75734","targetHints":{"allow":["GET"]}}],"collection":[{"href":"https:\/\/noticiasribeiraopreto.com.br\/index.php\/wp-json\/wp\/v2\/posts"}],"about":[{"href":"https:\/\/noticiasribeiraopreto.com.br\/index.php\/wp-json\/wp\/v2\/types\/post"}],"author":[{"embeddable":true,"href":"https:\/\/noticiasribeiraopreto.com.br\/index.php\/wp-json\/wp\/v2\/users\/1"}],"replies":[{"embeddable":true,"href":"https:\/\/noticiasribeiraopreto.com.br\/index.php\/wp-json\/wp\/v2\/comments?post=75734"}],"version-history":[{"count":0,"href":"https:\/\/noticiasribeiraopreto.com.br\/index.php\/wp-json\/wp\/v2\/posts\/75734\/revisions"}],"wp:featuredmedia":[{"embeddable":true,"href":"https:\/\/noticiasribeiraopreto.com.br\/index.php\/wp-json\/wp\/v2\/media\/75735"}],"wp:attachment":[{"href":"https:\/\/noticiasribeiraopreto.com.br\/index.php\/wp-json\/wp\/v2\/media?parent=75734"}],"wp:term":[{"taxonomy":"category","embeddable":true,"href":"https:\/\/noticiasribeiraopreto.com.br\/index.php\/wp-json\/wp\/v2\/categories?post=75734"},{"taxonomy":"post_tag","embeddable":true,"href":"https:\/\/noticiasribeiraopreto.com.br\/index.php\/wp-json\/wp\/v2\/tags?post=75734"}],"curies":[{"name":"wp","href":"https:\/\/api.w.org\/{rel}","templated":true}]}}