{"id":75736,"date":"2025-08-14T15:18:51","date_gmt":"2025-08-14T18:18:51","guid":{"rendered":"https:\/\/noticiasribeiraopreto.com.br\/index.php\/2025\/08\/14\/adevirp-realiza-venda-de-1-500-lanches-de-pernil-para-apoiar-instituicao-veja-quando\/"},"modified":"2025-08-14T15:18:51","modified_gmt":"2025-08-14T18:18:51","slug":"adevirp-realiza-venda-de-1-500-lanches-de-pernil-para-apoiar-instituicao-veja-quando","status":"publish","type":"post","link":"https:\/\/noticiasribeiraopreto.com.br\/index.php\/2025\/08\/14\/adevirp-realiza-venda-de-1-500-lanches-de-pernil-para-apoiar-instituicao-veja-quando\/","title":{"rendered":"Adevirp realiza venda de 1.500 lanches de pernil para apoiar institui\u00e7\u00e3o; veja quando"},"content":{"rendered":"<div class='code-block code-block-1' style='margin: 8px 0 8px auto; text-align: right; display: block; clear: both;'>\n<p><a href=\"https:\/\/wa.link\/vpicfd\"><img data-recalc-dims=\"1\" class=\"wp-image-4922\" style=\"aspect-ratio: 2.0253164556962027; width: 561px; height: auto;\" src=\"https:\/\/i0.wp.com\/ismaelcolosi.com.br\/wp-content\/uploads\/2023\/11\/grupo-de-empregos-whatsapp-e-facebook-ismael-colosi-vagas.jpg?ssl=1\" alt=\"\" \/><\/a><\/p>\n<!-- \/wp:image -->\n<\/div>\n<p> <br \/>\n<\/p>\n<div data-td-block-uid=\"tdi_95\">\n<div class=\"tdb-block-inner td-fix-index\">\n<p>A <a href=\"https:\/\/adevirp.com.br\/\" data-type=\"link\" data-id=\"https:\/\/adevirp.com.br\/\" target=\"_blank\" rel=\"noopener\">Associa\u00e7\u00e3o dos Deficientes Visuais de Ribeir\u00e3o Preto e Regi\u00e3o (Adevirp)<\/a> promove, na sexta-feira (15), a venda de <strong>1.500 unidades do lanche de pernil<\/strong>, al\u00e9m de <strong>a\u00e7a\u00ed<\/strong>, em formato Drive Thru. A a\u00e7\u00e3o tem como objetivo arrecadar recursos para a institui\u00e7\u00e3o.<\/p>\n<p><strong>Os pedidos devem ser feitos antecipadamente pelo WhatsApp (16) 3913-1900<\/strong>, devido \u00e0 quantidade limitada de produtos dispon\u00edveis. A retirada dos pedidos ocorrer\u00e1 das 17h \u00e0s 21h, na sede da Adevirp, localizada na avenida Leais Paulista, 706, Jardim Iraj\u00e1, em Ribeir\u00e3o Preto.<\/p>\n<p>O<strong> lanche de pernil ser\u00e1 vendido a R$ 20,00<\/strong> e o <strong>a\u00e7a\u00ed Natureon 500ml a R$ 17,00<\/strong>. No modelo Drive Thru, os consumidores retiram os produtos sem sair do carro, buscando evitar aglomera\u00e7\u00f5es.<\/p>\n<hr class=\"wp-block-separator has-alpha-channel-opacity\"\/>\n<p>SAIBA MAIS<\/p>\n<p>O que se sabe sobre bar que faturou R$ 4 milh\u00f5es com tr\u00e1fico de drogas em Ribeir\u00e3o<\/p>\n<h2 class=\"wp-block-heading\"><strong>FIQUE ON<\/strong><\/h2>\n<p>Quer ficar por dentro de tudo que acontece em Ribeir\u00e3o Preto e regi\u00e3o? Ent\u00e3o siga os perfis do\u202facidade on\u202fno\u202f<a href=\"https:\/\/www.instagram.com\/acidadeonribeirao\" target=\"_blank\" rel=\"noreferrer noopener\">Instagram<\/a>\u202fe no\u202f<a href=\"https:\/\/www.facebook.com\/acidadeonribeirao\/\" target=\"_blank\" rel=\"noreferrer noopener\">Facebook<\/a>.<\/p>\n<p>Al\u00e9m disso, voc\u00ea pode receber as principais not\u00edcias diretamente no WhatsApp. Para isso, basta\u00a0<a href=\"https:\/\/chat.whatsapp.com\/BjKQZ9oJwlz8VVT50NuePq\" target=\"_blank\" rel=\"noreferrer noopener\">entrar no grupo clicando aqui<\/a>.<\/p>\n<p>Por fim, se quiser fazer uma den\u00fancia ou sugerir uma reportagem sobre Ribeir\u00e3o Preto e regi\u00e3o, envie uma mensagem pelo WhatsApp: (16) 99117-7802.<\/p>\n<p>VEJA TAMB\u00c9M<\/p>\n<p>A Mulher da Casa Abandonada morava em Campinas?<\/p>\n<p><!-- AI CONTENT END 1 -->\n<\/div>\n<\/div>\n<p><script async src=\"\/\/www.instagram.com\/embed.js\"><\/script><br \/>\n<br \/><br \/>\n<br \/><a href=\"https:\/\/www.acidadeon.com\/ribeiraopreto\/cotidiano\/adevirp-realiza-venda-de-1-500-lanches-de-pernil-para-apoiar-instituicao-veja-quando\/\">Source link <\/a><\/p>\n<!-- CONTENT END 1 -->\n","protected":false},"excerpt":{"rendered":"<p>A Associa\u00e7\u00e3o dos Deficientes Visuais de Ribeir\u00e3o Preto e Regi\u00e3o (Adevirp) promove, na sexta-feira (15), a venda de 1.500 unidades do lanche de pernil, al\u00e9m&#8230;<\/p>\n","protected":false},"author":1,"featured_media":75737,"comment_status":"open","ping_status":"open","sticky":false,"template":"","format":"standard","meta":{"advanced_seo_description":"","jetpack_seo_html_title":"","jetpack_seo_noindex":false,"jetpack_post_was_ever_published":false,"_jetpack_newsletter_access":"","_jetpack_dont_email_post_to_subs":false,"_jetpack_newsletter_tier_id":0,"_jetpack_memberships_contains_paywalled_content":false,"_jetpack_memberships_contains_paid_content":false,"footnotes":"","jetpack_publicize_message":"","jetpack_publicize_feature_enabled":true,"jetpack_social_post_already_shared":true,"jetpack_social_options":{"image_generator_settings":{"template":"highway","default_image_id":0,"font":"","enabled":false},"version":2}},"categories":[11],"tags":[],"class_list":["post-75736","post","type-post","status-publish","format-standard","has-post-thumbnail","hentry","category-noticias-de-ribeirao-preto-sp-e-regiao-ismael-colosi"],"jetpack_publicize_connections":[],"jetpack_featured_media_url":"https:\/\/i0.wp.com\/noticiasribeiraopreto.com.br\/wp-content\/uploads\/2025\/08\/Copia-de-Copia-de-Copia-de-TAMANHO-EXATO-PARA-FOTOS-NO-SISTEMA-NOVO-2025-08-14T134450.680_2025-08-14_16-45-01.webp.webp?fit=1200%2C675&ssl=1","jetpack-related-posts":[{"id":61182,"url":"https:\/\/noticiasribeiraopreto.com.br\/index.php\/2024\/12\/05\/adevirp-realiza-festa-com-sorteio-de-carro-em-ribeirao-preto-veja-como-participar\/","url_meta":{"origin":75736,"position":0},"title":"Adevirp realiza festa com sorteio de carro em Ribeir\u00e3o Preto; Veja como participar","author":"noticiasribeiraopreto.com.br","date":"5 de December de 2024","format":false,"excerpt":"A Adevirp (Associa\u00e7\u00e3o dos Deficientes Visuais de Ribeir\u00e3o Preto) realiza na sexta-feira (13), a partir das 18h30, a \u201cNoite Premiada\u201d, com muita comida, bingo e sorteio de pr\u00eamios, incluindo um carro Renault Kwid 0 KM. A entrada custa R$ 10 e d\u00e1 direito a uma cartela do bingo com pr\u00eamios\u2026","rel":"","context":"In &quot;Not\u00edcias de Ribeir\u00e3o Preto-SP e Regi\u00e3o&quot;","block_context":{"text":"Not\u00edcias de Ribeir\u00e3o Preto-SP e Regi\u00e3o","link":"https:\/\/noticiasribeiraopreto.com.br\/index.php\/category\/noticias-de-ribeirao-preto-sp-e-regiao-ismael-colosi\/"},"img":{"alt_text":"","src":"https:\/\/i0.wp.com\/noticiasribeiraopreto.com.br\/wp-content\/uploads\/2024\/12\/noite-premiada-acirp_2024-12-05_16-11-32_jpg_2024-12-05_16-11-32.webp.webp?fit=1078%2C828&ssl=1&resize=350%2C200","width":350,"height":200,"srcset":"https:\/\/i0.wp.com\/noticiasribeiraopreto.com.br\/wp-content\/uploads\/2024\/12\/noite-premiada-acirp_2024-12-05_16-11-32_jpg_2024-12-05_16-11-32.webp.webp?fit=1078%2C828&ssl=1&resize=350%2C200 1x, https:\/\/i0.wp.com\/noticiasribeiraopreto.com.br\/wp-content\/uploads\/2024\/12\/noite-premiada-acirp_2024-12-05_16-11-32_jpg_2024-12-05_16-11-32.webp.webp?fit=1078%2C828&ssl=1&resize=525%2C300 1.5x, https:\/\/i0.wp.com\/noticiasribeiraopreto.com.br\/wp-content\/uploads\/2024\/12\/noite-premiada-acirp_2024-12-05_16-11-32_jpg_2024-12-05_16-11-32.webp.webp?fit=1078%2C828&ssl=1&resize=700%2C400 2x, https:\/\/i0.wp.com\/noticiasribeiraopreto.com.br\/wp-content\/uploads\/2024\/12\/noite-premiada-acirp_2024-12-05_16-11-32_jpg_2024-12-05_16-11-32.webp.webp?fit=1078%2C828&ssl=1&resize=1050%2C600 3x"},"classes":[]},{"id":41786,"url":"https:\/\/noticiasribeiraopreto.com.br\/index.php\/2024\/03\/11\/adevirp-fatura-mais-de-r130mil-no-the-wall\/","url_meta":{"origin":75736,"position":1},"title":"Adevirp fatura mais de R$130mil no The Wall","author":"noticiasribeiraopreto.com.br","date":"11 de March de 2024","format":false,"excerpt":"Associa\u00e7\u00e3o de Ribeir\u00e3o Preto participou do programa no \u00faltimo domingo. Recurso vai para o atendimento de mais de 250 pessoas com defici\u00eancia visual. 11 de mar\u00e7o de 2024 | 12:04 0Em seu ano jubilar, a Adevirp ganha espa\u00e7o na programa\u00e7\u00e3o nacional da TV Globo. Com a participa\u00e7\u00e3o da fundadora e\u2026","rel":"","context":"In &quot;Not\u00edcias de Ribeir\u00e3o Preto-SP e Regi\u00e3o&quot;","block_context":{"text":"Not\u00edcias de Ribeir\u00e3o Preto-SP e Regi\u00e3o","link":"https:\/\/noticiasribeiraopreto.com.br\/index.php\/category\/noticias-de-ribeirao-preto-sp-e-regiao-ismael-colosi\/"},"img":{"alt_text":"","src":"https:\/\/i0.wp.com\/noticiasribeiraopreto.com.br\/wp-content\/uploads\/2024\/03\/0a6777d8-d18d-4452-b260-ee19cf8569ff-scaled.jpg?fit=860%2C645&ssl=1&resize=350%2C200","width":350,"height":200,"srcset":"https:\/\/i0.wp.com\/noticiasribeiraopreto.com.br\/wp-content\/uploads\/2024\/03\/0a6777d8-d18d-4452-b260-ee19cf8569ff-scaled.jpg?fit=860%2C645&ssl=1&resize=350%2C200 1x, https:\/\/i0.wp.com\/noticiasribeiraopreto.com.br\/wp-content\/uploads\/2024\/03\/0a6777d8-d18d-4452-b260-ee19cf8569ff-scaled.jpg?fit=860%2C645&ssl=1&resize=525%2C300 1.5x, https:\/\/i0.wp.com\/noticiasribeiraopreto.com.br\/wp-content\/uploads\/2024\/03\/0a6777d8-d18d-4452-b260-ee19cf8569ff-scaled.jpg?fit=860%2C645&ssl=1&resize=700%2C400 2x"},"classes":[]},{"id":83862,"url":"https:\/\/noticiasribeiraopreto.com.br\/index.php\/2026\/03\/27\/adevirp-lanca-pedra-fundamental-de-obra-de-r-35-milhoes-em-ribeirao-preto\/","url_meta":{"origin":75736,"position":2},"title":"Adevirp lan\u00e7a pedra fundamental de obra de R$ 3,5 milh\u00f5es em Ribeir\u00e3o Preto","author":"noticiasribeiraopreto.com.br","date":"27 de March de 2026","format":false,"excerpt":"A Associa\u00e7\u00e3o dos Deficientes Visuais de Ribeir\u00e3o Preto (Adevirp) iniciou, nesta sexta-feira (27), uma nova etapa de crescimento com o lan\u00e7amento da pedra fundamental de sua amplia\u00e7\u00e3o. A entidade viabilizou o projeto com um investimento de R$ 3,5 milh\u00f5es, proveniente de recursos do Minist\u00e9rio P\u00fablico do Trabalho (MPT). Pedra Fundamental\u2026","rel":"","context":"In &quot;Not\u00edcias de Ribeir\u00e3o Preto-SP e Regi\u00e3o&quot;","block_context":{"text":"Not\u00edcias de Ribeir\u00e3o Preto-SP e Regi\u00e3o","link":"https:\/\/noticiasribeiraopreto.com.br\/index.php\/category\/noticias-de-ribeirao-preto-sp-e-regiao-ismael-colosi\/"},"img":{"alt_text":"","src":"https:\/\/i0.wp.com\/noticiasribeiraopreto.com.br\/wp-content\/uploads\/2026\/03\/palace-94_2026-03-27_15-40-05.webp.webp?fit=1200%2C675&ssl=1&resize=350%2C200","width":350,"height":200,"srcset":"https:\/\/i0.wp.com\/noticiasribeiraopreto.com.br\/wp-content\/uploads\/2026\/03\/palace-94_2026-03-27_15-40-05.webp.webp?fit=1200%2C675&ssl=1&resize=350%2C200 1x, https:\/\/i0.wp.com\/noticiasribeiraopreto.com.br\/wp-content\/uploads\/2026\/03\/palace-94_2026-03-27_15-40-05.webp.webp?fit=1200%2C675&ssl=1&resize=525%2C300 1.5x, https:\/\/i0.wp.com\/noticiasribeiraopreto.com.br\/wp-content\/uploads\/2026\/03\/palace-94_2026-03-27_15-40-05.webp.webp?fit=1200%2C675&ssl=1&resize=700%2C400 2x, https:\/\/i0.wp.com\/noticiasribeiraopreto.com.br\/wp-content\/uploads\/2026\/03\/palace-94_2026-03-27_15-40-05.webp.webp?fit=1200%2C675&ssl=1&resize=1050%2C600 3x"},"classes":[]},{"id":66001,"url":"https:\/\/noticiasribeiraopreto.com.br\/index.php\/2025\/03\/26\/adevirp-anuncia-novos-esportes-e-consultorio-oftalmologico-na-semana-de-aniversario\/","url_meta":{"origin":75736,"position":3},"title":"Adevirp anuncia novos esportes e consult\u00f3rio oftalmol\u00f3gico na semana de anivers\u00e1rio","author":"noticiasribeiraopreto.com.br","date":"26 de March de 2025","format":false,"excerpt":"A Adevirp (Associa\u00e7\u00e3o dos Deficientes Visuais de Ribeir\u00e3o Preto e Regi\u00e3o) completa 27 anos nesta quinta-feira (27) e anuncia novidades para 2025, como a inclus\u00e3o de novos esportes no projeto e a inaugura\u00e7\u00e3o de um consult\u00f3rio oftalmol\u00f3gico ainda no primeiro semestre. De acordo com a associa\u00e7\u00e3o, em breve haver\u00e1 a\u2026","rel":"","context":"In &quot;Not\u00edcias de Ribeir\u00e3o Preto-SP e Regi\u00e3o&quot;","block_context":{"text":"Not\u00edcias de Ribeir\u00e3o Preto-SP e Regi\u00e3o","link":"https:\/\/noticiasribeiraopreto.com.br\/index.php\/category\/noticias-de-ribeirao-preto-sp-e-regiao-ismael-colosi\/"},"img":{"alt_text":"","src":"https:\/\/i0.wp.com\/noticiasribeiraopreto.com.br\/wp-content\/uploads\/2025\/03\/adevirp_2025-03-26_21-16-48_jpg_2025-03-26_21-16-49.webp.webp?fit=1200%2C800&ssl=1&resize=350%2C200","width":350,"height":200,"srcset":"https:\/\/i0.wp.com\/noticiasribeiraopreto.com.br\/wp-content\/uploads\/2025\/03\/adevirp_2025-03-26_21-16-48_jpg_2025-03-26_21-16-49.webp.webp?fit=1200%2C800&ssl=1&resize=350%2C200 1x, https:\/\/i0.wp.com\/noticiasribeiraopreto.com.br\/wp-content\/uploads\/2025\/03\/adevirp_2025-03-26_21-16-48_jpg_2025-03-26_21-16-49.webp.webp?fit=1200%2C800&ssl=1&resize=525%2C300 1.5x, https:\/\/i0.wp.com\/noticiasribeiraopreto.com.br\/wp-content\/uploads\/2025\/03\/adevirp_2025-03-26_21-16-48_jpg_2025-03-26_21-16-49.webp.webp?fit=1200%2C800&ssl=1&resize=700%2C400 2x, https:\/\/i0.wp.com\/noticiasribeiraopreto.com.br\/wp-content\/uploads\/2025\/03\/adevirp_2025-03-26_21-16-48_jpg_2025-03-26_21-16-49.webp.webp?fit=1200%2C800&ssl=1&resize=1050%2C600 3x"},"classes":[]},{"id":52804,"url":"https:\/\/noticiasribeiraopreto.com.br\/index.php\/2024\/06\/12\/adevirp-realiza-festa-junina-aberta-ao-publico-com-correio-elegante-em-braille-saiba-mais\/","url_meta":{"origin":75736,"position":4},"title":"Adevirp realiza festa junina aberta ao p\u00fablico com correio elegante em braille; Saiba mais","author":"noticiasribeiraopreto.com.br","date":"12 de June de 2024","format":false,"excerpt":"A Adevirp (Associa\u00e7\u00e3o dos Deficientes Visuais de Ribeir\u00e3o Preto e regi\u00e3o) realiza a tradicional festa junina nesta sexta-feira (14). O hor\u00e1rio ser\u00e1 a partir das 18h30, na sede da associa\u00e7\u00e3o, que fica no bairro Jardim Iraj\u00e1, na zona Sul da cidade. Durante o evento, al\u00e9m de barracas com comidas t\u00edpicas,\u2026","rel":"","context":"In &quot;Not\u00edcias de Ribeir\u00e3o Preto-SP e Regi\u00e3o&quot;","block_context":{"text":"Not\u00edcias de Ribeir\u00e3o Preto-SP e Regi\u00e3o","link":"https:\/\/noticiasribeiraopreto.com.br\/index.php\/category\/noticias-de-ribeirao-preto-sp-e-regiao-ismael-colosi\/"},"img":{"alt_text":"","src":"https:\/\/i0.wp.com\/noticiasribeiraopreto.com.br\/wp-content\/uploads\/2024\/06\/Copia-de-Copia-de-TAMANHO-EXATO-PARA-FOTOS-NO-SISTEMA-NOVO-1_2024-06-12_19-00-24_png_2024-06-12_19-00-24.webp.webp?fit=1200%2C675&ssl=1&resize=350%2C200","width":350,"height":200,"srcset":"https:\/\/i0.wp.com\/noticiasribeiraopreto.com.br\/wp-content\/uploads\/2024\/06\/Copia-de-Copia-de-TAMANHO-EXATO-PARA-FOTOS-NO-SISTEMA-NOVO-1_2024-06-12_19-00-24_png_2024-06-12_19-00-24.webp.webp?fit=1200%2C675&ssl=1&resize=350%2C200 1x, https:\/\/i0.wp.com\/noticiasribeiraopreto.com.br\/wp-content\/uploads\/2024\/06\/Copia-de-Copia-de-TAMANHO-EXATO-PARA-FOTOS-NO-SISTEMA-NOVO-1_2024-06-12_19-00-24_png_2024-06-12_19-00-24.webp.webp?fit=1200%2C675&ssl=1&resize=525%2C300 1.5x, https:\/\/i0.wp.com\/noticiasribeiraopreto.com.br\/wp-content\/uploads\/2024\/06\/Copia-de-Copia-de-TAMANHO-EXATO-PARA-FOTOS-NO-SISTEMA-NOVO-1_2024-06-12_19-00-24_png_2024-06-12_19-00-24.webp.webp?fit=1200%2C675&ssl=1&resize=700%2C400 2x, https:\/\/i0.wp.com\/noticiasribeiraopreto.com.br\/wp-content\/uploads\/2024\/06\/Copia-de-Copia-de-TAMANHO-EXATO-PARA-FOTOS-NO-SISTEMA-NOVO-1_2024-06-12_19-00-24_png_2024-06-12_19-00-24.webp.webp?fit=1200%2C675&ssl=1&resize=1050%2C600 3x"},"classes":[]},{"id":41274,"url":"https:\/\/noticiasribeiraopreto.com.br\/index.php\/2024\/03\/07\/adevirp-participa-do-the-wall-no-domingao-com-huck\/","url_meta":{"origin":75736,"position":5},"title":"Adevirp participa do The Wall, no Doming\u00e3o com Huck","author":"noticiasribeiraopreto.com.br","date":"7 de March de 2024","format":false,"excerpt":"O programa ser\u00e1 exibido no domingo (10), a partir das 18h, no programa Doming\u00e3o com Huck, na Tv Globo. 7 de mar\u00e7o de 2024 | 11:527 de mar\u00e7o de 2024 | 11:53 0No domingo (10), a Associa\u00e7\u00e3o dos Deficientes Visuais de Ribeir\u00e3o Preto e Regi\u00e3o (Adevirp) participar\u00e1 do quadro The\u2026","rel":"","context":"In &quot;Not\u00edcias de Ribeir\u00e3o Preto-SP e Regi\u00e3o&quot;","block_context":{"text":"Not\u00edcias de Ribeir\u00e3o Preto-SP e Regi\u00e3o","link":"https:\/\/noticiasribeiraopreto.com.br\/index.php\/category\/noticias-de-ribeirao-preto-sp-e-regiao-ismael-colosi\/"},"img":{"alt_text":"","src":"https:\/\/i0.wp.com\/noticiasribeiraopreto.com.br\/wp-content\/uploads\/2024\/03\/IMG_7637-scaled.jpg?fit=645%2C645&ssl=1&resize=350%2C200","width":350,"height":200,"srcset":"https:\/\/i0.wp.com\/noticiasribeiraopreto.com.br\/wp-content\/uploads\/2024\/03\/IMG_7637-scaled.jpg?fit=645%2C645&ssl=1&resize=350%2C200 1x, https:\/\/i0.wp.com\/noticiasribeiraopreto.com.br\/wp-content\/uploads\/2024\/03\/IMG_7637-scaled.jpg?fit=645%2C645&ssl=1&resize=525%2C300 1.5x"},"classes":[]}],"jetpack_sharing_enabled":true,"jetpack_shortlink":"https:\/\/wp.me\/peQAOb-jHy","_links":{"self":[{"href":"https:\/\/noticiasribeiraopreto.com.br\/index.php\/wp-json\/wp\/v2\/posts\/75736","targetHints":{"allow":["GET"]}}],"collection":[{"href":"https:\/\/noticiasribeiraopreto.com.br\/index.php\/wp-json\/wp\/v2\/posts"}],"about":[{"href":"https:\/\/noticiasribeiraopreto.com.br\/index.php\/wp-json\/wp\/v2\/types\/post"}],"author":[{"embeddable":true,"href":"https:\/\/noticiasribeiraopreto.com.br\/index.php\/wp-json\/wp\/v2\/users\/1"}],"replies":[{"embeddable":true,"href":"https:\/\/noticiasribeiraopreto.com.br\/index.php\/wp-json\/wp\/v2\/comments?post=75736"}],"version-history":[{"count":0,"href":"https:\/\/noticiasribeiraopreto.com.br\/index.php\/wp-json\/wp\/v2\/posts\/75736\/revisions"}],"wp:featuredmedia":[{"embeddable":true,"href":"https:\/\/noticiasribeiraopreto.com.br\/index.php\/wp-json\/wp\/v2\/media\/75737"}],"wp:attachment":[{"href":"https:\/\/noticiasribeiraopreto.com.br\/index.php\/wp-json\/wp\/v2\/media?parent=75736"}],"wp:term":[{"taxonomy":"category","embeddable":true,"href":"https:\/\/noticiasribeiraopreto.com.br\/index.php\/wp-json\/wp\/v2\/categories?post=75736"},{"taxonomy":"post_tag","embeddable":true,"href":"https:\/\/noticiasribeiraopreto.com.br\/index.php\/wp-json\/wp\/v2\/tags?post=75736"}],"curies":[{"name":"wp","href":"https:\/\/api.w.org\/{rel}","templated":true}]}}