{"id":75738,"date":"2025-08-14T15:26:38","date_gmt":"2025-08-14T18:26:38","guid":{"rendered":"https:\/\/noticiasribeiraopreto.com.br\/index.php\/2025\/08\/14\/ribeirao-preto-lanca-ambulatorio-de-saude-voltado-a-populacao-lgbtqiapn\/"},"modified":"2025-08-14T15:26:38","modified_gmt":"2025-08-14T18:26:38","slug":"ribeirao-preto-lanca-ambulatorio-de-saude-voltado-a-populacao-lgbtqiapn","status":"publish","type":"post","link":"https:\/\/noticiasribeiraopreto.com.br\/index.php\/2025\/08\/14\/ribeirao-preto-lanca-ambulatorio-de-saude-voltado-a-populacao-lgbtqiapn\/","title":{"rendered":"Ribeir\u00e3o Preto lan\u00e7a ambulat\u00f3rio de sa\u00fade voltado \u00e0 popula\u00e7\u00e3o LGBTQIAPN+"},"content":{"rendered":"<div class='code-block code-block-1' style='margin: 8px 0 8px auto; text-align: right; display: block; clear: both;'>\n<p><a href=\"https:\/\/wa.link\/vpicfd\"><img data-recalc-dims=\"1\" class=\"wp-image-4922\" style=\"aspect-ratio: 2.0253164556962027; width: 561px; height: auto;\" src=\"https:\/\/i0.wp.com\/ismaelcolosi.com.br\/wp-content\/uploads\/2023\/11\/grupo-de-empregos-whatsapp-e-facebook-ismael-colosi-vagas.jpg?ssl=1\" alt=\"\" \/><\/a><\/p>\n<!-- \/wp:image -->\n<\/div>\n<p> <br \/>\n<\/p>\n<div>\n<p>A <strong>Secretaria da Sa\u00fade de Ribeir\u00e3o Preto<\/strong> lan\u00e7ou na \u00faltima quarta-feira (13), um novo servi\u00e7o de sa\u00fade voltado \u00e0 popula\u00e7\u00e3o <strong>LGBTQIAPN+<\/strong>. A proposta \u00e9 oferecer um atendimento acolhedor e especializado para pessoas l\u00e9sbicas, gays, bissexuais, trans e n\u00e3o-bin\u00e1rias.<\/p>\n<p>O Ambulat\u00f3rio de Diversidade Sexual funcionar\u00e1 \u00e0s quartas-feiras no HEB (<strong>Hospital Electro Bonini<\/strong>), da <strong>Unaerp <\/strong>(Universidade de Ribeir\u00e3o Preto), com atendimentos realizados pelo SUS, via conv\u00eanio com a Secretaria Municipal de Sa\u00fade.<\/p>\n<h2 class=\"wp-block-heading\"><strong>Especialidades<\/strong><\/h2>\n<p>O ambulat\u00f3rio tem como foco cuidados ginecol\u00f3gicos, hormonais, reprodutivos e psicol\u00f3gicos. A iniciativa prev\u00ea ainda a atua\u00e7\u00e3o interdisciplinar entre diferentes \u00e1reas da sa\u00fade, com a inclus\u00e3o de atendimento psicol\u00f3gico semanal e acolhimento familiar para adolescentes trans.<\/p>\n<p>Entre os servi\u00e7os previstos para mulheres l\u00e9sbicas e bissexuais est\u00e3o:<\/p>\n<ul class=\"wp-block-list\">\n<li>os exames de rastreamento de c\u00e2ncer de colo do \u00fatero e mama, avalia\u00e7\u00e3o de disfun\u00e7\u00f5es sexuais, orienta\u00e7\u00f5es sobre contracep\u00e7\u00e3o, reprodu\u00e7\u00e3o assistida e indu\u00e7\u00e3o da lacta\u00e7\u00e3o para m\u00e3es que n\u00e3o gestam.<\/li>\n<\/ul>\n<p>Para pessoas trans e n\u00e3o-bin\u00e1rias, o ambulat\u00f3rio oferecer\u00e1 acompanhamento em:<\/p>\n<ul class=\"wp-block-list\">\n<li>terapia hormonal de afirma\u00e7\u00e3o de g\u00eanero, rastreamentos oncol\u00f3gicos (como c\u00e2ncer de mama, pr\u00f3stata e colo do \u00fatero), avalia\u00e7\u00e3o de disfun\u00e7\u00f5es sexuais, acolhimento familiar para adolescentes trans, apoio psicol\u00f3gico, orienta\u00e7\u00f5es sobre sa\u00fade reprodutiva e relat\u00f3rio multidisciplinar para encaminhamento de cirurgias de redesigna\u00e7\u00e3o sexual.<\/li>\n<\/ul>\n<p>Homens gays e bissexuais ter\u00e3o acesso a:<\/p>\n<ul class=\"wp-block-list\">\n<li>rastreamentos oncol\u00f3gicos de pr\u00f3stata e anorretal (projeto em fase de estrutura\u00e7\u00e3o), orienta\u00e7\u00e3o sobre reprodu\u00e7\u00e3o assistida e avalia\u00e7\u00e3o de disfun\u00e7\u00f5es sexuais.<\/li>\n<\/ul>\n<p>Os atendimentos no ambulat\u00f3rio ser\u00e3o realizados por meio de encaminhamentos das unidades de sa\u00fade. Com o conv\u00eanio, o ambulat\u00f3rio amplia a oferta de atendimentos especializados, com foco na equidade e inclus\u00e3o em sa\u00fade.<\/p>\n<p>\u201cO ambulat\u00f3rio tem como objetivo preencher uma lacuna hist\u00f3rica de acesso e qualifica\u00e7\u00e3o do cuidado \u00e0 popula\u00e7\u00e3o LGBTQIAPN+. \u00c9 um avan\u00e7o concreto na luta contra o preconceito e na constru\u00e7\u00e3o de uma sa\u00fade p\u00fablica verdadeiramente universal, integral e equ\u00e2nime\u201d, afirma o secret\u00e1rio da Sa\u00fade, Maur\u00edcio Godinho.<\/p>\n<p>SAIBA MAIS<br \/>C\u00e2mara Municipal aprova projeto que concede \u00e1rea da Recra ao Sesc Ribeir\u00e3o<\/p>\n<h2 class=\"wp-block-heading\"><strong>FIQUE ON<\/strong><\/h2>\n<p>Fique ligado em tudo que acontece em Ribeir\u00e3o Preto e regi\u00e3o. Siga os perfis do\u00a0<strong>acidade on\u00a0<\/strong>no\u00a0<a href=\"https:\/\/www.instagram.com\/acidadeonribeirao\" target=\"_blank\" rel=\"noreferrer noopener\">Instagram\u00a0<\/a>e no\u00a0<a href=\"https:\/\/www.facebook.com\/acidadeonribeirao\/\" target=\"_blank\" rel=\"noreferrer noopener\">Facebook<\/a>.<\/p>\n<p>Receba not\u00edcias do<strong>\u00a0acidade on<\/strong>\u00a0no WhatsApp. Para entrar no grupo, basta clicar aqui.<\/p>\n<p>Fa\u00e7a uma den\u00fancia ou sugira uma reportagem sobre Ribeir\u00e3o Preto e regi\u00e3o pelo WhatsApp: 16 99117 7802.<\/p>\n<p>VEJA TAMB\u00c9M<br \/>Em quais cidades a Azul encerrou as atividades?<\/p>\n<p><!-- AI CONTENT END 1 -->\n<\/div>\n<p><script async src=\"\/\/www.instagram.com\/embed.js\"><\/script><br \/>\n<br \/><br \/>\n<br \/><a href=\"https:\/\/www.acidadeon.com\/ribeiraopreto\/cotidiano\/ribeirao-preto-lanca-ambulatorio-de-saude-voltado-a-populacao-lgbtqiapn\/\">Source link <\/a><\/p>\n<!-- CONTENT END 1 -->\n","protected":false},"excerpt":{"rendered":"<p>A Secretaria da Sa\u00fade de Ribeir\u00e3o Preto lan\u00e7ou na \u00faltima quarta-feira (13), um novo servi\u00e7o de sa\u00fade voltado \u00e0 popula\u00e7\u00e3o LGBTQIAPN+. A proposta \u00e9 oferecer&#8230;<\/p>\n","protected":false},"author":1,"featured_media":75739,"comment_status":"open","ping_status":"open","sticky":false,"template":"","format":"standard","meta":{"advanced_seo_description":"","jetpack_seo_html_title":"","jetpack_seo_noindex":false,"jetpack_post_was_ever_published":false,"_jetpack_newsletter_access":"","_jetpack_dont_email_post_to_subs":false,"_jetpack_newsletter_tier_id":0,"_jetpack_memberships_contains_paywalled_content":false,"_jetpack_memberships_contains_paid_content":false,"footnotes":"","jetpack_publicize_message":"","jetpack_publicize_feature_enabled":true,"jetpack_social_post_already_shared":true,"jetpack_social_options":{"image_generator_settings":{"template":"highway","default_image_id":0,"font":"","enabled":false},"version":2}},"categories":[11],"tags":[],"class_list":["post-75738","post","type-post","status-publish","format-standard","has-post-thumbnail","hentry","category-noticias-de-ribeirao-preto-sp-e-regiao-ismael-colosi"],"jetpack_publicize_connections":[],"jetpack_featured_media_url":"https:\/\/i0.wp.com\/noticiasribeiraopreto.com.br\/wp-content\/uploads\/2025\/08\/ambulatorio-lgbt_2025-08-14_16-08-33.webp.webp?fit=1200%2C800&ssl=1","jetpack-related-posts":[{"id":83058,"url":"https:\/\/noticiasribeiraopreto.com.br\/index.php\/2026\/03\/08\/saude-municipal-podera-fazer-perguntas-sobre-sexualidade\/","url_meta":{"origin":75738,"position":0},"title":"Sa\u00fade municipal poder\u00e1 fazer perguntas sobre sexualidade","author":"noticiasribeiraopreto.com.br","date":"8 de March de 2026","format":false,"excerpt":"Um projeto de lei em an\u00e1lise na C\u00e2mara de Vereadores de Ribeir\u00e3o Preto pretende incluir perguntas sobre a sexualidade e transgeneridade no atendimento realizado nos servi\u00e7os de sa\u00fade municipais de Ribeir\u00e3o Preto. Segundo a proposta, as Unidades Municipais de Sa\u00fade (UBS), incluindo os servi\u00e7os da administra\u00e7\u00e3o direta e indireta, devem\u2026","rel":"","context":"In &quot;Not\u00edcias de Ribeir\u00e3o Preto-SP e Regi\u00e3o&quot;","block_context":{"text":"Not\u00edcias de Ribeir\u00e3o Preto-SP e Regi\u00e3o","link":"https:\/\/noticiasribeiraopreto.com.br\/index.php\/category\/noticias-de-ribeirao-preto-sp-e-regiao-ismael-colosi\/"},"img":{"alt_text":"","src":"https:\/\/i0.wp.com\/noticiasribeiraopreto.com.br\/wp-content\/uploads\/2026\/03\/1_perguntas_UBS_trans_AlfredoRisk-scaled.jpeg?fit=1170%2C780&ssl=1&resize=350%2C200","width":350,"height":200,"srcset":"https:\/\/i0.wp.com\/noticiasribeiraopreto.com.br\/wp-content\/uploads\/2026\/03\/1_perguntas_UBS_trans_AlfredoRisk-scaled.jpeg?fit=1170%2C780&ssl=1&resize=350%2C200 1x, https:\/\/i0.wp.com\/noticiasribeiraopreto.com.br\/wp-content\/uploads\/2026\/03\/1_perguntas_UBS_trans_AlfredoRisk-scaled.jpeg?fit=1170%2C780&ssl=1&resize=525%2C300 1.5x, https:\/\/i0.wp.com\/noticiasribeiraopreto.com.br\/wp-content\/uploads\/2026\/03\/1_perguntas_UBS_trans_AlfredoRisk-scaled.jpeg?fit=1170%2C780&ssl=1&resize=700%2C400 2x, https:\/\/i0.wp.com\/noticiasribeiraopreto.com.br\/wp-content\/uploads\/2026\/03\/1_perguntas_UBS_trans_AlfredoRisk-scaled.jpeg?fit=1170%2C780&ssl=1&resize=1050%2C600 3x"},"classes":[]},{"id":67439,"url":"https:\/\/noticiasribeiraopreto.com.br\/index.php\/2025\/04\/14\/jornal-da-franca-novo-nga-avanca-no-jardim-botanico-e-vai-ampliar-atendimentos-de-saude-em-franca\/","url_meta":{"origin":75738,"position":1},"title":"Jornal da Franca &#8211; Novo NGA avan\u00e7a no Jardim Bot\u00e2nico e vai ampliar atendimentos de sa\u00fade em Franca","author":"noticiasribeiraopreto.com.br","date":"14 de April de 2025","format":false,"excerpt":"compartilhar no whatsapp compartilhar no telegram compartilhar no facebook compartilhar no linkedin Obras do novo NGA entram em nova fase e prometem ampliar servi\u00e7os de sa\u00fade na cidade Unidade ter\u00e1 48 salas, 35 consult\u00f3rios e mais especialidades para atender a popula\u00e7\u00e3o \u00a0 As obras do novo NGA (N\u00facleo de Gest\u00e3o\u2026","rel":"","context":"In &quot;Not\u00edcias de Franca-SP&quot;","block_context":{"text":"Not\u00edcias de Franca-SP","link":"https:\/\/noticiasribeiraopreto.com.br\/index.php\/category\/noticias-de-ribeirao-preto-sp-e-regiao-ismael-colosi\/noticias-franca-sp\/"},"img":{"alt_text":"","src":"https:\/\/i0.wp.com\/noticiasribeiraopreto.com.br\/wp-content\/uploads\/2025\/04\/NGA.jpeg?fit=1200%2C794&ssl=1&resize=350%2C200","width":350,"height":200,"srcset":"https:\/\/i0.wp.com\/noticiasribeiraopreto.com.br\/wp-content\/uploads\/2025\/04\/NGA.jpeg?fit=1200%2C794&ssl=1&resize=350%2C200 1x, https:\/\/i0.wp.com\/noticiasribeiraopreto.com.br\/wp-content\/uploads\/2025\/04\/NGA.jpeg?fit=1200%2C794&ssl=1&resize=525%2C300 1.5x, https:\/\/i0.wp.com\/noticiasribeiraopreto.com.br\/wp-content\/uploads\/2025\/04\/NGA.jpeg?fit=1200%2C794&ssl=1&resize=700%2C400 2x, https:\/\/i0.wp.com\/noticiasribeiraopreto.com.br\/wp-content\/uploads\/2025\/04\/NGA.jpeg?fit=1200%2C794&ssl=1&resize=1050%2C600 3x"},"classes":[]},{"id":63424,"url":"https:\/\/noticiasribeiraopreto.com.br\/index.php\/2025\/02\/12\/acoes-judiciais-sao-iniciadas-por-pacientes-que-ficaram-cegos-apos-mutirao-de-catarata\/","url_meta":{"origin":75738,"position":2},"title":"A\u00e7\u00f5es judiciais s\u00e3o iniciadas por pacientes que ficaram cegos ap\u00f3s mutir\u00e3o de catarata","author":"noticiasribeiraopreto.com.br","date":"12 de February de 2025","format":false,"excerpt":"Ap\u00f3s perderem a vis\u00e3o durante um mutir\u00e3o de catarata em Taquaritinga, no interior de S\u00e3o Paulo, pacientes come\u00e7aram a ajuizar a\u00e7\u00f5es c\u00edveis contra os respons\u00e1veis pelas complica\u00e7\u00f5es. At\u00e9 esta quarta-feira (12), ao menos quatro pessoas que enfrentaram problemas ap\u00f3s as cirurgias j\u00e1 entraram com processos. As a\u00e7\u00f5es pedem valores entre\u2026","rel":"","context":"In &quot;Not\u00edcias de Ribeir\u00e3o Preto-SP e Regi\u00e3o&quot;","block_context":{"text":"Not\u00edcias de Ribeir\u00e3o Preto-SP e Regi\u00e3o","link":"https:\/\/noticiasribeiraopreto.com.br\/index.php\/category\/noticias-de-ribeirao-preto-sp-e-regiao-ismael-colosi\/"},"img":{"alt_text":"","src":"https:\/\/i0.wp.com\/noticiasribeiraopreto.com.br\/wp-content\/uploads\/2025\/02\/Copia-de-Copia-de-Copia-de-TAMANHO-EXATO-PARA-FOTOS-NO-SISTEMA-NOVO-2025-02-09T181404.616_2025-02-09_21-14-22_png_2025-02-09_21-14-22.webp.webp?fit=1200%2C675&ssl=1&resize=350%2C200","width":350,"height":200,"srcset":"https:\/\/i0.wp.com\/noticiasribeiraopreto.com.br\/wp-content\/uploads\/2025\/02\/Copia-de-Copia-de-Copia-de-TAMANHO-EXATO-PARA-FOTOS-NO-SISTEMA-NOVO-2025-02-09T181404.616_2025-02-09_21-14-22_png_2025-02-09_21-14-22.webp.webp?fit=1200%2C675&ssl=1&resize=350%2C200 1x, https:\/\/i0.wp.com\/noticiasribeiraopreto.com.br\/wp-content\/uploads\/2025\/02\/Copia-de-Copia-de-Copia-de-TAMANHO-EXATO-PARA-FOTOS-NO-SISTEMA-NOVO-2025-02-09T181404.616_2025-02-09_21-14-22_png_2025-02-09_21-14-22.webp.webp?fit=1200%2C675&ssl=1&resize=525%2C300 1.5x, https:\/\/i0.wp.com\/noticiasribeiraopreto.com.br\/wp-content\/uploads\/2025\/02\/Copia-de-Copia-de-Copia-de-TAMANHO-EXATO-PARA-FOTOS-NO-SISTEMA-NOVO-2025-02-09T181404.616_2025-02-09_21-14-22_png_2025-02-09_21-14-22.webp.webp?fit=1200%2C675&ssl=1&resize=700%2C400 2x, https:\/\/i0.wp.com\/noticiasribeiraopreto.com.br\/wp-content\/uploads\/2025\/02\/Copia-de-Copia-de-Copia-de-TAMANHO-EXATO-PARA-FOTOS-NO-SISTEMA-NOVO-2025-02-09T181404.616_2025-02-09_21-14-22_png_2025-02-09_21-14-22.webp.webp?fit=1200%2C675&ssl=1&resize=1050%2C600 3x"},"classes":[]},{"id":71257,"url":"https:\/\/noticiasribeiraopreto.com.br\/index.php\/2025\/06\/04\/usp-aprova-ampliacao-do-campus-de-ribeirao-preto\/","url_meta":{"origin":75738,"position":3},"title":"USP aprova amplia\u00e7\u00e3o do campus de Ribeir\u00e3o Preto","author":"noticiasribeiraopreto.com.br","date":"4 de June de 2025","format":false,"excerpt":"O Conselho Universit\u00e1rio da USP (Universidade de S\u00e3o Paulo) aprovou, na \u00faltima ter\u00e7a-feira (3), a proposta de amplia\u00e7\u00e3o do campus de Ribeir\u00e3o Preto. Com isso, foi liberada a compra da \u00e1rea de 795,7 mil metros quadrados, onde est\u00e1 sendo constru\u00edda a nova Unidade de Emerg\u00eancia do Hospital das Cl\u00ednicas. O\u2026","rel":"","context":"In &quot;Not\u00edcias de Ribeir\u00e3o Preto-SP e Regi\u00e3o&quot;","block_context":{"text":"Not\u00edcias de Ribeir\u00e3o Preto-SP e Regi\u00e3o","link":"https:\/\/noticiasribeiraopreto.com.br\/index.php\/category\/noticias-de-ribeirao-preto-sp-e-regiao-ismael-colosi\/"},"img":{"alt_text":"","src":"https:\/\/i0.wp.com\/noticiasribeiraopreto.com.br\/wp-content\/uploads\/2025\/06\/WhatsApp-Image-2025-06-04-at-11.49.02-1_2025-06-04_15-01-08.webp.webp?fit=913%2C652&ssl=1&resize=350%2C200","width":350,"height":200,"srcset":"https:\/\/i0.wp.com\/noticiasribeiraopreto.com.br\/wp-content\/uploads\/2025\/06\/WhatsApp-Image-2025-06-04-at-11.49.02-1_2025-06-04_15-01-08.webp.webp?fit=913%2C652&ssl=1&resize=350%2C200 1x, https:\/\/i0.wp.com\/noticiasribeiraopreto.com.br\/wp-content\/uploads\/2025\/06\/WhatsApp-Image-2025-06-04-at-11.49.02-1_2025-06-04_15-01-08.webp.webp?fit=913%2C652&ssl=1&resize=525%2C300 1.5x, https:\/\/i0.wp.com\/noticiasribeiraopreto.com.br\/wp-content\/uploads\/2025\/06\/WhatsApp-Image-2025-06-04-at-11.49.02-1_2025-06-04_15-01-08.webp.webp?fit=913%2C652&ssl=1&resize=700%2C400 2x"},"classes":[]},{"id":77715,"url":"https:\/\/noticiasribeiraopreto.com.br\/index.php\/2025\/09\/24\/ribeirao-preto-recebe-carretas-do-ministerio-da-saude-para-cirurgias-de-catarata\/","url_meta":{"origin":75738,"position":4},"title":"Ribeir\u00e3o Preto recebe carretas do Minist\u00e9rio da Sa\u00fade para cirurgias de catarata","author":"noticiasribeiraopreto.com.br","date":"24 de September de 2025","format":false,"excerpt":"Ribeir\u00e3o Preto recebe, a partir desta quarta-feira (24), carretas do Minist\u00e9rio da Sa\u00fade para atendimentos de\u00a0oftalmologia, com\u00a0foco em\u00a0cirurgias de catarata. As carretas, que integram um projeto-piloto de atendimento m\u00f3vel chamado Agora Tem Especialistas, est\u00e3o estacionadas no Ribeir\u00e3oShopping, na zona Sul da cidade. Segundo o minist\u00e9rio, a defini\u00e7\u00e3o dos pacientes dos\u2026","rel":"","context":"In &quot;Not\u00edcias de Ribeir\u00e3o Preto-SP e Regi\u00e3o&quot;","block_context":{"text":"Not\u00edcias de Ribeir\u00e3o Preto-SP e Regi\u00e3o","link":"https:\/\/noticiasribeiraopreto.com.br\/index.php\/category\/noticias-de-ribeirao-preto-sp-e-regiao-ismael-colosi\/"},"img":{"alt_text":"","src":"https:\/\/i0.wp.com\/noticiasribeiraopreto.com.br\/wp-content\/uploads\/2025\/09\/carreta_2025-09-24_13-41-24.webp.webp?fit=663%2C305&ssl=1&resize=350%2C200","width":350,"height":200,"srcset":"https:\/\/i0.wp.com\/noticiasribeiraopreto.com.br\/wp-content\/uploads\/2025\/09\/carreta_2025-09-24_13-41-24.webp.webp?fit=663%2C305&ssl=1&resize=350%2C200 1x, https:\/\/i0.wp.com\/noticiasribeiraopreto.com.br\/wp-content\/uploads\/2025\/09\/carreta_2025-09-24_13-41-24.webp.webp?fit=663%2C305&ssl=1&resize=525%2C300 1.5x"},"classes":[]},{"id":43511,"url":"https:\/\/noticiasribeiraopreto.com.br\/index.php\/2024\/03\/21\/frequentadores-reclamam-de-goteiras-em-posto-de-saude\/","url_meta":{"origin":75738,"position":5},"title":"Frequentadores reclamam de goteiras em posto de sa\u00fade","author":"noticiasribeiraopreto.com.br","date":"21 de March de 2024","format":false,"excerpt":"21 de mar\u00e7o de 2024 | 15:35 2 Por: Adalberto Luque Usu\u00e1rios da Unidade B\u00e1sica de Sa\u00fade (UBS) Oswaldo Cruz, localizada na Rua Ribeir\u00e3o Preto, 1070, Vila Mariana, zona Norte da cidade, reclamaram de goteiras e marcas de infiltra\u00e7\u00e3o. Uma das pacientes da unidade disse que, nesta quarta-feira (20), o\u2026","rel":"","context":"In &quot;Not\u00edcias de Ribeir\u00e3o Preto-SP e Regi\u00e3o&quot;","block_context":{"text":"Not\u00edcias de Ribeir\u00e3o Preto-SP e Regi\u00e3o","link":"https:\/\/noticiasribeiraopreto.com.br\/index.php\/category\/noticias-de-ribeirao-preto-sp-e-regiao-ismael-colosi\/"},"img":{"alt_text":"","src":"https:\/\/i0.wp.com\/noticiasribeiraopreto.com.br\/wp-content\/uploads\/2024\/03\/00-21-mar-2024-posto-goteira-foto-redes-sociais-scaled.jpg?fit=486%2C645&ssl=1&resize=350%2C200","width":350,"height":200},"classes":[]}],"jetpack_sharing_enabled":true,"jetpack_shortlink":"https:\/\/wp.me\/peQAOb-jHA","_links":{"self":[{"href":"https:\/\/noticiasribeiraopreto.com.br\/index.php\/wp-json\/wp\/v2\/posts\/75738","targetHints":{"allow":["GET"]}}],"collection":[{"href":"https:\/\/noticiasribeiraopreto.com.br\/index.php\/wp-json\/wp\/v2\/posts"}],"about":[{"href":"https:\/\/noticiasribeiraopreto.com.br\/index.php\/wp-json\/wp\/v2\/types\/post"}],"author":[{"embeddable":true,"href":"https:\/\/noticiasribeiraopreto.com.br\/index.php\/wp-json\/wp\/v2\/users\/1"}],"replies":[{"embeddable":true,"href":"https:\/\/noticiasribeiraopreto.com.br\/index.php\/wp-json\/wp\/v2\/comments?post=75738"}],"version-history":[{"count":0,"href":"https:\/\/noticiasribeiraopreto.com.br\/index.php\/wp-json\/wp\/v2\/posts\/75738\/revisions"}],"wp:featuredmedia":[{"embeddable":true,"href":"https:\/\/noticiasribeiraopreto.com.br\/index.php\/wp-json\/wp\/v2\/media\/75739"}],"wp:attachment":[{"href":"https:\/\/noticiasribeiraopreto.com.br\/index.php\/wp-json\/wp\/v2\/media?parent=75738"}],"wp:term":[{"taxonomy":"category","embeddable":true,"href":"https:\/\/noticiasribeiraopreto.com.br\/index.php\/wp-json\/wp\/v2\/categories?post=75738"},{"taxonomy":"post_tag","embeddable":true,"href":"https:\/\/noticiasribeiraopreto.com.br\/index.php\/wp-json\/wp\/v2\/tags?post=75738"}],"curies":[{"name":"wp","href":"https:\/\/api.w.org\/{rel}","templated":true}]}}