{"id":75740,"date":"2025-08-14T15:32:50","date_gmt":"2025-08-14T18:32:50","guid":{"rendered":"https:\/\/noticiasribeiraopreto.com.br\/index.php\/2025\/08\/14\/trabalhadores-sao-resgatados-em-condicoes-analogas-a-escravidao-no-interior-de-sp-2\/"},"modified":"2025-08-14T15:32:50","modified_gmt":"2025-08-14T18:32:50","slug":"trabalhadores-sao-resgatados-em-condicoes-analogas-a-escravidao-no-interior-de-sp-2","status":"publish","type":"post","link":"https:\/\/noticiasribeiraopreto.com.br\/index.php\/2025\/08\/14\/trabalhadores-sao-resgatados-em-condicoes-analogas-a-escravidao-no-interior-de-sp-2\/","title":{"rendered":"Trabalhadores s\u00e3o resgatados em condi\u00e7\u00f5es an\u00e1logas \u00e0 escravid\u00e3o no interior de SP"},"content":{"rendered":"<div class='code-block code-block-1' style='margin: 8px 0 8px auto; text-align: right; display: block; clear: both;'>\n<p><a href=\"https:\/\/wa.link\/vpicfd\"><img data-recalc-dims=\"1\" class=\"wp-image-4922\" style=\"aspect-ratio: 2.0253164556962027; width: 561px; height: auto;\" src=\"https:\/\/i0.wp.com\/ismaelcolosi.com.br\/wp-content\/uploads\/2023\/11\/grupo-de-empregos-whatsapp-e-facebook-ismael-colosi-vagas.jpg?ssl=1\" alt=\"\" \/><\/a><\/p>\n<!-- \/wp:image -->\n<\/div>\n<p> <br \/>\n<\/p>\n<div>\n<p><strong>Oito trabalhadores foram resgatados em condi\u00e7\u00f5es an\u00e1logas \u00e0 escravid\u00e3o no dia 8 de agosto<\/strong>, em Franca, no interior de S\u00e3o Paulo. Ap\u00f3s a a\u00e7\u00e3o do MP, a <strong>Prefeitura anunciou a rescis\u00e3o do contrato com a empresa<\/strong> Terra Incorporadora e Construtora, respons\u00e1vel pelas obras de revitaliza\u00e7\u00e3o das pra\u00e7as Nossa Senhora da Concei\u00e7\u00e3o e Bar\u00e3o.<\/p>\n<p>O <strong>Minist\u00e9rio P\u00fablico do Trabalho (MPT) <\/strong>informou que a empresa apresentou <strong>irregularidades nas obras<\/strong>, incluindo <strong>alojamentos prec\u00e1rios<\/strong>, <strong>falta de registro em carteira<\/strong>, <strong>aus\u00eancia de equipamentos de prote\u00e7\u00e3o<\/strong>, <strong>jornadas exaustivas<\/strong>, <strong>atraso de tr\u00eas meses nos sal\u00e1rios<\/strong> e <strong>condi\u00e7\u00f5es de higiene<\/strong> e <strong>seguran\u00e7a <\/strong>abaixo do m\u00ednimo legal.<\/p>\n<figure class=\"wp-block-gallery has-nested-images columns-default is-cropped wp-block-gallery-1 is-layout-flex wp-block-gallery-is-layout-flex\">\n<figure class=\"wp-block-image size-large\"><img data-recalc-dims=\"1\" fetchpriority=\"high\" decoding=\"async\" width=\"1024\" height=\"473\" data-id=\"125829\" src=\"https:\/\/i0.wp.com\/cdn.media-acidadeon.com.br\/ribeiraopreto\/wp-content\/uploads\/sites\/3\/2025\/08\/Imagem-do-WhatsApp-de-2025-08-14-as-10.30.01_ea4ea547_2025-08-14_15-35-26-1024x473.webp?resize=1024%2C473&#038;ssl=1\" alt=\"\" class=\"wp-image-125829\" srcset=\"https:\/\/cdn.media-acidadeon.com.br\/ribeiraopreto\/wp-content\/uploads\/sites\/3\/2025\/08\/Imagem-do-WhatsApp-de-2025-08-14-as-10.30.01_ea4ea547_2025-08-14_15-35-26-1024x473.webp 1024w, https:\/\/cdn.media-acidadeon.com.br\/ribeiraopreto\/wp-content\/uploads\/sites\/3\/2025\/08\/Imagem-do-WhatsApp-de-2025-08-14-as-10.30.01_ea4ea547_2025-08-14_15-35-26-300x139.webp 300w, https:\/\/cdn.media-acidadeon.com.br\/ribeiraopreto\/wp-content\/uploads\/sites\/3\/2025\/08\/Imagem-do-WhatsApp-de-2025-08-14-as-10.30.01_ea4ea547_2025-08-14_15-35-26-768x355.webp 768w, https:\/\/cdn.media-acidadeon.com.br\/ribeiraopreto\/wp-content\/uploads\/sites\/3\/2025\/08\/Imagem-do-WhatsApp-de-2025-08-14-as-10.30.01_ea4ea547_2025-08-14_15-35-26-696x321.webp 696w, https:\/\/cdn.media-acidadeon.com.br\/ribeiraopreto\/wp-content\/uploads\/sites\/3\/2025\/08\/Imagem-do-WhatsApp-de-2025-08-14-as-10.30.01_ea4ea547_2025-08-14_15-35-26-1068x493.webp 1068w, https:\/\/cdn.media-acidadeon.com.br\/ribeiraopreto\/wp-content\/uploads\/sites\/3\/2025\/08\/Imagem-do-WhatsApp-de-2025-08-14-as-10.30.01_ea4ea547_2025-08-14_15-35-26.webp 1200w\" sizes=\"(max-width: 1024px) 100vw, 1024px\"\/><\/figure>\n<figure class=\"wp-block-image size-large\"><img data-recalc-dims=\"1\" loading=\"lazy\" decoding=\"async\" width=\"1024\" height=\"473\" data-id=\"125828\" src=\"https:\/\/i0.wp.com\/cdn.media-acidadeon.com.br\/ribeiraopreto\/wp-content\/uploads\/sites\/3\/2025\/08\/Imagem-do-WhatsApp-de-2025-08-14-as-10.30.04_9e089d3d_2025-08-14_15-35-26-1024x473.webp?resize=1024%2C473&#038;ssl=1\" alt=\"\" class=\"wp-image-125828\" srcset=\"https:\/\/cdn.media-acidadeon.com.br\/ribeiraopreto\/wp-content\/uploads\/sites\/3\/2025\/08\/Imagem-do-WhatsApp-de-2025-08-14-as-10.30.04_9e089d3d_2025-08-14_15-35-26-1024x473.webp 1024w, https:\/\/cdn.media-acidadeon.com.br\/ribeiraopreto\/wp-content\/uploads\/sites\/3\/2025\/08\/Imagem-do-WhatsApp-de-2025-08-14-as-10.30.04_9e089d3d_2025-08-14_15-35-26-300x139.webp 300w, https:\/\/cdn.media-acidadeon.com.br\/ribeiraopreto\/wp-content\/uploads\/sites\/3\/2025\/08\/Imagem-do-WhatsApp-de-2025-08-14-as-10.30.04_9e089d3d_2025-08-14_15-35-26-768x355.webp 768w, https:\/\/cdn.media-acidadeon.com.br\/ribeiraopreto\/wp-content\/uploads\/sites\/3\/2025\/08\/Imagem-do-WhatsApp-de-2025-08-14-as-10.30.04_9e089d3d_2025-08-14_15-35-26-696x321.webp 696w, https:\/\/cdn.media-acidadeon.com.br\/ribeiraopreto\/wp-content\/uploads\/sites\/3\/2025\/08\/Imagem-do-WhatsApp-de-2025-08-14-as-10.30.04_9e089d3d_2025-08-14_15-35-26-1068x493.webp 1068w, https:\/\/cdn.media-acidadeon.com.br\/ribeiraopreto\/wp-content\/uploads\/sites\/3\/2025\/08\/Imagem-do-WhatsApp-de-2025-08-14-as-10.30.04_9e089d3d_2025-08-14_15-35-26.webp 1200w\" sizes=\"auto, (max-width: 1024px) 100vw, 1024px\"\/><\/figure>\n<figure class=\"wp-block-image size-large\"><img data-recalc-dims=\"1\" loading=\"lazy\" decoding=\"async\" width=\"1024\" height=\"473\" data-id=\"125827\" src=\"https:\/\/i0.wp.com\/cdn.media-acidadeon.com.br\/ribeiraopreto\/wp-content\/uploads\/sites\/3\/2025\/08\/Imagem-do-WhatsApp-de-2025-08-14-as-10.30.07_329a3279_2025-08-14_15-35-26-1024x473.webp?resize=1024%2C473&#038;ssl=1\" alt=\"\" class=\"wp-image-125827\" srcset=\"https:\/\/cdn.media-acidadeon.com.br\/ribeiraopreto\/wp-content\/uploads\/sites\/3\/2025\/08\/Imagem-do-WhatsApp-de-2025-08-14-as-10.30.07_329a3279_2025-08-14_15-35-26-1024x473.webp 1024w, https:\/\/cdn.media-acidadeon.com.br\/ribeiraopreto\/wp-content\/uploads\/sites\/3\/2025\/08\/Imagem-do-WhatsApp-de-2025-08-14-as-10.30.07_329a3279_2025-08-14_15-35-26-300x139.webp 300w, https:\/\/cdn.media-acidadeon.com.br\/ribeiraopreto\/wp-content\/uploads\/sites\/3\/2025\/08\/Imagem-do-WhatsApp-de-2025-08-14-as-10.30.07_329a3279_2025-08-14_15-35-26-768x355.webp 768w, https:\/\/cdn.media-acidadeon.com.br\/ribeiraopreto\/wp-content\/uploads\/sites\/3\/2025\/08\/Imagem-do-WhatsApp-de-2025-08-14-as-10.30.07_329a3279_2025-08-14_15-35-26-696x321.webp 696w, https:\/\/cdn.media-acidadeon.com.br\/ribeiraopreto\/wp-content\/uploads\/sites\/3\/2025\/08\/Imagem-do-WhatsApp-de-2025-08-14-as-10.30.07_329a3279_2025-08-14_15-35-26-1068x493.webp 1068w, https:\/\/cdn.media-acidadeon.com.br\/ribeiraopreto\/wp-content\/uploads\/sites\/3\/2025\/08\/Imagem-do-WhatsApp-de-2025-08-14-as-10.30.07_329a3279_2025-08-14_15-35-26.webp 1200w\" sizes=\"auto, (max-width: 1024px) 100vw, 1024px\"\/><\/figure>\n<\/figure>\n<p>A Prefeitura informou que assegura o pagamento dos funcion\u00e1rios e que equipes da administra\u00e7\u00e3o municipal dar\u00e3o continuidade \u00e0s obras. O prefeito Alexandre Ferreira declarou que notificou e multou a empresa antes da rescis\u00e3o.<\/p>\n<h3 class=\"wp-block-heading\"><strong>Medidas adotadas<\/strong><\/h3>\n<p>O <strong>MPT <\/strong>firmou <strong>Termo de Ajuste de Conduta (TAC) com a Terra Incorporadora<\/strong>. A empresa se comprometeu a quitar as verbas rescis\u00f3rias e indeniza\u00e7\u00f5es individuais, totalizando<strong> R$ 266.200,02<\/strong>, incluindo danos morais individuais de<strong> R$ 5 mil para tr\u00eas trabalhadores e R$ 10 mil para os demais.<\/strong> Tamb\u00e9m deve pagar R$ 100 mil a t\u00edtulo de dano moral coletivo e cumprir normas de seguran\u00e7a, sa\u00fade e higiene do trabalho, regularizar alojamentos e abster-se de manter trabalhadores em condi\u00e7\u00f5es an\u00e1logas \u00e0 escravid\u00e3o.<\/p>\n<figure class=\"wp-block-gallery has-nested-images columns-default is-cropped wp-block-gallery-2 is-layout-flex wp-block-gallery-is-layout-flex\">\n<figure class=\"wp-block-image size-large\"><img data-recalc-dims=\"1\" loading=\"lazy\" decoding=\"async\" width=\"473\" height=\"1024\" data-id=\"125831\" src=\"https:\/\/i0.wp.com\/cdn.media-acidadeon.com.br\/ribeiraopreto\/wp-content\/uploads\/sites\/3\/2025\/08\/Imagem-do-WhatsApp-de-2025-08-14-as-10.29.59_70d8b76a_2025-08-14_15-35-50-473x1024.webp?resize=473%2C1024&#038;ssl=1\" alt=\"\" class=\"wp-image-125831\" srcset=\"https:\/\/cdn.media-acidadeon.com.br\/ribeiraopreto\/wp-content\/uploads\/sites\/3\/2025\/08\/Imagem-do-WhatsApp-de-2025-08-14-as-10.29.59_70d8b76a_2025-08-14_15-35-50-473x1024.webp 473w, https:\/\/cdn.media-acidadeon.com.br\/ribeiraopreto\/wp-content\/uploads\/sites\/3\/2025\/08\/Imagem-do-WhatsApp-de-2025-08-14-as-10.29.59_70d8b76a_2025-08-14_15-35-50-139x300.webp 139w, https:\/\/cdn.media-acidadeon.com.br\/ribeiraopreto\/wp-content\/uploads\/sites\/3\/2025\/08\/Imagem-do-WhatsApp-de-2025-08-14-as-10.29.59_70d8b76a_2025-08-14_15-35-50-709x1536.webp 709w, https:\/\/cdn.media-acidadeon.com.br\/ribeiraopreto\/wp-content\/uploads\/sites\/3\/2025\/08\/Imagem-do-WhatsApp-de-2025-08-14-as-10.29.59_70d8b76a_2025-08-14_15-35-50-696x1507.webp 696w, https:\/\/cdn.media-acidadeon.com.br\/ribeiraopreto\/wp-content\/uploads\/sites\/3\/2025\/08\/Imagem-do-WhatsApp-de-2025-08-14-as-10.29.59_70d8b76a_2025-08-14_15-35-50.webp 739w\" sizes=\"auto, (max-width: 473px) 100vw, 473px\"\/><\/figure>\n<figure class=\"wp-block-image size-large\"><img data-recalc-dims=\"1\" loading=\"lazy\" decoding=\"async\" width=\"473\" height=\"1024\" data-id=\"125832\" src=\"https:\/\/i0.wp.com\/cdn.media-acidadeon.com.br\/ribeiraopreto\/wp-content\/uploads\/sites\/3\/2025\/08\/Imagem-do-WhatsApp-de-2025-08-14-as-10.30.00_f8a76f30_2025-08-14_15-35-50-473x1024.webp?resize=473%2C1024&#038;ssl=1\" alt=\"\" class=\"wp-image-125832\" srcset=\"https:\/\/cdn.media-acidadeon.com.br\/ribeiraopreto\/wp-content\/uploads\/sites\/3\/2025\/08\/Imagem-do-WhatsApp-de-2025-08-14-as-10.30.00_f8a76f30_2025-08-14_15-35-50-473x1024.webp 473w, https:\/\/cdn.media-acidadeon.com.br\/ribeiraopreto\/wp-content\/uploads\/sites\/3\/2025\/08\/Imagem-do-WhatsApp-de-2025-08-14-as-10.30.00_f8a76f30_2025-08-14_15-35-50-139x300.webp 139w, https:\/\/cdn.media-acidadeon.com.br\/ribeiraopreto\/wp-content\/uploads\/sites\/3\/2025\/08\/Imagem-do-WhatsApp-de-2025-08-14-as-10.30.00_f8a76f30_2025-08-14_15-35-50-709x1536.webp 709w, https:\/\/cdn.media-acidadeon.com.br\/ribeiraopreto\/wp-content\/uploads\/sites\/3\/2025\/08\/Imagem-do-WhatsApp-de-2025-08-14-as-10.30.00_f8a76f30_2025-08-14_15-35-50-696x1507.webp 696w, https:\/\/cdn.media-acidadeon.com.br\/ribeiraopreto\/wp-content\/uploads\/sites\/3\/2025\/08\/Imagem-do-WhatsApp-de-2025-08-14-as-10.30.00_f8a76f30_2025-08-14_15-35-50.webp 739w\" sizes=\"auto, (max-width: 473px) 100vw, 473px\"\/><\/figure>\n<\/figure>\n<p>O MPT seguir\u00e1 acompanhando o cumprimento do TAC e investigar\u00e1 a Prefeitura por poss\u00edveis falhas na fiscaliza\u00e7\u00e3o dos contratos.<\/p>\n<h4 class=\"wp-block-heading\"><strong>O que diz a empresa?<\/strong><\/h4>\n<p>A reportagem do<em><strong> acidade on<\/strong><\/em> tentou contato com a <strong>Terra Incorporadora e Construtora<\/strong>, mas n\u00e3o houve retorno at\u00e9 o fechamento dessa mat\u00e9ria.<strong> Espa\u00e7o segue em aberto<\/strong>.<\/p>\n<hr class=\"wp-block-separator has-alpha-channel-opacity\"\/>\n<p>SAIBA MAIS<\/p>\n<p>O que se sabe sobre bar que faturou R$ 4 milh\u00f5es com tr\u00e1fico de drogas em Ribeir\u00e3o<\/p>\n<h2 class=\"wp-block-heading\"><strong>FIQUE ON<\/strong><\/h2>\n<p>Quer ficar por dentro de tudo que acontece em Ribeir\u00e3o Preto e regi\u00e3o? Ent\u00e3o siga os perfis do\u202facidade on\u202fno\u202f<a href=\"https:\/\/www.instagram.com\/acidadeonribeirao\" target=\"_blank\" rel=\"noreferrer noopener\">Instagram<\/a>\u202fe no\u202f<a href=\"https:\/\/www.facebook.com\/acidadeonribeirao\/\" target=\"_blank\" rel=\"noreferrer noopener\">Facebook<\/a>.<\/p>\n<p>Al\u00e9m disso, voc\u00ea pode receber as principais not\u00edcias diretamente no WhatsApp. Para isso, basta\u00a0<a href=\"https:\/\/chat.whatsapp.com\/BjKQZ9oJwlz8VVT50NuePq\" target=\"_blank\" rel=\"noreferrer noopener\">entrar no grupo clicando aqui<\/a>.<\/p>\n<p>Por fim, se quiser fazer uma den\u00fancia ou sugerir uma reportagem sobre Ribeir\u00e3o Preto e regi\u00e3o, envie uma mensagem pelo WhatsApp: (16) 99117-7802.<\/p>\n<p>VEJA TAMB\u00c9M<\/p>\n<p>A Mulher da Casa Abandonada morava em Campinas?<\/p>\n<p><!-- AI CONTENT END 1 -->\n<\/div>\n<p><script async src=\"\/\/www.instagram.com\/embed.js\"><\/script><br \/>\n<br \/><br \/>\n<br \/><a href=\"https:\/\/www.acidadeon.com\/ribeiraopreto\/cotidiano\/trabalhadores-sao-resgatados-em-condicoes-analogas-a-escravidao-no-interior-de-sp-2\/\">Source link <\/a><\/p>\n<!-- CONTENT END 1 -->\n","protected":false},"excerpt":{"rendered":"<p>Oito trabalhadores foram resgatados em condi\u00e7\u00f5es an\u00e1logas \u00e0 escravid\u00e3o no dia 8 de agosto, em Franca, no interior de S\u00e3o Paulo. Ap\u00f3s a a\u00e7\u00e3o do&#8230;<\/p>\n","protected":false},"author":1,"featured_media":75741,"comment_status":"open","ping_status":"open","sticky":false,"template":"","format":"standard","meta":{"advanced_seo_description":"","jetpack_seo_html_title":"","jetpack_seo_noindex":false,"jetpack_post_was_ever_published":false,"_jetpack_newsletter_access":"","_jetpack_dont_email_post_to_subs":false,"_jetpack_newsletter_tier_id":0,"_jetpack_memberships_contains_paywalled_content":false,"_jetpack_memberships_contains_paid_content":false,"footnotes":"","jetpack_publicize_message":"","jetpack_publicize_feature_enabled":true,"jetpack_social_post_already_shared":true,"jetpack_social_options":{"image_generator_settings":{"template":"highway","default_image_id":0,"font":"","enabled":false},"version":2}},"categories":[11],"tags":[],"class_list":["post-75740","post","type-post","status-publish","format-standard","has-post-thumbnail","hentry","category-noticias-de-ribeirao-preto-sp-e-regiao-ismael-colosi"],"jetpack_publicize_connections":[],"jetpack_featured_media_url":"https:\/\/i0.wp.com\/noticiasribeiraopreto.com.br\/wp-content\/uploads\/2025\/08\/Copia-de-Copia-de-Copia-de-TAMANHO-EXATO-PARA-FOTOS-NO-SISTEMA-NOVO-2025-08-14T125311.247_2025-08-14_15-53-26.webp.webp?fit=1200%2C675&ssl=1","jetpack-related-posts":[{"id":84760,"url":"https:\/\/noticiasribeiraopreto.com.br\/index.php\/2026\/04\/15\/trabalhadores-sao-resgatados-de-condicoes-analogas-a-escravidao-no-interior-de-sp\/","url_meta":{"origin":75740,"position":0},"title":"Trabalhadores s\u00e3o resgatados de condi\u00e7\u00f5es an\u00e1logas \u00e0 escravid\u00e3o no interior de SP","author":"noticiasribeiraopreto.com.br","date":"15 de April de 2026","format":false,"excerpt":"Ler o resumo da not\u00edcia 35 trabalhadores foram resgatados de condi\u00e7\u00f5es an\u00e1logas \u00e0 escravid\u00e3o em plantio de cana-de-a\u00e7\u00facar em Terra Roxa (SP), a 82 km de Ribeir\u00e3o Preto. Os trabalhadores vieram de Minas Gerais e Bahia por interm\u00e9dio de uma empresa; os alojamentos tinham colch\u00f5es no ch\u00e3o, sem m\u00f3veis e\u2026","rel":"","context":"In &quot;Not\u00edcias de Ribeir\u00e3o Preto-SP e Regi\u00e3o&quot;","block_context":{"text":"Not\u00edcias de Ribeir\u00e3o Preto-SP e Regi\u00e3o","link":"https:\/\/noticiasribeiraopreto.com.br\/index.php\/category\/noticias-de-ribeirao-preto-sp-e-regiao-ismael-colosi\/"},"img":{"alt_text":"","src":"https:\/\/i0.wp.com\/noticiasribeiraopreto.com.br\/wp-content\/uploads\/2026\/04\/domingo-15_2026-04-15_17-07-17.webp.webp?fit=1200%2C675&ssl=1&resize=350%2C200","width":350,"height":200,"srcset":"https:\/\/i0.wp.com\/noticiasribeiraopreto.com.br\/wp-content\/uploads\/2026\/04\/domingo-15_2026-04-15_17-07-17.webp.webp?fit=1200%2C675&ssl=1&resize=350%2C200 1x, https:\/\/i0.wp.com\/noticiasribeiraopreto.com.br\/wp-content\/uploads\/2026\/04\/domingo-15_2026-04-15_17-07-17.webp.webp?fit=1200%2C675&ssl=1&resize=525%2C300 1.5x, https:\/\/i0.wp.com\/noticiasribeiraopreto.com.br\/wp-content\/uploads\/2026\/04\/domingo-15_2026-04-15_17-07-17.webp.webp?fit=1200%2C675&ssl=1&resize=700%2C400 2x, https:\/\/i0.wp.com\/noticiasribeiraopreto.com.br\/wp-content\/uploads\/2026\/04\/domingo-15_2026-04-15_17-07-17.webp.webp?fit=1200%2C675&ssl=1&resize=1050%2C600 3x"},"classes":[]},{"id":48884,"url":"https:\/\/noticiasribeiraopreto.com.br\/index.php\/2024\/05\/07\/trabalhadores-sao-resgatados-em-condicoes-analogas-a-escravidao-no-interior-de-sp\/","url_meta":{"origin":75740,"position":1},"title":"Trabalhadores s\u00e3o resgatados em condi\u00e7\u00f5es an\u00e1logas \u00e0 escravid\u00e3o no interior de SP","author":"noticiasribeiraopreto.com.br","date":"7 de May de 2024","format":false,"excerpt":"O MPT (Minist\u00e9rio P\u00fablico do Trabalho) e a Pol\u00edcia Militar resgataram quatorze trabalhadores em condi\u00e7\u00f5es an\u00e1logas \u00e0 escravid\u00e3o em Guar\u00e1, no interior de S\u00e3o Paulo. A opera\u00e7\u00e3o aconteceu entre os dias 30 de abril e 3 de maio. Os trabalhadores s\u00e3o oriundos dos estados do Maranh\u00e3o, Pernambuco e Piau\u00ed foram\u2026","rel":"","context":"In &quot;Not\u00edcias de Ribeir\u00e3o Preto-SP e Regi\u00e3o&quot;","block_context":{"text":"Not\u00edcias de Ribeir\u00e3o Preto-SP e Regi\u00e3o","link":"https:\/\/noticiasribeiraopreto.com.br\/index.php\/category\/noticias-de-ribeirao-preto-sp-e-regiao-ismael-colosi\/"},"img":{"alt_text":"","src":"https:\/\/i0.wp.com\/noticiasribeiraopreto.com.br\/wp-content\/uploads\/2024\/05\/trabalho-escravo_2024-05-07_14-23-18_jpg_2024-05-07_14-23-18.webp.webp?fit=1199%2C851&ssl=1&resize=350%2C200","width":350,"height":200,"srcset":"https:\/\/i0.wp.com\/noticiasribeiraopreto.com.br\/wp-content\/uploads\/2024\/05\/trabalho-escravo_2024-05-07_14-23-18_jpg_2024-05-07_14-23-18.webp.webp?fit=1199%2C851&ssl=1&resize=350%2C200 1x, https:\/\/i0.wp.com\/noticiasribeiraopreto.com.br\/wp-content\/uploads\/2024\/05\/trabalho-escravo_2024-05-07_14-23-18_jpg_2024-05-07_14-23-18.webp.webp?fit=1199%2C851&ssl=1&resize=525%2C300 1.5x, https:\/\/i0.wp.com\/noticiasribeiraopreto.com.br\/wp-content\/uploads\/2024\/05\/trabalho-escravo_2024-05-07_14-23-18_jpg_2024-05-07_14-23-18.webp.webp?fit=1199%2C851&ssl=1&resize=700%2C400 2x, https:\/\/i0.wp.com\/noticiasribeiraopreto.com.br\/wp-content\/uploads\/2024\/05\/trabalho-escravo_2024-05-07_14-23-18_jpg_2024-05-07_14-23-18.webp.webp?fit=1199%2C851&ssl=1&resize=1050%2C600 3x"},"classes":[]},{"id":78093,"url":"https:\/\/noticiasribeiraopreto.com.br\/index.php\/2025\/10\/01\/trabalhadores-sao-resgatados-em-condicoes-analogas-a-escravidao-no-interior-de-sp-3\/","url_meta":{"origin":75740,"position":2},"title":"Trabalhadores s\u00e3o resgatados em condi\u00e7\u00f5es an\u00e1logas \u00e0 escravid\u00e3o no interior de SP","author":"noticiasribeiraopreto.com.br","date":"1 de October de 2025","format":false,"excerpt":"Treze trabalhadores, entre eles um adolescente de 15 anos, foram resgatados em condi\u00e7\u00f5es an\u00e1logas \u00e0 escravid\u00e3o em Santo Ant\u00f4nio da Alegria, no interior de S\u00e3o Paulo. O caso aconteceu no final de agosto, mas as imagens s\u00f3 foram divulgadas nesta quarta-feira (1\u00ba). Eles foram resgatados durante opera\u00e7\u00e3o do MPT (Minist\u00e9rio\u2026","rel":"","context":"In &quot;Not\u00edcias de Ribeir\u00e3o Preto-SP e Regi\u00e3o&quot;","block_context":{"text":"Not\u00edcias de Ribeir\u00e3o Preto-SP e Regi\u00e3o","link":"https:\/\/noticiasribeiraopreto.com.br\/index.php\/category\/noticias-de-ribeirao-preto-sp-e-regiao-ismael-colosi\/"},"img":{"alt_text":"","src":"https:\/\/i0.wp.com\/noticiasribeiraopreto.com.br\/wp-content\/uploads\/2025\/10\/Copia-de-Copia-de-Copia-de-TAMANHO-EXATO-PARA-FOTOS-NO-SISTEMA-NOVO-2025-10-01T202232.424_2025-10-01_23-25-36.webp.webp?fit=1200%2C675&ssl=1&resize=350%2C200","width":350,"height":200,"srcset":"https:\/\/i0.wp.com\/noticiasribeiraopreto.com.br\/wp-content\/uploads\/2025\/10\/Copia-de-Copia-de-Copia-de-TAMANHO-EXATO-PARA-FOTOS-NO-SISTEMA-NOVO-2025-10-01T202232.424_2025-10-01_23-25-36.webp.webp?fit=1200%2C675&ssl=1&resize=350%2C200 1x, https:\/\/i0.wp.com\/noticiasribeiraopreto.com.br\/wp-content\/uploads\/2025\/10\/Copia-de-Copia-de-Copia-de-TAMANHO-EXATO-PARA-FOTOS-NO-SISTEMA-NOVO-2025-10-01T202232.424_2025-10-01_23-25-36.webp.webp?fit=1200%2C675&ssl=1&resize=525%2C300 1.5x, https:\/\/i0.wp.com\/noticiasribeiraopreto.com.br\/wp-content\/uploads\/2025\/10\/Copia-de-Copia-de-Copia-de-TAMANHO-EXATO-PARA-FOTOS-NO-SISTEMA-NOVO-2025-10-01T202232.424_2025-10-01_23-25-36.webp.webp?fit=1200%2C675&ssl=1&resize=700%2C400 2x, https:\/\/i0.wp.com\/noticiasribeiraopreto.com.br\/wp-content\/uploads\/2025\/10\/Copia-de-Copia-de-Copia-de-TAMANHO-EXATO-PARA-FOTOS-NO-SISTEMA-NOVO-2025-10-01T202232.424_2025-10-01_23-25-36.webp.webp?fit=1200%2C675&ssl=1&resize=1050%2C600 3x"},"classes":[]},{"id":58961,"url":"https:\/\/noticiasribeiraopreto.com.br\/index.php\/2024\/10\/10\/130-trabalhadores-sao-resgatados-em-condicoes-analogas-a-escravidao-no-interior-de-sp\/","url_meta":{"origin":75740,"position":3},"title":"130 trabalhadores s\u00e3o resgatados em condi\u00e7\u00f5es an\u00e1logas \u00e0 escravid\u00e3o no interior de SP","author":"noticiasribeiraopreto.com.br","date":"10 de October de 2024","format":false,"excerpt":"Uma for\u00e7a-tarefa resgatou 130 trabalhadores rurais em condi\u00e7\u00f5es an\u00e1logas \u00e0 escravid\u00e3o, incluindo tr\u00eas adolescentes, em Jeriquara, cidade a aproximadamente 120 quil\u00f4metros de Ribeir\u00e3o Preto. Eles atuavam na colheita de cebolas. A opera\u00e7\u00e3o foi realizada na \u00faltima ter\u00e7a-feira (8) pelo Minist\u00e9rio P\u00fablico do Trabalho (MPT), Minist\u00e9rio do Trabalho e Emprego (MTE)\u2026","rel":"","context":"In &quot;Not\u00edcias de Ribeir\u00e3o Preto-SP e Regi\u00e3o&quot;","block_context":{"text":"Not\u00edcias de Ribeir\u00e3o Preto-SP e Regi\u00e3o","link":"https:\/\/noticiasribeiraopreto.com.br\/index.php\/category\/noticias-de-ribeirao-preto-sp-e-regiao-ismael-colosi\/"},"img":{"alt_text":"","src":"https:\/\/i0.wp.com\/noticiasribeiraopreto.com.br\/wp-content\/uploads\/2024\/10\/WhatsApp-Image-2024-10-10-at-13.49.16_2024-10-10_16-54-27_jpeg_2024-10-10_16-54-27.webp.webp?fit=1200%2C780&ssl=1&resize=350%2C200","width":350,"height":200,"srcset":"https:\/\/i0.wp.com\/noticiasribeiraopreto.com.br\/wp-content\/uploads\/2024\/10\/WhatsApp-Image-2024-10-10-at-13.49.16_2024-10-10_16-54-27_jpeg_2024-10-10_16-54-27.webp.webp?fit=1200%2C780&ssl=1&resize=350%2C200 1x, https:\/\/i0.wp.com\/noticiasribeiraopreto.com.br\/wp-content\/uploads\/2024\/10\/WhatsApp-Image-2024-10-10-at-13.49.16_2024-10-10_16-54-27_jpeg_2024-10-10_16-54-27.webp.webp?fit=1200%2C780&ssl=1&resize=525%2C300 1.5x, https:\/\/i0.wp.com\/noticiasribeiraopreto.com.br\/wp-content\/uploads\/2024\/10\/WhatsApp-Image-2024-10-10-at-13.49.16_2024-10-10_16-54-27_jpeg_2024-10-10_16-54-27.webp.webp?fit=1200%2C780&ssl=1&resize=700%2C400 2x, https:\/\/i0.wp.com\/noticiasribeiraopreto.com.br\/wp-content\/uploads\/2024\/10\/WhatsApp-Image-2024-10-10-at-13.49.16_2024-10-10_16-54-27_jpeg_2024-10-10_16-54-27.webp.webp?fit=1200%2C780&ssl=1&resize=1050%2C600 3x"},"classes":[]},{"id":83833,"url":"https:\/\/noticiasribeiraopreto.com.br\/index.php\/2026\/03\/26\/mpt-encontra-22-trabalhadores-em-condicoes-analogas-a-escravidao-em-fazenda-de-cana\/","url_meta":{"origin":75740,"position":4},"title":"MPT encontra 22 trabalhadores em condi\u00e7\u00f5es an\u00e1logas \u00e0 escravid\u00e3o em fazenda de cana","author":"noticiasribeiraopreto.com.br","date":"26 de March de 2026","format":false,"excerpt":"Uma opera\u00e7\u00e3o realizada entre os dias 16 e 19 de mar\u00e7o identificou e retirou 22 trabalhadores de uma fazenda de cana-de-a\u00e7\u00facar em Batatais, na regi\u00e3o de Ribeir\u00e3o Preto. O Minist\u00e9rio P\u00fablico do Trabalho (MPT) apontou que o grupo atuava em condi\u00e7\u00f5es an\u00e1logas \u00e0 escravid\u00e3o. Ap\u00f3s a a\u00e7\u00e3o, o respons\u00e1vel pela\u2026","rel":"","context":"In &quot;Not\u00edcias de Ribeir\u00e3o Preto-SP e Regi\u00e3o&quot;","block_context":{"text":"Not\u00edcias de Ribeir\u00e3o Preto-SP e Regi\u00e3o","link":"https:\/\/noticiasribeiraopreto.com.br\/index.php\/category\/noticias-de-ribeirao-preto-sp-e-regiao-ismael-colosi\/"},"img":{"alt_text":"","src":"https:\/\/i0.wp.com\/noticiasribeiraopreto.com.br\/wp-content\/uploads\/2026\/03\/palace-92_2026-03-26_22-26-45.webp.webp?fit=1200%2C675&ssl=1&resize=350%2C200","width":350,"height":200,"srcset":"https:\/\/i0.wp.com\/noticiasribeiraopreto.com.br\/wp-content\/uploads\/2026\/03\/palace-92_2026-03-26_22-26-45.webp.webp?fit=1200%2C675&ssl=1&resize=350%2C200 1x, https:\/\/i0.wp.com\/noticiasribeiraopreto.com.br\/wp-content\/uploads\/2026\/03\/palace-92_2026-03-26_22-26-45.webp.webp?fit=1200%2C675&ssl=1&resize=525%2C300 1.5x, https:\/\/i0.wp.com\/noticiasribeiraopreto.com.br\/wp-content\/uploads\/2026\/03\/palace-92_2026-03-26_22-26-45.webp.webp?fit=1200%2C675&ssl=1&resize=700%2C400 2x, https:\/\/i0.wp.com\/noticiasribeiraopreto.com.br\/wp-content\/uploads\/2026\/03\/palace-92_2026-03-26_22-26-45.webp.webp?fit=1200%2C675&ssl=1&resize=1050%2C600 3x"},"classes":[]},{"id":59876,"url":"https:\/\/noticiasribeiraopreto.com.br\/index.php\/2024\/10\/31\/idoso-e-resgatado-de-condicoes-analogas-a-escravidao-na-regiao-de-ribeirao\/","url_meta":{"origin":75740,"position":5},"title":"Idoso \u00e9 resgatado de condi\u00e7\u00f5es an\u00e1logas \u00e0 escravid\u00e3o na regi\u00e3o de Ribeir\u00e3o","author":"noticiasribeiraopreto.com.br","date":"31 de October de 2024","format":false,"excerpt":"Uma\u00a0idoso de 71 anos foi resgatado de\u00a0condi\u00e7\u00f5es an\u00e1logas \u00e0 escravid\u00e3o\u00a0em\u00a0Igarapava, na regi\u00e3o de\u00a0Ribeir\u00e3o Preto, nesta quinta-feira (31). A opera\u00e7\u00e3o foi realizada pelo\u00a0Minist\u00e9rio P\u00fablico do Trabalho (MPT),\u00a0Minist\u00e9rio do Trabalho e Emprego (MTE)\u00a0e\u00a0Pol\u00edcia Rodovi\u00e1ria Federal (PRF). Segundo a investiga\u00e7\u00e3o, o idoso trabalhava h\u00e1 tr\u00eas anos como caseiro em uma propriedade rural e\u2026","rel":"","context":"In &quot;Not\u00edcias de Ribeir\u00e3o Preto-SP e Regi\u00e3o&quot;","block_context":{"text":"Not\u00edcias de Ribeir\u00e3o Preto-SP e Regi\u00e3o","link":"https:\/\/noticiasribeiraopreto.com.br\/index.php\/category\/noticias-de-ribeirao-preto-sp-e-regiao-ismael-colosi\/"},"img":{"alt_text":"","src":"https:\/\/i0.wp.com\/noticiasribeiraopreto.com.br\/wp-content\/uploads\/2024\/10\/Copia-de-Copia-de-Copia-de-TAMANHO-EXATO-PARA-FOTOS-NO-SISTEMA-NOVO-67_2024-10-31_20-30-55_png_2024-10-31_20-30-55.webp.webp?fit=1200%2C675&ssl=1&resize=350%2C200","width":350,"height":200,"srcset":"https:\/\/i0.wp.com\/noticiasribeiraopreto.com.br\/wp-content\/uploads\/2024\/10\/Copia-de-Copia-de-Copia-de-TAMANHO-EXATO-PARA-FOTOS-NO-SISTEMA-NOVO-67_2024-10-31_20-30-55_png_2024-10-31_20-30-55.webp.webp?fit=1200%2C675&ssl=1&resize=350%2C200 1x, https:\/\/i0.wp.com\/noticiasribeiraopreto.com.br\/wp-content\/uploads\/2024\/10\/Copia-de-Copia-de-Copia-de-TAMANHO-EXATO-PARA-FOTOS-NO-SISTEMA-NOVO-67_2024-10-31_20-30-55_png_2024-10-31_20-30-55.webp.webp?fit=1200%2C675&ssl=1&resize=525%2C300 1.5x, https:\/\/i0.wp.com\/noticiasribeiraopreto.com.br\/wp-content\/uploads\/2024\/10\/Copia-de-Copia-de-Copia-de-TAMANHO-EXATO-PARA-FOTOS-NO-SISTEMA-NOVO-67_2024-10-31_20-30-55_png_2024-10-31_20-30-55.webp.webp?fit=1200%2C675&ssl=1&resize=700%2C400 2x, https:\/\/i0.wp.com\/noticiasribeiraopreto.com.br\/wp-content\/uploads\/2024\/10\/Copia-de-Copia-de-Copia-de-TAMANHO-EXATO-PARA-FOTOS-NO-SISTEMA-NOVO-67_2024-10-31_20-30-55_png_2024-10-31_20-30-55.webp.webp?fit=1200%2C675&ssl=1&resize=1050%2C600 3x"},"classes":[]}],"jetpack_sharing_enabled":true,"jetpack_shortlink":"https:\/\/wp.me\/peQAOb-jHC","_links":{"self":[{"href":"https:\/\/noticiasribeiraopreto.com.br\/index.php\/wp-json\/wp\/v2\/posts\/75740","targetHints":{"allow":["GET"]}}],"collection":[{"href":"https:\/\/noticiasribeiraopreto.com.br\/index.php\/wp-json\/wp\/v2\/posts"}],"about":[{"href":"https:\/\/noticiasribeiraopreto.com.br\/index.php\/wp-json\/wp\/v2\/types\/post"}],"author":[{"embeddable":true,"href":"https:\/\/noticiasribeiraopreto.com.br\/index.php\/wp-json\/wp\/v2\/users\/1"}],"replies":[{"embeddable":true,"href":"https:\/\/noticiasribeiraopreto.com.br\/index.php\/wp-json\/wp\/v2\/comments?post=75740"}],"version-history":[{"count":0,"href":"https:\/\/noticiasribeiraopreto.com.br\/index.php\/wp-json\/wp\/v2\/posts\/75740\/revisions"}],"wp:featuredmedia":[{"embeddable":true,"href":"https:\/\/noticiasribeiraopreto.com.br\/index.php\/wp-json\/wp\/v2\/media\/75741"}],"wp:attachment":[{"href":"https:\/\/noticiasribeiraopreto.com.br\/index.php\/wp-json\/wp\/v2\/media?parent=75740"}],"wp:term":[{"taxonomy":"category","embeddable":true,"href":"https:\/\/noticiasribeiraopreto.com.br\/index.php\/wp-json\/wp\/v2\/categories?post=75740"},{"taxonomy":"post_tag","embeddable":true,"href":"https:\/\/noticiasribeiraopreto.com.br\/index.php\/wp-json\/wp\/v2\/tags?post=75740"}],"curies":[{"name":"wp","href":"https:\/\/api.w.org\/{rel}","templated":true}]}}