{"id":75742,"date":"2025-08-14T15:39:46","date_gmt":"2025-08-14T18:39:46","guid":{"rendered":"https:\/\/noticiasribeiraopreto.com.br\/index.php\/2025\/08\/14\/feira-do-livro-de-ribeirao-preto-tem-lancamento-de-jogo-com-cenarios-da-cidade\/"},"modified":"2025-08-14T15:39:46","modified_gmt":"2025-08-14T18:39:46","slug":"feira-do-livro-de-ribeirao-preto-tem-lancamento-de-jogo-com-cenarios-da-cidade","status":"publish","type":"post","link":"https:\/\/noticiasribeiraopreto.com.br\/index.php\/2025\/08\/14\/feira-do-livro-de-ribeirao-preto-tem-lancamento-de-jogo-com-cenarios-da-cidade\/","title":{"rendered":"Feira do Livro de Ribeir\u00e3o Preto tem lan\u00e7amento de jogo com cen\u00e1rios da cidade"},"content":{"rendered":"<div class='code-block code-block-1' style='margin: 8px 0 8px auto; text-align: right; display: block; clear: both;'>\n<p><a href=\"https:\/\/wa.link\/vpicfd\"><img data-recalc-dims=\"1\" class=\"wp-image-4922\" style=\"aspect-ratio: 2.0253164556962027; width: 561px; height: auto;\" src=\"https:\/\/i0.wp.com\/ismaelcolosi.com.br\/wp-content\/uploads\/2023\/11\/grupo-de-empregos-whatsapp-e-facebook-ismael-colosi-vagas.jpg?ssl=1\" alt=\"\" \/><\/a><\/p>\n<!-- \/wp:image -->\n<\/div>\n<p> <br \/>\n<\/p>\n<div>\n<p><strong>Ribeir\u00e3o Preto<\/strong> ganhar\u00e1 um jogo digital de investiga\u00e7\u00e3o com recria\u00e7\u00e3o de cen\u00e1rios hist\u00f3ricos da cidade. O lan\u00e7amento do game \u201c<strong>Ribeir\u00e3o Noir \u2013 O Roubo da Est\u00e1tua de S\u00e3o Sebasti\u00e3o<\/strong>\u201d acontece durante a <strong>24\u00aa Feira Internacional do Livro<\/strong>, no pr\u00f3ximo <strong>s\u00e1bado (16)<\/strong>, a partir das <strong>10h<\/strong>.<\/p>\n<p>O jogo acontece em torno de um crime fict\u00edcio e apresenta edif\u00edcios e pra\u00e7as de uma <strong>Ribeir\u00e3o Preto<\/strong> reimaginada nos anos <strong>1950<\/strong>, onde o patrim\u00f4nio cultural \u00e9 preservado e as contradi\u00e7\u00f5es sociais da \u00e9poca se revelam a cada cena.<\/p>\n<h2 class=\"wp-block-heading\"><strong>O jogo<\/strong><\/h2>\n<p>Com narrativa no estilo noir, o jogo combina investiga\u00e7\u00e3o e elementos de RPG. O jogador assume o papel de <strong>Dandara<\/strong>, mulher negra \u00e0 frente de seu tempo, que enfrenta machismo, racismo e os desafios sociais da \u00e9poca, enquanto investiga o desaparecimento da est\u00e1tua de <strong>S\u00e3o Sebasti\u00e3o<\/strong>.<\/p>\n<p>Para chegar \u00e0 verdade, percorre espa\u00e7os como o <strong>Theatro Pedro II<\/strong>, o <strong>Mercad\u00e3o Municipal<\/strong> e o pr\u00f3prio <strong>Palacete Camilo de Mattos<\/strong>, reunindo pistas e encarando dilemas que podem alterar o rumo da investiga\u00e7\u00e3o.<\/p>\n<p><strong>Ribeir\u00e3o Noir<\/strong> nasceu de uma ideia original da <strong>Curupira Educa\u00e7\u00e3o Cultura Jogos<\/strong>, pelos professores <strong>Wanderley Barissa<\/strong> e <strong>Gustavo Bueno<\/strong> para um RPG de mesa.<\/p>\n<h2 class=\"wp-block-heading\"><strong>Lan\u00e7amento na FIL<\/strong><\/h2>\n<p>O evento ter\u00e1 media\u00e7\u00e3o de <strong>Marcelo de Souza Silva<\/strong> e contar\u00e1 com a presen\u00e7a dos doutores <strong>Jos\u00e9 Antonio Corr\u00eaa Lages<\/strong> e <strong>S\u00e9rgio Luiz de Souza<\/strong>. O painel ter\u00e1 <strong>1h30<\/strong>, com int\u00e9rpretes de <strong>Libras<\/strong>.<\/p>\n<p>Ap\u00f3s o bate-papo, o publico poder\u00e1 participar de uma <strong>visita guiada<\/strong> pelo <strong>Palacete<\/strong>, cen\u00e1rio presente no game, com dura\u00e7\u00e3o de <strong>30 minutos<\/strong>.<\/p>\n<p>\u00c0 tarde, das <strong>14h \u00e0s 16h<\/strong>, o p\u00fablico poder\u00e1 experimentar o game no <strong>estande da Secretaria Municipal da Cultura e Turismo<\/strong>, em uma demonstra\u00e7\u00e3o conduzida pelos desenvolvedores.<\/p>\n<p>SAIBA MAIS<br \/>Ribeir\u00e3o Preto recebe quatro estreias e o relan\u00e7amento de \u2018Carlota Joaquina\u2019<\/p>\n<h3 class=\"wp-block-heading\"><strong>FIQUE ON\u00a0\u00a0\u00a0\u00a0\u00a0\u00a0\u00a0\u00a0\u00a0<\/strong><\/h3>\n<p>Quer ficar por dentro de tudo que acontece em Ribeir\u00e3o Preto e regi\u00e3o? Ent\u00e3o siga os perfis do\u202facidade on\u202fno\u202f<a href=\"https:\/\/www.instagram.com\/acidadeonribeirao\" target=\"_blank\" rel=\"noreferrer noopener\">Instagram<\/a>\u202fe no\u202f<a href=\"https:\/\/www.facebook.com\/acidadeonribeirao\/\" target=\"_blank\" rel=\"noreferrer noopener\">Facebook<\/a>.<\/p>\n<p>Al\u00e9m disso, voc\u00ea pode receber as principais not\u00edcias diretamente no WhatsApp. Para isso, basta\u00a0<a href=\"https:\/\/chat.whatsapp.com\/BjKQZ9oJwlz8VVT50NuePq\" target=\"_blank\" rel=\"noreferrer noopener\">entrar no grupo clicando aqui<\/a>.<\/p>\n<p>Por fim, se quiser fazer uma den\u00fancia ou sugerir uma reportagem sobre Ribeir\u00e3o Preto e regi\u00e3o, envie uma mensagem pelo WhatsApp: (16) 99117-7802.<\/p>\n<p>VEJA TAMB\u00c9M<br \/>Travis Kelce e Taylor Swift est\u00e3o juntos h\u00e1 quanto tempo?<\/p>\n<p><!-- AI CONTENT END 1 -->\n<\/div>\n<p><script async src=\"\/\/www.instagram.com\/embed.js\"><\/script><br \/>\n<br \/><br \/>\n<br \/><a href=\"https:\/\/www.acidadeon.com\/ribeiraopreto\/lazer-e-cultura\/feira-do-livro-de-ribeirao-preto-tem-lancamento-de-jogo-com-cenarios-da-cidade\/\">Source link <\/a><\/p>\n<!-- CONTENT END 1 -->\n","protected":false},"excerpt":{"rendered":"<p>Ribeir\u00e3o Preto ganhar\u00e1 um jogo digital de investiga\u00e7\u00e3o com recria\u00e7\u00e3o de cen\u00e1rios hist\u00f3ricos da cidade. O lan\u00e7amento do game \u201cRibeir\u00e3o Noir \u2013 O Roubo da&#8230;<\/p>\n","protected":false},"author":1,"featured_media":75743,"comment_status":"open","ping_status":"open","sticky":false,"template":"","format":"standard","meta":{"advanced_seo_description":"","jetpack_seo_html_title":"","jetpack_seo_noindex":false,"jetpack_post_was_ever_published":false,"_jetpack_newsletter_access":"","_jetpack_dont_email_post_to_subs":false,"_jetpack_newsletter_tier_id":0,"_jetpack_memberships_contains_paywalled_content":false,"_jetpack_memberships_contains_paid_content":false,"footnotes":"","jetpack_publicize_message":"","jetpack_publicize_feature_enabled":true,"jetpack_social_post_already_shared":true,"jetpack_social_options":{"image_generator_settings":{"template":"highway","default_image_id":0,"font":"","enabled":false},"version":2}},"categories":[11],"tags":[],"class_list":["post-75742","post","type-post","status-publish","format-standard","has-post-thumbnail","hentry","category-noticias-de-ribeirao-preto-sp-e-regiao-ismael-colosi"],"jetpack_publicize_connections":[],"jetpack_featured_media_url":"https:\/\/i0.wp.com\/noticiasribeiraopreto.com.br\/wp-content\/uploads\/2025\/08\/escoteiros_2025-08-14_15-32-30.webp.webp?fit=1200%2C675&ssl=1","jetpack-related-posts":[{"id":76909,"url":"https:\/\/noticiasribeiraopreto.com.br\/index.php\/2025\/09\/08\/ribeirao-preto-volta-a-receber-jogos-abertos-do-interior-apos-44-anos\/","url_meta":{"origin":75742,"position":0},"title":"Ribeir\u00e3o Preto volta a receber Jogos Abertos do Interior ap\u00f3s 44 anos","author":"noticiasribeiraopreto.com.br","date":"8 de September de 2025","format":false,"excerpt":"Cidade sediar\u00e1 o evento em dezembro 8 de setembro de 2025 15:362 Compartilhar0 Por Hugo Luque Ribeir\u00e3o Preto foi oficializada nesta segunda-feira (8) como sede da 87\u00aa edi\u00e7\u00e3o dos Jogos Abertos do Interior. O evento, uma das maiores competi\u00e7\u00f5es poliesportivas das Am\u00e9ricas, vai acontecer entre os dias 10 e 20\u2026","rel":"","context":"In &quot;Not\u00edcias de Ribeir\u00e3o Preto-SP e Regi\u00e3o&quot;","block_context":{"text":"Not\u00edcias de Ribeir\u00e3o Preto-SP e Regi\u00e3o","link":"https:\/\/noticiasribeiraopreto.com.br\/index.php\/category\/noticias-de-ribeirao-preto-sp-e-regiao-ismael-colosi\/"},"img":{"alt_text":"","src":"https:\/\/i0.wp.com\/noticiasribeiraopreto.com.br\/wp-content\/uploads\/2025\/09\/Dia-9-Luan-Porto_Prefeitura-de-Ribeirao-Preto-scaled.jpg?fit=1170%2C780&ssl=1&resize=350%2C200","width":350,"height":200,"srcset":"https:\/\/i0.wp.com\/noticiasribeiraopreto.com.br\/wp-content\/uploads\/2025\/09\/Dia-9-Luan-Porto_Prefeitura-de-Ribeirao-Preto-scaled.jpg?fit=1170%2C780&ssl=1&resize=350%2C200 1x, https:\/\/i0.wp.com\/noticiasribeiraopreto.com.br\/wp-content\/uploads\/2025\/09\/Dia-9-Luan-Porto_Prefeitura-de-Ribeirao-Preto-scaled.jpg?fit=1170%2C780&ssl=1&resize=525%2C300 1.5x, https:\/\/i0.wp.com\/noticiasribeiraopreto.com.br\/wp-content\/uploads\/2025\/09\/Dia-9-Luan-Porto_Prefeitura-de-Ribeirao-Preto-scaled.jpg?fit=1170%2C780&ssl=1&resize=700%2C400 2x, https:\/\/i0.wp.com\/noticiasribeiraopreto.com.br\/wp-content\/uploads\/2025\/09\/Dia-9-Luan-Porto_Prefeitura-de-Ribeirao-Preto-scaled.jpg?fit=1170%2C780&ssl=1&resize=1050%2C600 3x"},"classes":[]},{"id":75962,"url":"https:\/\/noticiasribeiraopreto.com.br\/index.php\/2025\/08\/19\/estudante-de-ribeirao-preto-apresenta-jogo-de-tabuleiro-na-feira-do-livro\/","url_meta":{"origin":75742,"position":1},"title":"Estudante de Ribeir\u00e3o Preto apresenta jogo de tabuleiro na Feira do Livro","author":"noticiasribeiraopreto.com.br","date":"19 de August de 2025","format":false,"excerpt":"O estudante Gabriel Augusto Amaral Correia, de 15 anos, apresenta nesta ter\u00e7a-feira (19), durante a FIL (Feira Internacional do Livro) de Ribeir\u00e3o Preto, o jogo de tabuleiro \u201cAndando pelo Brasil\u201d. Os visitantes podem conferir o jogo no estande da prefeitura, \u00e0s 14h. Gabriel \u00e9 aluno do 9\u00ba ano do ensino\u2026","rel":"","context":"In &quot;Not\u00edcias de Ribeir\u00e3o Preto-SP e Regi\u00e3o&quot;","block_context":{"text":"Not\u00edcias de Ribeir\u00e3o Preto-SP e Regi\u00e3o","link":"https:\/\/noticiasribeiraopreto.com.br\/index.php\/category\/noticias-de-ribeirao-preto-sp-e-regiao-ismael-colosi\/"},"img":{"alt_text":"","src":"https:\/\/i0.wp.com\/noticiasribeiraopreto.com.br\/wp-content\/uploads\/2025\/08\/Copia-de-Copia-de-Copia-de-TAMANHO-EXATO-PARA-FOTOS-NO-SISTEMA-NOVO-2025-02-06T150906.341_2025-02-06_18-09-43_png_2025-02-06_18-09-43.webp.webp?fit=1200%2C675&ssl=1&resize=350%2C200","width":350,"height":200,"srcset":"https:\/\/i0.wp.com\/noticiasribeiraopreto.com.br\/wp-content\/uploads\/2025\/08\/Copia-de-Copia-de-Copia-de-TAMANHO-EXATO-PARA-FOTOS-NO-SISTEMA-NOVO-2025-02-06T150906.341_2025-02-06_18-09-43_png_2025-02-06_18-09-43.webp.webp?fit=1200%2C675&ssl=1&resize=350%2C200 1x, https:\/\/i0.wp.com\/noticiasribeiraopreto.com.br\/wp-content\/uploads\/2025\/08\/Copia-de-Copia-de-Copia-de-TAMANHO-EXATO-PARA-FOTOS-NO-SISTEMA-NOVO-2025-02-06T150906.341_2025-02-06_18-09-43_png_2025-02-06_18-09-43.webp.webp?fit=1200%2C675&ssl=1&resize=525%2C300 1.5x, https:\/\/i0.wp.com\/noticiasribeiraopreto.com.br\/wp-content\/uploads\/2025\/08\/Copia-de-Copia-de-Copia-de-TAMANHO-EXATO-PARA-FOTOS-NO-SISTEMA-NOVO-2025-02-06T150906.341_2025-02-06_18-09-43_png_2025-02-06_18-09-43.webp.webp?fit=1200%2C675&ssl=1&resize=700%2C400 2x, https:\/\/i0.wp.com\/noticiasribeiraopreto.com.br\/wp-content\/uploads\/2025\/08\/Copia-de-Copia-de-Copia-de-TAMANHO-EXATO-PARA-FOTOS-NO-SISTEMA-NOVO-2025-02-06T150906.341_2025-02-06_18-09-43_png_2025-02-06_18-09-43.webp.webp?fit=1200%2C675&ssl=1&resize=1050%2C600 3x"},"classes":[]},{"id":76907,"url":"https:\/\/noticiasribeiraopreto.com.br\/index.php\/2025\/09\/08\/ribeirao-preto-volta-a-sediar-os-jogos-abertos-do-interior-apos-44-anos\/","url_meta":{"origin":75742,"position":2},"title":"Ribeir\u00e3o Preto volta a sediar os Jogos Abertos do Interior ap\u00f3s 44 anos","author":"noticiasribeiraopreto.com.br","date":"8 de September de 2025","format":false,"excerpt":"Ribeir\u00e3o Preto foi confirmada nesta segunda-feira (8) como sede da 87\u00aa edi\u00e7\u00e3o dos Jogos Abertos do Interior \u201cHor\u00e1cio Baby Barioni\u201d, a Olimp\u00edada Caipira, que acontece entre os dias 10 e 20 de dezembro. O evento retorna \u00e0 cidade ap\u00f3s 44 anos.\u00a0 De acordo com a secret\u00e1ria de Esportes do Estado\u2026","rel":"","context":"In &quot;Not\u00edcias de Ribeir\u00e3o Preto-SP e Regi\u00e3o&quot;","block_context":{"text":"Not\u00edcias de Ribeir\u00e3o Preto-SP e Regi\u00e3o","link":"https:\/\/noticiasribeiraopreto.com.br\/index.php\/category\/noticias-de-ribeirao-preto-sp-e-regiao-ismael-colosi\/"},"img":{"alt_text":"","src":"https:\/\/i0.wp.com\/noticiasribeiraopreto.com.br\/wp-content\/uploads\/2025\/09\/jogos-abertos_2025-09-08_14-56-33.webp.webp?fit=1200%2C800&ssl=1&resize=350%2C200","width":350,"height":200,"srcset":"https:\/\/i0.wp.com\/noticiasribeiraopreto.com.br\/wp-content\/uploads\/2025\/09\/jogos-abertos_2025-09-08_14-56-33.webp.webp?fit=1200%2C800&ssl=1&resize=350%2C200 1x, https:\/\/i0.wp.com\/noticiasribeiraopreto.com.br\/wp-content\/uploads\/2025\/09\/jogos-abertos_2025-09-08_14-56-33.webp.webp?fit=1200%2C800&ssl=1&resize=525%2C300 1.5x, https:\/\/i0.wp.com\/noticiasribeiraopreto.com.br\/wp-content\/uploads\/2025\/09\/jogos-abertos_2025-09-08_14-56-33.webp.webp?fit=1200%2C800&ssl=1&resize=700%2C400 2x, https:\/\/i0.wp.com\/noticiasribeiraopreto.com.br\/wp-content\/uploads\/2025\/09\/jogos-abertos_2025-09-08_14-56-33.webp.webp?fit=1200%2C800&ssl=1&resize=1050%2C600 3x"},"classes":[]},{"id":67021,"url":"https:\/\/noticiasribeiraopreto.com.br\/index.php\/2025\/04\/08\/companhia-teatral-de-ribeirao-preto-celebra-18-anos-com-lancamento-de-jogo-e-espetaculos\/","url_meta":{"origin":75742,"position":3},"title":"Companhia teatral de Ribeir\u00e3o Preto celebra 18 anos com lan\u00e7amento de jogo e espet\u00e1culos","author":"noticiasribeiraopreto.com.br","date":"8 de April de 2025","format":false,"excerpt":"A Cia. A DitaCuja comemora neste ano 18 anos de hist\u00f3ria e, para celebrar, a companhia teatral preparou uma programa\u00e7\u00e3o que acontecer\u00e1 durante o ano todo, come\u00e7ando no pr\u00f3ximo s\u00e1bado (12), \u00e0s 20h, na Casa das Artes, com o lan\u00e7amento de um jogo. O \u201cFINDA\u201d \u00e9 inspirado na pe\u00e7a teatral\u2026","rel":"","context":"In &quot;Not\u00edcias de Ribeir\u00e3o Preto-SP e Regi\u00e3o&quot;","block_context":{"text":"Not\u00edcias de Ribeir\u00e3o Preto-SP e Regi\u00e3o","link":"https:\/\/noticiasribeiraopreto.com.br\/index.php\/category\/noticias-de-ribeirao-preto-sp-e-regiao-ismael-colosi\/"},"img":{"alt_text":"","src":"https:\/\/i0.wp.com\/noticiasribeiraopreto.com.br\/wp-content\/uploads\/2025\/04\/Finda-CiaADitaCuja-Foto-Renata-Prado-15_2025-04-08_15-20-12_jpg_2025-04-08_15-20-12.webp.webp?fit=1200%2C800&ssl=1&resize=350%2C200","width":350,"height":200,"srcset":"https:\/\/i0.wp.com\/noticiasribeiraopreto.com.br\/wp-content\/uploads\/2025\/04\/Finda-CiaADitaCuja-Foto-Renata-Prado-15_2025-04-08_15-20-12_jpg_2025-04-08_15-20-12.webp.webp?fit=1200%2C800&ssl=1&resize=350%2C200 1x, https:\/\/i0.wp.com\/noticiasribeiraopreto.com.br\/wp-content\/uploads\/2025\/04\/Finda-CiaADitaCuja-Foto-Renata-Prado-15_2025-04-08_15-20-12_jpg_2025-04-08_15-20-12.webp.webp?fit=1200%2C800&ssl=1&resize=525%2C300 1.5x, https:\/\/i0.wp.com\/noticiasribeiraopreto.com.br\/wp-content\/uploads\/2025\/04\/Finda-CiaADitaCuja-Foto-Renata-Prado-15_2025-04-08_15-20-12_jpg_2025-04-08_15-20-12.webp.webp?fit=1200%2C800&ssl=1&resize=700%2C400 2x, https:\/\/i0.wp.com\/noticiasribeiraopreto.com.br\/wp-content\/uploads\/2025\/04\/Finda-CiaADitaCuja-Foto-Renata-Prado-15_2025-04-08_15-20-12_jpg_2025-04-08_15-20-12.webp.webp?fit=1200%2C800&ssl=1&resize=1050%2C600 3x"},"classes":[]},{"id":80498,"url":"https:\/\/noticiasribeiraopreto.com.br\/index.php\/2025\/12\/04\/jogos-abertos-terao-aporte-de-r-23-mi\/","url_meta":{"origin":75742,"position":4},"title":"Jogos Abertos ter\u00e3o aporte de R$ 2,3 mi","author":"noticiasribeiraopreto.com.br","date":"4 de December de 2025","format":false,"excerpt":"A 87\u00aa edi\u00e7\u00e3o dos Jogos Abertos do Interior Hor\u00e1cio Baby Barioni (JAI 2025), ser\u00e1 entre 10 e 21 de dezembro, em Ribeir\u00e3o Preto\u2028\u2028 A C\u00e2mara de Vereadores aprovou, na sess\u00e3o desta quarta-feira, 3 de dezembro, cr\u00e9dito especial no valor de at\u00e9 R$ 2.342.560 para a realiza\u00e7\u00e3o da 87\u00aa edi\u00e7\u00e3o dos\u2026","rel":"","context":"In &quot;Not\u00edcias de Ribeir\u00e3o Preto-SP e Regi\u00e3o&quot;","block_context":{"text":"Not\u00edcias de Ribeir\u00e3o Preto-SP e Regi\u00e3o","link":"https:\/\/noticiasribeiraopreto.com.br\/index.php\/category\/noticias-de-ribeirao-preto-sp-e-regiao-ismael-colosi\/"},"img":{"alt_text":"","src":"https:\/\/i0.wp.com\/noticiasribeiraopreto.com.br\/wp-content\/uploads\/2025\/12\/JogosRP-Alfredo-Risk-scaled.jpg?fit=1200%2C625&ssl=1&resize=350%2C200","width":350,"height":200,"srcset":"https:\/\/i0.wp.com\/noticiasribeiraopreto.com.br\/wp-content\/uploads\/2025\/12\/JogosRP-Alfredo-Risk-scaled.jpg?fit=1200%2C625&ssl=1&resize=350%2C200 1x, https:\/\/i0.wp.com\/noticiasribeiraopreto.com.br\/wp-content\/uploads\/2025\/12\/JogosRP-Alfredo-Risk-scaled.jpg?fit=1200%2C625&ssl=1&resize=525%2C300 1.5x, https:\/\/i0.wp.com\/noticiasribeiraopreto.com.br\/wp-content\/uploads\/2025\/12\/JogosRP-Alfredo-Risk-scaled.jpg?fit=1200%2C625&ssl=1&resize=700%2C400 2x, https:\/\/i0.wp.com\/noticiasribeiraopreto.com.br\/wp-content\/uploads\/2025\/12\/JogosRP-Alfredo-Risk-scaled.jpg?fit=1200%2C625&ssl=1&resize=1050%2C600 3x"},"classes":[]},{"id":81681,"url":"https:\/\/noticiasribeiraopreto.com.br\/index.php\/2026\/01\/14\/empresa-de-apostas-de-ribeirao-preto-e-alvo-de-megaoperacao-contra-jogos-ilegais\/","url_meta":{"origin":75742,"position":5},"title":"Empresa de apostas de Ribeir\u00e3o Preto \u00e9 alvo de megaopera\u00e7\u00e3o contra jogos ilegais","author":"noticiasribeiraopreto.com.br","date":"14 de January de 2026","format":false,"excerpt":"A Pol\u00edcia Civil investiga um esquema envolvendo empresas de apostas que mira 47 pessoas f\u00edsicas e 21 empresas no interior de S\u00e3o Paulo. O principal alvo da opera\u00e7\u00e3o \u00e9 um investigado de S\u00e3o Jo\u00e3o da Boa Vista. Entre as empresas citadas na apura\u00e7\u00e3o est\u00e1 a Sportvip Group, que tem sede\u2026","rel":"","context":"In &quot;Not\u00edcias de Ribeir\u00e3o Preto-SP e Regi\u00e3o&quot;","block_context":{"text":"Not\u00edcias de Ribeir\u00e3o Preto-SP e Regi\u00e3o","link":"https:\/\/noticiasribeiraopreto.com.br\/index.php\/category\/noticias-de-ribeirao-preto-sp-e-regiao-ismael-colosi\/"},"img":{"alt_text":"","src":"https:\/\/i0.wp.com\/noticiasribeiraopreto.com.br\/wp-content\/uploads\/2026\/01\/domingo-42_2026-01-13_23-00-44.webp.webp?fit=1200%2C675&ssl=1&resize=350%2C200","width":350,"height":200,"srcset":"https:\/\/i0.wp.com\/noticiasribeiraopreto.com.br\/wp-content\/uploads\/2026\/01\/domingo-42_2026-01-13_23-00-44.webp.webp?fit=1200%2C675&ssl=1&resize=350%2C200 1x, https:\/\/i0.wp.com\/noticiasribeiraopreto.com.br\/wp-content\/uploads\/2026\/01\/domingo-42_2026-01-13_23-00-44.webp.webp?fit=1200%2C675&ssl=1&resize=525%2C300 1.5x, https:\/\/i0.wp.com\/noticiasribeiraopreto.com.br\/wp-content\/uploads\/2026\/01\/domingo-42_2026-01-13_23-00-44.webp.webp?fit=1200%2C675&ssl=1&resize=700%2C400 2x, https:\/\/i0.wp.com\/noticiasribeiraopreto.com.br\/wp-content\/uploads\/2026\/01\/domingo-42_2026-01-13_23-00-44.webp.webp?fit=1200%2C675&ssl=1&resize=1050%2C600 3x"},"classes":[]}],"jetpack_sharing_enabled":true,"jetpack_shortlink":"https:\/\/wp.me\/peQAOb-jHE","_links":{"self":[{"href":"https:\/\/noticiasribeiraopreto.com.br\/index.php\/wp-json\/wp\/v2\/posts\/75742","targetHints":{"allow":["GET"]}}],"collection":[{"href":"https:\/\/noticiasribeiraopreto.com.br\/index.php\/wp-json\/wp\/v2\/posts"}],"about":[{"href":"https:\/\/noticiasribeiraopreto.com.br\/index.php\/wp-json\/wp\/v2\/types\/post"}],"author":[{"embeddable":true,"href":"https:\/\/noticiasribeiraopreto.com.br\/index.php\/wp-json\/wp\/v2\/users\/1"}],"replies":[{"embeddable":true,"href":"https:\/\/noticiasribeiraopreto.com.br\/index.php\/wp-json\/wp\/v2\/comments?post=75742"}],"version-history":[{"count":0,"href":"https:\/\/noticiasribeiraopreto.com.br\/index.php\/wp-json\/wp\/v2\/posts\/75742\/revisions"}],"wp:featuredmedia":[{"embeddable":true,"href":"https:\/\/noticiasribeiraopreto.com.br\/index.php\/wp-json\/wp\/v2\/media\/75743"}],"wp:attachment":[{"href":"https:\/\/noticiasribeiraopreto.com.br\/index.php\/wp-json\/wp\/v2\/media?parent=75742"}],"wp:term":[{"taxonomy":"category","embeddable":true,"href":"https:\/\/noticiasribeiraopreto.com.br\/index.php\/wp-json\/wp\/v2\/categories?post=75742"},{"taxonomy":"post_tag","embeddable":true,"href":"https:\/\/noticiasribeiraopreto.com.br\/index.php\/wp-json\/wp\/v2\/tags?post=75742"}],"curies":[{"name":"wp","href":"https:\/\/api.w.org\/{rel}","templated":true}]}}