{"id":75744,"date":"2025-08-14T15:47:09","date_gmt":"2025-08-14T18:47:09","guid":{"rendered":"https:\/\/noticiasribeiraopreto.com.br\/index.php\/2025\/08\/14\/identificada-a-motociclista-morta-em-colisao-que-envolveu-motorista-preso-por-embriaguez\/"},"modified":"2025-08-14T15:47:09","modified_gmt":"2025-08-14T18:47:09","slug":"identificada-a-motociclista-morta-em-colisao-que-envolveu-motorista-preso-por-embriaguez","status":"publish","type":"post","link":"https:\/\/noticiasribeiraopreto.com.br\/index.php\/2025\/08\/14\/identificada-a-motociclista-morta-em-colisao-que-envolveu-motorista-preso-por-embriaguez\/","title":{"rendered":"Identificada a motociclista morta em colis\u00e3o que envolveu motorista preso por embriaguez"},"content":{"rendered":"<div class='code-block code-block-1' style='margin: 8px 0 8px auto; text-align: right; display: block; clear: both;'>\n<p><a href=\"https:\/\/wa.link\/vpicfd\"><img data-recalc-dims=\"1\" class=\"wp-image-4922\" style=\"aspect-ratio: 2.0253164556962027; width: 561px; height: auto;\" src=\"https:\/\/i0.wp.com\/ismaelcolosi.com.br\/wp-content\/uploads\/2023\/11\/grupo-de-empregos-whatsapp-e-facebook-ismael-colosi-vagas.jpg?ssl=1\" alt=\"\" \/><\/a><\/p>\n<!-- \/wp:image -->\n<\/div>\n<p> <br \/>\n<\/p>\n<div data-td-block-uid=\"tdi_95\">\n<div class=\"tdb-block-inner td-fix-index\">\n<p><strong>A Pol\u00edcia Civil indentificou a motociclista que morreu na noite desta quarta-feira (13), depois de ter a moto atingida por um carro, cair e ser atropelada por um \u00f4nibus no km 336 da rodovia Att\u00edlio Balbo (SP-322), em Sert\u00e3ozinho, na regi\u00e3o de Ribeir\u00e3o Preto.<\/strong> O <strong>motorista <\/strong>do <strong>carro <\/strong>foi <strong>preso <\/strong>por <strong>embriaguez<\/strong>. <\/p>\n<p><mark style=\"background-color:#fcb900\" class=\"has-inline-color has-black-color\">Segundo o boletim de ocorr\u00eancia (BO), Vanessa Cristina Costa Souza faleceu ainda no local. <\/mark><\/p>\n<p>A PMR (Pol\u00edcia Militar Rodovi\u00e1ria) informou que o motorista do carro fugiu, mas acabou localizado e preso. O baf\u00f4metro apontou 0,66 mg\/l de \u00e1lcool por litro de ar expelido dos pulm\u00f5es, de acordo com a pol\u00edcia.<\/p>\n<p>O condutor do \u00f4nibus permaneceu com o ve\u00edculo no acostamento da via.<\/p>\n<p>O caso foi registrado no Plant\u00e3o da Pol\u00edcia Civil de Sert\u00e3ozinho como homic\u00eddio na condu\u00e7\u00e3o de ve\u00edculo automotor.<\/p>\n<p>No BO consta que o motorista consentiu em fornecer amostra de sangue para o exame pericial de alcoolemia.<\/p>\n<p>SAIBA MAIS<\/p>\n<p>Fogo em carro furtado deu in\u00edcio a inc\u00eandio de grandes propor\u00e7\u00f5es em Ribeir\u00e3o Preto<\/p>\n<h2 class=\"wp-block-heading\"><strong>FIQUE ON\u00a0\u00a0\u00a0\u00a0\u00a0\u00a0\u00a0\u00a0\u00a0<\/strong><\/h2>\n<p>Quer ficar por dentro de tudo que acontece em Ribeir\u00e3o Preto e regi\u00e3o? Ent\u00e3o siga os perfis do\u202facidade on\u202fno\u202f<a href=\"https:\/\/www.instagram.com\/acidadeonribeirao\" target=\"_blank\" rel=\"noreferrer noopener\">Instagram<\/a>\u202fe no\u202f<a href=\"https:\/\/www.facebook.com\/acidadeonribeirao\/\" target=\"_blank\" rel=\"noreferrer noopener\">Facebook<\/a>.<\/p>\n<p>Al\u00e9m disso, voc\u00ea pode receber as principais not\u00edcias diretamente no WhatsApp. Para isso, basta\u00a0<a href=\"https:\/\/chat.whatsapp.com\/BjKQZ9oJwlz8VVT50NuePq\" target=\"_blank\" rel=\"noreferrer noopener\">entrar no grupo clicando aqui<\/a>.<\/p>\n<p>Por fim, se quiser fazer uma den\u00fancia ou sugerir uma reportagem sobre Ribeir\u00e3o Preto e regi\u00e3o, envie uma mensagem pelo WhatsApp: (16) 99117-7802.<\/p>\n<p>VEJA TAMB\u00c9M<\/p>\n<p>A Mulher da Casa Abandonada morava em Campinas?<\/p>\n<p><!-- AI CONTENT END 1 -->\n<\/div>\n<\/div>\n<p><script async src=\"\/\/www.instagram.com\/embed.js\"><\/script><br \/>\n<br \/><br \/>\n<br \/><a href=\"https:\/\/www.acidadeon.com\/ribeiraopreto\/cotidiano\/identificada-a-motociclista-morta-em-colisao-que-envolveu-motorista-preso-por-embriaguez\/\">Source link <\/a><\/p>\n<!-- CONTENT END 1 -->\n","protected":false},"excerpt":{"rendered":"<p>A Pol\u00edcia Civil indentificou a motociclista que morreu na noite desta quarta-feira (13), depois de ter a moto atingida por um carro, cair e ser&#8230;<\/p>\n","protected":false},"author":1,"featured_media":75745,"comment_status":"open","ping_status":"open","sticky":false,"template":"","format":"standard","meta":{"advanced_seo_description":"","jetpack_seo_html_title":"","jetpack_seo_noindex":false,"jetpack_post_was_ever_published":false,"_jetpack_newsletter_access":"","_jetpack_dont_email_post_to_subs":false,"_jetpack_newsletter_tier_id":0,"_jetpack_memberships_contains_paywalled_content":false,"_jetpack_memberships_contains_paid_content":false,"footnotes":"","jetpack_publicize_message":"","jetpack_publicize_feature_enabled":true,"jetpack_social_post_already_shared":true,"jetpack_social_options":{"image_generator_settings":{"template":"highway","default_image_id":0,"font":"","enabled":false},"version":2}},"categories":[11],"tags":[],"class_list":["post-75744","post","type-post","status-publish","format-standard","has-post-thumbnail","hentry","category-noticias-de-ribeirao-preto-sp-e-regiao-ismael-colosi"],"jetpack_publicize_connections":[],"jetpack_featured_media_url":"https:\/\/i0.wp.com\/noticiasribeiraopreto.com.br\/wp-content\/uploads\/2025\/08\/WhatsApp-Image-2025-08-14-at-11.56.01_2025-08-14_15-10-55.webp.webp?fit=1200%2C675&ssl=1","jetpack-related-posts":[{"id":75709,"url":"https:\/\/noticiasribeiraopreto.com.br\/index.php\/2025\/08\/14\/motociclista-morre-apos-ser-atingida-por-carro-cair-e-ser-atropelada-por-onibus\/","url_meta":{"origin":75744,"position":0},"title":"Motociclista morre ap\u00f3s ser atingida por carro, cair e ser atropelada por \u00f4nibus","author":"noticiasribeiraopreto.com.br","date":"14 de August de 2025","format":false,"excerpt":"Uma motociclista morreu na noite desta quarta-feira (13), depois de ter a moto atingida por um carro, cair e ser atropelada por um \u00f4nibus no km 336 da rodovia Att\u00edlio Balbo (SP 322), em Sert\u00e3ozinho, na regi\u00e3o de Ribeir\u00e3o Preto. Segundo a PMR (Pol\u00edcia Militar Rodovi\u00e1ria), o motorista do carro\u2026","rel":"","context":"In &quot;Not\u00edcias de Ribeir\u00e3o Preto-SP e Regi\u00e3o&quot;","block_context":{"text":"Not\u00edcias de Ribeir\u00e3o Preto-SP e Regi\u00e3o","link":"https:\/\/noticiasribeiraopreto.com.br\/index.php\/category\/noticias-de-ribeirao-preto-sp-e-regiao-ismael-colosi\/"},"img":{"alt_text":"","src":"https:\/\/i0.wp.com\/noticiasribeiraopreto.com.br\/wp-content\/uploads\/2025\/08\/ACIDENTE_2025-08-14_10-38-56.webp.webp?fit=1200%2C787&ssl=1&resize=350%2C200","width":350,"height":200,"srcset":"https:\/\/i0.wp.com\/noticiasribeiraopreto.com.br\/wp-content\/uploads\/2025\/08\/ACIDENTE_2025-08-14_10-38-56.webp.webp?fit=1200%2C787&ssl=1&resize=350%2C200 1x, https:\/\/i0.wp.com\/noticiasribeiraopreto.com.br\/wp-content\/uploads\/2025\/08\/ACIDENTE_2025-08-14_10-38-56.webp.webp?fit=1200%2C787&ssl=1&resize=525%2C300 1.5x, https:\/\/i0.wp.com\/noticiasribeiraopreto.com.br\/wp-content\/uploads\/2025\/08\/ACIDENTE_2025-08-14_10-38-56.webp.webp?fit=1200%2C787&ssl=1&resize=700%2C400 2x, https:\/\/i0.wp.com\/noticiasribeiraopreto.com.br\/wp-content\/uploads\/2025\/08\/ACIDENTE_2025-08-14_10-38-56.webp.webp?fit=1200%2C787&ssl=1&resize=1050%2C600 3x"},"classes":[]},{"id":39462,"url":"https:\/\/noticiasribeiraopreto.com.br\/index.php\/2024\/02\/26\/motorista-e-preso-por-embriaguez-apos-atropelar-motociclista-em-rp\/","url_meta":{"origin":75744,"position":1},"title":"Motorista \u00e9 preso por embriaguez ap\u00f3s atropelar motociclista em RP","author":"noticiasribeiraopreto.com.br","date":"26 de February de 2024","format":false,"excerpt":"Entregador foi socorrido inconsciente ap\u00f3s acidente onde motorista fugiu do local e teria jogado garrafas de cerveja pela janela do carro 26 de fevereiro de 2024 | 12:25 0Por: Adalberto LuqueUm homem de 44 anos foi preso, na madrugada desta segunda-feira (26), ap\u00f3s atropelar um motociclista que fazia entregas. O\u2026","rel":"","context":"In &quot;Not\u00edcias de Ribeir\u00e3o Preto-SP e Regi\u00e3o&quot;","block_context":{"text":"Not\u00edcias de Ribeir\u00e3o Preto-SP e Regi\u00e3o","link":"https:\/\/noticiasribeiraopreto.com.br\/index.php\/category\/noticias-de-ribeirao-preto-sp-e-regiao-ismael-colosi\/"},"img":{"alt_text":"","src":"https:\/\/i0.wp.com\/noticiasribeiraopreto.com.br\/wp-content\/uploads\/2024\/02\/1708961597_hcemergencia.jpg?fit=800%2C500&ssl=1&resize=350%2C200","width":350,"height":200,"srcset":"https:\/\/i0.wp.com\/noticiasribeiraopreto.com.br\/wp-content\/uploads\/2024\/02\/1708961597_hcemergencia.jpg?fit=800%2C500&ssl=1&resize=350%2C200 1x, https:\/\/i0.wp.com\/noticiasribeiraopreto.com.br\/wp-content\/uploads\/2024\/02\/1708961597_hcemergencia.jpg?fit=800%2C500&ssl=1&resize=525%2C300 1.5x, https:\/\/i0.wp.com\/noticiasribeiraopreto.com.br\/wp-content\/uploads\/2024\/02\/1708961597_hcemergencia.jpg?fit=800%2C500&ssl=1&resize=700%2C400 2x"},"classes":[]},{"id":57815,"url":"https:\/\/noticiasribeiraopreto.com.br\/index.php\/2024\/09\/11\/motociclista-e-preso-por-embriaguez-apos-cair-de-moto-em-fuga-da-policia\/","url_meta":{"origin":75744,"position":2},"title":"Motociclista \u00e9 preso por embriaguez ap\u00f3s cair de moto em fuga da pol\u00edcia","author":"noticiasribeiraopreto.com.br","date":"11 de September de 2024","format":false,"excerpt":"Um motociclista de 30 anos foi preso por embriaguez na madrugada desta quarta-feira (11), depois de tentar fugir da PM (Pol\u00edcia Militar), na zona Norte de Ribeir\u00e3o Preto. Segundo o boletim de ocorr\u00eancia (BO), os policiais solicitaram que o motociclista parasse, mas ele seguiu com a moto por aproximadamente dois\u2026","rel":"","context":"In &quot;Not\u00edcias de Ribeir\u00e3o Preto-SP e Regi\u00e3o&quot;","block_context":{"text":"Not\u00edcias de Ribeir\u00e3o Preto-SP e Regi\u00e3o","link":"https:\/\/noticiasribeiraopreto.com.br\/index.php\/category\/noticias-de-ribeirao-preto-sp-e-regiao-ismael-colosi\/"},"img":{"alt_text":"","src":"https:\/\/i0.wp.com\/noticiasribeiraopreto.com.br\/wp-content\/uploads\/2024\/09\/WhatsApp-Image-2023-12-23-at-12.01.31.jpeg?fit=480%2C245&ssl=1&resize=350%2C200","width":350,"height":200},"classes":[]},{"id":64000,"url":"https:\/\/noticiasribeiraopreto.com.br\/index.php\/2025\/02\/27\/motorista-com-sinais-de-embriaguez-e-preso-apos-bater-carro-em-moto-estacionada-em-ribeirao\/","url_meta":{"origin":75744,"position":3},"title":"Motorista com sinais de embriaguez \u00e9 preso ap\u00f3s bater carro em moto estacionada em Ribeir\u00e3o","author":"noticiasribeiraopreto.com.br","date":"27 de February de 2025","format":false,"excerpt":"Um motorista de 54 anos foi preso com sinais de embriaguez, na noite desta quarta-feira (26), depois de bater o carro em uma moto estacionada, na Vila Virg\u00ednia, zona Oeste de Ribeir\u00e3o Preto. Segundo o boletim de ocorr\u00eancia (BO), a colis\u00e3o ocorreu na rua Doutor Jo\u00e3o Gui\u00e3o e, quando a\u2026","rel":"","context":"In &quot;Not\u00edcias de Ribeir\u00e3o Preto-SP e Regi\u00e3o&quot;","block_context":{"text":"Not\u00edcias de Ribeir\u00e3o Preto-SP e Regi\u00e3o","link":"https:\/\/noticiasribeiraopreto.com.br\/index.php\/category\/noticias-de-ribeirao-preto-sp-e-regiao-ismael-colosi\/"},"img":{"alt_text":"","src":"https:\/\/noticiasribeiraopreto.com.br\/wp-content\/uploads\/2024\/02\/whatsapp_image_2022-08-14_at_12_10_03.jpe","width":350,"height":200,"srcset":"https:\/\/noticiasribeiraopreto.com.br\/wp-content\/uploads\/2024\/02\/whatsapp_image_2022-08-14_at_12_10_03.jpe 1x, https:\/\/noticiasribeiraopreto.com.br\/wp-content\/uploads\/2024\/02\/whatsapp_image_2022-08-14_at_12_10_03.jpe 1.5x, https:\/\/noticiasribeiraopreto.com.br\/wp-content\/uploads\/2024\/02\/whatsapp_image_2022-08-14_at_12_10_03.jpe 2x, https:\/\/noticiasribeiraopreto.com.br\/wp-content\/uploads\/2024\/02\/whatsapp_image_2022-08-14_at_12_10_03.jpe 3x"},"classes":[]},{"id":63677,"url":"https:\/\/noticiasribeiraopreto.com.br\/index.php\/2025\/02\/19\/idoso-e-preso-por-embriaguez-apos-bater-o-carro-na-regiao-de-ribeirao-preto\/","url_meta":{"origin":75744,"position":4},"title":"Idoso \u00e9 preso por embriaguez ap\u00f3s bater o carro na regi\u00e3o de Ribeir\u00e3o Preto","author":"noticiasribeiraopreto.com.br","date":"19 de February de 2025","format":false,"excerpt":"Um homem de 71 anos foi preso por embriaguez ao volante na noite desta ter\u00e7a-feira (18), ap\u00f3s bater o carro em Brodowski, na regi\u00e3o de Ribeir\u00e3o Preto. Segundo o boletim de ocorr\u00eancia (BO), o motorista invadiu a faixa contr\u00e1ria da rua Capit\u00e3o Jo\u00e3o Pereira Ramos e atingiu outro carro que\u2026","rel":"","context":"In &quot;Not\u00edcias de Ribeir\u00e3o Preto-SP e Regi\u00e3o&quot;","block_context":{"text":"Not\u00edcias de Ribeir\u00e3o Preto-SP e Regi\u00e3o","link":"https:\/\/noticiasribeiraopreto.com.br\/index.php\/category\/noticias-de-ribeirao-preto-sp-e-regiao-ismael-colosi\/"},"img":{"alt_text":"","src":"https:\/\/noticiasribeiraopreto.com.br\/wp-content\/uploads\/2025\/02\/plantao-policial-saocarlos.jpe","width":350,"height":200,"srcset":"https:\/\/noticiasribeiraopreto.com.br\/wp-content\/uploads\/2025\/02\/plantao-policial-saocarlos.jpe 1x, https:\/\/noticiasribeiraopreto.com.br\/wp-content\/uploads\/2025\/02\/plantao-policial-saocarlos.jpe 1.5x, https:\/\/noticiasribeiraopreto.com.br\/wp-content\/uploads\/2025\/02\/plantao-policial-saocarlos.jpe 2x, https:\/\/noticiasribeiraopreto.com.br\/wp-content\/uploads\/2025\/02\/plantao-policial-saocarlos.jpe 3x"},"classes":[]},{"id":78729,"url":"https:\/\/noticiasribeiraopreto.com.br\/index.php\/2025\/10\/17\/motorista-de-porsche-e-preso-com-sinais-de-embriaguez-apos-fuga-da-policia\/","url_meta":{"origin":75744,"position":5},"title":"Motorista de Porsche\u00a0\u00e9 preso com sinais de embriaguez ap\u00f3s fuga da pol\u00edcia","author":"noticiasribeiraopreto.com.br","date":"17 de October de 2025","format":false,"excerpt":"O\u00a0motorista de um Porsche\u00a0que fugiu da pol\u00edcia e invadiu uma pra\u00e7a com o carro\u00a0nesta quinta-feira (16), em\u00a0Ipu\u00e3, a 100 km de\u00a0Ribeir\u00e3o Preto, foi preso com sinais de embriaguez. Um v\u00eddeo que circula nas redes sociais\u00a0mostra a persegui\u00e7\u00e3o e o momento em que o condutor invade a pra\u00e7a central da cidade\u2026","rel":"","context":"In &quot;Not\u00edcias de Ribeir\u00e3o Preto-SP e Regi\u00e3o&quot;","block_context":{"text":"Not\u00edcias de Ribeir\u00e3o Preto-SP e Regi\u00e3o","link":"https:\/\/noticiasribeiraopreto.com.br\/index.php\/category\/noticias-de-ribeirao-preto-sp-e-regiao-ismael-colosi\/"},"img":{"alt_text":"","src":"https:\/\/i0.wp.com\/noticiasribeiraopreto.com.br\/wp-content\/uploads\/2025\/10\/CARRO_2025-10-17_09-51-25.webp.webp?fit=1200%2C881&ssl=1&resize=350%2C200","width":350,"height":200,"srcset":"https:\/\/i0.wp.com\/noticiasribeiraopreto.com.br\/wp-content\/uploads\/2025\/10\/CARRO_2025-10-17_09-51-25.webp.webp?fit=1200%2C881&ssl=1&resize=350%2C200 1x, https:\/\/i0.wp.com\/noticiasribeiraopreto.com.br\/wp-content\/uploads\/2025\/10\/CARRO_2025-10-17_09-51-25.webp.webp?fit=1200%2C881&ssl=1&resize=525%2C300 1.5x, https:\/\/i0.wp.com\/noticiasribeiraopreto.com.br\/wp-content\/uploads\/2025\/10\/CARRO_2025-10-17_09-51-25.webp.webp?fit=1200%2C881&ssl=1&resize=700%2C400 2x, https:\/\/i0.wp.com\/noticiasribeiraopreto.com.br\/wp-content\/uploads\/2025\/10\/CARRO_2025-10-17_09-51-25.webp.webp?fit=1200%2C881&ssl=1&resize=1050%2C600 3x"},"classes":[]}],"jetpack_sharing_enabled":true,"jetpack_shortlink":"https:\/\/wp.me\/peQAOb-jHG","_links":{"self":[{"href":"https:\/\/noticiasribeiraopreto.com.br\/index.php\/wp-json\/wp\/v2\/posts\/75744","targetHints":{"allow":["GET"]}}],"collection":[{"href":"https:\/\/noticiasribeiraopreto.com.br\/index.php\/wp-json\/wp\/v2\/posts"}],"about":[{"href":"https:\/\/noticiasribeiraopreto.com.br\/index.php\/wp-json\/wp\/v2\/types\/post"}],"author":[{"embeddable":true,"href":"https:\/\/noticiasribeiraopreto.com.br\/index.php\/wp-json\/wp\/v2\/users\/1"}],"replies":[{"embeddable":true,"href":"https:\/\/noticiasribeiraopreto.com.br\/index.php\/wp-json\/wp\/v2\/comments?post=75744"}],"version-history":[{"count":0,"href":"https:\/\/noticiasribeiraopreto.com.br\/index.php\/wp-json\/wp\/v2\/posts\/75744\/revisions"}],"wp:featuredmedia":[{"embeddable":true,"href":"https:\/\/noticiasribeiraopreto.com.br\/index.php\/wp-json\/wp\/v2\/media\/75745"}],"wp:attachment":[{"href":"https:\/\/noticiasribeiraopreto.com.br\/index.php\/wp-json\/wp\/v2\/media?parent=75744"}],"wp:term":[{"taxonomy":"category","embeddable":true,"href":"https:\/\/noticiasribeiraopreto.com.br\/index.php\/wp-json\/wp\/v2\/categories?post=75744"},{"taxonomy":"post_tag","embeddable":true,"href":"https:\/\/noticiasribeiraopreto.com.br\/index.php\/wp-json\/wp\/v2\/tags?post=75744"}],"curies":[{"name":"wp","href":"https:\/\/api.w.org\/{rel}","templated":true}]}}