{"id":75746,"date":"2025-08-14T17:57:34","date_gmt":"2025-08-14T20:57:34","guid":{"rendered":"https:\/\/noticiasribeiraopreto.com.br\/index.php\/2025\/08\/14\/amplitude-termica-no-interior-de-sp-pode-chegar-a-25c-nos-proximos-dias\/"},"modified":"2025-08-14T17:57:34","modified_gmt":"2025-08-14T20:57:34","slug":"amplitude-termica-no-interior-de-sp-pode-chegar-a-25c-nos-proximos-dias","status":"publish","type":"post","link":"https:\/\/noticiasribeiraopreto.com.br\/index.php\/2025\/08\/14\/amplitude-termica-no-interior-de-sp-pode-chegar-a-25c-nos-proximos-dias\/","title":{"rendered":"Amplitude t\u00e9rmica no interior de SP pode chegar a 25\u00b0C nos pr\u00f3ximos dias"},"content":{"rendered":"<div class='code-block code-block-1' style='margin: 8px 0 8px auto; text-align: right; display: block; clear: both;'>\n<p><a href=\"https:\/\/wa.link\/vpicfd\"><img data-recalc-dims=\"1\" class=\"wp-image-4922\" style=\"aspect-ratio: 2.0253164556962027; width: 561px; height: auto;\" src=\"https:\/\/i0.wp.com\/ismaelcolosi.com.br\/wp-content\/uploads\/2023\/11\/grupo-de-empregos-whatsapp-e-facebook-ismael-colosi-vagas.jpg?ssl=1\" alt=\"\" \/><\/a><\/p>\n<!-- \/wp:image -->\n<\/div>\n<p> <br \/>\n<\/p>\n<div data-td-block-uid=\"tdi_95\">\n<div class=\"tdb-block-inner td-fix-index\">\n<p>Os pr\u00f3ximos dias ser\u00e3o t\u00edpicos de inverno, com <strong>pouca nebulosidade<\/strong>, favorecendo <strong>grande amplitude t\u00e9rmica<\/strong> em diversas regi\u00f5es do <strong>estado de S\u00e3o Paulo<\/strong> \u2013 veja abaixo.<\/p>\n<p>De acordo com a <strong>Defesa Civil do Estado de S\u00e3o Paulo<\/strong>, <mark style=\"background-color:#fcb900\" class=\"has-inline-color\">a <strong>regi\u00e3o de Ribeir\u00e3o Preto<\/strong>, deve registrar uma das maiores amplitudes t\u00e9rmicas<\/mark>, com <strong>m\u00ednimas <\/strong>de <strong>7\u00b0C<\/strong> nas manh\u00e3s e <strong>m\u00e1ximas de at\u00e9 32\u00b0C<\/strong> \u00e0 tarde, representando uma <strong>varia\u00e7\u00e3o de 25\u00b0C<\/strong>.<\/p>\n<p>Uma forte <strong>massa de ar seco<\/strong> vai predominar sobre o <strong>estado de S\u00e3o Paulo<\/strong>, mantendo o tempo est\u00e1vel e sem chuvas significativas na maior parte do territ\u00f3rio.<\/p>\n<p>Por esse motivo, o <a href=\"https:\/\/portal.inmet.gov.br\/\" target=\"_blank\" data-type=\"link\" data-id=\"https:\/\/portal.inmet.gov.br\/\" rel=\"noreferrer noopener\">Inmet (Instituto Nacional de Meteorologia)<\/a> tamb\u00e9m publicou um <strong>alerta de grande perigo<\/strong> para <strong>baixa umidade<\/strong> no <strong>interior de S\u00e3o Paulo<\/strong>. Clique aqui e confira as regi\u00f5es.<\/p>\n<h2 class=\"wp-block-heading\"><strong>Confira a previs\u00e3o<\/strong><\/h2>\n<ul class=\"wp-block-list\">\n<li><strong>Regi\u00e3o Metropolitana<\/strong>: m\u00ednima de 11\u00b0C e m\u00e1xima de 24\u00b0C (amplitude 13\u00b0C) | URA 40%; possibilidade de chuva fraca.<\/li>\n<\/ul>\n<ul class=\"wp-block-list\">\n<li><strong>Baixada Santista<\/strong>: m\u00ednima de 15\u00b0C e m\u00e1xima de 23\u00b0C (amplitude 8\u00b0C) | URA 50%; chuva de moderada a fraca.<\/li>\n<\/ul>\n<ul class=\"wp-block-list\">\n<li><strong>Serra da Mantiqueira<\/strong>: m\u00ednima de 3\u00b0C e m\u00e1xima de 26\u00b0C (amplitude 23\u00b0C) | URA 30%.<\/li>\n<\/ul>\n<ul class=\"wp-block-list\">\n<li><strong>Vale do Para\u00edba e Litoral Norte<\/strong>: m\u00ednima de 14\u00b0C e m\u00e1xima de 23\u00b0C (amplitude 9\u00b0C) | URA 50%; chuva de moderada a fraca.<\/li>\n<\/ul>\n<ul class=\"wp-block-list\">\n<li><strong>Vale do Ribeira e Itapeva<\/strong>: m\u00ednima de 4\u00b0C e m\u00e1xima de 26\u00b0C (amplitude 22\u00b0C) | URA 40%; chuva de moderada a fraca.<\/li>\n<li\/>\n<li><strong>Campinas e Sorocaba<\/strong>: m\u00ednima de 3\u00b0C e m\u00e1xima de 27\u00b0C (amplitude 24\u00b0C) | URA 30%.<\/li>\n<\/ul>\n<ul class=\"wp-block-list\">\n<li><strong>Presidente Prudente e Mar\u00edlia<\/strong>: m\u00ednima de 5\u00b0C e m\u00e1xima de 31\u00b0C (amplitude 26\u00b0C) | URA 20%.<\/li>\n<\/ul>\n<ul class=\"wp-block-list\">\n<li><strong>Bauru e Araraquara<\/strong>: m\u00ednima de 7\u00b0C e m\u00e1xima de 29\u00b0C (amplitude 22\u00b0C) | URA abaixo de 20%.<\/li>\n<\/ul>\n<ul class=\"wp-block-list\">\n<li><strong>Ara\u00e7atuba e S\u00e3o Jos\u00e9 do Rio Preto<\/strong>: m\u00ednima de 9\u00b0C e m\u00e1xima de 32\u00b0C (amplitude 23\u00b0C) | URA abaixo de 20%.<\/li>\n<\/ul>\n<ul class=\"wp-block-list\">\n<li><mark style=\"background-color:#fcb900\" class=\"has-inline-color\"><strong>Franca, Barretos e Ribeir\u00e3o Preto<\/strong>: m\u00ednima de 7\u00b0C e m\u00e1xima de 32\u00b0C (amplitude 25\u00b0C) | URA abaixo de 20%.<\/mark><\/li>\n<\/ul>\n<h3 class=\"wp-block-heading\"><strong>Recomenda\u00e7\u00f5es<\/strong><\/h3>\n<p>Ainda de acordo com a <strong>Defesa Civil<\/strong>, essas condi\u00e7\u00f5es <strong>aumentam o risco de queimadas<\/strong> e exigem aten\u00e7\u00e3o redobrada para evitar <strong>problemas respirat\u00f3rios<\/strong>. O \u00f3rg\u00e3o orienta a popula\u00e7\u00e3o a intensificar a hidrata\u00e7\u00e3o, evitar exposi\u00e7\u00e3o prolongada ao sol nas horas mais quentes e n\u00e3o realizar queimadas.<\/p>\n<hr class=\"wp-block-separator has-alpha-channel-opacity\"\/>\n<p>SAIBA MAIS<\/p>\n<p>Enxame de abelhas provoca interdi\u00e7\u00e3o de parque em Ribeir\u00e3o Preto<\/p>\n<h2 class=\"wp-block-heading\"><strong>FIQUE ON<\/strong><\/h2>\n<p>Quer ficar por dentro de tudo que acontece em Ribeir\u00e3o Preto e regi\u00e3o? Ent\u00e3o siga os perfis do\u202facidade on\u202fno\u202f<a href=\"https:\/\/www.instagram.com\/acidadeonribeirao\" target=\"_blank\" rel=\"noreferrer noopener\">Instagram<\/a>\u202fe no\u202f<a href=\"https:\/\/www.facebook.com\/acidadeonribeirao\/\" target=\"_blank\" rel=\"noreferrer noopener\">Facebook<\/a>.<\/p>\n<p>Al\u00e9m disso, voc\u00ea pode receber as principais not\u00edcias diretamente no WhatsApp. Para isso, basta\u00a0<a href=\"https:\/\/chat.whatsapp.com\/BjKQZ9oJwlz8VVT50NuePq\" target=\"_blank\" rel=\"noreferrer noopener\">entrar no grupo clicando aqui<\/a>.<\/p>\n<p>Por fim, se quiser fazer uma den\u00fancia ou sugerir uma reportagem sobre Ribeir\u00e3o Preto e regi\u00e3o, envie uma mensagem pelo WhatsApp: (16) 99117-7802.<\/p>\n<p>VEJA TAMB\u00c9M<\/p>\n<p>O que est\u00e1 acontecendo com Priscilla Presley?<\/p>\n<p><!-- AI CONTENT END 1 -->\n<\/div>\n<\/div>\n<p><script async src=\"\/\/www.instagram.com\/embed.js\"><\/script><br \/>\n<br \/><br \/>\n<br \/><a href=\"https:\/\/www.acidadeon.com\/ribeiraopreto\/cotidiano\/amplitude-termica-no-interior-de-sp-pode-chegar-a-25c-nos-proximos-dias\/\">Source link <\/a><\/p>\n<!-- CONTENT END 1 -->\n","protected":false},"excerpt":{"rendered":"<p>Os pr\u00f3ximos dias ser\u00e3o t\u00edpicos de inverno, com pouca nebulosidade, favorecendo grande amplitude t\u00e9rmica em diversas regi\u00f5es do estado de S\u00e3o Paulo \u2013 veja abaixo&#8230;.<\/p>\n","protected":false},"author":1,"featured_media":75747,"comment_status":"open","ping_status":"open","sticky":false,"template":"","format":"standard","meta":{"advanced_seo_description":"","jetpack_seo_html_title":"","jetpack_seo_noindex":false,"jetpack_post_was_ever_published":false,"_jetpack_newsletter_access":"","_jetpack_dont_email_post_to_subs":false,"_jetpack_newsletter_tier_id":0,"_jetpack_memberships_contains_paywalled_content":false,"_jetpack_memberships_contains_paid_content":false,"footnotes":"","jetpack_publicize_message":"","jetpack_publicize_feature_enabled":true,"jetpack_social_post_already_shared":true,"jetpack_social_options":{"image_generator_settings":{"template":"highway","default_image_id":0,"font":"","enabled":false},"version":2}},"categories":[11],"tags":[],"class_list":["post-75746","post","type-post","status-publish","format-standard","has-post-thumbnail","hentry","category-noticias-de-ribeirao-preto-sp-e-regiao-ismael-colosi"],"jetpack_publicize_connections":[],"jetpack_featured_media_url":"https:\/\/i0.wp.com\/noticiasribeiraopreto.com.br\/wp-content\/uploads\/2025\/08\/RIBEIRAO-1_2024-04-25_17-33-23_jpg.webp.webp?fit=2000%2C1028&ssl=1","jetpack-related-posts":[{"id":47442,"url":"https:\/\/noticiasribeiraopreto.com.br\/index.php\/2024\/04\/25\/temperaturas-baixas-de-manha-e-calor-a-tarde-entenda-o-que-e-a-amplitude-termica\/","url_meta":{"origin":75746,"position":0},"title":"Temperaturas baixas de manh\u00e3 e calor \u00e0 tarde; Entenda o que \u00e9 a amplitude t\u00e9rmica","author":"noticiasribeiraopreto.com.br","date":"25 de April de 2024","format":false,"excerpt":"Moradores do interior de S\u00e3o Paulo tem sentido as temperaturas mais amenas de manh\u00e3 e \u00e0 noite, e mais elevadas no per\u00edodo da tarde, potencializadas por uma onda de calor. A meteorologia chama a diferen\u00e7a entre as temperaturas m\u00e1xima e m\u00ednima em um dia de amplitude t\u00e9rmica. A Climatempo explica\u2026","rel":"","context":"In &quot;Not\u00edcias de Ribeir\u00e3o Preto-SP e Regi\u00e3o&quot;","block_context":{"text":"Not\u00edcias de Ribeir\u00e3o Preto-SP e Regi\u00e3o","link":"https:\/\/noticiasribeiraopreto.com.br\/index.php\/category\/noticias-de-ribeirao-preto-sp-e-regiao-ismael-colosi\/"},"img":{"alt_text":"","src":"https:\/\/i0.wp.com\/noticiasribeiraopreto.com.br\/wp-content\/uploads\/2024\/04\/RIBEIRAO-1_2024-04-25_17-33-23_jpg.webp.webp?fit=1200%2C617&ssl=1&resize=350%2C200","width":350,"height":200,"srcset":"https:\/\/i0.wp.com\/noticiasribeiraopreto.com.br\/wp-content\/uploads\/2024\/04\/RIBEIRAO-1_2024-04-25_17-33-23_jpg.webp.webp?fit=1200%2C617&ssl=1&resize=350%2C200 1x, https:\/\/i0.wp.com\/noticiasribeiraopreto.com.br\/wp-content\/uploads\/2024\/04\/RIBEIRAO-1_2024-04-25_17-33-23_jpg.webp.webp?fit=1200%2C617&ssl=1&resize=525%2C300 1.5x, https:\/\/i0.wp.com\/noticiasribeiraopreto.com.br\/wp-content\/uploads\/2024\/04\/RIBEIRAO-1_2024-04-25_17-33-23_jpg.webp.webp?fit=1200%2C617&ssl=1&resize=700%2C400 2x, https:\/\/i0.wp.com\/noticiasribeiraopreto.com.br\/wp-content\/uploads\/2024\/04\/RIBEIRAO-1_2024-04-25_17-33-23_jpg.webp.webp?fit=1200%2C617&ssl=1&resize=1050%2C600 3x"},"classes":[]},{"id":52311,"url":"https:\/\/noticiasribeiraopreto.com.br\/index.php\/2024\/06\/06\/esfria-esquenta-amplitude-termica-pode-chegar-a-16c-no-interior-de-sp-veja-previsao\/","url_meta":{"origin":75746,"position":1},"title":"Esfria, esquenta: Amplitude t\u00e9rmica pode chegar a 16\u00b0C no interior de SP; Veja previs\u00e3o","author":"noticiasribeiraopreto.com.br","date":"6 de June de 2024","format":false,"excerpt":"A diferen\u00e7a entre a menor e a maior temperatura do dia, chamada de amplitude t\u00e9rmica, pode chegar a 16\u00b0C nos pr\u00f3ximos dias, no interior de SP. A Climatempo explica que em um dia com amplitude t\u00e9rmica pequena, a diferen\u00e7a entre a temperatura m\u00ednima e m\u00e1xima fica entre 0\u00b0C e 5\u00b0C.\u2026","rel":"","context":"In &quot;Not\u00edcias de Ribeir\u00e3o Preto-SP e Regi\u00e3o&quot;","block_context":{"text":"Not\u00edcias de Ribeir\u00e3o Preto-SP e Regi\u00e3o","link":"https:\/\/noticiasribeiraopreto.com.br\/index.php\/category\/noticias-de-ribeirao-preto-sp-e-regiao-ismael-colosi\/"},"img":{"alt_text":"","src":"https:\/\/i0.wp.com\/noticiasribeiraopreto.com.br\/wp-content\/uploads\/2024\/06\/WhatsApp-Image-2024-06-06-at-07.24.26_2024-06-06_10-25-36_jpeg_2024-06-06_10-25-36.webp.webp?fit=1200%2C540&ssl=1&resize=350%2C200","width":350,"height":200,"srcset":"https:\/\/i0.wp.com\/noticiasribeiraopreto.com.br\/wp-content\/uploads\/2024\/06\/WhatsApp-Image-2024-06-06-at-07.24.26_2024-06-06_10-25-36_jpeg_2024-06-06_10-25-36.webp.webp?fit=1200%2C540&ssl=1&resize=350%2C200 1x, https:\/\/i0.wp.com\/noticiasribeiraopreto.com.br\/wp-content\/uploads\/2024\/06\/WhatsApp-Image-2024-06-06-at-07.24.26_2024-06-06_10-25-36_jpeg_2024-06-06_10-25-36.webp.webp?fit=1200%2C540&ssl=1&resize=525%2C300 1.5x, https:\/\/i0.wp.com\/noticiasribeiraopreto.com.br\/wp-content\/uploads\/2024\/06\/WhatsApp-Image-2024-06-06-at-07.24.26_2024-06-06_10-25-36_jpeg_2024-06-06_10-25-36.webp.webp?fit=1200%2C540&ssl=1&resize=700%2C400 2x, https:\/\/i0.wp.com\/noticiasribeiraopreto.com.br\/wp-content\/uploads\/2024\/06\/WhatsApp-Image-2024-06-06-at-07.24.26_2024-06-06_10-25-36_jpeg_2024-06-06_10-25-36.webp.webp?fit=1200%2C540&ssl=1&resize=1050%2C600 3x"},"classes":[]},{"id":66992,"url":"https:\/\/noticiasribeiraopreto.com.br\/index.php\/2025\/04\/08\/frio-e-calor-amplitude-termica-pode-chegar-a-13c-em-ribeirao-preto-entenda\/","url_meta":{"origin":75746,"position":2},"title":"Frio e calor: Amplitude t\u00e9rmica pode chegar a 13\u00b0C em Ribeir\u00e3o Preto; Entenda","author":"noticiasribeiraopreto.com.br","date":"8 de April de 2025","format":false,"excerpt":"A diferen\u00e7a entre a menor e a maior temperatura do dia, chamada de amplitude t\u00e9rmica, pode chegar a 13\u00b0C nesta ter\u00e7a-feira (8), em Ribeir\u00e3o Preto. Segundo a Climatempo, os term\u00f4metros podem variar entre 18\u00b0C e 31\u00b0C na cidade. Em um dia com grande amplitude t\u00e9rmica, a diferen\u00e7a entre a temperatura\u2026","rel":"","context":"In &quot;Not\u00edcias de Ribeir\u00e3o Preto-SP e Regi\u00e3o&quot;","block_context":{"text":"Not\u00edcias de Ribeir\u00e3o Preto-SP e Regi\u00e3o","link":"https:\/\/noticiasribeiraopreto.com.br\/index.php\/category\/noticias-de-ribeirao-preto-sp-e-regiao-ismael-colosi\/"},"img":{"alt_text":"","src":"https:\/\/i0.wp.com\/noticiasribeiraopreto.com.br\/wp-content\/uploads\/2025\/02\/WhatsApp-Image-2025-02-27-at-06.44.11_2025-02-27_09-58-35_jpeg_2025-02-27_09-58-36.webp.webp?fit=1200%2C540&ssl=1&resize=350%2C200","width":350,"height":200,"srcset":"https:\/\/i0.wp.com\/noticiasribeiraopreto.com.br\/wp-content\/uploads\/2025\/02\/WhatsApp-Image-2025-02-27-at-06.44.11_2025-02-27_09-58-35_jpeg_2025-02-27_09-58-36.webp.webp?fit=1200%2C540&ssl=1&resize=350%2C200 1x, https:\/\/i0.wp.com\/noticiasribeiraopreto.com.br\/wp-content\/uploads\/2025\/02\/WhatsApp-Image-2025-02-27-at-06.44.11_2025-02-27_09-58-35_jpeg_2025-02-27_09-58-36.webp.webp?fit=1200%2C540&ssl=1&resize=525%2C300 1.5x, https:\/\/i0.wp.com\/noticiasribeiraopreto.com.br\/wp-content\/uploads\/2025\/02\/WhatsApp-Image-2025-02-27-at-06.44.11_2025-02-27_09-58-35_jpeg_2025-02-27_09-58-36.webp.webp?fit=1200%2C540&ssl=1&resize=700%2C400 2x, https:\/\/i0.wp.com\/noticiasribeiraopreto.com.br\/wp-content\/uploads\/2025\/02\/WhatsApp-Image-2025-02-27-at-06.44.11_2025-02-27_09-58-35_jpeg_2025-02-27_09-58-36.webp.webp?fit=1200%2C540&ssl=1&resize=1050%2C600 3x"},"classes":[]},{"id":76607,"url":"https:\/\/noticiasribeiraopreto.com.br\/index.php\/2025\/09\/02\/previsao-do-tempo-saiba-como-fica-o-clima-nesta-terca-em-ribeirao-preto\/","url_meta":{"origin":75746,"position":3},"title":"Previs\u00e3o do tempo: saiba como fica o clima nesta ter\u00e7a em Ribeir\u00e3o Preto","author":"noticiasribeiraopreto.com.br","date":"2 de September de 2025","format":false,"excerpt":"Ribeir\u00e3o Preto ter\u00e1 uma ter\u00e7a-feira (2) de sol entre muitas nuvens, com per\u00edodos de c\u00e9u nublado, mas sem previs\u00e3o de chuva. As temperaturas variam entre 18\u00baC e 29\u00baC. Segundo a Defesa Civil do Estado, setembro de 2025 ter\u00e1 transi\u00e7\u00e3o do inverno para a primavera, com tempo seco e calor no\u2026","rel":"","context":"In &quot;Not\u00edcias de Ribeir\u00e3o Preto-SP e Regi\u00e3o&quot;","block_context":{"text":"Not\u00edcias de Ribeir\u00e3o Preto-SP e Regi\u00e3o","link":"https:\/\/noticiasribeiraopreto.com.br\/index.php\/category\/noticias-de-ribeirao-preto-sp-e-regiao-ismael-colosi\/"},"img":{"alt_text":"","src":"https:\/\/i0.wp.com\/noticiasribeiraopreto.com.br\/wp-content\/uploads\/2025\/09\/ceu-sol-ribeirao-preto_2025-05-01_10-48-25.webp.webp?fit=1200%2C900&ssl=1&resize=350%2C200","width":350,"height":200,"srcset":"https:\/\/i0.wp.com\/noticiasribeiraopreto.com.br\/wp-content\/uploads\/2025\/09\/ceu-sol-ribeirao-preto_2025-05-01_10-48-25.webp.webp?fit=1200%2C900&ssl=1&resize=350%2C200 1x, https:\/\/i0.wp.com\/noticiasribeiraopreto.com.br\/wp-content\/uploads\/2025\/09\/ceu-sol-ribeirao-preto_2025-05-01_10-48-25.webp.webp?fit=1200%2C900&ssl=1&resize=525%2C300 1.5x, https:\/\/i0.wp.com\/noticiasribeiraopreto.com.br\/wp-content\/uploads\/2025\/09\/ceu-sol-ribeirao-preto_2025-05-01_10-48-25.webp.webp?fit=1200%2C900&ssl=1&resize=700%2C400 2x, https:\/\/i0.wp.com\/noticiasribeiraopreto.com.br\/wp-content\/uploads\/2025\/09\/ceu-sol-ribeirao-preto_2025-05-01_10-48-25.webp.webp?fit=1200%2C900&ssl=1&resize=1050%2C600 3x"},"classes":[]},{"id":82850,"url":"https:\/\/noticiasribeiraopreto.com.br\/index.php\/2026\/03\/01\/manha-mais-fria-tarde-quente-domingo-tem-amplitude-termica-alta-em-ribeirao-preto\/","url_meta":{"origin":75746,"position":4},"title":"Manh\u00e3 mais fria, tarde quente: Domingo tem amplitude t\u00e9rmica alta em Ribeir\u00e3o Preto","author":"noticiasribeiraopreto.com.br","date":"1 de March de 2026","format":false,"excerpt":"O domingo (1) come\u00e7ou com temperaturas mais amenas, mas ao longo do dia a m\u00e1xima pode ficar perto dos 30\u00b0C na cidade. Segundo a Climatempo, a amplitude t\u00e9rmica, que \u00e9 a diferen\u00e7a entre as temperaturas m\u00ednimas e m\u00e1ximas, permanece alta neste primeiro dia de mar\u00e7o. A manh\u00e3 come\u00e7ou com temperatura\u2026","rel":"","context":"In &quot;Not\u00edcias de Ribeir\u00e3o Preto-SP e Regi\u00e3o&quot;","block_context":{"text":"Not\u00edcias de Ribeir\u00e3o Preto-SP e Regi\u00e3o","link":"https:\/\/noticiasribeiraopreto.com.br\/index.php\/category\/noticias-de-ribeirao-preto-sp-e-regiao-ismael-colosi\/"},"img":{"alt_text":"","src":"https:\/\/i0.wp.com\/noticiasribeiraopreto.com.br\/wp-content\/uploads\/2026\/02\/WhatsApp-Image-2026-02-13-at-05.34.45_2026-02-13_09-36-48.webp.webp?fit=1200%2C540&ssl=1&resize=350%2C200","width":350,"height":200,"srcset":"https:\/\/i0.wp.com\/noticiasribeiraopreto.com.br\/wp-content\/uploads\/2026\/02\/WhatsApp-Image-2026-02-13-at-05.34.45_2026-02-13_09-36-48.webp.webp?fit=1200%2C540&ssl=1&resize=350%2C200 1x, https:\/\/i0.wp.com\/noticiasribeiraopreto.com.br\/wp-content\/uploads\/2026\/02\/WhatsApp-Image-2026-02-13-at-05.34.45_2026-02-13_09-36-48.webp.webp?fit=1200%2C540&ssl=1&resize=525%2C300 1.5x, https:\/\/i0.wp.com\/noticiasribeiraopreto.com.br\/wp-content\/uploads\/2026\/02\/WhatsApp-Image-2026-02-13-at-05.34.45_2026-02-13_09-36-48.webp.webp?fit=1200%2C540&ssl=1&resize=700%2C400 2x, https:\/\/i0.wp.com\/noticiasribeiraopreto.com.br\/wp-content\/uploads\/2026\/02\/WhatsApp-Image-2026-02-13-at-05.34.45_2026-02-13_09-36-48.webp.webp?fit=1200%2C540&ssl=1&resize=1050%2C600 3x"},"classes":[]},{"id":84573,"url":"https:\/\/noticiasribeiraopreto.com.br\/index.php\/2026\/04\/12\/ribeirao-preto-tem-domingo-de-sol-e-calor-de-30c-confira-a-previsao\/","url_meta":{"origin":75746,"position":5},"title":"Ribeir\u00e3o Preto tem domingo de sol e calor de 30\u00b0C; confira a previs\u00e3o","author":"noticiasribeiraopreto.com.br","date":"12 de April de 2026","format":false,"excerpt":"Ler o resumo da not\u00edcia Ribeir\u00e3o Preto teve domingo (12) de sol, com temperatura m\u00e1xima de 30\u00b0C e tempo est\u00e1vel. O \u00edndice de chuva permanece em 0%, garantindo dia seco e prop\u00edcio para atividades ao ar livre. A m\u00ednima foi de 19\u00b0C pela manh\u00e3, e a m\u00e1xima de 30\u00b0C \u00e0\u2026","rel":"","context":"In &quot;Not\u00edcias de Ribeir\u00e3o Preto-SP e Regi\u00e3o&quot;","block_context":{"text":"Not\u00edcias de Ribeir\u00e3o Preto-SP e Regi\u00e3o","link":"https:\/\/noticiasribeiraopreto.com.br\/index.php\/category\/noticias-de-ribeirao-preto-sp-e-regiao-ismael-colosi\/"},"img":{"alt_text":"","src":"https:\/\/i0.wp.com\/noticiasribeiraopreto.com.br\/wp-content\/uploads\/2026\/04\/WhatsApp-Image-2026-04-12-at-09.47.52_2026-04-12_12-49-58.webp.webp?fit=1200%2C675&ssl=1&resize=350%2C200","width":350,"height":200,"srcset":"https:\/\/i0.wp.com\/noticiasribeiraopreto.com.br\/wp-content\/uploads\/2026\/04\/WhatsApp-Image-2026-04-12-at-09.47.52_2026-04-12_12-49-58.webp.webp?fit=1200%2C675&ssl=1&resize=350%2C200 1x, https:\/\/i0.wp.com\/noticiasribeiraopreto.com.br\/wp-content\/uploads\/2026\/04\/WhatsApp-Image-2026-04-12-at-09.47.52_2026-04-12_12-49-58.webp.webp?fit=1200%2C675&ssl=1&resize=525%2C300 1.5x, https:\/\/i0.wp.com\/noticiasribeiraopreto.com.br\/wp-content\/uploads\/2026\/04\/WhatsApp-Image-2026-04-12-at-09.47.52_2026-04-12_12-49-58.webp.webp?fit=1200%2C675&ssl=1&resize=700%2C400 2x, https:\/\/i0.wp.com\/noticiasribeiraopreto.com.br\/wp-content\/uploads\/2026\/04\/WhatsApp-Image-2026-04-12-at-09.47.52_2026-04-12_12-49-58.webp.webp?fit=1200%2C675&ssl=1&resize=1050%2C600 3x"},"classes":[]}],"jetpack_sharing_enabled":true,"jetpack_shortlink":"https:\/\/wp.me\/peQAOb-jHI","_links":{"self":[{"href":"https:\/\/noticiasribeiraopreto.com.br\/index.php\/wp-json\/wp\/v2\/posts\/75746","targetHints":{"allow":["GET"]}}],"collection":[{"href":"https:\/\/noticiasribeiraopreto.com.br\/index.php\/wp-json\/wp\/v2\/posts"}],"about":[{"href":"https:\/\/noticiasribeiraopreto.com.br\/index.php\/wp-json\/wp\/v2\/types\/post"}],"author":[{"embeddable":true,"href":"https:\/\/noticiasribeiraopreto.com.br\/index.php\/wp-json\/wp\/v2\/users\/1"}],"replies":[{"embeddable":true,"href":"https:\/\/noticiasribeiraopreto.com.br\/index.php\/wp-json\/wp\/v2\/comments?post=75746"}],"version-history":[{"count":0,"href":"https:\/\/noticiasribeiraopreto.com.br\/index.php\/wp-json\/wp\/v2\/posts\/75746\/revisions"}],"wp:featuredmedia":[{"embeddable":true,"href":"https:\/\/noticiasribeiraopreto.com.br\/index.php\/wp-json\/wp\/v2\/media\/75747"}],"wp:attachment":[{"href":"https:\/\/noticiasribeiraopreto.com.br\/index.php\/wp-json\/wp\/v2\/media?parent=75746"}],"wp:term":[{"taxonomy":"category","embeddable":true,"href":"https:\/\/noticiasribeiraopreto.com.br\/index.php\/wp-json\/wp\/v2\/categories?post=75746"},{"taxonomy":"post_tag","embeddable":true,"href":"https:\/\/noticiasribeiraopreto.com.br\/index.php\/wp-json\/wp\/v2\/tags?post=75746"}],"curies":[{"name":"wp","href":"https:\/\/api.w.org\/{rel}","templated":true}]}}