{"id":75748,"date":"2025-08-14T18:06:35","date_gmt":"2025-08-14T21:06:35","guid":{"rendered":"https:\/\/noticiasribeiraopreto.com.br\/index.php\/2025\/08\/14\/carreta-carregada-com-soda-caustica-tomba-e-interdita-rodovia-anhanguera\/"},"modified":"2025-08-14T18:06:35","modified_gmt":"2025-08-14T21:06:35","slug":"carreta-carregada-com-soda-caustica-tomba-e-interdita-rodovia-anhanguera","status":"publish","type":"post","link":"https:\/\/noticiasribeiraopreto.com.br\/index.php\/2025\/08\/14\/carreta-carregada-com-soda-caustica-tomba-e-interdita-rodovia-anhanguera\/","title":{"rendered":"Carreta carregada com soda c\u00e1ustica tomba e interdita rodovia Anhanguera"},"content":{"rendered":"<div class='code-block code-block-1' style='margin: 8px 0 8px auto; text-align: right; display: block; clear: both;'>\n<p><a href=\"https:\/\/wa.link\/vpicfd\"><img data-recalc-dims=\"1\" class=\"wp-image-4922\" style=\"aspect-ratio: 2.0253164556962027; width: 561px; height: auto;\" src=\"https:\/\/i0.wp.com\/ismaelcolosi.com.br\/wp-content\/uploads\/2023\/11\/grupo-de-empregos-whatsapp-e-facebook-ismael-colosi-vagas.jpg?ssl=1\" alt=\"\" \/><\/a><\/p>\n<!-- \/wp:image -->\n<\/div>\n<p> <br \/>\n<\/p>\n<div data-td-block-uid=\"tdi_95\">\n<div class=\"tdb-block-inner td-fix-index\">\n<p>Uma<strong> carreta carregada com soda c\u00e1ustica tombou nesta quinta-feira (14) na rodovia Anhanguera (SP-330)<\/strong>, em Cravinhos, na regi\u00e3o de <strong>Ribeir\u00e3o Preto<\/strong>. <mark style=\"background-color:#fcb900\" class=\"has-inline-color\">O acidente causou interdi\u00e7\u00e3o parcial da via. Acostamento segue fechado.<\/mark><\/p>\n<p>De acordo com a <strong>Artesp<\/strong>, equipes do <strong>Corpo de Bombeiros<\/strong>, da <strong>Cetesb <\/strong>e da<strong> Pol\u00edcia Militar Rodovi\u00e1ria (PMR)<\/strong> est\u00e3o no local. Os bombeiros confirmaram uma v\u00edtima, mas ainda n\u00e3o divulgaram o estado de sa\u00fade.<\/p>\n<div class=\"wp-block-image\">\n<figure class=\"aligncenter size-large\"><img data-recalc-dims=\"1\" fetchpriority=\"high\" decoding=\"async\" width=\"1024\" height=\"576\" src=\"https:\/\/i0.wp.com\/cdn.media-acidadeon.com.br\/ribeiraopreto\/wp-content\/uploads\/sites\/3\/2025\/08\/image_2025-08-14_20-25-28-1024x576.webp?resize=1024%2C576&#038;ssl=1\" alt=\"\" class=\"wp-image-125873\" srcset=\"https:\/\/cdn.media-acidadeon.com.br\/ribeiraopreto\/wp-content\/uploads\/sites\/3\/2025\/08\/image_2025-08-14_20-25-28-1024x576.webp 1024w, https:\/\/cdn.media-acidadeon.com.br\/ribeiraopreto\/wp-content\/uploads\/sites\/3\/2025\/08\/image_2025-08-14_20-25-28-300x169.webp 300w, https:\/\/cdn.media-acidadeon.com.br\/ribeiraopreto\/wp-content\/uploads\/sites\/3\/2025\/08\/image_2025-08-14_20-25-28-768x432.webp 768w, https:\/\/cdn.media-acidadeon.com.br\/ribeiraopreto\/wp-content\/uploads\/sites\/3\/2025\/08\/image_2025-08-14_20-25-28-696x392.webp 696w, https:\/\/cdn.media-acidadeon.com.br\/ribeiraopreto\/wp-content\/uploads\/sites\/3\/2025\/08\/image_2025-08-14_20-25-28-1068x601.webp 1068w, https:\/\/cdn.media-acidadeon.com.br\/ribeiraopreto\/wp-content\/uploads\/sites\/3\/2025\/08\/image_2025-08-14_20-25-28.webp 1200w\" sizes=\"(max-width: 1024px) 100vw, 1024px\"\/><figcaption class=\"wp-element-caption\">Foto: Artesp<\/figcaption><\/figure>\n<\/div>\n<p>A carga qu\u00edmica oferece risco ambiental, e <strong>t\u00e9cnicos da Cetesb <\/strong>monitoram o vazamento para evitar contamina\u00e7\u00e3o. <strong>A interdi\u00e7\u00e3o segue sem previs\u00e3o de libera\u00e7\u00e3o.<\/strong><\/p>\n<hr class=\"wp-block-separator has-alpha-channel-opacity\"\/>\n<p>SAIBA MAIS<\/p>\n<p>O que se sabe sobre bar que faturou R$ 4 milh\u00f5es com tr\u00e1fico de drogas em Ribeir\u00e3o<\/p>\n<h2 class=\"wp-block-heading\"><strong>FIQUE ON<\/strong><\/h2>\n<p>Quer ficar por dentro de tudo que acontece em Ribeir\u00e3o Preto e regi\u00e3o? Ent\u00e3o siga os perfis do\u202facidade on\u202fno\u202f<a href=\"https:\/\/www.instagram.com\/acidadeonribeirao\" target=\"_blank\" rel=\"noreferrer noopener\">Instagram<\/a>\u202fe no\u202f<a href=\"https:\/\/www.facebook.com\/acidadeonribeirao\/\" target=\"_blank\" rel=\"noreferrer noopener\">Facebook<\/a>.<\/p>\n<p>Al\u00e9m disso, voc\u00ea pode receber as principais not\u00edcias diretamente no WhatsApp. Para isso, basta\u00a0<a href=\"https:\/\/chat.whatsapp.com\/BjKQZ9oJwlz8VVT50NuePq\" target=\"_blank\" rel=\"noreferrer noopener\">entrar no grupo clicando aqui<\/a>.<\/p>\n<p>Por fim, se quiser fazer uma den\u00fancia ou sugerir uma reportagem sobre Ribeir\u00e3o Preto e regi\u00e3o, envie uma mensagem pelo WhatsApp: (16) 99117-7802.<\/p>\n<p>VEJA TAMB\u00c9M<\/p>\n<p>A Mulher da Casa Abandonada morava em Campinas?<\/p>\n<p><!-- AI CONTENT END 1 -->\n<\/div>\n<\/div>\n<p><script async src=\"\/\/www.instagram.com\/embed.js\"><\/script><br \/>\n<br \/><br \/>\n<br \/><a href=\"https:\/\/www.acidadeon.com\/ribeiraopreto\/cotidiano\/carreta-carregada-com-soda-caustica-tomba-e-interdita-rodovia-anhanguera\/\">Source link <\/a><\/p>\n<!-- CONTENT END 1 -->\n","protected":false},"excerpt":{"rendered":"<p>Uma carreta carregada com soda c\u00e1ustica tombou nesta quinta-feira (14) na rodovia Anhanguera (SP-330), em Cravinhos, na regi\u00e3o de Ribeir\u00e3o Preto. O acidente causou interdi\u00e7\u00e3o&#8230;<\/p>\n","protected":false},"author":1,"featured_media":75749,"comment_status":"open","ping_status":"open","sticky":false,"template":"","format":"standard","meta":{"advanced_seo_description":"","jetpack_seo_html_title":"","jetpack_seo_noindex":false,"jetpack_post_was_ever_published":false,"_jetpack_newsletter_access":"","_jetpack_dont_email_post_to_subs":false,"_jetpack_newsletter_tier_id":0,"_jetpack_memberships_contains_paywalled_content":false,"_jetpack_memberships_contains_paid_content":false,"footnotes":"","jetpack_publicize_message":"","jetpack_publicize_feature_enabled":true,"jetpack_social_post_already_shared":true,"jetpack_social_options":{"image_generator_settings":{"template":"highway","default_image_id":0,"font":"","enabled":false},"version":2}},"categories":[11],"tags":[],"class_list":["post-75748","post","type-post","status-publish","format-standard","has-post-thumbnail","hentry","category-noticias-de-ribeirao-preto-sp-e-regiao-ismael-colosi"],"jetpack_publicize_connections":[],"jetpack_featured_media_url":"https:\/\/i0.wp.com\/noticiasribeiraopreto.com.br\/wp-content\/uploads\/2025\/08\/Copia-de-Copia-de-Copia-de-TAMANHO-EXATO-PARA-FOTOS-NO-SISTEMA-NOVO-2025-08-14T172322.416_2025-08-14_20-23-43.webp.webp?fit=1200%2C675&ssl=1","jetpack-related-posts":[{"id":79144,"url":"https:\/\/noticiasribeiraopreto.com.br\/index.php\/2025\/10\/25\/carreta-carregada-com-cerveja-tomba-e-interdita-rodovia-anhanguera-veja-video\/","url_meta":{"origin":75748,"position":0},"title":"Carreta carregada com cerveja tomba e interdita rodovia Anhanguera; Veja v\u00eddeo","author":"noticiasribeiraopreto.com.br","date":"25 de October de 2025","format":false,"excerpt":"Uma carreta carregada com cerveja tombou na manh\u00e3 deste s\u00e1bado (25) na rodovia Anhanguera (SP-330), pr\u00f3ximo ao km 307, no Trev\u00e3o de Ribeir\u00e3o Preto. Segundo informa\u00e7\u00f5es iniciais do CCI (Centro de Controle de Informa\u00e7\u00f5es) da Artesp, h\u00e1 interdi\u00e7\u00e3o no ramo 52, com desvio pelo ramo 53, e no ramo 12,\u2026","rel":"","context":"In &quot;Not\u00edcias de Ribeir\u00e3o Preto-SP e Regi\u00e3o&quot;","block_context":{"text":"Not\u00edcias de Ribeir\u00e3o Preto-SP e Regi\u00e3o","link":"https:\/\/noticiasribeiraopreto.com.br\/index.php\/category\/noticias-de-ribeirao-preto-sp-e-regiao-ismael-colosi\/"},"img":{"alt_text":"","src":"https:\/\/i0.wp.com\/noticiasribeiraopreto.com.br\/wp-content\/uploads\/2025\/10\/Copia-de-Copia-de-Copia-de-TAMANHO-EXATO-PARA-FOTOS-NO-SISTEMA-NOVO-2025-10-25T094336.338_2025-10-25_12-43-39.webp.webp?fit=1200%2C675&ssl=1&resize=350%2C200","width":350,"height":200,"srcset":"https:\/\/i0.wp.com\/noticiasribeiraopreto.com.br\/wp-content\/uploads\/2025\/10\/Copia-de-Copia-de-Copia-de-TAMANHO-EXATO-PARA-FOTOS-NO-SISTEMA-NOVO-2025-10-25T094336.338_2025-10-25_12-43-39.webp.webp?fit=1200%2C675&ssl=1&resize=350%2C200 1x, https:\/\/i0.wp.com\/noticiasribeiraopreto.com.br\/wp-content\/uploads\/2025\/10\/Copia-de-Copia-de-Copia-de-TAMANHO-EXATO-PARA-FOTOS-NO-SISTEMA-NOVO-2025-10-25T094336.338_2025-10-25_12-43-39.webp.webp?fit=1200%2C675&ssl=1&resize=525%2C300 1.5x, https:\/\/i0.wp.com\/noticiasribeiraopreto.com.br\/wp-content\/uploads\/2025\/10\/Copia-de-Copia-de-Copia-de-TAMANHO-EXATO-PARA-FOTOS-NO-SISTEMA-NOVO-2025-10-25T094336.338_2025-10-25_12-43-39.webp.webp?fit=1200%2C675&ssl=1&resize=700%2C400 2x, https:\/\/i0.wp.com\/noticiasribeiraopreto.com.br\/wp-content\/uploads\/2025\/10\/Copia-de-Copia-de-Copia-de-TAMANHO-EXATO-PARA-FOTOS-NO-SISTEMA-NOVO-2025-10-25T094336.338_2025-10-25_12-43-39.webp.webp?fit=1200%2C675&ssl=1&resize=1050%2C600 3x"},"classes":[]},{"id":51259,"url":"https:\/\/noticiasribeiraopreto.com.br\/index.php\/2024\/05\/24\/carreta-carregada-com-combustivel-tomba-e-interdita-rodovia-na-regiao-de-ribeirao-preto\/","url_meta":{"origin":75748,"position":1},"title":"Carreta carregada com combust\u00edvel tomba e interdita rodovia na regi\u00e3o de Ribeir\u00e3o Preto","author":"noticiasribeiraopreto.com.br","date":"24 de May de 2024","format":false,"excerpt":"Uma carreta carregada com diesel tombou na tarde desta sexta-feira (24), na rodovia Anhanguera (SP-330), pr\u00f3ximo ao quil\u00f4metro 340, em Jardin\u00f3polis, cidade na regi\u00e3o de Ribeir\u00e3o Preto. De acordo com as informa\u00e7\u00f5es, o combust\u00edvel vazou e est\u00e1 espalhado pela pista. A Entrevias, concession\u00e1ria que administra o trecho, informou que foi\u2026","rel":"","context":"In &quot;Not\u00edcias de Ribeir\u00e3o Preto-SP e Regi\u00e3o&quot;","block_context":{"text":"Not\u00edcias de Ribeir\u00e3o Preto-SP e Regi\u00e3o","link":"https:\/\/noticiasribeiraopreto.com.br\/index.php\/category\/noticias-de-ribeirao-preto-sp-e-regiao-ismael-colosi\/"},"img":{"alt_text":"","src":"https:\/\/i0.wp.com\/noticiasribeiraopreto.com.br\/wp-content\/uploads\/2024\/05\/Copia-de-Copia-de-TAMANHO-EXATO-PARA-FOTOS-NO-SISTEMA-NOVO-53_2024-05-24_18-25-18_png_2024-05-24_18-25-18.webp.webp?fit=1200%2C675&ssl=1&resize=350%2C200","width":350,"height":200,"srcset":"https:\/\/i0.wp.com\/noticiasribeiraopreto.com.br\/wp-content\/uploads\/2024\/05\/Copia-de-Copia-de-TAMANHO-EXATO-PARA-FOTOS-NO-SISTEMA-NOVO-53_2024-05-24_18-25-18_png_2024-05-24_18-25-18.webp.webp?fit=1200%2C675&ssl=1&resize=350%2C200 1x, https:\/\/i0.wp.com\/noticiasribeiraopreto.com.br\/wp-content\/uploads\/2024\/05\/Copia-de-Copia-de-TAMANHO-EXATO-PARA-FOTOS-NO-SISTEMA-NOVO-53_2024-05-24_18-25-18_png_2024-05-24_18-25-18.webp.webp?fit=1200%2C675&ssl=1&resize=525%2C300 1.5x, https:\/\/i0.wp.com\/noticiasribeiraopreto.com.br\/wp-content\/uploads\/2024\/05\/Copia-de-Copia-de-TAMANHO-EXATO-PARA-FOTOS-NO-SISTEMA-NOVO-53_2024-05-24_18-25-18_png_2024-05-24_18-25-18.webp.webp?fit=1200%2C675&ssl=1&resize=700%2C400 2x, https:\/\/i0.wp.com\/noticiasribeiraopreto.com.br\/wp-content\/uploads\/2024\/05\/Copia-de-Copia-de-TAMANHO-EXATO-PARA-FOTOS-NO-SISTEMA-NOVO-53_2024-05-24_18-25-18_png_2024-05-24_18-25-18.webp.webp?fit=1200%2C675&ssl=1&resize=1050%2C600 3x"},"classes":[]},{"id":75765,"url":"https:\/\/noticiasribeiraopreto.com.br\/index.php\/2025\/08\/14\/policia-civil-apreende-mais-de-100-kg-de-produtos-falsificados-da-festa-do-peao\/","url_meta":{"origin":75748,"position":2},"title":"Pol\u00edcia Civil apreende mais de 100 kg de produtos falsificados da Festa do Pe\u00e3o","author":"noticiasribeiraopreto.com.br","date":"14 de August de 2025","format":false,"excerpt":"A Pol\u00edcia Civil apreendeu, na tarde desta quinta-feira (14), mais de 100 quilos de produtos falsificados que utilizavam a marca da Festa do Pe\u00e3o em um estabelecimento comercial \u00e0s margens da rodovia Brigadeiro Faria Lima (SP-326), em Barretos, cidade a 120 quil\u00f4metros de Ribeir\u00e3o Preto. De acordo com as informa\u00e7\u00f5es,\u2026","rel":"","context":"In &quot;Not\u00edcias de Ribeir\u00e3o Preto-SP e Regi\u00e3o&quot;","block_context":{"text":"Not\u00edcias de Ribeir\u00e3o Preto-SP e Regi\u00e3o","link":"https:\/\/noticiasribeiraopreto.com.br\/index.php\/category\/noticias-de-ribeirao-preto-sp-e-regiao-ismael-colosi\/"},"img":{"alt_text":"","src":"https:\/\/i0.wp.com\/noticiasribeiraopreto.com.br\/wp-content\/uploads\/2025\/08\/WhatsApp-Image-2025-08-14-at-15.15.09_2025-08-14_21-51-22.webp.webp?fit=1200%2C900&ssl=1&resize=350%2C200","width":350,"height":200,"srcset":"https:\/\/i0.wp.com\/noticiasribeiraopreto.com.br\/wp-content\/uploads\/2025\/08\/WhatsApp-Image-2025-08-14-at-15.15.09_2025-08-14_21-51-22.webp.webp?fit=1200%2C900&ssl=1&resize=350%2C200 1x, https:\/\/i0.wp.com\/noticiasribeiraopreto.com.br\/wp-content\/uploads\/2025\/08\/WhatsApp-Image-2025-08-14-at-15.15.09_2025-08-14_21-51-22.webp.webp?fit=1200%2C900&ssl=1&resize=525%2C300 1.5x, https:\/\/i0.wp.com\/noticiasribeiraopreto.com.br\/wp-content\/uploads\/2025\/08\/WhatsApp-Image-2025-08-14-at-15.15.09_2025-08-14_21-51-22.webp.webp?fit=1200%2C900&ssl=1&resize=700%2C400 2x, https:\/\/i0.wp.com\/noticiasribeiraopreto.com.br\/wp-content\/uploads\/2025\/08\/WhatsApp-Image-2025-08-14-at-15.15.09_2025-08-14_21-51-22.webp.webp?fit=1200%2C900&ssl=1&resize=1050%2C600 3x"},"classes":[]},{"id":73897,"url":"https:\/\/noticiasribeiraopreto.com.br\/index.php\/2025\/07\/11\/carreta-carregada-com-etanol-tomba-deixa-uma-vitima-e-interdita-rodovia-totalmente\/","url_meta":{"origin":75748,"position":3},"title":"Carreta carregada com etanol tomba, deixa uma v\u00edtima e interdita rodovia totalmente","author":"noticiasribeiraopreto.com.br","date":"11 de July de 2025","format":false,"excerpt":"Uma carreta que transportava etanol tombou no in\u00edcio da tarde desta sexta-feira (11), na rodovia Maur\u00edlio Biagi, em Pontal, na regi\u00e3o de Ribeir\u00e3o Preto. O acidente ocorreu no sentido sul da via, ap\u00f3s o motorista tentar acessar o dispositivo de retorno e perder o controle da dire\u00e7\u00e3o. Com o tombamento,\u2026","rel":"","context":"In &quot;Not\u00edcias de Ribeir\u00e3o Preto-SP e Regi\u00e3o&quot;","block_context":{"text":"Not\u00edcias de Ribeir\u00e3o Preto-SP e Regi\u00e3o","link":"https:\/\/noticiasribeiraopreto.com.br\/index.php\/category\/noticias-de-ribeirao-preto-sp-e-regiao-ismael-colosi\/"},"img":{"alt_text":"","src":"https:\/\/i0.wp.com\/noticiasribeiraopreto.com.br\/wp-content\/uploads\/2025\/07\/Copia-de-Copia-de-Copia-de-TAMANHO-EXATO-PARA-FOTOS-NO-SISTEMA-NOVO-2025-07-11T145809.846_2025-07-11_17-58-21.webp.webp?fit=1200%2C675&ssl=1&resize=350%2C200","width":350,"height":200,"srcset":"https:\/\/i0.wp.com\/noticiasribeiraopreto.com.br\/wp-content\/uploads\/2025\/07\/Copia-de-Copia-de-Copia-de-TAMANHO-EXATO-PARA-FOTOS-NO-SISTEMA-NOVO-2025-07-11T145809.846_2025-07-11_17-58-21.webp.webp?fit=1200%2C675&ssl=1&resize=350%2C200 1x, https:\/\/i0.wp.com\/noticiasribeiraopreto.com.br\/wp-content\/uploads\/2025\/07\/Copia-de-Copia-de-Copia-de-TAMANHO-EXATO-PARA-FOTOS-NO-SISTEMA-NOVO-2025-07-11T145809.846_2025-07-11_17-58-21.webp.webp?fit=1200%2C675&ssl=1&resize=525%2C300 1.5x, https:\/\/i0.wp.com\/noticiasribeiraopreto.com.br\/wp-content\/uploads\/2025\/07\/Copia-de-Copia-de-Copia-de-TAMANHO-EXATO-PARA-FOTOS-NO-SISTEMA-NOVO-2025-07-11T145809.846_2025-07-11_17-58-21.webp.webp?fit=1200%2C675&ssl=1&resize=700%2C400 2x, https:\/\/i0.wp.com\/noticiasribeiraopreto.com.br\/wp-content\/uploads\/2025\/07\/Copia-de-Copia-de-Copia-de-TAMANHO-EXATO-PARA-FOTOS-NO-SISTEMA-NOVO-2025-07-11T145809.846_2025-07-11_17-58-21.webp.webp?fit=1200%2C675&ssl=1&resize=1050%2C600 3x"},"classes":[]},{"id":83552,"url":"https:\/\/noticiasribeiraopreto.com.br\/index.php\/2026\/03\/20\/carreta-tomba-e-provoca-interdicao-na-rodovia-anhanguera-veja-imagens\/","url_meta":{"origin":75748,"position":4},"title":"Carreta tomba e provoca interdi\u00e7\u00e3o na rodovia Anhanguera; Veja imagens","author":"noticiasribeiraopreto.com.br","date":"20 de March de 2026","format":false,"excerpt":"00:00 A+ A- Uma carreta carregada com soja tombou na rodovia Anhanguera na manh\u00e3 desta sexta-feira (20). Por conta do acidente, a rodovia foi parcialmente interditada na altura do quil\u00f4metro 362, em Orl\u00e2ndia, na regi\u00e3o de Ribeir\u00e3o Preto.\u00a0 De acordo com o CCM (Centro de Controle Multimodal) da Artesp, a\u2026","rel":"","context":"In &quot;Not\u00edcias de Ribeir\u00e3o Preto-SP e Regi\u00e3o&quot;","block_context":{"text":"Not\u00edcias de Ribeir\u00e3o Preto-SP e Regi\u00e3o","link":"https:\/\/noticiasribeiraopreto.com.br\/index.php\/category\/noticias-de-ribeirao-preto-sp-e-regiao-ismael-colosi\/"},"img":{"alt_text":"","src":"https:\/\/i0.wp.com\/noticiasribeiraopreto.com.br\/wp-content\/uploads\/2026\/03\/soja-anhanguera_2026-03-20_16-29-04.webp.webp?fit=1200%2C675&ssl=1&resize=350%2C200","width":350,"height":200,"srcset":"https:\/\/i0.wp.com\/noticiasribeiraopreto.com.br\/wp-content\/uploads\/2026\/03\/soja-anhanguera_2026-03-20_16-29-04.webp.webp?fit=1200%2C675&ssl=1&resize=350%2C200 1x, https:\/\/i0.wp.com\/noticiasribeiraopreto.com.br\/wp-content\/uploads\/2026\/03\/soja-anhanguera_2026-03-20_16-29-04.webp.webp?fit=1200%2C675&ssl=1&resize=525%2C300 1.5x, https:\/\/i0.wp.com\/noticiasribeiraopreto.com.br\/wp-content\/uploads\/2026\/03\/soja-anhanguera_2026-03-20_16-29-04.webp.webp?fit=1200%2C675&ssl=1&resize=700%2C400 2x, https:\/\/i0.wp.com\/noticiasribeiraopreto.com.br\/wp-content\/uploads\/2026\/03\/soja-anhanguera_2026-03-20_16-29-04.webp.webp?fit=1200%2C675&ssl=1&resize=1050%2C600 3x"},"classes":[]},{"id":71419,"url":"https:\/\/noticiasribeiraopreto.com.br\/index.php\/2025\/06\/05\/acidente-entre-carreta-e-caminhao-interdita-rodovia-anhanguera\/","url_meta":{"origin":75748,"position":5},"title":"Acidente entre carreta e caminh\u00e3o interdita rodovia Anhanguera","author":"noticiasribeiraopreto.com.br","date":"5 de June de 2025","format":false,"excerpt":"Na final da tarde desta quarta-feira (5), um acidente entre uma carreta e um caminh\u00e3o causa interdi\u00e7\u00e3o parcial na rodovia Anhanguera (SP-330), no km 339+209, sentido norte, em Jardin\u00f3polis, na regi\u00e3o de Ribeir\u00e3o Preto. Segundo informa\u00e7\u00f5es do Centro de Controle de Informa\u00e7\u00f5es da Artesp, a carreta colidiu na traseira do\u2026","rel":"","context":"In &quot;Not\u00edcias de Ribeir\u00e3o Preto-SP e Regi\u00e3o&quot;","block_context":{"text":"Not\u00edcias de Ribeir\u00e3o Preto-SP e Regi\u00e3o","link":"https:\/\/noticiasribeiraopreto.com.br\/index.php\/category\/noticias-de-ribeirao-preto-sp-e-regiao-ismael-colosi\/"},"img":{"alt_text":"","src":"https:\/\/i0.wp.com\/noticiasribeiraopreto.com.br\/wp-content\/uploads\/2025\/06\/Copia-de-Copia-de-Copia-de-TAMANHO-EXATO-PARA-FOTOS-NO-SISTEMA-NOVO-2025-06-05T180058.568_2025-06-05_21-01-14.webp.webp?fit=1200%2C675&ssl=1&resize=350%2C200","width":350,"height":200,"srcset":"https:\/\/i0.wp.com\/noticiasribeiraopreto.com.br\/wp-content\/uploads\/2025\/06\/Copia-de-Copia-de-Copia-de-TAMANHO-EXATO-PARA-FOTOS-NO-SISTEMA-NOVO-2025-06-05T180058.568_2025-06-05_21-01-14.webp.webp?fit=1200%2C675&ssl=1&resize=350%2C200 1x, https:\/\/i0.wp.com\/noticiasribeiraopreto.com.br\/wp-content\/uploads\/2025\/06\/Copia-de-Copia-de-Copia-de-TAMANHO-EXATO-PARA-FOTOS-NO-SISTEMA-NOVO-2025-06-05T180058.568_2025-06-05_21-01-14.webp.webp?fit=1200%2C675&ssl=1&resize=525%2C300 1.5x, https:\/\/i0.wp.com\/noticiasribeiraopreto.com.br\/wp-content\/uploads\/2025\/06\/Copia-de-Copia-de-Copia-de-TAMANHO-EXATO-PARA-FOTOS-NO-SISTEMA-NOVO-2025-06-05T180058.568_2025-06-05_21-01-14.webp.webp?fit=1200%2C675&ssl=1&resize=700%2C400 2x, https:\/\/i0.wp.com\/noticiasribeiraopreto.com.br\/wp-content\/uploads\/2025\/06\/Copia-de-Copia-de-Copia-de-TAMANHO-EXATO-PARA-FOTOS-NO-SISTEMA-NOVO-2025-06-05T180058.568_2025-06-05_21-01-14.webp.webp?fit=1200%2C675&ssl=1&resize=1050%2C600 3x"},"classes":[]}],"jetpack_sharing_enabled":true,"jetpack_shortlink":"https:\/\/wp.me\/peQAOb-jHK","_links":{"self":[{"href":"https:\/\/noticiasribeiraopreto.com.br\/index.php\/wp-json\/wp\/v2\/posts\/75748","targetHints":{"allow":["GET"]}}],"collection":[{"href":"https:\/\/noticiasribeiraopreto.com.br\/index.php\/wp-json\/wp\/v2\/posts"}],"about":[{"href":"https:\/\/noticiasribeiraopreto.com.br\/index.php\/wp-json\/wp\/v2\/types\/post"}],"author":[{"embeddable":true,"href":"https:\/\/noticiasribeiraopreto.com.br\/index.php\/wp-json\/wp\/v2\/users\/1"}],"replies":[{"embeddable":true,"href":"https:\/\/noticiasribeiraopreto.com.br\/index.php\/wp-json\/wp\/v2\/comments?post=75748"}],"version-history":[{"count":0,"href":"https:\/\/noticiasribeiraopreto.com.br\/index.php\/wp-json\/wp\/v2\/posts\/75748\/revisions"}],"wp:featuredmedia":[{"embeddable":true,"href":"https:\/\/noticiasribeiraopreto.com.br\/index.php\/wp-json\/wp\/v2\/media\/75749"}],"wp:attachment":[{"href":"https:\/\/noticiasribeiraopreto.com.br\/index.php\/wp-json\/wp\/v2\/media?parent=75748"}],"wp:term":[{"taxonomy":"category","embeddable":true,"href":"https:\/\/noticiasribeiraopreto.com.br\/index.php\/wp-json\/wp\/v2\/categories?post=75748"},{"taxonomy":"post_tag","embeddable":true,"href":"https:\/\/noticiasribeiraopreto.com.br\/index.php\/wp-json\/wp\/v2\/tags?post=75748"}],"curies":[{"name":"wp","href":"https:\/\/api.w.org\/{rel}","templated":true}]}}