{"id":75750,"date":"2025-08-14T18:13:52","date_gmt":"2025-08-14T21:13:52","guid":{"rendered":"https:\/\/noticiasribeiraopreto.com.br\/index.php\/2025\/08\/14\/setor-da-bioenergia-reune-18-mil-empresas-na-regiao-e-fatura-mais-de-r-37-bilhoes\/"},"modified":"2025-08-14T18:13:52","modified_gmt":"2025-08-14T21:13:52","slug":"setor-da-bioenergia-reune-18-mil-empresas-na-regiao-e-fatura-mais-de-r-37-bilhoes","status":"publish","type":"post","link":"https:\/\/noticiasribeiraopreto.com.br\/index.php\/2025\/08\/14\/setor-da-bioenergia-reune-18-mil-empresas-na-regiao-e-fatura-mais-de-r-37-bilhoes\/","title":{"rendered":"Setor da bioenergia re\u00fane 18 mil empresas na regi\u00e3o e fatura mais de R$ 37 bilh\u00f5es"},"content":{"rendered":"<div class='code-block code-block-1' style='margin: 8px 0 8px auto; text-align: right; display: block; clear: both;'>\n<p><a href=\"https:\/\/wa.link\/vpicfd\"><img data-recalc-dims=\"1\" class=\"wp-image-4922\" style=\"aspect-ratio: 2.0253164556962027; width: 561px; height: auto;\" src=\"https:\/\/i0.wp.com\/ismaelcolosi.com.br\/wp-content\/uploads\/2023\/11\/grupo-de-empregos-whatsapp-e-facebook-ismael-colosi-vagas.jpg?ssl=1\" alt=\"\" \/><\/a><\/p>\n<!-- \/wp:image -->\n<\/div>\n<p> <br \/>\n<\/p>\n<div>\n<p>O mapeamento da<strong> Cadeia Produtiva de Equipamentos para Fabrica\u00e7\u00e3o de Biocombust\u00edveis e Bioenergias <\/strong>apontou que existem 18,6 mil empresas do ramo em 16 munic\u00edpios no entorno de<strong> Sert\u00e3ozinho,<\/strong> na regi\u00e3o de <strong>Ribeir\u00e3o Preto<\/strong>. Ao todo, <mark style=\"background-color:#fcb900\" class=\"has-inline-color has-black-color\">essas empresas faturam mais de R$ 37,1 bilh\u00f5es em 2024.<\/mark><\/p>\n<p>O levantamento realizado pela Markestrat foi apresentado pelo <strong>Ceise Br (Centro Nacional das Ind\u00fastrias do Setor Sucroenerg\u00e9tico e Biocombust\u00edveis)<\/strong> nesta quinta-feira (14), na <strong>Fenasucro &amp; Agrocana<\/strong>.<\/p>\n<p>Os dados analisados s\u00e3o referentes a empresas instaladas em: Barrinha, Brodowski, Cravinhos, Dumont, Guariba, Jaboticabal, Lu\u00eds Ant\u00f4nio, Mat\u00e3o, Pontal, Ribeir\u00e3o Preto, Jardin\u00f3polis, Pitangueiras, Sert\u00e3ozinho, Serrana, Prad\u00f3polis e Viradouro.<\/p>\n<h2 class=\"wp-block-heading\"><strong>O estudo<\/strong><\/h2>\n<p>O mapeamento detalha a dimens\u00e3o e a relev\u00e2ncia da ind\u00fastria de base voltada \u00e0 bioenergia no interior paulista, com dados sobre faturamento, exporta\u00e7\u00f5es, empregos, massa salarial e portf\u00f3lio produtivo.<\/p>\n<p>\u201cO mapeamento mostra, com n\u00fameros concretos, o potencial da nossa ind\u00fastria como fornecedora estrat\u00e9gica para a produ\u00e7\u00e3o de biocombust\u00edveis e outras bioenergias. Esse diagn\u00f3stico \u00e9 fundamental para orientar pol\u00edticas p\u00fablicas, atrair investimentos e valorizar a for\u00e7a da nossa cadeia produtiva\u201d, afirma Rosana Amadeu, presidente do CEISE Br.<\/p>\n<h2 class=\"wp-block-heading\"><strong>Uma cadeia produtiva robusta e especializada<\/strong><\/h2>\n<p>A CPL Bioenergia re\u00fane 18,6 mil empresas em 16 munic\u00edpios no entorno de Sert\u00e3ozinho, que juntas faturaram R$ 37,1 bilh\u00f5es em 2024 e empregam mais de 105 mil trabalhadores, com massa salarial de R$ 4,1 bilh\u00f5es. Os sal\u00e1rios m\u00e9dios s\u00e3o 20,4% superiores aos da m\u00e9dia regional e a escolaridade da for\u00e7a de trabalho \u00e9 12% mais alta, sinalizando maior qualifica\u00e7\u00e3o t\u00e9cnica.<\/p>\n<p>O segmento M\u00e1quinas e Equipamentos lidera em faturamento, com R$ 24,4 bilh\u00f5es, 27,6 mil empregados e a maior densidade empresarial da cadeia. Trata-se do n\u00facleo industrial que sustenta a opera\u00e7\u00e3o das usinas, fornecendo tecnologias essenciais para todas as etapas da produ\u00e7\u00e3o de biocombust\u00edveis e bioenergias.<\/p>\n<h2 class=\"wp-block-heading\"><strong>Gargalos<\/strong><\/h2>\n<p>O mapeamento tamb\u00e9m identifica gargalos que, se superados, podem acelerar o crescimento da CPL. Entre eles:<\/p>\n<ul class=\"wp-block-list\">\n<li>Acesso limitado a cr\u00e9dito para moderniza\u00e7\u00e3o e inova\u00e7\u00e3o;<\/li>\n<\/ul>\n<ul class=\"wp-block-list\">\n<li>Tributa\u00e7\u00e3o elevada e complexa, que compromete competitividade;<\/li>\n<\/ul>\n<ul class=\"wp-block-list\">\n<li>Escassez de m\u00e3o de obra qualificada em \u00e1reas t\u00e9cnicas;<\/li>\n<\/ul>\n<ul class=\"wp-block-list\">\n<li>Aus\u00eancia de pol\u00edticas p\u00fablicas robustas para bens de capital da bioenergia;<\/li>\n<\/ul>\n<ul class=\"wp-block-list\">\n<li>Concorr\u00eancia predat\u00f3ria e c\u00e2mbio inst\u00e1vel;<\/li>\n<\/ul>\n<ul class=\"wp-block-list\">\n<li>Barreiras log\u00edsticas para exporta\u00e7\u00e3o e distribui\u00e7\u00e3o nacional.<\/li>\n<\/ul>\n<p>\u201cEstamos falando de um polo industrial com voca\u00e7\u00e3o natural para liderar a bioeconomia brasileira. Temos empresas capazes de fornecer solu\u00e7\u00f5es para o mundo, mas precisamos de pol\u00edticas consistentes, financiamento acess\u00edvel e qualifica\u00e7\u00e3o cont\u00ednua\u201d, completa Rosana.<\/p>\n<p>SAIBA MAIS<br \/>C\u00e2mara Municipal aprova projeto que concede \u00e1rea da Recra ao Sesc Ribeir\u00e3o<\/p>\n<h2 class=\"wp-block-heading\"><strong>FIQUE ON<\/strong><\/h2>\n<p>Fique ligado em tudo que acontece em Ribeir\u00e3o Preto e regi\u00e3o. Siga os perfis do\u00a0<strong>acidade on\u00a0<\/strong>no\u00a0<a href=\"https:\/\/www.instagram.com\/acidadeonribeirao\" target=\"_blank\" rel=\"noreferrer noopener\">Instagram\u00a0<\/a>e no\u00a0<a href=\"https:\/\/www.facebook.com\/acidadeonribeirao\/\" target=\"_blank\" rel=\"noreferrer noopener\">Facebook<\/a>.<\/p>\n<p>Receba not\u00edcias do<strong>\u00a0acidade on<\/strong>\u00a0no WhatsApp.\u00a0<a href=\"https:\/\/chat.whatsapp.com\/I4nieTEMKlf50pJ28aMemC?mode=ac_t\" target=\"_blank\" rel=\"noreferrer noopener\">Para entrar no grupo, basta clicar aqui.<\/a><\/p>\n<p>Fa\u00e7a uma den\u00fancia ou sugira uma reportagem sobre Ribeir\u00e3o Preto e regi\u00e3o pelo WhatsApp: 16 99117 7802.<\/p>\n<p>VEJA TAMB\u00c9M<br \/>Em quais cidades a Azul encerrou as atividades?<\/p>\n<p><!-- AI CONTENT END 1 -->\n<\/div>\n<p><script async src=\"\/\/www.instagram.com\/embed.js\"><\/script><br \/>\n<br \/><br \/>\n<br \/><a href=\"https:\/\/www.acidadeon.com\/ribeiraopreto\/economia\/setor-da-bioenergia-reune-18-mil-empresas-na-regiao-e-fatura-mais-de-r-37-bilhoes\/\">Source link <\/a><\/p>\n<!-- CONTENT END 1 -->\n","protected":false},"excerpt":{"rendered":"<p>O mapeamento da Cadeia Produtiva de Equipamentos para Fabrica\u00e7\u00e3o de Biocombust\u00edveis e Bioenergias apontou que existem 18,6 mil empresas do ramo em 16 munic\u00edpios no&#8230;<\/p>\n","protected":false},"author":1,"featured_media":75751,"comment_status":"open","ping_status":"open","sticky":false,"template":"","format":"standard","meta":{"advanced_seo_description":"","jetpack_seo_html_title":"","jetpack_seo_noindex":false,"jetpack_post_was_ever_published":false,"_jetpack_newsletter_access":"","_jetpack_dont_email_post_to_subs":false,"_jetpack_newsletter_tier_id":0,"_jetpack_memberships_contains_paywalled_content":false,"_jetpack_memberships_contains_paid_content":false,"footnotes":"","jetpack_publicize_message":"","jetpack_publicize_feature_enabled":true,"jetpack_social_post_already_shared":true,"jetpack_social_options":{"image_generator_settings":{"template":"highway","default_image_id":0,"font":"","enabled":false},"version":2}},"categories":[11],"tags":[],"class_list":["post-75750","post","type-post","status-publish","format-standard","has-post-thumbnail","hentry","category-noticias-de-ribeirao-preto-sp-e-regiao-ismael-colosi"],"jetpack_publicize_connections":[],"jetpack_featured_media_url":"https:\/\/i0.wp.com\/noticiasribeiraopreto.com.br\/wp-content\/uploads\/2025\/08\/mapapeamento-bioenergia_2025-08-14_19-21-11.webp.webp?fit=1000%2C667&ssl=1","jetpack-related-posts":[{"id":64147,"url":"https:\/\/noticiasribeiraopreto.com.br\/index.php\/2025\/03\/03\/estudo-vai-mapear-setor-da-bioenergia-na-regiao-de-ribeirao-preto-entenda\/","url_meta":{"origin":75750,"position":0},"title":"Estudo vai mapear setor da bioenergia na regi\u00e3o de Ribeir\u00e3o Preto; Entenda","author":"noticiasribeiraopreto.com.br","date":"3 de March de 2025","format":false,"excerpt":"O Governo de S\u00e3o Paulo firmou um Termo de Fomento com o Ceise Br (Centro Nacional das Ind\u00fastrias do Setor Sucroenerg\u00e9tico e Biocombust\u00edveis), que atua em Sert\u00e3ozinho, na regi\u00e3o de Ribeir\u00e3o Preto, para impulsionar a cadeia produtiva local de bioenergia. Um dos objetivos ser\u00e1 realizar estudos para mapear o setor.\u2026","rel":"","context":"In &quot;Not\u00edcias de Ribeir\u00e3o Preto-SP e Regi\u00e3o&quot;","block_context":{"text":"Not\u00edcias de Ribeir\u00e3o Preto-SP e Regi\u00e3o","link":"https:\/\/noticiasribeiraopreto.com.br\/index.php\/category\/noticias-de-ribeirao-preto-sp-e-regiao-ismael-colosi\/"},"img":{"alt_text":"","src":"https:\/\/i0.wp.com\/noticiasribeiraopreto.com.br\/wp-content\/uploads\/2025\/03\/metalurgia_2025-03-03_14-32-01_jpg_2025-03-03_14-32-02.webp.webp?fit=1200%2C800&ssl=1&resize=350%2C200","width":350,"height":200,"srcset":"https:\/\/i0.wp.com\/noticiasribeiraopreto.com.br\/wp-content\/uploads\/2025\/03\/metalurgia_2025-03-03_14-32-01_jpg_2025-03-03_14-32-02.webp.webp?fit=1200%2C800&ssl=1&resize=350%2C200 1x, https:\/\/i0.wp.com\/noticiasribeiraopreto.com.br\/wp-content\/uploads\/2025\/03\/metalurgia_2025-03-03_14-32-01_jpg_2025-03-03_14-32-02.webp.webp?fit=1200%2C800&ssl=1&resize=525%2C300 1.5x, https:\/\/i0.wp.com\/noticiasribeiraopreto.com.br\/wp-content\/uploads\/2025\/03\/metalurgia_2025-03-03_14-32-01_jpg_2025-03-03_14-32-02.webp.webp?fit=1200%2C800&ssl=1&resize=700%2C400 2x, https:\/\/i0.wp.com\/noticiasribeiraopreto.com.br\/wp-content\/uploads\/2025\/03\/metalurgia_2025-03-03_14-32-01_jpg_2025-03-03_14-32-02.webp.webp?fit=1200%2C800&ssl=1&resize=1050%2C600 3x"},"classes":[]},{"id":75671,"url":"https:\/\/noticiasribeiraopreto.com.br\/index.php\/2025\/08\/13\/mapeamento-sobre-industria-sucroenergetica-sera-lancado-na-fenasucro\/","url_meta":{"origin":75750,"position":1},"title":"Mapeamento sobre ind\u00fastria sucroenerg\u00e9tica ser\u00e1 lan\u00e7ado na Fenasucro","author":"noticiasribeiraopreto.com.br","date":"13 de August de 2025","format":false,"excerpt":"O CEISE Br lan\u00e7a nesta quinta-feira (14), durante a Fenasucro & Agrocana 2025, o Mapeamento da Cadeia Produtiva de Equipamentos para Fabrica\u00e7\u00e3o de Biocombust\u00edveis e Bioenergias. O estudo foi desenvolvido pela consultoria Markestrat com apoio da CPL Bioenergia, liderada pelo CEISE Br. O levantamento detalha a estrutura da cadeia de\u2026","rel":"","context":"In &quot;Not\u00edcias de Ribeir\u00e3o Preto-SP e Regi\u00e3o&quot;","block_context":{"text":"Not\u00edcias de Ribeir\u00e3o Preto-SP e Regi\u00e3o","link":"https:\/\/noticiasribeiraopreto.com.br\/index.php\/category\/noticias-de-ribeirao-preto-sp-e-regiao-ismael-colosi\/"},"img":{"alt_text":"","src":"https:\/\/i0.wp.com\/noticiasribeiraopreto.com.br\/wp-content\/uploads\/2025\/07\/fenasucro-sertaozinho_2025-07-23_14-52-05.webp.webp?fit=1200%2C799&ssl=1&resize=350%2C200","width":350,"height":200,"srcset":"https:\/\/i0.wp.com\/noticiasribeiraopreto.com.br\/wp-content\/uploads\/2025\/07\/fenasucro-sertaozinho_2025-07-23_14-52-05.webp.webp?fit=1200%2C799&ssl=1&resize=350%2C200 1x, https:\/\/i0.wp.com\/noticiasribeiraopreto.com.br\/wp-content\/uploads\/2025\/07\/fenasucro-sertaozinho_2025-07-23_14-52-05.webp.webp?fit=1200%2C799&ssl=1&resize=525%2C300 1.5x, https:\/\/i0.wp.com\/noticiasribeiraopreto.com.br\/wp-content\/uploads\/2025\/07\/fenasucro-sertaozinho_2025-07-23_14-52-05.webp.webp?fit=1200%2C799&ssl=1&resize=700%2C400 2x, https:\/\/i0.wp.com\/noticiasribeiraopreto.com.br\/wp-content\/uploads\/2025\/07\/fenasucro-sertaozinho_2025-07-23_14-52-05.webp.webp?fit=1200%2C799&ssl=1&resize=1050%2C600 3x"},"classes":[]},{"id":58920,"url":"https:\/\/noticiasribeiraopreto.com.br\/index.php\/2024\/10\/09\/entenda-como-nova-lei-dos-combustiveis-pode-trazer-investimentos-para-regiao-de-ribeirao\/","url_meta":{"origin":75750,"position":2},"title":"Entenda como nova lei dos combust\u00edveis pode trazer investimentos para regi\u00e3o de Ribeir\u00e3o","author":"noticiasribeiraopreto.com.br","date":"9 de October de 2024","format":false,"excerpt":"Na \u00faltima ter\u00e7a-feira (8), o presidente Luiz In\u00e1cio Lula da Silva (PT) sancionou a Lei Combust\u00edvel do Futuro, que incentiva a produ\u00e7\u00e3o e uso de combust\u00edveis sustent\u00e1veis. Segundo o Ceise BR (Centro Nacional das Ind\u00fastrias do Setor Sucroenerg\u00e9tico e Bioenergia), a medida pode trazer novos investimentos para regi\u00e3o de Ribeir\u00e3o\u2026","rel":"","context":"In &quot;Not\u00edcias de Ribeir\u00e3o Preto-SP e Regi\u00e3o&quot;","block_context":{"text":"Not\u00edcias de Ribeir\u00e3o Preto-SP e Regi\u00e3o","link":"https:\/\/noticiasribeiraopreto.com.br\/index.php\/category\/noticias-de-ribeirao-preto-sp-e-regiao-ismael-colosi\/"},"img":{"alt_text":"","src":"https:\/\/i0.wp.com\/noticiasribeiraopreto.com.br\/wp-content\/uploads\/2024\/10\/combustivel-do-futuro_2024-10-09_15-37-07_jpg_2024-10-09_15-37-08.webp.webp?fit=1200%2C616&ssl=1&resize=350%2C200","width":350,"height":200,"srcset":"https:\/\/i0.wp.com\/noticiasribeiraopreto.com.br\/wp-content\/uploads\/2024\/10\/combustivel-do-futuro_2024-10-09_15-37-07_jpg_2024-10-09_15-37-08.webp.webp?fit=1200%2C616&ssl=1&resize=350%2C200 1x, https:\/\/i0.wp.com\/noticiasribeiraopreto.com.br\/wp-content\/uploads\/2024\/10\/combustivel-do-futuro_2024-10-09_15-37-07_jpg_2024-10-09_15-37-08.webp.webp?fit=1200%2C616&ssl=1&resize=525%2C300 1.5x, https:\/\/i0.wp.com\/noticiasribeiraopreto.com.br\/wp-content\/uploads\/2024\/10\/combustivel-do-futuro_2024-10-09_15-37-07_jpg_2024-10-09_15-37-08.webp.webp?fit=1200%2C616&ssl=1&resize=700%2C400 2x, https:\/\/i0.wp.com\/noticiasribeiraopreto.com.br\/wp-content\/uploads\/2024\/10\/combustivel-do-futuro_2024-10-09_15-37-07_jpg_2024-10-09_15-37-08.webp.webp?fit=1200%2C616&ssl=1&resize=1050%2C600 3x"},"classes":[]},{"id":74565,"url":"https:\/\/noticiasribeiraopreto.com.br\/index.php\/2025\/07\/24\/feira-deve-gerar-18-mil-empregos\/","url_meta":{"origin":75750,"position":3},"title":"Feira deve gerar 18 mil empregos","author":"noticiasribeiraopreto.com.br","date":"24 de July de 2025","format":false,"excerpt":"A 31\u00aa edi\u00e7\u00e3o da Fenasucro & Agrocana , maior feira mundial dedicada exclusivamente \u00e0 cadeia de bioenergia, ser\u00e1 realizada de 12 a 15 de agosto, em Sert\u00e3ozinho, na Regi\u00e3o Metropolitana de Ribeir\u00e3o Preto, com expectativa de superar os R$ 10,7 bilh\u00f5es em neg\u00f3cios gerados na edi\u00e7\u00e3o anterior. Com mais de\u2026","rel":"","context":"In &quot;Not\u00edcias de Ribeir\u00e3o Preto-SP e Regi\u00e3o&quot;","block_context":{"text":"Not\u00edcias de Ribeir\u00e3o Preto-SP e Regi\u00e3o","link":"https:\/\/noticiasribeiraopreto.com.br\/index.php\/category\/noticias-de-ribeirao-preto-sp-e-regiao-ismael-colosi\/"},"img":{"alt_text":"","src":"https:\/\/i0.wp.com\/noticiasribeiraopreto.com.br\/wp-content\/uploads\/2025\/07\/Fenasucro-Divulgacao.jpg?fit=1200%2C800&ssl=1&resize=350%2C200","width":350,"height":200,"srcset":"https:\/\/i0.wp.com\/noticiasribeiraopreto.com.br\/wp-content\/uploads\/2025\/07\/Fenasucro-Divulgacao.jpg?fit=1200%2C800&ssl=1&resize=350%2C200 1x, https:\/\/i0.wp.com\/noticiasribeiraopreto.com.br\/wp-content\/uploads\/2025\/07\/Fenasucro-Divulgacao.jpg?fit=1200%2C800&ssl=1&resize=525%2C300 1.5x, https:\/\/i0.wp.com\/noticiasribeiraopreto.com.br\/wp-content\/uploads\/2025\/07\/Fenasucro-Divulgacao.jpg?fit=1200%2C800&ssl=1&resize=700%2C400 2x, https:\/\/i0.wp.com\/noticiasribeiraopreto.com.br\/wp-content\/uploads\/2025\/07\/Fenasucro-Divulgacao.jpg?fit=1200%2C800&ssl=1&resize=1050%2C600 3x"},"classes":[]},{"id":39656,"url":"https:\/\/noticiasribeiraopreto.com.br\/index.php\/2024\/02\/27\/regiao-de-rp-fecha-2023-com-r-1542-bi\/","url_meta":{"origin":75750,"position":4},"title":"Regi\u00e3o de RP fecha 2023 com R$ 1,542 bi\u00a0","author":"noticiasribeiraopreto.com.br","date":"27 de February de 2024","format":false,"excerpt":"Dados da Funda\u00e7\u00e3o Sistema Estadual de An\u00e1lise de Dados (Seade), divulgados nesta ter\u00e7a-feira, 20 de fevereiro, revelam que R$ 1,542 bilh\u00e3o (R$ 1.542.400.000) foram investidos na Regi\u00e3o Administrativa de Ribeir\u00e3o Preto ao longo do ano passado. De acordo com a Pesquisa de Investimentos Anunciados no Estado de S\u00e3o Paulo (Piesp),\u2026","rel":"","context":"In &quot;Not\u00edcias de Ribeir\u00e3o Preto-SP e Regi\u00e3o&quot;","block_context":{"text":"Not\u00edcias de Ribeir\u00e3o Preto-SP e Regi\u00e3o","link":"https:\/\/noticiasribeiraopreto.com.br\/index.php\/category\/noticias-de-ribeirao-preto-sp-e-regiao-ismael-colosi\/"},"img":{"alt_text":"","src":"https:\/\/i0.wp.com\/noticiasribeiraopreto.com.br\/wp-content\/uploads\/2024\/02\/SeadeRA-Detalhe-Divulgacao-Alesp-scaled.jpg?fit=1000%2C572&ssl=1&resize=350%2C200","width":350,"height":200,"srcset":"https:\/\/i0.wp.com\/noticiasribeiraopreto.com.br\/wp-content\/uploads\/2024\/02\/SeadeRA-Detalhe-Divulgacao-Alesp-scaled.jpg?fit=1000%2C572&ssl=1&resize=350%2C200 1x, https:\/\/i0.wp.com\/noticiasribeiraopreto.com.br\/wp-content\/uploads\/2024\/02\/SeadeRA-Detalhe-Divulgacao-Alesp-scaled.jpg?fit=1000%2C572&ssl=1&resize=525%2C300 1.5x, https:\/\/i0.wp.com\/noticiasribeiraopreto.com.br\/wp-content\/uploads\/2024\/02\/SeadeRA-Detalhe-Divulgacao-Alesp-scaled.jpg?fit=1000%2C572&ssl=1&resize=700%2C400 2x"},"classes":[]},{"id":56329,"url":"https:\/\/noticiasribeiraopreto.com.br\/index.php\/2024\/08\/12\/bioenergia-fenasucro-comeca-nesta-terca-feira-em-sertaozinho\/","url_meta":{"origin":75750,"position":5},"title":"Bioenergia: Fenasucro come\u00e7a nesta ter\u00e7a-feira em Sert\u00e3ozinho","author":"noticiasribeiraopreto.com.br","date":"12 de August de 2024","format":false,"excerpt":"Com discuss\u00f5es sobre transi\u00e7\u00e3o energ\u00e9tica, mobilidade de baixo carbono, pol\u00edticas sustent\u00e1veis e tend\u00eancias do setor bioenerg\u00e9tico, come\u00e7a nesta ter\u00e7a-feira (13), a 30\u00aa Fenasucro & Agrocana, em Sert\u00e3ozinho, na regi\u00e3o de Ribeir\u00e3o Preto. A Feira Mundial da Bioenergia acontece entre os dias 13 e 16 de agosto, no Centro de Eventos\u2026","rel":"","context":"In &quot;Not\u00edcias de Ribeir\u00e3o Preto-SP e Regi\u00e3o&quot;","block_context":{"text":"Not\u00edcias de Ribeir\u00e3o Preto-SP e Regi\u00e3o","link":"https:\/\/noticiasribeiraopreto.com.br\/index.php\/category\/noticias-de-ribeirao-preto-sp-e-regiao-ismael-colosi\/"},"img":{"alt_text":"","src":"https:\/\/i0.wp.com\/noticiasribeiraopreto.com.br\/wp-content\/uploads\/2024\/08\/WhatsApp-Image-2024-08-12-at-15.38.03_2024-08-12_20-50-35_jpeg_2024-08-12_20-50-35.webp.webp?fit=800%2C533&ssl=1&resize=350%2C200","width":350,"height":200,"srcset":"https:\/\/i0.wp.com\/noticiasribeiraopreto.com.br\/wp-content\/uploads\/2024\/08\/WhatsApp-Image-2024-08-12-at-15.38.03_2024-08-12_20-50-35_jpeg_2024-08-12_20-50-35.webp.webp?fit=800%2C533&ssl=1&resize=350%2C200 1x, https:\/\/i0.wp.com\/noticiasribeiraopreto.com.br\/wp-content\/uploads\/2024\/08\/WhatsApp-Image-2024-08-12-at-15.38.03_2024-08-12_20-50-35_jpeg_2024-08-12_20-50-35.webp.webp?fit=800%2C533&ssl=1&resize=525%2C300 1.5x, https:\/\/i0.wp.com\/noticiasribeiraopreto.com.br\/wp-content\/uploads\/2024\/08\/WhatsApp-Image-2024-08-12-at-15.38.03_2024-08-12_20-50-35_jpeg_2024-08-12_20-50-35.webp.webp?fit=800%2C533&ssl=1&resize=700%2C400 2x"},"classes":[]}],"jetpack_sharing_enabled":true,"jetpack_shortlink":"https:\/\/wp.me\/peQAOb-jHM","_links":{"self":[{"href":"https:\/\/noticiasribeiraopreto.com.br\/index.php\/wp-json\/wp\/v2\/posts\/75750","targetHints":{"allow":["GET"]}}],"collection":[{"href":"https:\/\/noticiasribeiraopreto.com.br\/index.php\/wp-json\/wp\/v2\/posts"}],"about":[{"href":"https:\/\/noticiasribeiraopreto.com.br\/index.php\/wp-json\/wp\/v2\/types\/post"}],"author":[{"embeddable":true,"href":"https:\/\/noticiasribeiraopreto.com.br\/index.php\/wp-json\/wp\/v2\/users\/1"}],"replies":[{"embeddable":true,"href":"https:\/\/noticiasribeiraopreto.com.br\/index.php\/wp-json\/wp\/v2\/comments?post=75750"}],"version-history":[{"count":0,"href":"https:\/\/noticiasribeiraopreto.com.br\/index.php\/wp-json\/wp\/v2\/posts\/75750\/revisions"}],"wp:featuredmedia":[{"embeddable":true,"href":"https:\/\/noticiasribeiraopreto.com.br\/index.php\/wp-json\/wp\/v2\/media\/75751"}],"wp:attachment":[{"href":"https:\/\/noticiasribeiraopreto.com.br\/index.php\/wp-json\/wp\/v2\/media?parent=75750"}],"wp:term":[{"taxonomy":"category","embeddable":true,"href":"https:\/\/noticiasribeiraopreto.com.br\/index.php\/wp-json\/wp\/v2\/categories?post=75750"},{"taxonomy":"post_tag","embeddable":true,"href":"https:\/\/noticiasribeiraopreto.com.br\/index.php\/wp-json\/wp\/v2\/tags?post=75750"}],"curies":[{"name":"wp","href":"https:\/\/api.w.org\/{rel}","templated":true}]}}