{"id":75752,"date":"2025-08-14T18:20:29","date_gmt":"2025-08-14T21:20:29","guid":{"rendered":"https:\/\/noticiasribeiraopreto.com.br\/index.php\/2025\/08\/14\/enxame-de-abelhas-provoca-interdicao-de-parque-em-ribeirao-preto\/"},"modified":"2025-08-14T18:20:29","modified_gmt":"2025-08-14T21:20:29","slug":"enxame-de-abelhas-provoca-interdicao-de-parque-em-ribeirao-preto","status":"publish","type":"post","link":"https:\/\/noticiasribeiraopreto.com.br\/index.php\/2025\/08\/14\/enxame-de-abelhas-provoca-interdicao-de-parque-em-ribeirao-preto\/","title":{"rendered":"Enxame de abelhas provoca interdi\u00e7\u00e3o de parque em Ribeir\u00e3o Preto"},"content":{"rendered":"<div class='code-block code-block-1' style='margin: 8px 0 8px auto; text-align: right; display: block; clear: both;'>\n<p><a href=\"https:\/\/wa.link\/vpicfd\"><img data-recalc-dims=\"1\" class=\"wp-image-4922\" style=\"aspect-ratio: 2.0253164556962027; width: 561px; height: auto;\" src=\"https:\/\/i0.wp.com\/ismaelcolosi.com.br\/wp-content\/uploads\/2023\/11\/grupo-de-empregos-whatsapp-e-facebook-ismael-colosi-vagas.jpg?ssl=1\" alt=\"\" \/><\/a><\/p>\n<!-- \/wp:image -->\n<\/div>\n<p> <br \/>\n<\/p>\n<div data-td-block-uid=\"tdi_95\">\n<div class=\"tdb-block-inner td-fix-index\">\n<p>O <strong>Parque Roberto de Mello Genaro<\/strong>, na regi\u00e3o Oeste de Ribeir\u00e3o Preto, est\u00e1 fechado temporariamente a partir desta quinta-feira (14) <strong>por conta da presen\u00e7a de um enxame de abelhas<\/strong>. A <strong>reabertura est\u00e1 prevista para a pr\u00f3xima segunda-feira<\/strong> (18), ap\u00f3s as 12h.<\/p>\n<p>Equipes t\u00e9cnicas programaram a remo\u00e7\u00e3o do enxame para o s\u00e1bado (16)<strong> utilizando procedimentos seguros e respeitando normas ambientais<\/strong>. Ap\u00f3s a retirada, o <mark style=\"background-color:#fcb900\" class=\"has-inline-color\">local passar\u00e1 por uma vistoria completa para verificar se o ambiente oferece condi\u00e7\u00f5es seguras para os visitantes<\/mark>.<\/p>\n<p>Caso n\u00e3o haja risco, o <strong>parque voltar\u00e1 a funcionar normalmente na segunda-feira<\/strong>. Durante o per\u00edodo de interdi\u00e7\u00e3o, \u00e9 importante que a popula\u00e7\u00e3o evite o acesso \u00e0 \u00e1rea e respeite a sinaliza\u00e7\u00e3o de seguran\u00e7a instalada no local.<\/p>\n<hr class=\"wp-block-separator has-alpha-channel-opacity\"\/>\n<p>SAIBA MAIS<\/p>\n<p>O que se sabe sobre bar que faturou R$ 4 milh\u00f5es com tr\u00e1fico de drogas em Ribeir\u00e3o<\/p>\n<h2 class=\"wp-block-heading\"><strong>FIQUE ON<\/strong><\/h2>\n<p>Quer ficar por dentro de tudo que acontece em Ribeir\u00e3o Preto e regi\u00e3o? Ent\u00e3o siga os perfis do\u202facidade on\u202fno\u202f<a href=\"https:\/\/www.instagram.com\/acidadeonribeirao\" target=\"_blank\" rel=\"noreferrer noopener\">Instagram<\/a>\u202fe no\u202f<a href=\"https:\/\/www.facebook.com\/acidadeonribeirao\/\" target=\"_blank\" rel=\"noreferrer noopener\">Facebook<\/a>.<\/p>\n<p>Al\u00e9m disso, voc\u00ea pode receber as principais not\u00edcias diretamente no WhatsApp. Para isso, basta\u00a0<a href=\"https:\/\/chat.whatsapp.com\/BjKQZ9oJwlz8VVT50NuePq\" target=\"_blank\" rel=\"noreferrer noopener\">entrar no grupo clicando aqui<\/a>.<\/p>\n<p>Por fim, se quiser fazer uma den\u00fancia ou sugerir uma reportagem sobre Ribeir\u00e3o Preto e regi\u00e3o, envie uma mensagem pelo WhatsApp: (16) 99117-7802.<\/p>\n<p>VEJA TAMB\u00c9M<\/p>\n<p>A Mulher da Casa Abandonada morava em Campinas?<\/p>\n<p><!-- AI CONTENT END 1 -->\n<\/div>\n<\/div>\n<p><script async src=\"\/\/www.instagram.com\/embed.js\"><\/script><br \/>\n<br \/><br \/>\n<br \/><a href=\"https:\/\/www.acidadeon.com\/ribeiraopreto\/lazer-e-cultura\/enxame-de-abelhas-provoca-interdicao-de-parque-em-ribeirao-preto\/\">Source link <\/a><\/p>\n<!-- CONTENT END 1 -->\n","protected":false},"excerpt":{"rendered":"<p>O Parque Roberto de Mello Genaro, na regi\u00e3o Oeste de Ribeir\u00e3o Preto, est\u00e1 fechado temporariamente a partir desta quinta-feira (14) por conta da presen\u00e7a de&#8230;<\/p>\n","protected":false},"author":1,"featured_media":75753,"comment_status":"open","ping_status":"open","sticky":false,"template":"","format":"standard","meta":{"advanced_seo_description":"","jetpack_seo_html_title":"","jetpack_seo_noindex":false,"jetpack_post_was_ever_published":false,"_jetpack_newsletter_access":"","_jetpack_dont_email_post_to_subs":false,"_jetpack_newsletter_tier_id":0,"_jetpack_memberships_contains_paywalled_content":false,"_jetpack_memberships_contains_paid_content":false,"footnotes":"","jetpack_publicize_message":"","jetpack_publicize_feature_enabled":true,"jetpack_social_post_already_shared":true,"jetpack_social_options":{"image_generator_settings":{"template":"highway","default_image_id":0,"font":"","enabled":false},"version":2}},"categories":[11],"tags":[],"class_list":["post-75752","post","type-post","status-publish","format-standard","has-post-thumbnail","hentry","category-noticias-de-ribeirao-preto-sp-e-regiao-ismael-colosi"],"jetpack_publicize_connections":[],"jetpack_featured_media_url":"https:\/\/i0.wp.com\/noticiasribeiraopreto.com.br\/wp-content\/uploads\/2025\/08\/Copia-de-Copia-de-Copia-de-TAMANHO-EXATO-PARA-FOTOS-NO-SISTEMA-NOVO-2025-08-14T161630.271_2025-08-14_19-17-37.webp.webp?fit=1200%2C675&ssl=1","jetpack-related-posts":[{"id":83966,"url":"https:\/\/noticiasribeiraopreto.com.br\/index.php\/2026\/03\/30\/parque-em-ribeirao-preto-sera-fechado-nesta-segunda-feira-saiba-o-motivo\/","url_meta":{"origin":75752,"position":0},"title":"Parque em Ribeir\u00e3o Preto ser\u00e1 fechado nesta segunda-feira; Saiba o motivo","author":"noticiasribeiraopreto.com.br","date":"30 de March de 2026","format":false,"excerpt":"Ler o resumo da not\u00edcia Parque Curupira, na zona Leste de Ribeir\u00e3o Preto, ser\u00e1 fechado nesta segunda-feira (30) a partir das 13h. O motivo \u00e9 a retirada de um enxame de abelhas identificado no local para garantir a seguran\u00e7a dos frequentadores. A previs\u00e3o de reabertura \u00e9 nesta ter\u00e7a-feira (31), no\u2026","rel":"","context":"In &quot;Not\u00edcias de Ribeir\u00e3o Preto-SP e Regi\u00e3o&quot;","block_context":{"text":"Not\u00edcias de Ribeir\u00e3o Preto-SP e Regi\u00e3o","link":"https:\/\/noticiasribeiraopreto.com.br\/index.php\/category\/noticias-de-ribeirao-preto-sp-e-regiao-ismael-colosi\/"},"img":{"alt_text":"","src":"https:\/\/i0.wp.com\/noticiasribeiraopreto.com.br\/wp-content\/uploads\/2026\/03\/WhatsApp-Image-2026-03-30-at-10.03.43_2026-03-30_14-13-24.webp.webp?fit=1200%2C800&ssl=1&resize=350%2C200","width":350,"height":200,"srcset":"https:\/\/i0.wp.com\/noticiasribeiraopreto.com.br\/wp-content\/uploads\/2026\/03\/WhatsApp-Image-2026-03-30-at-10.03.43_2026-03-30_14-13-24.webp.webp?fit=1200%2C800&ssl=1&resize=350%2C200 1x, https:\/\/i0.wp.com\/noticiasribeiraopreto.com.br\/wp-content\/uploads\/2026\/03\/WhatsApp-Image-2026-03-30-at-10.03.43_2026-03-30_14-13-24.webp.webp?fit=1200%2C800&ssl=1&resize=525%2C300 1.5x, https:\/\/i0.wp.com\/noticiasribeiraopreto.com.br\/wp-content\/uploads\/2026\/03\/WhatsApp-Image-2026-03-30-at-10.03.43_2026-03-30_14-13-24.webp.webp?fit=1200%2C800&ssl=1&resize=700%2C400 2x, https:\/\/i0.wp.com\/noticiasribeiraopreto.com.br\/wp-content\/uploads\/2026\/03\/WhatsApp-Image-2026-03-30-at-10.03.43_2026-03-30_14-13-24.webp.webp?fit=1200%2C800&ssl=1&resize=1050%2C600 3x"},"classes":[]},{"id":81289,"url":"https:\/\/noticiasribeiraopreto.com.br\/index.php\/2025\/12\/31\/fonte-luminosa-e-interditada-apos-enxame-de-abelhas-na-regiao-de-ribeirao-preto\/","url_meta":{"origin":75752,"position":1},"title":"Fonte luminosa \u00e9 interditada ap\u00f3s enxame de abelhas na regi\u00e3o de Ribeir\u00e3o Preto","author":"noticiasribeiraopreto.com.br","date":"31 de December de 2025","format":false,"excerpt":"A fonte luminosa da Casa de Cultura no Parque Marac\u00e1, em Gua\u00edra, a 120 quil\u00f4metros de Ribeir\u00e3o Preto, foi interditada nesta ter\u00e7a-feira (30), por causa de um enxame de abelhas. A Prefeitura de Gua\u00edra emitiu um comunicado no qual orienta aos moradores e visitantes\u00a0para que mantenham dist\u00e2ncia do local por\u2026","rel":"","context":"In &quot;Not\u00edcias de Ribeir\u00e3o Preto-SP e Regi\u00e3o&quot;","block_context":{"text":"Not\u00edcias de Ribeir\u00e3o Preto-SP e Regi\u00e3o","link":"https:\/\/noticiasribeiraopreto.com.br\/index.php\/category\/noticias-de-ribeirao-preto-sp-e-regiao-ismael-colosi\/"},"img":{"alt_text":"","src":"https:\/\/i0.wp.com\/noticiasribeiraopreto.com.br\/wp-content\/uploads\/2025\/12\/fonte_2025-12-30_18-09-45.webp.webp?fit=1200%2C905&ssl=1&resize=350%2C200","width":350,"height":200,"srcset":"https:\/\/i0.wp.com\/noticiasribeiraopreto.com.br\/wp-content\/uploads\/2025\/12\/fonte_2025-12-30_18-09-45.webp.webp?fit=1200%2C905&ssl=1&resize=350%2C200 1x, https:\/\/i0.wp.com\/noticiasribeiraopreto.com.br\/wp-content\/uploads\/2025\/12\/fonte_2025-12-30_18-09-45.webp.webp?fit=1200%2C905&ssl=1&resize=525%2C300 1.5x, https:\/\/i0.wp.com\/noticiasribeiraopreto.com.br\/wp-content\/uploads\/2025\/12\/fonte_2025-12-30_18-09-45.webp.webp?fit=1200%2C905&ssl=1&resize=700%2C400 2x, https:\/\/i0.wp.com\/noticiasribeiraopreto.com.br\/wp-content\/uploads\/2025\/12\/fonte_2025-12-30_18-09-45.webp.webp?fit=1200%2C905&ssl=1&resize=1050%2C600 3x"},"classes":[]},{"id":45937,"url":"https:\/\/noticiasribeiraopreto.com.br\/index.php\/2024\/04\/08\/avenida-de-ribeirao-preto-e-interditada-para-retirada-de-enxame-de-abelhas-saiba-mais\/","url_meta":{"origin":75752,"position":2},"title":"Avenida de Ribeir\u00e3o Preto \u00e9 interditada para retirada de enxame de abelhas; Saiba mais","author":"noticiasribeiraopreto.com.br","date":"8 de April de 2024","format":false,"excerpt":"A avenida Carlos Eduardo de Gasperi Consoni, na zona Sul de Ribeir\u00e3o Preto, ter\u00e1 um trecho interditado nesta ter\u00e7a-feira (9), a partir das 19h30, para a remo\u00e7\u00e3o de um enxame de abelhas. A previs\u00e3o \u00e9 de que o local seja liberado na noite de quarta-feira (10). De acordo com a\u2026","rel":"","context":"In &quot;Not\u00edcias de Ribeir\u00e3o Preto-SP e Regi\u00e3o&quot;","block_context":{"text":"Not\u00edcias de Ribeir\u00e3o Preto-SP e Regi\u00e3o","link":"https:\/\/noticiasribeiraopreto.com.br\/index.php\/category\/noticias-de-ribeirao-preto-sp-e-regiao-ismael-colosi\/"},"img":{"alt_text":"","src":"https:\/\/i0.wp.com\/noticiasribeiraopreto.com.br\/wp-content\/uploads\/2024\/04\/close-up-shot-working-honey-bees-apiary-beehive-scaled.jpg?fit=1200%2C801&ssl=1&resize=350%2C200","width":350,"height":200,"srcset":"https:\/\/i0.wp.com\/noticiasribeiraopreto.com.br\/wp-content\/uploads\/2024\/04\/close-up-shot-working-honey-bees-apiary-beehive-scaled.jpg?fit=1200%2C801&ssl=1&resize=350%2C200 1x, https:\/\/i0.wp.com\/noticiasribeiraopreto.com.br\/wp-content\/uploads\/2024\/04\/close-up-shot-working-honey-bees-apiary-beehive-scaled.jpg?fit=1200%2C801&ssl=1&resize=525%2C300 1.5x, https:\/\/i0.wp.com\/noticiasribeiraopreto.com.br\/wp-content\/uploads\/2024\/04\/close-up-shot-working-honey-bees-apiary-beehive-scaled.jpg?fit=1200%2C801&ssl=1&resize=700%2C400 2x, https:\/\/i0.wp.com\/noticiasribeiraopreto.com.br\/wp-content\/uploads\/2024\/04\/close-up-shot-working-honey-bees-apiary-beehive-scaled.jpg?fit=1200%2C801&ssl=1&resize=1050%2C600 3x"},"classes":[]},{"id":83036,"url":"https:\/\/noticiasribeiraopreto.com.br\/index.php\/2026\/03\/07\/enxame-de-abelhas-ataca-duas-mulheres-em-ribeirao-preto-vitimas-sofreram-mais-de-30-picadas\/","url_meta":{"origin":75752,"position":3},"title":"Enxame de abelhas ataca duas mulheres em Ribeir\u00e3o Preto; v\u00edtimas sofreram mais de 30 picadas","author":"noticiasribeiraopreto.com.br","date":"7 de March de 2026","format":false,"excerpt":"Duas mulheres precisaram ser socorridas ap\u00f3s serem atacadas por um enxame de abelhas na tarde desta sexta-feira (6), no bairro Ipiranga, em Ribeir\u00e3o Preto. De acordo com o Corpo de Bombeiros, as v\u00edtimas sofreram cerca de 30 picadas cada e precisaram de atendimento m\u00e9dico. Equipes da corpora\u00e7\u00e3o foram acionadas e\u2026","rel":"","context":"In &quot;Not\u00edcias de Ribeir\u00e3o Preto-SP e Regi\u00e3o&quot;","block_context":{"text":"Not\u00edcias de Ribeir\u00e3o Preto-SP e Regi\u00e3o","link":"https:\/\/noticiasribeiraopreto.com.br\/index.php\/category\/noticias-de-ribeirao-preto-sp-e-regiao-ismael-colosi\/"},"img":{"alt_text":"","src":"https:\/\/i0.wp.com\/noticiasribeiraopreto.com.br\/wp-content\/uploads\/2026\/03\/palace-49_2026-03-06_22-13-11.webp.webp?fit=1200%2C675&ssl=1&resize=350%2C200","width":350,"height":200,"srcset":"https:\/\/i0.wp.com\/noticiasribeiraopreto.com.br\/wp-content\/uploads\/2026\/03\/palace-49_2026-03-06_22-13-11.webp.webp?fit=1200%2C675&ssl=1&resize=350%2C200 1x, https:\/\/i0.wp.com\/noticiasribeiraopreto.com.br\/wp-content\/uploads\/2026\/03\/palace-49_2026-03-06_22-13-11.webp.webp?fit=1200%2C675&ssl=1&resize=525%2C300 1.5x, https:\/\/i0.wp.com\/noticiasribeiraopreto.com.br\/wp-content\/uploads\/2026\/03\/palace-49_2026-03-06_22-13-11.webp.webp?fit=1200%2C675&ssl=1&resize=700%2C400 2x, https:\/\/i0.wp.com\/noticiasribeiraopreto.com.br\/wp-content\/uploads\/2026\/03\/palace-49_2026-03-06_22-13-11.webp.webp?fit=1200%2C675&ssl=1&resize=1050%2C600 3x"},"classes":[]},{"id":76366,"url":"https:\/\/noticiasribeiraopreto.com.br\/index.php\/2025\/08\/27\/parque-de-ribeirao-preto-e-reaberto-apos-duas-semanas\/","url_meta":{"origin":75752,"position":4},"title":"Parque de Ribeir\u00e3o Preto \u00e9 reaberto ap\u00f3s duas semanas","author":"noticiasribeiraopreto.com.br","date":"27 de August de 2025","format":false,"excerpt":"O Parque Roberto Genaro, em Ribeir\u00e3o Preto, foi reaberto no in\u00edcio da tarde desta quarta-feira (27) ap\u00f3s ficar duas semanas fechado. O parque estava interditado por conta do manejo de abelhas que ofereciam risco aos visitantes. De acordo com a prefeitura, o parque foi aberto \u00e0s 12h, ap\u00f3s a remo\u00e7\u00e3o\u2026","rel":"","context":"In &quot;Not\u00edcias de Ribeir\u00e3o Preto-SP e Regi\u00e3o&quot;","block_context":{"text":"Not\u00edcias de Ribeir\u00e3o Preto-SP e Regi\u00e3o","link":"https:\/\/noticiasribeiraopreto.com.br\/index.php\/category\/noticias-de-ribeirao-preto-sp-e-regiao-ismael-colosi\/"},"img":{"alt_text":"","src":"https:\/\/i0.wp.com\/noticiasribeiraopreto.com.br\/wp-content\/uploads\/2025\/08\/Copia-de-Copia-de-Copia-de-TAMANHO-EXATO-PARA-FOTOS-NO-SISTEMA-NOVO-2025-08-14T161630.271_2025-08-14_19-17-37.webp.webp?fit=1200%2C675&ssl=1&resize=350%2C200","width":350,"height":200,"srcset":"https:\/\/i0.wp.com\/noticiasribeiraopreto.com.br\/wp-content\/uploads\/2025\/08\/Copia-de-Copia-de-Copia-de-TAMANHO-EXATO-PARA-FOTOS-NO-SISTEMA-NOVO-2025-08-14T161630.271_2025-08-14_19-17-37.webp.webp?fit=1200%2C675&ssl=1&resize=350%2C200 1x, https:\/\/i0.wp.com\/noticiasribeiraopreto.com.br\/wp-content\/uploads\/2025\/08\/Copia-de-Copia-de-Copia-de-TAMANHO-EXATO-PARA-FOTOS-NO-SISTEMA-NOVO-2025-08-14T161630.271_2025-08-14_19-17-37.webp.webp?fit=1200%2C675&ssl=1&resize=525%2C300 1.5x, https:\/\/i0.wp.com\/noticiasribeiraopreto.com.br\/wp-content\/uploads\/2025\/08\/Copia-de-Copia-de-Copia-de-TAMANHO-EXATO-PARA-FOTOS-NO-SISTEMA-NOVO-2025-08-14T161630.271_2025-08-14_19-17-37.webp.webp?fit=1200%2C675&ssl=1&resize=700%2C400 2x, https:\/\/i0.wp.com\/noticiasribeiraopreto.com.br\/wp-content\/uploads\/2025\/08\/Copia-de-Copia-de-Copia-de-TAMANHO-EXATO-PARA-FOTOS-NO-SISTEMA-NOVO-2025-08-14T161630.271_2025-08-14_19-17-37.webp.webp?fit=1200%2C675&ssl=1&resize=1050%2C600 3x"},"classes":[]},{"id":76334,"url":"https:\/\/noticiasribeiraopreto.com.br\/index.php\/2025\/08\/26\/entenda-a-situacao-de-parque-fechado-em-ribeirao-preto\/","url_meta":{"origin":75752,"position":5},"title":"Entenda a situa\u00e7\u00e3o de parque fechado em Ribeir\u00e3o\u00a0Preto","author":"noticiasribeiraopreto.com.br","date":"26 de August de 2025","format":false,"excerpt":"O Parque Roberto Genaro, em Ribeir\u00e3o Preto, segue fechado por causa do manejo de abelhas que oferecem risco aos visitantes. A medida foi adotada para garantir a seguran\u00e7a da popula\u00e7\u00e3o e evitar acidentes. O espa\u00e7o est\u00e1 interditado desde 14 de agosto, enquanto equipes especializadas realizam a remo\u00e7\u00e3o dos enxames que\u2026","rel":"","context":"In &quot;Not\u00edcias de Ribeir\u00e3o Preto-SP e Regi\u00e3o&quot;","block_context":{"text":"Not\u00edcias de Ribeir\u00e3o Preto-SP e Regi\u00e3o","link":"https:\/\/noticiasribeiraopreto.com.br\/index.php\/category\/noticias-de-ribeirao-preto-sp-e-regiao-ismael-colosi\/"},"img":{"alt_text":"","src":"https:\/\/i0.wp.com\/noticiasribeiraopreto.com.br\/wp-content\/uploads\/2025\/08\/Copia-de-Copia-de-Copia-de-TAMANHO-EXATO-PARA-FOTOS-NO-SISTEMA-NOVO-2025-08-14T161630.271_2025-08-14_19-17-37.webp.webp?fit=1200%2C675&ssl=1&resize=350%2C200","width":350,"height":200,"srcset":"https:\/\/i0.wp.com\/noticiasribeiraopreto.com.br\/wp-content\/uploads\/2025\/08\/Copia-de-Copia-de-Copia-de-TAMANHO-EXATO-PARA-FOTOS-NO-SISTEMA-NOVO-2025-08-14T161630.271_2025-08-14_19-17-37.webp.webp?fit=1200%2C675&ssl=1&resize=350%2C200 1x, https:\/\/i0.wp.com\/noticiasribeiraopreto.com.br\/wp-content\/uploads\/2025\/08\/Copia-de-Copia-de-Copia-de-TAMANHO-EXATO-PARA-FOTOS-NO-SISTEMA-NOVO-2025-08-14T161630.271_2025-08-14_19-17-37.webp.webp?fit=1200%2C675&ssl=1&resize=525%2C300 1.5x, https:\/\/i0.wp.com\/noticiasribeiraopreto.com.br\/wp-content\/uploads\/2025\/08\/Copia-de-Copia-de-Copia-de-TAMANHO-EXATO-PARA-FOTOS-NO-SISTEMA-NOVO-2025-08-14T161630.271_2025-08-14_19-17-37.webp.webp?fit=1200%2C675&ssl=1&resize=700%2C400 2x, https:\/\/i0.wp.com\/noticiasribeiraopreto.com.br\/wp-content\/uploads\/2025\/08\/Copia-de-Copia-de-Copia-de-TAMANHO-EXATO-PARA-FOTOS-NO-SISTEMA-NOVO-2025-08-14T161630.271_2025-08-14_19-17-37.webp.webp?fit=1200%2C675&ssl=1&resize=1050%2C600 3x"},"classes":[]}],"jetpack_sharing_enabled":true,"jetpack_shortlink":"https:\/\/wp.me\/peQAOb-jHO","_links":{"self":[{"href":"https:\/\/noticiasribeiraopreto.com.br\/index.php\/wp-json\/wp\/v2\/posts\/75752","targetHints":{"allow":["GET"]}}],"collection":[{"href":"https:\/\/noticiasribeiraopreto.com.br\/index.php\/wp-json\/wp\/v2\/posts"}],"about":[{"href":"https:\/\/noticiasribeiraopreto.com.br\/index.php\/wp-json\/wp\/v2\/types\/post"}],"author":[{"embeddable":true,"href":"https:\/\/noticiasribeiraopreto.com.br\/index.php\/wp-json\/wp\/v2\/users\/1"}],"replies":[{"embeddable":true,"href":"https:\/\/noticiasribeiraopreto.com.br\/index.php\/wp-json\/wp\/v2\/comments?post=75752"}],"version-history":[{"count":0,"href":"https:\/\/noticiasribeiraopreto.com.br\/index.php\/wp-json\/wp\/v2\/posts\/75752\/revisions"}],"wp:featuredmedia":[{"embeddable":true,"href":"https:\/\/noticiasribeiraopreto.com.br\/index.php\/wp-json\/wp\/v2\/media\/75753"}],"wp:attachment":[{"href":"https:\/\/noticiasribeiraopreto.com.br\/index.php\/wp-json\/wp\/v2\/media?parent=75752"}],"wp:term":[{"taxonomy":"category","embeddable":true,"href":"https:\/\/noticiasribeiraopreto.com.br\/index.php\/wp-json\/wp\/v2\/categories?post=75752"},{"taxonomy":"post_tag","embeddable":true,"href":"https:\/\/noticiasribeiraopreto.com.br\/index.php\/wp-json\/wp\/v2\/tags?post=75752"}],"curies":[{"name":"wp","href":"https:\/\/api.w.org\/{rel}","templated":true}]}}