{"id":75754,"date":"2025-08-14T18:29:12","date_gmt":"2025-08-14T21:29:12","guid":{"rendered":"https:\/\/noticiasribeiraopreto.com.br\/index.php\/2025\/08\/14\/idosa-morre-e-cinco-ficam-feridos-em-incendio-na-regiao-de-ribeirao-preto\/"},"modified":"2025-08-14T18:29:12","modified_gmt":"2025-08-14T21:29:12","slug":"idosa-morre-e-cinco-ficam-feridos-em-incendio-na-regiao-de-ribeirao-preto","status":"publish","type":"post","link":"https:\/\/noticiasribeiraopreto.com.br\/index.php\/2025\/08\/14\/idosa-morre-e-cinco-ficam-feridos-em-incendio-na-regiao-de-ribeirao-preto\/","title":{"rendered":"Idosa morre e cinco ficam feridos em inc\u00eandio na regi\u00e3o de Ribeir\u00e3o Preto"},"content":{"rendered":"<div class='code-block code-block-1' style='margin: 8px 0 8px auto; text-align: right; display: block; clear: both;'>\n<p><a href=\"https:\/\/wa.link\/vpicfd\"><img data-recalc-dims=\"1\" class=\"wp-image-4922\" style=\"aspect-ratio: 2.0253164556962027; width: 561px; height: auto;\" src=\"https:\/\/i0.wp.com\/ismaelcolosi.com.br\/wp-content\/uploads\/2023\/11\/grupo-de-empregos-whatsapp-e-facebook-ismael-colosi-vagas.jpg?ssl=1\" alt=\"\" \/><\/a><\/p>\n<!-- \/wp:image -->\n<\/div>\n<p> <br \/>\n<\/p>\n<div data-td-block-uid=\"tdi_95\">\n<div class=\"tdb-block-inner td-fix-index\">\n<p><strong>Uma idosa de 62 anos morreu ap\u00f3s um inc\u00eandio atingir uma resid\u00eancia em Jardin\u00f3polis<\/strong>, na regi\u00e3o de Ribeir\u00e3o Preto, na noite desta quarta-feira (14). Segundo a Pol\u00edcia Militar,<strong> outras cinco pessoas ficaram feridas.<\/strong><\/p>\n<p><strong>Uma <\/strong>das v\u00edtimas foi encaminhada ao pronto-socorro de Jardin\u00f3polis,<strong> enquanto as outras quatro foram transferidas para unidades de sa\u00fade em Ribeir\u00e3o Preto<\/strong>. O estado de sa\u00fade delas n\u00e3o foi divulgado.<\/p>\n<p>As causas do inc\u00eandio ainda est\u00e3o sendo investigadas pelas autoridades. <strong>A identidade das v\u00edtimas n\u00e3o foi revelada at\u00e9 o momento.<\/strong><\/p>\n<hr class=\"wp-block-separator has-alpha-channel-opacity\"\/>\n<p>SAIBA MAIS<\/p>\n<p>O que se sabe sobre bar que faturou R$ 4 milh\u00f5es com tr\u00e1fico de drogas em Ribeir\u00e3o<\/p>\n<h2 class=\"wp-block-heading\"><strong>FIQUE ON<\/strong><\/h2>\n<p>Quer ficar por dentro de tudo que acontece em Ribeir\u00e3o Preto e regi\u00e3o? Ent\u00e3o siga os perfis do\u202facidade on\u202fno\u202f<a href=\"https:\/\/www.instagram.com\/acidadeonribeirao\" target=\"_blank\" rel=\"noreferrer noopener\">Instagram<\/a>\u202fe no\u202f<a href=\"https:\/\/www.facebook.com\/acidadeonribeirao\/\" target=\"_blank\" rel=\"noreferrer noopener\">Facebook<\/a>.<\/p>\n<p>Al\u00e9m disso, voc\u00ea pode receber as principais not\u00edcias diretamente no WhatsApp. Para isso, basta\u00a0<a href=\"https:\/\/chat.whatsapp.com\/BjKQZ9oJwlz8VVT50NuePq\" target=\"_blank\" rel=\"noreferrer noopener\">entrar no grupo clicando aqui<\/a>.<\/p>\n<p>Por fim, se quiser fazer uma den\u00fancia ou sugerir uma reportagem sobre Ribeir\u00e3o Preto e regi\u00e3o, envie uma mensagem pelo WhatsApp: (16) 99117-7802.<\/p>\n<p>VEJA TAMB\u00c9M<\/p>\n<p>A Mulher da Casa Abandonada morava em Campinas?<\/p>\n<p><!-- AI CONTENT END 1 -->\n<\/div>\n<\/div>\n<p><script async src=\"\/\/www.instagram.com\/embed.js\"><\/script><br \/>\n<br \/><br \/>\n<br \/><a href=\"https:\/\/www.acidadeon.com\/ribeiraopreto\/cotidiano\/idosa-morre-e-cinco-ficam-feridos-em-incendio-na-regiao-de-ribeirao-preto\/\">Source link <\/a><\/p>\n<!-- CONTENT END 1 -->\n","protected":false},"excerpt":{"rendered":"<p>Uma idosa de 62 anos morreu ap\u00f3s um inc\u00eandio atingir uma resid\u00eancia em Jardin\u00f3polis, na regi\u00e3o de Ribeir\u00e3o Preto, na noite desta quarta-feira (14). Segundo&#8230;<\/p>\n","protected":false},"author":1,"featured_media":75755,"comment_status":"open","ping_status":"open","sticky":false,"template":"","format":"standard","meta":{"advanced_seo_description":"","jetpack_seo_html_title":"","jetpack_seo_noindex":false,"jetpack_post_was_ever_published":false,"_jetpack_newsletter_access":"","_jetpack_dont_email_post_to_subs":false,"_jetpack_newsletter_tier_id":0,"_jetpack_memberships_contains_paywalled_content":false,"_jetpack_memberships_contains_paid_content":false,"footnotes":"","jetpack_publicize_message":"","jetpack_publicize_feature_enabled":true,"jetpack_social_post_already_shared":true,"jetpack_social_options":{"image_generator_settings":{"template":"highway","default_image_id":0,"font":"","enabled":false},"version":2}},"categories":[11],"tags":[],"class_list":["post-75754","post","type-post","status-publish","format-standard","has-post-thumbnail","hentry","category-noticias-de-ribeirao-preto-sp-e-regiao-ismael-colosi"],"jetpack_publicize_connections":[],"jetpack_featured_media_url":"https:\/\/i0.wp.com\/noticiasribeiraopreto.com.br\/wp-content\/uploads\/2025\/08\/Copia-de-Copia-de-Copia-de-TAMANHO-EXATO-PARA-FOTOS-NO-SISTEMA-NOVO-2025-08-14T151232.087_2025-08-14_18-12-45.webp.webp?fit=1200%2C675&ssl=1","jetpack-related-posts":[{"id":62871,"url":"https:\/\/noticiasribeiraopreto.com.br\/index.php\/2025\/01\/27\/idosa-morre-em-incendio-dentro-de-casa-em-ribeirao-preto\/","url_meta":{"origin":75754,"position":0},"title":"Idosa morre em inc\u00eandio dentro de casa em Ribeir\u00e3o Preto","author":"noticiasribeiraopreto.com.br","date":"27 de January de 2025","format":false,"excerpt":"Uma idosa de 78 anos morreu em um inc\u00eandio dentro de casa no Parque das Andorinhas, na zona Oeste de Ribeir\u00e3o Preto, na tarde do \u00faltimo domingo (27). Outras pessoas tamb\u00e9m ficaram feridas, sendo uma delas a filha da v\u00edtima. A Pol\u00edcia Militar foi acionada para atender a ocorr\u00eancia de\u2026","rel":"","context":"In &quot;Not\u00edcias de Ribeir\u00e3o Preto-SP e Regi\u00e3o&quot;","block_context":{"text":"Not\u00edcias de Ribeir\u00e3o Preto-SP e Regi\u00e3o","link":"https:\/\/noticiasribeiraopreto.com.br\/index.php\/category\/noticias-de-ribeirao-preto-sp-e-regiao-ismael-colosi\/"},"img":{"alt_text":"","src":"https:\/\/i0.wp.com\/noticiasribeiraopreto.com.br\/wp-content\/uploads\/2025\/01\/sirene_giroflex_1024x576_11032021085153.jpg?fit=1024%2C576&ssl=1&resize=350%2C200","width":350,"height":200,"srcset":"https:\/\/i0.wp.com\/noticiasribeiraopreto.com.br\/wp-content\/uploads\/2025\/01\/sirene_giroflex_1024x576_11032021085153.jpg?fit=1024%2C576&ssl=1&resize=350%2C200 1x, https:\/\/i0.wp.com\/noticiasribeiraopreto.com.br\/wp-content\/uploads\/2025\/01\/sirene_giroflex_1024x576_11032021085153.jpg?fit=1024%2C576&ssl=1&resize=525%2C300 1.5x, https:\/\/i0.wp.com\/noticiasribeiraopreto.com.br\/wp-content\/uploads\/2025\/01\/sirene_giroflex_1024x576_11032021085153.jpg?fit=1024%2C576&ssl=1&resize=700%2C400 2x"},"classes":[]},{"id":31646,"url":"https:\/\/noticiasribeiraopreto.com.br\/index.php\/2024\/01\/22\/vitima-e-socorrida-apos-inalar-fumaca-de-incendio-em-casa-na-zona-sul-de-ribeirao\/","url_meta":{"origin":75754,"position":1},"title":"V\u00edtima \u00e9 socorrida ap\u00f3s inalar fuma\u00e7a de inc\u00eandio em casa na zona sul de Ribeir\u00e3o","author":"noticiasribeiraopreto.com.br","date":"22 de January de 2024","format":false,"excerpt":"Uma pessoa foi socorrida ap\u00f3s inalar fuma\u00e7a de um inc\u00eandio em uma casa, dentro de um condom\u00ednio, no distrito de Bonfim Paulista, na zona Sul de Ribeir\u00e3o Preto, no come\u00e7o da noite desta segunda-feira (22). O condom\u00ednio fica na marginal Hermenegildo Ulian. O Corpo de Bombeiros foi acionado e est\u00e1\u2026","rel":"","context":"In &quot;Not\u00edcias de Ribeir\u00e3o Preto-SP e Regi\u00e3o&quot;","block_context":{"text":"Not\u00edcias de Ribeir\u00e3o Preto-SP e Regi\u00e3o","link":"https:\/\/noticiasribeiraopreto.com.br\/index.php\/category\/noticias-de-ribeirao-preto-sp-e-regiao-ismael-colosi\/"},"img":{"alt_text":"","src":"https:\/\/i0.wp.com\/noticiasribeiraopreto.com.br\/wp-content\/uploads\/2024\/01\/1705977654_WhatsApp-Image-2023-10-01-at-15.55.52.jpeg?fit=1024%2C576&ssl=1&resize=350%2C200","width":350,"height":200,"srcset":"https:\/\/i0.wp.com\/noticiasribeiraopreto.com.br\/wp-content\/uploads\/2024\/01\/1705977654_WhatsApp-Image-2023-10-01-at-15.55.52.jpeg?fit=1024%2C576&ssl=1&resize=350%2C200 1x, https:\/\/i0.wp.com\/noticiasribeiraopreto.com.br\/wp-content\/uploads\/2024\/01\/1705977654_WhatsApp-Image-2023-10-01-at-15.55.52.jpeg?fit=1024%2C576&ssl=1&resize=525%2C300 1.5x, https:\/\/i0.wp.com\/noticiasribeiraopreto.com.br\/wp-content\/uploads\/2024\/01\/1705977654_WhatsApp-Image-2023-10-01-at-15.55.52.jpeg?fit=1024%2C576&ssl=1&resize=700%2C400 2x"},"classes":[]},{"id":31601,"url":"https:\/\/noticiasribeiraopreto.com.br\/index.php\/2024\/01\/22\/vitima-e-socorrida-apos-inalar-fumaca-de-incendio-em-casa-da-zona-sul-de-ribeirao\/","url_meta":{"origin":75754,"position":2},"title":"V\u00edtima \u00e9 socorrida ap\u00f3s inalar fuma\u00e7a de inc\u00eandio em casa da zona sul de Ribeir\u00e3o","author":"noticiasribeiraopreto.com.br","date":"22 de January de 2024","format":false,"excerpt":"Uma pessoa foi socorrida ap\u00f3s inalar fuma\u00e7a de um inc\u00eandio em uma casa, dentro de um condom\u00ednio, no distrito de Bonfim Paulista, na zona Sul de Ribeir\u00e3o Preto, no come\u00e7o da noite desta segunda-feira (22). O condom\u00ednio fica na marginal Hermenegildo Ulian. O Corpo de Bombeiros foi acionado e est\u00e1\u2026","rel":"","context":"In &quot;Not\u00edcias de Ribeir\u00e3o Preto-SP e Regi\u00e3o&quot;","block_context":{"text":"Not\u00edcias de Ribeir\u00e3o Preto-SP e Regi\u00e3o","link":"https:\/\/noticiasribeiraopreto.com.br\/index.php\/category\/noticias-de-ribeirao-preto-sp-e-regiao-ismael-colosi\/"},"img":{"alt_text":"","src":"https:\/\/i0.wp.com\/noticiasribeiraopreto.com.br\/wp-content\/uploads\/2024\/01\/WhatsApp-Image-2023-10-01-at-15.55.52.jpeg?fit=1024%2C576&ssl=1&resize=350%2C200","width":350,"height":200,"srcset":"https:\/\/i0.wp.com\/noticiasribeiraopreto.com.br\/wp-content\/uploads\/2024\/01\/WhatsApp-Image-2023-10-01-at-15.55.52.jpeg?fit=1024%2C576&ssl=1&resize=350%2C200 1x, https:\/\/i0.wp.com\/noticiasribeiraopreto.com.br\/wp-content\/uploads\/2024\/01\/WhatsApp-Image-2023-10-01-at-15.55.52.jpeg?fit=1024%2C576&ssl=1&resize=525%2C300 1.5x, https:\/\/i0.wp.com\/noticiasribeiraopreto.com.br\/wp-content\/uploads\/2024\/01\/WhatsApp-Image-2023-10-01-at-15.55.52.jpeg?fit=1024%2C576&ssl=1&resize=700%2C400 2x"},"classes":[]},{"id":81264,"url":"https:\/\/noticiasribeiraopreto.com.br\/index.php\/2025\/12\/30\/mae-e-bebe-deixam-o-hospital-apos-incendio-com-botijao-de-gas-que-matou-jovem-em-jardinopolis\/","url_meta":{"origin":75754,"position":3},"title":"M\u00e3e e beb\u00ea deixam o hospital ap\u00f3s inc\u00eandio com botij\u00e3o de g\u00e1s que matou jovem em Jardin\u00f3polis","author":"noticiasribeiraopreto.com.br","date":"30 de December de 2025","format":false,"excerpt":"A mulher de 34 anos e o filho dela, um beb\u00ea de dois meses, deixaram o hospital no \u00faltimo final de semana ap\u00f3s ficarem internados por inala\u00e7\u00e3o de fuma\u00e7a em um inc\u00eandio causado por um botij\u00e3o de g\u00e1s em Jardin\u00f3polis, na regi\u00e3o de Ribeir\u00e3o Preto. A ocorr\u00eancia terminou com a\u2026","rel":"","context":"In &quot;Not\u00edcias de Ribeir\u00e3o Preto-SP e Regi\u00e3o&quot;","block_context":{"text":"Not\u00edcias de Ribeir\u00e3o Preto-SP e Regi\u00e3o","link":"https:\/\/noticiasribeiraopreto.com.br\/index.php\/category\/noticias-de-ribeirao-preto-sp-e-regiao-ismael-colosi\/"},"img":{"alt_text":"","src":"https:\/\/i0.wp.com\/noticiasribeiraopreto.com.br\/wp-content\/uploads\/2025\/12\/domingo-12_2025-12-29_18-09-58.webp.webp?fit=1200%2C675&ssl=1&resize=350%2C200","width":350,"height":200,"srcset":"https:\/\/i0.wp.com\/noticiasribeiraopreto.com.br\/wp-content\/uploads\/2025\/12\/domingo-12_2025-12-29_18-09-58.webp.webp?fit=1200%2C675&ssl=1&resize=350%2C200 1x, https:\/\/i0.wp.com\/noticiasribeiraopreto.com.br\/wp-content\/uploads\/2025\/12\/domingo-12_2025-12-29_18-09-58.webp.webp?fit=1200%2C675&ssl=1&resize=525%2C300 1.5x, https:\/\/i0.wp.com\/noticiasribeiraopreto.com.br\/wp-content\/uploads\/2025\/12\/domingo-12_2025-12-29_18-09-58.webp.webp?fit=1200%2C675&ssl=1&resize=700%2C400 2x, https:\/\/i0.wp.com\/noticiasribeiraopreto.com.br\/wp-content\/uploads\/2025\/12\/domingo-12_2025-12-29_18-09-58.webp.webp?fit=1200%2C675&ssl=1&resize=1050%2C600 3x"},"classes":[]},{"id":78345,"url":"https:\/\/noticiasribeiraopreto.com.br\/index.php\/2025\/10\/09\/incendio-em-supermercado-mobiliza-bombeiros-na-regiao-de-ribeirao-preto-video\/","url_meta":{"origin":75754,"position":4},"title":"Inc\u00eandio em supermercado mobiliza Bombeiros na regi\u00e3o de Ribeir\u00e3o Preto; V\u00eddeo","author":"noticiasribeiraopreto.com.br","date":"9 de October de 2025","format":false,"excerpt":"Um inc\u00eandio em um supermercado mobiliza o Corpo de Bombeiros nesta quinta-feira (9), em Jardin\u00f3polis, na regi\u00e3o de Ribeir\u00e3o Preto. Segundo as primeiras informa\u00e7\u00f5es, o estabelecimento, localizado na rua Mario Lamonato, pertenceria ao empres\u00e1rio Carlos Alberto Orioli Salom\u00e3o. Ele foi preso em agosto deste ano, no estado da Bahia, por\u2026","rel":"","context":"In &quot;Not\u00edcias de Ribeir\u00e3o Preto-SP e Regi\u00e3o&quot;","block_context":{"text":"Not\u00edcias de Ribeir\u00e3o Preto-SP e Regi\u00e3o","link":"https:\/\/noticiasribeiraopreto.com.br\/index.php\/category\/noticias-de-ribeirao-preto-sp-e-regiao-ismael-colosi\/"},"img":{"alt_text":"","src":"https:\/\/i0.wp.com\/noticiasribeiraopreto.com.br\/wp-content\/uploads\/2025\/10\/INCENDIO_2025-10-09_10-11-08.webp.webp?fit=1200%2C872&ssl=1&resize=350%2C200","width":350,"height":200,"srcset":"https:\/\/i0.wp.com\/noticiasribeiraopreto.com.br\/wp-content\/uploads\/2025\/10\/INCENDIO_2025-10-09_10-11-08.webp.webp?fit=1200%2C872&ssl=1&resize=350%2C200 1x, https:\/\/i0.wp.com\/noticiasribeiraopreto.com.br\/wp-content\/uploads\/2025\/10\/INCENDIO_2025-10-09_10-11-08.webp.webp?fit=1200%2C872&ssl=1&resize=525%2C300 1.5x, https:\/\/i0.wp.com\/noticiasribeiraopreto.com.br\/wp-content\/uploads\/2025\/10\/INCENDIO_2025-10-09_10-11-08.webp.webp?fit=1200%2C872&ssl=1&resize=700%2C400 2x, https:\/\/i0.wp.com\/noticiasribeiraopreto.com.br\/wp-content\/uploads\/2025\/10\/INCENDIO_2025-10-09_10-11-08.webp.webp?fit=1200%2C872&ssl=1&resize=1050%2C600 3x"},"classes":[]},{"id":51141,"url":"https:\/\/noticiasribeiraopreto.com.br\/index.php\/2024\/05\/23\/incendio-atinge-residencia-e-idosa-e-socorrida-na-zona-norte-de-ribeirao-preto\/","url_meta":{"origin":75754,"position":5},"title":"Inc\u00eandio atinge resid\u00eancia e idosa \u00e9 socorrida na zona Norte de Ribeir\u00e3o Preto","author":"noticiasribeiraopreto.com.br","date":"23 de May de 2024","format":false,"excerpt":"Uma mulher de 97 anos foi socorrida em um inc\u00eandio em resid\u00eancia no in\u00edcio da tarde desta quinta-feira (23), na zona Norte de Ribeir\u00e3o Preto. Segundo informa\u00e7\u00f5es, o fogo atingiu um dos c\u00f4modos da casa onde a v\u00edtima estaria com um neto, que fica aos fundos de uma loja de\u2026","rel":"","context":"In &quot;Not\u00edcias de Ribeir\u00e3o Preto-SP e Regi\u00e3o&quot;","block_context":{"text":"Not\u00edcias de Ribeir\u00e3o Preto-SP e Regi\u00e3o","link":"https:\/\/noticiasribeiraopreto.com.br\/index.php\/category\/noticias-de-ribeirao-preto-sp-e-regiao-ismael-colosi\/"},"img":{"alt_text":"","src":"https:\/\/i0.wp.com\/noticiasribeiraopreto.com.br\/wp-content\/uploads\/2024\/05\/WhatsApp-Image-2024-05-23-at-12.31.35_2024-05-23_15-59-27_jpeg_2024-05-23_15-59-27.webp.webp?fit=1200%2C900&ssl=1&resize=350%2C200","width":350,"height":200,"srcset":"https:\/\/i0.wp.com\/noticiasribeiraopreto.com.br\/wp-content\/uploads\/2024\/05\/WhatsApp-Image-2024-05-23-at-12.31.35_2024-05-23_15-59-27_jpeg_2024-05-23_15-59-27.webp.webp?fit=1200%2C900&ssl=1&resize=350%2C200 1x, https:\/\/i0.wp.com\/noticiasribeiraopreto.com.br\/wp-content\/uploads\/2024\/05\/WhatsApp-Image-2024-05-23-at-12.31.35_2024-05-23_15-59-27_jpeg_2024-05-23_15-59-27.webp.webp?fit=1200%2C900&ssl=1&resize=525%2C300 1.5x, https:\/\/i0.wp.com\/noticiasribeiraopreto.com.br\/wp-content\/uploads\/2024\/05\/WhatsApp-Image-2024-05-23-at-12.31.35_2024-05-23_15-59-27_jpeg_2024-05-23_15-59-27.webp.webp?fit=1200%2C900&ssl=1&resize=700%2C400 2x, https:\/\/i0.wp.com\/noticiasribeiraopreto.com.br\/wp-content\/uploads\/2024\/05\/WhatsApp-Image-2024-05-23-at-12.31.35_2024-05-23_15-59-27_jpeg_2024-05-23_15-59-27.webp.webp?fit=1200%2C900&ssl=1&resize=1050%2C600 3x"},"classes":[]}],"jetpack_sharing_enabled":true,"jetpack_shortlink":"https:\/\/wp.me\/peQAOb-jHQ","_links":{"self":[{"href":"https:\/\/noticiasribeiraopreto.com.br\/index.php\/wp-json\/wp\/v2\/posts\/75754","targetHints":{"allow":["GET"]}}],"collection":[{"href":"https:\/\/noticiasribeiraopreto.com.br\/index.php\/wp-json\/wp\/v2\/posts"}],"about":[{"href":"https:\/\/noticiasribeiraopreto.com.br\/index.php\/wp-json\/wp\/v2\/types\/post"}],"author":[{"embeddable":true,"href":"https:\/\/noticiasribeiraopreto.com.br\/index.php\/wp-json\/wp\/v2\/users\/1"}],"replies":[{"embeddable":true,"href":"https:\/\/noticiasribeiraopreto.com.br\/index.php\/wp-json\/wp\/v2\/comments?post=75754"}],"version-history":[{"count":0,"href":"https:\/\/noticiasribeiraopreto.com.br\/index.php\/wp-json\/wp\/v2\/posts\/75754\/revisions"}],"wp:featuredmedia":[{"embeddable":true,"href":"https:\/\/noticiasribeiraopreto.com.br\/index.php\/wp-json\/wp\/v2\/media\/75755"}],"wp:attachment":[{"href":"https:\/\/noticiasribeiraopreto.com.br\/index.php\/wp-json\/wp\/v2\/media?parent=75754"}],"wp:term":[{"taxonomy":"category","embeddable":true,"href":"https:\/\/noticiasribeiraopreto.com.br\/index.php\/wp-json\/wp\/v2\/categories?post=75754"},{"taxonomy":"post_tag","embeddable":true,"href":"https:\/\/noticiasribeiraopreto.com.br\/index.php\/wp-json\/wp\/v2\/tags?post=75754"}],"curies":[{"name":"wp","href":"https:\/\/api.w.org\/{rel}","templated":true}]}}