{"id":75756,"date":"2025-08-14T18:37:26","date_gmt":"2025-08-14T21:37:26","guid":{"rendered":"https:\/\/noticiasribeiraopreto.com.br\/index.php\/2025\/08\/14\/cidade-na-regiao-de-ribeirao-preto-podera-ter-dia-do-influenciador-digital\/"},"modified":"2025-08-14T18:37:26","modified_gmt":"2025-08-14T21:37:26","slug":"cidade-na-regiao-de-ribeirao-preto-podera-ter-dia-do-influenciador-digital","status":"publish","type":"post","link":"https:\/\/noticiasribeiraopreto.com.br\/index.php\/2025\/08\/14\/cidade-na-regiao-de-ribeirao-preto-podera-ter-dia-do-influenciador-digital\/","title":{"rendered":"Cidade na regi\u00e3o de Ribeir\u00e3o Preto poder\u00e1 ter &#8216;Dia do Influenciador Digital&#8217;"},"content":{"rendered":"<div class='code-block code-block-1' style='margin: 8px 0 8px auto; text-align: right; display: block; clear: both;'>\n<p><a href=\"https:\/\/wa.link\/vpicfd\"><img data-recalc-dims=\"1\" class=\"wp-image-4922\" style=\"aspect-ratio: 2.0253164556962027; width: 561px; height: auto;\" src=\"https:\/\/i0.wp.com\/ismaelcolosi.com.br\/wp-content\/uploads\/2023\/11\/grupo-de-empregos-whatsapp-e-facebook-ismael-colosi-vagas.jpg?ssl=1\" alt=\"\" \/><\/a><\/p>\n<!-- \/wp:image -->\n<\/div>\n<p> <br \/>\n<\/p>\n<div>\n<p>A <a href=\"https:\/\/www.camarasertaozinho.sp.gov.br\/\" data-type=\"link\" data-id=\"https:\/\/www.camarasertaozinho.sp.gov.br\/\" target=\"_blank\" rel=\"noreferrer noopener\"><strong>C\u00e2mara de Sert\u00e3ozinho<\/strong><\/a>, cidade na <strong>regi\u00e3o de Ribeir\u00e3o Preto<\/strong>, aprovou na \u00faltima ter\u00e7a-feira (12), um projeto de lei que cria o \u201c<strong>Dia Municipal do Influenciador Digital<\/strong>\u201d.<\/p>\n<p>A proposta, de autoria do <strong>vereador Ac\u00e1cio Augusto Tobias Vieira (PSB)<\/strong>, estabelece o dia <strong>8 de agosto<\/strong> como data oficial a ser comemorada anualmente. O projeto foi aprovado com 15 votos favor\u00e1veis na primeira vota\u00e7\u00e3o e 16 na segunda.<\/p>\n<p>O texto segue para a san\u00e7\u00e3o do <strong>prefeito Zezinho Gimenez (MDB)<\/strong>, que poder\u00e1 aprovar ou vetar o <strong><a href=\"https:\/\/www.camarasertaozinho.sp.gov.br\/proposicoes\/pesquisa\/0\/1\/0\/116901\" target=\"_blank\" data-type=\"link\" data-id=\"https:\/\/www.camarasertaozinho.sp.gov.br\/proposicoes\/pesquisa\/0\/1\/0\/116901\" rel=\"noreferrer noopener\">Projeto de Lei n\u00ba 0051\/2025<\/a><\/strong>. Caso sancionado, a data passar\u00e1 a integrar o calend\u00e1rio oficial de eventos do munic\u00edpio.<\/p>\n<h2 class=\"wp-block-heading\"><strong>Justificativa<\/strong><\/h2>\n<p>Na justificativa, o autor do projeto destacou que os influenciadores digitais s\u00e3o pessoas que se expressam por meio das redes sociais, gerando conte\u00fado capaz de impactar pessoas e comunidades.<\/p>\n<p>Segundo ele, os influenciadores <strong>criam uma rela\u00e7\u00e3o de confian\u00e7a<\/strong> com seus seguidores e, com isso, <mark style=\"background-color:#fcb900\" class=\"has-inline-color\">s\u00e3o capazes de moldar comportamentos e influenciar mentalidades em diversos temas<\/mark>.<\/p>\n<figure class=\"wp-block-pullquote\">\n<blockquote>\n<p>Acabam sendo pe\u00e7as fundamentais e de extrema import\u00e2ncia nos planos de marketing e impulsionam a economia com divulga\u00e7\u00e3o de novos produtos e at\u00e9 mesmo alavancando o com\u00e9rcio e o turismo local<\/p>\n<\/blockquote>\n<\/figure>\n<p>Dados da <strong>Nielsen Media Research<\/strong>, apresentados pelo vereador, indicam que o Brasil possui cerca de <strong>500 mil influenciadores com mais de 10 mil seguidores<\/strong>. A pesquisa tamb\u00e9m revelou que o pa\u00eds \u00e9 o segundo que mais segue influenciadores no mundo.<\/p>\n<p>\u201cEsses dados mostram a import\u00e2ncia desses Influenciadores, uma turma destemida que determina o que milh\u00f5es de pessoas v\u00e3o consumir, influenciando, tamb\u00e9m, as suas vis\u00f5es de mundo, futuro e at\u00e9 pol\u00edticas\u201d, concluiu o vereador em sua justificativa.<\/p>\n<hr class=\"wp-block-separator has-alpha-channel-opacity\"\/>\n<p>SAIBA MAIS<\/p>\n<p>Reforma administrativa de Ribeir\u00e3o prev\u00ea novas secretarias e corte de 98 cargos<\/p>\n<h2 class=\"wp-block-heading\"><strong>FIQUE ON<\/strong><\/h2>\n<p>Fique ligado em tudo que acontece em Ribeir\u00e3o Preto e regi\u00e3o. Siga os perfis do\u00a0<strong>acidade on\u00a0<\/strong>no\u00a0<a href=\"https:\/\/www.instagram.com\/acidadeonribeirao\" target=\"_blank\" rel=\"noreferrer noopener\">Instagram\u00a0<\/a>e no\u00a0<a href=\"https:\/\/www.facebook.com\/acidadeonribeirao\/\" target=\"_blank\" rel=\"noreferrer noopener\">Facebook<\/a>.<\/p>\n<p>Receba not\u00edcias do<strong>\u00a0acidade on<\/strong>\u00a0no WhatsApp.\u00a0<a href=\"https:\/\/chat.whatsapp.com\/I4nieTEMKlf50pJ28aMemC?mode=ac_t\" target=\"_blank\" rel=\"noreferrer noopener\">Para entrar no grupo, basta clicar aqui.<\/a><\/p>\n<p>Fa\u00e7a uma den\u00fancia ou sugira uma reportagem sobre Ribeir\u00e3o Preto e regi\u00e3o pelo WhatsApp: 16 99117 7802.<\/p>\n<p>VEJA TAMB\u00c9M<\/p>\n<p>Quem \u00e9 Karol G, que far\u00e1 show do intervalo na NFL SP?<\/p>\n<p><!-- AI CONTENT END 1 -->\n<\/div>\n<p><script async src=\"\/\/www.instagram.com\/embed.js\"><\/script><br \/>\n<br \/><br \/>\n<br \/><a href=\"https:\/\/www.acidadeon.com\/ribeiraopreto\/politica\/cidade-na-regiao-de-ribeirao-preto-podera-ter-dia-do-influenciador-digital\/\">Source link <\/a><\/p>\n<!-- CONTENT END 1 -->\n","protected":false},"excerpt":{"rendered":"<p>A C\u00e2mara de Sert\u00e3ozinho, cidade na regi\u00e3o de Ribeir\u00e3o Preto, aprovou na \u00faltima ter\u00e7a-feira (12), um projeto de lei que cria o \u201cDia Municipal do&#8230;<\/p>\n","protected":false},"author":1,"featured_media":75757,"comment_status":"open","ping_status":"open","sticky":false,"template":"","format":"standard","meta":{"advanced_seo_description":"","jetpack_seo_html_title":"","jetpack_seo_noindex":false,"jetpack_post_was_ever_published":false,"_jetpack_newsletter_access":"","_jetpack_dont_email_post_to_subs":false,"_jetpack_newsletter_tier_id":0,"_jetpack_memberships_contains_paywalled_content":false,"_jetpack_memberships_contains_paid_content":false,"footnotes":"","jetpack_publicize_message":"","jetpack_publicize_feature_enabled":true,"jetpack_social_post_already_shared":true,"jetpack_social_options":{"image_generator_settings":{"template":"highway","default_image_id":0,"font":"","enabled":false},"version":2}},"categories":[11],"tags":[],"class_list":["post-75756","post","type-post","status-publish","format-standard","has-post-thumbnail","hentry","category-noticias-de-ribeirao-preto-sp-e-regiao-ismael-colosi"],"jetpack_publicize_connections":[],"jetpack_featured_media_url":"https:\/\/i0.wp.com\/noticiasribeiraopreto.com.br\/wp-content\/uploads\/2025\/08\/Copia-de-Copia-de-Copia-de-TAMANHO-EXATO-PARA-FOTOS-NO-SISTEMA-NOVO-2025-08-14T150754.340_2025-08-14_18-08-10.webp.webp?fit=1200%2C675&ssl=1","jetpack-related-posts":[{"id":67806,"url":"https:\/\/noticiasribeiraopreto.com.br\/index.php\/2025\/04\/18\/lei-obriga-nivelamento-de-tampoes-nas-ruas-e-avenidas-de-ribeirao-preto-entenda\/","url_meta":{"origin":75756,"position":0},"title":"Lei obriga nivelamento de tamp\u00f5es nas ruas e avenidas de Ribeir\u00e3o Preto; Entenda","author":"noticiasribeiraopreto.com.br","date":"18 de April de 2025","format":false,"excerpt":"O prefeito de Ribeir\u00e3o Preto, Ricardo Silva (PSD), promulgou na \u00faltima quinta-feira (17) a lei 15.056\/2025 que obriga o nivelamento de tamp\u00f5es, caixas de inspe\u00e7\u00e3o e tampas met\u00e1licas nas ruas e avenidas da cidade. Conforme o projeto, de autoria do vereador Danilo Scochi (MDB), o nivelamento ser\u00e1 realizado pelos respons\u00e1veis\u2026","rel":"","context":"In &quot;Not\u00edcias de Ribeir\u00e3o Preto-SP e Regi\u00e3o&quot;","block_context":{"text":"Not\u00edcias de Ribeir\u00e3o Preto-SP e Regi\u00e3o","link":"https:\/\/noticiasribeiraopreto.com.br\/index.php\/category\/noticias-de-ribeirao-preto-sp-e-regiao-ismael-colosi\/"},"img":{"alt_text":"","src":"https:\/\/i0.wp.com\/noticiasribeiraopreto.com.br\/wp-content\/uploads\/2025\/01\/avenida-saudade_2025-01-01_16-37-23_jpg_2025-01-01_16-37-23.webp.webp?fit=1200%2C900&ssl=1&resize=350%2C200","width":350,"height":200,"srcset":"https:\/\/i0.wp.com\/noticiasribeiraopreto.com.br\/wp-content\/uploads\/2025\/01\/avenida-saudade_2025-01-01_16-37-23_jpg_2025-01-01_16-37-23.webp.webp?fit=1200%2C900&ssl=1&resize=350%2C200 1x, https:\/\/i0.wp.com\/noticiasribeiraopreto.com.br\/wp-content\/uploads\/2025\/01\/avenida-saudade_2025-01-01_16-37-23_jpg_2025-01-01_16-37-23.webp.webp?fit=1200%2C900&ssl=1&resize=525%2C300 1.5x, https:\/\/i0.wp.com\/noticiasribeiraopreto.com.br\/wp-content\/uploads\/2025\/01\/avenida-saudade_2025-01-01_16-37-23_jpg_2025-01-01_16-37-23.webp.webp?fit=1200%2C900&ssl=1&resize=700%2C400 2x, https:\/\/i0.wp.com\/noticiasribeiraopreto.com.br\/wp-content\/uploads\/2025\/01\/avenida-saudade_2025-01-01_16-37-23_jpg_2025-01-01_16-37-23.webp.webp?fit=1200%2C900&ssl=1&resize=1050%2C600 3x"},"classes":[]},{"id":74313,"url":"https:\/\/noticiasribeiraopreto.com.br\/index.php\/2025\/07\/20\/uber-de-ribeirao-preto-projeto-propoe-novo-aplicativo-de-transporte\/","url_meta":{"origin":75756,"position":1},"title":"\u2018Uber&#8217; de Ribeir\u00e3o Preto? Projeto prop\u00f5e novo aplicativo de transporte","author":"noticiasribeiraopreto.com.br","date":"20 de July de 2025","format":false,"excerpt":"Deu entrada na C\u00e2mara Municipal de Ribeir\u00e3o Preto um projeto de lei que cria um aplicativo de transporte individual da cidade. Segundo o projeto, do vereador Lincoln Fernandes (PL), o RPWay, como foi chamado, seria operado pela RP Mobi. A proposta afirma que a plataforma tem o objetivo de oferecer\u2026","rel":"","context":"In &quot;Not\u00edcias de Ribeir\u00e3o Preto-SP e Regi\u00e3o&quot;","block_context":{"text":"Not\u00edcias de Ribeir\u00e3o Preto-SP e Regi\u00e3o","link":"https:\/\/noticiasribeiraopreto.com.br\/index.php\/category\/noticias-de-ribeirao-preto-sp-e-regiao-ismael-colosi\/"},"img":{"alt_text":"","src":"https:\/\/i0.wp.com\/noticiasribeiraopreto.com.br\/wp-content\/uploads\/2025\/07\/aplicativo-transporte_2025-07-18_20-21-20.webp.webp?fit=1200%2C800&ssl=1&resize=350%2C200","width":350,"height":200,"srcset":"https:\/\/i0.wp.com\/noticiasribeiraopreto.com.br\/wp-content\/uploads\/2025\/07\/aplicativo-transporte_2025-07-18_20-21-20.webp.webp?fit=1200%2C800&ssl=1&resize=350%2C200 1x, https:\/\/i0.wp.com\/noticiasribeiraopreto.com.br\/wp-content\/uploads\/2025\/07\/aplicativo-transporte_2025-07-18_20-21-20.webp.webp?fit=1200%2C800&ssl=1&resize=525%2C300 1.5x, https:\/\/i0.wp.com\/noticiasribeiraopreto.com.br\/wp-content\/uploads\/2025\/07\/aplicativo-transporte_2025-07-18_20-21-20.webp.webp?fit=1200%2C800&ssl=1&resize=700%2C400 2x, https:\/\/i0.wp.com\/noticiasribeiraopreto.com.br\/wp-content\/uploads\/2025\/07\/aplicativo-transporte_2025-07-18_20-21-20.webp.webp?fit=1200%2C800&ssl=1&resize=1050%2C600 3x"},"classes":[]},{"id":3597,"url":"https:\/\/noticiasribeiraopreto.com.br\/index.php\/2023\/11\/19\/pegar-rabeira-em-ribeirao-preto-pode-gerar-multa-de-quase-r-700\/","url_meta":{"origin":75756,"position":2},"title":"Pegar rabeira em Ribeir\u00e3o Preto pode gerar multa de quase R$ 700","author":"noticiasribeiraopreto.com.br","date":"19 de November de 2023","format":false,"excerpt":"Deu entrada na C\u00e2mara Municipal de Ribeir\u00e3o Preto um projeto de lei que pro\u00edbe pegar rabeira em ve\u00edculos. A multa para quem desobedecer a norma, caso aprovada pelo Legislativo, poder\u00e1 chegar a R$ 685,20. Segundo autor do projeto, o vereador Paulo Modas (Uni\u00e3o), a proposta tem o objetivo de prevenir\u2026","rel":"","context":"In &quot;Not\u00edcias de Ribeir\u00e3o Preto-SP e Regi\u00e3o&quot;","block_context":{"text":"Not\u00edcias de Ribeir\u00e3o Preto-SP e Regi\u00e3o","link":"https:\/\/noticiasribeiraopreto.com.br\/index.php\/category\/noticias-de-ribeirao-preto-sp-e-regiao-ismael-colosi\/"},"img":{"alt_text":"","src":"https:\/\/i0.wp.com\/noticiasribeiraopreto.com.br\/wp-content\/uploads\/2023\/11\/1700397846_Rabeira.png?fit=1200%2C623&ssl=1&resize=350%2C200","width":350,"height":200,"srcset":"https:\/\/i0.wp.com\/noticiasribeiraopreto.com.br\/wp-content\/uploads\/2023\/11\/1700397846_Rabeira.png?fit=1200%2C623&ssl=1&resize=350%2C200 1x, https:\/\/i0.wp.com\/noticiasribeiraopreto.com.br\/wp-content\/uploads\/2023\/11\/1700397846_Rabeira.png?fit=1200%2C623&ssl=1&resize=525%2C300 1.5x, https:\/\/i0.wp.com\/noticiasribeiraopreto.com.br\/wp-content\/uploads\/2023\/11\/1700397846_Rabeira.png?fit=1200%2C623&ssl=1&resize=700%2C400 2x, https:\/\/i0.wp.com\/noticiasribeiraopreto.com.br\/wp-content\/uploads\/2023\/11\/1700397846_Rabeira.png?fit=1200%2C623&ssl=1&resize=1050%2C600 3x"},"classes":[]},{"id":6649,"url":"https:\/\/noticiasribeiraopreto.com.br\/index.php\/2023\/11\/26\/projeto-propoe-trocar-reciclaveis-por-frutas-e-verduras\/","url_meta":{"origin":75756,"position":3},"title":"Projeto prop\u00f5e trocar recicl\u00e1veis por frutas e verduras\u00a0 \u00a0","author":"noticiasribeiraopreto.com.br","date":"26 de November de 2023","format":false,"excerpt":"26 de novembro de 2023 | 13:0026 de novembro de 2023 | 10:05 0Um projeto de lei em an\u00e1lise na C\u00e2mara de Vereadores de Ribeir\u00e3o Preto prop\u00f5e a cria\u00e7\u00e3o na cidade da chamada \u201cMoeda Verde\u201d. A proposta estabelece que o lixo recicl\u00e1vel recolhido pela popula\u00e7\u00e3o poder\u00e1 ser trocado por frutas,\u2026","rel":"","context":"In &quot;Not\u00edcias de Ribeir\u00e3o Preto-SP e Regi\u00e3o&quot;","block_context":{"text":"Not\u00edcias de Ribeir\u00e3o Preto-SP e Regi\u00e3o","link":"https:\/\/noticiasribeiraopreto.com.br\/index.php\/category\/noticias-de-ribeirao-preto-sp-e-regiao-ismael-colosi\/"},"img":{"alt_text":"","src":"https:\/\/i0.wp.com\/noticiasribeiraopreto.com.br\/wp-content\/uploads\/2023\/11\/igor-moeda-verde-scaled.jpg?fit=1200%2C800&ssl=1&resize=350%2C200","width":350,"height":200,"srcset":"https:\/\/i0.wp.com\/noticiasribeiraopreto.com.br\/wp-content\/uploads\/2023\/11\/igor-moeda-verde-scaled.jpg?fit=1200%2C800&ssl=1&resize=350%2C200 1x, https:\/\/i0.wp.com\/noticiasribeiraopreto.com.br\/wp-content\/uploads\/2023\/11\/igor-moeda-verde-scaled.jpg?fit=1200%2C800&ssl=1&resize=525%2C300 1.5x, https:\/\/i0.wp.com\/noticiasribeiraopreto.com.br\/wp-content\/uploads\/2023\/11\/igor-moeda-verde-scaled.jpg?fit=1200%2C800&ssl=1&resize=700%2C400 2x, https:\/\/i0.wp.com\/noticiasribeiraopreto.com.br\/wp-content\/uploads\/2023\/11\/igor-moeda-verde-scaled.jpg?fit=1200%2C800&ssl=1&resize=1050%2C600 3x"},"classes":[]},{"id":910,"url":"https:\/\/noticiasribeiraopreto.com.br\/index.php\/2023\/11\/09\/vereadora-quer-dia-do-ze-pelintra-em-ribeirao-preto-entenda\/","url_meta":{"origin":75756,"position":4},"title":"Vereadora quer Dia do Z\u00e9 Pelintra em Ribeir\u00e3o Preto; Entenda","author":"noticiasribeiraopreto.com.br","date":"9 de November de 2023","format":false,"excerpt":"A vereadora Duda Hidalgo (PT) protocolou um projeto de lei que institui e inclui no calend\u00e1rio oficial de eventos de Ribeir\u00e3o Preto o Dia do Z\u00e9 Pelintra, cultuado por religi\u00f5es de matriz africana. Segundo a proposta, que deu entrada na C\u00e2mara Municipal na \u00faltima quarta-feira (8), o Dia do Z\u00e9\u2026","rel":"","context":"In &quot;Not\u00edcias de Ribeir\u00e3o Preto-SP e Regi\u00e3o&quot;","block_context":{"text":"Not\u00edcias de Ribeir\u00e3o Preto-SP e Regi\u00e3o","link":"https:\/\/noticiasribeiraopreto.com.br\/index.php\/category\/noticias-de-ribeirao-preto-sp-e-regiao-ismael-colosi\/"},"img":{"alt_text":"","src":"https:\/\/i0.wp.com\/noticiasribeiraopreto.com.br\/wp-content\/uploads\/2023\/11\/ze-pelintra-scaled.jpg?fit=1200%2C800&ssl=1&resize=350%2C200","width":350,"height":200,"srcset":"https:\/\/i0.wp.com\/noticiasribeiraopreto.com.br\/wp-content\/uploads\/2023\/11\/ze-pelintra-scaled.jpg?fit=1200%2C800&ssl=1&resize=350%2C200 1x, https:\/\/i0.wp.com\/noticiasribeiraopreto.com.br\/wp-content\/uploads\/2023\/11\/ze-pelintra-scaled.jpg?fit=1200%2C800&ssl=1&resize=525%2C300 1.5x, https:\/\/i0.wp.com\/noticiasribeiraopreto.com.br\/wp-content\/uploads\/2023\/11\/ze-pelintra-scaled.jpg?fit=1200%2C800&ssl=1&resize=700%2C400 2x, https:\/\/i0.wp.com\/noticiasribeiraopreto.com.br\/wp-content\/uploads\/2023\/11\/ze-pelintra-scaled.jpg?fit=1200%2C800&ssl=1&resize=1050%2C600 3x"},"classes":[]},{"id":70597,"url":"https:\/\/noticiasribeiraopreto.com.br\/index.php\/2025\/05\/28\/legislativo-aprova-projeto-das-rabeiras-tribuna-ribeirao\/","url_meta":{"origin":75756,"position":5},"title":"Legislativo aprova\u00a0projeto das rabeiras\u00a0 &#8211; Tribuna Ribeir\u00e3o","author":"noticiasribeiraopreto.com.br","date":"28 de May de 2025","format":false,"excerpt":"28 de maio de 2025 08:3027 de maio de 2025 19:5212 Compartilhar0 A\u00a0 C\u00e2mara de Ribeir\u00e3o Preto aprovou novo projeto de lei que pro\u00edbe pegar rabeira na cidade. De autoria do vereador Daniel do Bus\u00e3o (PL), a nova proposta foi apresentada no dia 21 de maio, dois dias ap\u00f3s o\u2026","rel":"","context":"In &quot;Not\u00edcias de Ribeir\u00e3o Preto-SP e Regi\u00e3o&quot;","block_context":{"text":"Not\u00edcias de Ribeir\u00e3o Preto-SP e Regi\u00e3o","link":"https:\/\/noticiasribeiraopreto.com.br\/index.php\/category\/noticias-de-ribeirao-preto-sp-e-regiao-ismael-colosi\/"},"img":{"alt_text":"","src":"https:\/\/i0.wp.com\/noticiasribeiraopreto.com.br\/wp-content\/uploads\/2025\/05\/Rabeira-Alfredo-Risk.jpg?fit=1200%2C800&ssl=1&resize=350%2C200","width":350,"height":200,"srcset":"https:\/\/i0.wp.com\/noticiasribeiraopreto.com.br\/wp-content\/uploads\/2025\/05\/Rabeira-Alfredo-Risk.jpg?fit=1200%2C800&ssl=1&resize=350%2C200 1x, https:\/\/i0.wp.com\/noticiasribeiraopreto.com.br\/wp-content\/uploads\/2025\/05\/Rabeira-Alfredo-Risk.jpg?fit=1200%2C800&ssl=1&resize=525%2C300 1.5x, https:\/\/i0.wp.com\/noticiasribeiraopreto.com.br\/wp-content\/uploads\/2025\/05\/Rabeira-Alfredo-Risk.jpg?fit=1200%2C800&ssl=1&resize=700%2C400 2x, https:\/\/i0.wp.com\/noticiasribeiraopreto.com.br\/wp-content\/uploads\/2025\/05\/Rabeira-Alfredo-Risk.jpg?fit=1200%2C800&ssl=1&resize=1050%2C600 3x"},"classes":[]}],"jetpack_sharing_enabled":true,"jetpack_shortlink":"https:\/\/wp.me\/peQAOb-jHS","_links":{"self":[{"href":"https:\/\/noticiasribeiraopreto.com.br\/index.php\/wp-json\/wp\/v2\/posts\/75756","targetHints":{"allow":["GET"]}}],"collection":[{"href":"https:\/\/noticiasribeiraopreto.com.br\/index.php\/wp-json\/wp\/v2\/posts"}],"about":[{"href":"https:\/\/noticiasribeiraopreto.com.br\/index.php\/wp-json\/wp\/v2\/types\/post"}],"author":[{"embeddable":true,"href":"https:\/\/noticiasribeiraopreto.com.br\/index.php\/wp-json\/wp\/v2\/users\/1"}],"replies":[{"embeddable":true,"href":"https:\/\/noticiasribeiraopreto.com.br\/index.php\/wp-json\/wp\/v2\/comments?post=75756"}],"version-history":[{"count":0,"href":"https:\/\/noticiasribeiraopreto.com.br\/index.php\/wp-json\/wp\/v2\/posts\/75756\/revisions"}],"wp:featuredmedia":[{"embeddable":true,"href":"https:\/\/noticiasribeiraopreto.com.br\/index.php\/wp-json\/wp\/v2\/media\/75757"}],"wp:attachment":[{"href":"https:\/\/noticiasribeiraopreto.com.br\/index.php\/wp-json\/wp\/v2\/media?parent=75756"}],"wp:term":[{"taxonomy":"category","embeddable":true,"href":"https:\/\/noticiasribeiraopreto.com.br\/index.php\/wp-json\/wp\/v2\/categories?post=75756"},{"taxonomy":"post_tag","embeddable":true,"href":"https:\/\/noticiasribeiraopreto.com.br\/index.php\/wp-json\/wp\/v2\/tags?post=75756"}],"curies":[{"name":"wp","href":"https:\/\/api.w.org\/{rel}","templated":true}]}}