{"id":75758,"date":"2025-08-14T18:43:48","date_gmt":"2025-08-14T21:43:48","guid":{"rendered":"https:\/\/noticiasribeiraopreto.com.br\/index.php\/2025\/08\/14\/carro-voador-fabricado-em-sp-recebe-aporte-de-r-405-milhoes\/"},"modified":"2025-08-14T18:43:48","modified_gmt":"2025-08-14T21:43:48","slug":"carro-voador-fabricado-em-sp-recebe-aporte-de-r-405-milhoes","status":"publish","type":"post","link":"https:\/\/noticiasribeiraopreto.com.br\/index.php\/2025\/08\/14\/carro-voador-fabricado-em-sp-recebe-aporte-de-r-405-milhoes\/","title":{"rendered":"Carro voador fabricado em SP recebe aporte de R$ 405 milh\u00f5es"},"content":{"rendered":"<div class='code-block code-block-1' style='margin: 8px 0 8px auto; text-align: right; display: block; clear: both;'>\n<p><a href=\"https:\/\/wa.link\/vpicfd\"><img data-recalc-dims=\"1\" class=\"wp-image-4922\" style=\"aspect-ratio: 2.0253164556962027; width: 561px; height: auto;\" src=\"https:\/\/i0.wp.com\/ismaelcolosi.com.br\/wp-content\/uploads\/2023\/11\/grupo-de-empregos-whatsapp-e-facebook-ismael-colosi-vagas.jpg?ssl=1\" alt=\"\" \/><\/a><\/p>\n<!-- \/wp:image -->\n<\/div>\n<p> <br \/>\n<\/p>\n<div>\n<p>A <strong>BNDESPAR<\/strong>, subsidi\u00e1ria do <strong>BNDES (Banco Nacional de Desenvolvimento Econ\u00f4mico e Social)<\/strong>, anunciou nesta quinta-feira (14) o <mark style=\"background-color:#fcb900\" class=\"has-inline-color has-black-color\">aporte de US$ 74,9 milh\u00f5es, equivalente a R$ 405,3 milh\u00f5es<\/mark>, na Eve Air Mobility, empresa da Embraer que est\u00e1 desenvolvendo um modelo de <strong>eVTOL<\/strong> (<strong>carro voador<\/strong>), que ser\u00e1 fabricado em Taubat\u00e9, no interior de S\u00e3o Paulo.<\/p>\n<p>O investimento ser\u00e1 realizado por meio da subscri\u00e7\u00e3o de BDRs (Brazilian depositary receipts), certificados emitidos no Brasil, lastreados em a\u00e7\u00f5es ordin\u00e1rias emitidas pela Eve nos Estados Unidos, em uma oferta privada liderada pelo banco. A Eve planeja disponibilizar a negocia\u00e7\u00e3o de BDRs na [B]3 para investidores locais, ap\u00f3s a conclus\u00e3o da oferta privada. As BDRs ter\u00e3o liquidez di\u00e1ria assegurada por um market maker.<\/p>\n<p>\u201c<mark style=\"background-color:#fcb900\" class=\"has-inline-color has-black-color\">O primeiro voo do eVTOL acontecer\u00e1 120 anos ap\u00f3s o voo do 14-Bis<\/mark>, feito hist\u00f3rico de Santos Dumont e legado para o mundo\u201d, afirma o presidente do BNDES, Aloizio Mercadante. Os 120 anos do 14-Bis ser\u00e1 comemorado em 2026.<\/p>\n<h2 class=\"wp-block-heading\"><strong>Como funciona o eVTOL?<\/strong><\/h2>\n<p>A Eve incorpora tecnologias como propuls\u00e3o el\u00e9trica, sistemas aut\u00f4nomos e conectividade no desenvolvimento do seu eVTOL, promovendo a inova\u00e7\u00e3o e transforma\u00e7\u00e3o digital. Em paralelo \u00e0s atividades de prototipagem, a Eve desenvolve software propriet\u00e1rio de gest\u00e3o de tr\u00e1fego a\u00e9reo urbano, otimizando o suporte aos usu\u00e1rios do ecossistema de mobilidade a\u00e9rea urbana.<\/p>\n<p>O eVTOL desenvolvido pela Eve acomoda cinco pessoas (quatro passageiros e um piloto) com 100 km de autonomia, que permite cobrir trajetos urbanos, como conex\u00f5es entre centros comerciais, bairros residenciais e hubs de transporte.<\/p>\n<p>A Eve planeja constru\u00e7\u00e3o da unidade fabril em Taubat\u00e9 para produ\u00e7\u00e3o comercial de eVTOLs a partir da obten\u00e7\u00e3o da Certifica\u00e7\u00e3o de Tipo exigida pela Anac (Ag\u00eancia Nacional de Avia\u00e7\u00e3o Civil).<\/p>\n<p>SAIBA MAIS<br \/>C\u00e2mara Municipal aprova projeto que concede \u00e1rea da Recra ao Sesc Ribeir\u00e3o<\/p>\n<h2 class=\"wp-block-heading\"><strong>FIQUE ON<\/strong><\/h2>\n<p>Fique ligado em tudo que acontece em Ribeir\u00e3o Preto e regi\u00e3o. Siga os perfis do\u00a0<strong>acidade on\u00a0<\/strong>no\u00a0<a href=\"https:\/\/www.instagram.com\/acidadeonribeirao\" target=\"_blank\" rel=\"noreferrer noopener\">Instagram\u00a0<\/a>e no\u00a0<a href=\"https:\/\/www.facebook.com\/acidadeonribeirao\/\" target=\"_blank\" rel=\"noreferrer noopener\">Facebook<\/a>.<\/p>\n<p>Receba not\u00edcias do<strong>\u00a0acidade on<\/strong>\u00a0no WhatsApp. <a href=\"https:\/\/chat.whatsapp.com\/I4nieTEMKlf50pJ28aMemC?mode=ac_t\" data-type=\"link\" data-id=\"https:\/\/chat.whatsapp.com\/I4nieTEMKlf50pJ28aMemC?mode=ac_t\" target=\"_blank\" rel=\"noopener\">Para entrar no grupo, basta clicar aqui.<\/a><\/p>\n<p>Fa\u00e7a uma den\u00fancia ou sugira uma reportagem sobre Ribeir\u00e3o Preto e regi\u00e3o pelo WhatsApp: 16 99117 7802.<\/p>\n<p>VEJA TAMB\u00c9M<br \/>Em quais cidades a Azul encerrou as atividades?<\/p>\n<p><!-- AI CONTENT END 1 -->\n<\/div>\n<p><script async src=\"\/\/www.instagram.com\/embed.js\"><\/script><br \/>\n<br \/><br \/>\n<br \/><a href=\"https:\/\/www.acidadeon.com\/ribeiraopreto\/economia\/carro-voador-fabricado-em-sp-recebe-aporte-de-r-405-milhoes\/\">Source link <\/a><\/p>\n<!-- CONTENT END 1 -->\n","protected":false},"excerpt":{"rendered":"<p>A BNDESPAR, subsidi\u00e1ria do BNDES (Banco Nacional de Desenvolvimento Econ\u00f4mico e Social), anunciou nesta quinta-feira (14) o aporte de US$ 74,9 milh\u00f5es, equivalente a R$&#8230;<\/p>\n","protected":false},"author":1,"featured_media":75759,"comment_status":"open","ping_status":"open","sticky":false,"template":"","format":"standard","meta":{"advanced_seo_description":"","jetpack_seo_html_title":"","jetpack_seo_noindex":false,"jetpack_post_was_ever_published":false,"_jetpack_newsletter_access":"","_jetpack_dont_email_post_to_subs":false,"_jetpack_newsletter_tier_id":0,"_jetpack_memberships_contains_paywalled_content":false,"_jetpack_memberships_contains_paid_content":false,"footnotes":"","jetpack_publicize_message":"","jetpack_publicize_feature_enabled":true,"jetpack_social_post_already_shared":true,"jetpack_social_options":{"image_generator_settings":{"template":"highway","default_image_id":0,"font":"","enabled":false},"version":2}},"categories":[11],"tags":[],"class_list":["post-75758","post","type-post","status-publish","format-standard","has-post-thumbnail","hentry","category-noticias-de-ribeirao-preto-sp-e-regiao-ismael-colosi"],"jetpack_publicize_connections":[],"jetpack_featured_media_url":"https:\/\/i0.wp.com\/noticiasribeiraopreto.com.br\/wp-content\/uploads\/2025\/08\/carro-voador_2025-08-14_17-57-26.webp.webp?fit=1199%2C667&ssl=1","jetpack-related-posts":[{"id":81000,"url":"https:\/\/noticiasribeiraopreto.com.br\/index.php\/2025\/12\/20\/prototipo-do-carro-voador-realiza-1o-voo-em-cidade-a-120-quilometros-de-ribeirao-preto\/","url_meta":{"origin":75758,"position":0},"title":"Prot\u00f3tipo do carro voador realiza 1\u00ba voo em cidade a 120 quil\u00f4metros de Ribeir\u00e3o Preto","author":"noticiasribeiraopreto.com.br","date":"20 de December de 2025","format":false,"excerpt":"O prot\u00f3tipo do carro voador realizou nesta sexta-feira (19) o 1\u00ba voo em Gavi\u00e3o Peixoto, cidade a 120 quil\u00f4metros de Ribeir\u00e3o Preto. O eVTOL, como o carro voador \u00e9 chamado, \u00e9 desenvolvido pela Eve Air Mobility (Eve), empresa subsidi\u00e1ria da Embraer, e foi fabricado em Taubat\u00e9, no interior de S\u00e3o\u2026","rel":"","context":"In &quot;Not\u00edcias de Ribeir\u00e3o Preto-SP e Regi\u00e3o&quot;","block_context":{"text":"Not\u00edcias de Ribeir\u00e3o Preto-SP e Regi\u00e3o","link":"https:\/\/noticiasribeiraopreto.com.br\/index.php\/category\/noticias-de-ribeirao-preto-sp-e-regiao-ismael-colosi\/"},"img":{"alt_text":"","src":"https:\/\/i0.wp.com\/noticiasribeiraopreto.com.br\/wp-content\/uploads\/2025\/12\/carro-voador_2025-12-19_17-33-40.webp.webp?fit=1200%2C675&ssl=1&resize=350%2C200","width":350,"height":200,"srcset":"https:\/\/i0.wp.com\/noticiasribeiraopreto.com.br\/wp-content\/uploads\/2025\/12\/carro-voador_2025-12-19_17-33-40.webp.webp?fit=1200%2C675&ssl=1&resize=350%2C200 1x, https:\/\/i0.wp.com\/noticiasribeiraopreto.com.br\/wp-content\/uploads\/2025\/12\/carro-voador_2025-12-19_17-33-40.webp.webp?fit=1200%2C675&ssl=1&resize=525%2C300 1.5x, https:\/\/i0.wp.com\/noticiasribeiraopreto.com.br\/wp-content\/uploads\/2025\/12\/carro-voador_2025-12-19_17-33-40.webp.webp?fit=1200%2C675&ssl=1&resize=700%2C400 2x, https:\/\/i0.wp.com\/noticiasribeiraopreto.com.br\/wp-content\/uploads\/2025\/12\/carro-voador_2025-12-19_17-33-40.webp.webp?fit=1200%2C675&ssl=1&resize=1050%2C600 3x"},"classes":[]},{"id":59125,"url":"https:\/\/noticiasribeiraopreto.com.br\/index.php\/2024\/10\/15\/bndes-aprova-r-500-milhoes-para-fabricacao-de-carro-voador-no-interior-de-sp\/","url_meta":{"origin":75758,"position":1},"title":"BNDES aprova R$ 500 milh\u00f5es para fabrica\u00e7\u00e3o de carro voador no interior de SP","author":"noticiasribeiraopreto.com.br","date":"15 de October de 2024","format":false,"excerpt":"O BNDES aprovou financiamento no valor de R$ 500 milh\u00f5es para a Eve (Eve Air Mobility) desenvolver a unidade de produ\u00e7\u00e3o do eVTOL (carro voador). O ve\u00edculo ser\u00e1 produzido na f\u00e1brica da Embraer em Taubat\u00e9, no interior de S\u00e3o Paulo. O financiamento espera uma produ\u00e7\u00e3o de at\u00e9 480 aeronaves por\u2026","rel":"","context":"In &quot;Not\u00edcias de Ribeir\u00e3o Preto-SP e Regi\u00e3o&quot;","block_context":{"text":"Not\u00edcias de Ribeir\u00e3o Preto-SP e Regi\u00e3o","link":"https:\/\/noticiasribeiraopreto.com.br\/index.php\/category\/noticias-de-ribeirao-preto-sp-e-regiao-ismael-colosi\/"},"img":{"alt_text":"","src":"https:\/\/i0.wp.com\/noticiasribeiraopreto.com.br\/wp-content\/uploads\/2024\/10\/carro-voador-3_2024-07-23_12-41-20_jpg_2024-07-23_12-41-21.webp.webp?fit=1200%2C900&ssl=1&resize=350%2C200","width":350,"height":200,"srcset":"https:\/\/i0.wp.com\/noticiasribeiraopreto.com.br\/wp-content\/uploads\/2024\/10\/carro-voador-3_2024-07-23_12-41-20_jpg_2024-07-23_12-41-21.webp.webp?fit=1200%2C900&ssl=1&resize=350%2C200 1x, https:\/\/i0.wp.com\/noticiasribeiraopreto.com.br\/wp-content\/uploads\/2024\/10\/carro-voador-3_2024-07-23_12-41-20_jpg_2024-07-23_12-41-21.webp.webp?fit=1200%2C900&ssl=1&resize=525%2C300 1.5x, https:\/\/i0.wp.com\/noticiasribeiraopreto.com.br\/wp-content\/uploads\/2024\/10\/carro-voador-3_2024-07-23_12-41-20_jpg_2024-07-23_12-41-21.webp.webp?fit=1200%2C900&ssl=1&resize=700%2C400 2x, https:\/\/i0.wp.com\/noticiasribeiraopreto.com.br\/wp-content\/uploads\/2024\/10\/carro-voador-3_2024-07-23_12-41-20_jpg_2024-07-23_12-41-21.webp.webp?fit=1200%2C900&ssl=1&resize=1050%2C600 3x"},"classes":[]},{"id":82412,"url":"https:\/\/noticiasribeiraopreto.com.br\/index.php\/2026\/02\/13\/anac-quer-criar-categoria-de-piloto-especifica-para-carro-voador\/","url_meta":{"origin":75758,"position":2},"title":"Anac quer criar categoria de piloto espec\u00edfica para \u2018carro voador\u2019","author":"noticiasribeiraopreto.com.br","date":"13 de February de 2026","format":false,"excerpt":"A Anac (Ag\u00eancia Nacional de Avia\u00e7\u00e3o Civil), \u00f3rg\u00e3o regulador e fiscalizador do setor a\u00e9reo no pa\u00eds, estuda criar uma categoria espec\u00edfica para pilotos dos chamados \u201ccarros voadores\u201d. A ag\u00eancia federal abriu consulta p\u00fablica para coletar contribui\u00e7\u00f5es da sociedade civil sobre novos requisitos para pilotos das aeronaves el\u00e9tricas de decolagem e\u2026","rel":"","context":"In &quot;Not\u00edcias de Ribeir\u00e3o Preto-SP e Regi\u00e3o&quot;","block_context":{"text":"Not\u00edcias de Ribeir\u00e3o Preto-SP e Regi\u00e3o","link":"https:\/\/noticiasribeiraopreto.com.br\/index.php\/category\/noticias-de-ribeirao-preto-sp-e-regiao-ismael-colosi\/"},"img":{"alt_text":"","src":"https:\/\/i0.wp.com\/noticiasribeiraopreto.com.br\/wp-content\/uploads\/2025\/12\/carro-voador_2025-12-19_17-33-40.webp.webp?fit=1200%2C675&ssl=1&resize=350%2C200","width":350,"height":200,"srcset":"https:\/\/i0.wp.com\/noticiasribeiraopreto.com.br\/wp-content\/uploads\/2025\/12\/carro-voador_2025-12-19_17-33-40.webp.webp?fit=1200%2C675&ssl=1&resize=350%2C200 1x, https:\/\/i0.wp.com\/noticiasribeiraopreto.com.br\/wp-content\/uploads\/2025\/12\/carro-voador_2025-12-19_17-33-40.webp.webp?fit=1200%2C675&ssl=1&resize=525%2C300 1.5x, https:\/\/i0.wp.com\/noticiasribeiraopreto.com.br\/wp-content\/uploads\/2025\/12\/carro-voador_2025-12-19_17-33-40.webp.webp?fit=1200%2C675&ssl=1&resize=700%2C400 2x, https:\/\/i0.wp.com\/noticiasribeiraopreto.com.br\/wp-content\/uploads\/2025\/12\/carro-voador_2025-12-19_17-33-40.webp.webp?fit=1200%2C675&ssl=1&resize=1050%2C600 3x"},"classes":[]},{"id":29118,"url":"https:\/\/noticiasribeiraopreto.com.br\/index.php\/2024\/01\/17\/vale-a-pena-embarcar-nessa\/","url_meta":{"origin":75758,"position":3},"title":"vale a pena embarcar nessa?","author":"noticiasribeiraopreto.com.br","date":"17 de January de 2024","format":false,"excerpt":"O Inter (INBR32) anunciou na noite de ter\u00e7a-feira (16) uma oferta de a\u00e7\u00f5es que beira R$ 1 bilh\u00e3o. Os pap\u00e9is da fintech reagem mal \u00e0 opera\u00e7\u00e3o, recuando tanto na B3 como na Nasdaq \u2014 ser\u00e1 que vale a pena comprar o banco digital agora? Segundo o Goldman Sachs e o\u2026","rel":"","context":"In &quot;Dinheiro e Investimento&quot;","block_context":{"text":"Dinheiro e Investimento","link":"https:\/\/noticiasribeiraopreto.com.br\/index.php\/category\/dinheiro-e-investimento-como-fazer-como-ganhar\/"},"img":{"alt_text":"","src":"https:\/\/i0.wp.com\/noticiasribeiraopreto.com.br\/wp-content\/uploads\/2024\/01\/1705512584_Inter-divulgacao-715x402.jpg?fit=715%2C402&ssl=1&resize=350%2C200","width":350,"height":200,"srcset":"https:\/\/i0.wp.com\/noticiasribeiraopreto.com.br\/wp-content\/uploads\/2024\/01\/1705512584_Inter-divulgacao-715x402.jpg?fit=715%2C402&ssl=1&resize=350%2C200 1x, https:\/\/i0.wp.com\/noticiasribeiraopreto.com.br\/wp-content\/uploads\/2024\/01\/1705512584_Inter-divulgacao-715x402.jpg?fit=715%2C402&ssl=1&resize=525%2C300 1.5x, https:\/\/i0.wp.com\/noticiasribeiraopreto.com.br\/wp-content\/uploads\/2024\/01\/1705512584_Inter-divulgacao-715x402.jpg?fit=715%2C402&ssl=1&resize=700%2C400 2x"},"classes":[]},{"id":28858,"url":"https:\/\/noticiasribeiraopreto.com.br\/index.php\/2024\/01\/16\/inter-inbr32-anuncia-oferta-de-acoes-que-chega-a-quase-r-1-bilhao-confira-os-detalhes-da-operacao\/","url_meta":{"origin":75758,"position":4},"title":"Inter (INBR32) anuncia oferta de a\u00e7\u00f5es que chega a quase R$ 1 bilh\u00e3o; confira os detalhes da opera\u00e7\u00e3o","author":"noticiasribeiraopreto.com.br","date":"16 de January de 2024","format":false,"excerpt":"O Inter (INBR32) vai come\u00e7ar 2024 embolsando uma bolada. O banco digital anunciou nesta ter\u00e7a-feira (16) o in\u00edcio de uma oferta p\u00fablica subsequente de a\u00e7\u00f5es que pode render at\u00e9 quase R$ 1 bilh\u00e3o no c\u00e2mbio atual. A fintech explica que ser\u00e3o oferecidas at\u00e9 32.000.000 a\u00e7\u00f5es ordin\u00e1rias Classe A, com op\u00e7\u00e3o\u2026","rel":"","context":"In &quot;Dinheiro e Investimento&quot;","block_context":{"text":"Dinheiro e Investimento","link":"https:\/\/noticiasribeiraopreto.com.br\/index.php\/category\/dinheiro-e-investimento-como-fazer-como-ganhar\/"},"img":{"alt_text":"","src":"https:\/\/i0.wp.com\/noticiasribeiraopreto.com.br\/wp-content\/uploads\/2024\/01\/Inter-divulgacao-715x402.jpg?fit=715%2C402&ssl=1&resize=350%2C200","width":350,"height":200,"srcset":"https:\/\/i0.wp.com\/noticiasribeiraopreto.com.br\/wp-content\/uploads\/2024\/01\/Inter-divulgacao-715x402.jpg?fit=715%2C402&ssl=1&resize=350%2C200 1x, https:\/\/i0.wp.com\/noticiasribeiraopreto.com.br\/wp-content\/uploads\/2024\/01\/Inter-divulgacao-715x402.jpg?fit=715%2C402&ssl=1&resize=525%2C300 1.5x, https:\/\/i0.wp.com\/noticiasribeiraopreto.com.br\/wp-content\/uploads\/2024\/01\/Inter-divulgacao-715x402.jpg?fit=715%2C402&ssl=1&resize=700%2C400 2x"},"classes":[]},{"id":29487,"url":"https:\/\/noticiasribeiraopreto.com.br\/index.php\/2024\/01\/18\/oferta-surpresa-do-inter-inbr32-sai-com-desconto-acentuado-e-fica-longe-da-marca-de-r-1-bilhao\/","url_meta":{"origin":75758,"position":5},"title":"Oferta-surpresa do Inter (INBR32) sai com desconto acentuado e fica longe da marca de R$ 1 bilh\u00e3o","author":"noticiasribeiraopreto.com.br","date":"18 de January de 2024","format":false,"excerpt":"O Inter (INBR32) estabeleceu em US$ 4,40 o pre\u00e7o por a\u00e7\u00e3o na inesperada oferta p\u00fablica revelada pelo banco na noite de ter\u00e7a-feira (16). A institui\u00e7\u00e3o financeira vai oferecer 32 milh\u00f5es de novas a\u00e7\u00f5es ordin\u00e1rias Classe A. Se houver demanda, o banco digital pode colocar um lote adicional de 4,8 milh\u00f5es\u2026","rel":"","context":"In &quot;Dinheiro e Investimento&quot;","block_context":{"text":"Dinheiro e Investimento","link":"https:\/\/noticiasribeiraopreto.com.br\/index.php\/category\/dinheiro-e-investimento-como-fazer-como-ganhar\/"},"img":{"alt_text":"","src":"https:\/\/i0.wp.com\/noticiasribeiraopreto.com.br\/wp-content\/uploads\/2024\/01\/1705596456_Inter-divulgacao-715x402.jpg?fit=715%2C402&ssl=1&resize=350%2C200","width":350,"height":200,"srcset":"https:\/\/i0.wp.com\/noticiasribeiraopreto.com.br\/wp-content\/uploads\/2024\/01\/1705596456_Inter-divulgacao-715x402.jpg?fit=715%2C402&ssl=1&resize=350%2C200 1x, https:\/\/i0.wp.com\/noticiasribeiraopreto.com.br\/wp-content\/uploads\/2024\/01\/1705596456_Inter-divulgacao-715x402.jpg?fit=715%2C402&ssl=1&resize=525%2C300 1.5x, https:\/\/i0.wp.com\/noticiasribeiraopreto.com.br\/wp-content\/uploads\/2024\/01\/1705596456_Inter-divulgacao-715x402.jpg?fit=715%2C402&ssl=1&resize=700%2C400 2x"},"classes":[]}],"jetpack_sharing_enabled":true,"jetpack_shortlink":"https:\/\/wp.me\/peQAOb-jHU","_links":{"self":[{"href":"https:\/\/noticiasribeiraopreto.com.br\/index.php\/wp-json\/wp\/v2\/posts\/75758","targetHints":{"allow":["GET"]}}],"collection":[{"href":"https:\/\/noticiasribeiraopreto.com.br\/index.php\/wp-json\/wp\/v2\/posts"}],"about":[{"href":"https:\/\/noticiasribeiraopreto.com.br\/index.php\/wp-json\/wp\/v2\/types\/post"}],"author":[{"embeddable":true,"href":"https:\/\/noticiasribeiraopreto.com.br\/index.php\/wp-json\/wp\/v2\/users\/1"}],"replies":[{"embeddable":true,"href":"https:\/\/noticiasribeiraopreto.com.br\/index.php\/wp-json\/wp\/v2\/comments?post=75758"}],"version-history":[{"count":0,"href":"https:\/\/noticiasribeiraopreto.com.br\/index.php\/wp-json\/wp\/v2\/posts\/75758\/revisions"}],"wp:featuredmedia":[{"embeddable":true,"href":"https:\/\/noticiasribeiraopreto.com.br\/index.php\/wp-json\/wp\/v2\/media\/75759"}],"wp:attachment":[{"href":"https:\/\/noticiasribeiraopreto.com.br\/index.php\/wp-json\/wp\/v2\/media?parent=75758"}],"wp:term":[{"taxonomy":"category","embeddable":true,"href":"https:\/\/noticiasribeiraopreto.com.br\/index.php\/wp-json\/wp\/v2\/categories?post=75758"},{"taxonomy":"post_tag","embeddable":true,"href":"https:\/\/noticiasribeiraopreto.com.br\/index.php\/wp-json\/wp\/v2\/tags?post=75758"}],"curies":[{"name":"wp","href":"https:\/\/api.w.org\/{rel}","templated":true}]}}