{"id":75761,"date":"2025-08-14T20:59:44","date_gmt":"2025-08-14T23:59:44","guid":{"rendered":"https:\/\/noticiasribeiraopreto.com.br\/index.php\/2025\/08\/14\/pm-mata-cachorro-a-tiros-durante-confusao-com-moradores-na-regiao-de-ribeirao-preto-video\/"},"modified":"2025-08-14T20:59:44","modified_gmt":"2025-08-14T23:59:44","slug":"pm-mata-cachorro-a-tiros-durante-confusao-com-moradores-na-regiao-de-ribeirao-preto-video","status":"publish","type":"post","link":"https:\/\/noticiasribeiraopreto.com.br\/index.php\/2025\/08\/14\/pm-mata-cachorro-a-tiros-durante-confusao-com-moradores-na-regiao-de-ribeirao-preto-video\/","title":{"rendered":"PM mata cachorro a tiros durante confus\u00e3o com moradores na regi\u00e3o de Ribeir\u00e3o Preto; V\u00eddeo"},"content":{"rendered":"<div class='code-block code-block-1' style='margin: 8px 0 8px auto; text-align: right; display: block; clear: both;'>\n<p><a href=\"https:\/\/wa.link\/vpicfd\"><img data-recalc-dims=\"1\" class=\"wp-image-4922\" style=\"aspect-ratio: 2.0253164556962027; width: 561px; height: auto;\" src=\"https:\/\/i0.wp.com\/ismaelcolosi.com.br\/wp-content\/uploads\/2023\/11\/grupo-de-empregos-whatsapp-e-facebook-ismael-colosi-vagas.jpg?ssl=1\" alt=\"\" \/><\/a><\/p>\n<!-- \/wp:image -->\n<\/div>\n<p> <br \/>\n<\/p>\n<div data-td-block-uid=\"tdi_95\">\n<div class=\"tdb-block-inner td-fix-index\">\n<p>Um <strong>cachorro morreu ap\u00f3s ser baleado<\/strong> por um <strong>policial militar<\/strong> durante uma abordagem a um homem em <strong>Guar\u00e1<\/strong>, cidade a 122 quil\u00f4metros de <strong>Ribeir\u00e3o Preto<\/strong>, na tarde desta quinta-feira (14).<\/p>\n<p>O caso aconteceu por volta das 16h, na avenida Massu Nakano e foi registrado por uma <strong>c\u00e2mera de seguran\u00e7a<\/strong> (veja abaixo). Nas imagens, \u00e9 poss\u00edvel ver o momento em que os policiais abordam um homem, que resiste e inicia uma <strong>confus\u00e3o<\/strong>.<\/p>\n<p>Em determinado momento, tr\u00eas cachorros saem de uma resid\u00eancia, e um deles avan\u00e7a sobre o policial mas recua. Na sequ\u00eancia, o agente se afasta enquanto os animais circulam pela rua e <strong>dispara pelo menos tr\u00eas vezes<\/strong> contra um deles.<\/p>\n<p>A reportagem entrou em contato com a <strong>SSP (Secretaria de Seguran\u00e7a P\u00fablica) <\/strong>e aguarda o retorno.<\/p>\n<p><em>*Com informa\u00e7\u00f5es da EPTV<\/em><\/p>\n<h2 class=\"wp-block-heading\"><strong>\u26a0\ufe0f Aviso: imagens fortes<\/strong><\/h2>\n<blockquote class=\"twitter-tweet\" data-media-max-width=\"560\">\n<p lang=\"pt\" dir=\"ltr\">Um cachorro morreu ap\u00f3s ser baleado por um policial militar durante uma abordagem a um homem em Guar\u00e1, cidade a 122 quil\u00f4metros de Ribeir\u00e3o Preto, na tarde desta quinta-feira (14).<\/p>\n<p>\ud83c\udf0e Saiba mais no site: <a href=\"https:\/\/t.co\/iGynbiHnSr\" target=\"_blank\">https:\/\/t.co\/iGynbiHnSr<\/a><\/p>\n<p>\ud83c\udfa5 C\u00e2mera de seguran\u00e7a <a href=\"https:\/\/t.co\/nVgDXXCQkX\" target=\"_blank\">pic.twitter.com\/nVgDXXCQkX<\/a><\/p>\n<p>\u2014 acidade on Ribeir\u00e3o e Regi\u00e3o (@acidadeonrp) <a href=\"https:\/\/twitter.com\/acidadeonrp\/status\/1956132116606898465?ref_src=twsrc%5Etfw\" target=\"_blank\" rel=\"noopener\">August 14, 2025<\/a><\/p><\/blockquote>\n<hr class=\"wp-block-separator has-alpha-channel-opacity\"\/>\n<p>SAIBA MAIS<\/p>\n<p>Pol\u00edcia Civil apreende mais de 100 kg de produtos falsificados da Festa do Pe\u00e3o<\/p>\n<h2 class=\"wp-block-heading\"><strong>FIQUE ON<\/strong><\/h2>\n<p>Quer ficar por dentro de tudo que acontece em Ribeir\u00e3o Preto e regi\u00e3o? Ent\u00e3o siga os perfis do\u202facidade on\u202fno\u202f<a href=\"https:\/\/www.instagram.com\/acidadeonribeirao\" target=\"_blank\" rel=\"noreferrer noopener\">Instagram<\/a>\u202fe no\u202f<a href=\"https:\/\/www.facebook.com\/acidadeonribeirao\/\" target=\"_blank\" rel=\"noreferrer noopener\">Facebook<\/a>.<\/p>\n<p>Al\u00e9m disso, voc\u00ea pode receber as principais not\u00edcias diretamente no WhatsApp. Para isso, basta\u00a0<a href=\"https:\/\/chat.whatsapp.com\/BjKQZ9oJwlz8VVT50NuePq\" target=\"_blank\" rel=\"noreferrer noopener\">entrar no grupo clicando aqui<\/a>.<\/p>\n<p>Por fim, se quiser fazer uma den\u00fancia ou sugerir uma reportagem sobre Ribeir\u00e3o Preto e regi\u00e3o, envie uma mensagem pelo WhatsApp: (16) 99117-7802.<\/p>\n<p>VEJA TAMB\u00c9M<\/p>\n<p>Por que \u2018Mais M\u00e9dicos\u2019 virou alvo de Trump?<\/p>\n<p><!-- AI CONTENT END 1 -->\n<\/div>\n<\/div>\n<p><script async src=\"\/\/platform.twitter.com\/widgets.js\" charset=\"utf-8\"><\/script><script async src=\"\/\/www.instagram.com\/embed.js\"><\/script><br \/>\n<br \/><br \/>\n<br \/><a href=\"https:\/\/www.acidadeon.com\/ribeiraopreto\/cotidiano\/pm-mata-cachorro-a-tiros-durante-confusao-com-moradores-na-regiao-de-ribeirao-preto-video\/\">Source link <\/a><\/p>\n<!-- CONTENT END 1 -->\n","protected":false},"excerpt":{"rendered":"<p>Um cachorro morreu ap\u00f3s ser baleado por um policial militar durante uma abordagem a um homem em Guar\u00e1, cidade a 122 quil\u00f4metros de Ribeir\u00e3o Preto,&#8230;<\/p>\n","protected":false},"author":1,"featured_media":75762,"comment_status":"open","ping_status":"open","sticky":false,"template":"","format":"standard","meta":{"advanced_seo_description":"","jetpack_seo_html_title":"","jetpack_seo_noindex":false,"jetpack_post_was_ever_published":false,"_jetpack_newsletter_access":"","_jetpack_dont_email_post_to_subs":false,"_jetpack_newsletter_tier_id":0,"_jetpack_memberships_contains_paywalled_content":false,"_jetpack_memberships_contains_paid_content":false,"footnotes":"","jetpack_publicize_message":"","jetpack_publicize_feature_enabled":true,"jetpack_social_post_already_shared":true,"jetpack_social_options":{"image_generator_settings":{"template":"highway","default_image_id":0,"font":"","enabled":false},"version":2}},"categories":[11],"tags":[],"class_list":["post-75761","post","type-post","status-publish","format-standard","has-post-thumbnail","hentry","category-noticias-de-ribeirao-preto-sp-e-regiao-ismael-colosi"],"jetpack_publicize_connections":[],"jetpack_featured_media_url":"https:\/\/i0.wp.com\/noticiasribeiraopreto.com.br\/wp-content\/uploads\/2025\/08\/Copia-de-Copia-de-Copia-de-TAMANHO-EXATO-PARA-FOTOS-NO-SISTEMA-NOVO-2025-08-14T194927.767_2025-08-14_22-49-33.webp.webp?fit=1200%2C675&ssl=1","jetpack-related-posts":[{"id":75794,"url":"https:\/\/noticiasribeiraopreto.com.br\/index.php\/2025\/08\/15\/pm-apura-abordagem-que-terminou-com-cachorro-morto-a-tiros-por-policial-video\/","url_meta":{"origin":75761,"position":0},"title":"PM apura abordagem que terminou com cachorro morto a tiros por policial; V\u00eddeo","author":"noticiasribeiraopreto.com.br","date":"15 de August de 2025","format":false,"excerpt":"A PM (Pol\u00edcia Militar) informou nesta sexta-feira (15) que a a\u00e7\u00e3o que resultou na morte de um cachorro ap\u00f3s ser baleado\u00a0por um\u00a0policial militar em\u00a0Guar\u00e1, a 120 quil\u00f4metros de\u00a0Ribeir\u00e3o Preto, dever\u00e1 ter as circunst\u00e2ncias apuradas e que \u201cavalia as medidas cab\u00edveis\u201d. A confus\u00e3o ocorreu durante a abordagem a um homem, na\u2026","rel":"","context":"In &quot;Not\u00edcias de Ribeir\u00e3o Preto-SP e Regi\u00e3o&quot;","block_context":{"text":"Not\u00edcias de Ribeir\u00e3o Preto-SP e Regi\u00e3o","link":"https:\/\/noticiasribeiraopreto.com.br\/index.php\/category\/noticias-de-ribeirao-preto-sp-e-regiao-ismael-colosi\/"},"img":{"alt_text":"","src":"https:\/\/i0.wp.com\/noticiasribeiraopreto.com.br\/wp-content\/uploads\/2025\/08\/Copia-de-Copia-de-Copia-de-TAMANHO-EXATO-PARA-FOTOS-NO-SISTEMA-NOVO-2025-08-14T194927.767_2025-08-14_22-49-33.webp.webp?fit=1200%2C675&ssl=1&resize=350%2C200","width":350,"height":200,"srcset":"https:\/\/i0.wp.com\/noticiasribeiraopreto.com.br\/wp-content\/uploads\/2025\/08\/Copia-de-Copia-de-Copia-de-TAMANHO-EXATO-PARA-FOTOS-NO-SISTEMA-NOVO-2025-08-14T194927.767_2025-08-14_22-49-33.webp.webp?fit=1200%2C675&ssl=1&resize=350%2C200 1x, https:\/\/i0.wp.com\/noticiasribeiraopreto.com.br\/wp-content\/uploads\/2025\/08\/Copia-de-Copia-de-Copia-de-TAMANHO-EXATO-PARA-FOTOS-NO-SISTEMA-NOVO-2025-08-14T194927.767_2025-08-14_22-49-33.webp.webp?fit=1200%2C675&ssl=1&resize=525%2C300 1.5x, https:\/\/i0.wp.com\/noticiasribeiraopreto.com.br\/wp-content\/uploads\/2025\/08\/Copia-de-Copia-de-Copia-de-TAMANHO-EXATO-PARA-FOTOS-NO-SISTEMA-NOVO-2025-08-14T194927.767_2025-08-14_22-49-33.webp.webp?fit=1200%2C675&ssl=1&resize=700%2C400 2x, https:\/\/i0.wp.com\/noticiasribeiraopreto.com.br\/wp-content\/uploads\/2025\/08\/Copia-de-Copia-de-Copia-de-TAMANHO-EXATO-PARA-FOTOS-NO-SISTEMA-NOVO-2025-08-14T194927.767_2025-08-14_22-49-33.webp.webp?fit=1200%2C675&ssl=1&resize=1050%2C600 3x"},"classes":[]},{"id":83460,"url":"https:\/\/noticiasribeiraopreto.com.br\/index.php\/2026\/03\/18\/justica-condena-estado-de-sp-a-indenizar-familia-por-cachorra-morta-a-tiros-por-pm\/","url_meta":{"origin":75761,"position":1},"title":"Justi\u00e7a condena estado de SP a indenizar fam\u00edlia por cachorra morta a tiros por PM","author":"noticiasribeiraopreto.com.br","date":"18 de March de 2026","format":false,"excerpt":"A Justi\u00e7a condenou o estado de S\u00e3o Paulo a pagar uma indeniza\u00e7\u00e3o de R$ 12 mil aos tutores de uma cachorra morta a tiros por um policial militar em agosto do ano passado em Guar\u00e1, cidade a cerca de 120 quil\u00f4metros de Ribeir\u00e3o Preto. Os tiros aconteceram na avenida Massu\u2026","rel":"","context":"In &quot;Not\u00edcias de Ribeir\u00e3o Preto-SP e Regi\u00e3o&quot;","block_context":{"text":"Not\u00edcias de Ribeir\u00e3o Preto-SP e Regi\u00e3o","link":"https:\/\/noticiasribeiraopreto.com.br\/index.php\/category\/noticias-de-ribeirao-preto-sp-e-regiao-ismael-colosi\/"},"img":{"alt_text":"","src":"https:\/\/i0.wp.com\/noticiasribeiraopreto.com.br\/wp-content\/uploads\/2026\/03\/Copia-de-Copia-de-Copia-de-TAMANHO-EXATO-PARA-FOTOS-NO-SISTEMA-NOVO-2025-08-14T194927.767_2025-08-14_22-49-33.webp.webp?fit=1200%2C675&ssl=1&resize=350%2C200","width":350,"height":200,"srcset":"https:\/\/i0.wp.com\/noticiasribeiraopreto.com.br\/wp-content\/uploads\/2026\/03\/Copia-de-Copia-de-Copia-de-TAMANHO-EXATO-PARA-FOTOS-NO-SISTEMA-NOVO-2025-08-14T194927.767_2025-08-14_22-49-33.webp.webp?fit=1200%2C675&ssl=1&resize=350%2C200 1x, https:\/\/i0.wp.com\/noticiasribeiraopreto.com.br\/wp-content\/uploads\/2026\/03\/Copia-de-Copia-de-Copia-de-TAMANHO-EXATO-PARA-FOTOS-NO-SISTEMA-NOVO-2025-08-14T194927.767_2025-08-14_22-49-33.webp.webp?fit=1200%2C675&ssl=1&resize=525%2C300 1.5x, https:\/\/i0.wp.com\/noticiasribeiraopreto.com.br\/wp-content\/uploads\/2026\/03\/Copia-de-Copia-de-Copia-de-TAMANHO-EXATO-PARA-FOTOS-NO-SISTEMA-NOVO-2025-08-14T194927.767_2025-08-14_22-49-33.webp.webp?fit=1200%2C675&ssl=1&resize=700%2C400 2x, https:\/\/i0.wp.com\/noticiasribeiraopreto.com.br\/wp-content\/uploads\/2026\/03\/Copia-de-Copia-de-Copia-de-TAMANHO-EXATO-PARA-FOTOS-NO-SISTEMA-NOVO-2025-08-14T194927.767_2025-08-14_22-49-33.webp.webp?fit=1200%2C675&ssl=1&resize=1050%2C600 3x"},"classes":[]},{"id":75776,"url":"https:\/\/noticiasribeiraopreto.com.br\/index.php\/2025\/08\/15\/videos-pm-mata-cao-a-tiros-durante-abordagem-na-regiao\/","url_meta":{"origin":75761,"position":2},"title":"V\u00cdDEOS &#8211; PM mata c\u00e3o a tiros durante abordagem na regi\u00e3o","author":"noticiasribeiraopreto.com.br","date":"15 de August de 2025","format":false,"excerpt":"Policiais abordavam homem suspeito de tr\u00e1fico quando c\u00e3es teriam avan\u00e7ado e um deles foi atingido por quatro disparos efetuados pelo PM 15 de agosto de 2025 10:120 Compartilhar0 Uma abordagem policial a um suspeito de tr\u00e1fico de drogas fugiu ao controle, na tarde desta quinta-feira (14). Na confus\u00e3o, tr\u00eas cachorros\u2026","rel":"","context":"In &quot;Not\u00edcias de Ribeir\u00e3o Preto-SP e Regi\u00e3o&quot;","block_context":{"text":"Not\u00edcias de Ribeir\u00e3o Preto-SP e Regi\u00e3o","link":"https:\/\/noticiasribeiraopreto.com.br\/index.php\/category\/noticias-de-ribeirao-preto-sp-e-regiao-ismael-colosi\/"},"img":{"alt_text":"","src":"https:\/\/i0.wp.com\/noticiasribeiraopreto.com.br\/wp-content\/uploads\/2025\/08\/15-ago-2025-cachorroguara.jpg?fit=600%2C479&ssl=1&resize=350%2C200","width":350,"height":200,"srcset":"https:\/\/i0.wp.com\/noticiasribeiraopreto.com.br\/wp-content\/uploads\/2025\/08\/15-ago-2025-cachorroguara.jpg?fit=600%2C479&ssl=1&resize=350%2C200 1x, https:\/\/i0.wp.com\/noticiasribeiraopreto.com.br\/wp-content\/uploads\/2025\/08\/15-ago-2025-cachorroguara.jpg?fit=600%2C479&ssl=1&resize=525%2C300 1.5x"},"classes":[]},{"id":76587,"url":"https:\/\/noticiasribeiraopreto.com.br\/index.php\/2025\/09\/01\/shih-tzu-e-atacado-por-pitbull-no-interior-de-sp-video\/","url_meta":{"origin":75761,"position":3},"title":"Shih tzu \u00e9 atacado por pitbull no interior de SP; V\u00eddeo","author":"noticiasribeiraopreto.com.br","date":"1 de September de 2025","format":false,"excerpt":"Um cachorro da ra\u00e7a shih tzu foi atacado por um pitbull, na manh\u00e3 de domingo (31), em Tai\u00fava, cidade a 84 quil\u00f4metros de Ribeir\u00e3o Preto. O caso aconteceu na rua Ant\u00f4nio Coletes e foi registrado por uma c\u00e2mera de seguran\u00e7a de uma resid\u00eancia (veja abaixo). Nas imagens, \u00e9 poss\u00edvel ver\u2026","rel":"","context":"In &quot;Not\u00edcias de Ribeir\u00e3o Preto-SP e Regi\u00e3o&quot;","block_context":{"text":"Not\u00edcias de Ribeir\u00e3o Preto-SP e Regi\u00e3o","link":"https:\/\/noticiasribeiraopreto.com.br\/index.php\/category\/noticias-de-ribeirao-preto-sp-e-regiao-ismael-colosi\/"},"img":{"alt_text":"","src":"https:\/\/i0.wp.com\/noticiasribeiraopreto.com.br\/wp-content\/uploads\/2025\/09\/Copia-de-Copia-de-Copia-de-TAMANHO-EXATO-PARA-FOTOS-NO-SISTEMA-NOVO-2025-09-01T105836.101_2025-09-01_13-58-43.webp.webp?fit=1200%2C675&ssl=1&resize=350%2C200","width":350,"height":200,"srcset":"https:\/\/i0.wp.com\/noticiasribeiraopreto.com.br\/wp-content\/uploads\/2025\/09\/Copia-de-Copia-de-Copia-de-TAMANHO-EXATO-PARA-FOTOS-NO-SISTEMA-NOVO-2025-09-01T105836.101_2025-09-01_13-58-43.webp.webp?fit=1200%2C675&ssl=1&resize=350%2C200 1x, https:\/\/i0.wp.com\/noticiasribeiraopreto.com.br\/wp-content\/uploads\/2025\/09\/Copia-de-Copia-de-Copia-de-TAMANHO-EXATO-PARA-FOTOS-NO-SISTEMA-NOVO-2025-09-01T105836.101_2025-09-01_13-58-43.webp.webp?fit=1200%2C675&ssl=1&resize=525%2C300 1.5x, https:\/\/i0.wp.com\/noticiasribeiraopreto.com.br\/wp-content\/uploads\/2025\/09\/Copia-de-Copia-de-Copia-de-TAMANHO-EXATO-PARA-FOTOS-NO-SISTEMA-NOVO-2025-09-01T105836.101_2025-09-01_13-58-43.webp.webp?fit=1200%2C675&ssl=1&resize=700%2C400 2x, https:\/\/i0.wp.com\/noticiasribeiraopreto.com.br\/wp-content\/uploads\/2025\/09\/Copia-de-Copia-de-Copia-de-TAMANHO-EXATO-PARA-FOTOS-NO-SISTEMA-NOVO-2025-09-01T105836.101_2025-09-01_13-58-43.webp.webp?fit=1200%2C675&ssl=1&resize=1050%2C600 3x"},"classes":[]},{"id":82861,"url":"https:\/\/noticiasribeiraopreto.com.br\/index.php\/2026\/03\/01\/empresario-presta-depoimento-apos-ser-flagrado-atirando-em-direcao-a-cachorro-no-interior-de-sp\/","url_meta":{"origin":75761,"position":4},"title":"Empres\u00e1rio presta depoimento ap\u00f3s ser flagrado atirando em dire\u00e7\u00e3o a cachorro no interior de SP","author":"noticiasribeiraopreto.com.br","date":"1 de March de 2026","format":false,"excerpt":"O homem flagrado por c\u00e2meras de seguran\u00e7a disparando com uma arma de fogo em dire\u00e7\u00e3o a um cachorro em Ituverava, no interior de S\u00e3o Paulo, se apresentou \u00e0 Pol\u00edcia Civil na noite desta sexta-feira (27), um dia ap\u00f3s o caso \u2013 veja o v\u00eddeo abaixo. O empres\u00e1rio Vinicius Henrique Pou\u00e7as\u2026","rel":"","context":"In &quot;Not\u00edcias de Ribeir\u00e3o Preto-SP e Regi\u00e3o&quot;","block_context":{"text":"Not\u00edcias de Ribeir\u00e3o Preto-SP e Regi\u00e3o","link":"https:\/\/noticiasribeiraopreto.com.br\/index.php\/category\/noticias-de-ribeirao-preto-sp-e-regiao-ismael-colosi\/"},"img":{"alt_text":"","src":"https:\/\/i0.wp.com\/noticiasribeiraopreto.com.br\/wp-content\/uploads\/2026\/03\/palace-37_2026-02-26_19-07-16.webp.webp?fit=1200%2C675&ssl=1&resize=350%2C200","width":350,"height":200,"srcset":"https:\/\/i0.wp.com\/noticiasribeiraopreto.com.br\/wp-content\/uploads\/2026\/03\/palace-37_2026-02-26_19-07-16.webp.webp?fit=1200%2C675&ssl=1&resize=350%2C200 1x, https:\/\/i0.wp.com\/noticiasribeiraopreto.com.br\/wp-content\/uploads\/2026\/03\/palace-37_2026-02-26_19-07-16.webp.webp?fit=1200%2C675&ssl=1&resize=525%2C300 1.5x, https:\/\/i0.wp.com\/noticiasribeiraopreto.com.br\/wp-content\/uploads\/2026\/03\/palace-37_2026-02-26_19-07-16.webp.webp?fit=1200%2C675&ssl=1&resize=700%2C400 2x, https:\/\/i0.wp.com\/noticiasribeiraopreto.com.br\/wp-content\/uploads\/2026\/03\/palace-37_2026-02-26_19-07-16.webp.webp?fit=1200%2C675&ssl=1&resize=1050%2C600 3x"},"classes":[]},{"id":83802,"url":"https:\/\/noticiasribeiraopreto.com.br\/index.php\/2026\/03\/26\/policia-civil-investiga-suspeito-de-maus-tratos-contra-dois-cachorros-em-ribeirao-preto\/","url_meta":{"origin":75761,"position":5},"title":"Pol\u00edcia Civil investiga suspeito de maus-tratos contra dois cachorros em Ribeir\u00e3o Preto","author":"noticiasribeiraopreto.com.br","date":"26 de March de 2026","format":false,"excerpt":"00:00 A+ A- Um homem suspeito de maus-tratos contra dois cachorros foi levado na manh\u00e3 desta quinta-feira (29) \u00e0 CPJ (Central de Pol\u00edcia Judici\u00e1ria) Integrada para prestar esclarecimentos. A den\u00fancia partiu de moradores de um condom\u00ednio na zona Norte da cidade, que registraram v\u00eddeos. O homem \u00e9 apontado por usar\u2026","rel":"","context":"In &quot;Not\u00edcias de Ribeir\u00e3o Preto-SP e Regi\u00e3o&quot;","block_context":{"text":"Not\u00edcias de Ribeir\u00e3o Preto-SP e Regi\u00e3o","link":"https:\/\/noticiasribeiraopreto.com.br\/index.php\/category\/noticias-de-ribeirao-preto-sp-e-regiao-ismael-colosi\/"},"img":{"alt_text":"","src":"https:\/\/i0.wp.com\/noticiasribeiraopreto.com.br\/wp-content\/uploads\/2026\/03\/WhatsApp-Image-2026-03-26-at-09.19.16_2026-03-26_12-19-48.webp.webp?fit=1200%2C948&ssl=1&resize=350%2C200","width":350,"height":200,"srcset":"https:\/\/i0.wp.com\/noticiasribeiraopreto.com.br\/wp-content\/uploads\/2026\/03\/WhatsApp-Image-2026-03-26-at-09.19.16_2026-03-26_12-19-48.webp.webp?fit=1200%2C948&ssl=1&resize=350%2C200 1x, https:\/\/i0.wp.com\/noticiasribeiraopreto.com.br\/wp-content\/uploads\/2026\/03\/WhatsApp-Image-2026-03-26-at-09.19.16_2026-03-26_12-19-48.webp.webp?fit=1200%2C948&ssl=1&resize=525%2C300 1.5x, https:\/\/i0.wp.com\/noticiasribeiraopreto.com.br\/wp-content\/uploads\/2026\/03\/WhatsApp-Image-2026-03-26-at-09.19.16_2026-03-26_12-19-48.webp.webp?fit=1200%2C948&ssl=1&resize=700%2C400 2x, https:\/\/i0.wp.com\/noticiasribeiraopreto.com.br\/wp-content\/uploads\/2026\/03\/WhatsApp-Image-2026-03-26-at-09.19.16_2026-03-26_12-19-48.webp.webp?fit=1200%2C948&ssl=1&resize=1050%2C600 3x"},"classes":[]}],"jetpack_sharing_enabled":true,"jetpack_shortlink":"https:\/\/wp.me\/peQAOb-jHX","_links":{"self":[{"href":"https:\/\/noticiasribeiraopreto.com.br\/index.php\/wp-json\/wp\/v2\/posts\/75761","targetHints":{"allow":["GET"]}}],"collection":[{"href":"https:\/\/noticiasribeiraopreto.com.br\/index.php\/wp-json\/wp\/v2\/posts"}],"about":[{"href":"https:\/\/noticiasribeiraopreto.com.br\/index.php\/wp-json\/wp\/v2\/types\/post"}],"author":[{"embeddable":true,"href":"https:\/\/noticiasribeiraopreto.com.br\/index.php\/wp-json\/wp\/v2\/users\/1"}],"replies":[{"embeddable":true,"href":"https:\/\/noticiasribeiraopreto.com.br\/index.php\/wp-json\/wp\/v2\/comments?post=75761"}],"version-history":[{"count":0,"href":"https:\/\/noticiasribeiraopreto.com.br\/index.php\/wp-json\/wp\/v2\/posts\/75761\/revisions"}],"wp:featuredmedia":[{"embeddable":true,"href":"https:\/\/noticiasribeiraopreto.com.br\/index.php\/wp-json\/wp\/v2\/media\/75762"}],"wp:attachment":[{"href":"https:\/\/noticiasribeiraopreto.com.br\/index.php\/wp-json\/wp\/v2\/media?parent=75761"}],"wp:term":[{"taxonomy":"category","embeddable":true,"href":"https:\/\/noticiasribeiraopreto.com.br\/index.php\/wp-json\/wp\/v2\/categories?post=75761"},{"taxonomy":"post_tag","embeddable":true,"href":"https:\/\/noticiasribeiraopreto.com.br\/index.php\/wp-json\/wp\/v2\/tags?post=75761"}],"curies":[{"name":"wp","href":"https:\/\/api.w.org\/{rel}","templated":true}]}}