{"id":75763,"date":"2025-08-14T21:07:06","date_gmt":"2025-08-15T00:07:06","guid":{"rendered":"https:\/\/noticiasribeiraopreto.com.br\/index.php\/2025\/08\/14\/ruas-do-centro-de-ribeirao-terao-alteracoes-no-transito-veja-quando\/"},"modified":"2025-08-14T21:07:06","modified_gmt":"2025-08-15T00:07:06","slug":"ruas-do-centro-de-ribeirao-terao-alteracoes-no-transito-veja-quando","status":"publish","type":"post","link":"https:\/\/noticiasribeiraopreto.com.br\/index.php\/2025\/08\/14\/ruas-do-centro-de-ribeirao-terao-alteracoes-no-transito-veja-quando\/","title":{"rendered":"Ruas do Centro de Ribeir\u00e3o ter\u00e3o altera\u00e7\u00f5es no tr\u00e2nsito; Veja quando"},"content":{"rendered":"<div class='code-block code-block-1' style='margin: 8px 0 8px auto; text-align: right; display: block; clear: both;'>\n<p><a href=\"https:\/\/wa.link\/vpicfd\"><img data-recalc-dims=\"1\" class=\"wp-image-4922\" style=\"aspect-ratio: 2.0253164556962027; width: 561px; height: auto;\" src=\"https:\/\/i0.wp.com\/ismaelcolosi.com.br\/wp-content\/uploads\/2023\/11\/grupo-de-empregos-whatsapp-e-facebook-ismael-colosi-vagas.jpg?ssl=1\" alt=\"\" \/><\/a><\/p>\n<!-- \/wp:image -->\n<\/div>\n<p> <br \/>\n<\/p>\n<div data-td-block-uid=\"tdi_95\">\n<div class=\"tdb-block-inner td-fix-index\">\n<p>A<strong> 24\u00aa edi\u00e7\u00e3o da Feira Internacional do Livro (FIL) de Ribeir\u00e3o Preto<\/strong> come\u00e7a nesta sexta-feira (15), na Pra\u00e7a XV de Novembro e na Esplanada do Theatro Pedro II, e vai provocar <strong>altera\u00e7\u00f5es tempor\u00e1rias<\/strong> no tr\u00e2nsito de algumas ruas da regi\u00e3o central do munic\u00edpio.<\/p>\n<p>As medidas, de acordo com a <strong><a href=\"https:\/\/www.ribeiraopreto.sp.gov.br\/portal\/\" data-type=\"link\" data-id=\"https:\/\/www.ribeiraopreto.sp.gov.br\/portal\/\" target=\"_blank\" rel=\"noreferrer noopener\">Prefeitura Municipal<\/a><\/strong>, as medidas visam garantir a seguran\u00e7a vi\u00e1ria e dar suporte \u00e0 log\u00edstica do evento, que deve receber milhares de visitantes.<\/p>\n<p>A <strong>Feira <\/strong>acontece at\u00e9 o dia <strong>24 de agosto<\/strong> e a programa\u00e7\u00e3o pode ser conferida<strong> <a href=\"https:\/\/drive.google.com\/file\/d\/1ccuUm--cD83UPitwN-6XofOO0Vcs_C31\/view\" data-type=\"link\" data-id=\"https:\/\/drive.google.com\/file\/d\/1ccuUm--cD83UPitwN-6XofOO0Vcs_C31\/view\" target=\"_blank\" rel=\"noopener\">clicando aqui<\/a><\/strong>. <\/p>\n<h2 class=\"wp-block-heading\"><strong>Altera\u00e7\u00f5es no tr\u00e2nsito<\/strong><\/h2>\n<ul class=\"wp-block-list\">\n<li>Na <strong>rua Mariana Junqueira<\/strong>, no trecho entre as ruas Amador Bueno e Duque de Caxias, as vagas do estacionamento rotativo ser\u00e3o suspensas temporariamente para dar espa\u00e7o aos \u00f4nibus que far\u00e3o o embarque e desembarque de estudantes de institui\u00e7\u00f5es de ensino de Ribeir\u00e3o e regi\u00e3o.<\/li>\n<\/ul>\n<ul class=\"wp-block-list\">\n<li>Na <strong>rua Visconde do Rio Branco<\/strong>, entre as ruas Visconde de Inha\u00fama e Amador Bueno, as vagas de estacionamento convencionais tamb\u00e9m ser\u00e3o removidas temporariamente para dar espa\u00e7o ao atendimento dos \u00f4nibus escolares.<\/li>\n<\/ul>\n<ul class=\"wp-block-list\">\n<li>J\u00e1 na <strong>rua Duque de Caxias<\/strong>, no trecho entre as ruas Alvares Cabral e Amador Bueno, as vagas rotativas da \u00c1rea Azul ser\u00e3o substitu\u00eddas temporariamente pelo servi\u00e7o de carga e descarga, destinado aos expositores da feira. No local, ser\u00e3o mantidas as vagas destinadas a idosos e pessoas com defici\u00eancia.<\/li>\n<\/ul>\n<p>Ainda de acordo com a Administra\u00e7\u00e3o, as placas com as novas sinaliza\u00e7\u00f5es ser\u00e3o implantadas na manh\u00e3 desta sexta-feira. Al\u00e9m disso, a \u00e1rea ser\u00e1 monitorada pelos agentes de tr\u00e2nsito da RP Mobi.<\/p>\n<hr class=\"wp-block-separator has-alpha-channel-opacity\"\/>\n<p>SAIBA MAIS<\/p>\n<p>Amplitude t\u00e9rmica no interior de SP pode chegar a 25\u00b0C nos pr\u00f3ximos dias<\/p>\n<h2 class=\"wp-block-heading\"><strong>FIQUE ON<\/strong><\/h2>\n<p>Quer ficar por dentro de tudo que acontece em Ribeir\u00e3o Preto e regi\u00e3o? Ent\u00e3o siga os perfis do\u202facidade on\u202fno\u202f<a href=\"https:\/\/www.instagram.com\/acidadeonribeirao\" target=\"_blank\" rel=\"noreferrer noopener\">Instagram<\/a>\u202fe no\u202f<a href=\"https:\/\/www.facebook.com\/acidadeonribeirao\/\" target=\"_blank\" rel=\"noreferrer noopener\">Facebook<\/a>.<\/p>\n<p>Al\u00e9m disso, voc\u00ea pode receber as principais not\u00edcias diretamente no WhatsApp. Para isso, basta\u00a0<a href=\"https:\/\/chat.whatsapp.com\/BjKQZ9oJwlz8VVT50NuePq\" target=\"_blank\" rel=\"noreferrer noopener\">entrar no grupo clicando aqui<\/a>.<\/p>\n<p>Por fim, se quiser fazer uma den\u00fancia ou sugerir uma reportagem sobre Ribeir\u00e3o Preto e regi\u00e3o, envie uma mensagem pelo WhatsApp: (16) 99117-7802.<\/p>\n<p>VEJA TAMB\u00c9M<\/p>\n<p>O que Hytalo Santos falou sobre acusa\u00e7\u00f5es?<\/p>\n<p><!-- AI CONTENT END 1 -->\n<\/div>\n<\/div>\n<p><script async src=\"\/\/www.instagram.com\/embed.js\"><\/script><br \/>\n<br \/><br \/>\n<br \/><a href=\"https:\/\/www.acidadeon.com\/ribeiraopreto\/cotidiano\/ruas-do-centro-de-ribeirao-terao-alteracoes-no-transito-veja-quando\/\">Source link <\/a><\/p>\n<!-- CONTENT END 1 -->\n","protected":false},"excerpt":{"rendered":"<p>A 24\u00aa edi\u00e7\u00e3o da Feira Internacional do Livro (FIL) de Ribeir\u00e3o Preto come\u00e7a nesta sexta-feira (15), na Pra\u00e7a XV de Novembro e na Esplanada do&#8230;<\/p>\n","protected":false},"author":1,"featured_media":75764,"comment_status":"open","ping_status":"open","sticky":false,"template":"","format":"standard","meta":{"advanced_seo_description":"","jetpack_seo_html_title":"","jetpack_seo_noindex":false,"jetpack_post_was_ever_published":false,"_jetpack_newsletter_access":"","_jetpack_dont_email_post_to_subs":false,"_jetpack_newsletter_tier_id":0,"_jetpack_memberships_contains_paywalled_content":false,"_jetpack_memberships_contains_paid_content":false,"footnotes":"","jetpack_publicize_message":"","jetpack_publicize_feature_enabled":true,"jetpack_social_post_already_shared":true,"jetpack_social_options":{"image_generator_settings":{"template":"highway","default_image_id":0,"font":"","enabled":false},"version":2}},"categories":[11],"tags":[],"class_list":["post-75763","post","type-post","status-publish","format-standard","has-post-thumbnail","hentry","category-noticias-de-ribeirao-preto-sp-e-regiao-ismael-colosi"],"jetpack_publicize_connections":[],"jetpack_featured_media_url":"https:\/\/i0.wp.com\/noticiasribeiraopreto.com.br\/wp-content\/uploads\/2025\/08\/a.ok_.transitocentro_2025-08-14_21-04-34.webp.webp?fit=1200%2C799&ssl=1","jetpack-related-posts":[{"id":63374,"url":"https:\/\/noticiasribeiraopreto.com.br\/index.php\/2025\/02\/11\/trecho-de-rua-no-centro-de-ribeirao-preto-tem-mudanca-no-sentido-de-circulacao\/","url_meta":{"origin":75763,"position":0},"title":"Trecho de rua no Centro de Ribeir\u00e3o Preto tem mudan\u00e7a no sentido de circula\u00e7\u00e3o","author":"noticiasribeiraopreto.com.br","date":"11 de February de 2025","format":false,"excerpt":"A RP Mobi, empresa respons\u00e1vel pelo gerenciamento do tr\u00e2nsito de Ribeir\u00e3o Preto, informou nesta ter\u00e7a-feira (11) que ser\u00e1 retomado o sentido de circula\u00e7\u00e3o em um trecho da rua Visconde do Rio Branco, no Centro. A mudan\u00e7a j\u00e1 \u00e9 v\u00e1lida a partir desta quarta-feira (12). O trecho teve a sinaliza\u00e7\u00e3o alterada\u2026","rel":"","context":"In &quot;Not\u00edcias de Ribeir\u00e3o Preto-SP e Regi\u00e3o&quot;","block_context":{"text":"Not\u00edcias de Ribeir\u00e3o Preto-SP e Regi\u00e3o","link":"https:\/\/noticiasribeiraopreto.com.br\/index.php\/category\/noticias-de-ribeirao-preto-sp-e-regiao-ismael-colosi\/"},"img":{"alt_text":"","src":"https:\/\/i0.wp.com\/noticiasribeiraopreto.com.br\/wp-content\/uploads\/2025\/02\/rua-visconde-do-rio-branco_2025-02-11_20-24-07_jpeg_2025-02-11_20-24-07.webp.webp?fit=1200%2C675&ssl=1&resize=350%2C200","width":350,"height":200,"srcset":"https:\/\/i0.wp.com\/noticiasribeiraopreto.com.br\/wp-content\/uploads\/2025\/02\/rua-visconde-do-rio-branco_2025-02-11_20-24-07_jpeg_2025-02-11_20-24-07.webp.webp?fit=1200%2C675&ssl=1&resize=350%2C200 1x, https:\/\/i0.wp.com\/noticiasribeiraopreto.com.br\/wp-content\/uploads\/2025\/02\/rua-visconde-do-rio-branco_2025-02-11_20-24-07_jpeg_2025-02-11_20-24-07.webp.webp?fit=1200%2C675&ssl=1&resize=525%2C300 1.5x, https:\/\/i0.wp.com\/noticiasribeiraopreto.com.br\/wp-content\/uploads\/2025\/02\/rua-visconde-do-rio-branco_2025-02-11_20-24-07_jpeg_2025-02-11_20-24-07.webp.webp?fit=1200%2C675&ssl=1&resize=700%2C400 2x, https:\/\/i0.wp.com\/noticiasribeiraopreto.com.br\/wp-content\/uploads\/2025\/02\/rua-visconde-do-rio-branco_2025-02-11_20-24-07_jpeg_2025-02-11_20-24-07.webp.webp?fit=1200%2C675&ssl=1&resize=1050%2C600 3x"},"classes":[]},{"id":55991,"url":"https:\/\/noticiasribeiraopreto.com.br\/index.php\/2024\/08\/08\/novas-ruas-de-ribeirao-preto-tem-sentido-de-direcao-alterado-veja-locais-afetados\/","url_meta":{"origin":75763,"position":1},"title":"Novas ruas de Ribeir\u00e3o Preto t\u00eam sentido de dire\u00e7\u00e3o alterado; Veja locais afetados","author":"noticiasribeiraopreto.com.br","date":"8 de August de 2024","format":false,"excerpt":"A RP Mobi, empresa que gerencia o tr\u00e2nsito de Ribeir\u00e3o Preto, informou que duas novas ruas do munic\u00edpio tiveram implanta\u00e7\u00e3o de sentido \u00fanico de dire\u00e7\u00e3o, nesta quinta-feira (8). Conforme o comunicado, as altera\u00e7\u00f5es aconteceram na Vila Elisa, zona Norte de Ribeir\u00e3o Preto. \u201cA altera\u00e7\u00e3o da sinaliza\u00e7\u00e3o est\u00e1 sendo acompanhada pela\u2026","rel":"","context":"In &quot;Not\u00edcias de Ribeir\u00e3o Preto-SP e Regi\u00e3o&quot;","block_context":{"text":"Not\u00edcias de Ribeir\u00e3o Preto-SP e Regi\u00e3o","link":"https:\/\/noticiasribeiraopreto.com.br\/index.php\/category\/noticias-de-ribeirao-preto-sp-e-regiao-ismael-colosi\/"},"img":{"alt_text":"","src":"https:\/\/i0.wp.com\/noticiasribeiraopreto.com.br\/wp-content\/uploads\/2024\/08\/rua-belgica_2024-08-08_20-56-00_png_2024-08-08_20-56-00.webp.webp?fit=656%2C389&ssl=1&resize=350%2C200","width":350,"height":200,"srcset":"https:\/\/i0.wp.com\/noticiasribeiraopreto.com.br\/wp-content\/uploads\/2024\/08\/rua-belgica_2024-08-08_20-56-00_png_2024-08-08_20-56-00.webp.webp?fit=656%2C389&ssl=1&resize=350%2C200 1x, https:\/\/i0.wp.com\/noticiasribeiraopreto.com.br\/wp-content\/uploads\/2024\/08\/rua-belgica_2024-08-08_20-56-00_png_2024-08-08_20-56-00.webp.webp?fit=656%2C389&ssl=1&resize=525%2C300 1.5x"},"classes":[]},{"id":75815,"url":"https:\/\/noticiasribeiraopreto.com.br\/index.php\/2025\/08\/15\/rp-mobi-alerta-para-bloqueios-e-rotas-alternativas-durante-eventos-em-ribeirao\/","url_meta":{"origin":75763,"position":2},"title":"RP Mobi alerta para bloqueios e rotas alternativas durante eventos em Ribeir\u00e3o","author":"noticiasribeiraopreto.com.br","date":"15 de August de 2025","format":false,"excerpt":"O tr\u00e2nsito de Ribeir\u00e3o Preto sofrer\u00e1 altera\u00e7\u00f5es neste final de semana devido \u00e0 realiza\u00e7\u00e3o de tr\u00eas eventos no munic\u00edpio. Por esse motivo, a RP Mobi, empresa de mobilidade urbana da cidade, alerta os condutores a ficarem atentos aos bloqueios e a utilizarem rotas alternativas para evitar transtornos (veja abaixo). Bloqueios\u2026","rel":"","context":"In &quot;Not\u00edcias de Ribeir\u00e3o Preto-SP e Regi\u00e3o&quot;","block_context":{"text":"Not\u00edcias de Ribeir\u00e3o Preto-SP e Regi\u00e3o","link":"https:\/\/noticiasribeiraopreto.com.br\/index.php\/category\/noticias-de-ribeirao-preto-sp-e-regiao-ismael-colosi\/"},"img":{"alt_text":"","src":"https:\/\/i0.wp.com\/noticiasribeiraopreto.com.br\/wp-content\/uploads\/2025\/08\/a.ok_.interdicoestransito_2025-08-15_19-33-18.webp.webp?fit=1200%2C800&ssl=1&resize=350%2C200","width":350,"height":200,"srcset":"https:\/\/i0.wp.com\/noticiasribeiraopreto.com.br\/wp-content\/uploads\/2025\/08\/a.ok_.interdicoestransito_2025-08-15_19-33-18.webp.webp?fit=1200%2C800&ssl=1&resize=350%2C200 1x, https:\/\/i0.wp.com\/noticiasribeiraopreto.com.br\/wp-content\/uploads\/2025\/08\/a.ok_.interdicoestransito_2025-08-15_19-33-18.webp.webp?fit=1200%2C800&ssl=1&resize=525%2C300 1.5x, https:\/\/i0.wp.com\/noticiasribeiraopreto.com.br\/wp-content\/uploads\/2025\/08\/a.ok_.interdicoestransito_2025-08-15_19-33-18.webp.webp?fit=1200%2C800&ssl=1&resize=700%2C400 2x, https:\/\/i0.wp.com\/noticiasribeiraopreto.com.br\/wp-content\/uploads\/2025\/08\/a.ok_.interdicoestransito_2025-08-15_19-33-18.webp.webp?fit=1200%2C800&ssl=1&resize=1050%2C600 3x"},"classes":[]},{"id":78880,"url":"https:\/\/noticiasribeiraopreto.com.br\/index.php\/2025\/10\/20\/rua-da-zona-leste-de-ribeirao-tem-sentido-de-direcao-alterado-saiba-qual\/","url_meta":{"origin":75763,"position":3},"title":"Rua da zona Leste de Ribeir\u00e3o tem sentido de dire\u00e7\u00e3o alterado; Saiba qual","author":"noticiasribeiraopreto.com.br","date":"20 de October de 2025","format":false,"excerpt":"A RP Mobi, empresa respons\u00e1vel pela gest\u00e3o do tr\u00e2nsito em Ribeir\u00e3o Preto, anunciou novas altera\u00e7\u00f5es no tr\u00e1fego nesta segunda-feira (20) no Jardim Zara, pr\u00f3ximo ao Cemit\u00e9rio Bom Pastor, na zona Leste da cidade. De acordo com o comunicado, foi implantado o sentido \u00fanico de dire\u00e7\u00e3o em um trecho da rua\u2026","rel":"","context":"In &quot;Not\u00edcias de Ribeir\u00e3o Preto-SP e Regi\u00e3o&quot;","block_context":{"text":"Not\u00edcias de Ribeir\u00e3o Preto-SP e Regi\u00e3o","link":"https:\/\/noticiasribeiraopreto.com.br\/index.php\/category\/noticias-de-ribeirao-preto-sp-e-regiao-ismael-colosi\/"},"img":{"alt_text":"","src":"https:\/\/i0.wp.com\/noticiasribeiraopreto.com.br\/wp-content\/uploads\/2025\/10\/transitoalterado_02_2025-10-20_19-53-54.webp.webp?fit=1200%2C800&ssl=1&resize=350%2C200","width":350,"height":200,"srcset":"https:\/\/i0.wp.com\/noticiasribeiraopreto.com.br\/wp-content\/uploads\/2025\/10\/transitoalterado_02_2025-10-20_19-53-54.webp.webp?fit=1200%2C800&ssl=1&resize=350%2C200 1x, https:\/\/i0.wp.com\/noticiasribeiraopreto.com.br\/wp-content\/uploads\/2025\/10\/transitoalterado_02_2025-10-20_19-53-54.webp.webp?fit=1200%2C800&ssl=1&resize=525%2C300 1.5x, https:\/\/i0.wp.com\/noticiasribeiraopreto.com.br\/wp-content\/uploads\/2025\/10\/transitoalterado_02_2025-10-20_19-53-54.webp.webp?fit=1200%2C800&ssl=1&resize=700%2C400 2x, https:\/\/i0.wp.com\/noticiasribeiraopreto.com.br\/wp-content\/uploads\/2025\/10\/transitoalterado_02_2025-10-20_19-53-54.webp.webp?fit=1200%2C800&ssl=1&resize=1050%2C600 3x"},"classes":[]},{"id":62302,"url":"https:\/\/noticiasribeiraopreto.com.br\/index.php\/2025\/01\/09\/trecho-no-centro-de-ribeirao-preto-sera-interditado-veja-rota-alternativa\/","url_meta":{"origin":75763,"position":4},"title":"Trecho no Centro de Ribeir\u00e3o Preto ser\u00e1 interditado; Veja rota alternativa","author":"noticiasribeiraopreto.com.br","date":"9 de January de 2025","format":false,"excerpt":"A Prefeitura de Ribeir\u00e3o Preto informou que far\u00e1 a interdi\u00e7\u00e3o total do cruzamento da rua S\u00e3o Sebasti\u00e3o com a Comandante Marcondes Salgado, no Centro do munic\u00edpio, a partir desta sexta-feira (10). De acordo com a Administra\u00e7\u00e3o, o bloqueio acontece devido \u00e0 continua\u00e7\u00e3o das obras de substitui\u00e7\u00e3o da galeria de \u00e1gua\u2026","rel":"","context":"In &quot;Not\u00edcias de Ribeir\u00e3o Preto-SP e Regi\u00e3o&quot;","block_context":{"text":"Not\u00edcias de Ribeir\u00e3o Preto-SP e Regi\u00e3o","link":"https:\/\/noticiasribeiraopreto.com.br\/index.php\/category\/noticias-de-ribeirao-preto-sp-e-regiao-ismael-colosi\/"},"img":{"alt_text":"","src":"https:\/\/noticiasribeiraopreto.com.br\/wp-content\/uploads\/2024\/11\/transito-sca-1.jpe","width":350,"height":200,"srcset":"https:\/\/noticiasribeiraopreto.com.br\/wp-content\/uploads\/2024\/11\/transito-sca-1.jpe 1x, https:\/\/noticiasribeiraopreto.com.br\/wp-content\/uploads\/2024\/11\/transito-sca-1.jpe 1.5x, https:\/\/noticiasribeiraopreto.com.br\/wp-content\/uploads\/2024\/11\/transito-sca-1.jpe 2x, https:\/\/noticiasribeiraopreto.com.br\/wp-content\/uploads\/2024\/11\/transito-sca-1.jpe 3x"},"classes":[]},{"id":55899,"url":"https:\/\/noticiasribeiraopreto.com.br\/index.php\/2024\/08\/07\/ruas-de-ribeirao-preto-tem-sentido-de-direcao-alterado-veja-quais\/","url_meta":{"origin":75763,"position":5},"title":"Ruas de Ribeir\u00e3o Preto t\u00eam sentido de dire\u00e7\u00e3o alterado; Veja quais","author":"noticiasribeiraopreto.com.br","date":"7 de August de 2024","format":false,"excerpt":"A RP Mobi informou que duas ruas de Ribeir\u00e3o Preto tiveram a implanta\u00e7\u00e3o do sentido \u00fanico de dire\u00e7\u00e3o, nesta quarta-feira (7). As altera\u00e7\u00f5es aconteceram no bairro Monte Alegre, na zona Oeste, e est\u00e3o sendo acompanhada pela equipe de departamento de tr\u00e2nsito. O sentido \u00fanico foi implantado nas ruas Aquidauana e\u2026","rel":"","context":"In &quot;Not\u00edcias de Ribeir\u00e3o Preto-SP e Regi\u00e3o&quot;","block_context":{"text":"Not\u00edcias de Ribeir\u00e3o Preto-SP e Regi\u00e3o","link":"https:\/\/noticiasribeiraopreto.com.br\/index.php\/category\/noticias-de-ribeirao-preto-sp-e-regiao-ismael-colosi\/"},"img":{"alt_text":"","src":"https:\/\/i0.wp.com\/noticiasribeiraopreto.com.br\/wp-content\/uploads\/2024\/08\/rua-caninde_2024-08-07_19-26-44_jpg_2024-08-07_19-26-44.webp.webp?fit=1009%2C500&ssl=1&resize=350%2C200","width":350,"height":200,"srcset":"https:\/\/i0.wp.com\/noticiasribeiraopreto.com.br\/wp-content\/uploads\/2024\/08\/rua-caninde_2024-08-07_19-26-44_jpg_2024-08-07_19-26-44.webp.webp?fit=1009%2C500&ssl=1&resize=350%2C200 1x, https:\/\/i0.wp.com\/noticiasribeiraopreto.com.br\/wp-content\/uploads\/2024\/08\/rua-caninde_2024-08-07_19-26-44_jpg_2024-08-07_19-26-44.webp.webp?fit=1009%2C500&ssl=1&resize=525%2C300 1.5x, https:\/\/i0.wp.com\/noticiasribeiraopreto.com.br\/wp-content\/uploads\/2024\/08\/rua-caninde_2024-08-07_19-26-44_jpg_2024-08-07_19-26-44.webp.webp?fit=1009%2C500&ssl=1&resize=700%2C400 2x"},"classes":[]}],"jetpack_sharing_enabled":true,"jetpack_shortlink":"https:\/\/wp.me\/peQAOb-jHZ","_links":{"self":[{"href":"https:\/\/noticiasribeiraopreto.com.br\/index.php\/wp-json\/wp\/v2\/posts\/75763","targetHints":{"allow":["GET"]}}],"collection":[{"href":"https:\/\/noticiasribeiraopreto.com.br\/index.php\/wp-json\/wp\/v2\/posts"}],"about":[{"href":"https:\/\/noticiasribeiraopreto.com.br\/index.php\/wp-json\/wp\/v2\/types\/post"}],"author":[{"embeddable":true,"href":"https:\/\/noticiasribeiraopreto.com.br\/index.php\/wp-json\/wp\/v2\/users\/1"}],"replies":[{"embeddable":true,"href":"https:\/\/noticiasribeiraopreto.com.br\/index.php\/wp-json\/wp\/v2\/comments?post=75763"}],"version-history":[{"count":0,"href":"https:\/\/noticiasribeiraopreto.com.br\/index.php\/wp-json\/wp\/v2\/posts\/75763\/revisions"}],"wp:featuredmedia":[{"embeddable":true,"href":"https:\/\/noticiasribeiraopreto.com.br\/index.php\/wp-json\/wp\/v2\/media\/75764"}],"wp:attachment":[{"href":"https:\/\/noticiasribeiraopreto.com.br\/index.php\/wp-json\/wp\/v2\/media?parent=75763"}],"wp:term":[{"taxonomy":"category","embeddable":true,"href":"https:\/\/noticiasribeiraopreto.com.br\/index.php\/wp-json\/wp\/v2\/categories?post=75763"},{"taxonomy":"post_tag","embeddable":true,"href":"https:\/\/noticiasribeiraopreto.com.br\/index.php\/wp-json\/wp\/v2\/tags?post=75763"}],"curies":[{"name":"wp","href":"https:\/\/api.w.org\/{rel}","templated":true}]}}