{"id":75765,"date":"2025-08-14T21:15:24","date_gmt":"2025-08-15T00:15:24","guid":{"rendered":"https:\/\/noticiasribeiraopreto.com.br\/index.php\/2025\/08\/14\/policia-civil-apreende-mais-de-100-kg-de-produtos-falsificados-da-festa-do-peao\/"},"modified":"2025-08-14T21:15:24","modified_gmt":"2025-08-15T00:15:24","slug":"policia-civil-apreende-mais-de-100-kg-de-produtos-falsificados-da-festa-do-peao","status":"publish","type":"post","link":"https:\/\/noticiasribeiraopreto.com.br\/index.php\/2025\/08\/14\/policia-civil-apreende-mais-de-100-kg-de-produtos-falsificados-da-festa-do-peao\/","title":{"rendered":"Pol\u00edcia Civil apreende mais de 100 kg de produtos falsificados da Festa do Pe\u00e3o"},"content":{"rendered":"<div class='code-block code-block-1' style='margin: 8px 0 8px auto; text-align: right; display: block; clear: both;'>\n<p><a href=\"https:\/\/wa.link\/vpicfd\"><img data-recalc-dims=\"1\" class=\"wp-image-4922\" style=\"aspect-ratio: 2.0253164556962027; width: 561px; height: auto;\" src=\"https:\/\/i0.wp.com\/ismaelcolosi.com.br\/wp-content\/uploads\/2023\/11\/grupo-de-empregos-whatsapp-e-facebook-ismael-colosi-vagas.jpg?ssl=1\" alt=\"\" \/><\/a><\/p>\n<!-- \/wp:image -->\n<\/div>\n<p> <br \/>\n<\/p>\n<div data-td-block-uid=\"tdi_95\">\n<div class=\"tdb-block-inner td-fix-index\">\n<p>A <strong>Pol\u00edcia Civil<\/strong> apreendeu, na tarde desta quinta-feira (14), mais de <strong>100 quilos de produtos falsificados<\/strong> que utilizavam a marca da <strong>Festa do Pe\u00e3o<\/strong> em um estabelecimento comercial \u00e0s margens da rodovia Brigadeiro Faria Lima (SP-326), em <strong>Barretos<\/strong>, cidade a 120 quil\u00f4metros de<strong> Ribeir\u00e3o Preto<\/strong>.<\/p>\n<p>De acordo com as informa\u00e7\u00f5es, os policiais, por meio da Delegacia Seccional e da Delegacia de Investiga\u00e7\u00f5es Gerais de Barretos, chegaram ao local ap\u00f3s <strong>den\u00fancias an\u00f4nimas<\/strong> e encontraram diversas <strong>canecas<\/strong>, <strong>copos<\/strong>, <strong>bolsas <\/strong>e <strong>bon\u00e9s<\/strong>.<\/p>\n<div class=\"wp-block-image\">\n<figure class=\"aligncenter size-large is-resized\"><img data-recalc-dims=\"1\" fetchpriority=\"high\" decoding=\"async\" width=\"1024\" height=\"576\" src=\"https:\/\/i0.wp.com\/cdn.media-acidadeon.com.br\/ribeiraopreto\/wp-content\/uploads\/sites\/3\/2025\/08\/Copia-de-Copia-de-Copia-de-TAMANHO-EXATO-PARA-FOTOS-NO-SISTEMA-NOVO-2025-08-14T184541.445_2025-08-14_21-45-49-1024x576.webp?resize=1024%2C576&#038;ssl=1\" alt=\"Produtos com a marca da Festa do pe\u00e3o foram apreendidos pela Pol\u00edcia Civil - Foto: divulga\u00e7\u00e3o.\" class=\"wp-image-125882\" style=\"width:657px;height:auto\" srcset=\"https:\/\/cdn.media-acidadeon.com.br\/ribeiraopreto\/wp-content\/uploads\/sites\/3\/2025\/08\/Copia-de-Copia-de-Copia-de-TAMANHO-EXATO-PARA-FOTOS-NO-SISTEMA-NOVO-2025-08-14T184541.445_2025-08-14_21-45-49-1024x576.webp 1024w, https:\/\/cdn.media-acidadeon.com.br\/ribeiraopreto\/wp-content\/uploads\/sites\/3\/2025\/08\/Copia-de-Copia-de-Copia-de-TAMANHO-EXATO-PARA-FOTOS-NO-SISTEMA-NOVO-2025-08-14T184541.445_2025-08-14_21-45-49-300x169.webp 300w, https:\/\/cdn.media-acidadeon.com.br\/ribeiraopreto\/wp-content\/uploads\/sites\/3\/2025\/08\/Copia-de-Copia-de-Copia-de-TAMANHO-EXATO-PARA-FOTOS-NO-SISTEMA-NOVO-2025-08-14T184541.445_2025-08-14_21-45-49-768x432.webp 768w, https:\/\/cdn.media-acidadeon.com.br\/ribeiraopreto\/wp-content\/uploads\/sites\/3\/2025\/08\/Copia-de-Copia-de-Copia-de-TAMANHO-EXATO-PARA-FOTOS-NO-SISTEMA-NOVO-2025-08-14T184541.445_2025-08-14_21-45-49-696x392.webp 696w, https:\/\/cdn.media-acidadeon.com.br\/ribeiraopreto\/wp-content\/uploads\/sites\/3\/2025\/08\/Copia-de-Copia-de-Copia-de-TAMANHO-EXATO-PARA-FOTOS-NO-SISTEMA-NOVO-2025-08-14T184541.445_2025-08-14_21-45-49-1068x601.webp 1068w, https:\/\/cdn.media-acidadeon.com.br\/ribeiraopreto\/wp-content\/uploads\/sites\/3\/2025\/08\/Copia-de-Copia-de-Copia-de-TAMANHO-EXATO-PARA-FOTOS-NO-SISTEMA-NOVO-2025-08-14T184541.445_2025-08-14_21-45-49.webp 1200w\" sizes=\"(max-width: 1024px) 100vw, 1024px\"\/><figcaption class=\"wp-element-caption\">Produtos com a marca da Festa do pe\u00e3o foram apreendidos pela Pol\u00edcia Civil \u2013 Foto: divulga\u00e7\u00e3o.<\/figcaption><\/figure>\n<\/div>\n<p>Todo o material estava exposto \u00e0 venda e utilizava a marca da <strong>Festa do Pe\u00e3o de Barretos<\/strong> sem a devida autoriza\u00e7\u00e3o para comercializa\u00e7\u00e3o.<\/p>\n<p>Os produtos foram apreendidos e o respons\u00e1vel pelo estabelecimento encaminhado para a delegacia. Ele deve responder pelo crime contra registro de marca (falsifica\u00e7\u00e3o).<\/p>\n<p><em>*Com informa\u00e7\u00f5es do g1 Ribeir\u00e3o Preto<\/em><\/p>\n<hr class=\"wp-block-separator has-alpha-channel-opacity\"\/>\n<p>SAIBA MAIS<\/p>\n<p>Carreta carregada com soda c\u00e1ustica tomba e interdita rodovia Anhanguera<\/p>\n<h2 class=\"wp-block-heading\"><strong>FIQUE ON<\/strong><\/h2>\n<p>Quer ficar por dentro de tudo que acontece em Ribeir\u00e3o Preto e regi\u00e3o? Ent\u00e3o siga os perfis do\u202facidade on\u202fno\u202f<a href=\"https:\/\/www.instagram.com\/acidadeonribeirao\" target=\"_blank\" rel=\"noreferrer noopener\">Instagram<\/a>\u202fe no\u202f<a href=\"https:\/\/www.facebook.com\/acidadeonribeirao\/\" target=\"_blank\" rel=\"noreferrer noopener\">Facebook<\/a>.<\/p>\n<p>Al\u00e9m disso, voc\u00ea pode receber as principais not\u00edcias diretamente no WhatsApp. Para isso, basta\u00a0<a href=\"https:\/\/chat.whatsapp.com\/BjKQZ9oJwlz8VVT50NuePq\" target=\"_blank\" rel=\"noreferrer noopener\">entrar no grupo clicando aqui<\/a>.<\/p>\n<p>Por fim, se quiser fazer uma den\u00fancia ou sugerir uma reportagem sobre Ribeir\u00e3o Preto e regi\u00e3o, envie uma mensagem pelo WhatsApp: (16) 99117-7802.<\/p>\n<p>VEJA TAMB\u00c9M<\/p>\n<p>Por que o Megadeth acabou?<\/p>\n<p><!-- AI CONTENT END 1 -->\n<\/div>\n<\/div>\n<p><script async src=\"\/\/www.instagram.com\/embed.js\"><\/script><br \/>\n<br \/><br \/>\n<br \/><a href=\"https:\/\/www.acidadeon.com\/ribeiraopreto\/cotidiano\/policia-civil-apreende-mais-de-100-kg-de-produtos-falsificados-da-festa-do-peao\/\">Source link <\/a><\/p>\n<!-- CONTENT END 1 -->\n","protected":false},"excerpt":{"rendered":"<p>A Pol\u00edcia Civil apreendeu, na tarde desta quinta-feira (14), mais de 100 quilos de produtos falsificados que utilizavam a marca da Festa do Pe\u00e3o em&#8230;<\/p>\n","protected":false},"author":1,"featured_media":75766,"comment_status":"open","ping_status":"open","sticky":false,"template":"","format":"standard","meta":{"advanced_seo_description":"","jetpack_seo_html_title":"","jetpack_seo_noindex":false,"jetpack_post_was_ever_published":false,"_jetpack_newsletter_access":"","_jetpack_dont_email_post_to_subs":false,"_jetpack_newsletter_tier_id":0,"_jetpack_memberships_contains_paywalled_content":false,"_jetpack_memberships_contains_paid_content":false,"footnotes":"","jetpack_publicize_message":"","jetpack_publicize_feature_enabled":true,"jetpack_social_post_already_shared":true,"jetpack_social_options":{"image_generator_settings":{"template":"highway","default_image_id":0,"font":"","enabled":false},"version":2}},"categories":[11],"tags":[],"class_list":["post-75765","post","type-post","status-publish","format-standard","has-post-thumbnail","hentry","category-noticias-de-ribeirao-preto-sp-e-regiao-ismael-colosi"],"jetpack_publicize_connections":[],"jetpack_featured_media_url":"https:\/\/i0.wp.com\/noticiasribeiraopreto.com.br\/wp-content\/uploads\/2025\/08\/WhatsApp-Image-2025-08-14-at-15.15.09_2025-08-14_21-51-22.webp.webp?fit=1200%2C900&ssl=1","jetpack-related-posts":[{"id":76061,"url":"https:\/\/noticiasribeiraopreto.com.br\/index.php\/2025\/08\/21\/festa-do-peao-de-barretos-policias-intensificam-seguranca-com-mais-de-24-mil-agentes\/","url_meta":{"origin":75765,"position":0},"title":"Festa do Pe\u00e3o de Barretos: Pol\u00edcias intensificam seguran\u00e7a com mais de 2,4 mil agentes","author":"noticiasribeiraopreto.com.br","date":"21 de August de 2025","format":false,"excerpt":"As Pol\u00edcias Civil Militar montaram um esquema especial de seguran\u00e7a durante a Festa do Pe\u00e3o de Barretos, que come\u00e7a nesta quinta-feira (21) e segue at\u00e9 31 de agosto, no Parque do Pe\u00e3o. Cerca de 2,4 mil policiais v\u00e3o refor\u00e7ar a seguran\u00e7a do evento, que deve movimentar um milh\u00e3o de pessoas.\u2026","rel":"","context":"In &quot;Not\u00edcias de Ribeir\u00e3o Preto-SP e Regi\u00e3o&quot;","block_context":{"text":"Not\u00edcias de Ribeir\u00e3o Preto-SP e Regi\u00e3o","link":"https:\/\/noticiasribeiraopreto.com.br\/index.php\/category\/noticias-de-ribeirao-preto-sp-e-regiao-ismael-colosi\/"},"img":{"alt_text":"","src":"https:\/\/i0.wp.com\/noticiasribeiraopreto.com.br\/wp-content\/uploads\/2025\/08\/festa-do-peao-de-barretos_2025-08-21_12-59-14.webp.webp?fit=1024%2C682&ssl=1&resize=350%2C200","width":350,"height":200,"srcset":"https:\/\/i0.wp.com\/noticiasribeiraopreto.com.br\/wp-content\/uploads\/2025\/08\/festa-do-peao-de-barretos_2025-08-21_12-59-14.webp.webp?fit=1024%2C682&ssl=1&resize=350%2C200 1x, https:\/\/i0.wp.com\/noticiasribeiraopreto.com.br\/wp-content\/uploads\/2025\/08\/festa-do-peao-de-barretos_2025-08-21_12-59-14.webp.webp?fit=1024%2C682&ssl=1&resize=525%2C300 1.5x, https:\/\/i0.wp.com\/noticiasribeiraopreto.com.br\/wp-content\/uploads\/2025\/08\/festa-do-peao-de-barretos_2025-08-21_12-59-14.webp.webp?fit=1024%2C682&ssl=1&resize=700%2C400 2x"},"classes":[]},{"id":76158,"url":"https:\/\/noticiasribeiraopreto.com.br\/index.php\/2025\/08\/22\/festa-do-peao-de-barretos-2025-veja-horario-dos-shows-desta-sexta-feira\/","url_meta":{"origin":75765,"position":1},"title":"Festa do Pe\u00e3o de Barretos 2025: Veja hor\u00e1rio dos shows desta sexta-feira","author":"noticiasribeiraopreto.com.br","date":"22 de August de 2025","format":false,"excerpt":"A primeira sexta-feira (22) da 70\u00aa Festa do Pe\u00e3o de Barretos traz ao Palco Est\u00e1dio Bruno & Marrone, Hugo & Guilherme e o cantor Murilo Huff. Na estreia desta edi\u00e7\u00e3o do Palco Amanhecer, o local ter\u00e1 duplas como Munhoz & Mariano e Henrique & Diego. Veja a programa\u00e7\u00e3o completa da\u2026","rel":"","context":"In &quot;Not\u00edcias de Ribeir\u00e3o Preto-SP e Regi\u00e3o&quot;","block_context":{"text":"Not\u00edcias de Ribeir\u00e3o Preto-SP e Regi\u00e3o","link":"https:\/\/noticiasribeiraopreto.com.br\/index.php\/category\/noticias-de-ribeirao-preto-sp-e-regiao-ismael-colosi\/"},"img":{"alt_text":"","src":"https:\/\/i0.wp.com\/noticiasribeiraopreto.com.br\/wp-content\/uploads\/2025\/08\/68a886e13b48e.webp.webp?fit=1200%2C673&ssl=1&resize=350%2C200","width":350,"height":200,"srcset":"https:\/\/i0.wp.com\/noticiasribeiraopreto.com.br\/wp-content\/uploads\/2025\/08\/68a886e13b48e.webp.webp?fit=1200%2C673&ssl=1&resize=350%2C200 1x, https:\/\/i0.wp.com\/noticiasribeiraopreto.com.br\/wp-content\/uploads\/2025\/08\/68a886e13b48e.webp.webp?fit=1200%2C673&ssl=1&resize=525%2C300 1.5x, https:\/\/i0.wp.com\/noticiasribeiraopreto.com.br\/wp-content\/uploads\/2025\/08\/68a886e13b48e.webp.webp?fit=1200%2C673&ssl=1&resize=700%2C400 2x, https:\/\/i0.wp.com\/noticiasribeiraopreto.com.br\/wp-content\/uploads\/2025\/08\/68a886e13b48e.webp.webp?fit=1200%2C673&ssl=1&resize=1050%2C600 3x"},"classes":[]},{"id":76088,"url":"https:\/\/noticiasribeiraopreto.com.br\/index.php\/2025\/08\/21\/festa-do-peao-de-barretos-2025-veja-horario-dos-shows-desta-quinta-feira\/","url_meta":{"origin":75765,"position":2},"title":"Festa do Pe\u00e3o de Barretos 2025: Veja hor\u00e1rio dos shows desta quinta-feira","author":"noticiasribeiraopreto.com.br","date":"21 de August de 2025","format":false,"excerpt":"A 70\u00aa edi\u00e7\u00e3o da Festa do Pe\u00e3o de Barretos, principal evento de rodeio da Am\u00e9rica Latina, come\u00e7a nesta quinta-feira (21). A abertura do evento traz grandes nomes da m\u00fasica sertaneja: Fernando & Sorocaba, Jo\u00e3o Bosco & Vinicius e Guilherme & Santiago. Veja a programa\u00e7\u00e3o completa da noite: 23h \u2013 Fernando\u2026","rel":"","context":"In &quot;Not\u00edcias de Ribeir\u00e3o Preto-SP e Regi\u00e3o&quot;","block_context":{"text":"Not\u00edcias de Ribeir\u00e3o Preto-SP e Regi\u00e3o","link":"https:\/\/noticiasribeiraopreto.com.br\/index.php\/category\/noticias-de-ribeirao-preto-sp-e-regiao-ismael-colosi\/"},"img":{"alt_text":"","src":"https:\/\/i0.wp.com\/noticiasribeiraopreto.com.br\/wp-content\/uploads\/2025\/08\/parque-do-peao.jpeg?fit=1200%2C674&ssl=1&resize=350%2C200","width":350,"height":200,"srcset":"https:\/\/i0.wp.com\/noticiasribeiraopreto.com.br\/wp-content\/uploads\/2025\/08\/parque-do-peao.jpeg?fit=1200%2C674&ssl=1&resize=350%2C200 1x, https:\/\/i0.wp.com\/noticiasribeiraopreto.com.br\/wp-content\/uploads\/2025\/08\/parque-do-peao.jpeg?fit=1200%2C674&ssl=1&resize=525%2C300 1.5x, https:\/\/i0.wp.com\/noticiasribeiraopreto.com.br\/wp-content\/uploads\/2025\/08\/parque-do-peao.jpeg?fit=1200%2C674&ssl=1&resize=700%2C400 2x, https:\/\/i0.wp.com\/noticiasribeiraopreto.com.br\/wp-content\/uploads\/2025\/08\/parque-do-peao.jpeg?fit=1200%2C674&ssl=1&resize=1050%2C600 3x"},"classes":[]},{"id":43012,"url":"https:\/\/noticiasribeiraopreto.com.br\/index.php\/2024\/03\/18\/veja-a-programacao-musical-da-festa-do-peao-de-barretos-2024\/","url_meta":{"origin":75765,"position":3},"title":"Veja a programa\u00e7\u00e3o musical da Festa do Pe\u00e3o de Barretos 2024","author":"noticiasribeiraopreto.com.br","date":"18 de March de 2024","format":false,"excerpt":"A Festa do Pe\u00e3o de Barretos, que acontece de 15 a 25 de agosto, tem mais uma atra\u00e7\u00e3o musical confirmada. Desta vez, \u00e9 a dupla Zez\u00e9 Di Camargo & Luciano que confirmou presen\u00e7a no dia 23 de agosto. No mesmo dia em que a dupla sertaneja, que faz sucesso desde\u2026","rel":"","context":"In &quot;Not\u00edcias de Ribeir\u00e3o Preto-SP e Regi\u00e3o&quot;","block_context":{"text":"Not\u00edcias de Ribeir\u00e3o Preto-SP e Regi\u00e3o","link":"https:\/\/noticiasribeiraopreto.com.br\/index.php\/category\/noticias-de-ribeirao-preto-sp-e-regiao-ismael-colosi\/"},"img":{"alt_text":"","src":"https:\/\/i0.wp.com\/noticiasribeiraopreto.com.br\/wp-content\/uploads\/2024\/03\/Copia-de-Copia-de-TAMANHO-EXATO-PARA-FOTOS-NO-SISTEMA-NOVO-64.jpg?fit=1200%2C675&ssl=1&resize=350%2C200","width":350,"height":200,"srcset":"https:\/\/i0.wp.com\/noticiasribeiraopreto.com.br\/wp-content\/uploads\/2024\/03\/Copia-de-Copia-de-TAMANHO-EXATO-PARA-FOTOS-NO-SISTEMA-NOVO-64.jpg?fit=1200%2C675&ssl=1&resize=350%2C200 1x, https:\/\/i0.wp.com\/noticiasribeiraopreto.com.br\/wp-content\/uploads\/2024\/03\/Copia-de-Copia-de-TAMANHO-EXATO-PARA-FOTOS-NO-SISTEMA-NOVO-64.jpg?fit=1200%2C675&ssl=1&resize=525%2C300 1.5x, https:\/\/i0.wp.com\/noticiasribeiraopreto.com.br\/wp-content\/uploads\/2024\/03\/Copia-de-Copia-de-TAMANHO-EXATO-PARA-FOTOS-NO-SISTEMA-NOVO-64.jpg?fit=1200%2C675&ssl=1&resize=700%2C400 2x, https:\/\/i0.wp.com\/noticiasribeiraopreto.com.br\/wp-content\/uploads\/2024\/03\/Copia-de-Copia-de-TAMANHO-EXATO-PARA-FOTOS-NO-SISTEMA-NOVO-64.jpg?fit=1200%2C675&ssl=1&resize=1050%2C600 3x"},"classes":[]},{"id":65081,"url":"https:\/\/noticiasribeiraopreto.com.br\/index.php\/2025\/03\/15\/veja-as-atracoes-confirmadas-para-o-primeiro-dia-da-festa-do-peao-de-barretos-de-2025\/","url_meta":{"origin":75765,"position":4},"title":"Veja as atra\u00e7\u00f5es confirmadas para o primeiro dia da Festa do Pe\u00e3o de Barretos de 2025","author":"noticiasribeiraopreto.com.br","date":"15 de March de 2025","format":false,"excerpt":"A 70\u00aa edi\u00e7\u00e3o da Festa do Pe\u00e3o de Barretos, que acontece entre os dias 21 a 31 de agosto, no Parque do Pe\u00e3o, em Barretos, anunciou nesta sexta-feira (14) tr\u00eas atra\u00e7\u00f5es do palco Est\u00e1dios de Rodeios. Os artistas abrir\u00e3o a programa\u00e7\u00e3o do Barret\u00e3o, no dia 21 de agosto. Entre as\u2026","rel":"","context":"In &quot;Not\u00edcias de Ribeir\u00e3o Preto-SP e Regi\u00e3o&quot;","block_context":{"text":"Not\u00edcias de Ribeir\u00e3o Preto-SP e Regi\u00e3o","link":"https:\/\/noticiasribeiraopreto.com.br\/index.php\/category\/noticias-de-ribeirao-preto-sp-e-regiao-ismael-colosi\/"},"img":{"alt_text":"","src":"https:\/\/i0.wp.com\/noticiasribeiraopreto.com.br\/wp-content\/uploads\/2025\/03\/Fernando-e-Sorocaba_2025-03-15_14-35-21.webp.webp?fit=1200%2C675&ssl=1&resize=350%2C200","width":350,"height":200,"srcset":"https:\/\/i0.wp.com\/noticiasribeiraopreto.com.br\/wp-content\/uploads\/2025\/03\/Fernando-e-Sorocaba_2025-03-15_14-35-21.webp.webp?fit=1200%2C675&ssl=1&resize=350%2C200 1x, https:\/\/i0.wp.com\/noticiasribeiraopreto.com.br\/wp-content\/uploads\/2025\/03\/Fernando-e-Sorocaba_2025-03-15_14-35-21.webp.webp?fit=1200%2C675&ssl=1&resize=525%2C300 1.5x, https:\/\/i0.wp.com\/noticiasribeiraopreto.com.br\/wp-content\/uploads\/2025\/03\/Fernando-e-Sorocaba_2025-03-15_14-35-21.webp.webp?fit=1200%2C675&ssl=1&resize=700%2C400 2x, https:\/\/i0.wp.com\/noticiasribeiraopreto.com.br\/wp-content\/uploads\/2025\/03\/Fernando-e-Sorocaba_2025-03-15_14-35-21.webp.webp?fit=1200%2C675&ssl=1&resize=1050%2C600 3x"},"classes":[]},{"id":84375,"url":"https:\/\/noticiasribeiraopreto.com.br\/index.php\/2026\/04\/08\/matheus-e-kauan-abrem-a-festa-do-peao-de-barretos-2026-veja-atracoes-confirmadas\/","url_meta":{"origin":75765,"position":5},"title":"Matheus e Kauan abrem a Festa do Pe\u00e3o de Barretos 2026; Veja atra\u00e7\u00f5es confirmadas","author":"noticiasribeiraopreto.com.br","date":"8 de April de 2026","format":false,"excerpt":"Ler o resumo da not\u00edcia Matheus e Kauan abrem a 71\u00aa Festa do Pe\u00e3o de Barretos no dia 20 de agosto, mesma data da apresenta\u00e7\u00e3o de Panda no Est\u00e1dio de Rodeios. Ser\u00e1 a quarta vez que a dupla se apresenta no evento, ap\u00f3s edi\u00e7\u00f5es destacadas em 2023, 2024 e 2025.\u2026","rel":"","context":"In &quot;Not\u00edcias de Ribeir\u00e3o Preto-SP e Regi\u00e3o&quot;","block_context":{"text":"Not\u00edcias de Ribeir\u00e3o Preto-SP e Regi\u00e3o","link":"https:\/\/noticiasribeiraopreto.com.br\/index.php\/category\/noticias-de-ribeirao-preto-sp-e-regiao-ismael-colosi\/"},"img":{"alt_text":"","src":"https:\/\/i0.wp.com\/noticiasribeiraopreto.com.br\/wp-content\/uploads\/2026\/04\/matheus-e-kauan_2025-08-25_13-20-22.webp.webp?fit=1075%2C826&ssl=1&resize=350%2C200","width":350,"height":200,"srcset":"https:\/\/i0.wp.com\/noticiasribeiraopreto.com.br\/wp-content\/uploads\/2026\/04\/matheus-e-kauan_2025-08-25_13-20-22.webp.webp?fit=1075%2C826&ssl=1&resize=350%2C200 1x, https:\/\/i0.wp.com\/noticiasribeiraopreto.com.br\/wp-content\/uploads\/2026\/04\/matheus-e-kauan_2025-08-25_13-20-22.webp.webp?fit=1075%2C826&ssl=1&resize=525%2C300 1.5x, https:\/\/i0.wp.com\/noticiasribeiraopreto.com.br\/wp-content\/uploads\/2026\/04\/matheus-e-kauan_2025-08-25_13-20-22.webp.webp?fit=1075%2C826&ssl=1&resize=700%2C400 2x, https:\/\/i0.wp.com\/noticiasribeiraopreto.com.br\/wp-content\/uploads\/2026\/04\/matheus-e-kauan_2025-08-25_13-20-22.webp.webp?fit=1075%2C826&ssl=1&resize=1050%2C600 3x"},"classes":[]}],"jetpack_sharing_enabled":true,"jetpack_shortlink":"https:\/\/wp.me\/peQAOb-jI1","_links":{"self":[{"href":"https:\/\/noticiasribeiraopreto.com.br\/index.php\/wp-json\/wp\/v2\/posts\/75765","targetHints":{"allow":["GET"]}}],"collection":[{"href":"https:\/\/noticiasribeiraopreto.com.br\/index.php\/wp-json\/wp\/v2\/posts"}],"about":[{"href":"https:\/\/noticiasribeiraopreto.com.br\/index.php\/wp-json\/wp\/v2\/types\/post"}],"author":[{"embeddable":true,"href":"https:\/\/noticiasribeiraopreto.com.br\/index.php\/wp-json\/wp\/v2\/users\/1"}],"replies":[{"embeddable":true,"href":"https:\/\/noticiasribeiraopreto.com.br\/index.php\/wp-json\/wp\/v2\/comments?post=75765"}],"version-history":[{"count":0,"href":"https:\/\/noticiasribeiraopreto.com.br\/index.php\/wp-json\/wp\/v2\/posts\/75765\/revisions"}],"wp:featuredmedia":[{"embeddable":true,"href":"https:\/\/noticiasribeiraopreto.com.br\/index.php\/wp-json\/wp\/v2\/media\/75766"}],"wp:attachment":[{"href":"https:\/\/noticiasribeiraopreto.com.br\/index.php\/wp-json\/wp\/v2\/media?parent=75765"}],"wp:term":[{"taxonomy":"category","embeddable":true,"href":"https:\/\/noticiasribeiraopreto.com.br\/index.php\/wp-json\/wp\/v2\/categories?post=75765"},{"taxonomy":"post_tag","embeddable":true,"href":"https:\/\/noticiasribeiraopreto.com.br\/index.php\/wp-json\/wp\/v2\/tags?post=75765"}],"curies":[{"name":"wp","href":"https:\/\/api.w.org\/{rel}","templated":true}]}}