{"id":75768,"date":"2025-08-15T09:11:51","date_gmt":"2025-08-15T12:11:51","guid":{"rendered":"https:\/\/noticiasribeiraopreto.com.br\/index.php\/2025\/08\/15\/acusado-de-latrocinio-no-sul-e-preso-durante-fuga-na-regiao-de-ribeirao-preto\/"},"modified":"2025-08-15T09:11:51","modified_gmt":"2025-08-15T12:11:51","slug":"acusado-de-latrocinio-no-sul-e-preso-durante-fuga-na-regiao-de-ribeirao-preto","status":"publish","type":"post","link":"https:\/\/noticiasribeiraopreto.com.br\/index.php\/2025\/08\/15\/acusado-de-latrocinio-no-sul-e-preso-durante-fuga-na-regiao-de-ribeirao-preto\/","title":{"rendered":"Acusado de latroc\u00ednio no Sul \u00e9 preso durante fuga na regi\u00e3o de Ribeir\u00e3o Preto"},"content":{"rendered":"<div class='code-block code-block-1' style='margin: 8px 0 8px auto; text-align: right; display: block; clear: both;'>\n<p><a href=\"https:\/\/wa.link\/vpicfd\"><img data-recalc-dims=\"1\" class=\"wp-image-4922\" style=\"aspect-ratio: 2.0253164556962027; width: 561px; height: auto;\" src=\"https:\/\/i0.wp.com\/ismaelcolosi.com.br\/wp-content\/uploads\/2023\/11\/grupo-de-empregos-whatsapp-e-facebook-ismael-colosi-vagas.jpg?ssl=1\" alt=\"\" \/><\/a><\/p>\n<!-- \/wp:image -->\n<\/div>\n<p> <br \/>\n<\/p>\n<div data-td-block-uid=\"tdi_95\">\n<div class=\"tdb-block-inner td-fix-index\">\n<p><strong>Um homem suspeito de roubar um carro e matar a v\u00edtima, em Itaja\u00ed (SC), foi preso nesta quinta-feira (14), durante fuga com a fam\u00edlia, ao passar por Prad\u00f3polis, a 30 quil\u00f4metros de Ribeir\u00e3o Preto.<\/strong><\/p>\n<p>Segundo a <strong>PMR (Pol\u00edcia Militar Rodovi\u00e1ria)<\/strong>, <mark style=\"background-color:#fcb900\" class=\"has-inline-color has-black-color\">o homem estava com a mulher e uma crian\u00e7a de 2 anos no carro roubado da v\u00edtima, um Chevrolet Onix.<\/mark><\/p>\n<p>A pol\u00edcia disse que ele desobedeceu \u00e0 ordem de parada e houve persegui\u00e7\u00e3o, quando entrou em um canavial, onde foi imobilizado e detido.<\/p>\n<p>Ao ser levado \u00e0 Delegacia de Pol\u00edcia Civil foi constatado que o ve\u00edculo havia sido roubado no Sul, na \u00faltima quarta-feira (13) e que na a\u00e7\u00e3o a v\u00edtima tinha sido esfaqueada e faleceu.<\/p>\n<p>O homem, apontado como o autor do homic\u00eddio, viajava com a fam\u00edlia em dire\u00e7\u00e3o ao Nordeste, de acordo com  a pol\u00edcia.<\/p>\n<p>Al\u00e9m dela, a mulher tamb\u00e9m foi presa em flagrante por latroc\u00ednio. A crian\u00e7a foi encaminhada ao Conselho Tutelar.<\/p>\n<p>Vai ter onda de calor? Veja a previs\u00e3o para os pr\u00f3ximos dias<\/p>\n<h2 class=\"wp-block-heading\"><strong>FIQUE ON<\/strong><\/h2>\n<p>Fique ligado em tudo que acontece em Ribeir\u00e3o Preto e regi\u00e3o. Siga os perfis do\u00a0<strong>acidade on\u00a0<\/strong>no\u00a0<a href=\"https:\/\/www.instagram.com\/acidadeonribeirao\" target=\"_blank\" rel=\"noreferrer noopener\">Instagram\u00a0<\/a>e no\u00a0<a href=\"https:\/\/www.facebook.com\/acidadeonribeirao\/\" target=\"_blank\" rel=\"noreferrer noopener\">Facebook<\/a>.<\/p>\n<p>Receba not\u00edcias do<strong>\u00a0acidade on<\/strong>\u00a0no WhatsApp.\u00a0<a href=\"https:\/\/chat.whatsapp.com\/I4nieTEMKlf50pJ28aMemC?mode=ac_t\" target=\"_blank\" rel=\"noreferrer noopener\">Para entrar no grupo, basta clicar aqui.<\/a><\/p>\n<p>Fa\u00e7a uma den\u00fancia ou sugira uma reportagem sobre Ribeir\u00e3o Preto e regi\u00e3o pelo WhatsApp: 16 99117 7802.<\/p>\n<p>VEJA TAMB\u00c9M<\/p>\n<p>Por que o Megadeth acabou?<\/p>\n<p><!-- AI CONTENT END 1 -->\n<\/div>\n<\/div>\n<p><script async src=\"\/\/www.instagram.com\/embed.js\"><\/script><br \/>\n<br \/><br \/>\n<br \/><a href=\"https:\/\/www.acidadeon.com\/ribeiraopreto\/cotidiano\/acusado-de-latrocinio-no-sul-e-preso-durante-fuga-na-regiao-de-ribeirao-preto\/\">Source link <\/a><\/p>\n<!-- CONTENT END 1 -->\n","protected":false},"excerpt":{"rendered":"<p>Um homem suspeito de roubar um carro e matar a v\u00edtima, em Itaja\u00ed (SC), foi preso nesta quinta-feira (14), durante fuga com a fam\u00edlia, ao&#8230;<\/p>\n","protected":false},"author":1,"featured_media":75769,"comment_status":"open","ping_status":"open","sticky":false,"template":"","format":"standard","meta":{"advanced_seo_description":"","jetpack_seo_html_title":"","jetpack_seo_noindex":false,"jetpack_post_was_ever_published":false,"_jetpack_newsletter_access":"","_jetpack_dont_email_post_to_subs":false,"_jetpack_newsletter_tier_id":0,"_jetpack_memberships_contains_paywalled_content":false,"_jetpack_memberships_contains_paid_content":false,"footnotes":"","jetpack_publicize_message":"","jetpack_publicize_feature_enabled":true,"jetpack_social_post_already_shared":true,"jetpack_social_options":{"image_generator_settings":{"template":"highway","default_image_id":0,"font":"","enabled":false},"version":2}},"categories":[11],"tags":[],"class_list":["post-75768","post","type-post","status-publish","format-standard","has-post-thumbnail","hentry","category-noticias-de-ribeirao-preto-sp-e-regiao-ismael-colosi"],"jetpack_publicize_connections":[],"jetpack_featured_media_url":"https:\/\/i0.wp.com\/noticiasribeiraopreto.com.br\/wp-content\/uploads\/2025\/08\/LATROCINIO_2025-08-15_11-32-30.webp.webp?fit=1200%2C671&ssl=1","jetpack-related-posts":[{"id":49387,"url":"https:\/\/noticiasribeiraopreto.com.br\/index.php\/2024\/05\/10\/homem-e-suspeito-de-furtar-carro-da-namorada-e-emprestar-veiculo-em-ribeirao-preto\/","url_meta":{"origin":75768,"position":0},"title":"Homem \u00e9 suspeito de furtar carro da namorada e emprestar ve\u00edculo em Ribeir\u00e3o Preto","author":"noticiasribeiraopreto.com.br","date":"10 de May de 2024","format":false,"excerpt":"Um homem \u00e9 suspeito de furtar o carro da namorada na noite desta quinta-feira (9), em Ribeir\u00e3o Preto. Segundo o boletim de ocorr\u00eancia (BO), a v\u00edtima disse que o homem saiu da casa dela com o carro \u2013 um Fiat Uno vermelho \u2013 sem o seu consentimento. O endere\u00e7o da\u2026","rel":"","context":"In &quot;Not\u00edcias de Ribeir\u00e3o Preto-SP e Regi\u00e3o&quot;","block_context":{"text":"Not\u00edcias de Ribeir\u00e3o Preto-SP e Regi\u00e3o","link":"https:\/\/noticiasribeiraopreto.com.br\/index.php\/category\/noticias-de-ribeirao-preto-sp-e-regiao-ismael-colosi\/"},"img":{"alt_text":"","src":"https:\/\/i0.wp.com\/noticiasribeiraopreto.com.br\/wp-content\/uploads\/2024\/05\/FURTO-CARRO_2024-05-10_14-31-05_jpg_2024-05-10_14-31-05.webp.webp?fit=1200%2C848&ssl=1&resize=350%2C200","width":350,"height":200,"srcset":"https:\/\/i0.wp.com\/noticiasribeiraopreto.com.br\/wp-content\/uploads\/2024\/05\/FURTO-CARRO_2024-05-10_14-31-05_jpg_2024-05-10_14-31-05.webp.webp?fit=1200%2C848&ssl=1&resize=350%2C200 1x, https:\/\/i0.wp.com\/noticiasribeiraopreto.com.br\/wp-content\/uploads\/2024\/05\/FURTO-CARRO_2024-05-10_14-31-05_jpg_2024-05-10_14-31-05.webp.webp?fit=1200%2C848&ssl=1&resize=525%2C300 1.5x, https:\/\/i0.wp.com\/noticiasribeiraopreto.com.br\/wp-content\/uploads\/2024\/05\/FURTO-CARRO_2024-05-10_14-31-05_jpg_2024-05-10_14-31-05.webp.webp?fit=1200%2C848&ssl=1&resize=700%2C400 2x, https:\/\/i0.wp.com\/noticiasribeiraopreto.com.br\/wp-content\/uploads\/2024\/05\/FURTO-CARRO_2024-05-10_14-31-05_jpg_2024-05-10_14-31-05.webp.webp?fit=1200%2C848&ssl=1&resize=1050%2C600 3x"},"classes":[]},{"id":66045,"url":"https:\/\/noticiasribeiraopreto.com.br\/index.php\/2025\/03\/27\/assaltantes-atropelam-idoso-com-o-carro-da-propria-vitima-durante-roubo-em-ribeirao-preto\/","url_meta":{"origin":75768,"position":1},"title":"Assaltantes atropelam idoso com o carro da pr\u00f3pria v\u00edtima durante roubo em Ribeir\u00e3o Preto","author":"noticiasribeiraopreto.com.br","date":"27 de March de 2025","format":false,"excerpt":"Um homem de 80 anos foi atropelado por assaltantes com o pr\u00f3prio carro da\u00a0v\u00edtima roubado\u00a0na a\u00e7\u00e3o, no bairro Dom\u00a0Mielle, zona Oeste de Ribeir\u00e3o Preto. O crime ocorreu\u00a0na \u00faltima\u00a0segunda-feira (24), na rua Jos\u00e9 Roberto Rodrigues, quando o idoso chegava a sua casa, por volta das 20h. Segundo o boletim de ocorr\u00eancia\u2026","rel":"","context":"In &quot;Not\u00edcias de Ribeir\u00e3o Preto-SP e Regi\u00e3o&quot;","block_context":{"text":"Not\u00edcias de Ribeir\u00e3o Preto-SP e Regi\u00e3o","link":"https:\/\/noticiasribeiraopreto.com.br\/index.php\/category\/noticias-de-ribeirao-preto-sp-e-regiao-ismael-colosi\/"},"img":{"alt_text":"","src":"https:\/\/i0.wp.com\/noticiasribeiraopreto.com.br\/wp-content\/uploads\/2025\/03\/1743085233_cpj_policia_1024x576_21012021082231.jpg?fit=1024%2C576&ssl=1&resize=350%2C200","width":350,"height":200,"srcset":"https:\/\/i0.wp.com\/noticiasribeiraopreto.com.br\/wp-content\/uploads\/2025\/03\/1743085233_cpj_policia_1024x576_21012021082231.jpg?fit=1024%2C576&ssl=1&resize=350%2C200 1x, https:\/\/i0.wp.com\/noticiasribeiraopreto.com.br\/wp-content\/uploads\/2025\/03\/1743085233_cpj_policia_1024x576_21012021082231.jpg?fit=1024%2C576&ssl=1&resize=525%2C300 1.5x, https:\/\/i0.wp.com\/noticiasribeiraopreto.com.br\/wp-content\/uploads\/2025\/03\/1743085233_cpj_policia_1024x576_21012021082231.jpg?fit=1024%2C576&ssl=1&resize=700%2C400 2x"},"classes":[]},{"id":66060,"url":"https:\/\/noticiasribeiraopreto.com.br\/index.php\/2025\/03\/27\/assaltantes-atropelam-idoso-com-carro-da-propria-vitima-durante-roubo-em-ribeirao-preto\/","url_meta":{"origin":75768,"position":2},"title":"Assaltantes atropelam idoso com carro da pr\u00f3pria v\u00edtima durante roubo em Ribeir\u00e3o Preto","author":"noticiasribeiraopreto.com.br","date":"27 de March de 2025","format":false,"excerpt":"Um homem de 80 anos foi atropelado por assaltantes que estavam com o carro roubado\u00a0da v\u00edtima, no bairro Dom\u00a0Mielle, zona Oeste de Ribeir\u00e3o Preto. O crime ocorreu\u00a0na \u00faltima\u00a0segunda-feira (24), na rua Jos\u00e9 Roberto Rodrigues, quando a v\u00edtima chegava a sua casa, por volta das 20h. Segundo o boletim de ocorr\u00eancia\u2026","rel":"","context":"In &quot;Not\u00edcias de Ribeir\u00e3o Preto-SP e Regi\u00e3o&quot;","block_context":{"text":"Not\u00edcias de Ribeir\u00e3o Preto-SP e Regi\u00e3o","link":"https:\/\/noticiasribeiraopreto.com.br\/index.php\/category\/noticias-de-ribeirao-preto-sp-e-regiao-ismael-colosi\/"},"img":{"alt_text":"","src":"https:\/\/i0.wp.com\/noticiasribeiraopreto.com.br\/wp-content\/uploads\/2025\/03\/1743092192_cpj_policia_1024x576_21012021082231.jpg?fit=1024%2C576&ssl=1&resize=350%2C200","width":350,"height":200,"srcset":"https:\/\/i0.wp.com\/noticiasribeiraopreto.com.br\/wp-content\/uploads\/2025\/03\/1743092192_cpj_policia_1024x576_21012021082231.jpg?fit=1024%2C576&ssl=1&resize=350%2C200 1x, https:\/\/i0.wp.com\/noticiasribeiraopreto.com.br\/wp-content\/uploads\/2025\/03\/1743092192_cpj_policia_1024x576_21012021082231.jpg?fit=1024%2C576&ssl=1&resize=525%2C300 1.5x, https:\/\/i0.wp.com\/noticiasribeiraopreto.com.br\/wp-content\/uploads\/2025\/03\/1743092192_cpj_policia_1024x576_21012021082231.jpg?fit=1024%2C576&ssl=1&resize=700%2C400 2x"},"classes":[]},{"id":61128,"url":"https:\/\/noticiasribeiraopreto.com.br\/index.php\/2024\/12\/04\/motorista-pula-de-carro-de-luxo-em-movimento-durante-fuga-da-policia-em-ribeirao-preto\/","url_meta":{"origin":75768,"position":3},"title":"Motorista pula de carro de luxo em movimento durante fuga da pol\u00edcia em Ribeir\u00e3o Preto","author":"noticiasribeiraopreto.com.br","date":"4 de December de 2024","format":false,"excerpt":"O motorista de um carro pulou do ve\u00edculo em movimento durante fuga da pol\u00edcia na noite desta ter\u00e7a-feira (3), que come\u00e7ou na rodovia C\u00e2ndido Portinari, em Batatais, e terminou na rotat\u00f3ria Amin Calil, em Ribeir\u00e3o Preto. O carro, um Toyota Hilux SW4 preto, havia sido furtado e atingiu o muro\u2026","rel":"","context":"In &quot;Not\u00edcias de Ribeir\u00e3o Preto-SP e Regi\u00e3o&quot;","block_context":{"text":"Not\u00edcias de Ribeir\u00e3o Preto-SP e Regi\u00e3o","link":"https:\/\/noticiasribeiraopreto.com.br\/index.php\/category\/noticias-de-ribeirao-preto-sp-e-regiao-ismael-colosi\/"},"img":{"alt_text":"","src":"https:\/\/i0.wp.com\/noticiasribeiraopreto.com.br\/wp-content\/uploads\/2024\/12\/CARRO-FUGA_2024-12-04_13-49-29_jpg_2024-12-04_13-49-29.webp.webp?fit=1200%2C820&ssl=1&resize=350%2C200","width":350,"height":200,"srcset":"https:\/\/i0.wp.com\/noticiasribeiraopreto.com.br\/wp-content\/uploads\/2024\/12\/CARRO-FUGA_2024-12-04_13-49-29_jpg_2024-12-04_13-49-29.webp.webp?fit=1200%2C820&ssl=1&resize=350%2C200 1x, https:\/\/i0.wp.com\/noticiasribeiraopreto.com.br\/wp-content\/uploads\/2024\/12\/CARRO-FUGA_2024-12-04_13-49-29_jpg_2024-12-04_13-49-29.webp.webp?fit=1200%2C820&ssl=1&resize=525%2C300 1.5x, https:\/\/i0.wp.com\/noticiasribeiraopreto.com.br\/wp-content\/uploads\/2024\/12\/CARRO-FUGA_2024-12-04_13-49-29_jpg_2024-12-04_13-49-29.webp.webp?fit=1200%2C820&ssl=1&resize=700%2C400 2x, https:\/\/i0.wp.com\/noticiasribeiraopreto.com.br\/wp-content\/uploads\/2024\/12\/CARRO-FUGA_2024-12-04_13-49-29_jpg_2024-12-04_13-49-29.webp.webp?fit=1200%2C820&ssl=1&resize=1050%2C600 3x"},"classes":[]},{"id":39976,"url":"https:\/\/noticiasribeiraopreto.com.br\/index.php\/2024\/02\/29\/presos-por-trafico-sao-reconhecidos-por-vitimas-de-assalto-em-rp\/","url_meta":{"origin":75768,"position":4},"title":"Presos por tr\u00e1fico s\u00e3o reconhecidos por v\u00edtimas de assalto em RP","author":"noticiasribeiraopreto.com.br","date":"29 de February de 2024","format":false,"excerpt":"Casos ocorreram em setembro de 2023, todos na zona Sul da cidade 29 de fevereiro de 2024 | 11:2529 de fevereiro de 2024 | 11:26 1Por: Adalberto LuqueV\u00edtimas de assaltos ocorridos em 2023 reconheceram, nesta quarta-feira (28), dois homens como sendo autores de assaltos ocorridos em Ribeir\u00e3o Preto em setembro\u2026","rel":"","context":"In &quot;Not\u00edcias de Ribeir\u00e3o Preto-SP e Regi\u00e3o&quot;","block_context":{"text":"Not\u00edcias de Ribeir\u00e3o Preto-SP e Regi\u00e3o","link":"https:\/\/noticiasribeiraopreto.com.br\/index.php\/category\/noticias-de-ribeirao-preto-sp-e-regiao-ismael-colosi\/"},"img":{"alt_text":"","src":"https:\/\/i0.wp.com\/noticiasribeiraopreto.com.br\/wp-content\/uploads\/2024\/02\/00-29-fev-2024-reconhecimento-assaltantes-foto-reproducao.jpg?fit=814%2C645&ssl=1&resize=350%2C200","width":350,"height":200,"srcset":"https:\/\/i0.wp.com\/noticiasribeiraopreto.com.br\/wp-content\/uploads\/2024\/02\/00-29-fev-2024-reconhecimento-assaltantes-foto-reproducao.jpg?fit=814%2C645&ssl=1&resize=350%2C200 1x, https:\/\/i0.wp.com\/noticiasribeiraopreto.com.br\/wp-content\/uploads\/2024\/02\/00-29-fev-2024-reconhecimento-assaltantes-foto-reproducao.jpg?fit=814%2C645&ssl=1&resize=525%2C300 1.5x, https:\/\/i0.wp.com\/noticiasribeiraopreto.com.br\/wp-content\/uploads\/2024\/02\/00-29-fev-2024-reconhecimento-assaltantes-foto-reproducao.jpg?fit=814%2C645&ssl=1&resize=700%2C400 2x"},"classes":[]},{"id":77319,"url":"https:\/\/noticiasribeiraopreto.com.br\/index.php\/2025\/09\/16\/homem-morre-apos-resistir-a-prisao-em-rp\/","url_meta":{"origin":75768,"position":5},"title":"Homem morre ap\u00f3s resistir \u00e0 pris\u00e3o em RP","author":"noticiasribeiraopreto.com.br","date":"16 de September de 2025","format":false,"excerpt":"Ele e um comparsa haviam feito uma fam\u00edlia ref\u00e9m, roubando seus pertences e o carro no Sul de Minas Gerais 16 de setembro de 2025 10:353 Compartilhar0 Um homem morreu ap\u00f3s reagir \u00e0 pris\u00e3o no final da tarde desta segunda-feira (15). Ele e outro homem s\u00e3o suspeitos de fazer uma\u2026","rel":"","context":"In &quot;Not\u00edcias de Ribeir\u00e3o Preto-SP e Regi\u00e3o&quot;","block_context":{"text":"Not\u00edcias de Ribeir\u00e3o Preto-SP e Regi\u00e3o","link":"https:\/\/noticiasribeiraopreto.com.br\/index.php\/category\/noticias-de-ribeirao-preto-sp-e-regiao-ismael-colosi\/"},"img":{"alt_text":"","src":"https:\/\/i0.wp.com\/noticiasribeiraopreto.com.br\/wp-content\/uploads\/2025\/09\/BAEP-2-Foto-Divulgacao-PM-1.jpg?fit=624%2C455&ssl=1&resize=350%2C200","width":350,"height":200,"srcset":"https:\/\/i0.wp.com\/noticiasribeiraopreto.com.br\/wp-content\/uploads\/2025\/09\/BAEP-2-Foto-Divulgacao-PM-1.jpg?fit=624%2C455&ssl=1&resize=350%2C200 1x, https:\/\/i0.wp.com\/noticiasribeiraopreto.com.br\/wp-content\/uploads\/2025\/09\/BAEP-2-Foto-Divulgacao-PM-1.jpg?fit=624%2C455&ssl=1&resize=525%2C300 1.5x"},"classes":[]}],"jetpack_sharing_enabled":true,"jetpack_shortlink":"https:\/\/wp.me\/peQAOb-jI4","_links":{"self":[{"href":"https:\/\/noticiasribeiraopreto.com.br\/index.php\/wp-json\/wp\/v2\/posts\/75768","targetHints":{"allow":["GET"]}}],"collection":[{"href":"https:\/\/noticiasribeiraopreto.com.br\/index.php\/wp-json\/wp\/v2\/posts"}],"about":[{"href":"https:\/\/noticiasribeiraopreto.com.br\/index.php\/wp-json\/wp\/v2\/types\/post"}],"author":[{"embeddable":true,"href":"https:\/\/noticiasribeiraopreto.com.br\/index.php\/wp-json\/wp\/v2\/users\/1"}],"replies":[{"embeddable":true,"href":"https:\/\/noticiasribeiraopreto.com.br\/index.php\/wp-json\/wp\/v2\/comments?post=75768"}],"version-history":[{"count":0,"href":"https:\/\/noticiasribeiraopreto.com.br\/index.php\/wp-json\/wp\/v2\/posts\/75768\/revisions"}],"wp:featuredmedia":[{"embeddable":true,"href":"https:\/\/noticiasribeiraopreto.com.br\/index.php\/wp-json\/wp\/v2\/media\/75769"}],"wp:attachment":[{"href":"https:\/\/noticiasribeiraopreto.com.br\/index.php\/wp-json\/wp\/v2\/media?parent=75768"}],"wp:term":[{"taxonomy":"category","embeddable":true,"href":"https:\/\/noticiasribeiraopreto.com.br\/index.php\/wp-json\/wp\/v2\/categories?post=75768"},{"taxonomy":"post_tag","embeddable":true,"href":"https:\/\/noticiasribeiraopreto.com.br\/index.php\/wp-json\/wp\/v2\/tags?post=75768"}],"curies":[{"name":"wp","href":"https:\/\/api.w.org\/{rel}","templated":true}]}}