{"id":75770,"date":"2025-08-15T09:20:20","date_gmt":"2025-08-15T12:20:20","guid":{"rendered":"https:\/\/noticiasribeiraopreto.com.br\/index.php\/2025\/08\/15\/caixa-libera-abono-salarial-para-nascidos-em-novembro-e-dezembro\/"},"modified":"2025-08-15T09:20:20","modified_gmt":"2025-08-15T12:20:20","slug":"caixa-libera-abono-salarial-para-nascidos-em-novembro-e-dezembro","status":"publish","type":"post","link":"https:\/\/noticiasribeiraopreto.com.br\/index.php\/2025\/08\/15\/caixa-libera-abono-salarial-para-nascidos-em-novembro-e-dezembro\/","title":{"rendered":"Caixa libera abono salarial para nascidos em novembro e dezembro"},"content":{"rendered":"<div class='code-block code-block-1' style='margin: 8px 0 8px auto; text-align: right; display: block; clear: both;'>\n<p><a href=\"https:\/\/wa.link\/vpicfd\"><img data-recalc-dims=\"1\" class=\"wp-image-4922\" style=\"aspect-ratio: 2.0253164556962027; width: 561px; height: auto;\" src=\"https:\/\/i0.wp.com\/ismaelcolosi.com.br\/wp-content\/uploads\/2023\/11\/grupo-de-empregos-whatsapp-e-facebook-ismael-colosi-vagas.jpg?ssl=1\" alt=\"\" \/><\/a><\/p>\n<!-- \/wp:image -->\n<\/div>\n<p> <br \/>\n<\/p>\n<div>\n<p>Cerca de 3,6 milh\u00f5es de trabalhadores com carteira assinada nascidos em novembro e dezembro e que ganham at\u00e9 dois sal\u00e1rios m\u00ednimos podem sacar, a partir desta sexta-feira (15), o valor do abono salarial do Programa de Integra\u00e7\u00e3o Social (PIS) e do Programa de Forma\u00e7\u00e3o do Patrim\u00f4nio do Servidor P\u00fablico (Pasep) em 2025 (ano-base 2023). A quantia est\u00e1 dispon\u00edvel no Portal Gov.br.<\/p>\n<p>\u00a0<\/p>\n<p>A Caixa Econ\u00f4mica Federal liberar\u00e1 pouco mais de R$ 4,24 bilh\u00f5es neste m\u00eas. Aprovado no fim do ano passado, o calend\u00e1rio de libera\u00e7\u00f5es segue o m\u00eas de nascimento do trabalhador. Os pagamentos come\u00e7aram em 17 de fevereiro e terminam nesta sexta-feira.<\/p>\n<p>\u00a0<\/p>\n<p>O trabalhador pode conferir a situa\u00e7\u00e3o do benef\u00edcio no aplicativo Carteira de Trabalho Digital.<\/p>\n<p>\u00a0<\/p>\n<p>Neste ano, R$ 30,7 bilh\u00f5es poder\u00e3o ser sacados.<\/p>\n<p>\u00a0<\/p>\n<p>Segundo o Conselho Deliberativo do Fundo de Amparo ao Trabalhador (Codefat), o abono salarial deste ano ser\u00e1 pago a 25,8 milh\u00f5es de trabalhadores em todo o pa\u00eds. Desse total, cerca de 22 milh\u00f5es que trabalham na iniciativa privada receber\u00e3o o PIS e 3,8 milh\u00f5es de servidores p\u00fablicos, empregados de estatais e militares t\u00eam direito ao Pasep. O PIS \u00e9 pago pela Caixa Econ\u00f4mica Federal e o Pasep, pelo Banco do Brasil.<\/p>\n<p>\u00a0<\/p>\n<p>Como ocorre tradicionalmente, os pagamentos foram divididos em seis lotes, baseados no m\u00eas de nascimento. O saque tem in\u00edcio nas datas de libera\u00e7\u00e3o dos lotes e acaba em 29 de dezembro. Ap\u00f3s esse prazo, ser\u00e1 necess\u00e1rio aguardar a convoca\u00e7\u00e3o especial do Minist\u00e9rio do Trabalho.<\/p>\n<p><strong>Quem tem direito<\/strong><\/p>\n<p>Tem direito ao benef\u00edcio o trabalhador inscrito no PIS\/Pasep h\u00e1, pelo menos, 5 anos, e que tenha trabalhado formalmente por, no m\u00ednimo, 30 dias no ano-base considerado para a apura\u00e7\u00e3o, com remunera\u00e7\u00e3o mensal m\u00e9dia de at\u00e9 dois sal\u00e1rios m\u00ednimos. Tamb\u00e9m \u00e9 necess\u00e1rio que os dados tenham sido informados corretamente pelo empregador na Rela\u00e7\u00e3o Anual de Informa\u00e7\u00f5es Sociais (Rais).<\/p>\n<p>\u00a0<\/p>\n<p>O valor do abono \u00e9 proporcional ao per\u00edodo em que o empregado trabalhou com carteira assinada em 2023. Cada m\u00eas trabalhado equivale a um benef\u00edcio de R$ 126,50, com per\u00edodos iguais ou superiores a 15 dias contados como m\u00eas cheio. Quem trabalhou 12 meses com carteira assinada receber\u00e1 o sal\u00e1rio m\u00ednimo cheio, de R$ 1.518.<\/p>\n<p>\u00a0<\/p>\n<p>O abono salarial n\u00e3o se confunde com as cotas do antigo Fundo PIS\/Pasep, que est\u00e3o sendo sacadas por meio de outra plataforma, lan\u00e7ada em mar\u00e7o deste ano. O antigo fundo abriga cotas de cerca de 10,5 milh\u00f5es de trabalhadores formais antes da Constitui\u00e7\u00e3o de 1988. O abono salarial beneficia trabalhadores com carteira assinada ap\u00f3s a Constitui\u00e7\u00e3o de 1988 com recursos do Fundo de Amparo ao Trabalhador (FAT).<\/p>\n<p>\u00a0<\/p>\n<p><strong>Pagamento<\/strong><\/p>\n<p>Trabalhadores da iniciativa privada com conta corrente ou poupan\u00e7a na Caixa receber\u00e3o o cr\u00e9dito automaticamente no banco, de acordo com o m\u00eas de seu nascimento.<\/p>\n<p>\u00a0<\/p>\n<p>Os demais benefici\u00e1rios receber\u00e3o os valores por meio da poupan\u00e7a social digital, que pode ser movimentada pelo aplicativo Caixa Tem. Caso n\u00e3o seja poss\u00edvel a abertura da conta digital, o saque poder\u00e1 ser realizado com o Cart\u00e3o do Cidad\u00e3o e senha nos terminais de autoatendimento, unidades lot\u00e9ricas, Caixa Aqui ou ag\u00eancias, tamb\u00e9m de acordo com o calend\u00e1rio de pagamento escalonado por m\u00eas de nascimento.<\/p>\n<p>\u00a0<\/p>\n<p>O pagamento do abono do Pasep ocorre via cr\u00e9dito em conta para quem \u00e9 correntista ou tem poupan\u00e7a no Banco do Brasil. O trabalhador que n\u00e3o \u00e9 correntista do BB pode efetuar a transfer\u00eancia via TED para conta de sua titularidade via terminais de autoatendimento e portal www.bb.com.br\/pasep ou no guich\u00ea de caixa das ag\u00eancias, mediante apresenta\u00e7\u00e3o de documento oficial de identidade.<\/p>\n<p>\u00a0<\/p>\n<p>Quem n\u00e3o \u00e9 correntista da Caixa ou do Banco do Brasil e tem direito ao benef\u00edcio tamb\u00e9m pode sacar o valor por meio do Portal Gov.br, no servi\u00e7o \u201cReceber o abono salarial\u201d, mas \u00e9 necess\u00e1rio ter conta prata ou ouro.<\/p>\n<p>\u00a0<\/p>\n<p>At\u00e9 2020, o abono salarial do ano anterior era pago de julho do ano corrente a junho do ano seguinte. No in\u00edcio de 2021, o Codefat atendeu a recomenda\u00e7\u00e3o da Controladoria-Geral da Uni\u00e3o (CGU) e passou a depositar o dinheiro somente dois anos ap\u00f3s o trabalho com carteira assinada.<\/p>\n<\/div>\n<p><br \/>\n<br \/><a href=\"https:\/\/www.tribunaribeirao.com.br\/caixa-libera-abono-salarial-para-nascidos-em-novembro-e-dezembro\/\">Source link <\/a><\/p>\n<!-- CONTENT END 1 -->\n","protected":false},"excerpt":{"rendered":"<p>Cerca de 3,6 milh\u00f5es de trabalhadores com carteira assinada nascidos em novembro e dezembro e que ganham at\u00e9 dois sal\u00e1rios m\u00ednimos podem sacar, a partir&#8230;<\/p>\n","protected":false},"author":1,"featured_media":75771,"comment_status":"open","ping_status":"open","sticky":false,"template":"","format":"standard","meta":{"advanced_seo_description":"","jetpack_seo_html_title":"","jetpack_seo_noindex":false,"jetpack_post_was_ever_published":false,"_jetpack_newsletter_access":"","_jetpack_dont_email_post_to_subs":false,"_jetpack_newsletter_tier_id":0,"_jetpack_memberships_contains_paywalled_content":false,"_jetpack_memberships_contains_paid_content":false,"footnotes":"","jetpack_publicize_message":"","jetpack_publicize_feature_enabled":true,"jetpack_social_post_already_shared":true,"jetpack_social_options":{"image_generator_settings":{"template":"highway","default_image_id":0,"font":"","enabled":false},"version":2}},"categories":[11],"tags":[],"class_list":["post-75770","post","type-post","status-publish","format-standard","has-post-thumbnail","hentry","category-noticias-de-ribeirao-preto-sp-e-regiao-ismael-colosi"],"jetpack_publicize_connections":[],"jetpack_featured_media_url":"https:\/\/i0.wp.com\/noticiasribeiraopreto.com.br\/wp-content\/uploads\/2025\/08\/fgts_site.jpg?fit=800%2C500&ssl=1","jetpack-related-posts":[{"id":67447,"url":"https:\/\/noticiasribeiraopreto.com.br\/index.php\/2025\/04\/14\/jornal-da-franca-pis-pasep-abono-salarial-vai-ser-pago-a-43-milhoes-de-trabalhadores-na-terca-15\/","url_meta":{"origin":75770,"position":0},"title":"Jornal da Franca &#8211; PIS\/Pasep: abono salarial vai ser pago a 4,3 milh\u00f5es de trabalhadores na ter\u00e7a (15)","author":"noticiasribeiraopreto.com.br","date":"14 de April de 2025","format":false,"excerpt":"compartilhar no whatsapp compartilhar no telegram compartilhar no facebook compartilhar no linkedin Nascidos em mar\u00e7o e abril recebem o abono salarial ap\u00f3s a mudan\u00e7a nas regras; entenda o que mudou e quem tem direito a receber o benef\u00edcio neste ano Nascidos em mar\u00e7o e abril recebem abono do PIS\/Pasep nesta\u2026","rel":"","context":"In &quot;Not\u00edcias de Franca-SP&quot;","block_context":{"text":"Not\u00edcias de Franca-SP","link":"https:\/\/noticiasribeiraopreto.com.br\/index.php\/category\/noticias-de-ribeirao-preto-sp-e-regiao-ismael-colosi\/noticias-franca-sp\/"},"img":{"alt_text":"","src":"https:\/\/i0.wp.com\/noticiasribeiraopreto.com.br\/wp-content\/uploads\/2025\/04\/seucreditodigital.com_.br-mais-de-r-2-bilhoes-em-abono-salarial-e-liberado-pela-caixa-pis-pasep-4.jpg?fit=1200%2C800&ssl=1&resize=350%2C200","width":350,"height":200,"srcset":"https:\/\/i0.wp.com\/noticiasribeiraopreto.com.br\/wp-content\/uploads\/2025\/04\/seucreditodigital.com_.br-mais-de-r-2-bilhoes-em-abono-salarial-e-liberado-pela-caixa-pis-pasep-4.jpg?fit=1200%2C800&ssl=1&resize=350%2C200 1x, https:\/\/i0.wp.com\/noticiasribeiraopreto.com.br\/wp-content\/uploads\/2025\/04\/seucreditodigital.com_.br-mais-de-r-2-bilhoes-em-abono-salarial-e-liberado-pela-caixa-pis-pasep-4.jpg?fit=1200%2C800&ssl=1&resize=525%2C300 1.5x, https:\/\/i0.wp.com\/noticiasribeiraopreto.com.br\/wp-content\/uploads\/2025\/04\/seucreditodigital.com_.br-mais-de-r-2-bilhoes-em-abono-salarial-e-liberado-pela-caixa-pis-pasep-4.jpg?fit=1200%2C800&ssl=1&resize=700%2C400 2x, https:\/\/i0.wp.com\/noticiasribeiraopreto.com.br\/wp-content\/uploads\/2025\/04\/seucreditodigital.com_.br-mais-de-r-2-bilhoes-em-abono-salarial-e-liberado-pela-caixa-pis-pasep-4.jpg?fit=1200%2C800&ssl=1&resize=1050%2C600 3x"},"classes":[]},{"id":46786,"url":"https:\/\/noticiasribeiraopreto.com.br\/index.php\/2024\/04\/15\/caixa-libera-abono-do-pis-pasep-para-nascidos-em-marco-e-abril-saiba-como-consultar\/","url_meta":{"origin":75770,"position":1},"title":"Caixa libera abono do PIS\/Pasep para nascidos em mar\u00e7o e abril; Saiba como consultar","author":"noticiasribeiraopreto.com.br","date":"15 de April de 2024","format":false,"excerpt":"Mais de 3,8 milh\u00f5es de trabalhadores com carteira assinada nascidos em mar\u00e7o e abril podem sacar, a partir desta segunda-feira (15), o valor do abono salarial do Programa de Integra\u00e7\u00e3o Social (PIS) e do Programa de Forma\u00e7\u00e3o do Patrim\u00f4nio do Servidor P\u00fablico (Pasep) em 2024. A quantia est\u00e1 dispon\u00edvel no\u2026","rel":"","context":"In &quot;Not\u00edcias de Ribeir\u00e3o Preto-SP e Regi\u00e3o&quot;","block_context":{"text":"Not\u00edcias de Ribeir\u00e3o Preto-SP e Regi\u00e3o","link":"https:\/\/noticiasribeiraopreto.com.br\/index.php\/category\/noticias-de-ribeirao-preto-sp-e-regiao-ismael-colosi\/"},"img":{"alt_text":"","src":"https:\/\/i0.wp.com\/noticiasribeiraopreto.com.br\/wp-content\/uploads\/2024\/04\/real_moeda_dinheiro_mcajr_2904223671.webp.webp?fit=1024%2C768&ssl=1&resize=350%2C200","width":350,"height":200,"srcset":"https:\/\/i0.wp.com\/noticiasribeiraopreto.com.br\/wp-content\/uploads\/2024\/04\/real_moeda_dinheiro_mcajr_2904223671.webp.webp?fit=1024%2C768&ssl=1&resize=350%2C200 1x, https:\/\/i0.wp.com\/noticiasribeiraopreto.com.br\/wp-content\/uploads\/2024\/04\/real_moeda_dinheiro_mcajr_2904223671.webp.webp?fit=1024%2C768&ssl=1&resize=525%2C300 1.5x, https:\/\/i0.wp.com\/noticiasribeiraopreto.com.br\/wp-content\/uploads\/2024\/04\/real_moeda_dinheiro_mcajr_2904223671.webp.webp?fit=1024%2C768&ssl=1&resize=700%2C400 2x"},"classes":[]},{"id":20790,"url":"https:\/\/noticiasribeiraopreto.com.br\/index.php\/2023\/12\/26\/veja-quando-voce-recebera-o-abono-salarial-ano-que-vem\/","url_meta":{"origin":75770,"position":2},"title":"veja quando voc\u00ea receber\u00e1 o abono salarial ano que vem","author":"noticiasribeiraopreto.com.br","date":"26 de December de 2023","format":false,"excerpt":"O Conselho Deliberativo do Fundo de Amparo do Trabalhador (Codefat), aprovou o calend\u00e1rio de pagamento do Abono Salarial PIS\/Pasep de 2024, relativo ao ano-base 2022. Cr\u00e9ditos: Istock\/IltonRogerioPIS\/Pasep 2024: veja quando voc\u00ea receber\u00e1 o abono salarial ano que vem A estimativa \u00e9 que cerca de 24,5 milh\u00f5es de trabalhadores recebam o\u2026","rel":"","context":"In &quot;Variedades&quot;","block_context":{"text":"Variedades","link":"https:\/\/noticiasribeiraopreto.com.br\/index.php\/category\/variedades\/"},"img":{"alt_text":"","src":"https:\/\/i0.wp.com\/noticiasribeiraopreto.com.br\/wp-content\/uploads\/2023\/12\/1703611449_istock-1170816482-1.jpg?fit=1200%2C638&ssl=1&resize=350%2C200","width":350,"height":200,"srcset":"https:\/\/i0.wp.com\/noticiasribeiraopreto.com.br\/wp-content\/uploads\/2023\/12\/1703611449_istock-1170816482-1.jpg?fit=1200%2C638&ssl=1&resize=350%2C200 1x, https:\/\/i0.wp.com\/noticiasribeiraopreto.com.br\/wp-content\/uploads\/2023\/12\/1703611449_istock-1170816482-1.jpg?fit=1200%2C638&ssl=1&resize=525%2C300 1.5x, https:\/\/i0.wp.com\/noticiasribeiraopreto.com.br\/wp-content\/uploads\/2023\/12\/1703611449_istock-1170816482-1.jpg?fit=1200%2C638&ssl=1&resize=700%2C400 2x, https:\/\/i0.wp.com\/noticiasribeiraopreto.com.br\/wp-content\/uploads\/2023\/12\/1703611449_istock-1170816482-1.jpg?fit=1200%2C638&ssl=1&resize=1050%2C600 3x"},"classes":[]},{"id":22471,"url":"https:\/\/noticiasribeiraopreto.com.br\/index.php\/2023\/12\/29\/pis-pasep-ano-base-2022-sera-pago-com-valor-maior-e-alegra-trabalhador\/","url_meta":{"origin":75770,"position":3},"title":"PIS\/Pasep ano-base 2022 ser\u00e1 pago com valor maior e alegra trabalhador","author":"noticiasribeiraopreto.com.br","date":"29 de December de 2023","format":false,"excerpt":"O Conselho Deliberativo do Fundo de Amparo do Trabalhador (Codefat), aprovou o calend\u00e1rio de pagamento do Abono Salarial PIS\/Pasep de 2024, relativo ao ano-base 2022. Cr\u00e9ditos: Ag\u00eancia Brasil\/Marcello Casal JrPIS\/Pasep ano-base 2022 ser\u00e1 pago com valor maior e alegra trabalhador A estimativa \u00e9 que cerca de 24,5 milh\u00f5es de trabalhadores\u2026","rel":"","context":"In &quot;Variedades&quot;","block_context":{"text":"Variedades","link":"https:\/\/noticiasribeiraopreto.com.br\/index.php\/category\/variedades\/"},"img":{"alt_text":"","src":"https:\/\/i0.wp.com\/noticiasribeiraopreto.com.br\/wp-content\/uploads\/2023\/12\/1703901344_pis-pasep-confira-a-lista-completa-de-quem-pode-receber-este-mes-1.jpg?fit=1200%2C638&ssl=1&resize=350%2C200","width":350,"height":200,"srcset":"https:\/\/i0.wp.com\/noticiasribeiraopreto.com.br\/wp-content\/uploads\/2023\/12\/1703901344_pis-pasep-confira-a-lista-completa-de-quem-pode-receber-este-mes-1.jpg?fit=1200%2C638&ssl=1&resize=350%2C200 1x, https:\/\/i0.wp.com\/noticiasribeiraopreto.com.br\/wp-content\/uploads\/2023\/12\/1703901344_pis-pasep-confira-a-lista-completa-de-quem-pode-receber-este-mes-1.jpg?fit=1200%2C638&ssl=1&resize=525%2C300 1.5x, https:\/\/i0.wp.com\/noticiasribeiraopreto.com.br\/wp-content\/uploads\/2023\/12\/1703901344_pis-pasep-confira-a-lista-completa-de-quem-pode-receber-este-mes-1.jpg?fit=1200%2C638&ssl=1&resize=700%2C400 2x, https:\/\/i0.wp.com\/noticiasribeiraopreto.com.br\/wp-content\/uploads\/2023\/12\/1703901344_pis-pasep-confira-a-lista-completa-de-quem-pode-receber-este-mes-1.jpg?fit=1200%2C638&ssl=1&resize=1050%2C600 3x"},"classes":[]},{"id":65220,"url":"https:\/\/noticiasribeiraopreto.com.br\/index.php\/2025\/03\/17\/pagamento-do-abono-salarial-e-liberado-nesta-segunda-veja-quem-pode-receber\/","url_meta":{"origin":75770,"position":4},"title":"Pagamento do abono salarial \u00e9 liberado nesta segunda; Veja quem pode receber","author":"noticiasribeiraopreto.com.br","date":"17 de March de 2025","format":false,"excerpt":"O abono salarial PIS-Pasep 2025, referente ao ano-base 2023, come\u00e7ou a ser pago nesta segunda-feira (17) aos trabalhadores nascidos em fevereiro. O benef\u00edcio poder\u00e1 ser retirado at\u00e9 o fim do calend\u00e1rio, em 29 de dezembro de 2025. O abono salarial \u00e9 um benef\u00edcio de at\u00e9 um sal\u00e1rio-m\u00ednimo, destinado a trabalhadores\u2026","rel":"","context":"In &quot;Not\u00edcias de Ribeir\u00e3o Preto-SP e Regi\u00e3o&quot;","block_context":{"text":"Not\u00edcias de Ribeir\u00e3o Preto-SP e Regi\u00e3o","link":"https:\/\/noticiasribeiraopreto.com.br\/index.php\/category\/noticias-de-ribeirao-preto-sp-e-regiao-ismael-colosi\/"},"img":{"alt_text":"","src":"https:\/\/i0.wp.com\/noticiasribeiraopreto.com.br\/wp-content\/uploads\/2025\/02\/dinheiro_2025-02-17_12-54-22_jpg_2025-02-17_12-54-22.webp.webp?fit=1024%2C768&ssl=1&resize=350%2C200","width":350,"height":200,"srcset":"https:\/\/i0.wp.com\/noticiasribeiraopreto.com.br\/wp-content\/uploads\/2025\/02\/dinheiro_2025-02-17_12-54-22_jpg_2025-02-17_12-54-22.webp.webp?fit=1024%2C768&ssl=1&resize=350%2C200 1x, https:\/\/i0.wp.com\/noticiasribeiraopreto.com.br\/wp-content\/uploads\/2025\/02\/dinheiro_2025-02-17_12-54-22_jpg_2025-02-17_12-54-22.webp.webp?fit=1024%2C768&ssl=1&resize=525%2C300 1.5x, https:\/\/i0.wp.com\/noticiasribeiraopreto.com.br\/wp-content\/uploads\/2025\/02\/dinheiro_2025-02-17_12-54-22_jpg_2025-02-17_12-54-22.webp.webp?fit=1024%2C768&ssl=1&resize=700%2C400 2x"},"classes":[]},{"id":37302,"url":"https:\/\/noticiasribeiraopreto.com.br\/index.php\/2024\/02\/15\/abono-salarial-comeca-a-ser-pago-nesta-quinta\/","url_meta":{"origin":75770,"position":5},"title":"Abono salarial come\u00e7a a ser pago nesta quinta","author":"noticiasribeiraopreto.com.br","date":"15 de February de 2024","format":false,"excerpt":"15 de fevereiro de 2024 | 12:0015 de fevereiro de 2024 | 12:23 0Cerca de 24 milh\u00f5es de pessoas que trabalharam com carteira assinada em 2022 podem consultar o valor do abono salarial do Programa de Integra\u00e7\u00e3o Social (PIS) e do Programa de Forma\u00e7\u00e3o do Patrim\u00f4nio do Servidor P\u00fablico (Pasep)\u2026","rel":"","context":"In &quot;Not\u00edcias de Ribeir\u00e3o Preto-SP e Regi\u00e3o&quot;","block_context":{"text":"Not\u00edcias de Ribeir\u00e3o Preto-SP e Regi\u00e3o","link":"https:\/\/noticiasribeiraopreto.com.br\/index.php\/category\/noticias-de-ribeirao-preto-sp-e-regiao-ismael-colosi\/"},"img":{"alt_text":"","src":"https:\/\/i0.wp.com\/noticiasribeiraopreto.com.br\/wp-content\/uploads\/2024\/02\/Abono-Agencia-Brasil-scaled.jpg?fit=1000%2C598&ssl=1&resize=350%2C200","width":350,"height":200,"srcset":"https:\/\/i0.wp.com\/noticiasribeiraopreto.com.br\/wp-content\/uploads\/2024\/02\/Abono-Agencia-Brasil-scaled.jpg?fit=1000%2C598&ssl=1&resize=350%2C200 1x, https:\/\/i0.wp.com\/noticiasribeiraopreto.com.br\/wp-content\/uploads\/2024\/02\/Abono-Agencia-Brasil-scaled.jpg?fit=1000%2C598&ssl=1&resize=525%2C300 1.5x, https:\/\/i0.wp.com\/noticiasribeiraopreto.com.br\/wp-content\/uploads\/2024\/02\/Abono-Agencia-Brasil-scaled.jpg?fit=1000%2C598&ssl=1&resize=700%2C400 2x"},"classes":[]}],"jetpack_sharing_enabled":true,"jetpack_shortlink":"https:\/\/wp.me\/peQAOb-jI6","_links":{"self":[{"href":"https:\/\/noticiasribeiraopreto.com.br\/index.php\/wp-json\/wp\/v2\/posts\/75770","targetHints":{"allow":["GET"]}}],"collection":[{"href":"https:\/\/noticiasribeiraopreto.com.br\/index.php\/wp-json\/wp\/v2\/posts"}],"about":[{"href":"https:\/\/noticiasribeiraopreto.com.br\/index.php\/wp-json\/wp\/v2\/types\/post"}],"author":[{"embeddable":true,"href":"https:\/\/noticiasribeiraopreto.com.br\/index.php\/wp-json\/wp\/v2\/users\/1"}],"replies":[{"embeddable":true,"href":"https:\/\/noticiasribeiraopreto.com.br\/index.php\/wp-json\/wp\/v2\/comments?post=75770"}],"version-history":[{"count":0,"href":"https:\/\/noticiasribeiraopreto.com.br\/index.php\/wp-json\/wp\/v2\/posts\/75770\/revisions"}],"wp:featuredmedia":[{"embeddable":true,"href":"https:\/\/noticiasribeiraopreto.com.br\/index.php\/wp-json\/wp\/v2\/media\/75771"}],"wp:attachment":[{"href":"https:\/\/noticiasribeiraopreto.com.br\/index.php\/wp-json\/wp\/v2\/media?parent=75770"}],"wp:term":[{"taxonomy":"category","embeddable":true,"href":"https:\/\/noticiasribeiraopreto.com.br\/index.php\/wp-json\/wp\/v2\/categories?post=75770"},{"taxonomy":"post_tag","embeddable":true,"href":"https:\/\/noticiasribeiraopreto.com.br\/index.php\/wp-json\/wp\/v2\/tags?post=75770"}],"curies":[{"name":"wp","href":"https:\/\/api.w.org\/{rel}","templated":true}]}}