{"id":75772,"date":"2025-08-15T09:23:39","date_gmt":"2025-08-15T12:23:39","guid":{"rendered":"https:\/\/noticiasribeiraopreto.com.br\/index.php\/2025\/08\/15\/vai-ter-onda-de-calor-veja-a-previsao-para-os-proximos-dias\/"},"modified":"2025-08-15T09:23:39","modified_gmt":"2025-08-15T12:23:39","slug":"vai-ter-onda-de-calor-veja-a-previsao-para-os-proximos-dias","status":"publish","type":"post","link":"https:\/\/noticiasribeiraopreto.com.br\/index.php\/2025\/08\/15\/vai-ter-onda-de-calor-veja-a-previsao-para-os-proximos-dias\/","title":{"rendered":"Vai ter onda de calor? Veja a previs\u00e3o para os pr\u00f3ximos dias"},"content":{"rendered":"<div class='code-block code-block-1' style='margin: 8px 0 8px auto; text-align: right; display: block; clear: both;'>\n<p><a href=\"https:\/\/wa.link\/vpicfd\"><img data-recalc-dims=\"1\" class=\"wp-image-4922\" style=\"aspect-ratio: 2.0253164556962027; width: 561px; height: auto;\" src=\"https:\/\/i0.wp.com\/ismaelcolosi.com.br\/wp-content\/uploads\/2023\/11\/grupo-de-empregos-whatsapp-e-facebook-ismael-colosi-vagas.jpg?ssl=1\" alt=\"\" \/><\/a><\/p>\n<!-- \/wp:image -->\n<\/div>\n<p> <br \/>\n<\/p>\n<div data-td-block-uid=\"tdi_95\">\n<div class=\"tdb-block-inner td-fix-index\">\n<p><strong>A segunda quinzena de agosto tem previs\u00e3o da volta do calor ao interior do pa\u00eds, causado por um bloqueio atmosf\u00e9rico. <\/strong><mark style=\"background-color:#fcb900\" class=\"has-inline-color has-black-color\">O per\u00edodo de temperaturas acima da m\u00e9dia no inverno \u00e9 chamado de veranico e n\u00e3o ser\u00e1 considerado uma onda de calor, de acordo com a Climatempo.<\/mark> <strong>Veja <\/strong>o <strong>mapa abaixo<\/strong>.<\/p>\n<p>Segundo a <a href=\"https:\/\/www.climatempo.com.br\/\" data-type=\"link\" data-id=\"https:\/\/www.climatempo.com.br\/\" target=\"_blank\" rel=\"noopener\">Climatempo<\/a>, este <mark style=\"background-color:#fcb900\" class=\"has-inline-color has-black-color\">veranico ser\u00e1 o terceiro deste ano e come\u00e7a na pr\u00f3xima quarta-feira (20) com previs\u00e3o de se estender at\u00e9 o dia 25 de agosto.<\/mark><\/p>\n<figure class=\"wp-block-pullquote\">\n<blockquote>\n<p>Com o ar polar que avan\u00e7ou sobre o pa\u00eds se afastando nos pr\u00f3ximos dias e uma massa de ar seco ganhando for\u00e7a no Brasil Central, um bloqueio atmosf\u00e9rico se estabelece e muda a dire\u00e7\u00e3o de ventos no interior do pa\u00eds. Antes, ventos frios vindos das dire\u00e7\u00f5es sul e sudeste vinham predominando sobre o centro-sul do Brasil. Com o bloqueio, ventos quentes das dire\u00e7\u00f5es norte e nordeste v\u00e3o soprar por v\u00e1rios dias pelo interior do Brasil, ajudando a aquecer o ar, junto com muitas horas de sol forte. Isto vai fazer com que muitas regi\u00f5es voltem a sentir calor, principalmente durante as tardes, <\/p>\n<p><cite><strong>explica a meteorologista Stefanie Tozzo.<\/strong><\/cite><\/p><\/blockquote>\n<\/figure>\n<h2 class=\"wp-block-heading\"><strong>35\u00b0C no interior de SP<\/strong><\/h2>\n<p>No interior de S\u00e3o Paulo h\u00e1 previs\u00e3o de picos de calor com m\u00e1ximas de 33\u00b0C a 35\u00b0C durante o veranico.<\/p>\n<p>O mapa mostra \u00e1reas em vermelho definidas como veranico, com calor intenso durante o per\u00edodo e temperaturas m\u00e1ximas de 5\u00b0C ou mais acima da m\u00e9dia para o m\u00eas de agosto. J\u00e1 nas \u00e1reas em laranja, o per\u00edodo deve ser mais quente, com temperaturas entre 3\u00b0C at\u00e9 5\u00b0C acima da m\u00e9dia para o m\u00eas.<\/p>\n<h3 class=\"wp-block-heading\"><strong>Frio acabou?<\/strong><\/h3>\n<p>A Climatempo informa que o per\u00edodo de calor intenso dever\u00e1 ser curto e est\u00e1 mantida a previs\u00e3o da chegada de  uma forte massa de ar polar entre o fim de agosto e o in\u00edcio de setembro.<\/p>\n<figure class=\"wp-block-image\"><img data-recalc-dims=\"1\" fetchpriority=\"high\" decoding=\"async\" width=\"1200\" height=\"675\" src=\"https:\/\/i0.wp.com\/cdn.media-acidadeon.com.br\/ribeiraopreto\/wp-content\/uploads\/sites\/3\/2025\/08\/WhatsApp-Image-2025-08-15-at-06.23.01_2025-08-15_10-04-02.webp?resize=1200%2C675&#038;ssl=1\" alt=\"mapa do veranico\" class=\"wp-image-125899\" srcset=\"https:\/\/cdn.media-acidadeon.com.br\/ribeiraopreto\/wp-content\/uploads\/sites\/3\/2025\/08\/WhatsApp-Image-2025-08-15-at-06.23.01_2025-08-15_10-04-02.webp 1200w, https:\/\/cdn.media-acidadeon.com.br\/ribeiraopreto\/wp-content\/uploads\/sites\/3\/2025\/08\/WhatsApp-Image-2025-08-15-at-06.23.01_2025-08-15_10-04-02-300x169.webp 300w, https:\/\/cdn.media-acidadeon.com.br\/ribeiraopreto\/wp-content\/uploads\/sites\/3\/2025\/08\/WhatsApp-Image-2025-08-15-at-06.23.01_2025-08-15_10-04-02-1024x576.webp 1024w, https:\/\/cdn.media-acidadeon.com.br\/ribeiraopreto\/wp-content\/uploads\/sites\/3\/2025\/08\/WhatsApp-Image-2025-08-15-at-06.23.01_2025-08-15_10-04-02-768x432.webp 768w, https:\/\/cdn.media-acidadeon.com.br\/ribeiraopreto\/wp-content\/uploads\/sites\/3\/2025\/08\/WhatsApp-Image-2025-08-15-at-06.23.01_2025-08-15_10-04-02-696x392.webp 696w, https:\/\/cdn.media-acidadeon.com.br\/ribeiraopreto\/wp-content\/uploads\/sites\/3\/2025\/08\/WhatsApp-Image-2025-08-15-at-06.23.01_2025-08-15_10-04-02-1068x601.webp 1068w\" sizes=\"(max-width: 1200px) 100vw, 1200px\"\/><figcaption class=\"wp-element-caption\">Reprodu\u00e7\u00e3o<\/figcaption><\/figure>\n<p>SAIBA MAIS<\/p>\n<p>Amplitude t\u00e9rmica no interior de SP pode chegar a 25\u00b0C nos pr\u00f3ximos dias<\/p>\n<h4 class=\"wp-block-heading\"><strong>FIQUE ON<\/strong><\/h4>\n<p>Fique ligado em tudo que acontece em Ribeir\u00e3o Preto e regi\u00e3o. Siga os perfis do\u00a0<strong>acidade on\u00a0<\/strong>no\u00a0<a href=\"https:\/\/www.instagram.com\/acidadeonribeirao\" target=\"_blank\" rel=\"noreferrer noopener\">Instagram\u00a0<\/a>e no\u00a0<a href=\"https:\/\/www.facebook.com\/acidadeonribeirao\/\" target=\"_blank\" rel=\"noreferrer noopener\">Facebook<\/a>.<\/p>\n<p>Receba not\u00edcias do<strong>\u00a0acidade on<\/strong>\u00a0no WhatsApp.\u00a0<a href=\"https:\/\/chat.whatsapp.com\/I4nieTEMKlf50pJ28aMemC?mode=ac_t\" target=\"_blank\" rel=\"noreferrer noopener\">Para entrar no grupo, basta clicar aqui.<\/a><\/p>\n<p>Fa\u00e7a uma den\u00fancia ou sugira uma reportagem sobre Ribeir\u00e3o Preto e regi\u00e3o pelo WhatsApp: 16 99117 7802.<\/p>\n<p>VEJA TAMB\u00c9M<\/p>\n<p>Por que o Megadeth acabou?<\/p>\n<p><!-- AI CONTENT END 1 -->\n<\/div>\n<\/div>\n<p><script async src=\"\/\/www.instagram.com\/embed.js\"><\/script><br \/>\n<br \/><br \/>\n<br \/><a href=\"https:\/\/www.acidadeon.com\/ribeiraopreto\/cotidiano\/vai-ter-onda-de-calor-veja-a-previsao-para-os-proximos-dias\/\">Source link <\/a><\/p>\n<!-- CONTENT END 1 -->\n","protected":false},"excerpt":{"rendered":"<p>A segunda quinzena de agosto tem previs\u00e3o da volta do calor ao interior do pa\u00eds, causado por um bloqueio atmosf\u00e9rico. O per\u00edodo de temperaturas acima&#8230;<\/p>\n","protected":false},"author":1,"featured_media":72539,"comment_status":"open","ping_status":"open","sticky":false,"template":"","format":"standard","meta":{"advanced_seo_description":"","jetpack_seo_html_title":"","jetpack_seo_noindex":false,"jetpack_post_was_ever_published":false,"_jetpack_newsletter_access":"","_jetpack_dont_email_post_to_subs":false,"_jetpack_newsletter_tier_id":0,"_jetpack_memberships_contains_paywalled_content":false,"_jetpack_memberships_contains_paid_content":false,"footnotes":"","jetpack_publicize_message":"","jetpack_publicize_feature_enabled":true,"jetpack_social_post_already_shared":true,"jetpack_social_options":{"image_generator_settings":{"template":"highway","default_image_id":0,"font":"","enabled":false},"version":2}},"categories":[11],"tags":[],"class_list":["post-75772","post","type-post","status-publish","format-standard","has-post-thumbnail","hentry","category-noticias-de-ribeirao-preto-sp-e-regiao-ismael-colosi"],"jetpack_publicize_connections":[],"jetpack_featured_media_url":"https:\/\/i0.wp.com\/noticiasribeiraopreto.com.br\/wp-content\/uploads\/2025\/06\/WhatsApp-Image-2025-02-27-at-06.44.11_2025-02-27_09-58-35_jpeg_2025-02-27_09-58-36.webp.webp?fit=1600%2C720&ssl=1","jetpack-related-posts":[{"id":75819,"url":"https:\/\/noticiasribeiraopreto.com.br\/index.php\/2025\/08\/15\/veranico-no-interior-de-sp-temperaturas-podem-chegar-a-35-c\/","url_meta":{"origin":75772,"position":0},"title":"Veranico no interior de SP: temperaturas podem chegar a 35\u202f\u00b0C","author":"noticiasribeiraopreto.com.br","date":"15 de August de 2025","format":false,"excerpt":"Ap\u00f3s um per\u00edodo de temperaturas mais baixas, o interior de S\u00e3o Paulo se prepara para enfrentar um novo veranico, com temperaturas muito acima da m\u00e9dia para o inverno, a partir da pr\u00f3xima quarta-feira (20). De acordo com a Climatempo, o per\u00edodo n\u00e3o ser\u00e1 classificado como onda de calor, no entanto,\u2026","rel":"","context":"In &quot;Not\u00edcias de Ribeir\u00e3o Preto-SP e Regi\u00e3o&quot;","block_context":{"text":"Not\u00edcias de Ribeir\u00e3o Preto-SP e Regi\u00e3o","link":"https:\/\/noticiasribeiraopreto.com.br\/index.php\/category\/noticias-de-ribeirao-preto-sp-e-regiao-ismael-colosi\/"},"img":{"alt_text":"","src":"https:\/\/i0.wp.com\/noticiasribeiraopreto.com.br\/wp-content\/uploads\/2025\/08\/WhatsApp-Image-2025-08-15-at-06.23.01_2025-08-15_10-04-02-1024x576.webp.webp?fit=1024%2C576&ssl=1&resize=350%2C200","width":350,"height":200,"srcset":"https:\/\/i0.wp.com\/noticiasribeiraopreto.com.br\/wp-content\/uploads\/2025\/08\/WhatsApp-Image-2025-08-15-at-06.23.01_2025-08-15_10-04-02-1024x576.webp.webp?fit=1024%2C576&ssl=1&resize=350%2C200 1x, https:\/\/i0.wp.com\/noticiasribeiraopreto.com.br\/wp-content\/uploads\/2025\/08\/WhatsApp-Image-2025-08-15-at-06.23.01_2025-08-15_10-04-02-1024x576.webp.webp?fit=1024%2C576&ssl=1&resize=525%2C300 1.5x, https:\/\/i0.wp.com\/noticiasribeiraopreto.com.br\/wp-content\/uploads\/2025\/08\/WhatsApp-Image-2025-08-15-at-06.23.01_2025-08-15_10-04-02-1024x576.webp.webp?fit=1024%2C576&ssl=1&resize=700%2C400 2x"},"classes":[]},{"id":75874,"url":"https:\/\/noticiasribeiraopreto.com.br\/index.php\/2025\/08\/17\/domingo-sera-de-sol-e-calor-em-ribeirao-preto-veranico-chega-nesta-semana\/","url_meta":{"origin":75772,"position":1},"title":"Domingo ser\u00e1 de sol e calor em Ribeir\u00e3o Preto; Veranico chega nesta semana","author":"noticiasribeiraopreto.com.br","date":"17 de August de 2025","format":false,"excerpt":"O domingo (17) em Ribeir\u00e3o Preto ser\u00e1 ensolarado, com poucas nuvens e sem previs\u00e3o de chuva. Apesar da m\u00ednima de 16 \u00b0C, as temperaturas devem subir ao longo do dia e alcan\u00e7ar os 31 \u00b0C durante a tarde, segundo a Climatempo. A umidade relativa do ar varia entre 25% e\u2026","rel":"","context":"In &quot;Not\u00edcias de Ribeir\u00e3o Preto-SP e Regi\u00e3o&quot;","block_context":{"text":"Not\u00edcias de Ribeir\u00e3o Preto-SP e Regi\u00e3o","link":"https:\/\/noticiasribeiraopreto.com.br\/index.php\/category\/noticias-de-ribeirao-preto-sp-e-regiao-ismael-colosi\/"},"img":{"alt_text":"","src":"https:\/\/i0.wp.com\/noticiasribeiraopreto.com.br\/wp-content\/uploads\/2025\/08\/Imagem-do-WhatsApp-de-2025-08-10-as-09.21.15_9b79cfee_2025-08-10_12-29-12.webp.webp?fit=1200%2C675&ssl=1&resize=350%2C200","width":350,"height":200,"srcset":"https:\/\/i0.wp.com\/noticiasribeiraopreto.com.br\/wp-content\/uploads\/2025\/08\/Imagem-do-WhatsApp-de-2025-08-10-as-09.21.15_9b79cfee_2025-08-10_12-29-12.webp.webp?fit=1200%2C675&ssl=1&resize=350%2C200 1x, https:\/\/i0.wp.com\/noticiasribeiraopreto.com.br\/wp-content\/uploads\/2025\/08\/Imagem-do-WhatsApp-de-2025-08-10-as-09.21.15_9b79cfee_2025-08-10_12-29-12.webp.webp?fit=1200%2C675&ssl=1&resize=525%2C300 1.5x, https:\/\/i0.wp.com\/noticiasribeiraopreto.com.br\/wp-content\/uploads\/2025\/08\/Imagem-do-WhatsApp-de-2025-08-10-as-09.21.15_9b79cfee_2025-08-10_12-29-12.webp.webp?fit=1200%2C675&ssl=1&resize=700%2C400 2x, https:\/\/i0.wp.com\/noticiasribeiraopreto.com.br\/wp-content\/uploads\/2025\/08\/Imagem-do-WhatsApp-de-2025-08-10-as-09.21.15_9b79cfee_2025-08-10_12-29-12.webp.webp?fit=1200%2C675&ssl=1&resize=1050%2C600 3x"},"classes":[]},{"id":76091,"url":"https:\/\/noticiasribeiraopreto.com.br\/index.php\/2025\/08\/21\/veranico-ja-tem-data-para-acabar-veja-previsao\/","url_meta":{"origin":75772,"position":2},"title":"Veranico j\u00e1 tem data para acabar? Veja previs\u00e3o","author":"noticiasribeiraopreto.com.br","date":"21 de August de 2025","format":false,"excerpt":"Os term\u00f4metros voltaram a subir no interior de S\u00e3o Paulo com o in\u00edcio de um novo veranico, per\u00edodo em que as temperaturas ficam acima da m\u00e9dia mesmo no inverno. Segundo os meteorologistas, uma massa de ar seco associada a um bloqueio atmosf\u00e9rico favorecer\u00e1 dias de calor intenso e baixa umidade.\u2026","rel":"","context":"In &quot;Not\u00edcias de Ribeir\u00e3o Preto-SP e Regi\u00e3o&quot;","block_context":{"text":"Not\u00edcias de Ribeir\u00e3o Preto-SP e Regi\u00e3o","link":"https:\/\/noticiasribeiraopreto.com.br\/index.php\/category\/noticias-de-ribeirao-preto-sp-e-regiao-ismael-colosi\/"},"img":{"alt_text":"","src":"https:\/\/i0.wp.com\/noticiasribeiraopreto.com.br\/wp-content\/uploads\/2025\/08\/calor-2_2024-10-08_20-08-44_jpeg_2024-10-08_20-08-44-1024x683.webp.webp?fit=1024%2C683&ssl=1&resize=350%2C200","width":350,"height":200,"srcset":"https:\/\/i0.wp.com\/noticiasribeiraopreto.com.br\/wp-content\/uploads\/2025\/08\/calor-2_2024-10-08_20-08-44_jpeg_2024-10-08_20-08-44-1024x683.webp.webp?fit=1024%2C683&ssl=1&resize=350%2C200 1x, https:\/\/i0.wp.com\/noticiasribeiraopreto.com.br\/wp-content\/uploads\/2025\/08\/calor-2_2024-10-08_20-08-44_jpeg_2024-10-08_20-08-44-1024x683.webp.webp?fit=1024%2C683&ssl=1&resize=525%2C300 1.5x, https:\/\/i0.wp.com\/noticiasribeiraopreto.com.br\/wp-content\/uploads\/2025\/08\/calor-2_2024-10-08_20-08-44_jpeg_2024-10-08_20-08-44-1024x683.webp.webp?fit=1024%2C683&ssl=1&resize=700%2C400 2x"},"classes":[]},{"id":63951,"url":"https:\/\/noticiasribeiraopreto.com.br\/index.php\/2025\/02\/26\/antes-de-nova-onda-de-calor-pancadas-de-chuva-atingem-o-interior-de-sp-veja-previsao\/","url_meta":{"origin":75772,"position":3},"title":"Antes de nova onda de calor, pancadas de chuva atingem o interior de SP; Veja previs\u00e3o","author":"noticiasribeiraopreto.com.br","date":"26 de February de 2025","format":false,"excerpt":"Uma nova onda de calor \u2013 a quinta em 2025 \u2013 est\u00e1 prevista no estado de S\u00e3o Paulo entre os dias 28 de fevereiro e 5 de mar\u00e7o. A maior parte do estado dever\u00e1 registrar temperaturas superiores a 5\u00b0C acima da m\u00e9dia, segundo a Climatempo. Contudo, antes da chegada desta\u2026","rel":"","context":"In &quot;Not\u00edcias de Ribeir\u00e3o Preto-SP e Regi\u00e3o&quot;","block_context":{"text":"Not\u00edcias de Ribeir\u00e3o Preto-SP e Regi\u00e3o","link":"https:\/\/noticiasribeiraopreto.com.br\/index.php\/category\/noticias-de-ribeirao-preto-sp-e-regiao-ismael-colosi\/"},"img":{"alt_text":"","src":"https:\/\/i0.wp.com\/noticiasribeiraopreto.com.br\/wp-content\/uploads\/2025\/02\/1740566535_RIBEIRAO-PRETO.jpg?fit=1200%2C708&ssl=1&resize=350%2C200","width":350,"height":200,"srcset":"https:\/\/i0.wp.com\/noticiasribeiraopreto.com.br\/wp-content\/uploads\/2025\/02\/1740566535_RIBEIRAO-PRETO.jpg?fit=1200%2C708&ssl=1&resize=350%2C200 1x, https:\/\/i0.wp.com\/noticiasribeiraopreto.com.br\/wp-content\/uploads\/2025\/02\/1740566535_RIBEIRAO-PRETO.jpg?fit=1200%2C708&ssl=1&resize=525%2C300 1.5x, https:\/\/i0.wp.com\/noticiasribeiraopreto.com.br\/wp-content\/uploads\/2025\/02\/1740566535_RIBEIRAO-PRETO.jpg?fit=1200%2C708&ssl=1&resize=700%2C400 2x, https:\/\/i0.wp.com\/noticiasribeiraopreto.com.br\/wp-content\/uploads\/2025\/02\/1740566535_RIBEIRAO-PRETO.jpg?fit=1200%2C708&ssl=1&resize=1050%2C600 3x"},"classes":[]},{"id":56966,"url":"https:\/\/noticiasribeiraopreto.com.br\/index.php\/2024\/08\/19\/vai-fazer-mais-frio-em-agosto-veja-a-previsao-do-tempo-para-o-interior-de-sp\/","url_meta":{"origin":75772,"position":4},"title":"Vai fazer mais frio em agosto? Veja a previs\u00e3o do tempo para o interior de SP","author":"noticiasribeiraopreto.com.br","date":"19 de August de 2024","format":false,"excerpt":"Ap\u00f3s uma forte onda de frio que estabeleceu recordes de baixas temperaturas na primeira quinzena do m\u00eas de agosto, o calor voltou a afetar diversas regi\u00f5es do interior de S\u00e3o Paulo. Entretanto, essa onda de calor n\u00e3o vai durar muito, pois o frio j\u00e1 tem data marcada para retornar, de\u2026","rel":"","context":"In &quot;Not\u00edcias de Ribeir\u00e3o Preto-SP e Regi\u00e3o&quot;","block_context":{"text":"Not\u00edcias de Ribeir\u00e3o Preto-SP e Regi\u00e3o","link":"https:\/\/noticiasribeiraopreto.com.br\/index.php\/category\/noticias-de-ribeirao-preto-sp-e-regiao-ismael-colosi\/"},"img":{"alt_text":"","src":"https:\/\/i0.wp.com\/noticiasribeiraopreto.com.br\/wp-content\/uploads\/2024\/08\/frente_fria_-_foto_guilherme_sircili_5.jpg_231334169.png?fit=600%2C400&ssl=1&resize=350%2C200","width":350,"height":200,"srcset":"https:\/\/i0.wp.com\/noticiasribeiraopreto.com.br\/wp-content\/uploads\/2024\/08\/frente_fria_-_foto_guilherme_sircili_5.jpg_231334169.png?fit=600%2C400&ssl=1&resize=350%2C200 1x, https:\/\/i0.wp.com\/noticiasribeiraopreto.com.br\/wp-content\/uploads\/2024\/08\/frente_fria_-_foto_guilherme_sircili_5.jpg_231334169.png?fit=600%2C400&ssl=1&resize=525%2C300 1.5x"},"classes":[]},{"id":75829,"url":"https:\/\/noticiasribeiraopreto.com.br\/index.php\/2025\/08\/16\/veja-a-previsao-do-tempo-para-ribeirao-preto-neste-sabado-2\/","url_meta":{"origin":75772,"position":5},"title":"Veja a previs\u00e3o do tempo para Ribeir\u00e3o Preto neste s\u00e1bado","author":"noticiasribeiraopreto.com.br","date":"16 de August de 2025","format":false,"excerpt":"O s\u00e1bado (16) come\u00e7ou com temperaturas elevadas. Segundo a previs\u00e3o do tempo, Ribeir\u00e3o Preto ter\u00e1 um dia de Sol, com aumento de nuvens no per\u00edodo da tarde. A temperatura m\u00e1xima prevista \u00e9 de 31\u00b0C, com m\u00ednima de 16\u00b0C, segundo a Climatempo. O per\u00edodo da noite deve ter muitas nuvens, mas\u2026","rel":"","context":"In &quot;Not\u00edcias de Ribeir\u00e3o Preto-SP e Regi\u00e3o&quot;","block_context":{"text":"Not\u00edcias de Ribeir\u00e3o Preto-SP e Regi\u00e3o","link":"https:\/\/noticiasribeiraopreto.com.br\/index.php\/category\/noticias-de-ribeirao-preto-sp-e-regiao-ismael-colosi\/"},"img":{"alt_text":"","src":"https:\/\/i0.wp.com\/noticiasribeiraopreto.com.br\/wp-content\/uploads\/2025\/08\/previsao-do-tempo-sol_2025-08-16_12-30-24.webp.webp?fit=1200%2C900&ssl=1&resize=350%2C200","width":350,"height":200,"srcset":"https:\/\/i0.wp.com\/noticiasribeiraopreto.com.br\/wp-content\/uploads\/2025\/08\/previsao-do-tempo-sol_2025-08-16_12-30-24.webp.webp?fit=1200%2C900&ssl=1&resize=350%2C200 1x, https:\/\/i0.wp.com\/noticiasribeiraopreto.com.br\/wp-content\/uploads\/2025\/08\/previsao-do-tempo-sol_2025-08-16_12-30-24.webp.webp?fit=1200%2C900&ssl=1&resize=525%2C300 1.5x, https:\/\/i0.wp.com\/noticiasribeiraopreto.com.br\/wp-content\/uploads\/2025\/08\/previsao-do-tempo-sol_2025-08-16_12-30-24.webp.webp?fit=1200%2C900&ssl=1&resize=700%2C400 2x, https:\/\/i0.wp.com\/noticiasribeiraopreto.com.br\/wp-content\/uploads\/2025\/08\/previsao-do-tempo-sol_2025-08-16_12-30-24.webp.webp?fit=1200%2C900&ssl=1&resize=1050%2C600 3x"},"classes":[]}],"jetpack_sharing_enabled":true,"jetpack_shortlink":"https:\/\/wp.me\/peQAOb-jI8","_links":{"self":[{"href":"https:\/\/noticiasribeiraopreto.com.br\/index.php\/wp-json\/wp\/v2\/posts\/75772","targetHints":{"allow":["GET"]}}],"collection":[{"href":"https:\/\/noticiasribeiraopreto.com.br\/index.php\/wp-json\/wp\/v2\/posts"}],"about":[{"href":"https:\/\/noticiasribeiraopreto.com.br\/index.php\/wp-json\/wp\/v2\/types\/post"}],"author":[{"embeddable":true,"href":"https:\/\/noticiasribeiraopreto.com.br\/index.php\/wp-json\/wp\/v2\/users\/1"}],"replies":[{"embeddable":true,"href":"https:\/\/noticiasribeiraopreto.com.br\/index.php\/wp-json\/wp\/v2\/comments?post=75772"}],"version-history":[{"count":0,"href":"https:\/\/noticiasribeiraopreto.com.br\/index.php\/wp-json\/wp\/v2\/posts\/75772\/revisions"}],"wp:featuredmedia":[{"embeddable":true,"href":"https:\/\/noticiasribeiraopreto.com.br\/index.php\/wp-json\/wp\/v2\/media\/72539"}],"wp:attachment":[{"href":"https:\/\/noticiasribeiraopreto.com.br\/index.php\/wp-json\/wp\/v2\/media?parent=75772"}],"wp:term":[{"taxonomy":"category","embeddable":true,"href":"https:\/\/noticiasribeiraopreto.com.br\/index.php\/wp-json\/wp\/v2\/categories?post=75772"},{"taxonomy":"post_tag","embeddable":true,"href":"https:\/\/noticiasribeiraopreto.com.br\/index.php\/wp-json\/wp\/v2\/tags?post=75772"}],"curies":[{"name":"wp","href":"https:\/\/api.w.org\/{rel}","templated":true}]}}