{"id":75774,"date":"2025-08-15T09:55:57","date_gmt":"2025-08-15T12:55:57","guid":{"rendered":"https:\/\/noticiasribeiraopreto.com.br\/index.php\/2025\/08\/15\/camara-quer-terceirizar-transmissoes-de-tv\/"},"modified":"2025-08-15T09:55:57","modified_gmt":"2025-08-15T12:55:57","slug":"camara-quer-terceirizar-transmissoes-de-tv","status":"publish","type":"post","link":"https:\/\/noticiasribeiraopreto.com.br\/index.php\/2025\/08\/15\/camara-quer-terceirizar-transmissoes-de-tv\/","title":{"rendered":"C\u00e2mara quer terceirizar transmiss\u00f5es\u00a0de TV"},"content":{"rendered":"<div class='code-block code-block-1' style='margin: 8px 0 8px auto; text-align: right; display: block; clear: both;'>\n<p><a href=\"https:\/\/wa.link\/vpicfd\"><img data-recalc-dims=\"1\" class=\"wp-image-4922\" style=\"aspect-ratio: 2.0253164556962027; width: 561px; height: auto;\" src=\"https:\/\/i0.wp.com\/ismaelcolosi.com.br\/wp-content\/uploads\/2023\/11\/grupo-de-empregos-whatsapp-e-facebook-ismael-colosi-vagas.jpg?ssl=1\" alt=\"\" \/><\/a><\/p>\n<!-- \/wp:image -->\n<\/div>\n<p> <br \/>\n<\/p>\n<div>\n<p><i><span data-contrast=\"auto\">Preg\u00e3o no valor de R$ 1,62 milh\u00e3o foi aberto para contratar emissora de TV, mas fracassou por n\u00e3o atrair interessados; Legislativo j\u00e1 tem a TV C\u00e2mara<\/span><\/i><\/p>\n<p><span data-contrast=\"auto\">A C\u00e2mara de Vereadores pretende terceirizar os servi\u00e7os de transmiss\u00e3o das sess\u00f5es ordin\u00e1rias, extraordin\u00e1rias, solenes e audi\u00eancias p\u00fablicas para emissora de televis\u00e3o de Ribeir\u00e3o Preto, mesmo tendo canal pr\u00f3prio: a TV C\u00e2mara, que funciona pela TV aberta no canal digital 6.3.\u00a0 <\/span><br \/><span data-contrast=\"auto\">A emissora, resultado de uma parceria de coopera\u00e7\u00e3o com a C\u00e2mara dos Deputados \u2013 detentora da concess\u00e3o \u2013, opera desde 2010 com programa\u00e7\u00e3o 24 horas por dia. Entre 1999 e 2010, as sess\u00f5es eram transmitidas em canal aberto pela TV Thathi, contratada para realizar o servi\u00e7o. <\/span><br \/><span data-contrast=\"auto\">A tentativa de terceiriza\u00e7\u00e3o pelo Legislativo Municipal teve in\u00edcio no dia 17 de julho deste ano, com a abertura do preg\u00e3o eletr\u00f4nico n\u00famero 09\/2025. Previa a contrata\u00e7\u00e3o de empresa especializada para presta\u00e7\u00e3o de servi\u00e7os de transmiss\u00e3o televisiva das atividades da C\u00e2mara de Ribeir\u00e3o Preto. <\/span><\/p>\n<p><span data-contrast=\"auto\">Inclu\u00eda a capta\u00e7\u00e3o, edi\u00e7\u00e3o, transmiss\u00e3o ao vivo e retransmiss\u00e3o das sess\u00f5es ordin\u00e1rias, extraordin\u00e1rias, solenes e audi\u00eancias p\u00fablicas, A emissora de televis\u00e3o tamb\u00e9m deveria ter cobertura m\u00ednima de 90% da \u00e1rea urbana, em canal digital aberto (VHF ou UHF)<\/span><\/p>\n<p><span data-contrast=\"auto\">Tamb\u00e9m deveria o fornecimento de equipe t\u00e9cnica m\u00ednima com dois operadores de c\u00e2mera e um rep\u00f3rter, al\u00e9m de chamadas di\u00e1rias informativas na programa\u00e7\u00e3o sobre as sess\u00f5es e o fornecimento de sinal para retransmiss\u00e3o digital, O valor estimado da contrata\u00e7\u00e3o era de R$ 1,62 milh\u00e3o por um per\u00edodo de doze meses, R$ 135 mil por m\u00eas. O contrato poderia ser prorrogado por at\u00e9 dez anos.<\/span><\/p>\n<p><span data-contrast=\"auto\">Entretanto, o certame fracassou porque nenhuma emissora se interessou em participar. Segundo apura\u00e7\u00e3o do Tribuna, o motivo envolve poss\u00edveis problemas legais que poderiam surgir com o Tribunal de Contas do Estado de S\u00e3o Paulo (TCESP). <\/span><\/p>\n<p><span data-contrast=\"auto\">O Tribunal de Contas poderia questionar a contrata\u00e7\u00e3o, j\u00e1 que a C\u00e2mara de Vereadores possui canal pr\u00f3prio para fazer suas transmiss\u00f5es. Com o fracasso da preg\u00e3o, o Legislativo C\u00e2mara ainda pode tentar a contrata\u00e7\u00e3o com vbase na atual Lei de Licita\u00e7\u00f5es (n\u00ba 14.133\/2021). <\/span><\/p>\n<p><span data-contrast=\"auto\">Em seu artigo 75 Inciso 3\u00ba, a lei permite, em casos excepcionais, que com o fracasso de uma licita\u00e7\u00e3o a contrata\u00e7\u00e3o possa ser feita de forma direta. Diz o artigo que isso pode ser feito quando \u201cn\u00e3o surgiram licitantes interessados ou n\u00e3o foram apresentadas propostas v\u00e1lidas\u201d.<\/span><\/p>\n<p><span data-contrast=\"auto\">Fontes ouvidas pelo Tribuna afirmam que a contrata\u00e7\u00e3o tamb\u00e9m teria como embasamento o precedente da C\u00e2mara de S\u00e3o Paulo, que tamb\u00e9m tamb\u00e9m tem canal pr\u00f3prio, mas compra espa\u00e7o na TV Cultura, onde produz e apresenta informativo semanal com 15 minutos de dura\u00e7\u00e3o. O programa \u00e9 transmitido aos s\u00e1bados, \u00e0s onze horas, apresentado pela jornalista Viviane Cesarino, que come\u00e7ou a carreira na TV Clube de Ribeir\u00e3o Preto.<\/span><\/p>\n<h2>\n<b><span data-contrast=\"auto\">TV C\u00e2mara tem <\/span><\/b><b><span data-contrast=\"auto\">80% de \u2018sombra\u2019<\/span><\/b><\/h2>\n<p><span data-contrast=\"auto\">Engenheiros em telecomunica\u00e7\u00f5es ouvidos pela reportagem, que preferiram o anonimato, afirmam que a cobertura \u2013 sinal \u2013 da TV C\u00e2mara de Ribeir\u00e3o Preto tem 80% de sombra. Ou seja, \u00e9 sintonizada com perfei\u00e7\u00e3o em apenas 20% da cidade, geralmente em bairros localizados em locais mais elevados e com poucos pr\u00e9dios altos. <\/span><\/p>\n<p><span data-contrast=\"auto\">Nas outras regi\u00f5es a pot\u00eancia do transmissor da emissora de apenas 200 watts (W)n\u00e3o tem for\u00e7a suficiente para vencer os obst\u00e1culos geogr\u00e1ficos, como os altos pr\u00e9dios ou atingir bairros localizados em regi\u00f5es mais baixas. Para ser ter uma ideia de como a pot\u00eancia do transmissor da TV C\u00e2mara \u00e9 pequeno, os de outras emissoras de televis\u00e3o da cidade t\u00eam entre 3 e 5 quilowatts de pot\u00eancia \u2013 cada kW equivale a 1.000 W.<\/span><\/p>\n<p><span data-contrast=\"auto\">Segundo os engenheiros de telecomunica\u00e7\u00f5es, para atingir toda a cidade, a TV C\u00e2mara teria de instalar um transmissor com, no m\u00ednimo, 500 whats de pot\u00eancia. O custo estimado pelos engenheiros para a aquisi\u00e7\u00e3o e operacionaliza\u00e7\u00e3o de um transmissor de 500 whats seria de R$ 1 milh\u00e3o, valor inferior ao R$ 1,62 milh\u00e3o estimado na licita\u00e7\u00e3o para a terceiriza\u00e7\u00e3o proposta, pelo per\u00edodo de um ano.<\/span><\/p>\n<p><span data-contrast=\"auto\">Como a concess\u00e3o do canal da TV C\u00e2mara pertence oficialmente a C\u00e2mara dos Deputados, caso Ribeir\u00e3o Preto tenha interesse em fazer a amplia\u00e7\u00e3o, seria preciso que o Parlamento Federal formalizasse o pedido junto ao Minist\u00e9rio das Comunica\u00e7\u00f5es.\u00a0 Projeto t\u00e9cnico tamb\u00e9m teria de ser apresentado e aprovado pela pasta. O Legislativo foi procurado para falar sobre o assunto, mas n\u00e3o havia respondido at\u00e9 o fechamento desta edi\u00e7\u00e3o.<\/span><\/p>\n<\/div>\n<p><br \/>\n<br \/><a href=\"https:\/\/www.tribunaribeirao.com.br\/camara-quer-terceirizar-transmissoes-de-tv\/\">Source link <\/a><\/p>\n<!-- CONTENT END 1 -->\n","protected":false},"excerpt":{"rendered":"<p>Preg\u00e3o no valor de R$ 1,62 milh\u00e3o foi aberto para contratar emissora de TV, mas fracassou por n\u00e3o atrair interessados; Legislativo j\u00e1 tem a TV&#8230;<\/p>\n","protected":false},"author":1,"featured_media":75775,"comment_status":"open","ping_status":"open","sticky":false,"template":"","format":"standard","meta":{"advanced_seo_description":"","jetpack_seo_html_title":"","jetpack_seo_noindex":false,"jetpack_post_was_ever_published":false,"_jetpack_newsletter_access":"","_jetpack_dont_email_post_to_subs":false,"_jetpack_newsletter_tier_id":0,"_jetpack_memberships_contains_paywalled_content":false,"_jetpack_memberships_contains_paid_content":false,"footnotes":"","jetpack_publicize_message":"","jetpack_publicize_feature_enabled":true,"jetpack_social_post_already_shared":true,"jetpack_social_options":{"image_generator_settings":{"template":"highway","default_image_id":0,"font":"","enabled":false},"version":2}},"categories":[11],"tags":[],"class_list":["post-75774","post","type-post","status-publish","format-standard","has-post-thumbnail","hentry","category-noticias-de-ribeirao-preto-sp-e-regiao-ismael-colosi"],"jetpack_publicize_connections":[],"jetpack_featured_media_url":"https:\/\/i0.wp.com\/noticiasribeiraopreto.com.br\/wp-content\/uploads\/2025\/08\/tvcamara-Thaisa-Coroado-Camara-scaled.jpg?fit=1170%2C780&ssl=1","jetpack-related-posts":[{"id":78287,"url":"https:\/\/noticiasribeiraopreto.com.br\/index.php\/2025\/10\/08\/camara-reabre-pregao-de-terceirizacao-de-tv\/","url_meta":{"origin":75774,"position":0},"title":"C\u00e2mara reabre preg\u00e3o de \u2028terceiriza\u00e7\u00e3o de TV","author":"noticiasribeiraopreto.com.br","date":"8 de October de 2025","format":false,"excerpt":"Preg\u00e3o no valor de R$ 1,62 milh\u00e3o foi aberto para contratar emissora de TV apesar de o Legislativo j\u00e1 contar com a TV C\u00e2mara\u2028\u2028 A C\u00e2mara de Ribeir\u00e3o Preto reabriu o preg\u00e3o eletr\u00f4nico n\u00famero 09\/2025. Pretende terceirizar os servi\u00e7os de transmiss\u00e3o das sess\u00f5es ordin\u00e1rias, extraordin\u00e1rias, solenes e audi\u00eancias p\u00fablicas para\u2026","rel":"","context":"In &quot;Not\u00edcias de Ribeir\u00e3o Preto-SP e Regi\u00e3o&quot;","block_context":{"text":"Not\u00edcias de Ribeir\u00e3o Preto-SP e Regi\u00e3o","link":"https:\/\/noticiasribeiraopreto.com.br\/index.php\/category\/noticias-de-ribeirao-preto-sp-e-regiao-ismael-colosi\/"},"img":{"alt_text":"","src":"https:\/\/i0.wp.com\/noticiasribeiraopreto.com.br\/wp-content\/uploads\/2025\/10\/CamaraTV-Tha-Alfredo-Risk-02-scaled.jpg?fit=1170%2C780&ssl=1&resize=350%2C200","width":350,"height":200,"srcset":"https:\/\/i0.wp.com\/noticiasribeiraopreto.com.br\/wp-content\/uploads\/2025\/10\/CamaraTV-Tha-Alfredo-Risk-02-scaled.jpg?fit=1170%2C780&ssl=1&resize=350%2C200 1x, https:\/\/i0.wp.com\/noticiasribeiraopreto.com.br\/wp-content\/uploads\/2025\/10\/CamaraTV-Tha-Alfredo-Risk-02-scaled.jpg?fit=1170%2C780&ssl=1&resize=525%2C300 1.5x, https:\/\/i0.wp.com\/noticiasribeiraopreto.com.br\/wp-content\/uploads\/2025\/10\/CamaraTV-Tha-Alfredo-Risk-02-scaled.jpg?fit=1170%2C780&ssl=1&resize=700%2C400 2x, https:\/\/i0.wp.com\/noticiasribeiraopreto.com.br\/wp-content\/uploads\/2025\/10\/CamaraTV-Tha-Alfredo-Risk-02-scaled.jpg?fit=1170%2C780&ssl=1&resize=1050%2C600 3x"},"classes":[]},{"id":79409,"url":"https:\/\/noticiasribeiraopreto.com.br\/index.php\/2025\/10\/31\/tv-local-transmitira-sessoes-da-camara-e-recebera-r-135-mil-por-mes\/","url_meta":{"origin":75774,"position":1},"title":"TV local transmitir\u00e1 \u2028sess\u00f5es da C\u00e2mara e receber\u00e1 R$ 135 mil por m\u00eas","author":"noticiasribeiraopreto.com.br","date":"31 de October de 2025","format":false,"excerpt":"31 de outubro de 2025 08:4531 de outubro de 2025 00:557 Compartilhar0 Preg\u00e3o eletr\u00f4nico teve dois participantes; emissora vencedora vai receber R$ 135 mil por m\u00eas pelas transmiss\u00f5es A TV Thathi do empres\u00e1rio Chaim Zaher venceu a licita\u00e7\u00e3o \u2013 preg\u00e3o eletr\u00f4nico \u2013 da C\u00e2mara de Ribeir\u00e3o Preto e vai transmitir\u2026","rel":"","context":"In &quot;Not\u00edcias de Ribeir\u00e3o Preto-SP e Regi\u00e3o&quot;","block_context":{"text":"Not\u00edcias de Ribeir\u00e3o Preto-SP e Regi\u00e3o","link":"https:\/\/noticiasribeiraopreto.com.br\/index.php\/category\/noticias-de-ribeirao-preto-sp-e-regiao-ismael-colosi\/"},"img":{"alt_text":"","src":"https:\/\/i0.wp.com\/noticiasribeiraopreto.com.br\/wp-content\/uploads\/2025\/10\/CamaraTV-Thaisa-Coroado-Camara-scaled.jpg?fit=1170%2C780&ssl=1&resize=350%2C200","width":350,"height":200,"srcset":"https:\/\/i0.wp.com\/noticiasribeiraopreto.com.br\/wp-content\/uploads\/2025\/10\/CamaraTV-Thaisa-Coroado-Camara-scaled.jpg?fit=1170%2C780&ssl=1&resize=350%2C200 1x, https:\/\/i0.wp.com\/noticiasribeiraopreto.com.br\/wp-content\/uploads\/2025\/10\/CamaraTV-Thaisa-Coroado-Camara-scaled.jpg?fit=1170%2C780&ssl=1&resize=525%2C300 1.5x, https:\/\/i0.wp.com\/noticiasribeiraopreto.com.br\/wp-content\/uploads\/2025\/10\/CamaraTV-Thaisa-Coroado-Camara-scaled.jpg?fit=1170%2C780&ssl=1&resize=700%2C400 2x, https:\/\/i0.wp.com\/noticiasribeiraopreto.com.br\/wp-content\/uploads\/2025\/10\/CamaraTV-Thaisa-Coroado-Camara-scaled.jpg?fit=1170%2C780&ssl=1&resize=1050%2C600 3x"},"classes":[]},{"id":80361,"url":"https:\/\/noticiasribeiraopreto.com.br\/index.php\/2025\/11\/20\/teve-local-passa-a-transmitir-sessoes-da-camara\/","url_meta":{"origin":75774,"position":2},"title":"Tev\u00ea local passa a \u2028transmitir sess\u00f5es da C\u00e2mara","author":"noticiasribeiraopreto.com.br","date":"20 de November de 2025","format":false,"excerpt":"\r \r \r 20 de novembro de 2025 13:50 \r Compartilhar0 A TV Thathi do empres\u00e1rio Chaim Zaher passar\u00e1 a transmitir as sess\u00f5es ordin\u00e1rias, extraordin\u00e1rias, solenes e audi\u00eancias p\u00fablicas da C\u00e2mara de Ribeir\u00e3o Preto a partir de segunda-feira, 24 de novembro. A emissora venceu a licita\u00e7\u00e3o \u2013 preg\u00e3o eletr\u00f4nico \u2013\u2026","rel":"","context":"In &quot;Not\u00edcias de Ribeir\u00e3o Preto-SP e Regi\u00e3o&quot;","block_context":{"text":"Not\u00edcias de Ribeir\u00e3o Preto-SP e Regi\u00e3o","link":"https:\/\/noticiasribeiraopreto.com.br\/index.php\/category\/noticias-de-ribeirao-preto-sp-e-regiao-ismael-colosi\/"},"img":{"alt_text":"","src":"https:\/\/i0.wp.com\/noticiasribeiraopreto.com.br\/wp-content\/uploads\/2025\/11\/CamaraTV-Tha-Alfredo-Risk-scaled.jpg?fit=1170%2C780&ssl=1&resize=350%2C200","width":350,"height":200,"srcset":"https:\/\/i0.wp.com\/noticiasribeiraopreto.com.br\/wp-content\/uploads\/2025\/11\/CamaraTV-Tha-Alfredo-Risk-scaled.jpg?fit=1170%2C780&ssl=1&resize=350%2C200 1x, https:\/\/i0.wp.com\/noticiasribeiraopreto.com.br\/wp-content\/uploads\/2025\/11\/CamaraTV-Tha-Alfredo-Risk-scaled.jpg?fit=1170%2C780&ssl=1&resize=525%2C300 1.5x, https:\/\/i0.wp.com\/noticiasribeiraopreto.com.br\/wp-content\/uploads\/2025\/11\/CamaraTV-Tha-Alfredo-Risk-scaled.jpg?fit=1170%2C780&ssl=1&resize=700%2C400 2x, https:\/\/i0.wp.com\/noticiasribeiraopreto.com.br\/wp-content\/uploads\/2025\/11\/CamaraTV-Tha-Alfredo-Risk-scaled.jpg?fit=1170%2C780&ssl=1&resize=1050%2C600 3x"},"classes":[]},{"id":80078,"url":"https:\/\/noticiasribeiraopreto.com.br\/index.php\/2025\/11\/14\/isaac-antunes-deve-ser-reeleito-pela-terceira-vez\/","url_meta":{"origin":75774,"position":3},"title":"Isaac Antunes deve ser reeleito pela terceira vez","author":"noticiasribeiraopreto.com.br","date":"14 de November de 2025","format":false,"excerpt":"Elei\u00e7\u00e3o da nova Mesa Diretora da C\u00e2mara de Ribeir\u00e3o Preto ser\u00e1 em dia 26 de novembro; Isaac Antunes (PL) dever\u00e1 permanecer no cargo\u2028\u2028As articula\u00e7\u00f5es para definir a composi\u00e7\u00e3o da nova Mesa Diretora da C\u00e2mara de Ribeir\u00e3o Preto em| 2026 j\u00e1 come\u00e7aram. A elei\u00e7\u00e3o do futuro presidente, primeiro e segundo vice-presidentes\u2026","rel":"","context":"In &quot;Not\u00edcias de Ribeir\u00e3o Preto-SP e Regi\u00e3o&quot;","block_context":{"text":"Not\u00edcias de Ribeir\u00e3o Preto-SP e Regi\u00e3o","link":"https:\/\/noticiasribeiraopreto.com.br\/index.php\/category\/noticias-de-ribeirao-preto-sp-e-regiao-ismael-colosi\/"},"img":{"alt_text":"","src":"https:\/\/i0.wp.com\/noticiasribeiraopreto.com.br\/wp-content\/uploads\/2025\/11\/CamaraRP-Isa-Alfredo-Risk-scaled.jpg?fit=1170%2C780&ssl=1&resize=350%2C200","width":350,"height":200,"srcset":"https:\/\/i0.wp.com\/noticiasribeiraopreto.com.br\/wp-content\/uploads\/2025\/11\/CamaraRP-Isa-Alfredo-Risk-scaled.jpg?fit=1170%2C780&ssl=1&resize=350%2C200 1x, https:\/\/i0.wp.com\/noticiasribeiraopreto.com.br\/wp-content\/uploads\/2025\/11\/CamaraRP-Isa-Alfredo-Risk-scaled.jpg?fit=1170%2C780&ssl=1&resize=525%2C300 1.5x, https:\/\/i0.wp.com\/noticiasribeiraopreto.com.br\/wp-content\/uploads\/2025\/11\/CamaraRP-Isa-Alfredo-Risk-scaled.jpg?fit=1170%2C780&ssl=1&resize=700%2C400 2x, https:\/\/i0.wp.com\/noticiasribeiraopreto.com.br\/wp-content\/uploads\/2025\/11\/CamaraRP-Isa-Alfredo-Risk-scaled.jpg?fit=1170%2C780&ssl=1&resize=1050%2C600 3x"},"classes":[]},{"id":67351,"url":"https:\/\/noticiasribeiraopreto.com.br\/index.php\/2025\/04\/13\/jornal-da-franca-franca-e-a-primeira-cidade-do-estado-de-sp-a-receber-sinal-hd-da-rede-alesp\/","url_meta":{"origin":75774,"position":4},"title":"Jornal da Franca &#8211; Franca \u00e9 a primeira cidade do Estado de SP a receber sinal HD da Rede Alesp","author":"noticiasribeiraopreto.com.br","date":"13 de April de 2025","format":false,"excerpt":"compartilhar no whatsapp compartilhar no telegram compartilhar no facebook compartilhar no linkedin Presidente da C\u00e2mara, Daniel Bassi, afirma que francanos ter\u00e3o melhor qualidade de imagem e som A cidade de Franca \u00e9 novamente pioneira e se tornou a primeira do estado a receber o sinal HD da Rede Alesp, proporcionando\u2026","rel":"","context":"In &quot;Not\u00edcias de Franca-SP&quot;","block_context":{"text":"Not\u00edcias de Franca-SP","link":"https:\/\/noticiasribeiraopreto.com.br\/index.php\/category\/noticias-de-ribeirao-preto-sp-e-regiao-ismael-colosi\/noticias-franca-sp\/"},"img":{"alt_text":"","src":"https:\/\/i0.wp.com\/noticiasribeiraopreto.com.br\/wp-content\/uploads\/2025\/04\/bassi0407.jpg?fit=930%2C558&ssl=1&resize=350%2C200","width":350,"height":200,"srcset":"https:\/\/i0.wp.com\/noticiasribeiraopreto.com.br\/wp-content\/uploads\/2025\/04\/bassi0407.jpg?fit=930%2C558&ssl=1&resize=350%2C200 1x, https:\/\/i0.wp.com\/noticiasribeiraopreto.com.br\/wp-content\/uploads\/2025\/04\/bassi0407.jpg?fit=930%2C558&ssl=1&resize=525%2C300 1.5x, https:\/\/i0.wp.com\/noticiasribeiraopreto.com.br\/wp-content\/uploads\/2025\/04\/bassi0407.jpg?fit=930%2C558&ssl=1&resize=700%2C400 2x"},"classes":[]},{"id":20194,"url":"https:\/\/noticiasribeiraopreto.com.br\/index.php\/2023\/12\/24\/camara-na-escola-atrai-mais-de-dois-mil-estudantes\/","url_meta":{"origin":75774,"position":5},"title":"C\u00e2mara na Escola\u00a0atrai mais de dois mil estudantes","author":"noticiasribeiraopreto.com.br","date":"24 de December de 2023","format":false,"excerpt":"24 de dezembro de 2023 | 14:0024 de dezembro de 2023 | 11:00 0Este ano o programa C\u00e2mara na Escola, realizado pelo Legislativo de Ribeir\u00e3o Preto recebeu 33 escolas totalizando 2.392 estudantes nas visitas monitoradas e nas palestras realizadas. Foram 83 visitas guiadas em que os alunos aprenderam sobre a\u2026","rel":"","context":"In &quot;Not\u00edcias de Ribeir\u00e3o Preto-SP e Regi\u00e3o&quot;","block_context":{"text":"Not\u00edcias de Ribeir\u00e3o Preto-SP e Regi\u00e3o","link":"https:\/\/noticiasribeiraopreto.com.br\/index.php\/category\/noticias-de-ribeirao-preto-sp-e-regiao-ismael-colosi\/"},"img":{"alt_text":"","src":"https:\/\/i0.wp.com\/noticiasribeiraopreto.com.br\/wp-content\/uploads\/2023\/12\/1-camara-escola-1_credioSilviaMoaraes-scaled.jpg?fit=933%2C645&ssl=1&resize=350%2C200","width":350,"height":200,"srcset":"https:\/\/i0.wp.com\/noticiasribeiraopreto.com.br\/wp-content\/uploads\/2023\/12\/1-camara-escola-1_credioSilviaMoaraes-scaled.jpg?fit=933%2C645&ssl=1&resize=350%2C200 1x, https:\/\/i0.wp.com\/noticiasribeiraopreto.com.br\/wp-content\/uploads\/2023\/12\/1-camara-escola-1_credioSilviaMoaraes-scaled.jpg?fit=933%2C645&ssl=1&resize=525%2C300 1.5x, https:\/\/i0.wp.com\/noticiasribeiraopreto.com.br\/wp-content\/uploads\/2023\/12\/1-camara-escola-1_credioSilviaMoaraes-scaled.jpg?fit=933%2C645&ssl=1&resize=700%2C400 2x"},"classes":[]}],"jetpack_sharing_enabled":true,"jetpack_shortlink":"https:\/\/wp.me\/peQAOb-jIa","_links":{"self":[{"href":"https:\/\/noticiasribeiraopreto.com.br\/index.php\/wp-json\/wp\/v2\/posts\/75774","targetHints":{"allow":["GET"]}}],"collection":[{"href":"https:\/\/noticiasribeiraopreto.com.br\/index.php\/wp-json\/wp\/v2\/posts"}],"about":[{"href":"https:\/\/noticiasribeiraopreto.com.br\/index.php\/wp-json\/wp\/v2\/types\/post"}],"author":[{"embeddable":true,"href":"https:\/\/noticiasribeiraopreto.com.br\/index.php\/wp-json\/wp\/v2\/users\/1"}],"replies":[{"embeddable":true,"href":"https:\/\/noticiasribeiraopreto.com.br\/index.php\/wp-json\/wp\/v2\/comments?post=75774"}],"version-history":[{"count":0,"href":"https:\/\/noticiasribeiraopreto.com.br\/index.php\/wp-json\/wp\/v2\/posts\/75774\/revisions"}],"wp:featuredmedia":[{"embeddable":true,"href":"https:\/\/noticiasribeiraopreto.com.br\/index.php\/wp-json\/wp\/v2\/media\/75775"}],"wp:attachment":[{"href":"https:\/\/noticiasribeiraopreto.com.br\/index.php\/wp-json\/wp\/v2\/media?parent=75774"}],"wp:term":[{"taxonomy":"category","embeddable":true,"href":"https:\/\/noticiasribeiraopreto.com.br\/index.php\/wp-json\/wp\/v2\/categories?post=75774"},{"taxonomy":"post_tag","embeddable":true,"href":"https:\/\/noticiasribeiraopreto.com.br\/index.php\/wp-json\/wp\/v2\/tags?post=75774"}],"curies":[{"name":"wp","href":"https:\/\/api.w.org\/{rel}","templated":true}]}}