{"id":75776,"date":"2025-08-15T10:13:04","date_gmt":"2025-08-15T13:13:04","guid":{"rendered":"https:\/\/noticiasribeiraopreto.com.br\/index.php\/2025\/08\/15\/videos-pm-mata-cao-a-tiros-durante-abordagem-na-regiao\/"},"modified":"2025-08-15T10:13:04","modified_gmt":"2025-08-15T13:13:04","slug":"videos-pm-mata-cao-a-tiros-durante-abordagem-na-regiao","status":"publish","type":"post","link":"https:\/\/noticiasribeiraopreto.com.br\/index.php\/2025\/08\/15\/videos-pm-mata-cao-a-tiros-durante-abordagem-na-regiao\/","title":{"rendered":"V\u00cdDEOS &#8211; PM mata c\u00e3o a tiros durante abordagem na regi\u00e3o"},"content":{"rendered":"<div class='code-block code-block-1' style='margin: 8px 0 8px auto; text-align: right; display: block; clear: both;'>\n<p><a href=\"https:\/\/wa.link\/vpicfd\"><img data-recalc-dims=\"1\" class=\"wp-image-4922\" style=\"aspect-ratio: 2.0253164556962027; width: 561px; height: auto;\" src=\"https:\/\/i0.wp.com\/ismaelcolosi.com.br\/wp-content\/uploads\/2023\/11\/grupo-de-empregos-whatsapp-e-facebook-ismael-colosi-vagas.jpg?ssl=1\" alt=\"\" \/><\/a><\/p>\n<!-- \/wp:image -->\n<\/div>\n<p> <br \/>\n<\/p>\n<div id=\"\">\n<h2 class=\"penci-post-subtitle\">Policiais abordavam homem suspeito de tr\u00e1fico quando c\u00e3es teriam avan\u00e7ado e um deles foi atingido por quatro disparos efetuados pelo PM<\/h2>\n<p>\n\t\t\t\t\t\t\t\t\t<span class=\"entry-meta-item penci-posted-on\"><i class=\"fa fa-clock-o\"\/><time class=\"entry-date published updated\" datetime=\"2025-08-15T10:12:51-03:00\">15 de agosto de 2025 10:12<\/time><\/span><span class=\"entry-meta-item penci-post-countview\"><span class=\"entry-meta-item penci-post-countview penci_post-meta_item\"><i class=\"fa fa-eye\"\/><span class=\"penci-post-countview-number penci-post-countview-p435233\">0<\/span><\/span><\/span>\t\t\t\t\t\t\t\t<\/p>\n<p><!-- .entry-meta --><br \/>\n\t\t\t\t\t\t\t\t<span class=\"penci-social-buttons penci-social-share-footer\"><span class=\"penci-social-share-text\">Compartilhar<\/span><a href=\"#\" class=\"penci-post-like penci_post-meta_item  single-like-button penci-social-item like\" data-post_id=\"435233\" title=\"Like\" data-like=\"Like\" data-unlike=\"Unlike\"><i class=\"fa fa-thumbs-o-up\"\/><span class=\"penci-share-number\">0<\/span><\/a><i class=\"fa fa-facebook\"\/><a class=\"penci-social-item twitter\" target=\"_blank\" rel=\"noopener\" title=\"\" href=\"https:\/\/twitter.com\/intent\/tweet?text=V\u00cdDEOS%20-%20PM%20mata%20c\u00e3o%20a%20tiros%20durante%20abordagem%20na%20regi\u00e3o%20-%20https:\/\/www.tribunaribeirao.com.br\/videos-pm-mata-cao-a-tiros-durante-abordagem-na-regiao\/\"><i class=\"fa fa-twitter\"\/><\/a><i class=\"fa fa-linkedin\"\/><i class=\"fa fa-whatsapp\"\/><i class=\"fa fa-telegram\"\/><i class=\"fa fa-envelope\"\/><\/span>\t\t\t\t\t\t\t<\/div>\n<div>\n<p>Uma abordagem policial a um suspeito de tr\u00e1fico de drogas fugiu ao controle, na tarde desta quinta-feira (14). Na confus\u00e3o, tr\u00eas cachorros foram soltos e avan\u00e7aram no policial, que sacou a arma e efetuou quatro disparos, matando um deles.<\/p>\n<p>O caso ocorreu na cidade de Guar\u00e1, distante 90 km de Ribeir\u00e3o Preto. V\u00eddeos registrados por moradores e de c\u00e2meras de seguran\u00e7a mostraram a cena.<\/p>\n<p>Os policiais faziam patrulhamento na regi\u00e3o quando notaram um homem jogando uma sacola pl\u00e1stica fora e fugindo em seguida. Os policiais foram atr\u00e1s at\u00e9 a casa onde ele havia parado.<\/p>\n<p><iframe loading=\"lazy\" title=\"Abordagem Guar\u00e1 2\" width=\"500\" height=\"281\" src=\"https:\/\/www.youtube.com\/embed\/mF9SUOiiXDo?feature=oembed\" frameborder=\"0\" allow=\"accelerometer; autoplay; clipboard-write; encrypted-media; gyroscope; picture-in-picture; web-share\" referrerpolicy=\"strict-origin-when-cross-origin\" allowfullscreen><\/iframe><\/p>\n<p>Ao tentar efetuar a pris\u00e3o, o suspeito resistiu e entrou na casa. Um PM tentou impedir e um casal n\u00e3o deixou que ele entrasse atr\u00e1s.<\/p>\n<p>Na confus\u00e3o, o PM foi empurrado e seu celular caiu. Em seguida, o port\u00e3o se abre e saem tr\u00eas cachorros, latindo na dire\u00e7\u00e3o do PM. Um deles chega perto. O PM saca sua arma e dispara quatro vezes contra o c\u00e3o, matando o animal.<\/p>\n<p>As imagens foram registradas por moradores e por c\u00e2meras de seguran\u00e7a. V\u00e1rios moradores que presenciaram a cena ficaram revoltados com a atitude do PM. A morte do cachorro foi registrada na Delegacia de Guar\u00e1 e a Pol\u00edcia Civil vai apurar as circunst\u00e2ncias.<\/p>\n<figure id=\"attachment_435234\" aria-describedby=\"caption-attachment-435234\" style=\"width: 711px\" class=\"wp-caption alignnone\"><img data-recalc-dims=\"1\" loading=\"lazy\" decoding=\"async\" class=\"wp-image-435234 lazyload\" src=\"https:\/\/i0.wp.com\/www.tribunaribeirao.com.br\/wp-content\/uploads\/2025\/08\/15-ago-2025-cachorroguara.jpg?resize=711%2C568&#038;ssl=1\" alt=\"\" width=\"711\" height=\"568\" srcset=\"https:\/\/www.tribunaribeirao.com.br\/wp-content\/uploads\/2025\/08\/15-ago-2025-cachorroguara.jpg 600w, https:\/\/www.tribunaribeirao.com.br\/wp-content\/uploads\/2025\/08\/15-ago-2025-cachorroguara-300x240.jpg 300w, https:\/\/www.tribunaribeirao.com.br\/wp-content\/uploads\/2025\/08\/15-ago-2025-cachorroguara-501x400.jpg 501w, https:\/\/www.tribunaribeirao.com.br\/wp-content\/uploads\/2025\/08\/15-ago-2025-cachorroguara-585x467.jpg 585w\" data-sizes=\"(max-width: 711px) 100vw, 711px\" style=\"--smush-placeholder-width: 711px; --smush-placeholder-aspect-ratio: 711\/568;\"\/><figcaption id=\"caption-attachment-435234\" class=\"wp-caption-text\">SSP informou que PM est\u00e1 analisando as imagens e que um suspeito era abordado por tr\u00e1fico de drogas quando tuto ocorreu (Foto: Redes Sociais)<\/figcaption><\/figure>\n<p>De acordo com a SSP, os policiais faziam patrulhamento quando viram um suspeito descartando uma sacola com um tijolo de maconha e outras por\u00e7\u00f5es de droga. \u201cAo tentar efetuar a pris\u00e3o os agentes foram hostilizados pelos moradores, que tentaram impedir a a\u00e7\u00e3o\u201d, informou.<\/p>\n<p>O homem foi conduzido \u00e0 delegacia e liberado ap\u00f3s registro por facilita\u00e7\u00e3o de fuga e tr\u00e1fico. \u201cA Pol\u00edcia Militar analisa as imagens de uma abordagem em Guar\u00e1, na tarde de quinta-feira (14). Todas as circunst\u00e2ncias s\u00e3o apuradas pela corpora\u00e7\u00e3o, que avalia as medidas cab\u00edveis\u201d, concluiu a SSP.<\/p>\n<p>\u00a0<\/p>\n<p>_____<\/p>\n<p>\u00a0<\/p>\n<p>Jornal Tribuna Ribeir\u00e3o<br \/>Um Jornal com a cara de Ribeir\u00e3o!<\/p>\n<p>Impresso | WEB | Redes sociais<br \/>Tribuna Ribeir\u00e3o \u2013 Fone: (16) 3632-2200 \u2013 Whatsapp: (16) 98161-8743<br \/>Av. Bar\u00e3o do Bananal, 880 \u2013 Jardim Anhanguera, Ribeir\u00e3o Preto<\/p>\n<p>@tribunaribeirao<br \/>@meiaderibeirao<br \/>@dinoderibeirao<br \/>#TribunaRibeir\u00e3o<br \/>#News<br \/>#Not\u00edcia<br \/>#Ribeir\u00e3oPreto #Not\u00edciasDeRibeir\u00e3oPreto<br \/>#ClassificadosTribunaRibeir\u00e3o<br \/>#Jornalismo<br \/>#ClassificadosRibeir\u00e3o<\/p>\n<\/div>\n<p><script async src=\"\/\/platform.twitter.com\/widgets.js\" charset=\"utf-8\"><\/script><br \/>\n<br \/><br \/>\n<br \/><a href=\"https:\/\/www.tribunaribeirao.com.br\/videos-pm-mata-cao-a-tiros-durante-abordagem-na-regiao\/\">Source link <\/a><\/p>\n<!-- CONTENT END 1 -->\n","protected":false},"excerpt":{"rendered":"<p>Policiais abordavam homem suspeito de tr\u00e1fico quando c\u00e3es teriam avan\u00e7ado e um deles foi atingido por quatro disparos efetuados pelo PM 15 de agosto de&#8230;<\/p>\n","protected":false},"author":1,"featured_media":75778,"comment_status":"open","ping_status":"open","sticky":false,"template":"","format":"standard","meta":{"advanced_seo_description":"","jetpack_seo_html_title":"","jetpack_seo_noindex":false,"jetpack_post_was_ever_published":false,"_jetpack_newsletter_access":"","_jetpack_dont_email_post_to_subs":false,"_jetpack_newsletter_tier_id":0,"_jetpack_memberships_contains_paywalled_content":false,"_jetpack_memberships_contains_paid_content":false,"footnotes":"","jetpack_publicize_message":"","jetpack_publicize_feature_enabled":true,"jetpack_social_post_already_shared":true,"jetpack_social_options":{"image_generator_settings":{"template":"highway","default_image_id":0,"font":"","enabled":false},"version":2}},"categories":[11],"tags":[],"class_list":["post-75776","post","type-post","status-publish","format-standard","has-post-thumbnail","hentry","category-noticias-de-ribeirao-preto-sp-e-regiao-ismael-colosi"],"jetpack_publicize_connections":[],"jetpack_featured_media_url":"https:\/\/i0.wp.com\/noticiasribeiraopreto.com.br\/wp-content\/uploads\/2025\/08\/15-ago-2025-cachorroguara.jpg?fit=600%2C479&ssl=1","jetpack-related-posts":[{"id":52563,"url":"https:\/\/noticiasribeiraopreto.com.br\/index.php\/2024\/06\/09\/pm-resgata-bebe-preso-dentro-de-carro-na-regiao-de-ribeirao-preto\/","url_meta":{"origin":75776,"position":0},"title":"PM resgata beb\u00ea preso dentro\u00a0de carro na regi\u00e3o de Ribeir\u00e3o Preto","author":"noticiasribeiraopreto.com.br","date":"9 de June de 2024","format":false,"excerpt":"Uma equipe da Pol\u00edcia Militar (PM) resgatou, neste domingo (09), um beb\u00ea de 1 ano e 5 meses que ficou preso dentro de um carro em Sert\u00e3ozinho, cidade a aproximadamente 20 quil\u00f4metros de Ribeir\u00e3o Preto. O caso aconteceu dentro da garagem de uma resid\u00eancia na rua Francisco Ferreira da Mata.\u2026","rel":"","context":"In &quot;Not\u00edcias de Ribeir\u00e3o Preto-SP e Regi\u00e3o&quot;","block_context":{"text":"Not\u00edcias de Ribeir\u00e3o Preto-SP e Regi\u00e3o","link":"https:\/\/noticiasribeiraopreto.com.br\/index.php\/category\/noticias-de-ribeirao-preto-sp-e-regiao-ismael-colosi\/"},"img":{"alt_text":"","src":"https:\/\/i0.wp.com\/noticiasribeiraopreto.com.br\/wp-content\/uploads\/2024\/06\/Capturar-11.jpg?fit=730%2C480&ssl=1&resize=350%2C200","width":350,"height":200,"srcset":"https:\/\/i0.wp.com\/noticiasribeiraopreto.com.br\/wp-content\/uploads\/2024\/06\/Capturar-11.jpg?fit=730%2C480&ssl=1&resize=350%2C200 1x, https:\/\/i0.wp.com\/noticiasribeiraopreto.com.br\/wp-content\/uploads\/2024\/06\/Capturar-11.jpg?fit=730%2C480&ssl=1&resize=525%2C300 1.5x, https:\/\/i0.wp.com\/noticiasribeiraopreto.com.br\/wp-content\/uploads\/2024\/06\/Capturar-11.jpg?fit=730%2C480&ssl=1&resize=700%2C400 2x"},"classes":[]},{"id":76675,"url":"https:\/\/noticiasribeiraopreto.com.br\/index.php\/2025\/09\/03\/pm-tem-novo-comandante-na-regiao\/","url_meta":{"origin":75776,"position":1},"title":"PM tem novo comandante na regi\u00e3o","author":"noticiasribeiraopreto.com.br","date":"3 de September de 2025","format":false,"excerpt":"Coronel Rodrigo Quintino assume o comando da Pol\u00edcia Militar em 93 cidades da regi\u00e3o de Ribeir\u00e3o Preto, no lugar do coronel Beltrami 3 de setembro de 2025 11:183 Compartilhar1 Por: Adalberto Luque A Pol\u00edcia Militar est\u00e1 com um novo comandante na regi\u00e3o de Ribeir\u00e3o Preto. O coronel Rodrigo Quintino est\u00e1\u2026","rel":"","context":"In &quot;Not\u00edcias de Ribeir\u00e3o Preto-SP e Regi\u00e3o&quot;","block_context":{"text":"Not\u00edcias de Ribeir\u00e3o Preto-SP e Regi\u00e3o","link":"https:\/\/noticiasribeiraopreto.com.br\/index.php\/category\/noticias-de-ribeirao-preto-sp-e-regiao-ismael-colosi\/"},"img":{"alt_text":"","src":"https:\/\/i0.wp.com\/noticiasribeiraopreto.com.br\/wp-content\/uploads\/2025\/09\/03-set-2025-celpmquintino.jpg?fit=556%2C640&ssl=1&resize=350%2C200","width":350,"height":200,"srcset":"https:\/\/i0.wp.com\/noticiasribeiraopreto.com.br\/wp-content\/uploads\/2025\/09\/03-set-2025-celpmquintino.jpg?fit=556%2C640&ssl=1&resize=350%2C200 1x, https:\/\/i0.wp.com\/noticiasribeiraopreto.com.br\/wp-content\/uploads\/2025\/09\/03-set-2025-celpmquintino.jpg?fit=556%2C640&ssl=1&resize=525%2C300 1.5x"},"classes":[]},{"id":59811,"url":"https:\/\/noticiasribeiraopreto.com.br\/index.php\/2024\/10\/30\/pm-e-samu-sao-mobilizados-em-ocorrencia-com-tiros-na-regiao-de-ribeirao-video\/","url_meta":{"origin":75776,"position":2},"title":"PM e Samu s\u00e3o mobilizados em ocorr\u00eancia com tiros na regi\u00e3o de Ribeir\u00e3o; V\u00eddeo","author":"noticiasribeiraopreto.com.br","date":"30 de October de 2024","format":false,"excerpt":"Equipes da PM (Pol\u00edcia Militar) e do Samu est\u00e3o mobilizadas, na manh\u00e3 desta quarta-feira (30), em uma ocorr\u00eancia com disparo de arma de fogo, em Jardin\u00f3polis. H\u00e1 uma intensa movimenta\u00e7\u00e3o na Vila Reis. At\u00e9 o helic\u00f3ptero \u00c1guia participa. Assista ao v\u00eddeo abaixo. As informa\u00e7\u00f5es ainda est\u00e3o sendo atualizadas. Ver essa\u2026","rel":"","context":"In &quot;Not\u00edcias de Ribeir\u00e3o Preto-SP e Regi\u00e3o&quot;","block_context":{"text":"Not\u00edcias de Ribeir\u00e3o Preto-SP e Regi\u00e3o","link":"https:\/\/noticiasribeiraopreto.com.br\/index.php\/category\/noticias-de-ribeirao-preto-sp-e-regiao-ismael-colosi\/"},"img":{"alt_text":"","src":"https:\/\/i0.wp.com\/noticiasribeiraopreto.com.br\/wp-content\/uploads\/2024\/10\/WhatsApp-Image-2024-10-30-at-11.24.40_2024-10-30_14-26-07_jpeg_2024-10-30_14-26-07.webp.webp?fit=485%2C387&ssl=1&resize=350%2C200","width":350,"height":200},"classes":[]},{"id":48839,"url":"https:\/\/noticiasribeiraopreto.com.br\/index.php\/2024\/05\/07\/helicoptero-aguia-da-pm-pousa-em-praca-de-cidade-na-regiao-de-ribeirao-saiba-o-motivo\/","url_meta":{"origin":75776,"position":3},"title":"Helic\u00f3ptero \u00c1guia da PM pousa em pra\u00e7a de cidade na regi\u00e3o de Ribeir\u00e3o; Saiba o motivo","author":"noticiasribeiraopreto.com.br","date":"7 de May de 2024","format":false,"excerpt":"O helic\u00f3ptero \u00c1guia da PM (Pol\u00edcia Militar) foi mobilizado na manh\u00e3 desta ter\u00e7a-feira (7), em Taquaratinga, cidade a aproximadamente 80 quil\u00f4metros de Ribeir\u00e3o Preto. A aeronave chegou a pousar na Pra\u00e7a Dr. Waldemar d\u2019Ambr\u00f3sio (Pra\u00e7a Centen\u00e1rio), na regi\u00e3o central da cidade. Segundo as primeiras informa\u00e7\u00f5es, as pol\u00edcias Militar e Civil\u2026","rel":"","context":"In &quot;Not\u00edcias de Ribeir\u00e3o Preto-SP e Regi\u00e3o&quot;","block_context":{"text":"Not\u00edcias de Ribeir\u00e3o Preto-SP e Regi\u00e3o","link":"https:\/\/noticiasribeiraopreto.com.br\/index.php\/category\/noticias-de-ribeirao-preto-sp-e-regiao-ismael-colosi\/"},"img":{"alt_text":"","src":"https:\/\/i0.wp.com\/noticiasribeiraopreto.com.br\/wp-content\/uploads\/2024\/05\/AGUIA_2024-05-07_11-38-07_jpg_2024-05-07_11-38-07.webp.webp?fit=1200%2C803&ssl=1&resize=350%2C200","width":350,"height":200,"srcset":"https:\/\/i0.wp.com\/noticiasribeiraopreto.com.br\/wp-content\/uploads\/2024\/05\/AGUIA_2024-05-07_11-38-07_jpg_2024-05-07_11-38-07.webp.webp?fit=1200%2C803&ssl=1&resize=350%2C200 1x, https:\/\/i0.wp.com\/noticiasribeiraopreto.com.br\/wp-content\/uploads\/2024\/05\/AGUIA_2024-05-07_11-38-07_jpg_2024-05-07_11-38-07.webp.webp?fit=1200%2C803&ssl=1&resize=525%2C300 1.5x, https:\/\/i0.wp.com\/noticiasribeiraopreto.com.br\/wp-content\/uploads\/2024\/05\/AGUIA_2024-05-07_11-38-07_jpg_2024-05-07_11-38-07.webp.webp?fit=1200%2C803&ssl=1&resize=700%2C400 2x, https:\/\/i0.wp.com\/noticiasribeiraopreto.com.br\/wp-content\/uploads\/2024\/05\/AGUIA_2024-05-07_11-38-07_jpg_2024-05-07_11-38-07.webp.webp?fit=1200%2C803&ssl=1&resize=1050%2C600 3x"},"classes":[]},{"id":57841,"url":"https:\/\/noticiasribeiraopreto.com.br\/index.php\/2024\/09\/11\/pm-do-baep-e-3-vagabundos-morrem-durante-troca-de-tiros-em-rodovia-da-regiao-x-tudo-ribeirao\/","url_meta":{"origin":75776,"position":4},"title":"PM do BAEP e 3 VAGABUNDOS morrem durante troca de tiros em rodovia da regi\u00e3o \u2013 X Tudo Ribeir\u00e3o","author":"noticiasribeiraopreto.com.br","date":"11 de September de 2024","format":false,"excerpt":"Uma troca de tiros na tarde desta quarta-feira (11\/9), terminou com um Policial Militar do 11\u00aa BAEP morto e tr\u00eas VAGABUNDOS tamb\u00e9m em \u00f3bito,\u00a0na rodovia Joaquim Ferreira, entre as cidades de Altin\u00f3polis e Santo Ant\u00f4nio da Alegria.\u00a0 Segundo informa\u00e7\u00f5es, durante o patrulhamento ostensivo pela regi\u00e3o, os PMs depararam com dois\u2026","rel":"","context":"In &quot;Not\u00edcias de Ribeir\u00e3o Preto-SP e Regi\u00e3o&quot;","block_context":{"text":"Not\u00edcias de Ribeir\u00e3o Preto-SP e Regi\u00e3o","link":"https:\/\/noticiasribeiraopreto.com.br\/index.php\/category\/noticias-de-ribeirao-preto-sp-e-regiao-ismael-colosi\/"},"img":{"alt_text":"","src":"https:\/\/i0.wp.com\/noticiasribeiraopreto.com.br\/wp-content\/uploads\/2024\/09\/bb484518-da2e-48fa-879b-9393c61466b6.jpeg?fit=1200%2C707&ssl=1&resize=350%2C200","width":350,"height":200,"srcset":"https:\/\/i0.wp.com\/noticiasribeiraopreto.com.br\/wp-content\/uploads\/2024\/09\/bb484518-da2e-48fa-879b-9393c61466b6.jpeg?fit=1200%2C707&ssl=1&resize=350%2C200 1x, https:\/\/i0.wp.com\/noticiasribeiraopreto.com.br\/wp-content\/uploads\/2024\/09\/bb484518-da2e-48fa-879b-9393c61466b6.jpeg?fit=1200%2C707&ssl=1&resize=525%2C300 1.5x, https:\/\/i0.wp.com\/noticiasribeiraopreto.com.br\/wp-content\/uploads\/2024\/09\/bb484518-da2e-48fa-879b-9393c61466b6.jpeg?fit=1200%2C707&ssl=1&resize=700%2C400 2x, https:\/\/i0.wp.com\/noticiasribeiraopreto.com.br\/wp-content\/uploads\/2024\/09\/bb484518-da2e-48fa-879b-9393c61466b6.jpeg?fit=1200%2C707&ssl=1&resize=1050%2C600 3x"},"classes":[]},{"id":81207,"url":"https:\/\/noticiasribeiraopreto.com.br\/index.php\/2025\/12\/28\/pm-salva-crianca-engasgada-durante-patrulhamento-na-regiao-de-ribeirao\/","url_meta":{"origin":75776,"position":5},"title":"PM salva crian\u00e7a engasgada durante patrulhamento na regi\u00e3o de Ribeir\u00e3o","author":"noticiasribeiraopreto.com.br","date":"28 de December de 2025","format":false,"excerpt":"Uma crian\u00e7a foi salva por um agente da Pol\u00edcia Militar (PM) ap\u00f3s se engasgar em Prad\u00f3polis, cidade na regi\u00e3o de Ribeir\u00e3o Preto, neste s\u00e1bado (27). De acordo com as informa\u00e7\u00f5es, uma equipe fazia patrulhamento preventivo pela cidade quando foi abordada por um casal pedindo ajuda. Segundo a PM, a filha\u2026","rel":"","context":"In &quot;Not\u00edcias de Ribeir\u00e3o Preto-SP e Regi\u00e3o&quot;","block_context":{"text":"Not\u00edcias de Ribeir\u00e3o Preto-SP e Regi\u00e3o","link":"https:\/\/noticiasribeiraopreto.com.br\/index.php\/category\/noticias-de-ribeirao-preto-sp-e-regiao-ismael-colosi\/"},"img":{"alt_text":"","src":"https:\/\/i0.wp.com\/noticiasribeiraopreto.com.br\/wp-content\/uploads\/2025\/12\/WhatsApp-Image-2025-12-27-at-16.05.27_2025-12-27_19-36-44.webp.webp?fit=1200%2C900&ssl=1&resize=350%2C200","width":350,"height":200,"srcset":"https:\/\/i0.wp.com\/noticiasribeiraopreto.com.br\/wp-content\/uploads\/2025\/12\/WhatsApp-Image-2025-12-27-at-16.05.27_2025-12-27_19-36-44.webp.webp?fit=1200%2C900&ssl=1&resize=350%2C200 1x, https:\/\/i0.wp.com\/noticiasribeiraopreto.com.br\/wp-content\/uploads\/2025\/12\/WhatsApp-Image-2025-12-27-at-16.05.27_2025-12-27_19-36-44.webp.webp?fit=1200%2C900&ssl=1&resize=525%2C300 1.5x, https:\/\/i0.wp.com\/noticiasribeiraopreto.com.br\/wp-content\/uploads\/2025\/12\/WhatsApp-Image-2025-12-27-at-16.05.27_2025-12-27_19-36-44.webp.webp?fit=1200%2C900&ssl=1&resize=700%2C400 2x, https:\/\/i0.wp.com\/noticiasribeiraopreto.com.br\/wp-content\/uploads\/2025\/12\/WhatsApp-Image-2025-12-27-at-16.05.27_2025-12-27_19-36-44.webp.webp?fit=1200%2C900&ssl=1&resize=1050%2C600 3x"},"classes":[]}],"jetpack_sharing_enabled":true,"jetpack_shortlink":"https:\/\/wp.me\/peQAOb-jIc","_links":{"self":[{"href":"https:\/\/noticiasribeiraopreto.com.br\/index.php\/wp-json\/wp\/v2\/posts\/75776","targetHints":{"allow":["GET"]}}],"collection":[{"href":"https:\/\/noticiasribeiraopreto.com.br\/index.php\/wp-json\/wp\/v2\/posts"}],"about":[{"href":"https:\/\/noticiasribeiraopreto.com.br\/index.php\/wp-json\/wp\/v2\/types\/post"}],"author":[{"embeddable":true,"href":"https:\/\/noticiasribeiraopreto.com.br\/index.php\/wp-json\/wp\/v2\/users\/1"}],"replies":[{"embeddable":true,"href":"https:\/\/noticiasribeiraopreto.com.br\/index.php\/wp-json\/wp\/v2\/comments?post=75776"}],"version-history":[{"count":0,"href":"https:\/\/noticiasribeiraopreto.com.br\/index.php\/wp-json\/wp\/v2\/posts\/75776\/revisions"}],"wp:featuredmedia":[{"embeddable":true,"href":"https:\/\/noticiasribeiraopreto.com.br\/index.php\/wp-json\/wp\/v2\/media\/75778"}],"wp:attachment":[{"href":"https:\/\/noticiasribeiraopreto.com.br\/index.php\/wp-json\/wp\/v2\/media?parent=75776"}],"wp:term":[{"taxonomy":"category","embeddable":true,"href":"https:\/\/noticiasribeiraopreto.com.br\/index.php\/wp-json\/wp\/v2\/categories?post=75776"},{"taxonomy":"post_tag","embeddable":true,"href":"https:\/\/noticiasribeiraopreto.com.br\/index.php\/wp-json\/wp\/v2\/tags?post=75776"}],"curies":[{"name":"wp","href":"https:\/\/api.w.org\/{rel}","templated":true}]}}