{"id":75779,"date":"2025-08-15T10:20:18","date_gmt":"2025-08-15T13:20:18","guid":{"rendered":"https:\/\/noticiasribeiraopreto.com.br\/index.php\/2025\/08\/15\/feira-do-livro-comeca-hoje\/"},"modified":"2025-08-15T10:20:18","modified_gmt":"2025-08-15T13:20:18","slug":"feira-do-livro-comeca-hoje","status":"publish","type":"post","link":"https:\/\/noticiasribeiraopreto.com.br\/index.php\/2025\/08\/15\/feira-do-livro-comeca-hoje\/","title":{"rendered":"Feira do Livro come\u00e7a hoje\u00a0"},"content":{"rendered":"<div class='code-block code-block-1' style='margin: 8px 0 8px auto; text-align: right; display: block; clear: both;'>\n<p><a href=\"https:\/\/wa.link\/vpicfd\"><img data-recalc-dims=\"1\" class=\"wp-image-4922\" style=\"aspect-ratio: 2.0253164556962027; width: 561px; height: auto;\" src=\"https:\/\/i0.wp.com\/ismaelcolosi.com.br\/wp-content\/uploads\/2023\/11\/grupo-de-empregos-whatsapp-e-facebook-ismael-colosi-vagas.jpg?ssl=1\" alt=\"\" \/><\/a><\/p>\n<!-- \/wp:image -->\n<\/div>\n<p> <br \/>\n<\/p>\n<div>\n<p><i><span data-contrast=\"auto\">Evento acontece de 15 a 24 de agosto com mais de 500 atividades gratuitas em 25 locais em Ribeir\u00e3o Preto.<\/span><\/i><\/p>\n<p><span data-contrast=\"auto\">A abertura oficial da 24\u00aa Feira Internacional do Livro de Ribeir\u00e3o Preto (FIL) ser\u00e1 nesta sexta-feira, 15 de agosto, a partir das 19h30, na sala principal do Theatro Pedro II. A cerim\u00f4nia marca o in\u00edcio de dez dias de programa\u00e7\u00e3o liter\u00e1ria e cultural, inspirada no tema \u201cFuturos Poss\u00edveis: entre linhas e par\u00e1grafos\u201d, com atividades gratuitas distribu\u00eddas por 25 espa\u00e7os diferentes da cidade como pra\u00e7as, escolas, bibliotecas, o Theatro Pedro II e espa\u00e7os parceiros.<\/span><\/p>\n<p><span data-contrast=\"auto\">Os convites podem ser retirados na bilheteria do Theatro Pedro II, na rua \u00c1lvares Cabral n\u00ba 370, no Quarteir\u00e3o Paulista, Centro Hist\u00f3rico de Ribeir\u00e3o Preto. O evento \u00e9 organizado pela Funda\u00e7\u00e3o do Livro e Leitura. Antes da abertura oficial, a recep\u00e7\u00e3o aos convidados ser\u00e1 feita pelo Coral Unaerp, que se apresenta no hall do teatro, a partir das 19 horas. <\/span><\/p>\n<p><span data-contrast=\"auto\">Sob reg\u00eancia de Cristina Mod\u00e9, o grupo traz um repert\u00f3rio que transita entre m\u00fasicas renascentistas e contempor\u00e2neas, enfatizando, em sua participa\u00e7\u00e3o tradicional na FIL, a atemporalidade da arte e sua conex\u00e3o com os futuros poss\u00edveis.<\/span><\/p>\n<p><span data-contrast=\"auto\">O espet\u00e1culo de abertura, dirigido por Gracyela Gitirana, une teatro e m\u00fasica em uma travessia po\u00e9tica que conduz o p\u00fablico a um di\u00e1logo simb\u00f3lico entre passado, presente e futuro. As performances dos artistas Joubert Oliveira e Igor Louren\u00e7o convidam a plateia a revisitar mem\u00f3rias, ideias e esperan\u00e7as, ressaltando que nenhum fruto nasce sem o gesto do plantio. <\/span><\/p>\n<p><span data-contrast=\"auto\">Na parte musical, o palco se enche de vozes com os corais Unaerp, Academia Livre de M\u00fasica e Artes (Alma), Som Geom\u00e9trico (AEAARP) e Madrigal Revivis (Universidade de S\u00e3o Paulo). Ao longo de dez dias, ser\u00e3o cerca de 500 atividades, entre confer\u00eancias, sal\u00f5es de ideias, sess\u00f5es de homenagens, debates, bate-papos, espet\u00e1culos teatrais, shows musicais, exposi\u00e7\u00f5es, lan\u00e7amentos de livros, oficinas e uma agenda especial para o p\u00fablico infantil.<\/span><\/p>\n<p><span data-contrast=\"auto\">Como \u00e9 praxe no formato do evento, quatro autores ser\u00e3o homenageados e ter\u00e3o suas obras destacadas em diversas atividades. Os escolhidos para 2025 s\u00e3o Domenico De Masi (escritor \u2013 in memorian), Djamila Ribeiro (autora educa\u00e7\u00e3o), Andr\u00e9 Luiz Oliveira (escritor infantojuvenil) e Matheus Arcaro (escritor ribeir\u00e3opretano). Hugo Cagno Filho, executivo do setor do agroneg\u00f3cio, \u00e9 o patrono desta edi\u00e7\u00e3o.<\/span><\/p>\n<p><b><span data-contrast=\"auto\">Pensamento, literatura e filosofia \u2013 <\/span><\/b><span data-contrast=\"auto\">Os debates sobre literatura, educa\u00e7\u00e3o, cidadania e futuro permeiam grande parte da agenda. A fil\u00f3sofa e escritora Djamila Ribeiro, uma das homenageadas neste ano, marca presen\u00e7a em uma confer\u00eancia no dia 16 de agosto, \u00e0s 19 horas, no Theatro Pedro II. J\u00e1 o historiador e professor Leandro Karnal traz reflex\u00f5es sobre filosofia, religi\u00e3o, ensino, hist\u00f3ria, pol\u00edtica, sociedade e comportamento humano no dia 18 de agosto, \u00e0s 20h30, tamb\u00e9m no palco principal do Theatro Pedro II.<\/span><\/p>\n<p><span data-contrast=\"auto\">Temas e conceitos relacionados aos povos ind\u00edgenas e seus futuros, como o reflorestamento do imagin\u00e1rio e a luta anticolonial ganham destaque no encontro entre Geni N\u00fa\u00f1ez e Auritha Tabajara, que acontece no dia 20 de agosto, \u00e0s 20h30, no Theatro Pedro II. No campo do meio ambiente e da sustentabilidade, o jornalista e especialista em ecologia Andr\u00e9 Trigueiro conduz a confer\u00eancia \u201cAlerta Vermelho no Planeta Azul \u2013 Cen\u00e1rios e Perspectivas\u201d, no dia 22 de agosto, \u00e0s 20h30.<\/span><\/p>\n<p><span data-contrast=\"auto\">A psican\u00e1lise e o pensamento contempor\u00e2neo t\u00eam espa\u00e7o garantido com a participa\u00e7\u00e3o da pesquisadora Maria Homem, que discute quest\u00f5es de g\u00eanero e adequa\u00e7\u00e3o social em um mundo em acelerada transforma\u00e7\u00e3o, no dia 19 de agosto, \u00e0s 20h30, no palco principal do Theatro Pedro II. No dia 23 de agosto, \u00e0s 17 horas, na Tenda do Theatro Pedro II, os escritores M\u00e1rcia Tiburi e Jean Wyllys discutem as implica\u00e7\u00f5es sociais e pol\u00edticas do culto \u00e0s fake news.<\/span><\/p>\n<p><b><span data-contrast=\"auto\">Bate-papos \u2013 <\/span><\/b><span data-contrast=\"auto\">A programa\u00e7\u00e3o liter\u00e1ria da FIL re\u00fane escritores premiados e novos nomes da cena liter\u00e1ria nacional. O poeta popular Br\u00e1ulio Bessa, conhecido por seu trabalho de valoriza\u00e7\u00e3o da poesia nordestina e da cultura popular, participa de um encontro com o p\u00fablico no dia 23 de agosto, \u00e0s 19 horas, no Theatro Pedro II. J\u00e1 o premiado autor baiano Itamar Vieira Junior, de Torto Arado, discute literatura e territ\u00f3rio no mesmo dia, \u00e0s 15 horas, na Tenda.<\/span><\/p>\n<p><span data-contrast=\"auto\">O escritor Milton Hatoum, um dos mais reconhecidos autores da literatura brasileira contempor\u00e2nea, estar\u00e1 no Audit\u00f3rio Meira Junior, no dia 21 de agosto, \u00e0s 19 horas, para um bate-papo com leitores. No dia seguinte, \u00e0s 19h, o autor e roteirista Raphael Montes conversa sobre literatura policial e suspense, tamb\u00e9m no palco do Audit\u00f3rio Meira Junior.<\/span><\/p>\n<p><span data-contrast=\"auto\">O encontro entre Ign\u00e1cio de Loyola Brand\u00e3o e seu filho, o escritor Andr\u00e9 Brand\u00e3o, \u00e9 outro ponto alto da programa\u00e7\u00e3o. Eles dividem a mesa no dia 23 de agosto, \u00e0s 14h30, no Audit\u00f3rio Meira Junior, em uma conversa sobre a obra de Loyola a partir do document\u00e1rio \u201cN\u00e3o Sei Viver Sem Palavras\u201d. A jornalista e escritora Milly Lacombe tamb\u00e9m marca presen\u00e7a, falando sobre g\u00eanero, sexualidade e literatura no dia 24 de agosto, \u00e0s 17 horas, na Tenda,<\/span><\/p>\n<p><b><span data-contrast=\"auto\">M\u00fasica \u2013 <\/span><\/b><span data-contrast=\"auto\">A m\u00fasica, como sempre, ocupa um lugar especial na FIL. O encerramento do evento ser\u00e1 marcado pelo show de Chico C\u00e9sar, no dia 24 de agosto, \u00e0s 19 horas, no palco principal do Theatro Pedro II. O cantor, compositor e escritor traz um repert\u00f3rio que combina cr\u00edtica social, lirismo e humor, com fortes influ\u00eancias do folclore nordestino.<\/span><\/p>\n<p><span data-contrast=\"auto\">Na programa\u00e7\u00e3o infantil, o m\u00fasico H\u00e9lio Ziskind, refer\u00eancia em m\u00fasica para crian\u00e7as, apresenta um show especial no dia 17 de agosto, \u00e0s 19h, no Theatro Pedro II. J\u00e1 a poeta e cantora ind\u00edgena M\u00e1rcia Kambeba mistura m\u00fasica, oralidade e poesia na conta\u00e7\u00e3o de hist\u00f3rias Maqueira de Tucum, que acontece no dia 20 de agosto, \u00e0s 8h30, no Espa\u00e7o Ambient de Leitura.<\/span><\/p>\n<p><span data-ccp-props=\"{}\">\u00a0<\/span><\/p>\n<p><span data-ccp-props=\"{}\">\u00a0<\/span><\/p>\n<\/div>\n<p><br \/>\n<br \/><a href=\"https:\/\/www.tribunaribeirao.com.br\/feira-do-livro-comeca-hoje\/\">Source link <\/a><\/p>\n<!-- CONTENT END 1 -->\n","protected":false},"excerpt":{"rendered":"<p>Evento acontece de 15 a 24 de agosto com mais de 500 atividades gratuitas em 25 locais em Ribeir\u00e3o Preto. A abertura oficial da 24\u00aa&#8230;<\/p>\n","protected":false},"author":1,"featured_media":75780,"comment_status":"open","ping_status":"open","sticky":false,"template":"","format":"standard","meta":{"advanced_seo_description":"","jetpack_seo_html_title":"","jetpack_seo_noindex":false,"jetpack_post_was_ever_published":false,"_jetpack_newsletter_access":"","_jetpack_dont_email_post_to_subs":false,"_jetpack_newsletter_tier_id":0,"_jetpack_memberships_contains_paywalled_content":false,"_jetpack_memberships_contains_paid_content":false,"footnotes":"","jetpack_publicize_message":"","jetpack_publicize_feature_enabled":true,"jetpack_social_post_already_shared":true,"jetpack_social_options":{"image_generator_settings":{"template":"highway","default_image_id":0,"font":"","enabled":false},"version":2}},"categories":[11],"tags":[],"class_list":["post-75779","post","type-post","status-publish","format-standard","has-post-thumbnail","hentry","category-noticias-de-ribeirao-preto-sp-e-regiao-ismael-colosi"],"jetpack_publicize_connections":[],"jetpack_featured_media_url":"https:\/\/i0.wp.com\/noticiasribeiraopreto.com.br\/wp-content\/uploads\/2025\/08\/FeiraFIl-Loy-Divulga-scaled.jpeg?fit=1170%2C780&ssl=1","jetpack-related-posts":[{"id":55352,"url":"https:\/\/noticiasribeiraopreto.com.br\/index.php\/2024\/08\/01\/veja-a-programacao-do-primeiro-dia-da-feira-do-livro-de-ribeirao-preto\/","url_meta":{"origin":75779,"position":0},"title":"Veja a programa\u00e7\u00e3o do primeiro dia da Feira do Livro de Ribeir\u00e3o Preto","author":"noticiasribeiraopreto.com.br","date":"1 de August de 2024","format":false,"excerpt":"A 23\u00aa edi\u00e7\u00e3o da Feira Internacional do Livro de Ribeir\u00e3o Preto inicia nesta quinta-feira (1\u00ba de agosto) e segue at\u00e9 o dia 11 de agosto, com uma programa\u00e7\u00e3o com mais de 400 atividades gratuitas que acontecem principalmente na Pra\u00e7a XV, Esplanada do Theatro Pedro II e o no Theatro Pedro\u2026","rel":"","context":"In &quot;Not\u00edcias de Ribeir\u00e3o Preto-SP e Regi\u00e3o&quot;","block_context":{"text":"Not\u00edcias de Ribeir\u00e3o Preto-SP e Regi\u00e3o","link":"https:\/\/noticiasribeiraopreto.com.br\/index.php\/category\/noticias-de-ribeirao-preto-sp-e-regiao-ismael-colosi\/"},"img":{"alt_text":"","src":"https:\/\/i0.wp.com\/noticiasribeiraopreto.com.br\/wp-content\/uploads\/2024\/08\/Copia-de-Copia-de-TAMANHO-EXATO-PARA-FOTOS-NO-SISTEMA-NOVO-20_2024-07-31_11-31-49_jpg_2024-07-31_11-31-49.webp.webp?fit=1200%2C675&ssl=1&resize=350%2C200","width":350,"height":200,"srcset":"https:\/\/i0.wp.com\/noticiasribeiraopreto.com.br\/wp-content\/uploads\/2024\/08\/Copia-de-Copia-de-TAMANHO-EXATO-PARA-FOTOS-NO-SISTEMA-NOVO-20_2024-07-31_11-31-49_jpg_2024-07-31_11-31-49.webp.webp?fit=1200%2C675&ssl=1&resize=350%2C200 1x, https:\/\/i0.wp.com\/noticiasribeiraopreto.com.br\/wp-content\/uploads\/2024\/08\/Copia-de-Copia-de-TAMANHO-EXATO-PARA-FOTOS-NO-SISTEMA-NOVO-20_2024-07-31_11-31-49_jpg_2024-07-31_11-31-49.webp.webp?fit=1200%2C675&ssl=1&resize=525%2C300 1.5x, https:\/\/i0.wp.com\/noticiasribeiraopreto.com.br\/wp-content\/uploads\/2024\/08\/Copia-de-Copia-de-TAMANHO-EXATO-PARA-FOTOS-NO-SISTEMA-NOVO-20_2024-07-31_11-31-49_jpg_2024-07-31_11-31-49.webp.webp?fit=1200%2C675&ssl=1&resize=700%2C400 2x, https:\/\/i0.wp.com\/noticiasribeiraopreto.com.br\/wp-content\/uploads\/2024\/08\/Copia-de-Copia-de-TAMANHO-EXATO-PARA-FOTOS-NO-SISTEMA-NOVO-20_2024-07-31_11-31-49_jpg_2024-07-31_11-31-49.webp.webp?fit=1200%2C675&ssl=1&resize=1050%2C600 3x"},"classes":[]},{"id":75544,"url":"https:\/\/noticiasribeiraopreto.com.br\/index.php\/2025\/08\/11\/abertura-da-feira-do-livro-de-ribeirao-preto-conta-com-teatro-e-musica\/","url_meta":{"origin":75779,"position":1},"title":"Abertura da Feira do Livro de Ribeir\u00e3o Preto conta com teatro e m\u00fasica","author":"noticiasribeiraopreto.com.br","date":"11 de August de 2025","format":false,"excerpt":"A abertura 24\u00aa Feira Internacional do Livro de Ribeir\u00e3o Preto acontece na pr\u00f3xima sexta-feira (15), a partir das 19h30, na sala principal do Theatro Pedro II. \u00a0A noite ter\u00e1 m\u00fasica com o Coral Unaerp e um espet\u00e1culo dirigido por Gracyela Gitirana. Os convites para a abertura oficial da FIL podem\u2026","rel":"","context":"In &quot;Not\u00edcias de Ribeir\u00e3o Preto-SP e Regi\u00e3o&quot;","block_context":{"text":"Not\u00edcias de Ribeir\u00e3o Preto-SP e Regi\u00e3o","link":"https:\/\/noticiasribeiraopreto.com.br\/index.php\/category\/noticias-de-ribeirao-preto-sp-e-regiao-ismael-colosi\/"},"img":{"alt_text":"","src":"https:\/\/i0.wp.com\/noticiasribeiraopreto.com.br\/wp-content\/uploads\/2025\/08\/sesc-na-FIL_2024-08-01_14-36-39_jpeg_2024-08-01_14-36-39.webp.webp?fit=1200%2C800&ssl=1&resize=350%2C200","width":350,"height":200,"srcset":"https:\/\/i0.wp.com\/noticiasribeiraopreto.com.br\/wp-content\/uploads\/2025\/08\/sesc-na-FIL_2024-08-01_14-36-39_jpeg_2024-08-01_14-36-39.webp.webp?fit=1200%2C800&ssl=1&resize=350%2C200 1x, https:\/\/i0.wp.com\/noticiasribeiraopreto.com.br\/wp-content\/uploads\/2025\/08\/sesc-na-FIL_2024-08-01_14-36-39_jpeg_2024-08-01_14-36-39.webp.webp?fit=1200%2C800&ssl=1&resize=525%2C300 1.5x, https:\/\/i0.wp.com\/noticiasribeiraopreto.com.br\/wp-content\/uploads\/2025\/08\/sesc-na-FIL_2024-08-01_14-36-39_jpeg_2024-08-01_14-36-39.webp.webp?fit=1200%2C800&ssl=1&resize=700%2C400 2x, https:\/\/i0.wp.com\/noticiasribeiraopreto.com.br\/wp-content\/uploads\/2025\/08\/sesc-na-FIL_2024-08-01_14-36-39_jpeg_2024-08-01_14-36-39.webp.webp?fit=1200%2C800&ssl=1&resize=1050%2C600 3x"},"classes":[]},{"id":55266,"url":"https:\/\/noticiasribeiraopreto.com.br\/index.php\/2024\/07\/31\/o-que-e-slam-competicao-de-poesia-agita-a-feira-do-livro-de-ribeirao-preto\/","url_meta":{"origin":75779,"position":2},"title":"O que \u00e9 Slam? Competi\u00e7\u00e3o de poesia agita a Feira do Livro de Ribeir\u00e3o Preto","author":"noticiasribeiraopreto.com.br","date":"31 de July de 2024","format":false,"excerpt":"A 23\u00aa edi\u00e7\u00e3o da Feira Internacional do Livro de Ribeir\u00e3o Preto traz atividades que prometem agitar o p\u00fablico: as competi\u00e7\u00f5es de poesia Slam. Mas voc\u00ea sabe o que \u00e9 Slam? O acidade on explica essa forma expressiva de poesia que est\u00e1 conquistando o mundo. A hist\u00f3ria O Slam \u00e9 uma\u2026","rel":"","context":"In &quot;Not\u00edcias de Ribeir\u00e3o Preto-SP e Regi\u00e3o&quot;","block_context":{"text":"Not\u00edcias de Ribeir\u00e3o Preto-SP e Regi\u00e3o","link":"https:\/\/noticiasribeiraopreto.com.br\/index.php\/category\/noticias-de-ribeirao-preto-sp-e-regiao-ismael-colosi\/"},"img":{"alt_text":"","src":"https:\/\/i0.wp.com\/noticiasribeiraopreto.com.br\/wp-content\/uploads\/2024\/07\/Copia-de-Copia-de-TAMANHO-EXATO-PARA-FOTOS-NO-SISTEMA-NOVO-22_2024-07-31_15-52-32_jpg_2024-07-31_15-52-33.webp.webp?fit=1200%2C675&ssl=1&resize=350%2C200","width":350,"height":200,"srcset":"https:\/\/i0.wp.com\/noticiasribeiraopreto.com.br\/wp-content\/uploads\/2024\/07\/Copia-de-Copia-de-TAMANHO-EXATO-PARA-FOTOS-NO-SISTEMA-NOVO-22_2024-07-31_15-52-32_jpg_2024-07-31_15-52-33.webp.webp?fit=1200%2C675&ssl=1&resize=350%2C200 1x, https:\/\/i0.wp.com\/noticiasribeiraopreto.com.br\/wp-content\/uploads\/2024\/07\/Copia-de-Copia-de-TAMANHO-EXATO-PARA-FOTOS-NO-SISTEMA-NOVO-22_2024-07-31_15-52-32_jpg_2024-07-31_15-52-33.webp.webp?fit=1200%2C675&ssl=1&resize=525%2C300 1.5x, https:\/\/i0.wp.com\/noticiasribeiraopreto.com.br\/wp-content\/uploads\/2024\/07\/Copia-de-Copia-de-TAMANHO-EXATO-PARA-FOTOS-NO-SISTEMA-NOVO-22_2024-07-31_15-52-32_jpg_2024-07-31_15-52-33.webp.webp?fit=1200%2C675&ssl=1&resize=700%2C400 2x, https:\/\/i0.wp.com\/noticiasribeiraopreto.com.br\/wp-content\/uploads\/2024\/07\/Copia-de-Copia-de-TAMANHO-EXATO-PARA-FOTOS-NO-SISTEMA-NOVO-22_2024-07-31_15-52-32_jpg_2024-07-31_15-52-33.webp.webp?fit=1200%2C675&ssl=1&resize=1050%2C600 3x"},"classes":[]},{"id":55387,"url":"https:\/\/noticiasribeiraopreto.com.br\/index.php\/2024\/08\/01\/feira-do-livro-de-ribeirao-preto-recebe-peca-teatral-gratuita-sobre-sustentabilidade\/","url_meta":{"origin":75779,"position":3},"title":"Feira do Livro de Ribeir\u00e3o Preto recebe pe\u00e7a teatral gratuita sobre sustentabilidade","author":"noticiasribeiraopreto.com.br","date":"1 de August de 2024","format":false,"excerpt":"A 23\u00aa Feira Internacional do Livro de Ribeir\u00e3o Preto, que come\u00e7ou nesta quinta-feira (1) e tem na programa\u00e7\u00e3o mais de 400 atividades gratuitas recebe a pe\u00e7a teatral \u201cO Rastro do Meu Passo\u201d, projeto que une sustentabilidade, inclus\u00e3o e ocupa\u00e7\u00e3o urbana. A apresenta\u00e7\u00e3o acontece neste domingo (4), \u00e0s 10h, no Espa\u00e7o\u2026","rel":"","context":"In &quot;Not\u00edcias de Ribeir\u00e3o Preto-SP e Regi\u00e3o&quot;","block_context":{"text":"Not\u00edcias de Ribeir\u00e3o Preto-SP e Regi\u00e3o","link":"https:\/\/noticiasribeiraopreto.com.br\/index.php\/category\/noticias-de-ribeirao-preto-sp-e-regiao-ismael-colosi\/"},"img":{"alt_text":"","src":"https:\/\/i0.wp.com\/noticiasribeiraopreto.com.br\/wp-content\/uploads\/2024\/08\/Copia-de-Copia-de-TAMANHO-EXATO-PARA-FOTOS-NO-SISTEMA-NOVO-23_2024-08-01_12-57-13_jpg_2024-08-01_12-57-13.webp.webp?fit=1200%2C675&ssl=1&resize=350%2C200","width":350,"height":200,"srcset":"https:\/\/i0.wp.com\/noticiasribeiraopreto.com.br\/wp-content\/uploads\/2024\/08\/Copia-de-Copia-de-TAMANHO-EXATO-PARA-FOTOS-NO-SISTEMA-NOVO-23_2024-08-01_12-57-13_jpg_2024-08-01_12-57-13.webp.webp?fit=1200%2C675&ssl=1&resize=350%2C200 1x, https:\/\/i0.wp.com\/noticiasribeiraopreto.com.br\/wp-content\/uploads\/2024\/08\/Copia-de-Copia-de-TAMANHO-EXATO-PARA-FOTOS-NO-SISTEMA-NOVO-23_2024-08-01_12-57-13_jpg_2024-08-01_12-57-13.webp.webp?fit=1200%2C675&ssl=1&resize=525%2C300 1.5x, https:\/\/i0.wp.com\/noticiasribeiraopreto.com.br\/wp-content\/uploads\/2024\/08\/Copia-de-Copia-de-TAMANHO-EXATO-PARA-FOTOS-NO-SISTEMA-NOVO-23_2024-08-01_12-57-13_jpg_2024-08-01_12-57-13.webp.webp?fit=1200%2C675&ssl=1&resize=700%2C400 2x, https:\/\/i0.wp.com\/noticiasribeiraopreto.com.br\/wp-content\/uploads\/2024\/08\/Copia-de-Copia-de-TAMANHO-EXATO-PARA-FOTOS-NO-SISTEMA-NOVO-23_2024-08-01_12-57-13_jpg_2024-08-01_12-57-13.webp.webp?fit=1200%2C675&ssl=1&resize=1050%2C600 3x"},"classes":[]},{"id":74427,"url":"https:\/\/noticiasribeiraopreto.com.br\/index.php\/2025\/07\/22\/24a-feira-internacional-do-livro-de-ribeirao-preto-lanca-programacao\/","url_meta":{"origin":75779,"position":4},"title":"24\u00aa Feira Internacional do Livro de Ribeir\u00e3o Preto lan\u00e7a programa\u00e7\u00e3o","author":"noticiasribeiraopreto.com.br","date":"22 de July de 2025","format":false,"excerpt":"A programa\u00e7\u00e3o da 24\u00aa Feira Internacional do Livro de Ribeir\u00e3o Preto (FIL) foi lan\u00e7ada oficialmente na manh\u00e3 desta ter\u00e7a-feira (22), durante uma cerim\u00f4nia realizada no audit\u00f3rio do Sesc, no Centro da cidade. A FIL acontece de 15 a 24 de agosto e reunir\u00e1 mais de 500 atividades gratuitas em 25\u2026","rel":"","context":"In &quot;Not\u00edcias de Ribeir\u00e3o Preto-SP e Regi\u00e3o&quot;","block_context":{"text":"Not\u00edcias de Ribeir\u00e3o Preto-SP e Regi\u00e3o","link":"https:\/\/noticiasribeiraopreto.com.br\/index.php\/category\/noticias-de-ribeirao-preto-sp-e-regiao-ismael-colosi\/"},"img":{"alt_text":"","src":"https:\/\/i0.wp.com\/noticiasribeiraopreto.com.br\/wp-content\/uploads\/2025\/07\/WhatsApp-Image-2025-07-22-at-11.28.26_2025-07-22_14-39-43.webp.webp?fit=1200%2C675&ssl=1&resize=350%2C200","width":350,"height":200,"srcset":"https:\/\/i0.wp.com\/noticiasribeiraopreto.com.br\/wp-content\/uploads\/2025\/07\/WhatsApp-Image-2025-07-22-at-11.28.26_2025-07-22_14-39-43.webp.webp?fit=1200%2C675&ssl=1&resize=350%2C200 1x, https:\/\/i0.wp.com\/noticiasribeiraopreto.com.br\/wp-content\/uploads\/2025\/07\/WhatsApp-Image-2025-07-22-at-11.28.26_2025-07-22_14-39-43.webp.webp?fit=1200%2C675&ssl=1&resize=525%2C300 1.5x, https:\/\/i0.wp.com\/noticiasribeiraopreto.com.br\/wp-content\/uploads\/2025\/07\/WhatsApp-Image-2025-07-22-at-11.28.26_2025-07-22_14-39-43.webp.webp?fit=1200%2C675&ssl=1&resize=700%2C400 2x, https:\/\/i0.wp.com\/noticiasribeiraopreto.com.br\/wp-content\/uploads\/2025\/07\/WhatsApp-Image-2025-07-22-at-11.28.26_2025-07-22_14-39-43.webp.webp?fit=1200%2C675&ssl=1&resize=1050%2C600 3x"},"classes":[]},{"id":55685,"url":"https:\/\/noticiasribeiraopreto.com.br\/index.php\/2024\/08\/05\/gregorio-duvivier-e-atracao-na-feira-do-livro-de-ribeirao-nesta-segunda-feira\/","url_meta":{"origin":75779,"position":5},"title":"Gregorio Duvivier \u00e9 atra\u00e7\u00e3o na Feira do Livro de Ribeir\u00e3o nesta segunda-feira","author":"noticiasribeiraopreto.com.br","date":"5 de August de 2024","format":false,"excerpt":"A 23\u00aa Feira Internacional do Livro de Ribeir\u00e3o Preto chega ao quinto dia nesta segunda-feira (5) e Gregorio Duvivier marca presen\u00e7a na programa\u00e7\u00e3o. O ator, apresentador, humorista, escritor, roteirista e poeta brasileiro abre um bate-papo sobre cotidianos po\u00e9ticos, obras e poesias. Duvivier ficou conhecido por seu trabalho no cinema e\u2026","rel":"","context":"In &quot;Not\u00edcias de Ribeir\u00e3o Preto-SP e Regi\u00e3o&quot;","block_context":{"text":"Not\u00edcias de Ribeir\u00e3o Preto-SP e Regi\u00e3o","link":"https:\/\/noticiasribeiraopreto.com.br\/index.php\/category\/noticias-de-ribeirao-preto-sp-e-regiao-ismael-colosi\/"},"img":{"alt_text":"","src":"https:\/\/i0.wp.com\/noticiasribeiraopreto.com.br\/wp-content\/uploads\/2024\/08\/Copia-de-Copia-de-TAMANHO-EXATO-PARA-FOTOS-NO-SISTEMA-NOVO-30_2024-08-05_14-20-15_jpg_2024-08-05_14-20-15.webp.webp?fit=1200%2C675&ssl=1&resize=350%2C200","width":350,"height":200,"srcset":"https:\/\/i0.wp.com\/noticiasribeiraopreto.com.br\/wp-content\/uploads\/2024\/08\/Copia-de-Copia-de-TAMANHO-EXATO-PARA-FOTOS-NO-SISTEMA-NOVO-30_2024-08-05_14-20-15_jpg_2024-08-05_14-20-15.webp.webp?fit=1200%2C675&ssl=1&resize=350%2C200 1x, https:\/\/i0.wp.com\/noticiasribeiraopreto.com.br\/wp-content\/uploads\/2024\/08\/Copia-de-Copia-de-TAMANHO-EXATO-PARA-FOTOS-NO-SISTEMA-NOVO-30_2024-08-05_14-20-15_jpg_2024-08-05_14-20-15.webp.webp?fit=1200%2C675&ssl=1&resize=525%2C300 1.5x, https:\/\/i0.wp.com\/noticiasribeiraopreto.com.br\/wp-content\/uploads\/2024\/08\/Copia-de-Copia-de-TAMANHO-EXATO-PARA-FOTOS-NO-SISTEMA-NOVO-30_2024-08-05_14-20-15_jpg_2024-08-05_14-20-15.webp.webp?fit=1200%2C675&ssl=1&resize=700%2C400 2x, https:\/\/i0.wp.com\/noticiasribeiraopreto.com.br\/wp-content\/uploads\/2024\/08\/Copia-de-Copia-de-TAMANHO-EXATO-PARA-FOTOS-NO-SISTEMA-NOVO-30_2024-08-05_14-20-15_jpg_2024-08-05_14-20-15.webp.webp?fit=1200%2C675&ssl=1&resize=1050%2C600 3x"},"classes":[]}],"jetpack_sharing_enabled":true,"jetpack_shortlink":"https:\/\/wp.me\/peQAOb-jIf","_links":{"self":[{"href":"https:\/\/noticiasribeiraopreto.com.br\/index.php\/wp-json\/wp\/v2\/posts\/75779","targetHints":{"allow":["GET"]}}],"collection":[{"href":"https:\/\/noticiasribeiraopreto.com.br\/index.php\/wp-json\/wp\/v2\/posts"}],"about":[{"href":"https:\/\/noticiasribeiraopreto.com.br\/index.php\/wp-json\/wp\/v2\/types\/post"}],"author":[{"embeddable":true,"href":"https:\/\/noticiasribeiraopreto.com.br\/index.php\/wp-json\/wp\/v2\/users\/1"}],"replies":[{"embeddable":true,"href":"https:\/\/noticiasribeiraopreto.com.br\/index.php\/wp-json\/wp\/v2\/comments?post=75779"}],"version-history":[{"count":0,"href":"https:\/\/noticiasribeiraopreto.com.br\/index.php\/wp-json\/wp\/v2\/posts\/75779\/revisions"}],"wp:featuredmedia":[{"embeddable":true,"href":"https:\/\/noticiasribeiraopreto.com.br\/index.php\/wp-json\/wp\/v2\/media\/75780"}],"wp:attachment":[{"href":"https:\/\/noticiasribeiraopreto.com.br\/index.php\/wp-json\/wp\/v2\/media?parent=75779"}],"wp:term":[{"taxonomy":"category","embeddable":true,"href":"https:\/\/noticiasribeiraopreto.com.br\/index.php\/wp-json\/wp\/v2\/categories?post=75779"},{"taxonomy":"post_tag","embeddable":true,"href":"https:\/\/noticiasribeiraopreto.com.br\/index.php\/wp-json\/wp\/v2\/tags?post=75779"}],"curies":[{"name":"wp","href":"https:\/\/api.w.org\/{rel}","templated":true}]}}