{"id":75781,"date":"2025-08-15T10:35:04","date_gmt":"2025-08-15T13:35:04","guid":{"rendered":"https:\/\/noticiasribeiraopreto.com.br\/index.php\/2025\/08\/15\/covid-provoca-mais-uma-morte-em-ribeirao\/"},"modified":"2025-08-15T10:35:04","modified_gmt":"2025-08-15T13:35:04","slug":"covid-provoca-mais-uma-morte-em-ribeirao","status":"publish","type":"post","link":"https:\/\/noticiasribeiraopreto.com.br\/index.php\/2025\/08\/15\/covid-provoca-mais-uma-morte-em-ribeirao\/","title":{"rendered":"Covid provoca mais uma morte em Ribeir\u00e3o"},"content":{"rendered":"<div class='code-block code-block-1' style='margin: 8px 0 8px auto; text-align: right; display: block; clear: both;'>\n<p><a href=\"https:\/\/wa.link\/vpicfd\"><img data-recalc-dims=\"1\" class=\"wp-image-4922\" style=\"aspect-ratio: 2.0253164556962027; width: 561px; height: auto;\" src=\"https:\/\/i0.wp.com\/ismaelcolosi.com.br\/wp-content\/uploads\/2023\/11\/grupo-de-empregos-whatsapp-e-facebook-ismael-colosi-vagas.jpg?ssl=1\" alt=\"\" \/><\/a><\/p>\n<!-- \/wp:image -->\n<\/div>\n<p> <br \/>\n<\/p>\n<div>\n<p><i><span data-contrast=\"none\">Por\u00e9m, <\/span><\/i><i><span data-contrast=\"auto\">n\u00famero de \u00f3bitos vem caindo com o avan\u00e7o da vacina\u00e7\u00e3o em Ribeir\u00e3o Preto desde 2021<\/span><\/i><\/p>\n<p><span data-contrast=\"none\">S<\/span><span data-contrast=\"auto\">egundo dados do painel da Secretaria Municipal da Sa\u00fade atualizados na quarta-feira, 13 de agosto, Ribeir\u00e3o Preto j\u00e1 soma onze mortes em decorr\u00eancia de covid-19 neste ano: sete em janeiro, uma em fevereiro, uma em mar\u00e7o, uma em maio e a \u00faltima em julho, anunciada nesta semana. O n\u00famero de \u00f3bitos vem caindo desde o in\u00edcio da vacina\u00e7\u00e3o na cidade.<\/span><br \/><span data-contrast=\"auto\">O Hospital das Cl\u00ednicas da Faculdade de Medicina de Ribeir\u00e3o Preto aplicou a primeira dose da Coronavac \u2013 desenvolvida pelo laborat\u00f3rio chin\u00eas Sinovac e produzida no Brasil pelo Instituto Butantan \u2013\u00a0 em 19 de janeiro de 2021. A cerim\u00f4nia ocorreu na unidade campus da Universidade de S\u00e3o Paulo (USP) e marcou o in\u00edcio da imuniza\u00e7\u00e3o contra a covid-19 na cidade.<\/span><br \/><span data-contrast=\"auto\">A primeira pessoa a receber a vacina foi a t\u00e9cnica de enfermagem Maria Luci dos Santos, a Malu, de 44 anos. Desde ent\u00e3o, segundo dados do painel da Secretaria Municipal da Sa\u00fade atualizados nesta semana, j\u00e1 foram aplicadas 2.125.889 doses de v\u00e1rios imunizantes. <\/span><br \/><span data-contrast=\"auto\">S\u00e3o 647.511 da primeira dose, 605.796 da segunda, 21.378 da \u00fanica, 461.707 de primeiro refor\u00e7o, 234.603 de segundo e 154.894 de terceiro refor\u00e7o. Neste ano, at\u00e9 quarta-feira, foram aplicadas 3.576 primeiras doses, 2.761 segundas, 1.135 de primeiro refor\u00e7o, cinco de segundo e 28.503 de terceiro, totalizando 35.980. <\/span><br \/><span data-contrast=\"auto\">No ano passado, Ribeir\u00e3o Preto registrou 57 mortes causadas pelo coronav\u00edrus: sete em janeiro, 13 em fevereiro, onze em mar\u00e7o, dois em abril, uma em maio, tr\u00eas em junho, quatro em agosto, quatro em setembro, quatro em outubro, tr\u00eas em novembro e cinco em dezembro. <\/span><br \/><span data-contrast=\"auto\">A taxa de letalidade da pandemia em Ribeir\u00e3o Preto \u00e9 de 1,87%, contra 1,20% no ano passado e de 1,02% em 2025, de acordo com o painel da Secretaria Municipal da Sa\u00fade. S\u00e3o 3.638 \u00f3bitos no total da pandemia.\u00a0<\/span><br \/><span data-contrast=\"auto\">Uma morte de 2021 foi descartada. Agora s\u00e3o 2.041, ainda 105,75% superior ao registrado em 2020 (de mar\u00e7o a dezembro), de 992<\/span><span data-contrast=\"none\">.<\/span> <span data-contrast=\"none\">S\u00e3o 1.049 a mais. Ainda tem <\/span><span data-contrast=\"auto\">448 de 2022 e mais 89 de 2023 <\/span><span data-contrast=\"none\">\u2013 <\/span><span data-contrast=\"auto\">queda de 80,13% e 359 a menos. <\/span><br \/><span data-contrast=\"auto\">No ano passado, a queda foi de 35,96% em rela\u00e7\u00e3o ao anterior, 32 a menos. Em 2023 foram 29 mortes em janeiro, seis em fevereiro, nove em mar\u00e7o, seis em abril, cinco em maio, cinco em junho, quatro em julho, sete em agosto, nove em setembro, seis em outubro, duas em novembro e uma em dezembro, segundo o painel. <\/span><br \/><b><span data-contrast=\"none\">Quase 182.900 cont\u00e1gios \u2013 <\/span><\/b><span data-contrast=\"none\">Segundo<\/span> <span data-contrast=\"none\">a Secretaria Municipal da Sa\u00fade, Ribeir\u00e3o Preto deve ultrapassar 182.900 casos de coronav\u00edrus. A cidade soma 182.898 desde o in\u00edcio da pandemia, contra 182.890 at\u00e9 a semana anterior. Em sete dias foram confirmados mais oito, abaixo dos 18 do per\u00edodo antecedente.\u00a0 <\/span><br \/><span data-contrast=\"none\">S\u00e3o 4.434 ocorr\u00eancias do ano passado, com m\u00e9dia de doze por dia, uma a cada duas horas. Na compara\u00e7\u00e3o com os 7.406 de 2023, a queda em 2024 chega a 40,12%. S\u00e3o 2.972 a menos, segundo o Painel de Arboviroses da Secretaria da Sa\u00fade. <\/span><br \/><span data-contrast=\"none\">No total, s\u00e3o 987 em 2025, contra 3.692 do mesmo per\u00edodo do ano passado, 2.705 a menos e queda de 73,27%. S\u00e3o 46 casos em julho de 2025, contra 54 do mesmo per\u00edodo do ano passado, oito a menos a mais e queda de 14,81%. Em rela\u00e7\u00e3o aos 68 de junho, s\u00e3o 224 a menos e queda de 32,35%. S\u00e3o 102 em maio, 98 em abril, 114 em mar\u00e7o, 312 de fevereiro e 227 de janeiro. H\u00e1 20 em agosto <\/span><br \/><span data-contrast=\"none\">A cidade fechou 2022 com 63.994 cont\u00e1gios, contra 67.259 de 2021. A queda foi de 4,85% e 3.265 a menos. Foram 7.406 em 2023, queda de 88,43% e 56.588 a menos do que no ano anterior. A m\u00e9dia no ano foi de 20 por dia, um a cada 72 minutos. Em 2020, primeiro ano de pandemia, foram 38.818 ocorr\u00eancias. <\/span><br \/><b><span data-contrast=\"none\">Primeiro caso <\/span><\/b><b><span data-contrast=\"auto\">\u2013 <\/span><\/b><span data-contrast=\"auto\">Em 27 de fevereiro de 2020, foi confirmado o primeiro caso de covid-19 em Ribeir\u00e3o Preto. O <\/span><span data-contrast=\"auto\">paciente esteve na It\u00e1lia e contraiu o coronav\u00edrus no pa\u00eds europeu. Ficou internado em hospital particular da cidade e sobreviveu. Atualmente, n\u00e3o h\u00e1 doses da vacina contra a doen\u00e7a dispon\u00edveis na rede municipal de sa\u00fade.<\/span><br \/><span data-contrast=\"auto\">Segundo a notifica\u00e7\u00e3o, o paciente tinha 42 anos (hoje com 47), do sexo masculino e proveniente da It\u00e1lia, onde esteve a trabalho por 30 dias. Ele apresentou sintomas da doen\u00e7a, como coriza e dor de garganta, e procurou atendimento m\u00e9dico imediato. O paciente ficou em isolamento domiciliar.<\/span><br \/><b><span data-contrast=\"auto\">Brasil \u2013 <\/span><\/b><span data-contrast=\"auto\">Em 26 de fevereiro de 2020, foi confirmado o primeiro caso de covid-19 no Brasil: um homem de 61 anos, que havia viajado para a It\u00e1lia e estava em atendimento desde o dia 24 no Hospital Israelita Albert Einstein, e S\u00e3o Paulo, capital. Ele sobreviveu. <\/span><br \/><span data-contrast=\"auto\">Segundo dados do Painel Conass Cieges atualizados nesta quinta-feira, 14 de agosto, referentes \u00e0 semana epidemiol\u00f3gica que abrange o per\u00edodo entre os dias 3 e 9 deste m\u00eas, o<\/span><span data-contrast=\"none\"> Brasil soma 716.569 mortes por covid-19 e 39.300.196 casos de coronav\u00edrus confirmados desde o in\u00edcio da pandemia. S\u00e3o 16 v\u00edtimas fatais e 2.261 pacientes a mais.<\/span><br \/><span data-contrast=\"none\">De acordo com o painel, 1.972 \u00f3bitos e 226.652 cont\u00e1gios s\u00e3o deste ano. O pico ocorreu em 2021, com 423.349 v\u00edtimas fatais e 14.573.907 pessoas com a doen\u00e7a. Depois aparecem os anos de 2022 (74.779 mortes por covid-19 e 14.041.169 casos confirmados), 2020 (195.725 e 7.716.405, respectivamente), 2023 (14.785 \u00f3bitos e 1.879.583 cont\u00e1gios) e 2024 (5.959 falecimentos e 862.680 pessoas que contra\u00edram a doen\u00e7a).<\/span><br \/><span data-contrast=\"none\">O estado de S\u00e3o Paulo n\u00e3o atualizou os dados ontem. At\u00e9 dia 6 eram 185.212 mortes e 6.956.972 casos de coronav\u00edrus desde o in\u00edcio da pandemia, sendo que 922 e 39.893 cont\u00e1gios s\u00e3o deste ano. S\u00e3o 16 \u00f3bitos e 273 casos a mais. O pico ocorreu em 2021, com 108.405 v\u00edtimas fatais e 2.988.516 pessoas com a doen\u00e7a.\u00a0<\/span><br \/><span data-contrast=\"none\">Depois aparecem os anos de 2022 (22.198 mortes por covid-19 e 1.858.864 casos confirmados), 2020 (46.808 e 1.467.953, respectivamente), 2023 (4.843 \u00f3bitos e 447.977 cont\u00e1gios) e 2024 (2.036 falecimentos e 153.769 pessoas que contra\u00edram a doen\u00e7a. <\/span><\/p>\n<p><i\/><span data-ccp-props=\"{}\">\u00a0<\/span><\/p>\n<\/div>\n<p><br \/>\n<br \/><a href=\"https:\/\/www.tribunaribeirao.com.br\/covid-provoca-mais-uma-morte-em-ribeirao\/\">Source link <\/a><\/p>\n<!-- CONTENT END 1 -->\n","protected":false},"excerpt":{"rendered":"<p>Por\u00e9m, n\u00famero de \u00f3bitos vem caindo com o avan\u00e7o da vacina\u00e7\u00e3o em Ribeir\u00e3o Preto desde 2021 Segundo dados do painel da Secretaria Municipal da Sa\u00fade&#8230;<\/p>\n","protected":false},"author":1,"featured_media":75782,"comment_status":"open","ping_status":"open","sticky":false,"template":"","format":"standard","meta":{"advanced_seo_description":"","jetpack_seo_html_title":"","jetpack_seo_noindex":false,"jetpack_post_was_ever_published":false,"_jetpack_newsletter_access":"","_jetpack_dont_email_post_to_subs":false,"_jetpack_newsletter_tier_id":0,"_jetpack_memberships_contains_paywalled_content":false,"_jetpack_memberships_contains_paid_content":false,"footnotes":"","jetpack_publicize_message":"","jetpack_publicize_feature_enabled":true,"jetpack_social_post_already_shared":true,"jetpack_social_options":{"image_generator_settings":{"template":"highway","default_image_id":0,"font":"","enabled":false},"version":2}},"categories":[11],"tags":[],"class_list":["post-75781","post","type-post","status-publish","format-standard","has-post-thumbnail","hentry","category-noticias-de-ribeirao-preto-sp-e-regiao-ismael-colosi"],"jetpack_publicize_connections":[],"jetpack_featured_media_url":"https:\/\/i0.wp.com\/noticiasribeiraopreto.com.br\/wp-content\/uploads\/2025\/08\/covid-scaled-1.jpg?fit=1000%2C598&ssl=1","jetpack-related-posts":[{"id":38781,"url":"https:\/\/noticiasribeiraopreto.com.br\/index.php\/2024\/02\/21\/saude-recomenda-uso-de-mascara-por-causa-do-aumento-de-casos-de-covid\/","url_meta":{"origin":75781,"position":0},"title":"Sa\u00fade recomenda\u00a0uso de m\u00e1scara\u00a0por causa do aumento de casos de Covid","author":"noticiasribeiraopreto.com.br","date":"21 de February de 2024","format":false,"excerpt":"21 de fevereiro de 2024 | 16:0021 de fevereiro de 2024 | 9:55 0Com o aumento de casos de cont\u00e1gio por coronav\u00edrus em todo o pa\u00eds, inclusive em Ribeir\u00e3o Preto, a Secretaria Municipal da Sa\u00fade publicou, no site oficial da pasta, orienta\u00e7\u00e3o t\u00e9cnica sobre o uso de m\u00e1scara de prote\u00e7\u00e3o\u2026","rel":"","context":"In &quot;Not\u00edcias de Ribeir\u00e3o Preto-SP e Regi\u00e3o&quot;","block_context":{"text":"Not\u00edcias de Ribeir\u00e3o Preto-SP e Regi\u00e3o","link":"https:\/\/noticiasribeiraopreto.com.br\/index.php\/category\/noticias-de-ribeirao-preto-sp-e-regiao-ismael-colosi\/"},"img":{"alt_text":"","src":"https:\/\/i0.wp.com\/noticiasribeiraopreto.com.br\/wp-content\/uploads\/2024\/02\/CovidRP-Divulgacao-scaled.jpg?fit=967%2C645&ssl=1&resize=350%2C200","width":350,"height":200,"srcset":"https:\/\/i0.wp.com\/noticiasribeiraopreto.com.br\/wp-content\/uploads\/2024\/02\/CovidRP-Divulgacao-scaled.jpg?fit=967%2C645&ssl=1&resize=350%2C200 1x, https:\/\/i0.wp.com\/noticiasribeiraopreto.com.br\/wp-content\/uploads\/2024\/02\/CovidRP-Divulgacao-scaled.jpg?fit=967%2C645&ssl=1&resize=525%2C300 1.5x, https:\/\/i0.wp.com\/noticiasribeiraopreto.com.br\/wp-content\/uploads\/2024\/02\/CovidRP-Divulgacao-scaled.jpg?fit=967%2C645&ssl=1&resize=700%2C400 2x"},"classes":[]},{"id":42707,"url":"https:\/\/noticiasribeiraopreto.com.br\/index.php\/2024\/03\/16\/covid-19-ribeirao-preto-registra-16-mortes-em-menos-de-tres-meses\/","url_meta":{"origin":75781,"position":1},"title":"Covid-19: Ribeir\u00e3o Preto registra 16 mortes em menos de tr\u00eas meses","author":"noticiasribeiraopreto.com.br","date":"16 de March de 2024","format":false,"excerpt":"Dados da Secretaria Municipal da Sa\u00fade de Ribeir\u00e3o Preto confirmam que 16 pessoas morreram este ano em decorr\u00eancia da covid-19 em menos de tr\u00eas meses. O m\u00eas com maior registro de mortes foi fevereiro com 10 v\u00edtimas. Em janeiro, foram cinco \u00f3bitos e at\u00e9 o \u00faltimo dia 12 deste m\u00eas,\u2026","rel":"","context":"In &quot;Not\u00edcias de Ribeir\u00e3o Preto-SP e Regi\u00e3o&quot;","block_context":{"text":"Not\u00edcias de Ribeir\u00e3o Preto-SP e Regi\u00e3o","link":"https:\/\/noticiasribeiraopreto.com.br\/index.php\/category\/noticias-de-ribeirao-preto-sp-e-regiao-ismael-colosi\/"},"img":{"alt_text":"","src":"https:\/\/i0.wp.com\/noticiasribeiraopreto.com.br\/wp-content\/uploads\/2024\/03\/Copia-de-Copia-de-TAMANHO-EXATO-PARA-FOTOS-NO-SISTEMA-NOVO-58.jpg?fit=1200%2C675&ssl=1&resize=350%2C200","width":350,"height":200,"srcset":"https:\/\/i0.wp.com\/noticiasribeiraopreto.com.br\/wp-content\/uploads\/2024\/03\/Copia-de-Copia-de-TAMANHO-EXATO-PARA-FOTOS-NO-SISTEMA-NOVO-58.jpg?fit=1200%2C675&ssl=1&resize=350%2C200 1x, https:\/\/i0.wp.com\/noticiasribeiraopreto.com.br\/wp-content\/uploads\/2024\/03\/Copia-de-Copia-de-TAMANHO-EXATO-PARA-FOTOS-NO-SISTEMA-NOVO-58.jpg?fit=1200%2C675&ssl=1&resize=525%2C300 1.5x, https:\/\/i0.wp.com\/noticiasribeiraopreto.com.br\/wp-content\/uploads\/2024\/03\/Copia-de-Copia-de-TAMANHO-EXATO-PARA-FOTOS-NO-SISTEMA-NOVO-58.jpg?fit=1200%2C675&ssl=1&resize=700%2C400 2x, https:\/\/i0.wp.com\/noticiasribeiraopreto.com.br\/wp-content\/uploads\/2024\/03\/Copia-de-Copia-de-TAMANHO-EXATO-PARA-FOTOS-NO-SISTEMA-NOVO-58.jpg?fit=1200%2C675&ssl=1&resize=1050%2C600 3x"},"classes":[]},{"id":37494,"url":"https:\/\/noticiasribeiraopreto.com.br\/index.php\/2024\/02\/16\/covid-19-volta-a-preocupar-rp\/","url_meta":{"origin":75781,"position":2},"title":"Covid-19 volta a preocupar RP\u00a0","author":"noticiasribeiraopreto.com.br","date":"16 de February de 2024","format":false,"excerpt":"16 de fevereiro de 2024 | 15:0016 de fevereiro de 2024 | 8:26 0Segundo o painel da Secretaria Municipal da Sa\u00fade, Ribeir\u00e3o Preto registrou mais tr\u00eas mortes por covid-19 em cerca de um m\u00eas, na passagem de dezembro para janeiro. A plataforma contabiliza dados at\u00e9 o m\u00eas anterior ao vigente.\u2026","rel":"","context":"In &quot;Not\u00edcias de Ribeir\u00e3o Preto-SP e Regi\u00e3o&quot;","block_context":{"text":"Not\u00edcias de Ribeir\u00e3o Preto-SP e Regi\u00e3o","link":"https:\/\/noticiasribeiraopreto.com.br\/index.php\/category\/noticias-de-ribeirao-preto-sp-e-regiao-ismael-colosi\/"},"img":{"alt_text":"","src":"https:\/\/i0.wp.com\/noticiasribeiraopreto.com.br\/wp-content\/uploads\/2024\/02\/ChinaVIR-Mor-Alfredo-Risk-scaled.jpg?fit=1000%2C563&ssl=1&resize=350%2C200","width":350,"height":200,"srcset":"https:\/\/i0.wp.com\/noticiasribeiraopreto.com.br\/wp-content\/uploads\/2024\/02\/ChinaVIR-Mor-Alfredo-Risk-scaled.jpg?fit=1000%2C563&ssl=1&resize=350%2C200 1x, https:\/\/i0.wp.com\/noticiasribeiraopreto.com.br\/wp-content\/uploads\/2024\/02\/ChinaVIR-Mor-Alfredo-Risk-scaled.jpg?fit=1000%2C563&ssl=1&resize=525%2C300 1.5x, https:\/\/i0.wp.com\/noticiasribeiraopreto.com.br\/wp-content\/uploads\/2024\/02\/ChinaVIR-Mor-Alfredo-Risk-scaled.jpg?fit=1000%2C563&ssl=1&resize=700%2C400 2x"},"classes":[]},{"id":46214,"url":"https:\/\/noticiasribeiraopreto.com.br\/index.php\/2024\/04\/10\/mortes-por-dengue-sobem-para-seis-em-ribeirao-preto\/","url_meta":{"origin":75781,"position":3},"title":"Mortes por dengue sobem para seis em Ribeir\u00e3o Preto","author":"noticiasribeiraopreto.com.br","date":"10 de April de 2024","format":false,"excerpt":"Foi confirmado nesta quarta-feira (10) que Ribeir\u00e3o Preto tem seis mortes causadas por dengue este ano. Al\u00e9m dos \u00f3bitos, a cidade registra 12.990 casos confirmados da doen\u00e7a e 25.227 suspeitos. Segundo consta na divulga\u00e7\u00e3o, a zona Leste continua sendo a regi\u00e3o com mais casos confirmados, s\u00e3o 3.566. Em seguida, vem\u2026","rel":"","context":"In &quot;Not\u00edcias de Ribeir\u00e3o Preto-SP e Regi\u00e3o&quot;","block_context":{"text":"Not\u00edcias de Ribeir\u00e3o Preto-SP e Regi\u00e3o","link":"https:\/\/noticiasribeiraopreto.com.br\/index.php\/category\/noticias-de-ribeirao-preto-sp-e-regiao-ismael-colosi\/"},"img":{"alt_text":"","src":"https:\/\/i0.wp.com\/noticiasribeiraopreto.com.br\/wp-content\/uploads\/2024\/04\/1712760997_Copia-de-Copia-de-TAMANHO-EXATO-PARA-FOTOS-NO-SISTEMA-NOVO-13.jpg?fit=1200%2C675&ssl=1&resize=350%2C200","width":350,"height":200,"srcset":"https:\/\/i0.wp.com\/noticiasribeiraopreto.com.br\/wp-content\/uploads\/2024\/04\/1712760997_Copia-de-Copia-de-TAMANHO-EXATO-PARA-FOTOS-NO-SISTEMA-NOVO-13.jpg?fit=1200%2C675&ssl=1&resize=350%2C200 1x, https:\/\/i0.wp.com\/noticiasribeiraopreto.com.br\/wp-content\/uploads\/2024\/04\/1712760997_Copia-de-Copia-de-TAMANHO-EXATO-PARA-FOTOS-NO-SISTEMA-NOVO-13.jpg?fit=1200%2C675&ssl=1&resize=525%2C300 1.5x, https:\/\/i0.wp.com\/noticiasribeiraopreto.com.br\/wp-content\/uploads\/2024\/04\/1712760997_Copia-de-Copia-de-TAMANHO-EXATO-PARA-FOTOS-NO-SISTEMA-NOVO-13.jpg?fit=1200%2C675&ssl=1&resize=700%2C400 2x, https:\/\/i0.wp.com\/noticiasribeiraopreto.com.br\/wp-content\/uploads\/2024\/04\/1712760997_Copia-de-Copia-de-TAMANHO-EXATO-PARA-FOTOS-NO-SISTEMA-NOVO-13.jpg?fit=1200%2C675&ssl=1&resize=1050%2C600 3x"},"classes":[]},{"id":72866,"url":"https:\/\/noticiasribeiraopreto.com.br\/index.php\/2025\/06\/22\/infeccoes-respiratorias-disparam-em-ribeirao-preto\/","url_meta":{"origin":75781,"position":4},"title":"Infec\u00e7\u00f5es respirat\u00f3rias disparam em Ribeir\u00e3o Preto","author":"noticiasribeiraopreto.com.br","date":"22 de June de 2025","format":false,"excerpt":"Adalberto Luque No inverno de 2023, o gr\u00e1fico aposentado Hilson Sobreiro Cavalcante contraiu uma pneumonia e hoje vai ao m\u00e9dico do conv\u00eanio de tempos em tempos para avaliar seu quadro. Tudo come\u00e7ou com uma febre que ia e vinha. \u201cPassava pelo m\u00e9dico, que dava rem\u00e9dio. A febre baixava e voltava.\u2026","rel":"","context":"In &quot;Not\u00edcias de Ribeir\u00e3o Preto-SP e Regi\u00e3o&quot;","block_context":{"text":"Not\u00edcias de Ribeir\u00e3o Preto-SP e Regi\u00e3o","link":"https:\/\/noticiasribeiraopreto.com.br\/index.php\/category\/noticias-de-ribeirao-preto-sp-e-regiao-ismael-colosi\/"},"img":{"alt_text":"","src":"https:\/\/i0.wp.com\/noticiasribeiraopreto.com.br\/wp-content\/uploads\/2025\/06\/FOTO-00-CHAMADA-DE-CAPA-horizontal-Foto-Alfredo-Risk-scaled.jpg?fit=750%2C500&ssl=1&resize=350%2C200","width":350,"height":200,"srcset":"https:\/\/i0.wp.com\/noticiasribeiraopreto.com.br\/wp-content\/uploads\/2025\/06\/FOTO-00-CHAMADA-DE-CAPA-horizontal-Foto-Alfredo-Risk-scaled.jpg?fit=750%2C500&ssl=1&resize=350%2C200 1x, https:\/\/i0.wp.com\/noticiasribeiraopreto.com.br\/wp-content\/uploads\/2025\/06\/FOTO-00-CHAMADA-DE-CAPA-horizontal-Foto-Alfredo-Risk-scaled.jpg?fit=750%2C500&ssl=1&resize=525%2C300 1.5x, https:\/\/i0.wp.com\/noticiasribeiraopreto.com.br\/wp-content\/uploads\/2025\/06\/FOTO-00-CHAMADA-DE-CAPA-horizontal-Foto-Alfredo-Risk-scaled.jpg?fit=750%2C500&ssl=1&resize=700%2C400 2x"},"classes":[]},{"id":72625,"url":"https:\/\/noticiasribeiraopreto.com.br\/index.php\/2025\/06\/19\/dengue-causa-mais-tres-mortes-em-rp\/","url_meta":{"origin":75781,"position":5},"title":"Dengue causa mais tr\u00eas mortes em RP","author":"noticiasribeiraopreto.com.br","date":"19 de June de 2025","format":false,"excerpt":"J\u00e1 s\u00e3o nove mortes em 2025, quatro em janeiro, uma em fevereiro e quatro em mar\u00e7o; cidade soma quase 20.000 casos A Secretaria Municipal da Sa\u00fade confirmou mais tr\u00eas mortes por dengue em Ribeir\u00e3o Preto. J\u00e1 s\u00e3o nove \u00f3bitos neste ano: quatro em janeiro, outro em fevereiro e quatro em\u2026","rel":"","context":"In &quot;Not\u00edcias de Ribeir\u00e3o Preto-SP e Regi\u00e3o&quot;","block_context":{"text":"Not\u00edcias de Ribeir\u00e3o Preto-SP e Regi\u00e3o","link":"https:\/\/noticiasribeiraopreto.com.br\/index.php\/category\/noticias-de-ribeirao-preto-sp-e-regiao-ismael-colosi\/"},"img":{"alt_text":"","src":"https:\/\/i0.wp.com\/noticiasribeiraopreto.com.br\/wp-content\/uploads\/2025\/06\/DengueRP-Getty-Images.jpg?fit=1200%2C655&ssl=1&resize=350%2C200","width":350,"height":200,"srcset":"https:\/\/i0.wp.com\/noticiasribeiraopreto.com.br\/wp-content\/uploads\/2025\/06\/DengueRP-Getty-Images.jpg?fit=1200%2C655&ssl=1&resize=350%2C200 1x, https:\/\/i0.wp.com\/noticiasribeiraopreto.com.br\/wp-content\/uploads\/2025\/06\/DengueRP-Getty-Images.jpg?fit=1200%2C655&ssl=1&resize=525%2C300 1.5x, https:\/\/i0.wp.com\/noticiasribeiraopreto.com.br\/wp-content\/uploads\/2025\/06\/DengueRP-Getty-Images.jpg?fit=1200%2C655&ssl=1&resize=700%2C400 2x, https:\/\/i0.wp.com\/noticiasribeiraopreto.com.br\/wp-content\/uploads\/2025\/06\/DengueRP-Getty-Images.jpg?fit=1200%2C655&ssl=1&resize=1050%2C600 3x"},"classes":[]}],"jetpack_sharing_enabled":true,"jetpack_shortlink":"https:\/\/wp.me\/peQAOb-jIh","_links":{"self":[{"href":"https:\/\/noticiasribeiraopreto.com.br\/index.php\/wp-json\/wp\/v2\/posts\/75781","targetHints":{"allow":["GET"]}}],"collection":[{"href":"https:\/\/noticiasribeiraopreto.com.br\/index.php\/wp-json\/wp\/v2\/posts"}],"about":[{"href":"https:\/\/noticiasribeiraopreto.com.br\/index.php\/wp-json\/wp\/v2\/types\/post"}],"author":[{"embeddable":true,"href":"https:\/\/noticiasribeiraopreto.com.br\/index.php\/wp-json\/wp\/v2\/users\/1"}],"replies":[{"embeddable":true,"href":"https:\/\/noticiasribeiraopreto.com.br\/index.php\/wp-json\/wp\/v2\/comments?post=75781"}],"version-history":[{"count":0,"href":"https:\/\/noticiasribeiraopreto.com.br\/index.php\/wp-json\/wp\/v2\/posts\/75781\/revisions"}],"wp:featuredmedia":[{"embeddable":true,"href":"https:\/\/noticiasribeiraopreto.com.br\/index.php\/wp-json\/wp\/v2\/media\/75782"}],"wp:attachment":[{"href":"https:\/\/noticiasribeiraopreto.com.br\/index.php\/wp-json\/wp\/v2\/media?parent=75781"}],"wp:term":[{"taxonomy":"category","embeddable":true,"href":"https:\/\/noticiasribeiraopreto.com.br\/index.php\/wp-json\/wp\/v2\/categories?post=75781"},{"taxonomy":"post_tag","embeddable":true,"href":"https:\/\/noticiasribeiraopreto.com.br\/index.php\/wp-json\/wp\/v2\/tags?post=75781"}],"curies":[{"name":"wp","href":"https:\/\/api.w.org\/{rel}","templated":true}]}}