{"id":75783,"date":"2025-08-15T12:17:09","date_gmt":"2025-08-15T15:17:09","guid":{"rendered":"https:\/\/noticiasribeiraopreto.com.br\/index.php\/2025\/08\/15\/ana-pink-tem-prisao-domiciliar-revogada-e-volta-para-a-cadeia\/"},"modified":"2025-08-15T12:17:09","modified_gmt":"2025-08-15T15:17:09","slug":"ana-pink-tem-prisao-domiciliar-revogada-e-volta-para-a-cadeia","status":"publish","type":"post","link":"https:\/\/noticiasribeiraopreto.com.br\/index.php\/2025\/08\/15\/ana-pink-tem-prisao-domiciliar-revogada-e-volta-para-a-cadeia\/","title":{"rendered":"Ana Pink tem pris\u00e3o domiciliar revogada e volta para a cadeia"},"content":{"rendered":"<div class='code-block code-block-1' style='margin: 8px 0 8px auto; text-align: right; display: block; clear: both;'>\n<p><a href=\"https:\/\/wa.link\/vpicfd\"><img data-recalc-dims=\"1\" class=\"wp-image-4922\" style=\"aspect-ratio: 2.0253164556962027; width: 561px; height: auto;\" src=\"https:\/\/i0.wp.com\/ismaelcolosi.com.br\/wp-content\/uploads\/2023\/11\/grupo-de-empregos-whatsapp-e-facebook-ismael-colosi-vagas.jpg?ssl=1\" alt=\"\" \/><\/a><\/p>\n<!-- \/wp:image -->\n<\/div>\n<p> <br \/>\n<\/p>\n<div data-td-block-uid=\"tdi_95\">\n<div class=\"tdb-block-inner td-fix-index\">\n<p><strong>A Justi\u00e7a revogou a pris\u00e3o domiciliar da empres\u00e1ria e influenciadora digital Ana Paula Ferreira Duarte, a Ana Pink, por descumprimento de medidas cautelares.<\/strong> Ela foi presa na tarde desta quinta-feria (13), na zona Sul de Ribeir\u00e3o Preto, e encaminhada a uma cadeia.<\/p>\n<p>*Not\u00edcia em atualiza\u00e7\u00e3o<\/p>\n<p><!-- AI CONTENT END 1 -->\n<\/div>\n<\/div>\n<p><br \/>\n<br \/><a href=\"https:\/\/www.acidadeon.com\/ribeiraopreto\/cotidiano\/ana-pink-tem-prisao-domiciliar-revogada-e-volta-para-a-cadeia\/\">Source link <\/a><\/p>\n<!-- CONTENT END 1 -->\n","protected":false},"excerpt":{"rendered":"<p>A Justi\u00e7a revogou a pris\u00e3o domiciliar da empres\u00e1ria e influenciadora digital Ana Paula Ferreira Duarte, a Ana Pink, por descumprimento de medidas cautelares. Ela foi&#8230;<\/p>\n","protected":false},"author":1,"featured_media":0,"comment_status":"open","ping_status":"open","sticky":false,"template":"","format":"standard","meta":{"advanced_seo_description":"","jetpack_seo_html_title":"","jetpack_seo_noindex":false,"jetpack_post_was_ever_published":false,"_jetpack_newsletter_access":"","_jetpack_dont_email_post_to_subs":false,"_jetpack_newsletter_tier_id":0,"_jetpack_memberships_contains_paywalled_content":false,"_jetpack_memberships_contains_paid_content":false,"footnotes":"","jetpack_publicize_message":"","jetpack_publicize_feature_enabled":true,"jetpack_social_post_already_shared":true,"jetpack_social_options":{"image_generator_settings":{"template":"highway","default_image_id":0,"font":"","enabled":false},"version":2}},"categories":[11],"tags":[],"class_list":["post-75783","post","type-post","status-publish","format-standard","hentry","category-noticias-de-ribeirao-preto-sp-e-regiao-ismael-colosi"],"jetpack_publicize_connections":[],"jetpack_featured_media_url":"","jetpack-related-posts":[{"id":76346,"url":"https:\/\/noticiasribeiraopreto.com.br\/index.php\/2025\/08\/27\/ministro-do-stj-mantem-influenciadora-ana-pink-na-cadeia\/","url_meta":{"origin":75783,"position":0},"title":"Ministro do STJ mant\u00e9m influenciadora Ana Pink na cadeia","author":"noticiasribeiraopreto.com.br","date":"27 de August de 2025","format":false,"excerpt":"O ministro Sebasti\u00e3o Reis Junior, do STJ (Superior Tribunal de Justi\u00e7a), manteve na cadeia a influenciadora e empres\u00e1ria de Ribeir\u00e3o Preto, Ana Pink, para cumprimento de pris\u00e3o preventiva. Ana Paula Ferreira e o ex-marido, Maiclerson Gomes da Silva, foram condenados a 13 anos de pris\u00e3o por lavagem de dinheiro e\u2026","rel":"","context":"In &quot;Not\u00edcias de Ribeir\u00e3o Preto-SP e Regi\u00e3o&quot;","block_context":{"text":"Not\u00edcias de Ribeir\u00e3o Preto-SP e Regi\u00e3o","link":"https:\/\/noticiasribeiraopreto.com.br\/index.php\/category\/noticias-de-ribeirao-preto-sp-e-regiao-ismael-colosi\/"},"img":{"alt_text":"","src":"https:\/\/i0.wp.com\/noticiasribeiraopreto.com.br\/wp-content\/uploads\/2025\/08\/Copia-de-Copia-de-Copia-de-TAMANHO-EXATO-PARA-FOTOS-NO-SISTEMA-NOVO-2025-08-27T094709.645_2025-08-27_12-47-17.webp.webp?fit=1200%2C675&ssl=1&resize=350%2C200","width":350,"height":200,"srcset":"https:\/\/i0.wp.com\/noticiasribeiraopreto.com.br\/wp-content\/uploads\/2025\/08\/Copia-de-Copia-de-Copia-de-TAMANHO-EXATO-PARA-FOTOS-NO-SISTEMA-NOVO-2025-08-27T094709.645_2025-08-27_12-47-17.webp.webp?fit=1200%2C675&ssl=1&resize=350%2C200 1x, https:\/\/i0.wp.com\/noticiasribeiraopreto.com.br\/wp-content\/uploads\/2025\/08\/Copia-de-Copia-de-Copia-de-TAMANHO-EXATO-PARA-FOTOS-NO-SISTEMA-NOVO-2025-08-27T094709.645_2025-08-27_12-47-17.webp.webp?fit=1200%2C675&ssl=1&resize=525%2C300 1.5x, https:\/\/i0.wp.com\/noticiasribeiraopreto.com.br\/wp-content\/uploads\/2025\/08\/Copia-de-Copia-de-Copia-de-TAMANHO-EXATO-PARA-FOTOS-NO-SISTEMA-NOVO-2025-08-27T094709.645_2025-08-27_12-47-17.webp.webp?fit=1200%2C675&ssl=1&resize=700%2C400 2x, https:\/\/i0.wp.com\/noticiasribeiraopreto.com.br\/wp-content\/uploads\/2025\/08\/Copia-de-Copia-de-Copia-de-TAMANHO-EXATO-PARA-FOTOS-NO-SISTEMA-NOVO-2025-08-27T094709.645_2025-08-27_12-47-17.webp.webp?fit=1200%2C675&ssl=1&resize=1050%2C600 3x"},"classes":[]},{"id":75817,"url":"https:\/\/noticiasribeiraopreto.com.br\/index.php\/2025\/08\/15\/entenda-o-que-levou-a-revogacao-da-prisao-domiciliar-de-ana-pink\/","url_meta":{"origin":75783,"position":1},"title":"Entenda o que levou \u00e0 revoga\u00e7\u00e3o da pris\u00e3o domiciliar de Ana Pink","author":"noticiasribeiraopreto.com.br","date":"15 de August de 2025","format":false,"excerpt":"A Justi\u00e7a de Ribeir\u00e3o Preto decidiu cancelar o benef\u00edcio de pris\u00e3o domiciliar da empres\u00e1ria e influenciadora Ana Pink, ap\u00f3s pedido do Minist\u00e9rio P\u00fablico (MP), devido a perman\u00eancias longas fora de casa. De acordo com o \u00f3rg\u00e3o, Ana Paula Ferreira teria descumprido as regras da pris\u00e3o domiciliar diversas vezes sem justificativa,\u2026","rel":"","context":"In &quot;Not\u00edcias de Ribeir\u00e3o Preto-SP e Regi\u00e3o&quot;","block_context":{"text":"Not\u00edcias de Ribeir\u00e3o Preto-SP e Regi\u00e3o","link":"https:\/\/noticiasribeiraopreto.com.br\/index.php\/category\/noticias-de-ribeirao-preto-sp-e-regiao-ismael-colosi\/"},"img":{"alt_text":"","src":"https:\/\/i0.wp.com\/noticiasribeiraopreto.com.br\/wp-content\/uploads\/2025\/08\/Copia-de-Copia-de-Copia-de-TAMANHO-EXATO-PARA-FOTOS-NO-SISTEMA-NOVO-2025-08-15T205315.349_2025-08-15_23-53-33-1024x576.webp.webp?fit=1024%2C576&ssl=1&resize=350%2C200","width":350,"height":200,"srcset":"https:\/\/i0.wp.com\/noticiasribeiraopreto.com.br\/wp-content\/uploads\/2025\/08\/Copia-de-Copia-de-Copia-de-TAMANHO-EXATO-PARA-FOTOS-NO-SISTEMA-NOVO-2025-08-15T205315.349_2025-08-15_23-53-33-1024x576.webp.webp?fit=1024%2C576&ssl=1&resize=350%2C200 1x, https:\/\/i0.wp.com\/noticiasribeiraopreto.com.br\/wp-content\/uploads\/2025\/08\/Copia-de-Copia-de-Copia-de-TAMANHO-EXATO-PARA-FOTOS-NO-SISTEMA-NOVO-2025-08-15T205315.349_2025-08-15_23-53-33-1024x576.webp.webp?fit=1024%2C576&ssl=1&resize=525%2C300 1.5x, https:\/\/i0.wp.com\/noticiasribeiraopreto.com.br\/wp-content\/uploads\/2025\/08\/Copia-de-Copia-de-Copia-de-TAMANHO-EXATO-PARA-FOTOS-NO-SISTEMA-NOVO-2025-08-15T205315.349_2025-08-15_23-53-33-1024x576.webp.webp?fit=1024%2C576&ssl=1&resize=700%2C400 2x"},"classes":[]},{"id":75792,"url":"https:\/\/noticiasribeiraopreto.com.br\/index.php\/2025\/08\/15\/ana-pink-e-presa-novamente\/","url_meta":{"origin":75783,"position":2},"title":"Ana Pink \u00e9 presa novamente","author":"noticiasribeiraopreto.com.br","date":"15 de August de 2025","format":false,"excerpt":"Influenciadora trocou casa, em condom\u00ednio de alto luxo, por cela na Penitenci\u00e1ria Feminina de Ribeir\u00e3o Preto 15 de agosto de 2025 12:591 Compartilhar0 Por: Adalberto Luque A blogueira e influenciadora Ana Paula Ferreira, conhecida por Ana Pink, voltou a ser presa, no final da tarde desta quinta-feira (14). De acordo\u2026","rel":"","context":"In &quot;Not\u00edcias de Ribeir\u00e3o Preto-SP e Regi\u00e3o&quot;","block_context":{"text":"Not\u00edcias de Ribeir\u00e3o Preto-SP e Regi\u00e3o","link":"https:\/\/noticiasribeiraopreto.com.br\/index.php\/category\/noticias-de-ribeirao-preto-sp-e-regiao-ismael-colosi\/"},"img":{"alt_text":"","src":"https:\/\/i0.wp.com\/noticiasribeiraopreto.com.br\/wp-content\/uploads\/2025\/08\/15-ago-2025-anapinkemaik.jpg?fit=984%2C616&ssl=1&resize=350%2C200","width":350,"height":200,"srcset":"https:\/\/i0.wp.com\/noticiasribeiraopreto.com.br\/wp-content\/uploads\/2025\/08\/15-ago-2025-anapinkemaik.jpg?fit=984%2C616&ssl=1&resize=350%2C200 1x, https:\/\/i0.wp.com\/noticiasribeiraopreto.com.br\/wp-content\/uploads\/2025\/08\/15-ago-2025-anapinkemaik.jpg?fit=984%2C616&ssl=1&resize=525%2C300 1.5x, https:\/\/i0.wp.com\/noticiasribeiraopreto.com.br\/wp-content\/uploads\/2025\/08\/15-ago-2025-anapinkemaik.jpg?fit=984%2C616&ssl=1&resize=700%2C400 2x"},"classes":[]},{"id":76149,"url":"https:\/\/noticiasribeiraopreto.com.br\/index.php\/2025\/08\/22\/justica-nega-liberdade-a-influenciadora-ana-pink-por-descumprir-prisao-domiciliar\/","url_meta":{"origin":75783,"position":3},"title":"Justi\u00e7a nega liberdade a influenciadora Ana Pink por descumprir pris\u00e3o domiciliar","author":"noticiasribeiraopreto.com.br","date":"22 de August de 2025","format":false,"excerpt":"O Tribunal de Justi\u00e7a de S\u00e3o Paulo (TJ-SP) negou o pedido de liberdade apresentado pela defesa da influenciadora digital e empres\u00e1ria Ana Pink, presa na semana passada por descumprir as medidas cautelares da pris\u00e3o domiciliar. De acordo com o Minist\u00e9rio P\u00fablico (MP), Ana Paula Ferreira deixou a resid\u00eancia por diversas\u2026","rel":"","context":"In &quot;Not\u00edcias de Ribeir\u00e3o Preto-SP e Regi\u00e3o&quot;","block_context":{"text":"Not\u00edcias de Ribeir\u00e3o Preto-SP e Regi\u00e3o","link":"https:\/\/noticiasribeiraopreto.com.br\/index.php\/category\/noticias-de-ribeirao-preto-sp-e-regiao-ismael-colosi\/"},"img":{"alt_text":"","src":"https:\/\/i0.wp.com\/noticiasribeiraopreto.com.br\/wp-content\/uploads\/2025\/08\/ANA-PINK_2025-08-15_15-08-57.webp.webp?fit=1200%2C799&ssl=1&resize=350%2C200","width":350,"height":200,"srcset":"https:\/\/i0.wp.com\/noticiasribeiraopreto.com.br\/wp-content\/uploads\/2025\/08\/ANA-PINK_2025-08-15_15-08-57.webp.webp?fit=1200%2C799&ssl=1&resize=350%2C200 1x, https:\/\/i0.wp.com\/noticiasribeiraopreto.com.br\/wp-content\/uploads\/2025\/08\/ANA-PINK_2025-08-15_15-08-57.webp.webp?fit=1200%2C799&ssl=1&resize=525%2C300 1.5x, https:\/\/i0.wp.com\/noticiasribeiraopreto.com.br\/wp-content\/uploads\/2025\/08\/ANA-PINK_2025-08-15_15-08-57.webp.webp?fit=1200%2C799&ssl=1&resize=700%2C400 2x, https:\/\/i0.wp.com\/noticiasribeiraopreto.com.br\/wp-content\/uploads\/2025\/08\/ANA-PINK_2025-08-15_15-08-57.webp.webp?fit=1200%2C799&ssl=1&resize=1050%2C600 3x"},"classes":[]},{"id":76117,"url":"https:\/\/noticiasribeiraopreto.com.br\/index.php\/2025\/08\/22\/justica-nega-pedido-de-prisao-domiciliar-para-ana-pink\/","url_meta":{"origin":75783,"position":4},"title":"Justi\u00e7a nega pedido de pris\u00e3o domiciliar para Ana Pink","author":"noticiasribeiraopreto.com.br","date":"22 de August de 2025","format":false,"excerpt":"Influenciadora est\u00e1 presa desde 14 de agosto por ter descumprido regras de pris\u00e3o domiciliar 22 de agosto de 2025 12:303 Compartilhar0 Por: Adalberto Luque A Justi\u00e7a de Ribeir\u00e3o Preto negou o pedido para que Ana Pink volte a cumprir pris\u00e3o domiciliar. A blogueira e influenciadora digital Ana Paula Ferreira, conhecida\u2026","rel":"","context":"In &quot;Not\u00edcias de Ribeir\u00e3o Preto-SP e Regi\u00e3o&quot;","block_context":{"text":"Not\u00edcias de Ribeir\u00e3o Preto-SP e Regi\u00e3o","link":"https:\/\/noticiasribeiraopreto.com.br\/index.php\/category\/noticias-de-ribeirao-preto-sp-e-regiao-ismael-colosi\/"},"img":{"alt_text":"","src":"https:\/\/i0.wp.com\/noticiasribeiraopreto.com.br\/wp-content\/uploads\/2025\/08\/22-ago-2025-anapink1.jpg?fit=1068%2C711&ssl=1&resize=350%2C200","width":350,"height":200,"srcset":"https:\/\/i0.wp.com\/noticiasribeiraopreto.com.br\/wp-content\/uploads\/2025\/08\/22-ago-2025-anapink1.jpg?fit=1068%2C711&ssl=1&resize=350%2C200 1x, https:\/\/i0.wp.com\/noticiasribeiraopreto.com.br\/wp-content\/uploads\/2025\/08\/22-ago-2025-anapink1.jpg?fit=1068%2C711&ssl=1&resize=525%2C300 1.5x, https:\/\/i0.wp.com\/noticiasribeiraopreto.com.br\/wp-content\/uploads\/2025\/08\/22-ago-2025-anapink1.jpg?fit=1068%2C711&ssl=1&resize=700%2C400 2x, https:\/\/i0.wp.com\/noticiasribeiraopreto.com.br\/wp-content\/uploads\/2025\/08\/22-ago-2025-anapink1.jpg?fit=1068%2C711&ssl=1&resize=1050%2C600 3x"},"classes":[]},{"id":76295,"url":"https:\/\/noticiasribeiraopreto.com.br\/index.php\/2025\/08\/26\/bens-bloqueados-de-ana-pink-serao-leiloados\/","url_meta":{"origin":75783,"position":5},"title":"Bens bloqueados de Ana Pink ser\u00e3o leiloados","author":"noticiasribeiraopreto.com.br","date":"26 de August de 2025","format":false,"excerpt":"Por: Adalberto Luque O Tribunal de Justi\u00e7a de S\u00e3o Paulo (TJSP) determinou o leil\u00e3o de bens que pertencem \u00e0 influenciadora digital Ana Paula Ferreira, conhecida por Ana Pink. A lista de bens est\u00e1 avaliada em aproximadamente R$ 13 milh\u00f5es. De acordo com a Justi\u00e7a, os bens foram bloqueados para garantir\u2026","rel":"","context":"In &quot;Not\u00edcias de Ribeir\u00e3o Preto-SP e Regi\u00e3o&quot;","block_context":{"text":"Not\u00edcias de Ribeir\u00e3o Preto-SP e Regi\u00e3o","link":"https:\/\/noticiasribeiraopreto.com.br\/index.php\/category\/noticias-de-ribeirao-preto-sp-e-regiao-ismael-colosi\/"},"img":{"alt_text":"","src":"https:\/\/i0.wp.com\/noticiasribeiraopreto.com.br\/wp-content\/uploads\/2025\/08\/26-ago-2025-anapink2.jpg?fit=938%2C616&ssl=1&resize=350%2C200","width":350,"height":200,"srcset":"https:\/\/i0.wp.com\/noticiasribeiraopreto.com.br\/wp-content\/uploads\/2025\/08\/26-ago-2025-anapink2.jpg?fit=938%2C616&ssl=1&resize=350%2C200 1x, https:\/\/i0.wp.com\/noticiasribeiraopreto.com.br\/wp-content\/uploads\/2025\/08\/26-ago-2025-anapink2.jpg?fit=938%2C616&ssl=1&resize=525%2C300 1.5x, https:\/\/i0.wp.com\/noticiasribeiraopreto.com.br\/wp-content\/uploads\/2025\/08\/26-ago-2025-anapink2.jpg?fit=938%2C616&ssl=1&resize=700%2C400 2x"},"classes":[]}],"jetpack_sharing_enabled":true,"jetpack_shortlink":"https:\/\/wp.me\/peQAOb-jIj","_links":{"self":[{"href":"https:\/\/noticiasribeiraopreto.com.br\/index.php\/wp-json\/wp\/v2\/posts\/75783","targetHints":{"allow":["GET"]}}],"collection":[{"href":"https:\/\/noticiasribeiraopreto.com.br\/index.php\/wp-json\/wp\/v2\/posts"}],"about":[{"href":"https:\/\/noticiasribeiraopreto.com.br\/index.php\/wp-json\/wp\/v2\/types\/post"}],"author":[{"embeddable":true,"href":"https:\/\/noticiasribeiraopreto.com.br\/index.php\/wp-json\/wp\/v2\/users\/1"}],"replies":[{"embeddable":true,"href":"https:\/\/noticiasribeiraopreto.com.br\/index.php\/wp-json\/wp\/v2\/comments?post=75783"}],"version-history":[{"count":0,"href":"https:\/\/noticiasribeiraopreto.com.br\/index.php\/wp-json\/wp\/v2\/posts\/75783\/revisions"}],"wp:attachment":[{"href":"https:\/\/noticiasribeiraopreto.com.br\/index.php\/wp-json\/wp\/v2\/media?parent=75783"}],"wp:term":[{"taxonomy":"category","embeddable":true,"href":"https:\/\/noticiasribeiraopreto.com.br\/index.php\/wp-json\/wp\/v2\/categories?post=75783"},{"taxonomy":"post_tag","embeddable":true,"href":"https:\/\/noticiasribeiraopreto.com.br\/index.php\/wp-json\/wp\/v2\/tags?post=75783"}],"curies":[{"name":"wp","href":"https:\/\/api.w.org\/{rel}","templated":true}]}}