{"id":75784,"date":"2025-08-15T12:23:53","date_gmt":"2025-08-15T15:23:53","guid":{"rendered":"https:\/\/noticiasribeiraopreto.com.br\/index.php\/2025\/08\/15\/shows-parada-e-fil-veja-o-que-acontece-neste-fim-de-semana-em-ribeirao-e-regiao\/"},"modified":"2025-08-15T12:23:53","modified_gmt":"2025-08-15T15:23:53","slug":"shows-parada-e-fil-veja-o-que-acontece-neste-fim-de-semana-em-ribeirao-e-regiao","status":"publish","type":"post","link":"https:\/\/noticiasribeiraopreto.com.br\/index.php\/2025\/08\/15\/shows-parada-e-fil-veja-o-que-acontece-neste-fim-de-semana-em-ribeirao-e-regiao\/","title":{"rendered":"Shows, Parada e FIL: veja o que acontece neste fim de semana em Ribeir\u00e3o e regi\u00e3o"},"content":{"rendered":"<div class='code-block code-block-1' style='margin: 8px 0 8px auto; text-align: right; display: block; clear: both;'>\n<p><a href=\"https:\/\/wa.link\/vpicfd\"><img data-recalc-dims=\"1\" class=\"wp-image-4922\" style=\"aspect-ratio: 2.0253164556962027; width: 561px; height: auto;\" src=\"https:\/\/i0.wp.com\/ismaelcolosi.com.br\/wp-content\/uploads\/2023\/11\/grupo-de-empregos-whatsapp-e-facebook-ismael-colosi-vagas.jpg?ssl=1\" alt=\"\" \/><\/a><\/p>\n<!-- \/wp:image -->\n<\/div>\n<p> <br \/>\n<\/p>\n<div>\n<p>Neste fim de semana, <strong>Ribeir\u00e3o Preto<\/strong> e regi\u00e3o oferece diversas op\u00e7\u00f5es culturais para quem deseja aproveitar fora de casa. Nesta <strong>sexta-feira (15)<\/strong>, acontece a edi\u00e7\u00e3o da Nugroove \u201c<strong>Sintonia \u2013 A Festa<\/strong>\u201d e a abertura da<strong> FIL (Feira Internacional do Livro de Ribeir\u00e3o Preto)<\/strong>. No <strong>domingo (17)<\/strong>, acontece a <strong>21\u00aa Parada LGBTQIAPN+ de Ribeir\u00e3o Preto<\/strong>.<\/p>\n<h2 class=\"wp-block-heading\"><strong>Sintonia \u2013 A Festa<\/strong><\/h2>\n<p>A nova edi\u00e7\u00e3o da<strong> Nugroove<\/strong> apresenta \u201cSintonia \u2013 A Festa\u201d nesta sexta-feira (15), no Goa Lounge. A line-up do evento conta com o DJ KL Jay, DJ Will, DJ Kalfani, DJ Ajamu e DJ Robsom Selectah. Os ingressos podem ser adquiridos pela internet (<a href=\"https:\/\/www.sympla.com.br\/evento\/nugroove-apresenta-sintonia-goa\/3059386\" data-type=\"link\" data-id=\"https:\/\/www.sympla.com.br\/evento\/nugroove-apresenta-sintonia-goa\/3059386\" target=\"_blank\" rel=\"noopener\">clique aqui<\/a>) por R$ 40.<\/p>\n<p><strong>Quando: <\/strong>15 de agosto, sexta-feira<br \/><strong>Hor\u00e1rio:<\/strong> 19h \u00e0s 3h<br \/><strong>Local:<\/strong> Goa Lounge | rua Comandante Marcondes Salgado, 1621 \u2013 Jardim Sumar\u00e9<br \/><strong>Ingressos:<\/strong> A partir de R$ 40<\/p>\n<h2 class=\"wp-block-heading\"><strong>21\u00aa Parada LGBTQIAPN+ de Ribeir\u00e3o Preto<\/strong><\/h2>\n<p>A <strong>21\u00aa edi\u00e7\u00e3o da Parada do Orgulho LGBTQIAPN+<\/strong>\u00a0de\u00a0<strong>Ribeir\u00e3o Preto acontece neste domingo (17)<\/strong><strong>, a partir das 13h, <\/strong>no cruzamento das<strong>\u00a0avenidas Presidente Vargas\u00a0<\/strong>e<strong>\u00a0Jo\u00e3o Fi\u00fasa<\/strong>, na\u00a0<strong>zona Sul\u00a0<\/strong>da cidade. O trajeto da parada ser\u00e1 acompanhado por dois trios el\u00e9tricos, seguir\u00e1 pelas<strong>\u00a0avenidas Ant\u00f4nio Diederichsen\u00a0<\/strong>e<strong>\u00a09 de Julho\u00a0<\/strong>at\u00e9 a\u00a0<strong>Pra\u00e7a Jo\u00e3o Marchesi<\/strong>, no\u00a0<strong>Jardim S\u00e3o Luiz<\/strong>, onde acontecer\u00e3o apresenta\u00e7\u00f5es de\u00a0<strong>18 atra\u00e7\u00f5es\u00a0<\/strong>art\u00edsticas selecionadas entre drags, DJs e cantores.<strong\/><\/p>\n<p><strong>Quando:<\/strong> 17 de agosto, domingo<br \/><strong>Hor\u00e1rio:<\/strong> A partir das 13h<br \/><strong>Gratuito<\/strong><\/p>\n<h2 class=\"wp-block-heading\"><strong>Feira Internacional do Livro<\/strong><\/h2>\n<p>A abertura da <strong>24\u00aa Feira Internacional do Livro de Ribeir\u00e3o Preto<\/strong>\u00a0acontece nesta <strong>sexta-feira (15)<\/strong>, a partir das\u00a0<strong>19h30<\/strong>, na sala principal do\u00a0<strong>Theatro Pedro II. <\/strong><strong>A programa\u00e7\u00e3o segue no s\u00e1bado (16) e domingo (17) com espet\u00e1culos, bate-papos, conferencia e lan\u00e7amento de jogo. <\/strong><a href=\"https:\/\/drive.google.com\/file\/d\/1ccuUm--cD83UPitwN-6XofOO0Vcs_C31\/view\" target=\"_blank\" rel=\"noreferrer noopener\">Clique aqui<\/a>\u00a0e veja a programa\u00e7\u00e3o completa.<\/p>\n<p><strong>Quando:<\/strong> 12 e 13 de julho, s\u00e1bado e domingo<br \/><strong>Hor\u00e1rio:<\/strong> Sexta-feira (15) \u00e0s 19h; s\u00e1bado (16) a partir das 8h e domingo (17) a partir das 9h<br \/><strong>Gratuito<\/strong><\/p>\n<h2 class=\"wp-block-heading\"><strong>Exposi\u00e7\u00e3o de Carros Modificado<\/strong><strong\/><\/h2>\n<p>O <strong>Novo Shopping<\/strong>, em\u00a0<strong>Ribeir\u00e3o Preto <\/strong><strong>recebe <\/strong>uma exposi\u00e7\u00e3o de carros modificados. O evento vai at\u00e9 o dia\u00a0<strong>24 de agosto<\/strong>. Entre os modelos em exposi\u00e7\u00e3o, o destaque \u00e9 o \u201cLow Ride\u201d, um carro importado, antigo e modificado que chama aten\u00e7\u00e3o ao levantar a suspens\u00e3o.<\/p>\n<p><strong>Quando:<\/strong>\u00a09 a 24 de agosto \u00a0<br \/><strong>Hor\u00e1rio:<\/strong>\u00a010h \u00e0s 22h<br \/><strong>Local:<\/strong>\u00a0Novo Shopping | avenida Presidente Kennedy, 1.500 \u2013 Ribeir\u00e2nia \u00a0\u2013 Ribeir\u00e3o Preto<br \/><strong>Entrada gratuita<\/strong><\/p>\n<h2 class=\"wp-block-heading\"><strong>Que tal o imposs\u00edvel?<\/strong><\/h2>\n<p>Nesta <strong>sexta-feira (11)<\/strong> e no <strong>s\u00e1bado (12)<\/strong>, \u00e0s <strong>20h<\/strong> e <strong>domingo (13)<\/strong>, \u00e0s <strong>19h<\/strong>, o <strong>Sesi Ribeir\u00e3o Preto<\/strong> recebe o espet\u00e1culo de dan\u00e7a contempor\u00e2nea \u201c<strong>Que tal o imposs\u00edvel?<\/strong>\u201d, \u00a0inspirado na m\u00fasica de mesmo nome de <strong>Itamar Assump\u00e7\u00e3o<\/strong>. O ingressos \u00e9 gratuito e deve ser retirado no site\u00a0<a href=\"https:\/\/click.cse360.com.br\/Click\/AddCampaignEmailClick\/bec38bab-a424-4888-d8a9-08ddd91936c7\/https%253a%252f%252fwww.sesisp.org.br%252fevento%252f7693b07a-c42a-4ff8-8134-b404d51f91bd%252fque-tal-o-impossivel\/58ff2775-1ad7-46e9-92d6-4522abcb9284\/jornalismo.ribeirao@acidadeon.com\/True\" target=\"_blank\" rel=\"noreferrer noopener\"><strong>Meu Sesi<\/strong><\/a>.<\/p>\n<p>Al\u00e9m disso, no <strong>s\u00e1bado (16)<\/strong>, a companhia\u00a0<strong>Cisne Negro<\/strong>\u00a0tamb\u00e9m vai oferecer uma\u00a0<strong>oficina gratuita de dan\u00e7as de bal\u00e9 africano<\/strong>, com express\u00f5es corporais tradicionais das aldeias e dos bal\u00e9s nacionais da\u00a0<strong>Rep\u00fablica da Guin\u00e9<\/strong>. A atividade \u00e9 recomendada para\u00a0<strong>maiores de 16 anos<\/strong>\u00a0e as vagas s\u00e3o limitadas, sendo necess\u00e1rio reservar antecipadamente no\u00a0<a href=\"https:\/\/click.cse360.com.br\/Click\/AddCampaignEmailClick\/bec38bab-a424-4888-d8a9-08ddd91936c7\/https%253a%252f%252fwww.sesisp.org.br%252fevento%252fc56319b7-d8ee-4cca-b0fb-e8b63e33e064%252fdancas-de-bale-africano\/58ff2775-1ad7-46e9-92d6-4522abcb9284\/jornalismo.ribeirao@acidadeon.com\/True\" target=\"_blank\" rel=\"noreferrer noopener\"><strong>Meu Sesi<\/strong><\/a>.\u00a0<\/p>\n<p><strong>Quando:\u00a0<\/strong>11, 12 e 13 de julho \u00a0\u00a0\u00a0<strong><br \/>Hor\u00e1rio:<\/strong>\u00a0\u00c0s 19h e \u00e0s 20h \u00a0<strong><br \/>Local:<\/strong>\u00a0Sesi Ribeir\u00e3o Preto<br \/><strong>Entrada gratuita <\/strong><strong>\u00a0<\/strong><\/p>\n<h2 class=\"wp-block-heading\"><strong>Conceitos<\/strong><\/h2>\n<p>O <strong>Shopping Santa \u00darsula<\/strong>, no Centro de\u00a0<strong>Ribeir\u00e3o Preto<\/strong>, recebe\u00a0<strong>at\u00e9 o dia 29 de setembro<\/strong>, re\u00fane obras de dez artistas de Ribeir\u00e3o Preto e regi\u00e3o, cada um com duas cria\u00e7\u00f5es, que revelam suas interpreta\u00e7\u00f5es \u00fanicas da realidade. A\u00a0<strong>visita\u00e7\u00e3o \u00e9 gratuita<\/strong>\u00a0e aberta ao p\u00fablico durante o hor\u00e1rio de funcionamento do estabelecimento.<\/p>\n<p><strong>Quando:\u00a0<\/strong>at\u00e9 29 de setembro<strong><br \/>Hor\u00e1rio:<\/strong> segunda a s\u00e1bado das 9h \u00e0s 21 e domingos e feriados das 11h \u00e0s 21h<strong><br \/>Local:\u00a0<\/strong>Shopping Santa \u00darsula | rua S\u00e3o Jos\u00e9, 933 \u2013 Higen\u00f3polis \u2013 Ribeir\u00e3o Preto. \u00a0\u00a0<strong><br \/>Entrada gratuita <\/strong><\/p>\n<h2 class=\"wp-block-heading\"><strong>Arigat\u00f4\u2026 Sayonara<\/strong><strong\/><\/h2>\n<p>O\u00a0<strong>Teatro Municipal de Ribeir\u00e3o Preto<\/strong>\u00a0recebe neste\u00a0<strong>domingo (17)<\/strong>, \u00e0s\u00a0<strong>18h<\/strong>, o<strong> <\/strong>espet\u00e1culo de dan\u00e7a \u201c<strong>Arigat\u00f4\u2026 Sayonara<\/strong>\u201d, que narra a historia da imigra\u00e7\u00e3o japonesa no\u00a0<strong>Brasil<\/strong>. Al\u00e9m disso, tamb\u00e9m acontece uma oficina de dan\u00e7a contempor\u00e2nea\u00a0<strong>gratuita<\/strong>\u00a0ministrada pelo grupo das\u00a0<strong>10h \u00e0s 11h30<\/strong>, no\u00a0<strong>Espa\u00e7o Dania Amaral, na rua Humait\u00e1, 313<\/strong>.<\/p>\n<p><strong>Quando:\u00a0<\/strong>13 de julho, domingo<strong><br \/>Hor\u00e1rio:\u00a0<\/strong>16h<strong><br \/>Local:\u00a0<\/strong>Sesi Ribeir\u00e3o Preto \u2013 Ribeir\u00e3o Preto.<br \/><strong>Entrada gratuita \u00a0<\/strong><\/p>\n<h2 class=\"wp-block-heading\"><strong>Frescores<\/strong><\/h2>\n<p>Nesta sexta-feira (15), a partir das 20h, acontece a Frescores, um evento com muita m\u00fasica. Integram o line-up, Exu Selecta com sua sele\u00e7\u00e3o brazuca 100% vinil. A noite segue com os shows de Soulsticio e Katarin e da cantora paulistana Marina Melo. O evento tamb\u00e9m contar\u00e1 com venda de drinks. Os ingressos podem ser adquiridos por R$ 15, via PIX (<strong>eu.katarin@gmail.com<\/strong>).<\/p>\n<p><strong>Quando:<\/strong> 15 de agosto, sexta-feira<br \/><strong>Hor\u00e1rio:<\/strong> A partir das 20h<br \/><strong>Local: <\/strong>Rua Appa 1397, Monte Alegre \u2013 Ribeir\u00e3o Preto<br \/><strong>Ingressos:<\/strong> R$ 15<\/p>\n<h2 class=\"wp-block-heading\"><strong>Josiel Konrad<\/strong><\/h2>\n<p>O trombonista, cantor e compositor <strong>Josiel Konrad<\/strong> apresenta as faixas de seu novo \u00e1lbum \u201c<strong>Boca no Trombone<\/strong>\u201d nesta <strong>sexta-feira (15)<\/strong>, na <strong>tenda do Sesc Senac<\/strong>, a partir das <strong>18h30<\/strong>. O show combina elementos de m\u00fasica popular, funk carioca e jazz contempor\u00e2neo. A entrada \u00e9 <strong>gratuita<\/strong> e o evento contar\u00e1 com recursos de acessibilidade.<\/p>\n<p><strong>Quando: <\/strong>15 de agosto, sexta-feira<strong><br \/>Hor\u00e1rio:<\/strong> 18h30<br \/><strong>Local:<\/strong> Tenda Sesc Senac na Feira Internacional do Livro \u00a0\u00a0\u00a0\u2013 Ribeir\u00e3o Preto.<br \/><strong>Entrada gratuita<\/strong><\/p>\n<h2 class=\"wp-block-heading\"><strong>Quintal do Nego Doce<\/strong><\/h2>\n<p>No\u00a0<strong>domingo (17)<\/strong>, das 15h \u00e0s 21h, acontece a roda de samba \u201c<strong>Quintal do Nego Doce<\/strong>\u201d, na <strong>F\u00e1brica dos Extintores<\/strong>. Os ingressos podem ser adquiridos\u00a0<strong>on-line<\/strong>\u00a0<a href=\"https:\/\/www.sympla.com.br\/evento\/quintal-do-nego-doce\/3050511\" target=\"_blank\" rel=\"noreferrer noopener\">(clique aqui)<\/a>, por <strong>R$ 35<\/strong>. O repert\u00f3rio conta com can\u00e7\u00f5es de samba e pagode.<\/p>\n<p><strong>\u00a0Quando: <\/strong>17 de agosto, domingo \u00a0<strong><br \/>Hor\u00e1rio:<\/strong> 15h \u00e0s 21h <strong><br \/>Local:\u00a0<\/strong>F\u00e1brica dos Extintores | rua Fl\u00e1vio Uch\u00f4a, 2.151 \u2013 Campos El\u00edseos \u00a0\u2013 Ribeir\u00e3o Preto.\u00a0\u00a0\u00a0\u00a0<strong><br \/>Entrada gratuita<\/strong><\/p>\n<h2 class=\"wp-block-heading\"><strong>Elas fazem sonhos<\/strong><\/h2>\n<p>O grupo <strong>Girasonhos<\/strong> apresenta o espet\u00e1culo que presta homenagem a algumas das principais autoras que s\u00e3o refer\u00eancias na literatura infantil brasileira. O passeio re\u00fane \u201cBom dia todas as cores\u201d, de <strong>Ruth Rocha<\/strong>, \u201cO Circo da Lua\u201d, de <strong>Eva Furnari<\/strong> e o conto \u201cOpera\u00e7\u00e3o de Tio Onofre\u201d, de <strong>Tatiana Belinky<\/strong>. <\/p>\n<p><strong>Quando: <\/strong>16 e 17 de agosto, s\u00e1bado e domingo<strong><br \/>Hor\u00e1rio:<\/strong>\u00a010h30<strong><br \/>Local:\u00a0<\/strong>Tenda Sesc Senac na Feira Internacional do Livro \u2013 Ribeir\u00e3o Preto.\u00a0\u00a0\u00a0<br \/><strong>Gratuito <\/strong><\/p>\n<h2 class=\"wp-block-heading\"><strong>Black Index<\/strong><\/h2>\n<p>A banda <strong>Black Index <\/strong>est\u00e1 de volta ao bar The Roots, em <strong>Franca<\/strong>. Formada por Andr\u00e9 Canto (baixo e vocal), Z\u00e9 Roberto (Vocal), Gustavo Martins (guitarra e vocal), Gil Reis (teclado e vocal) e Bruno Bertoni (bateria), a banda traz para o show influ\u00eancias do rock e pop rock. Os ingressos podem ser adquiridos on-line <a href=\"https:\/\/www.sympla.com.br\/evento\/black-index\/3069616\" target=\"_blank\" rel=\"noopener\">(clique aqui<\/a>), por R$ 20.<\/p>\n<p><strong>Quando: <\/strong>15 de agosto, sexta-feira \u00a0<strong><br \/>Hor\u00e1rio:\u00a0<\/strong>A partir das 20h <strong><br \/>Local:\u00a0<\/strong><strong>The Roots<\/strong><strong> | <\/strong>rua Pernambuco, 1.177 \u2013 Vila Aparecida, Franca <strong><br \/>Ingressos: <\/strong><strong>A partir de R$ 20<\/strong><\/p>\n<h2 class=\"wp-block-heading\"><strong>Cinderella \u2013 O Musical<\/strong><\/h2>\n<p>O espet\u00e1culo apresentado por alunos do <strong>Espa\u00e7o Cultural Leonardo Rodrigues<\/strong> chega ao <strong>Teatro Marista<\/strong>, neste <strong>s\u00e1bado (16)<\/strong>, \u00e0s <strong>16h<\/strong>. A remontagem do cl\u00e1ssico da Disney, traz novidades para a hist\u00f3ria de <strong>Cinderella<\/strong>, que vive o dilema de sempre ter que submeter \u00e0 sua madrasta, e acaba perdendo a esperan\u00e7a de ser feliz. Mas, uma fada madrinha provoca uma mudan\u00e7a em seu destino. Os ingressos podem ser adquirido <a href=\"https:\/\/www.sympla.com.br\/evento\/cinderella-o-musical\/2989428\" target=\"_blank\" rel=\"noopener\">on-line (clique aqui)<\/a>, a partir de <strong>R$ 30<\/strong>.<\/p>\n<p><strong>Quando: <\/strong>16 de agosto, s\u00e1bado <strong><br \/>Hor\u00e1rio:<\/strong>\u00a016h \u00a0<strong><br \/>Local:\u00a0<\/strong>Teatro Marista | rua Comandante Marcondes Salgado, 1280 \u2013 Centro \u2013 Ribeir\u00e3o Preto.<br \/><strong>Ingressos: <\/strong>A partir de R$ 30<\/p>\n<p>SAIBA MAIS<br \/>Enxame de abelhas provoca interdi\u00e7\u00e3o de parque em Ribeir\u00e3o Preto<\/p>\n<h3 class=\"wp-block-heading\"><strong>FIQUE ON\u00a0\u00a0\u00a0\u00a0\u00a0\u00a0\u00a0\u00a0\u00a0<\/strong><\/h3>\n<p>Quer ficar por dentro de tudo que acontece em Ribeir\u00e3o Preto e regi\u00e3o? Ent\u00e3o siga os perfis do\u202facidade on\u202fno\u202f<a href=\"https:\/\/www.instagram.com\/acidadeonribeirao\" target=\"_blank\" rel=\"noreferrer noopener\">Instagram<\/a>\u202fe no\u202f<a href=\"https:\/\/www.facebook.com\/acidadeonribeirao\/\" target=\"_blank\" rel=\"noreferrer noopener\">Facebook<\/a>.<\/p>\n<p>Al\u00e9m disso, voc\u00ea pode receber as principais not\u00edcias diretamente no WhatsApp. Para isso, basta\u00a0<a href=\"https:\/\/chat.whatsapp.com\/BjKQZ9oJwlz8VVT50NuePq\" target=\"_blank\" rel=\"noreferrer noopener\">entrar no grupo clicando aqui<\/a>.<\/p>\n<p>Por fim, se quiser fazer uma den\u00fancia ou sugerir uma reportagem sobre Ribeir\u00e3o Preto e regi\u00e3o, envie uma mensagem pelo WhatsApp: (16) 99117-7802.<\/p>\n<p>VEJA TAMB\u00c9M<br \/>Quanto tempo Hytalo Santos pode ficar preso, se considerado culpado?<\/p>\n<p><!-- AI CONTENT END 1 -->\n<\/div>\n<p><script async src=\"\/\/www.instagram.com\/embed.js\"><\/script><br \/>\n<br \/><br \/>\n<br \/><a href=\"https:\/\/www.acidadeon.com\/ribeiraopreto\/lazer-e-cultura\/shows-parada-e-fil-veja-o-que-acontece-neste-fim-de-semana-em-ribeirao-e-regiao\/\">Source link <\/a><\/p>\n<!-- CONTENT END 1 -->\n","protected":false},"excerpt":{"rendered":"<p>Neste fim de semana, Ribeir\u00e3o Preto e regi\u00e3o oferece diversas op\u00e7\u00f5es culturais para quem deseja aproveitar fora de casa. Nesta sexta-feira (15), acontece a edi\u00e7\u00e3o&#8230;<\/p>\n","protected":false},"author":1,"featured_media":75785,"comment_status":"open","ping_status":"open","sticky":false,"template":"","format":"standard","meta":{"advanced_seo_description":"","jetpack_seo_html_title":"","jetpack_seo_noindex":false,"jetpack_post_was_ever_published":false,"_jetpack_newsletter_access":"","_jetpack_dont_email_post_to_subs":false,"_jetpack_newsletter_tier_id":0,"_jetpack_memberships_contains_paywalled_content":false,"_jetpack_memberships_contains_paid_content":false,"footnotes":"","jetpack_publicize_message":"","jetpack_publicize_feature_enabled":true,"jetpack_social_post_already_shared":true,"jetpack_social_options":{"image_generator_settings":{"template":"highway","default_image_id":0,"font":"","enabled":false},"version":2}},"categories":[11],"tags":[],"class_list":["post-75784","post","type-post","status-publish","format-standard","has-post-thumbnail","hentry","category-noticias-de-ribeirao-preto-sp-e-regiao-ismael-colosi"],"jetpack_publicize_connections":[],"jetpack_featured_media_url":"https:\/\/i0.wp.com\/noticiasribeiraopreto.com.br\/wp-content\/uploads\/2025\/08\/racionais_mcs_12197960953_1_2025-03-10_14-56-34.webp.webp?fit=754%2C503&ssl=1","jetpack-related-posts":[{"id":50273,"url":"https:\/\/noticiasribeiraopreto.com.br\/index.php\/2024\/05\/15\/dj-kl-jay-do-racionais-mcs-se-apresenta-em-ribeirao-preto\/","url_meta":{"origin":75784,"position":0},"title":"DJ KL Jay, do Racionais MCs, se apresenta em Ribeir\u00e3o Preto","author":"noticiasribeiraopreto.com.br","date":"15 de May de 2024","format":false,"excerpt":"O DJ KL Jay, do Racionais MCs, ir\u00e1 se apresentar no Festival Nugroove, edi\u00e7\u00e3o \u201cNois Por Nois\u201c, que acontece nesta sexta-feira (17), a partir das 22h, na Esta\u00e7\u00e3o Mangueira, em Ribeir\u00e3o Preto. KL Jay \u00e9 o respons\u00e1vel pela cria\u00e7\u00e3o das batidas das m\u00fasicas do maior grupo de rap do Brasil.\u2026","rel":"","context":"In &quot;Not\u00edcias de Ribeir\u00e3o Preto-SP e Regi\u00e3o&quot;","block_context":{"text":"Not\u00edcias de Ribeir\u00e3o Preto-SP e Regi\u00e3o","link":"https:\/\/noticiasribeiraopreto.com.br\/index.php\/category\/noticias-de-ribeirao-preto-sp-e-regiao-ismael-colosi\/"},"img":{"alt_text":"","src":"https:\/\/i0.wp.com\/noticiasribeiraopreto.com.br\/wp-content\/uploads\/2024\/05\/KL-JAY_2024-05-15_14-40-01_jpg_2024-05-15_14-40-01.webp.webp?fit=950%2C627&ssl=1&resize=350%2C200","width":350,"height":200,"srcset":"https:\/\/i0.wp.com\/noticiasribeiraopreto.com.br\/wp-content\/uploads\/2024\/05\/KL-JAY_2024-05-15_14-40-01_jpg_2024-05-15_14-40-01.webp.webp?fit=950%2C627&ssl=1&resize=350%2C200 1x, https:\/\/i0.wp.com\/noticiasribeiraopreto.com.br\/wp-content\/uploads\/2024\/05\/KL-JAY_2024-05-15_14-40-01_jpg_2024-05-15_14-40-01.webp.webp?fit=950%2C627&ssl=1&resize=525%2C300 1.5x, https:\/\/i0.wp.com\/noticiasribeiraopreto.com.br\/wp-content\/uploads\/2024\/05\/KL-JAY_2024-05-15_14-40-01_jpg_2024-05-15_14-40-01.webp.webp?fit=950%2C627&ssl=1&resize=700%2C400 2x"},"classes":[]},{"id":64585,"url":"https:\/\/noticiasribeiraopreto.com.br\/index.php\/2025\/03\/10\/kl-jay-do-racionais-mcs-e-atracao-confirmada-em-ribeirao-preto\/","url_meta":{"origin":75784,"position":1},"title":"KL Jay, do Racionais MC\u2019s, \u00e9 atra\u00e7\u00e3o confirmada em Ribeir\u00e3o Preto","author":"noticiasribeiraopreto.com.br","date":"10 de March de 2025","format":false,"excerpt":"O DJ KL Jay, integrante do grupo de rap\u00a0Racionais MC\u2019s, retorna a Ribeir\u00e3o Preto para a nova edi\u00e7\u00e3o do Festival Nugroove, que acontece nesta sexta-feira (14), no Goa Lounge, das 19h \u00e0s 3h. Ingressos ainda podem ser adquiridos on-line. KL Jay\u00a0\u00e9 o respons\u00e1vel pela cria\u00e7\u00e3o das batidas das m\u00fasicas do\u2026","rel":"","context":"In &quot;Not\u00edcias de Ribeir\u00e3o Preto-SP e Regi\u00e3o&quot;","block_context":{"text":"Not\u00edcias de Ribeir\u00e3o Preto-SP e Regi\u00e3o","link":"https:\/\/noticiasribeiraopreto.com.br\/index.php\/category\/noticias-de-ribeirao-preto-sp-e-regiao-ismael-colosi\/"},"img":{"alt_text":"","src":"https:\/\/i0.wp.com\/noticiasribeiraopreto.com.br\/wp-content\/uploads\/2025\/03\/kl-jay_2025-03-10_15-42-11_jpg_2025-03-10_15-42-11.webp.webp?fit=998%2C729&ssl=1&resize=350%2C200","width":350,"height":200,"srcset":"https:\/\/i0.wp.com\/noticiasribeiraopreto.com.br\/wp-content\/uploads\/2025\/03\/kl-jay_2025-03-10_15-42-11_jpg_2025-03-10_15-42-11.webp.webp?fit=998%2C729&ssl=1&resize=350%2C200 1x, https:\/\/i0.wp.com\/noticiasribeiraopreto.com.br\/wp-content\/uploads\/2025\/03\/kl-jay_2025-03-10_15-42-11_jpg_2025-03-10_15-42-11.webp.webp?fit=998%2C729&ssl=1&resize=525%2C300 1.5x, https:\/\/i0.wp.com\/noticiasribeiraopreto.com.br\/wp-content\/uploads\/2025\/03\/kl-jay_2025-03-10_15-42-11_jpg_2025-03-10_15-42-11.webp.webp?fit=998%2C729&ssl=1&resize=700%2C400 2x"},"classes":[]},{"id":56869,"url":"https:\/\/noticiasribeiraopreto.com.br\/index.php\/2024\/08\/16\/festa-do-peao-teatro-e-zeca-pagodinho-veja-as-opcoes-para-o-fim-de-semana-em-ribeirao-e-regiao\/","url_meta":{"origin":75784,"position":2},"title":"Festa do Pe\u00e3o, teatro e Zeca Pagodinho: Veja as op\u00e7\u00f5es para o fim de semana em Ribeir\u00e3o e regi\u00e3o","author":"noticiasribeiraopreto.com.br","date":"16 de August de 2024","format":false,"excerpt":"A programa\u00e7\u00e3o deste fim de semana em Ribeir\u00e3o Preto e regi\u00e3o conta com diversas atividades culturais com entrada paga e gratuita para quem n\u00e3o quer ficar parado. Entre as op\u00e7\u00f5es, est\u00e3o pe\u00e7as de teatro com Samuel de Assis, Festa do Pe\u00e3o de Barretos e show do Zeca Pagodinho. Confira: E\u2026","rel":"","context":"In &quot;Not\u00edcias de Ribeir\u00e3o Preto-SP e Regi\u00e3o&quot;","block_context":{"text":"Not\u00edcias de Ribeir\u00e3o Preto-SP e Regi\u00e3o","link":"https:\/\/noticiasribeiraopreto.com.br\/index.php\/category\/noticias-de-ribeirao-preto-sp-e-regiao-ismael-colosi\/"},"img":{"alt_text":"","src":"https:\/\/i0.wp.com\/noticiasribeiraopreto.com.br\/wp-content\/uploads\/2024\/08\/Copia-de-Copia-de-Copia-de-TAMANHO-EXATO-PARA-FOTOS-NO-SISTEMA-NOVO-3_2024-08-16_11-59-49_jpg_2024-08-16_11-59-49.webp.webp?fit=1200%2C675&ssl=1&resize=350%2C200","width":350,"height":200,"srcset":"https:\/\/i0.wp.com\/noticiasribeiraopreto.com.br\/wp-content\/uploads\/2024\/08\/Copia-de-Copia-de-Copia-de-TAMANHO-EXATO-PARA-FOTOS-NO-SISTEMA-NOVO-3_2024-08-16_11-59-49_jpg_2024-08-16_11-59-49.webp.webp?fit=1200%2C675&ssl=1&resize=350%2C200 1x, https:\/\/i0.wp.com\/noticiasribeiraopreto.com.br\/wp-content\/uploads\/2024\/08\/Copia-de-Copia-de-Copia-de-TAMANHO-EXATO-PARA-FOTOS-NO-SISTEMA-NOVO-3_2024-08-16_11-59-49_jpg_2024-08-16_11-59-49.webp.webp?fit=1200%2C675&ssl=1&resize=525%2C300 1.5x, https:\/\/i0.wp.com\/noticiasribeiraopreto.com.br\/wp-content\/uploads\/2024\/08\/Copia-de-Copia-de-Copia-de-TAMANHO-EXATO-PARA-FOTOS-NO-SISTEMA-NOVO-3_2024-08-16_11-59-49_jpg_2024-08-16_11-59-49.webp.webp?fit=1200%2C675&ssl=1&resize=700%2C400 2x, https:\/\/i0.wp.com\/noticiasribeiraopreto.com.br\/wp-content\/uploads\/2024\/08\/Copia-de-Copia-de-Copia-de-TAMANHO-EXATO-PARA-FOTOS-NO-SISTEMA-NOVO-3_2024-08-16_11-59-49_jpg_2024-08-16_11-59-49.webp.webp?fit=1200%2C675&ssl=1&resize=1050%2C600 3x"},"classes":[]},{"id":50633,"url":"https:\/\/noticiasribeiraopreto.com.br\/index.php\/2024\/05\/17\/agenda-cultural-ribeirao-tem-kl-jay-chorinho-e-diogo-nogueira-neste-final-de-semana\/","url_meta":{"origin":75784,"position":3},"title":"Agenda cultural: Ribeir\u00e3o tem KL Jay, Chorinho e Diogo Nogueira neste final de semana","author":"noticiasribeiraopreto.com.br","date":"17 de May de 2024","format":false,"excerpt":"A agenda cultural deste final de semana em Ribeir\u00e3o Preto conta com DJ KL Jay, chorinho e Diogo Nogueira. A programa\u00e7\u00e3o tem op\u00e7\u00f5es para todos os gostos e idades, com eventos gratuitas e pagos. Chorinho na 7 Evento gratuito na pra\u00e7a 7 de setembro, \u00e0s 19h. A atra\u00e7\u00e3o desta noite\u2026","rel":"","context":"In &quot;Not\u00edcias de Ribeir\u00e3o Preto-SP e Regi\u00e3o&quot;","block_context":{"text":"Not\u00edcias de Ribeir\u00e3o Preto-SP e Regi\u00e3o","link":"https:\/\/noticiasribeiraopreto.com.br\/index.php\/category\/noticias-de-ribeirao-preto-sp-e-regiao-ismael-colosi\/"},"img":{"alt_text":"","src":"https:\/\/i0.wp.com\/noticiasribeiraopreto.com.br\/wp-content\/uploads\/2024\/05\/Copia-de-Copia-de-TAMANHO-EXATO-PARA-FOTOS-NO-SISTEMA-NOVO-3_2024-05-17_11-48-26_jpg_2024-05-17_11-48-26.webp.webp?fit=1200%2C675&ssl=1&resize=350%2C200","width":350,"height":200,"srcset":"https:\/\/i0.wp.com\/noticiasribeiraopreto.com.br\/wp-content\/uploads\/2024\/05\/Copia-de-Copia-de-TAMANHO-EXATO-PARA-FOTOS-NO-SISTEMA-NOVO-3_2024-05-17_11-48-26_jpg_2024-05-17_11-48-26.webp.webp?fit=1200%2C675&ssl=1&resize=350%2C200 1x, https:\/\/i0.wp.com\/noticiasribeiraopreto.com.br\/wp-content\/uploads\/2024\/05\/Copia-de-Copia-de-TAMANHO-EXATO-PARA-FOTOS-NO-SISTEMA-NOVO-3_2024-05-17_11-48-26_jpg_2024-05-17_11-48-26.webp.webp?fit=1200%2C675&ssl=1&resize=525%2C300 1.5x, https:\/\/i0.wp.com\/noticiasribeiraopreto.com.br\/wp-content\/uploads\/2024\/05\/Copia-de-Copia-de-TAMANHO-EXATO-PARA-FOTOS-NO-SISTEMA-NOVO-3_2024-05-17_11-48-26_jpg_2024-05-17_11-48-26.webp.webp?fit=1200%2C675&ssl=1&resize=700%2C400 2x, https:\/\/i0.wp.com\/noticiasribeiraopreto.com.br\/wp-content\/uploads\/2024\/05\/Copia-de-Copia-de-TAMANHO-EXATO-PARA-FOTOS-NO-SISTEMA-NOVO-3_2024-05-17_11-48-26_jpg_2024-05-17_11-48-26.webp.webp?fit=1200%2C675&ssl=1&resize=1050%2C600 3x"},"classes":[]},{"id":58272,"url":"https:\/\/noticiasribeiraopreto.com.br\/index.php\/2024\/09\/23\/parque-de-ribeirao-preto-recebe-oktoberfest-nesta-semana\/","url_meta":{"origin":75784,"position":4},"title":"Parque de Ribeir\u00e3o Preto recebe \u2018Oktoberfest\u2019 nesta semana","author":"noticiasribeiraopreto.com.br","date":"23 de September de 2024","format":false,"excerpt":"A partir desta quinta-feira (26) at\u00e9 o domingo (29), o Parque Doutor Lu\u00eds Carlos Raya, em Ribeir\u00e3o Preto, recebe a Oktoberfest Ribeir\u00e3o 2024. A entrada \u00e9 gratuita. Na quinta (26) e sexta-feira (27) o evento come\u00e7a \u00e0s 16h, e, no s\u00e1bado (28) e no domingo (29), o in\u00edcio \u00e9 mais\u2026","rel":"","context":"In &quot;Not\u00edcias de Ribeir\u00e3o Preto-SP e Regi\u00e3o&quot;","block_context":{"text":"Not\u00edcias de Ribeir\u00e3o Preto-SP e Regi\u00e3o","link":"https:\/\/noticiasribeiraopreto.com.br\/index.php\/category\/noticias-de-ribeirao-preto-sp-e-regiao-ismael-colosi\/"},"img":{"alt_text":"","src":"https:\/\/i0.wp.com\/noticiasribeiraopreto.com.br\/wp-content\/uploads\/2024\/09\/img_20230525_101645713-scaled.jpg?fit=1200%2C675&ssl=1&resize=350%2C200","width":350,"height":200,"srcset":"https:\/\/i0.wp.com\/noticiasribeiraopreto.com.br\/wp-content\/uploads\/2024\/09\/img_20230525_101645713-scaled.jpg?fit=1200%2C675&ssl=1&resize=350%2C200 1x, https:\/\/i0.wp.com\/noticiasribeiraopreto.com.br\/wp-content\/uploads\/2024\/09\/img_20230525_101645713-scaled.jpg?fit=1200%2C675&ssl=1&resize=525%2C300 1.5x, https:\/\/i0.wp.com\/noticiasribeiraopreto.com.br\/wp-content\/uploads\/2024\/09\/img_20230525_101645713-scaled.jpg?fit=1200%2C675&ssl=1&resize=700%2C400 2x, https:\/\/i0.wp.com\/noticiasribeiraopreto.com.br\/wp-content\/uploads\/2024\/09\/img_20230525_101645713-scaled.jpg?fit=1200%2C675&ssl=1&resize=1050%2C600 3x"},"classes":[]},{"id":63248,"url":"https:\/\/noticiasribeiraopreto.com.br\/index.php\/2025\/02\/07\/teatro-festival-e-sarau-veja-opcoes-para-curtir-o-fim-de-semana-em-ribeirao-preto\/","url_meta":{"origin":75784,"position":5},"title":"Teatro, festival e sarau: Veja op\u00e7\u00f5es para curtir o fim de semana em Ribeir\u00e3o Preto","author":"noticiasribeiraopreto.com.br","date":"7 de February de 2025","format":false,"excerpt":"O fim de semana chegou e Ribeir\u00e3o Preto conta com atividades pagas e gratuitas para quem quiser aproveitar. Entre os destaques est\u00e3o pe\u00e7as de teatro, em destaque para o espet\u00e1culo \u201cTom na Fazenda\u201d, o festival \u201cA Uni\u00e3o Faz o Encontro\u201d e o \u201cSarau da Biblioteca\u201d, na biblioteca do Sesc Ribeir\u00e3o\u2026","rel":"","context":"In &quot;Not\u00edcias de Ribeir\u00e3o Preto-SP e Regi\u00e3o&quot;","block_context":{"text":"Not\u00edcias de Ribeir\u00e3o Preto-SP e Regi\u00e3o","link":"https:\/\/noticiasribeiraopreto.com.br\/index.php\/category\/noticias-de-ribeirao-preto-sp-e-regiao-ismael-colosi\/"},"img":{"alt_text":"","src":"https:\/\/i0.wp.com\/noticiasribeiraopreto.com.br\/wp-content\/uploads\/2025\/01\/3-Tom-na-Fazenda-_2025-01-06_13-07-40_jpg_2025-01-06_13-07-40.webp.webp?fit=900%2C664&ssl=1&resize=350%2C200","width":350,"height":200,"srcset":"https:\/\/i0.wp.com\/noticiasribeiraopreto.com.br\/wp-content\/uploads\/2025\/01\/3-Tom-na-Fazenda-_2025-01-06_13-07-40_jpg_2025-01-06_13-07-40.webp.webp?fit=900%2C664&ssl=1&resize=350%2C200 1x, https:\/\/i0.wp.com\/noticiasribeiraopreto.com.br\/wp-content\/uploads\/2025\/01\/3-Tom-na-Fazenda-_2025-01-06_13-07-40_jpg_2025-01-06_13-07-40.webp.webp?fit=900%2C664&ssl=1&resize=525%2C300 1.5x, https:\/\/i0.wp.com\/noticiasribeiraopreto.com.br\/wp-content\/uploads\/2025\/01\/3-Tom-na-Fazenda-_2025-01-06_13-07-40_jpg_2025-01-06_13-07-40.webp.webp?fit=900%2C664&ssl=1&resize=700%2C400 2x"},"classes":[]}],"jetpack_sharing_enabled":true,"jetpack_shortlink":"https:\/\/wp.me\/peQAOb-jIk","_links":{"self":[{"href":"https:\/\/noticiasribeiraopreto.com.br\/index.php\/wp-json\/wp\/v2\/posts\/75784","targetHints":{"allow":["GET"]}}],"collection":[{"href":"https:\/\/noticiasribeiraopreto.com.br\/index.php\/wp-json\/wp\/v2\/posts"}],"about":[{"href":"https:\/\/noticiasribeiraopreto.com.br\/index.php\/wp-json\/wp\/v2\/types\/post"}],"author":[{"embeddable":true,"href":"https:\/\/noticiasribeiraopreto.com.br\/index.php\/wp-json\/wp\/v2\/users\/1"}],"replies":[{"embeddable":true,"href":"https:\/\/noticiasribeiraopreto.com.br\/index.php\/wp-json\/wp\/v2\/comments?post=75784"}],"version-history":[{"count":0,"href":"https:\/\/noticiasribeiraopreto.com.br\/index.php\/wp-json\/wp\/v2\/posts\/75784\/revisions"}],"wp:featuredmedia":[{"embeddable":true,"href":"https:\/\/noticiasribeiraopreto.com.br\/index.php\/wp-json\/wp\/v2\/media\/75785"}],"wp:attachment":[{"href":"https:\/\/noticiasribeiraopreto.com.br\/index.php\/wp-json\/wp\/v2\/media?parent=75784"}],"wp:term":[{"taxonomy":"category","embeddable":true,"href":"https:\/\/noticiasribeiraopreto.com.br\/index.php\/wp-json\/wp\/v2\/categories?post=75784"},{"taxonomy":"post_tag","embeddable":true,"href":"https:\/\/noticiasribeiraopreto.com.br\/index.php\/wp-json\/wp\/v2\/tags?post=75784"}],"curies":[{"name":"wp","href":"https:\/\/api.w.org\/{rel}","templated":true}]}}