{"id":75788,"date":"2025-08-15T12:38:29","date_gmt":"2025-08-15T15:38:29","guid":{"rendered":"https:\/\/noticiasribeiraopreto.com.br\/index.php\/2025\/08\/15\/batida-envolve-carro-e-moto-na-avenida-dom-pedro-i-em-ribeirao-preto-video\/"},"modified":"2025-08-15T12:38:29","modified_gmt":"2025-08-15T15:38:29","slug":"batida-envolve-carro-e-moto-na-avenida-dom-pedro-i-em-ribeirao-preto-video","status":"publish","type":"post","link":"https:\/\/noticiasribeiraopreto.com.br\/index.php\/2025\/08\/15\/batida-envolve-carro-e-moto-na-avenida-dom-pedro-i-em-ribeirao-preto-video\/","title":{"rendered":"Batida envolve carro e moto na avenida Dom Pedro I em Ribeir\u00e3o Preto; V\u00eddeo"},"content":{"rendered":"<div class='code-block code-block-1' style='margin: 8px 0 8px auto; text-align: right; display: block; clear: both;'>\n<p><a href=\"https:\/\/wa.link\/vpicfd\"><img data-recalc-dims=\"1\" class=\"wp-image-4922\" style=\"aspect-ratio: 2.0253164556962027; width: 561px; height: auto;\" src=\"https:\/\/i0.wp.com\/ismaelcolosi.com.br\/wp-content\/uploads\/2023\/11\/grupo-de-empregos-whatsapp-e-facebook-ismael-colosi-vagas.jpg?ssl=1\" alt=\"\" \/><\/a><\/p>\n<!-- \/wp:image -->\n<\/div>\n<p> <br \/>\n<\/p>\n<div data-td-block-uid=\"tdi_95\">\n<div class=\"tdb-block-inner td-fix-index\">\n<p><strong>Um carro e uma moto se envolveram em uma batida na manh\u00e3 desta sexta-feira (15), na avenida Dom Pedro I, em Ribeir\u00e3o Preto.<\/strong><\/p>\n<p>Um <strong>v\u00eddeo <\/strong>mostra a <strong>moto <\/strong>com as <strong>duas rodas <\/strong>para <strong>cima<\/strong> na <strong>pista sentido bairro-Centro<\/strong>. <strong>Veja <\/strong>as <strong>imagens abaixo<\/strong>.<\/p>\n<p>Segundo informa\u00e7\u00f5es, o motociclista foi socorrido pelo Samu e encaminhado a um hospital. N\u00e3o h\u00e1, por\u00e9m, detalhes sobre o seu estado de sa\u00fade.<\/p>\n<p>A RP Mobi disse que o tr\u00e2nsito j\u00e1 est\u00e1 liberado.<\/p>\n<p>As causas ainda dever\u00e3o ser apuradas.<\/p>\n<blockquote class=\"instagram-media\" data-instgrm-permalink=\"https:\/\/www.instagram.com\/reel\/DNYHoxttWyj\/?utm_source=ig_embed&amp;utm_campaign=loading\" data-instgrm-version=\"14\" style=\"background:#FFF;border:0;border-radius:3px;margin: 1px;max-width:540px;min-width:326px;padding:0;width:99.375%;width:-webkit-calc(100% - 2px);width:calc(100% - 2px)\"\/>\n<p>SAIBA MAIS<\/p>\n<p>PM apura abordagem que terminou com cachorro morto a tiros por policial; V\u00eddeo<\/p>\n<h2 class=\"wp-block-heading\"><strong>FIQUE ON<\/strong><\/h2>\n<p>Quer ficar por dentro de tudo que acontece em Ribeir\u00e3o Preto e regi\u00e3o? Ent\u00e3o siga os perfis do\u202facidade on\u202fno\u202f<a href=\"https:\/\/www.instagram.com\/acidadeonribeirao\" target=\"_blank\" rel=\"noreferrer noopener\">Instagram<\/a>\u202fe no\u202f<a href=\"https:\/\/www.facebook.com\/acidadeonribeirao\/\" target=\"_blank\" rel=\"noreferrer noopener\">Facebook<\/a>.<\/p>\n<p>Al\u00e9m disso, voc\u00ea pode receber as principais not\u00edcias diretamente no WhatsApp. Para isso, basta\u00a0<a href=\"https:\/\/chat.whatsapp.com\/BjKQZ9oJwlz8VVT50NuePq\" target=\"_blank\" rel=\"noreferrer noopener\">entrar no grupo clicando aqui<\/a>.<\/p>\n<p>Por fim, se quiser fazer uma den\u00fancia ou sugerir uma reportagem sobre Ribeir\u00e3o Preto e regi\u00e3o, envie uma mensagem pelo WhatsApp: (16) 99117-7802.<\/p>\n<p>VEJA TAMB\u00c9M<\/p>\n<p>Por que \u2018Mais M\u00e9dicos\u2019 virou alvo de Trump?<\/p>\n<p><!-- AI CONTENT END 1 -->\n<\/div>\n<\/div>\n<p><script async src=\"\/\/www.instagram.com\/embed.js\"><\/script><br \/>\n<br \/><br \/>\n<br \/><a href=\"https:\/\/www.acidadeon.com\/ribeiraopreto\/cotidiano\/batida-envolve-carro-e-moto-na-avenida-dom-pedro-i-em-ribeirao-preto-video\/\">Source link <\/a><\/p>\n<!-- CONTENT END 1 -->\n","protected":false},"excerpt":{"rendered":"<p>Um carro e uma moto se envolveram em uma batida na manh\u00e3 desta sexta-feira (15), na avenida Dom Pedro I, em Ribeir\u00e3o Preto. Um v\u00eddeo&#8230;<\/p>\n","protected":false},"author":1,"featured_media":75789,"comment_status":"open","ping_status":"open","sticky":false,"template":"","format":"standard","meta":{"advanced_seo_description":"","jetpack_seo_html_title":"","jetpack_seo_noindex":false,"jetpack_post_was_ever_published":false,"_jetpack_newsletter_access":"","_jetpack_dont_email_post_to_subs":false,"_jetpack_newsletter_tier_id":0,"_jetpack_memberships_contains_paywalled_content":false,"_jetpack_memberships_contains_paid_content":false,"footnotes":"","jetpack_publicize_message":"","jetpack_publicize_feature_enabled":true,"jetpack_social_post_already_shared":true,"jetpack_social_options":{"image_generator_settings":{"template":"highway","default_image_id":0,"font":"","enabled":false},"version":2}},"categories":[11],"tags":[],"class_list":["post-75788","post","type-post","status-publish","format-standard","has-post-thumbnail","hentry","category-noticias-de-ribeirao-preto-sp-e-regiao-ismael-colosi"],"jetpack_publicize_connections":[],"jetpack_featured_media_url":"https:\/\/i0.wp.com\/noticiasribeiraopreto.com.br\/wp-content\/uploads\/2025\/08\/WhatsApp-Image-2025-08-15-at-10.25.15_2025-08-15_13-26-45.webp.webp?fit=1200%2C675&ssl=1","jetpack-related-posts":[{"id":51468,"url":"https:\/\/noticiasribeiraopreto.com.br\/index.php\/2024\/05\/27\/identificado-motociclista-morto-apos-batida-na-avenida-dom-pedro-i-em-ribeirao-preto\/","url_meta":{"origin":75788,"position":0},"title":"Identificado motociclista morto ap\u00f3s batida na avenida Dom Pedro I em Ribeir\u00e3o Preto","author":"noticiasribeiraopreto.com.br","date":"27 de May de 2024","format":false,"excerpt":"A Pol\u00edcia Civil identificou o motociclista que morreu na tarde deste domingo (26), depois de ter a moto atingida por um carro na avenida Dom Pedro I, no bairro Ipiranga, zona Norte de Ribeir\u00e3o Preto. \u00a0 Segundo o boletim de ocorr\u00eancia (BO), Manoel Neris de Oliveira tinha 48 anos e\u2026","rel":"","context":"In &quot;Not\u00edcias de Ribeir\u00e3o Preto-SP e Regi\u00e3o&quot;","block_context":{"text":"Not\u00edcias de Ribeir\u00e3o Preto-SP e Regi\u00e3o","link":"https:\/\/noticiasribeiraopreto.com.br\/index.php\/category\/noticias-de-ribeirao-preto-sp-e-regiao-ismael-colosi\/"},"img":{"alt_text":"","src":"https:\/\/i0.wp.com\/noticiasribeiraopreto.com.br\/wp-content\/uploads\/2024\/05\/ACIDENTE_2024-05-27_12-52-23_jpg_2024-05-27_12-52-24.webp.webp?fit=1200%2C737&ssl=1&resize=350%2C200","width":350,"height":200,"srcset":"https:\/\/i0.wp.com\/noticiasribeiraopreto.com.br\/wp-content\/uploads\/2024\/05\/ACIDENTE_2024-05-27_12-52-23_jpg_2024-05-27_12-52-24.webp.webp?fit=1200%2C737&ssl=1&resize=350%2C200 1x, https:\/\/i0.wp.com\/noticiasribeiraopreto.com.br\/wp-content\/uploads\/2024\/05\/ACIDENTE_2024-05-27_12-52-23_jpg_2024-05-27_12-52-24.webp.webp?fit=1200%2C737&ssl=1&resize=525%2C300 1.5x, https:\/\/i0.wp.com\/noticiasribeiraopreto.com.br\/wp-content\/uploads\/2024\/05\/ACIDENTE_2024-05-27_12-52-23_jpg_2024-05-27_12-52-24.webp.webp?fit=1200%2C737&ssl=1&resize=700%2C400 2x, https:\/\/i0.wp.com\/noticiasribeiraopreto.com.br\/wp-content\/uploads\/2024\/05\/ACIDENTE_2024-05-27_12-52-23_jpg_2024-05-27_12-52-24.webp.webp?fit=1200%2C737&ssl=1&resize=1050%2C600 3x"},"classes":[]},{"id":73329,"url":"https:\/\/noticiasribeiraopreto.com.br\/index.php\/2025\/06\/30\/motociclista-fica-ferido-apos-batida-entre-carro-e-moto-em-ribeirao-preto\/","url_meta":{"origin":75788,"position":1},"title":"Motociclista fica ferido ap\u00f3s batida entre carro e moto em Ribeir\u00e3o Preto","author":"noticiasribeiraopreto.com.br","date":"30 de June de 2025","format":false,"excerpt":"Um motociclista de 25 anos ficou ferido na noite deste domingo (29), ap\u00f3s se envolver em uma batida com um carro no cruzamento da avenida F\u00e1bio Barreto com a rua Castro Alves, em Ribeir\u00e3o Preto. Assista ao v\u00eddeo abaixo. Segundo informa\u00e7\u00f5es, a v\u00edtima sofreu ferimentos nas pernas e nos bra\u00e7os,\u2026","rel":"","context":"In &quot;Not\u00edcias de Ribeir\u00e3o Preto-SP e Regi\u00e3o&quot;","block_context":{"text":"Not\u00edcias de Ribeir\u00e3o Preto-SP e Regi\u00e3o","link":"https:\/\/noticiasribeiraopreto.com.br\/index.php\/category\/noticias-de-ribeirao-preto-sp-e-regiao-ismael-colosi\/"},"img":{"alt_text":"","src":"https:\/\/i0.wp.com\/noticiasribeiraopreto.com.br\/wp-content\/uploads\/2025\/06\/ACIDENTE_2025-06-30_09-42-28.webp.webp?fit=1200%2C676&ssl=1&resize=350%2C200","width":350,"height":200,"srcset":"https:\/\/i0.wp.com\/noticiasribeiraopreto.com.br\/wp-content\/uploads\/2025\/06\/ACIDENTE_2025-06-30_09-42-28.webp.webp?fit=1200%2C676&ssl=1&resize=350%2C200 1x, https:\/\/i0.wp.com\/noticiasribeiraopreto.com.br\/wp-content\/uploads\/2025\/06\/ACIDENTE_2025-06-30_09-42-28.webp.webp?fit=1200%2C676&ssl=1&resize=525%2C300 1.5x, https:\/\/i0.wp.com\/noticiasribeiraopreto.com.br\/wp-content\/uploads\/2025\/06\/ACIDENTE_2025-06-30_09-42-28.webp.webp?fit=1200%2C676&ssl=1&resize=700%2C400 2x, https:\/\/i0.wp.com\/noticiasribeiraopreto.com.br\/wp-content\/uploads\/2025\/06\/ACIDENTE_2025-06-30_09-42-28.webp.webp?fit=1200%2C676&ssl=1&resize=1050%2C600 3x"},"classes":[]},{"id":62460,"url":"https:\/\/noticiasribeiraopreto.com.br\/index.php\/2025\/01\/15\/batida-entre-carro-e-moto-deixa-vitima-e-trava-transito-na-anhanguera-em-ribeirao-preto\/","url_meta":{"origin":75788,"position":2},"title":"Batida entre carro e moto deixa v\u00edtima e trava tr\u00e2nsito na Anhanguera em Ribeir\u00e3o Preto","author":"noticiasribeiraopreto.com.br","date":"15 de January de 2025","format":false,"excerpt":"Uma batida entre um carro e uma moto deixou uma v\u00edtima na manh\u00e3 desta quarta-feira (15), no km 308 da rodovia Anhanguera (SP-330), em Ribeir\u00e3o Preto. Segundo relato de motoristas, o tr\u00e2nsito ficou parado na pista sentido Sul (Capital) desde a altura da liga\u00e7\u00e3o com a avenida Brasil. A concession\u00e1ria\u2026","rel":"","context":"In &quot;Not\u00edcias de Ribeir\u00e3o Preto-SP e Regi\u00e3o&quot;","block_context":{"text":"Not\u00edcias de Ribeir\u00e3o Preto-SP e Regi\u00e3o","link":"https:\/\/noticiasribeiraopreto.com.br\/index.php\/category\/noticias-de-ribeirao-preto-sp-e-regiao-ismael-colosi\/"},"img":{"alt_text":"","src":"https:\/\/i0.wp.com\/noticiasribeiraopreto.com.br\/wp-content\/uploads\/2025\/01\/policia_rodoviaria_1200x675_01042022100400_x1x.jpg?fit=1200%2C675&ssl=1&resize=350%2C200","width":350,"height":200,"srcset":"https:\/\/i0.wp.com\/noticiasribeiraopreto.com.br\/wp-content\/uploads\/2025\/01\/policia_rodoviaria_1200x675_01042022100400_x1x.jpg?fit=1200%2C675&ssl=1&resize=350%2C200 1x, https:\/\/i0.wp.com\/noticiasribeiraopreto.com.br\/wp-content\/uploads\/2025\/01\/policia_rodoviaria_1200x675_01042022100400_x1x.jpg?fit=1200%2C675&ssl=1&resize=525%2C300 1.5x, https:\/\/i0.wp.com\/noticiasribeiraopreto.com.br\/wp-content\/uploads\/2025\/01\/policia_rodoviaria_1200x675_01042022100400_x1x.jpg?fit=1200%2C675&ssl=1&resize=700%2C400 2x, https:\/\/i0.wp.com\/noticiasribeiraopreto.com.br\/wp-content\/uploads\/2025\/01\/policia_rodoviaria_1200x675_01042022100400_x1x.jpg?fit=1200%2C675&ssl=1&resize=1050%2C600 3x"},"classes":[]},{"id":74792,"url":"https:\/\/noticiasribeiraopreto.com.br\/index.php\/2025\/07\/29\/motociclista-fica-ferida-apos-batida-entre-moto-e-carro-em-avenida-de-ribeirao-preto\/","url_meta":{"origin":75788,"position":3},"title":"Motociclista fica ferida ap\u00f3s batida entre moto e carro em avenida de Ribeir\u00e3o Preto","author":"noticiasribeiraopreto.com.br","date":"29 de July de 2025","format":false,"excerpt":"Uma motociclista de 27 anos ficou ferida na manh\u00e3 desta ter\u00e7a-feira (29), depois de se envolver em uma batida com um carro, em um acesso da Via Francisco Maggioni para a avenida Ant\u00f4nio e Helena Zerrener, em Ribeir\u00e3o Preto. A v\u00edtima foi socorrida por uma equipe do Samu e encaminhada\u2026","rel":"","context":"In &quot;Not\u00edcias de Ribeir\u00e3o Preto-SP e Regi\u00e3o&quot;","block_context":{"text":"Not\u00edcias de Ribeir\u00e3o Preto-SP e Regi\u00e3o","link":"https:\/\/noticiasribeiraopreto.com.br\/index.php\/category\/noticias-de-ribeirao-preto-sp-e-regiao-ismael-colosi\/"},"img":{"alt_text":"","src":"https:\/\/i0.wp.com\/noticiasribeiraopreto.com.br\/wp-content\/uploads\/2025\/07\/ACIDENTE-2_2025-07-29_12-16-04.webp.webp?fit=1200%2C773&ssl=1&resize=350%2C200","width":350,"height":200,"srcset":"https:\/\/i0.wp.com\/noticiasribeiraopreto.com.br\/wp-content\/uploads\/2025\/07\/ACIDENTE-2_2025-07-29_12-16-04.webp.webp?fit=1200%2C773&ssl=1&resize=350%2C200 1x, https:\/\/i0.wp.com\/noticiasribeiraopreto.com.br\/wp-content\/uploads\/2025\/07\/ACIDENTE-2_2025-07-29_12-16-04.webp.webp?fit=1200%2C773&ssl=1&resize=525%2C300 1.5x, https:\/\/i0.wp.com\/noticiasribeiraopreto.com.br\/wp-content\/uploads\/2025\/07\/ACIDENTE-2_2025-07-29_12-16-04.webp.webp?fit=1200%2C773&ssl=1&resize=700%2C400 2x, https:\/\/i0.wp.com\/noticiasribeiraopreto.com.br\/wp-content\/uploads\/2025\/07\/ACIDENTE-2_2025-07-29_12-16-04.webp.webp?fit=1200%2C773&ssl=1&resize=1050%2C600 3x"},"classes":[]},{"id":55156,"url":"https:\/\/noticiasribeiraopreto.com.br\/index.php\/2024\/07\/30\/acidente-entre-carro-moto-e-bicicleta-deixa-4-vitimas-em-avenida-de-ribeirao-preto\/","url_meta":{"origin":75788,"position":4},"title":"Acidente entre carro, moto e bicicleta deixa 4 v\u00edtimas em avenida de Ribeir\u00e3o Preto","author":"noticiasribeiraopreto.com.br","date":"30 de July de 2024","format":false,"excerpt":"Um acidente entre carro, moto e bicicleta deixou quatro pessoas feridas na manh\u00e3 desta ter\u00e7a-feira (30), na avenida Jo\u00e3o Goulart, no bairro Geraldo Correia de Carvalho, zona Norte de Ribeir\u00e3o Preto. Segundo as\u00a0primeiras informa\u00e7\u00f5es, as v\u00edtimas sofreram ferimentos considerados leves. Ainda conforme o apurado, todos os ve\u00edculos seguiam na mesma\u2026","rel":"","context":"In &quot;Not\u00edcias de Ribeir\u00e3o Preto-SP e Regi\u00e3o&quot;","block_context":{"text":"Not\u00edcias de Ribeir\u00e3o Preto-SP e Regi\u00e3o","link":"https:\/\/noticiasribeiraopreto.com.br\/index.php\/category\/noticias-de-ribeirao-preto-sp-e-regiao-ismael-colosi\/"},"img":{"alt_text":"","src":"https:\/\/i0.wp.com\/noticiasribeiraopreto.com.br\/wp-content\/uploads\/2024\/07\/ACIDENTE_2024-07-30_12-07-21_jpg_2024-07-30_12-07-21.webp.webp?fit=1200%2C788&ssl=1&resize=350%2C200","width":350,"height":200,"srcset":"https:\/\/i0.wp.com\/noticiasribeiraopreto.com.br\/wp-content\/uploads\/2024\/07\/ACIDENTE_2024-07-30_12-07-21_jpg_2024-07-30_12-07-21.webp.webp?fit=1200%2C788&ssl=1&resize=350%2C200 1x, https:\/\/i0.wp.com\/noticiasribeiraopreto.com.br\/wp-content\/uploads\/2024\/07\/ACIDENTE_2024-07-30_12-07-21_jpg_2024-07-30_12-07-21.webp.webp?fit=1200%2C788&ssl=1&resize=525%2C300 1.5x, https:\/\/i0.wp.com\/noticiasribeiraopreto.com.br\/wp-content\/uploads\/2024\/07\/ACIDENTE_2024-07-30_12-07-21_jpg_2024-07-30_12-07-21.webp.webp?fit=1200%2C788&ssl=1&resize=700%2C400 2x, https:\/\/i0.wp.com\/noticiasribeiraopreto.com.br\/wp-content\/uploads\/2024\/07\/ACIDENTE_2024-07-30_12-07-21_jpg_2024-07-30_12-07-21.webp.webp?fit=1200%2C788&ssl=1&resize=1050%2C600 3x"},"classes":[]},{"id":59709,"url":"https:\/\/noticiasribeiraopreto.com.br\/index.php\/2024\/10\/29\/motociclista-fica-ferido-apos-batida-entre-moto-e-carro-na-zona-norte-de-ribeirao\/","url_meta":{"origin":75788,"position":5},"title":"Motociclista fica ferido ap\u00f3s batida entre moto e carro na zona Norte de Ribeir\u00e3o","author":"noticiasribeiraopreto.com.br","date":"29 de October de 2024","format":false,"excerpt":"Um motociclista foi socorrido na manh\u00e3 desta ter\u00e7a-feira (29), depois de se envolver em uma batida entre moto e carro no bairro Ipiranga, zona Norte de Ribeir\u00e3o Preto. A colis\u00e3o ocorreu no cruzamento das ruas General C\u00e2mara e Rio Verde. Com o impacto, a moto foi parar na cal\u00e7ada de\u2026","rel":"","context":"In &quot;Not\u00edcias de Ribeir\u00e3o Preto-SP e Regi\u00e3o&quot;","block_context":{"text":"Not\u00edcias de Ribeir\u00e3o Preto-SP e Regi\u00e3o","link":"https:\/\/noticiasribeiraopreto.com.br\/index.php\/category\/noticias-de-ribeirao-preto-sp-e-regiao-ismael-colosi\/"},"img":{"alt_text":"","src":"https:\/\/i0.wp.com\/noticiasribeiraopreto.com.br\/wp-content\/uploads\/2024\/10\/MOTO_2024-10-29_11-46-00_jpg_2024-10-29_11-46-00.webp.webp?fit=1200%2C670&ssl=1&resize=350%2C200","width":350,"height":200,"srcset":"https:\/\/i0.wp.com\/noticiasribeiraopreto.com.br\/wp-content\/uploads\/2024\/10\/MOTO_2024-10-29_11-46-00_jpg_2024-10-29_11-46-00.webp.webp?fit=1200%2C670&ssl=1&resize=350%2C200 1x, https:\/\/i0.wp.com\/noticiasribeiraopreto.com.br\/wp-content\/uploads\/2024\/10\/MOTO_2024-10-29_11-46-00_jpg_2024-10-29_11-46-00.webp.webp?fit=1200%2C670&ssl=1&resize=525%2C300 1.5x, https:\/\/i0.wp.com\/noticiasribeiraopreto.com.br\/wp-content\/uploads\/2024\/10\/MOTO_2024-10-29_11-46-00_jpg_2024-10-29_11-46-00.webp.webp?fit=1200%2C670&ssl=1&resize=700%2C400 2x, https:\/\/i0.wp.com\/noticiasribeiraopreto.com.br\/wp-content\/uploads\/2024\/10\/MOTO_2024-10-29_11-46-00_jpg_2024-10-29_11-46-00.webp.webp?fit=1200%2C670&ssl=1&resize=1050%2C600 3x"},"classes":[]}],"jetpack_sharing_enabled":true,"jetpack_shortlink":"https:\/\/wp.me\/peQAOb-jIo","_links":{"self":[{"href":"https:\/\/noticiasribeiraopreto.com.br\/index.php\/wp-json\/wp\/v2\/posts\/75788","targetHints":{"allow":["GET"]}}],"collection":[{"href":"https:\/\/noticiasribeiraopreto.com.br\/index.php\/wp-json\/wp\/v2\/posts"}],"about":[{"href":"https:\/\/noticiasribeiraopreto.com.br\/index.php\/wp-json\/wp\/v2\/types\/post"}],"author":[{"embeddable":true,"href":"https:\/\/noticiasribeiraopreto.com.br\/index.php\/wp-json\/wp\/v2\/users\/1"}],"replies":[{"embeddable":true,"href":"https:\/\/noticiasribeiraopreto.com.br\/index.php\/wp-json\/wp\/v2\/comments?post=75788"}],"version-history":[{"count":0,"href":"https:\/\/noticiasribeiraopreto.com.br\/index.php\/wp-json\/wp\/v2\/posts\/75788\/revisions"}],"wp:featuredmedia":[{"embeddable":true,"href":"https:\/\/noticiasribeiraopreto.com.br\/index.php\/wp-json\/wp\/v2\/media\/75789"}],"wp:attachment":[{"href":"https:\/\/noticiasribeiraopreto.com.br\/index.php\/wp-json\/wp\/v2\/media?parent=75788"}],"wp:term":[{"taxonomy":"category","embeddable":true,"href":"https:\/\/noticiasribeiraopreto.com.br\/index.php\/wp-json\/wp\/v2\/categories?post=75788"},{"taxonomy":"post_tag","embeddable":true,"href":"https:\/\/noticiasribeiraopreto.com.br\/index.php\/wp-json\/wp\/v2\/tags?post=75788"}],"curies":[{"name":"wp","href":"https:\/\/api.w.org\/{rel}","templated":true}]}}