{"id":75790,"date":"2025-08-15T12:54:42","date_gmt":"2025-08-15T15:54:42","guid":{"rendered":"https:\/\/noticiasribeiraopreto.com.br\/index.php\/2025\/08\/15\/veja-o-que-ex-ministro-da-fazenda-disse-sobre-o-potencial-do-brasil-durante-a-fenasucro\/"},"modified":"2025-08-15T12:54:42","modified_gmt":"2025-08-15T15:54:42","slug":"veja-o-que-ex-ministro-da-fazenda-disse-sobre-o-potencial-do-brasil-durante-a-fenasucro","status":"publish","type":"post","link":"https:\/\/noticiasribeiraopreto.com.br\/index.php\/2025\/08\/15\/veja-o-que-ex-ministro-da-fazenda-disse-sobre-o-potencial-do-brasil-durante-a-fenasucro\/","title":{"rendered":"Veja o que ex-ministro da Fazenda disse sobre o potencial do Brasil durante a Fenasucro"},"content":{"rendered":"<div class='code-block code-block-1' style='margin: 8px 0 8px auto; text-align: right; display: block; clear: both;'>\n<p><a href=\"https:\/\/wa.link\/vpicfd\"><img data-recalc-dims=\"1\" class=\"wp-image-4922\" style=\"aspect-ratio: 2.0253164556962027; width: 561px; height: auto;\" src=\"https:\/\/i0.wp.com\/ismaelcolosi.com.br\/wp-content\/uploads\/2023\/11\/grupo-de-empregos-whatsapp-e-facebook-ismael-colosi-vagas.jpg?ssl=1\" alt=\"\" \/><\/a><\/p>\n<!-- \/wp:image -->\n<\/div>\n<p> <br \/>\n<\/p>\n<div>\n<p>O ex-ministro da Fazenda e ex-presidente do BNDES <strong>Joaquim Levy <\/strong>participou de um painel para discutir \u201cA nova geopol\u00edtica e as perspectivas para as bioenergias\u201d, durante a<strong> Fenasucro &amp; Agrocana<\/strong>, em<strong> Sert\u00e3ozinho<\/strong>, na regi\u00e3o de<strong> Ribeir\u00e3o Preto<\/strong>, na \u00faltima quinta-feira (14).<\/p>\n<p>Em sua fala,<mark style=\"background-color:#fcb900\" class=\"has-inline-color has-black-color\"> o ex-ministro afirmou que o pa\u00eds re\u00fane condi\u00e7\u00f5es para crescer de forma consistente, mas alertou para a necessidade de estrat\u00e9gia e gest\u00e3o de riscos<\/mark>. \u201c\u00c9 um pa\u00eds que tem muita oportunidade. Se souber escolher cen\u00e1rios, trabalhar e ousar, consegue fazer muita coisa\u201d, disse.<\/p>\n<h2 class=\"wp-block-heading\"><strong>Protagonismo global<\/strong><\/h2>\n<p>Al\u00e9m de Levy, participaram do painel, que encerrou o FenaBio, <strong>Roberto Rodrigues<\/strong>, professor em\u00e9rito da Funda\u00e7\u00e3o Getulio Vargas e ex-ministro da Agricultura, e <strong>Mario Campos<\/strong>, presidente da Bioenergia Brasil.<\/p>\n<p>O encontro destacou como as mudan\u00e7as no cen\u00e1rio internacional, as pol\u00edticas p\u00fablicas e os avan\u00e7os tecnol\u00f3gicos podem impulsionar a lideran\u00e7a brasileira em energias renov\u00e1veis, com gera\u00e7\u00e3o de emprego, renda e benef\u00edcios ambientais.<\/p>\n<p>Para Roberto Rodrigues,<mark style=\"background-color:#fcb900\" class=\"has-inline-color has-black-color\"> o Brasil vive um momento de estabilidade macroecon\u00f4mica que favorece o planejamento de longo prazo<\/mark> e a busca de protagonismo global.<\/p>\n<h2 class=\"wp-block-heading\"><strong>Etanol de milho<\/strong><\/h2>\n<p>J\u00e1 Mario Campos destacou a r\u00e1pida evolu\u00e7\u00e3o da ind\u00fastria de etanol de milho, que j\u00e1 representa 25% da produ\u00e7\u00e3o nacional, e os ganhos obtidos com ciclos favor\u00e1veis no mercado de a\u00e7\u00facar. Ele ressaltou que novas oportunidades se abrem com o uso de biocombust\u00edveis no transporte mar\u00edtimo, a expans\u00e3o do biometano e o SAF (Combust\u00edvel Sustent\u00e1vel de Avia\u00e7\u00e3o).<\/p>\n<p>Campos tamb\u00e9m lembrou que mudan\u00e7as regulat\u00f3rias como o Renovabio, o programa Combust\u00edvel do Futuro e a reforma tribut\u00e1ria criam condi\u00e7\u00f5es para ampliar a competitividade. \u201cO diferencial tribut\u00e1rio nacional entre biocombust\u00edveis e f\u00f3sseis ser\u00e1 um marco, permitindo expans\u00e3o para novas regi\u00f5es e agregando valor ambiental \u00e0 nossa produ\u00e7\u00e3o\u201d, afirmou.<\/p>\n<h2 class=\"wp-block-heading\"><strong>Perspectivas globais<\/strong><\/h2>\n<p>Os debatedores defenderam ainda que o Brasil precisa combinar inova\u00e7\u00e3o, seguran\u00e7a regulat\u00f3ria e pol\u00edticas p\u00fablicas regionais para atrair investimentos e se consolidar como refer\u00eancia em energia limpa.<\/p>\n<p>Levy lembrou que, no cen\u00e1rio internacional, o setor enfrenta resist\u00eancias e disputas comerciais. \u201cA quest\u00e3o da sustentabilidade tem altos e baixos. \u00c9 preciso manter a pauta avan\u00e7ando e construir consensos\u201d, observou.<\/p>\n<p>O painel concluiu que, diante da nova geopol\u00edtica global, a uni\u00e3o entre agro, ind\u00fastria e tecnologia \u00e9 o caminho para consolidar o papel estrat\u00e9gico do Brasil no fornecimento de solu\u00e7\u00f5es energ\u00e9ticas sustent\u00e1veis para o mundo.<\/p>\n<p>SAIBA MAIS<br \/>Vai ter onda de calor? Veja a previs\u00e3o para os pr\u00f3ximos dias<\/p>\n<h2 class=\"wp-block-heading\"><strong>FIQUE ON<\/strong><\/h2>\n<p>Fique ligado em tudo que acontece em Ribeir\u00e3o Preto e regi\u00e3o. Siga os perfis do <strong>acidade on<\/strong> no <a href=\"https:\/\/www.instagram.com\/acidadeonribeirao\" data-type=\"link\" data-id=\"https:\/\/www.instagram.com\/acidadeonribeirao\" target=\"_blank\" rel=\"noopener\">Instagram<\/a> e no <a href=\"https:\/\/www.facebook.com\/acidadeonribeirao\/\" data-type=\"link\" data-id=\"https:\/\/www.facebook.com\/acidadeonribeirao\/\" target=\"_blank\" rel=\"noopener\">Facebook.<\/a><\/p>\n<p>Receba not\u00edcias do <strong>acidade on<\/strong> no WhatsApp. <a href=\"https:\/\/chat.whatsapp.com\/I4nieTEMKlf50pJ28aMemC?mode=ac_t\" data-type=\"link\" data-id=\"https:\/\/chat.whatsapp.com\/I4nieTEMKlf50pJ28aMemC?mode=ac_t\" target=\"_blank\" rel=\"noopener\">Para entrar no grupo, basta clicar aqui.<\/a><\/p>\n<p>Fa\u00e7a uma den\u00fancia ou sugira uma reportagem sobre Ribeir\u00e3o Preto e regi\u00e3o pelo WhatsApp: 16 99117 7802.<\/p>\n<p>VEJA TAMB\u00c9M<br \/>Qual a parceria entre Zeca Pagodinho e a Embrapa?<\/p>\n<p><!-- AI CONTENT END 1 -->\n<\/div>\n<p><script async src=\"\/\/www.instagram.com\/embed.js\"><\/script><br \/>\n<br \/><br \/>\n<br \/><a href=\"https:\/\/www.acidadeon.com\/ribeiraopreto\/economia\/veja-o-que-ex-ministro-da-fazenda-disse-sobre-o-potencial-do-brasil-durante-a-fenasucro\/\">Source link <\/a><\/p>\n<!-- CONTENT END 1 -->\n","protected":false},"excerpt":{"rendered":"<p>O ex-ministro da Fazenda e ex-presidente do BNDES Joaquim Levy participou de um painel para discutir \u201cA nova geopol\u00edtica e as perspectivas para as bioenergias\u201d,&#8230;<\/p>\n","protected":false},"author":1,"featured_media":75791,"comment_status":"open","ping_status":"open","sticky":false,"template":"","format":"standard","meta":{"advanced_seo_description":"","jetpack_seo_html_title":"","jetpack_seo_noindex":false,"jetpack_post_was_ever_published":false,"_jetpack_newsletter_access":"","_jetpack_dont_email_post_to_subs":false,"_jetpack_newsletter_tier_id":0,"_jetpack_memberships_contains_paywalled_content":false,"_jetpack_memberships_contains_paid_content":false,"footnotes":"","jetpack_publicize_message":"","jetpack_publicize_feature_enabled":true,"jetpack_social_post_already_shared":true,"jetpack_social_options":{"image_generator_settings":{"template":"highway","default_image_id":0,"font":"","enabled":false},"version":2}},"categories":[11],"tags":[],"class_list":["post-75790","post","type-post","status-publish","format-standard","has-post-thumbnail","hentry","category-noticias-de-ribeirao-preto-sp-e-regiao-ismael-colosi"],"jetpack_publicize_connections":[],"jetpack_featured_media_url":"https:\/\/i0.wp.com\/noticiasribeiraopreto.com.br\/wp-content\/uploads\/2025\/08\/joaquim-levy_2025-08-15_12-49-24.webp.webp?fit=1020%2C509&ssl=1","jetpack-related-posts":[{"id":75626,"url":"https:\/\/noticiasribeiraopreto.com.br\/index.php\/2025\/08\/12\/ministro-confirma-pacote-contra-tarifaco-durante-visita-a-fenasucro-em-sertaozinho\/","url_meta":{"origin":75790,"position":0},"title":"Ministro confirma pacote contra tarifa\u00e7o durante visita \u00e0 Fenasucro, em Sert\u00e3ozinho","author":"noticiasribeiraopreto.com.br","date":"12 de August de 2025","format":false,"excerpt":"Durante participa\u00e7\u00e3o na Fenasucro & Agrocana, realizada nesta ter\u00e7a-feira (12), em Sert\u00e3ozinho, na regi\u00e3o de Ribeir\u00e3o Preto, o ministro do Empreendedorismo, da Microempresa e da Empresa de Pequeno Porte, M\u00e1rcio Fran\u00e7a (PSB), afirmou que o presidente Luiz In\u00e1cio Lula da Silva (PT) deve assinar ainda hoje um pacote de prote\u00e7\u00e3o\u2026","rel":"","context":"In &quot;Not\u00edcias de Ribeir\u00e3o Preto-SP e Regi\u00e3o&quot;","block_context":{"text":"Not\u00edcias de Ribeir\u00e3o Preto-SP e Regi\u00e3o","link":"https:\/\/noticiasribeiraopreto.com.br\/index.php\/category\/noticias-de-ribeirao-preto-sp-e-regiao-ismael-colosi\/"},"img":{"alt_text":"","src":"https:\/\/i0.wp.com\/noticiasribeiraopreto.com.br\/wp-content\/uploads\/2025\/08\/Imagem-do-WhatsApp-de-2025-08-12-as-15.41.41_5f5bdc16_2025-08-12_20-10-42.webp.webp?fit=1200%2C675&ssl=1&resize=350%2C200","width":350,"height":200,"srcset":"https:\/\/i0.wp.com\/noticiasribeiraopreto.com.br\/wp-content\/uploads\/2025\/08\/Imagem-do-WhatsApp-de-2025-08-12-as-15.41.41_5f5bdc16_2025-08-12_20-10-42.webp.webp?fit=1200%2C675&ssl=1&resize=350%2C200 1x, https:\/\/i0.wp.com\/noticiasribeiraopreto.com.br\/wp-content\/uploads\/2025\/08\/Imagem-do-WhatsApp-de-2025-08-12-as-15.41.41_5f5bdc16_2025-08-12_20-10-42.webp.webp?fit=1200%2C675&ssl=1&resize=525%2C300 1.5x, https:\/\/i0.wp.com\/noticiasribeiraopreto.com.br\/wp-content\/uploads\/2025\/08\/Imagem-do-WhatsApp-de-2025-08-12-as-15.41.41_5f5bdc16_2025-08-12_20-10-42.webp.webp?fit=1200%2C675&ssl=1&resize=700%2C400 2x, https:\/\/i0.wp.com\/noticiasribeiraopreto.com.br\/wp-content\/uploads\/2025\/08\/Imagem-do-WhatsApp-de-2025-08-12-as-15.41.41_5f5bdc16_2025-08-12_20-10-42.webp.webp?fit=1200%2C675&ssl=1&resize=1050%2C600 3x"},"classes":[]},{"id":83517,"url":"https:\/\/noticiasribeiraopreto.com.br\/index.php\/2026\/03\/19\/substituto-de-haddad-como-ministro-da-fazenda-e-natural-da-regiao-de-ribeirao-preto\/","url_meta":{"origin":75790,"position":1},"title":"Substituto de Haddad como ministro da Fazenda \u00e9 natural da regi\u00e3o de Ribeir\u00e3o Preto","author":"noticiasribeiraopreto.com.br","date":"19 de March de 2026","format":false,"excerpt":"O presidente da Rep\u00fablica, Luiz In\u00e1cio Lula da Silva (PT), confirmou nesta quinta-feira (19), que o secret\u00e1rio-executivo do Minist\u00e9rio da Fazenda, Dario Durigan, assumir\u00e1 a pasta no lugar de Fernando Haddad. Dario \u00e9 natural de Bebedouro, na regi\u00e3o de Ribeir\u00e3o Preto. Ele substitui Haddad, pr\u00e9-candidato ao governo de S\u00e3o Paulo,\u2026","rel":"","context":"In &quot;Not\u00edcias de Ribeir\u00e3o Preto-SP e Regi\u00e3o&quot;","block_context":{"text":"Not\u00edcias de Ribeir\u00e3o Preto-SP e Regi\u00e3o","link":"https:\/\/noticiasribeiraopreto.com.br\/index.php\/category\/noticias-de-ribeirao-preto-sp-e-regiao-ismael-colosi\/"},"img":{"alt_text":"","src":"https:\/\/i0.wp.com\/noticiasribeiraopreto.com.br\/wp-content\/uploads\/2026\/03\/dario-durigan_2026-03-19_20-11-15.webp.webp?fit=1200%2C675&ssl=1&resize=350%2C200","width":350,"height":200,"srcset":"https:\/\/i0.wp.com\/noticiasribeiraopreto.com.br\/wp-content\/uploads\/2026\/03\/dario-durigan_2026-03-19_20-11-15.webp.webp?fit=1200%2C675&ssl=1&resize=350%2C200 1x, https:\/\/i0.wp.com\/noticiasribeiraopreto.com.br\/wp-content\/uploads\/2026\/03\/dario-durigan_2026-03-19_20-11-15.webp.webp?fit=1200%2C675&ssl=1&resize=525%2C300 1.5x, https:\/\/i0.wp.com\/noticiasribeiraopreto.com.br\/wp-content\/uploads\/2026\/03\/dario-durigan_2026-03-19_20-11-15.webp.webp?fit=1200%2C675&ssl=1&resize=700%2C400 2x, https:\/\/i0.wp.com\/noticiasribeiraopreto.com.br\/wp-content\/uploads\/2026\/03\/dario-durigan_2026-03-19_20-11-15.webp.webp?fit=1200%2C675&ssl=1&resize=1050%2C600 3x"},"classes":[]},{"id":75857,"url":"https:\/\/noticiasribeiraopreto.com.br\/index.php\/2025\/08\/16\/fenasucro-termina-com-expectativa-de-superar-r-107-bi-em-negocios\/","url_meta":{"origin":75790,"position":2},"title":"Fenasucro termina com expectativa de superar R$ 10,7 bi em neg\u00f3cios","author":"noticiasribeiraopreto.com.br","date":"16 de August de 2025","format":false,"excerpt":"A 31\u00aa edi\u00e7\u00e3o da Fenasucro & Agrocana chegou ao fim na \u00faltima sexta-feira (15) em Sert\u00e3ozinho, na regi\u00e3o de Ribeir\u00e3o Preto. De acordo com organiza\u00e7\u00e3o, a feira superou as expectativas de p\u00fablico e de gera\u00e7\u00e3o de neg\u00f3cios, projetados em mais de R$ 10,7 bilh\u00f5es. A Fenasucro foi realizada no Centro\u2026","rel":"","context":"In &quot;Not\u00edcias de Ribeir\u00e3o Preto-SP e Regi\u00e3o&quot;","block_context":{"text":"Not\u00edcias de Ribeir\u00e3o Preto-SP e Regi\u00e3o","link":"https:\/\/noticiasribeiraopreto.com.br\/index.php\/category\/noticias-de-ribeirao-preto-sp-e-regiao-ismael-colosi\/"},"img":{"alt_text":"","src":"https:\/\/i0.wp.com\/noticiasribeiraopreto.com.br\/wp-content\/uploads\/2025\/08\/fenasucro-1_2025-08-16_18-11-34.webp.webp?fit=1200%2C800&ssl=1&resize=350%2C200","width":350,"height":200,"srcset":"https:\/\/i0.wp.com\/noticiasribeiraopreto.com.br\/wp-content\/uploads\/2025\/08\/fenasucro-1_2025-08-16_18-11-34.webp.webp?fit=1200%2C800&ssl=1&resize=350%2C200 1x, https:\/\/i0.wp.com\/noticiasribeiraopreto.com.br\/wp-content\/uploads\/2025\/08\/fenasucro-1_2025-08-16_18-11-34.webp.webp?fit=1200%2C800&ssl=1&resize=525%2C300 1.5x, https:\/\/i0.wp.com\/noticiasribeiraopreto.com.br\/wp-content\/uploads\/2025\/08\/fenasucro-1_2025-08-16_18-11-34.webp.webp?fit=1200%2C800&ssl=1&resize=700%2C400 2x, https:\/\/i0.wp.com\/noticiasribeiraopreto.com.br\/wp-content\/uploads\/2025\/08\/fenasucro-1_2025-08-16_18-11-34.webp.webp?fit=1200%2C800&ssl=1&resize=1050%2C600 3x"},"classes":[]},{"id":84088,"url":"https:\/\/noticiasribeiraopreto.com.br\/index.php\/2026\/04\/01\/fim-da-declaracao-do-imposto-de-renda-entenda-proposta-do-ministro-da-fazenda\/","url_meta":{"origin":75790,"position":3},"title":"Fim da declara\u00e7\u00e3o do Imposto de Renda? entenda proposta do ministro da Fazenda","author":"noticiasribeiraopreto.com.br","date":"1 de April de 2026","format":false,"excerpt":"Ler o resumo da not\u00edcia Ministro da Fazenda pediu \u00e0 Receita Federal que informatize o sistema para eliminar a declara\u00e7\u00e3o anual do Imposto de Renda. Proposta integra dados de bancos, empresas e planos de sa\u00fade para que contribuintes apenas validem informa\u00e7\u00f5es pr\u00e9-preenchidas. Modelo \u00e9 evolu\u00e7\u00e3o da declara\u00e7\u00e3o pr\u00e9-preenchida, que j\u00e1\u2026","rel":"","context":"In &quot;Not\u00edcias de Ribeir\u00e3o Preto-SP e Regi\u00e3o&quot;","block_context":{"text":"Not\u00edcias de Ribeir\u00e3o Preto-SP e Regi\u00e3o","link":"https:\/\/noticiasribeiraopreto.com.br\/index.php\/category\/noticias-de-ribeirao-preto-sp-e-regiao-ismael-colosi\/"},"img":{"alt_text":"","src":"https:\/\/i0.wp.com\/noticiasribeiraopreto.com.br\/wp-content\/uploads\/2026\/03\/dario-durigan_2026-03-19_20-11-15.webp.webp?fit=1200%2C675&ssl=1&resize=350%2C200","width":350,"height":200,"srcset":"https:\/\/i0.wp.com\/noticiasribeiraopreto.com.br\/wp-content\/uploads\/2026\/03\/dario-durigan_2026-03-19_20-11-15.webp.webp?fit=1200%2C675&ssl=1&resize=350%2C200 1x, https:\/\/i0.wp.com\/noticiasribeiraopreto.com.br\/wp-content\/uploads\/2026\/03\/dario-durigan_2026-03-19_20-11-15.webp.webp?fit=1200%2C675&ssl=1&resize=525%2C300 1.5x, https:\/\/i0.wp.com\/noticiasribeiraopreto.com.br\/wp-content\/uploads\/2026\/03\/dario-durigan_2026-03-19_20-11-15.webp.webp?fit=1200%2C675&ssl=1&resize=700%2C400 2x, https:\/\/i0.wp.com\/noticiasribeiraopreto.com.br\/wp-content\/uploads\/2026\/03\/dario-durigan_2026-03-19_20-11-15.webp.webp?fit=1200%2C675&ssl=1&resize=1050%2C600 3x"},"classes":[]},{"id":75173,"url":"https:\/\/noticiasribeiraopreto.com.br\/index.php\/2025\/08\/05\/brasil-fara-consulta-na-omc-sobre-tarifas-tribuna-ribeirao\/","url_meta":{"origin":75790,"position":4},"title":"Brasil far\u00e1 consulta na OMC sobre tarifas \u2013 Tribuna Ribeir\u00e3o","author":"noticiasribeiraopreto.com.br","date":"5 de August de 2025","format":false,"excerpt":"O vice-presidente e ministro do Desenvolvimento, Ind\u00fastria, Com\u00e9rcio e Servi\u00e7os, Geraldo Alckmin, confirmou nesta segunda-feira, 4 de agosto, que o Brasil far\u00e1 consulta na Organiza\u00e7\u00e3o Mundial do Com\u00e9rcio (OMC) em rea\u00e7\u00e3o ao tarifa\u00e7o imposto pelos Estados Unidos a produtos brasileiros. \u201cO Conselho de Ministros da Camex aprovou o Brasil entrar\u2026","rel":"","context":"In &quot;Not\u00edcias de Ribeir\u00e3o Preto-SP e Regi\u00e3o&quot;","block_context":{"text":"Not\u00edcias de Ribeir\u00e3o Preto-SP e Regi\u00e3o","link":"https:\/\/noticiasribeiraopreto.com.br\/index.php\/category\/noticias-de-ribeirao-preto-sp-e-regiao-ismael-colosi\/"},"img":{"alt_text":"","src":"","width":0,"height":0},"classes":[]},{"id":75575,"url":"https:\/\/noticiasribeiraopreto.com.br\/index.php\/2025\/08\/11\/alckmin-e-tarcisio-sao-confirmados-na-abertura-da-fenasucro-agrocana\/","url_meta":{"origin":75790,"position":5},"title":"Alckmin e Tarc\u00edsio s\u00e3o confirmados na abertura da Fenasucro &#038; Agrocana","author":"noticiasribeiraopreto.com.br","date":"11 de August de 2025","format":false,"excerpt":"O vice-presidente da Rep\u00fablica, Geraldo Alckmin (PSB), e o governador de S\u00e3o Paulo, Tarc\u00edsio de Freitas (REP), foram confirmados na abertura da Fenasucro & Agrocana, que acontece nesta ter\u00e7a-feira (12), em Sert\u00e3ozinho, na regi\u00e3o de Ribeir\u00e3o Preto. A feira, que tem o foco em temas como transi\u00e7\u00e3o energ\u00e9tica, mobilidade de\u2026","rel":"","context":"In &quot;Not\u00edcias de Ribeir\u00e3o Preto-SP e Regi\u00e3o&quot;","block_context":{"text":"Not\u00edcias de Ribeir\u00e3o Preto-SP e Regi\u00e3o","link":"https:\/\/noticiasribeiraopreto.com.br\/index.php\/category\/noticias-de-ribeirao-preto-sp-e-regiao-ismael-colosi\/"},"img":{"alt_text":"","src":"https:\/\/i0.wp.com\/noticiasribeiraopreto.com.br\/wp-content\/uploads\/2025\/08\/alckmin-tarcisio_2025-08-11_19-11-57.webp.webp?fit=1200%2C674&ssl=1&resize=350%2C200","width":350,"height":200,"srcset":"https:\/\/i0.wp.com\/noticiasribeiraopreto.com.br\/wp-content\/uploads\/2025\/08\/alckmin-tarcisio_2025-08-11_19-11-57.webp.webp?fit=1200%2C674&ssl=1&resize=350%2C200 1x, https:\/\/i0.wp.com\/noticiasribeiraopreto.com.br\/wp-content\/uploads\/2025\/08\/alckmin-tarcisio_2025-08-11_19-11-57.webp.webp?fit=1200%2C674&ssl=1&resize=525%2C300 1.5x, https:\/\/i0.wp.com\/noticiasribeiraopreto.com.br\/wp-content\/uploads\/2025\/08\/alckmin-tarcisio_2025-08-11_19-11-57.webp.webp?fit=1200%2C674&ssl=1&resize=700%2C400 2x, https:\/\/i0.wp.com\/noticiasribeiraopreto.com.br\/wp-content\/uploads\/2025\/08\/alckmin-tarcisio_2025-08-11_19-11-57.webp.webp?fit=1200%2C674&ssl=1&resize=1050%2C600 3x"},"classes":[]}],"jetpack_sharing_enabled":true,"jetpack_shortlink":"https:\/\/wp.me\/peQAOb-jIq","_links":{"self":[{"href":"https:\/\/noticiasribeiraopreto.com.br\/index.php\/wp-json\/wp\/v2\/posts\/75790","targetHints":{"allow":["GET"]}}],"collection":[{"href":"https:\/\/noticiasribeiraopreto.com.br\/index.php\/wp-json\/wp\/v2\/posts"}],"about":[{"href":"https:\/\/noticiasribeiraopreto.com.br\/index.php\/wp-json\/wp\/v2\/types\/post"}],"author":[{"embeddable":true,"href":"https:\/\/noticiasribeiraopreto.com.br\/index.php\/wp-json\/wp\/v2\/users\/1"}],"replies":[{"embeddable":true,"href":"https:\/\/noticiasribeiraopreto.com.br\/index.php\/wp-json\/wp\/v2\/comments?post=75790"}],"version-history":[{"count":0,"href":"https:\/\/noticiasribeiraopreto.com.br\/index.php\/wp-json\/wp\/v2\/posts\/75790\/revisions"}],"wp:featuredmedia":[{"embeddable":true,"href":"https:\/\/noticiasribeiraopreto.com.br\/index.php\/wp-json\/wp\/v2\/media\/75791"}],"wp:attachment":[{"href":"https:\/\/noticiasribeiraopreto.com.br\/index.php\/wp-json\/wp\/v2\/media?parent=75790"}],"wp:term":[{"taxonomy":"category","embeddable":true,"href":"https:\/\/noticiasribeiraopreto.com.br\/index.php\/wp-json\/wp\/v2\/categories?post=75790"},{"taxonomy":"post_tag","embeddable":true,"href":"https:\/\/noticiasribeiraopreto.com.br\/index.php\/wp-json\/wp\/v2\/tags?post=75790"}],"curies":[{"name":"wp","href":"https:\/\/api.w.org\/{rel}","templated":true}]}}