{"id":75792,"date":"2025-08-15T13:02:30","date_gmt":"2025-08-15T16:02:30","guid":{"rendered":"https:\/\/noticiasribeiraopreto.com.br\/index.php\/2025\/08\/15\/ana-pink-e-presa-novamente\/"},"modified":"2025-08-15T13:02:30","modified_gmt":"2025-08-15T16:02:30","slug":"ana-pink-e-presa-novamente","status":"publish","type":"post","link":"https:\/\/noticiasribeiraopreto.com.br\/index.php\/2025\/08\/15\/ana-pink-e-presa-novamente\/","title":{"rendered":"Ana Pink \u00e9 presa novamente"},"content":{"rendered":"<div class='code-block code-block-1' style='margin: 8px 0 8px auto; text-align: right; display: block; clear: both;'>\n<p><a href=\"https:\/\/wa.link\/vpicfd\"><img data-recalc-dims=\"1\" class=\"wp-image-4922\" style=\"aspect-ratio: 2.0253164556962027; width: 561px; height: auto;\" src=\"https:\/\/i0.wp.com\/ismaelcolosi.com.br\/wp-content\/uploads\/2023\/11\/grupo-de-empregos-whatsapp-e-facebook-ismael-colosi-vagas.jpg?ssl=1\" alt=\"\" \/><\/a><\/p>\n<!-- \/wp:image -->\n<\/div>\n<p> <br \/>\n<\/p>\n<div id=\"\">\n<h2 class=\"penci-post-subtitle\">Influenciadora trocou casa, em condom\u00ednio de alto luxo, por cela na Penitenci\u00e1ria Feminina de Ribeir\u00e3o Preto<\/h2>\n<p>\n\t\t\t\t\t\t\t\t\t<span class=\"entry-meta-item penci-posted-on\"><i class=\"fa fa-clock-o\"\/><time class=\"entry-date published updated\" datetime=\"2025-08-15T12:59:50-03:00\">15 de agosto de 2025 12:59<\/time><\/span><span class=\"entry-meta-item penci-post-countview\"><span class=\"entry-meta-item penci-post-countview penci_post-meta_item\"><i class=\"fa fa-eye\"\/><span class=\"penci-post-countview-number penci-post-countview-p435276\">1<\/span><\/span><\/span>\t\t\t\t\t\t\t\t<\/p>\n<p><!-- .entry-meta --><br \/>\n\t\t\t\t\t\t\t\t<span class=\"penci-social-buttons penci-social-share-footer\"><span class=\"penci-social-share-text\">Compartilhar<\/span><a href=\"#\" class=\"penci-post-like penci_post-meta_item  single-like-button penci-social-item like\" data-post_id=\"435276\" title=\"Like\" data-like=\"Like\" data-unlike=\"Unlike\"><i class=\"fa fa-thumbs-o-up\"\/><span class=\"penci-share-number\">0<\/span><\/a><i class=\"fa fa-facebook\"\/><a class=\"penci-social-item twitter\" target=\"_blank\" rel=\"noopener\" title=\"\" href=\"https:\/\/twitter.com\/intent\/tweet?text=Ana%20Pink%20\u00e9%20presa%20novamente%20-%20https:\/\/www.tribunaribeirao.com.br\/ana-pink-e-presa-novamente\/\"><i class=\"fa fa-twitter\"\/><\/a><i class=\"fa fa-linkedin\"\/><i class=\"fa fa-whatsapp\"\/><i class=\"fa fa-telegram\"\/><i class=\"fa fa-envelope\"\/><\/span>\t\t\t\t\t\t\t<\/div>\n<div>\n<p>Por: Adalberto Luque<\/p>\n<p>A blogueira e influenciadora Ana Paula Ferreira, conhecida por Ana Pink, voltou a ser presa, no final da tarde desta quinta-feira (14). De acordo do Tribunal de Justi\u00e7a de S\u00e3o Paulo (TJSP), que emitiu a ordem de pris\u00e3o, ela teria descumprido regras de da pris\u00e3o domiciliar.<\/p>\n<p>Ana e seu ex-marido, Maiclerson Gomes da Silva, apelidado de Maick, foram condenados por lavagem de dinheiro e organiza\u00e7\u00e3o criminosa. Eles foram julgados por um esquema de fraude na contrata\u00e7\u00e3o de empr\u00e9stimos consignados. O golpe causou preju\u00edzos de mais de R$ 10 milh\u00f5es \u00e0s v\u00edtimas.<\/p>\n<p>Ana Pink j\u00e1 havia sido presa em 2022, mas sua defesa conseguiu que ela tivesse o mandado de pris\u00e3o preventiva mudado para pris\u00e3o domiciliar. A justificativa foi que a blogueira tinha filhos menores que precisavam de sua presen\u00e7a.<\/p>\n<p>Quando foi presa, Ana Pink e Maick eram casados, mas teriam se separado no decorrer do inqu\u00e9rito e processo judicial. Ana Pink deixou a pris\u00e3o domiciliar, onde vivia em uma mans\u00e3o de alto luxo em Bonfim Paulista, zona Sul de Ribeir\u00e3o Preto. Foi levada para uma cadeia feminina na regi\u00e3o, onde passou a noite.<\/p>\n<p>Na manh\u00e3 desta sexta-feira, em audi\u00eancia de cust\u00f3dia, foi decretada sua pris\u00e3o preventiva. Ana Pink foi levada para a Penitenci\u00e1ria Feminina de Ribeir\u00e3o Preto, onde seguir\u00e1 presa.<\/p>\n<p>A defesa da influenciadora se manifestou por nota. Informou que a revoga\u00e7\u00e3o da pris\u00e3o domiciliar foi recebida com surpresa e garantiu que medidas jur\u00eddicas para reverter a decis\u00e3o j\u00e1 est\u00e3o sendo adotadas.<\/p>\n<p><strong>Relembre o caso<\/strong><\/p>\n<p>Ana Pink e Maick foram alvo de uma investiga\u00e7\u00e3o realizada pelo Grupo de Atua\u00e7\u00e3o Especial de Combate ao Crime Organizado (Gaeco), do Minist\u00e9rio P\u00fablico de S\u00e3o Paulo.<\/p>\n<p>A apura\u00e7\u00e3o do Gaeco teve in\u00edcio em 2022 e apontou transa\u00e7\u00f5es financeiras em nome de outras pessoas, obten\u00e7\u00e3o indevida de dados do sistema previdenci\u00e1rio por meio de hackers, saques vultosos e movimenta\u00e7\u00f5es incompat\u00edveis com a renda declarada. Eles foram presos em 17 de mar\u00e7o daquele ano.<\/p>\n<p>O casal firmava contratos em nomes de terceiros sem autoriza\u00e7\u00e3o. Ao menos 360 mil cidad\u00e3os tiveram informa\u00e7\u00f5es pessoais expostas.<\/p>\n<p>De acordo com o Gaeco, dados sigilosos de benefici\u00e1rios eram obtidos junto a uma empresa de software no Vale do Para\u00edba, que invadiu e explorou a base de informa\u00e7\u00f5es do INSS.<\/p>\n<p>As planilhas adquiridas por Ana Pink, segundo as autoridades, traziam detalhes como tipo de benef\u00edcio, poss\u00edveis restri\u00e7\u00f5es, limites para cr\u00e9dito, banco e conta de recebimento.<\/p>\n<p>Essas mesmas informa\u00e7\u00f5es tamb\u00e9m eram coletadas por programas automatizados criados por outro investigado, que possibilitavam o acesso remoto ao sistema previdenci\u00e1rio.<\/p>\n<p>Os dois foram sentenciados em abril de 2023 a nove anos de pris\u00e3o por participa\u00e7\u00e3o em um esquema de fraude com empr\u00e9stimos consignados, usado para lavar dinheiro e obter ilegalmente mais de R$ 10 milh\u00f5es. Em maio de 2025, a pena foi ampliada para 13 anos. Ambos negam envolvimento nos delitos.<\/p>\n<p>\u00a0<\/p>\n<p>_____<\/p>\n<p>\u00a0<\/p>\n<p>Jornal Tribuna Ribeir\u00e3o<br \/>Um Jornal com a cara de Ribeir\u00e3o!<\/p>\n<p>Impresso | WEB | Redes sociais<br \/>Tribuna Ribeir\u00e3o \u2013 Fone: (16) 3632-2200 \u2013 Whatsapp: (16) 98161-8743<br \/>Av. Bar\u00e3o do Bananal, 880 \u2013 Jardim Anhanguera, Ribeir\u00e3o Preto<\/p>\n<p>@tribunaribeirao<br \/>@meiaderibeirao<br \/>@dinoderibeirao<br \/>#TribunaRibeir\u00e3o<br \/>#News<br \/>#Not\u00edcia<br \/>#Ribeir\u00e3oPreto #Not\u00edciasDeRibeir\u00e3oPreto<br \/>#ClassificadosTribunaRibeir\u00e3o<br \/>#Jornalismo<br \/>#ClassificadosRibeir\u00e3o<\/p>\n<\/div>\n<p><script async src=\"\/\/platform.twitter.com\/widgets.js\" charset=\"utf-8\"><\/script><br \/>\n<br \/><br \/>\n<br \/><a href=\"https:\/\/www.tribunaribeirao.com.br\/ana-pink-e-presa-novamente\/\">Source link <\/a><\/p>\n<!-- CONTENT END 1 -->\n","protected":false},"excerpt":{"rendered":"<p>Influenciadora trocou casa, em condom\u00ednio de alto luxo, por cela na Penitenci\u00e1ria Feminina de Ribeir\u00e3o Preto 15 de agosto de 2025 12:591 Compartilhar0 Por: Adalberto&#8230;<\/p>\n","protected":false},"author":1,"featured_media":75793,"comment_status":"open","ping_status":"open","sticky":false,"template":"","format":"standard","meta":{"advanced_seo_description":"","jetpack_seo_html_title":"","jetpack_seo_noindex":false,"jetpack_post_was_ever_published":false,"_jetpack_newsletter_access":"","_jetpack_dont_email_post_to_subs":false,"_jetpack_newsletter_tier_id":0,"_jetpack_memberships_contains_paywalled_content":false,"_jetpack_memberships_contains_paid_content":false,"footnotes":"","jetpack_publicize_message":"","jetpack_publicize_feature_enabled":true,"jetpack_social_post_already_shared":true,"jetpack_social_options":{"image_generator_settings":{"template":"highway","default_image_id":0,"font":"","enabled":false},"version":2}},"categories":[11],"tags":[],"class_list":["post-75792","post","type-post","status-publish","format-standard","has-post-thumbnail","hentry","category-noticias-de-ribeirao-preto-sp-e-regiao-ismael-colosi"],"jetpack_publicize_connections":[],"jetpack_featured_media_url":"https:\/\/i0.wp.com\/noticiasribeiraopreto.com.br\/wp-content\/uploads\/2025\/08\/15-ago-2025-anapinkemaik.jpg?fit=984%2C616&ssl=1","jetpack-related-posts":[{"id":29795,"url":"https:\/\/noticiasribeiraopreto.com.br\/index.php\/2024\/01\/19\/atendente-e-sac-13\/","url_meta":{"origin":75792,"position":0},"title":"Atendente e SAC","author":"noticiasribeiraopreto.com.br","date":"19 de January de 2024","format":false,"excerpt":"Atendente e SAC Ribeir\u00e3o Preto (SP)View JobGerente de Marketing e Relacionamento Ribeir\u00e3o Preto e Regi\u00e3o View JobGerente Industrial \/ Produ\u00e7\u00e3o Regi\u00e3o do ABC \u2013 S\u00e3o Paulo View JobGerente de Vendas Externo S\u00e3o Paulo Capital e Grande S\u00e3o PauloView JobDIRETOR(A) DE SUSTENBALIDADE Ribeir\u00e3o Preto (SP)View JobCONTROLLER \u2013 INGL\u00caS FLUENTERibeir\u00e3o Preto (SP)View\u2026","rel":"","context":"In &quot;Vagas de Emprego em Ribeir\u00e3o Preto-SP&quot;","block_context":{"text":"Vagas de Emprego em Ribeir\u00e3o Preto-SP","link":"https:\/\/noticiasribeiraopreto.com.br\/index.php\/category\/empregos-classificados-vagas-trabalho\/vagas-de-empregos-em-ribeirao-preto-regiao-brasil\/"},"img":{"alt_text":"","src":"","width":0,"height":0},"classes":[]},{"id":31467,"url":"https:\/\/noticiasribeiraopreto.com.br\/index.php\/2024\/01\/22\/atendente-e-sac-14\/","url_meta":{"origin":75792,"position":1},"title":"Atendente e SAC","author":"noticiasribeiraopreto.com.br","date":"22 de January de 2024","format":false,"excerpt":"Atendente e SAC Ribeir\u00e3o Preto (SP)View JobGerente de Marketing e Relacionamento Ribeir\u00e3o Preto e Regi\u00e3o View JobGerente Industrial \/ Produ\u00e7\u00e3o Regi\u00e3o do ABC \u2013 S\u00e3o Paulo View JobGerente de Vendas Externo S\u00e3o Paulo Capital e Grande S\u00e3o PauloView JobDIRETOR(A) DE SUSTENBALIDADE Ribeir\u00e3o Preto (SP)View JobCONTROLLER \u2013 INGL\u00caS FLUENTERibeir\u00e3o Preto (SP)View\u2026","rel":"","context":"In &quot;Vagas de Emprego em Ribeir\u00e3o Preto-SP&quot;","block_context":{"text":"Vagas de Emprego em Ribeir\u00e3o Preto-SP","link":"https:\/\/noticiasribeiraopreto.com.br\/index.php\/category\/empregos-classificados-vagas-trabalho\/vagas-de-empregos-em-ribeirao-preto-regiao-brasil\/"},"img":{"alt_text":"","src":"","width":0,"height":0},"classes":[]},{"id":28656,"url":"https:\/\/noticiasribeiraopreto.com.br\/index.php\/2024\/01\/16\/atendente-e-sac-12\/","url_meta":{"origin":75792,"position":2},"title":"Atendente e SAC","author":"noticiasribeiraopreto.com.br","date":"16 de January de 2024","format":false,"excerpt":"Atendente e SAC Ribeir\u00e3o Preto (SP)View JobGerente de Marketing e Relacionamento Ribeir\u00e3o Preto e Regi\u00e3o View JobGerente Industrial \/ Produ\u00e7\u00e3o Regi\u00e3o do ABC \u2013 S\u00e3o Paulo View JobGerente de Vendas Externo S\u00e3o Paulo Capital e Grande S\u00e3o PauloView JobDIRETOR(A) DE SUSTENBALIDADE Ribeir\u00e3o Preto (SP)View JobCONTROLLER \u2013 INGL\u00caS FLUENTERibeir\u00e3o Preto (SP)View\u2026","rel":"","context":"In &quot;Vagas de Emprego em Ribeir\u00e3o Preto-SP&quot;","block_context":{"text":"Vagas de Emprego em Ribeir\u00e3o Preto-SP","link":"https:\/\/noticiasribeiraopreto.com.br\/index.php\/category\/empregos-classificados-vagas-trabalho\/vagas-de-empregos-em-ribeirao-preto-regiao-brasil\/"},"img":{"alt_text":"","src":"","width":0,"height":0},"classes":[]},{"id":23108,"url":"https:\/\/noticiasribeiraopreto.com.br\/index.php\/2024\/01\/01\/atendente-e-sac-8\/","url_meta":{"origin":75792,"position":3},"title":"Atendente e SAC","author":"noticiasribeiraopreto.com.br","date":"1 de January de 2024","format":false,"excerpt":"Atendente e SAC Ribeir\u00e3o Preto (SP)View JobGerente de Marketing e Relacionamento Ribeir\u00e3o Preto e Regi\u00e3o View JobGerente Industrial \/ Produ\u00e7\u00e3o Regi\u00e3o do ABC \u2013 S\u00e3o Paulo View JobGerente de Vendas Externo S\u00e3o Paulo Capital e Grande S\u00e3o PauloView JobDIRETOR(A) DE SUSTENBALIDADE Ribeir\u00e3o Preto (SP)View JobCONTROLLER \u2013 INGL\u00caS FLUENTERibeir\u00e3o Preto (SP)View\u2026","rel":"","context":"In &quot;Vagas de Emprego em Ribeir\u00e3o Preto-SP&quot;","block_context":{"text":"Vagas de Emprego em Ribeir\u00e3o Preto-SP","link":"https:\/\/noticiasribeiraopreto.com.br\/index.php\/category\/empregos-classificados-vagas-trabalho\/vagas-de-empregos-em-ribeirao-preto-regiao-brasil\/"},"img":{"alt_text":"","src":"","width":0,"height":0},"classes":[]},{"id":24424,"url":"https:\/\/noticiasribeiraopreto.com.br\/index.php\/2024\/01\/04\/atendente-e-sac-9\/","url_meta":{"origin":75792,"position":4},"title":"Atendente e SAC","author":"noticiasribeiraopreto.com.br","date":"4 de January de 2024","format":false,"excerpt":"Atendente e SAC Ribeir\u00e3o Preto (SP)View JobGerente de Marketing e Relacionamento Ribeir\u00e3o Preto e Regi\u00e3o View JobGerente Industrial \/ Produ\u00e7\u00e3o Regi\u00e3o do ABC \u2013 S\u00e3o Paulo View JobGerente de Vendas Externo S\u00e3o Paulo Capital e Grande S\u00e3o PauloView JobDIRETOR(A) DE SUSTENBALIDADE Ribeir\u00e3o Preto (SP)View JobCONTROLLER \u2013 INGL\u00caS FLUENTERibeir\u00e3o Preto (SP)View\u2026","rel":"","context":"In &quot;Vagas de Emprego em Ribeir\u00e3o Preto-SP&quot;","block_context":{"text":"Vagas de Emprego em Ribeir\u00e3o Preto-SP","link":"https:\/\/noticiasribeiraopreto.com.br\/index.php\/category\/empregos-classificados-vagas-trabalho\/vagas-de-empregos-em-ribeirao-preto-regiao-brasil\/"},"img":{"alt_text":"","src":"","width":0,"height":0},"classes":[]},{"id":26597,"url":"https:\/\/noticiasribeiraopreto.com.br\/index.php\/2024\/01\/10\/atendente-e-sac-10\/","url_meta":{"origin":75792,"position":5},"title":"Atendente e SAC","author":"noticiasribeiraopreto.com.br","date":"10 de January de 2024","format":false,"excerpt":"Atendente e SAC Ribeir\u00e3o Preto (SP)View JobGerente de Marketing e Relacionamento Ribeir\u00e3o Preto e Regi\u00e3o View JobGerente Industrial \/ Produ\u00e7\u00e3o Regi\u00e3o do ABC \u2013 S\u00e3o Paulo View JobGerente de Vendas Externo S\u00e3o Paulo Capital e Grande S\u00e3o PauloView JobDIRETOR(A) DE SUSTENBALIDADE Ribeir\u00e3o Preto (SP)View JobCONTROLLER \u2013 INGL\u00caS FLUENTERibeir\u00e3o Preto (SP)View\u2026","rel":"","context":"In &quot;Vagas de Emprego em Ribeir\u00e3o Preto-SP&quot;","block_context":{"text":"Vagas de Emprego em Ribeir\u00e3o Preto-SP","link":"https:\/\/noticiasribeiraopreto.com.br\/index.php\/category\/empregos-classificados-vagas-trabalho\/vagas-de-empregos-em-ribeirao-preto-regiao-brasil\/"},"img":{"alt_text":"","src":"","width":0,"height":0},"classes":[]}],"jetpack_sharing_enabled":true,"jetpack_shortlink":"https:\/\/wp.me\/peQAOb-jIs","_links":{"self":[{"href":"https:\/\/noticiasribeiraopreto.com.br\/index.php\/wp-json\/wp\/v2\/posts\/75792","targetHints":{"allow":["GET"]}}],"collection":[{"href":"https:\/\/noticiasribeiraopreto.com.br\/index.php\/wp-json\/wp\/v2\/posts"}],"about":[{"href":"https:\/\/noticiasribeiraopreto.com.br\/index.php\/wp-json\/wp\/v2\/types\/post"}],"author":[{"embeddable":true,"href":"https:\/\/noticiasribeiraopreto.com.br\/index.php\/wp-json\/wp\/v2\/users\/1"}],"replies":[{"embeddable":true,"href":"https:\/\/noticiasribeiraopreto.com.br\/index.php\/wp-json\/wp\/v2\/comments?post=75792"}],"version-history":[{"count":0,"href":"https:\/\/noticiasribeiraopreto.com.br\/index.php\/wp-json\/wp\/v2\/posts\/75792\/revisions"}],"wp:featuredmedia":[{"embeddable":true,"href":"https:\/\/noticiasribeiraopreto.com.br\/index.php\/wp-json\/wp\/v2\/media\/75793"}],"wp:attachment":[{"href":"https:\/\/noticiasribeiraopreto.com.br\/index.php\/wp-json\/wp\/v2\/media?parent=75792"}],"wp:term":[{"taxonomy":"category","embeddable":true,"href":"https:\/\/noticiasribeiraopreto.com.br\/index.php\/wp-json\/wp\/v2\/categories?post=75792"},{"taxonomy":"post_tag","embeddable":true,"href":"https:\/\/noticiasribeiraopreto.com.br\/index.php\/wp-json\/wp\/v2\/tags?post=75792"}],"curies":[{"name":"wp","href":"https:\/\/api.w.org\/{rel}","templated":true}]}}