{"id":75795,"date":"2025-08-15T15:16:57","date_gmt":"2025-08-15T18:16:57","guid":{"rendered":"https:\/\/noticiasribeiraopreto.com.br\/index.php\/2025\/08\/15\/concurso-do-ministerio-publico-abre-inscricoes\/"},"modified":"2025-08-15T15:16:57","modified_gmt":"2025-08-15T18:16:57","slug":"concurso-do-ministerio-publico-abre-inscricoes","status":"publish","type":"post","link":"https:\/\/noticiasribeiraopreto.com.br\/index.php\/2025\/08\/15\/concurso-do-ministerio-publico-abre-inscricoes\/","title":{"rendered":"Concurso do Minist\u00e9rio P\u00fablico abre inscri\u00e7\u00f5es"},"content":{"rendered":"<div class='code-block code-block-1' style='margin: 8px 0 8px auto; text-align: right; display: block; clear: both;'>\n<p><a href=\"https:\/\/wa.link\/vpicfd\"><img data-recalc-dims=\"1\" class=\"wp-image-4922\" style=\"aspect-ratio: 2.0253164556962027; width: 561px; height: auto;\" src=\"https:\/\/i0.wp.com\/ismaelcolosi.com.br\/wp-content\/uploads\/2023\/11\/grupo-de-empregos-whatsapp-e-facebook-ismael-colosi-vagas.jpg?ssl=1\" alt=\"\" \/><\/a><\/p>\n<!-- \/wp:image -->\n<\/div>\n<p> <br \/>\n<\/p>\n<div id=\"\">\n<p>\n\t\t\t\t\t\t\t\t\t<span class=\"entry-meta-item penci-posted-on\"><i class=\"fa fa-clock-o\"\/><time class=\"entry-date published\" datetime=\"2025-08-15T15:15:25-03:00\">15 de agosto de 2025 15:15<\/time><time class=\"updated\" datetime=\"2025-08-15T14:27:36-03:00\">15 de agosto de 2025 14:27<\/time><\/span><span class=\"entry-meta-item penci-post-countview\"><span class=\"entry-meta-item penci-post-countview penci_post-meta_item\"><i class=\"fa fa-eye\"\/><span class=\"penci-post-countview-number penci-post-countview-p435283\">9<\/span><\/span><\/span>\t\t\t\t\t\t\t\t<\/p>\n<p><!-- .entry-meta --><br \/>\n\t\t\t\t\t\t\t\t<span class=\"penci-social-buttons penci-social-share-footer\"><span class=\"penci-social-share-text\">Compartilhar<\/span><a href=\"#\" class=\"penci-post-like penci_post-meta_item  single-like-button penci-social-item like\" data-post_id=\"435283\" title=\"Like\" data-like=\"Like\" data-unlike=\"Unlike\"><i class=\"fa fa-thumbs-o-up\"\/><span class=\"penci-share-number\">0<\/span><\/a><i class=\"fa fa-facebook\"\/><a class=\"penci-social-item twitter\" target=\"_blank\" rel=\"noopener\" title=\"\" href=\"https:\/\/twitter.com\/intent\/tweet?text=Concurso%20do%20Minist\u00e9rio%20P\u00fablico%20abre%20inscri\u00e7\u00f5es%20-%20https:\/\/www.tribunaribeirao.com.br\/concurso-do-ministerio-publico-abre-inscricoes\/\"><i class=\"fa fa-twitter\"\/><\/a><i class=\"fa fa-linkedin\"\/><i class=\"fa fa-whatsapp\"\/><i class=\"fa fa-telegram\"\/><i class=\"fa fa-envelope\"\/><\/span>\t\t\t\t\t\t\t<\/div>\n<div>\n<p><span class=\"TextRun SCXW67437206 BCX8\" lang=\"PT-BR\" xml:lang=\"PT-BR\" data-contrast=\"auto\"><span class=\"NormalTextRun SCXW67437206 BCX8\">Foi publicado no Di\u00e1rio Oficial do Estado de S\u00e3o Paulo, na \u00faltima sexta-feira<\/span><span class=\"NormalTextRun SCXW67437206 BCX8\">, <\/span><span class=\"NormalTextRun SCXW67437206 BCX8\">8<\/span><span class=\"NormalTextRun SCXW67437206 BCX8\"> de agosto, <\/span><span class=\"NormalTextRun SCXW67437206 BCX8\">o edital do <\/span><span class=\"NormalTextRun SCXW67437206 BCX8\">c<\/span><span class=\"NormalTextRun SCXW67437206 BCX8\">oncurso <\/span><span class=\"NormalTextRun SCXW67437206 BCX8\">p<\/span><span class=\"NormalTextRun SCXW67437206 BCX8\">\u00fablico n\u00ba 03\/2025 do Minist\u00e9rio P\u00fablico de S\u00e3o Paulo para o cargo de analista na especialidade agente de Promotoria. O certame, organizado pela Funda\u00e7\u00e3o <\/span><span class=\"NormalTextRun SpellingErrorV2Themed SCXW67437206 BCX8\">Vunesp<\/span><span class=\"NormalTextRun SCXW67437206 BCX8\">, oferece 15 vagas imediatas distribu\u00eddas pelas cinco macrorregi\u00f5es do MPSP, al\u00e9m de forma\u00e7\u00e3o de cadastro de reserva. <\/span><\/span><span class=\"LineBreakBlob BlobObject DragDrop SCXW67437206 BCX8\"><span class=\"SCXW67437206 BCX8\">\u00a0<\/span><br class=\"SCXW67437206 BCX8\"\/><\/span><span class=\"TextRun SCXW67437206 BCX8\" lang=\"PT-BR\" xml:lang=\"PT-BR\" data-contrast=\"auto\"><span class=\"NormalTextRun SCXW67437206 BCX8\">A remunera\u00e7\u00e3o inicial \u00e9 de R$ 13.581,75<\/span><span class=\"NormalTextRun SCXW67437206 BCX8\">. Ainda <\/span><span class=\"NormalTextRun SCXW67437206 BCX8\">oferece benef\u00edcios como aux\u00edlio-alimenta\u00e7\u00e3o de R$ 1.450, aux\u00edlio-transporte de R$ 17,80 (valor por dia) e aux\u00edlio-sa\u00fade de R$ 2.037,26.<\/span> <span class=\"NormalTextRun SCXW67437206 BCX8\">As inscri\u00e7\u00f5es devem ser feitas exclusivamente pelo site da Funda\u00e7\u00e3o <\/span><span class=\"NormalTextRun SpellingErrorV2Themed SCXW67437206 BCX8\">Vunesp<\/span><span class=\"NormalTextRun SCXW67437206 BCX8\">,<\/span><span class=\"NormalTextRun SCXW67437206 BCX8\"> at\u00e9 15 de setembro<\/span><span class=\"NormalTextRun SCXW67437206 BCX8\">, mediante pagamento da taxa de R$ 181. <\/span><\/span><\/p>\n<p><span class=\"TextRun SCXW67437206 BCX8\" lang=\"PT-BR\" xml:lang=\"PT-BR\" data-contrast=\"auto\"><span class=\"NormalTextRun SCXW67437206 BCX8\">Candidatos doadores de sangue e estudantes com baixa renda podem solicitar isen\u00e7\u00e3o ou redu\u00e7\u00e3o do valor, conforme crit\u00e9rios previstos. O interessado deve escolher uma \u00fanica macrorregi\u00e3o para concorrer, n\u00e3o sendo permitida altera\u00e7\u00e3o posterior.<\/span><\/span><span class=\"LineBreakBlob BlobObject DragDrop SCXW67437206 BCX8\"><span class=\"SCXW67437206 BCX8\">\u00a0<\/span><br class=\"SCXW67437206 BCX8\"\/><\/span><span class=\"TextRun SCXW67437206 BCX8\" lang=\"PT-BR\" xml:lang=\"PT-BR\" data-contrast=\"auto\"><span class=\"NormalTextRun SCXW67437206 BCX8\">O edital prev\u00ea <\/span><span class=\"NormalTextRun SCXW67437206 BCX8\">duas vagas para a regi\u00e3o V, que envolve <\/span><span class=\"NormalTextRun SCXW67437206 BCX8\">Ribeir\u00e3o Preto<\/span><span class=\"NormalTextRun SCXW67437206 BCX8\">, <\/span><span class=\"NormalTextRun SCXW67437206 BCX8\">Franca<\/span><span class=\"NormalTextRun SCXW67437206 BCX8\"> e <\/span><span class=\"NormalTextRun SCXW67437206 BCX8\">S\u00e3o Jos\u00e9 do Rio Preto<\/span><span class=\"NormalTextRun SCXW67437206 BCX8\">. Tamb\u00e9m h\u00e1 oportunidades para a c<\/span><span class=\"NormalTextRun SCXW67437206 BCX8\">apital, Grande S\u00e3o Paulo, Santos<\/span><span class=\"NormalTextRun SCXW67437206 BCX8\">, <\/span><span class=\"NormalTextRun SCXW67437206 BCX8\">Vale do Ribeira<\/span><span class=\"NormalTextRun SCXW67437206 BCX8\">, <\/span><span class=\"NormalTextRun SCXW67437206 BCX8\">Campinas<\/span><span class=\"NormalTextRun SCXW67437206 BCX8\">, <\/span><span class=\"NormalTextRun SCXW67437206 BCX8\">Taubat\u00e9<\/span><span class=\"NormalTextRun SCXW67437206 BCX8\">, <\/span><span class=\"NormalTextRun SCXW67437206 BCX8\">Piracicaba<\/span><span class=\"NormalTextRun SCXW67437206 BCX8\">, <\/span><span class=\"NormalTextRun SCXW67437206 BCX8\">Sorocaba<\/span><span class=\"NormalTextRun SCXW67437206 BCX8\">, <\/span><span class=\"NormalTextRun SCXW67437206 BCX8\">Ara\u00e7atuba, Bauru<\/span><span class=\"NormalTextRun SCXW67437206 BCX8\"> e <\/span><span class=\"NormalTextRun SCXW67437206 BCX8\">Presidente Prudente. <\/span><\/span><span class=\"LineBreakBlob BlobObject DragDrop SCXW67437206 BCX8\"><span class=\"SCXW67437206 BCX8\">\u00a0<\/span><br class=\"SCXW67437206 BCX8\"\/><\/span><span class=\"TextRun SCXW67437206 BCX8\" lang=\"PT-BR\" xml:lang=\"PT-BR\" data-contrast=\"auto\"><span class=\"NormalTextRun SCXW67437206 BCX8\">H\u00e1 ainda forma\u00e7\u00e3o de cadastro de reserva em todas as regi\u00f5es e reserva de vagas para candidatos com defici\u00eancia e negros.<\/span> <span class=\"NormalTextRun SCXW67437206 BCX8\">Entre os requisitos para investidura no cargo est\u00e3o: ter n\u00edvel superior completo em qualquer \u00e1rea, idade m\u00ednima de 18 anos, <\/span><span class=\"NormalTextRun SCXW67437206 BCX8\">estar<\/span><span class=\"NormalTextRun SCXW67437206 BCX8\"> em dia com as obriga\u00e7\u00f5es eleitorais e, no caso de homens, com o servi\u00e7o militar, al\u00e9m de possuir aptid\u00e3o f\u00edsica e mental para o exerc\u00edcio da fun\u00e7\u00e3o. <\/span><\/span><span class=\"LineBreakBlob BlobObject DragDrop SCXW67437206 BCX8\"><span class=\"SCXW67437206 BCX8\">\u00a0<\/span><br class=\"SCXW67437206 BCX8\"\/><\/span><span class=\"TextRun SCXW67437206 BCX8\" lang=\"PT-BR\" xml:lang=\"PT-BR\" data-contrast=\"auto\"><span class=\"NormalTextRun SCXW67437206 BCX8\">As atribui\u00e7\u00f5es incluem dilig\u00eancias e investiga\u00e7\u00f5es de interesse do Minist\u00e9rio P\u00fablico, prote\u00e7\u00e3o de informa\u00e7\u00f5es sigilosas e apoio a membros da institui\u00e7\u00e3o em atividades externas e cumprimento de mandados judiciais.<\/span> <span class=\"NormalTextRun SCXW67437206 BCX8\">O processo seletivo ter\u00e1 quatro fases: prova objetiva e prova dissertativa (ambas em 23<\/span><span class=\"NormalTextRun SCXW67437206 BCX8\"> de novembro<\/span><span class=\"NormalTextRun SCXW67437206 BCX8\">), investiga\u00e7\u00e3o social e prova oral. <\/span><\/span><span class=\"LineBreakBlob BlobObject DragDrop SCXW67437206 BCX8\"><span class=\"SCXW67437206 BCX8\">\u00a0<\/span><br class=\"SCXW67437206 BCX8\"\/><\/span><span class=\"TextRun SCXW67437206 BCX8\" lang=\"PT-BR\" xml:lang=\"PT-BR\" data-contrast=\"auto\"><span class=\"NormalTextRun SCXW67437206 BCX8\">A primeira etapa contar\u00e1 com 90 quest\u00f5es de m\u00faltipla escolha distribu\u00eddas entre conhecimentos gerais e espec\u00edficos. A prova dissertativa ser\u00e1 composta por duas quest\u00f5es discursivas e uma reda\u00e7\u00e3o t\u00e9cnica. A investiga\u00e7\u00e3o social <\/span><span class=\"NormalTextRun SCXW67437206 BCX8\">ter\u00e1 car\u00e1ter eliminat\u00f3rio, e a prova oral avaliar\u00e1 conhecimentos nas disciplinas do conte\u00fado program\u00e1tico.<\/span><\/span><span class=\"EOP SCXW67437206 BCX8\" data-ccp-props=\"{}\">\u00a0<\/span><\/p>\n<\/div>\n<p><script async src=\"\/\/platform.twitter.com\/widgets.js\" charset=\"utf-8\"><\/script><br \/>\n<br \/><br \/>\n<br \/><a href=\"https:\/\/www.tribunaribeirao.com.br\/concurso-do-ministerio-publico-abre-inscricoes\/\">Source link <\/a><\/p>\n<!-- CONTENT END 1 -->\n","protected":false},"excerpt":{"rendered":"<p>15 de agosto de 2025 15:1515 de agosto de 2025 14:279 Compartilhar0 Foi publicado no Di\u00e1rio Oficial do Estado de S\u00e3o Paulo, na \u00faltima sexta-feira,&#8230;<\/p>\n","protected":false},"author":1,"featured_media":75796,"comment_status":"open","ping_status":"open","sticky":false,"template":"","format":"standard","meta":{"advanced_seo_description":"","jetpack_seo_html_title":"","jetpack_seo_noindex":false,"jetpack_post_was_ever_published":false,"_jetpack_newsletter_access":"","_jetpack_dont_email_post_to_subs":false,"_jetpack_newsletter_tier_id":0,"_jetpack_memberships_contains_paywalled_content":false,"_jetpack_memberships_contains_paid_content":false,"footnotes":"","jetpack_publicize_message":"","jetpack_publicize_feature_enabled":true,"jetpack_social_post_already_shared":true,"jetpack_social_options":{"image_generator_settings":{"template":"highway","default_image_id":0,"font":"","enabled":false},"version":2}},"categories":[11],"tags":[],"class_list":["post-75795","post","type-post","status-publish","format-standard","has-post-thumbnail","hentry","category-noticias-de-ribeirao-preto-sp-e-regiao-ismael-colosi"],"jetpack_publicize_connections":[],"jetpack_featured_media_url":"https:\/\/i0.wp.com\/noticiasribeiraopreto.com.br\/wp-content\/uploads\/2025\/08\/Ibama-Divulgacao-scaled.jpg?fit=800%2C464&ssl=1","jetpack-related-posts":[{"id":46085,"url":"https:\/\/noticiasribeiraopreto.com.br\/index.php\/2024\/04\/09\/festa-do-peao-de-barretos-confirma-show-de-edson-hudson\/","url_meta":{"origin":75795,"position":0},"title":"Festa do Pe\u00e3o de Barretos confirma show de Edson &#038; Hudson","author":"noticiasribeiraopreto.com.br","date":"9 de April de 2024","format":false,"excerpt":"Festa do Pe\u00e3o de Barretos confirma show de Edson & HudsonDupla com mais de tr\u00eas d\u00e9cadas de hist\u00f3ria apresentar\u00e1 seus maiores sucessos no dia 18 de agosto, domingo. A Festa acontece de 15 a 25 de agosto, no Parque do Pe\u00e3o, e ingressos j\u00e1 est\u00e3o \u00e0 venda. A 69\u00aa Festa\u2026","rel":"","context":"In &quot;Not\u00edcias de Ribeir\u00e3o Preto-SP e Regi\u00e3o&quot;","block_context":{"text":"Not\u00edcias de Ribeir\u00e3o Preto-SP e Regi\u00e3o","link":"https:\/\/noticiasribeiraopreto.com.br\/index.php\/category\/noticias-de-ribeirao-preto-sp-e-regiao-ismael-colosi\/"},"img":{"alt_text":"","src":"https:\/\/i0.wp.com\/noticiasribeiraopreto.com.br\/wp-content\/uploads\/2024\/04\/85f68e21cdfeac1b8cca92eadc410ba7-1.jpeg?fit=1200%2C645&ssl=1&resize=350%2C200","width":350,"height":200,"srcset":"https:\/\/i0.wp.com\/noticiasribeiraopreto.com.br\/wp-content\/uploads\/2024\/04\/85f68e21cdfeac1b8cca92eadc410ba7-1.jpeg?fit=1200%2C645&ssl=1&resize=350%2C200 1x, https:\/\/i0.wp.com\/noticiasribeiraopreto.com.br\/wp-content\/uploads\/2024\/04\/85f68e21cdfeac1b8cca92eadc410ba7-1.jpeg?fit=1200%2C645&ssl=1&resize=525%2C300 1.5x, https:\/\/i0.wp.com\/noticiasribeiraopreto.com.br\/wp-content\/uploads\/2024\/04\/85f68e21cdfeac1b8cca92eadc410ba7-1.jpeg?fit=1200%2C645&ssl=1&resize=700%2C400 2x, https:\/\/i0.wp.com\/noticiasribeiraopreto.com.br\/wp-content\/uploads\/2024\/04\/85f68e21cdfeac1b8cca92eadc410ba7-1.jpeg?fit=1200%2C645&ssl=1&resize=1050%2C600 3x"},"classes":[]},{"id":76028,"url":"https:\/\/noticiasribeiraopreto.com.br\/index.php\/2025\/08\/20\/instabilidade-tira-do-ar-consulta-de-dados-sobre-qualidade-do-ar-em-ribeirao-entenda\/","url_meta":{"origin":75795,"position":1},"title":"Instabilidade tira do ar consulta de dados sobre qualidade do ar em Ribeir\u00e3o; Entenda","author":"noticiasribeiraopreto.com.br","date":"20 de August de 2025","format":false,"excerpt":"Com a chegada do veranico, per\u00edodo em que as temperaturas ficam acima da m\u00e9dia mesmo no inverno, a qualidade do ar em Ribeir\u00e3o Preto pode ser prejudicada. Nesta semana, por\u00e9m, quem tentou acompanhar os \u00edndices de monitoramento encontrou dificuldades, j\u00e1 que a aba do site da Cetesb (Companhia Ambiental do\u2026","rel":"","context":"In &quot;Not\u00edcias de Ribeir\u00e3o Preto-SP e Regi\u00e3o&quot;","block_context":{"text":"Not\u00edcias de Ribeir\u00e3o Preto-SP e Regi\u00e3o","link":"https:\/\/noticiasribeiraopreto.com.br\/index.php\/category\/noticias-de-ribeirao-preto-sp-e-regiao-ismael-colosi\/"},"img":{"alt_text":"","src":"https:\/\/i0.wp.com\/noticiasribeiraopreto.com.br\/wp-content\/uploads\/2025\/08\/Copia-de-Copia-de-Copia-de-TAMANHO-EXATO-PARA-FOTOS-NO-SISTEMA-NOVO-2025-08-20T190609.455_2025-08-20_22-06-17.webp.webp?fit=1200%2C675&ssl=1&resize=350%2C200","width":350,"height":200,"srcset":"https:\/\/i0.wp.com\/noticiasribeiraopreto.com.br\/wp-content\/uploads\/2025\/08\/Copia-de-Copia-de-Copia-de-TAMANHO-EXATO-PARA-FOTOS-NO-SISTEMA-NOVO-2025-08-20T190609.455_2025-08-20_22-06-17.webp.webp?fit=1200%2C675&ssl=1&resize=350%2C200 1x, https:\/\/i0.wp.com\/noticiasribeiraopreto.com.br\/wp-content\/uploads\/2025\/08\/Copia-de-Copia-de-Copia-de-TAMANHO-EXATO-PARA-FOTOS-NO-SISTEMA-NOVO-2025-08-20T190609.455_2025-08-20_22-06-17.webp.webp?fit=1200%2C675&ssl=1&resize=525%2C300 1.5x, https:\/\/i0.wp.com\/noticiasribeiraopreto.com.br\/wp-content\/uploads\/2025\/08\/Copia-de-Copia-de-Copia-de-TAMANHO-EXATO-PARA-FOTOS-NO-SISTEMA-NOVO-2025-08-20T190609.455_2025-08-20_22-06-17.webp.webp?fit=1200%2C675&ssl=1&resize=700%2C400 2x, https:\/\/i0.wp.com\/noticiasribeiraopreto.com.br\/wp-content\/uploads\/2025\/08\/Copia-de-Copia-de-Copia-de-TAMANHO-EXATO-PARA-FOTOS-NO-SISTEMA-NOVO-2025-08-20T190609.455_2025-08-20_22-06-17.webp.webp?fit=1200%2C675&ssl=1&resize=1050%2C600 3x"},"classes":[]},{"id":45492,"url":"https:\/\/noticiasribeiraopreto.com.br\/index.php\/2024\/04\/04\/show-de-daniel-e-confirmado-na-festa-do-peao-de-barretos\/","url_meta":{"origin":75795,"position":2},"title":"Show de Daniel \u00e9 confirmado na Festa do Pe\u00e3o de Barretos","author":"noticiasribeiraopreto.com.br","date":"4 de April de 2024","format":false,"excerpt":"Show de Daniel \u00e9 confirmado na Festa do Pe\u00e3o de BarretosArtista com 40 anos de carreira, integra a grade musical de 22 de agosto. No mesmo dia, evento tamb\u00e9m ter\u00e1 shows de Matogrosso & Mathias, Victor & L\u00e9o e Pedro Paulo & Alex. Festa acontece de 15 a 25 de\u2026","rel":"","context":"In &quot;Not\u00edcias de Ribeir\u00e3o Preto-SP e Regi\u00e3o&quot;","block_context":{"text":"Not\u00edcias de Ribeir\u00e3o Preto-SP e Regi\u00e3o","link":"https:\/\/noticiasribeiraopreto.com.br\/index.php\/category\/noticias-de-ribeirao-preto-sp-e-regiao-ismael-colosi\/"},"img":{"alt_text":"","src":"https:\/\/i0.wp.com\/noticiasribeiraopreto.com.br\/wp-content\/uploads\/2024\/04\/Cantor-Daniel-celebra-40-anos-de-carreira-com-show-inedito.webp.webp?fit=1200%2C856&ssl=1&resize=350%2C200","width":350,"height":200,"srcset":"https:\/\/i0.wp.com\/noticiasribeiraopreto.com.br\/wp-content\/uploads\/2024\/04\/Cantor-Daniel-celebra-40-anos-de-carreira-com-show-inedito.webp.webp?fit=1200%2C856&ssl=1&resize=350%2C200 1x, https:\/\/i0.wp.com\/noticiasribeiraopreto.com.br\/wp-content\/uploads\/2024\/04\/Cantor-Daniel-celebra-40-anos-de-carreira-com-show-inedito.webp.webp?fit=1200%2C856&ssl=1&resize=525%2C300 1.5x, https:\/\/i0.wp.com\/noticiasribeiraopreto.com.br\/wp-content\/uploads\/2024\/04\/Cantor-Daniel-celebra-40-anos-de-carreira-com-show-inedito.webp.webp?fit=1200%2C856&ssl=1&resize=700%2C400 2x, https:\/\/i0.wp.com\/noticiasribeiraopreto.com.br\/wp-content\/uploads\/2024\/04\/Cantor-Daniel-celebra-40-anos-de-carreira-com-show-inedito.webp.webp?fit=1200%2C856&ssl=1&resize=1050%2C600 3x"},"classes":[]},{"id":56613,"url":"https:\/\/noticiasribeiraopreto.com.br\/index.php\/2024\/08\/15\/ribeirao-preto-recebe-festival-nacional-de-teatro-veja-a-programacao\/","url_meta":{"origin":75795,"position":3},"title":"Ribeir\u00e3o Preto recebe Festival Nacional de Teatro; Veja a programa\u00e7\u00e3o","author":"noticiasribeiraopreto.com.br","date":"15 de August de 2024","format":false,"excerpt":"A 8\u00aa edi\u00e7\u00e3o do Festival Nacional de Teatro chega a Ribeir\u00e3o Preto nesta sexta-feira (16) e segue at\u00e9 o dia 1\u00ba de setembro. S\u00e3o 35 espet\u00e1culos, nove oficinas e tr\u00eas performances, no Teatro Municipal, parques, pra\u00e7as e outros teatros da cidade. Toda a programa\u00e7\u00e3o \u00e9 gratuita. A novidade deste ano\u2026","rel":"","context":"In &quot;Not\u00edcias de Ribeir\u00e3o Preto-SP e Regi\u00e3o&quot;","block_context":{"text":"Not\u00edcias de Ribeir\u00e3o Preto-SP e Regi\u00e3o","link":"https:\/\/noticiasribeiraopreto.com.br\/index.php\/category\/noticias-de-ribeirao-preto-sp-e-regiao-ismael-colosi\/"},"img":{"alt_text":"","src":"https:\/\/i0.wp.com\/noticiasribeiraopreto.com.br\/wp-content\/uploads\/2024\/08\/Copia-de-Copia-de-Copia-de-TAMANHO-EXATO-PARA-FOTOS-NO-SISTEMA-NOVO-2_2024-08-15_12-44-51_jpg_2024-08-15_12-44-51.webp.webp?fit=1200%2C675&ssl=1&resize=350%2C200","width":350,"height":200,"srcset":"https:\/\/i0.wp.com\/noticiasribeiraopreto.com.br\/wp-content\/uploads\/2024\/08\/Copia-de-Copia-de-Copia-de-TAMANHO-EXATO-PARA-FOTOS-NO-SISTEMA-NOVO-2_2024-08-15_12-44-51_jpg_2024-08-15_12-44-51.webp.webp?fit=1200%2C675&ssl=1&resize=350%2C200 1x, https:\/\/i0.wp.com\/noticiasribeiraopreto.com.br\/wp-content\/uploads\/2024\/08\/Copia-de-Copia-de-Copia-de-TAMANHO-EXATO-PARA-FOTOS-NO-SISTEMA-NOVO-2_2024-08-15_12-44-51_jpg_2024-08-15_12-44-51.webp.webp?fit=1200%2C675&ssl=1&resize=525%2C300 1.5x, https:\/\/i0.wp.com\/noticiasribeiraopreto.com.br\/wp-content\/uploads\/2024\/08\/Copia-de-Copia-de-Copia-de-TAMANHO-EXATO-PARA-FOTOS-NO-SISTEMA-NOVO-2_2024-08-15_12-44-51_jpg_2024-08-15_12-44-51.webp.webp?fit=1200%2C675&ssl=1&resize=700%2C400 2x, https:\/\/i0.wp.com\/noticiasribeiraopreto.com.br\/wp-content\/uploads\/2024\/08\/Copia-de-Copia-de-Copia-de-TAMANHO-EXATO-PARA-FOTOS-NO-SISTEMA-NOVO-2_2024-08-15_12-44-51_jpg_2024-08-15_12-44-51.webp.webp?fit=1200%2C675&ssl=1&resize=1050%2C600 3x"},"classes":[]},{"id":75034,"url":"https:\/\/noticiasribeiraopreto.com.br\/index.php\/2025\/08\/01\/casa-de-portinari-tem-programacao-especial-no-mes-de-aniversario-de-brodowski-confira\/","url_meta":{"origin":75795,"position":4},"title":"Casa de Portinari tem programa\u00e7\u00e3o especial no m\u00eas de anivers\u00e1rio de Brodowski; confira","author":"noticiasribeiraopreto.com.br","date":"1 de August de 2025","format":false,"excerpt":"O Museu Casa de Portinari, em Brodowski, regi\u00e3o de Ribeir\u00e3o Preto, conta com uma agenda especial em agosto, m\u00eas que celebra os 112 anos da cidade. A programa\u00e7\u00e3o re\u00fane atividades culturais que valorizam a hist\u00f3ria e a mem\u00f3ria local, tendo como ponto alto a 50\u00aa Semana de Portinari, que acontece\u2026","rel":"","context":"In &quot;Not\u00edcias de Ribeir\u00e3o Preto-SP e Regi\u00e3o&quot;","block_context":{"text":"Not\u00edcias de Ribeir\u00e3o Preto-SP e Regi\u00e3o","link":"https:\/\/noticiasribeiraopreto.com.br\/index.php\/category\/noticias-de-ribeirao-preto-sp-e-regiao-ismael-colosi\/"},"img":{"alt_text":"","src":"https:\/\/i0.wp.com\/noticiasribeiraopreto.com.br\/wp-content\/uploads\/2025\/08\/f39de422-408e-4e01-885d-e6f6ebd33ced_2025-08-01_15-24-13.webp.webp?fit=1200%2C800&ssl=1&resize=350%2C200","width":350,"height":200,"srcset":"https:\/\/i0.wp.com\/noticiasribeiraopreto.com.br\/wp-content\/uploads\/2025\/08\/f39de422-408e-4e01-885d-e6f6ebd33ced_2025-08-01_15-24-13.webp.webp?fit=1200%2C800&ssl=1&resize=350%2C200 1x, https:\/\/i0.wp.com\/noticiasribeiraopreto.com.br\/wp-content\/uploads\/2025\/08\/f39de422-408e-4e01-885d-e6f6ebd33ced_2025-08-01_15-24-13.webp.webp?fit=1200%2C800&ssl=1&resize=525%2C300 1.5x, https:\/\/i0.wp.com\/noticiasribeiraopreto.com.br\/wp-content\/uploads\/2025\/08\/f39de422-408e-4e01-885d-e6f6ebd33ced_2025-08-01_15-24-13.webp.webp?fit=1200%2C800&ssl=1&resize=700%2C400 2x, https:\/\/i0.wp.com\/noticiasribeiraopreto.com.br\/wp-content\/uploads\/2025\/08\/f39de422-408e-4e01-885d-e6f6ebd33ced_2025-08-01_15-24-13.webp.webp?fit=1200%2C800&ssl=1&resize=1050%2C600 3x"},"classes":[]},{"id":52052,"url":"https:\/\/noticiasribeiraopreto.com.br\/index.php\/2024\/06\/03\/abono-pis-pasep-de-junho-confira-se-voce-esta-na-lista-de-beneficiados\/","url_meta":{"origin":75795,"position":5},"title":"Abono PIS\/Pasep de Junho: Confira se Voc\u00ea Est\u00e1 na Lista de Beneficiados","author":"noticiasribeiraopreto.com.br","date":"3 de June de 2024","format":false,"excerpt":"Em Junho deste ano, a Caixa Econ\u00f4mica Federal e o Banco do Brasil divulgar\u00e3o uma nova rodada de PIS\/Pasep. Assim, neste m\u00eas, os trabalhadores nascidos em setembro receber\u00e3o um abono salarial. Portanto, o valor do pagamento ser\u00e1 de at\u00e9 1 sal\u00e1rio m\u00ednimo (R$ 1.412 para 2024), dependendo do ano-base, ou\u2026","rel":"","context":"In &quot;Dinheiro e Investimento&quot;","block_context":{"text":"Dinheiro e Investimento","link":"https:\/\/noticiasribeiraopreto.com.br\/index.php\/category\/dinheiro-e-investimento-como-fazer-como-ganhar\/"},"img":{"alt_text":"","src":"https:\/\/i0.wp.com\/noticiasribeiraopreto.com.br\/wp-content\/uploads\/2024\/06\/PisPASEP.webp.webp?fit=1200%2C630&ssl=1&resize=350%2C200","width":350,"height":200,"srcset":"https:\/\/i0.wp.com\/noticiasribeiraopreto.com.br\/wp-content\/uploads\/2024\/06\/PisPASEP.webp.webp?fit=1200%2C630&ssl=1&resize=350%2C200 1x, https:\/\/i0.wp.com\/noticiasribeiraopreto.com.br\/wp-content\/uploads\/2024\/06\/PisPASEP.webp.webp?fit=1200%2C630&ssl=1&resize=525%2C300 1.5x, https:\/\/i0.wp.com\/noticiasribeiraopreto.com.br\/wp-content\/uploads\/2024\/06\/PisPASEP.webp.webp?fit=1200%2C630&ssl=1&resize=700%2C400 2x, https:\/\/i0.wp.com\/noticiasribeiraopreto.com.br\/wp-content\/uploads\/2024\/06\/PisPASEP.webp.webp?fit=1200%2C630&ssl=1&resize=1050%2C600 3x"},"classes":[]}],"jetpack_sharing_enabled":true,"jetpack_shortlink":"https:\/\/wp.me\/peQAOb-jIv","_links":{"self":[{"href":"https:\/\/noticiasribeiraopreto.com.br\/index.php\/wp-json\/wp\/v2\/posts\/75795","targetHints":{"allow":["GET"]}}],"collection":[{"href":"https:\/\/noticiasribeiraopreto.com.br\/index.php\/wp-json\/wp\/v2\/posts"}],"about":[{"href":"https:\/\/noticiasribeiraopreto.com.br\/index.php\/wp-json\/wp\/v2\/types\/post"}],"author":[{"embeddable":true,"href":"https:\/\/noticiasribeiraopreto.com.br\/index.php\/wp-json\/wp\/v2\/users\/1"}],"replies":[{"embeddable":true,"href":"https:\/\/noticiasribeiraopreto.com.br\/index.php\/wp-json\/wp\/v2\/comments?post=75795"}],"version-history":[{"count":0,"href":"https:\/\/noticiasribeiraopreto.com.br\/index.php\/wp-json\/wp\/v2\/posts\/75795\/revisions"}],"wp:featuredmedia":[{"embeddable":true,"href":"https:\/\/noticiasribeiraopreto.com.br\/index.php\/wp-json\/wp\/v2\/media\/75796"}],"wp:attachment":[{"href":"https:\/\/noticiasribeiraopreto.com.br\/index.php\/wp-json\/wp\/v2\/media?parent=75795"}],"wp:term":[{"taxonomy":"category","embeddable":true,"href":"https:\/\/noticiasribeiraopreto.com.br\/index.php\/wp-json\/wp\/v2\/categories?post=75795"},{"taxonomy":"post_tag","embeddable":true,"href":"https:\/\/noticiasribeiraopreto.com.br\/index.php\/wp-json\/wp\/v2\/tags?post=75795"}],"curies":[{"name":"wp","href":"https:\/\/api.w.org\/{rel}","templated":true}]}}