{"id":75797,"date":"2025-08-15T15:22:36","date_gmt":"2025-08-15T18:22:36","guid":{"rendered":"https:\/\/noticiasribeiraopreto.com.br\/index.php\/2025\/08\/15\/empresa-de-transporte-oferece-mais-de-70-vagas-de-emprego-em-ribeirao-e-regiao\/"},"modified":"2025-08-15T15:22:36","modified_gmt":"2025-08-15T18:22:36","slug":"empresa-de-transporte-oferece-mais-de-70-vagas-de-emprego-em-ribeirao-e-regiao","status":"publish","type":"post","link":"https:\/\/noticiasribeiraopreto.com.br\/index.php\/2025\/08\/15\/empresa-de-transporte-oferece-mais-de-70-vagas-de-emprego-em-ribeirao-e-regiao\/","title":{"rendered":"Empresa de transporte oferece mais de 70 vagas de emprego em Ribeir\u00e3o e regi\u00e3o"},"content":{"rendered":"<div class='code-block code-block-1' style='margin: 8px 0 8px auto; text-align: right; display: block; clear: both;'>\n<p><a href=\"https:\/\/wa.link\/vpicfd\"><img data-recalc-dims=\"1\" class=\"wp-image-4922\" style=\"aspect-ratio: 2.0253164556962027; width: 561px; height: auto;\" src=\"https:\/\/i0.wp.com\/ismaelcolosi.com.br\/wp-content\/uploads\/2023\/11\/grupo-de-empregos-whatsapp-e-facebook-ismael-colosi-vagas.jpg?ssl=1\" alt=\"\" \/><\/a><\/p>\n<!-- \/wp:image -->\n<\/div>\n<p> <br \/>\n<\/p>\n<div data-td-block-uid=\"tdi_95\">\n<div class=\"tdb-block-inner td-fix-index\">\n<p>A <strong>Sertran<\/strong>, empresa de transportes, est\u00e1 oferecendo <strong>mais de 70 oportunidades de emprego<\/strong> em Ribeir\u00e3o Preto e em cidades da regi\u00e3o, com vagas para <strong>diferentes \u00e1reas e n\u00edveis de experi\u00eancia<\/strong>.<\/p>\n<p>As vagas disponibilizadas pela empresa s\u00e3o para atuar nas unidades de <strong>Ribeir\u00e3o Preto<\/strong>, <strong>Altin\u00f3polis<\/strong>, <strong>Barrinha<\/strong>, <strong>Cajuru<\/strong>, <strong>Col\u00f4mbia <\/strong>e <strong>Morro Agudo<\/strong>.<\/p>\n<h2 class=\"wp-block-heading\"><strong>Como se candidatar?<\/strong><\/h2>\n<p>Os interessados em concorrer a alguma das vagas devem enviar o curr\u00edculo para o <strong>e-mail curriculos@sertran.com.br<\/strong> ou acessar a \u00e1rea \u201c<strong>trabalhe conosco<\/strong>\u201d no site da empresa (<a href=\"https:\/\/sertran.com.br\/\" target=\"_blank\" data-type=\"link\" data-id=\"https:\/\/sertran.com.br\/\" rel=\"noreferrer noopener\">clique aqui para acessar<\/a>).<\/p>\n<h2 class=\"wp-block-heading\"><strong>Confira as oportunidades<\/strong><\/h2>\n<h3 class=\"wp-block-heading\"><strong>Ribeir\u00e3o Preto<\/strong><\/h3>\n<ul class=\"wp-block-list\">\n<li>Auxiliar administrativo \u2013 1 vaga<\/li>\n<li>Funileiro \u2013 2 vagas<\/li>\n<li>Jovem Aprendiz (Monitor Escolar \u2013 18 a 21 anos) \u2013 10 vagas<\/li>\n<li>Monitor Escolar \u2013 4 vagas<\/li>\n<li>Motorista de \u00f4nibus \u2013 38 vagas<\/li>\n<li>Est\u00e1gio (corporativo, nas \u00e1reas de Humanas, Exatas e Tecnologia) \u2013 10 vagas<\/li>\n<\/ul>\n<h3 class=\"wp-block-heading\"><strong>Altin\u00f3polis<\/strong><\/h3>\n<ul class=\"wp-block-list\">\n<li>Eletricista \u2013 1 vaga<\/li>\n<li>Mec\u00e2nico \u2013 1 vaga<\/li>\n<\/ul>\n<h3 class=\"wp-block-heading\"><strong>Barrinha<\/strong><\/h3>\n<ul class=\"wp-block-list\">\n<li>Funileiro \u2013 1 vaga<\/li>\n<li>Mec\u00e2nico \u2013 1 vaga<\/li>\n<\/ul>\n<h3 class=\"wp-block-heading\"><strong>Cajuru<\/strong><\/h3>\n<ul class=\"wp-block-list\">\n<li>Motorista de \u00f4nibus \u2013 2 vagas<\/li>\n<\/ul>\n<h3 class=\"wp-block-heading\"><strong>Col\u00f4mbia<\/strong><\/h3>\n<ul class=\"wp-block-list\">\n<li>L\u00edder de tr\u00e1fego \u2013 2 vagas<\/li>\n<\/ul>\n<h3 class=\"wp-block-heading\"><strong>Morro Agudo<\/strong><\/h3>\n<ul class=\"wp-block-list\">\n<li>Motorista de \u00f4nibus \u2013 2 vagas<\/li>\n<\/ul>\n<hr class=\"wp-block-separator has-alpha-channel-opacity\"\/>\n<p>SAIBA MAIS<\/p>\n<p>Cidade no interior de SP abre concurso p\u00fablico com 22 vagas; Veja como participar<\/p>\n<h2 class=\"wp-block-heading\"><strong>FIQUE ON\u00a0\u00a0\u00a0\u00a0\u00a0\u00a0\u00a0\u00a0\u00a0<\/strong><\/h2>\n<p>Quer ficar por dentro de tudo que acontece em Ribeir\u00e3o Preto e regi\u00e3o? Ent\u00e3o siga os perfis do\u202facidade on\u202fno\u202f<a href=\"https:\/\/www.instagram.com\/acidadeonribeirao\" target=\"_blank\" rel=\"noreferrer noopener\">Instagram<\/a>\u202fe no\u202f<a href=\"https:\/\/www.facebook.com\/acidadeonribeirao\/\" target=\"_blank\" rel=\"noreferrer noopener\">Facebook<\/a>.<\/p>\n<p>Al\u00e9m disso, voc\u00ea pode receber as principais not\u00edcias diretamente no WhatsApp. Para isso, basta\u00a0<a href=\"https:\/\/chat.whatsapp.com\/BjKQZ9oJwlz8VVT50NuePq\" target=\"_blank\" rel=\"noreferrer noopener\">entrar no grupo clicando aqui<\/a>.<\/p>\n<p>Por fim, se quiser fazer uma den\u00fancia ou sugerir uma reportagem sobre Ribeir\u00e3o Preto e regi\u00e3o, envie uma mensagem pelo WhatsApp: (16) 99117-7802.<\/p>\n<p>VEJA TAMB\u00c9M<\/p>\n<p>Onde assistir \u00e0 Bundesliga?<\/p>\n<p><!-- AI CONTENT END 1 -->\n<\/div>\n<\/div>\n<p><script async src=\"\/\/www.instagram.com\/embed.js\"><\/script><br \/>\n<br \/><br \/>\n<br \/><a href=\"https:\/\/www.acidadeon.com\/ribeiraopreto\/economia\/empresa-de-transporte-oferece-mais-de-70-vagas-de-emprego-em-ribeirao-e-regiao\/\">Source link <\/a><\/p>\n<!-- CONTENT END 1 -->\n","protected":false},"excerpt":{"rendered":"<p>A Sertran, empresa de transportes, est\u00e1 oferecendo mais de 70 oportunidades de emprego em Ribeir\u00e3o Preto e em cidades da regi\u00e3o, com vagas para diferentes&#8230;<\/p>\n","protected":false},"author":1,"featured_media":75798,"comment_status":"open","ping_status":"open","sticky":false,"template":"","format":"standard","meta":{"advanced_seo_description":"","jetpack_seo_html_title":"","jetpack_seo_noindex":false,"jetpack_post_was_ever_published":false,"_jetpack_newsletter_access":"","_jetpack_dont_email_post_to_subs":false,"_jetpack_newsletter_tier_id":0,"_jetpack_memberships_contains_paywalled_content":false,"_jetpack_memberships_contains_paid_content":false,"footnotes":"","jetpack_publicize_message":"","jetpack_publicize_feature_enabled":true,"jetpack_social_post_already_shared":true,"jetpack_social_options":{"image_generator_settings":{"template":"highway","default_image_id":0,"font":"","enabled":false},"version":2}},"categories":[11],"tags":[],"class_list":["post-75797","post","type-post","status-publish","format-standard","has-post-thumbnail","hentry","category-noticias-de-ribeirao-preto-sp-e-regiao-ismael-colosi"],"jetpack_publicize_connections":[],"jetpack_featured_media_url":"https:\/\/i0.wp.com\/noticiasribeiraopreto.com.br\/wp-content\/uploads\/2025\/08\/Sertran-02_2025-08-15_18-16-16.webp.webp?fit=675%2C423&ssl=1","jetpack-related-posts":[{"id":43778,"url":"https:\/\/noticiasribeiraopreto.com.br\/index.php\/2024\/03\/23\/empresas-de-transporte-estao-com-70-vagas-abertas-em-ribeirao-preto-sp-ribeirao-preto-e-franca-g1\/","url_meta":{"origin":75797,"position":0},"title":"Empresas de transporte est\u00e3o com 70 vagas abertas em Ribeir\u00e3o Preto, SP | Ribeir\u00e3o Preto e Franca | G1","author":"noticiasribeiraopreto.com.br","date":"23 de March de 2024","format":false,"excerpt":"Empresas de transporte est\u00e3o com 70 vagas abertas em Ribeir\u00e3o Preto, SP 1 de 1 Rodonaves abre vagas de emprego em Ribeir\u00e3o Preto, SP \u2014 Foto: Divulga\u00e7\u00e3o Rodonaves abre vagas de emprego em Ribeir\u00e3o Preto, SP \u2014 Foto: Divulga\u00e7\u00e3o Duas empresas de transporte est\u00e3o com 70 vagas abertas em Ribeir\u00e3o\u2026","rel":"","context":"In &quot;Vagas de Emprego em Ribeir\u00e3o Preto-SP&quot;","block_context":{"text":"Vagas de Emprego em Ribeir\u00e3o Preto-SP","link":"https:\/\/noticiasribeiraopreto.com.br\/index.php\/category\/empregos-classificados-vagas-trabalho\/vagas-de-empregos-em-ribeirao-preto-regiao-brasil\/"},"img":{"alt_text":"","src":"","width":0,"height":0},"classes":[]},{"id":43182,"url":"https:\/\/noticiasribeiraopreto.com.br\/index.php\/2024\/03\/19\/ribeirao-preto-tem-mutirao-de-emprego-com-vagas-para-empresa-de-transporte-e-logistica\/","url_meta":{"origin":75797,"position":1},"title":"Ribeir\u00e3o Preto tem mutir\u00e3o de emprego com vagas para empresa de transporte e log\u00edstica","author":"noticiasribeiraopreto.com.br","date":"19 de March de 2024","format":false,"excerpt":"A empresa de transporte e log\u00edstica Rodonaves realiza um mutir\u00e3o de emprego em Ribeir\u00e3o Preto, nesta quinta-feira (21). A a\u00e7\u00e3o, em parceria com a prefeitura, oferecer\u00e1 cerca de 50 vagas para setores diversos do grupo (veja abaixo). O mutir\u00e3o acontecer\u00e1 das 10h \u00e0s 14h, na rua Lafaiete, 394, no Centro\u2026","rel":"","context":"In &quot;Not\u00edcias de Ribeir\u00e3o Preto-SP e Regi\u00e3o&quot;","block_context":{"text":"Not\u00edcias de Ribeir\u00e3o Preto-SP e Regi\u00e3o","link":"https:\/\/noticiasribeiraopreto.com.br\/index.php\/category\/noticias-de-ribeirao-preto-sp-e-regiao-ismael-colosi\/"},"img":{"alt_text":"","src":"https:\/\/i0.wp.com\/noticiasribeiraopreto.com.br\/wp-content\/uploads\/2024\/03\/Copia-de-Copia-de-TAMANHO-EXATO-PARA-FOTOS-NO-SISTEMA-NOVO-68.jpg?fit=1200%2C675&ssl=1&resize=350%2C200","width":350,"height":200,"srcset":"https:\/\/i0.wp.com\/noticiasribeiraopreto.com.br\/wp-content\/uploads\/2024\/03\/Copia-de-Copia-de-TAMANHO-EXATO-PARA-FOTOS-NO-SISTEMA-NOVO-68.jpg?fit=1200%2C675&ssl=1&resize=350%2C200 1x, https:\/\/i0.wp.com\/noticiasribeiraopreto.com.br\/wp-content\/uploads\/2024\/03\/Copia-de-Copia-de-TAMANHO-EXATO-PARA-FOTOS-NO-SISTEMA-NOVO-68.jpg?fit=1200%2C675&ssl=1&resize=525%2C300 1.5x, https:\/\/i0.wp.com\/noticiasribeiraopreto.com.br\/wp-content\/uploads\/2024\/03\/Copia-de-Copia-de-TAMANHO-EXATO-PARA-FOTOS-NO-SISTEMA-NOVO-68.jpg?fit=1200%2C675&ssl=1&resize=700%2C400 2x, https:\/\/i0.wp.com\/noticiasribeiraopreto.com.br\/wp-content\/uploads\/2024\/03\/Copia-de-Copia-de-TAMANHO-EXATO-PARA-FOTOS-NO-SISTEMA-NOVO-68.jpg?fit=1200%2C675&ssl=1&resize=1050%2C600 3x"},"classes":[]},{"id":35135,"url":"https:\/\/noticiasribeiraopreto.com.br\/index.php\/2024\/02\/05\/empresa-de-ribeirao-preto-tem-mutirao-de-emprego-com-60-vagas\/","url_meta":{"origin":75797,"position":2},"title":"Empresa de Ribeir\u00e3o Preto tem mutir\u00e3o de emprego com 60 vagas","author":"noticiasribeiraopreto.com.br","date":"5 de February de 2024","format":false,"excerpt":"A empresa Resolv de Ribeir\u00e3o Preto tem mutir\u00e3o com 60 vagas de emprego dispon\u00edveis. As vagas s\u00e3o para as \u00e1reas de seguran\u00e7a e limpeza e os interessados podem levar o curr\u00edculo at\u00e9 a pr\u00f3xima sexta-feira (9), em dias alternados. Veja as vagas \u00c1rea de seguran\u00e7a Fiscal de patrim\u00f4nio Para concorrer,\u2026","rel":"","context":"In &quot;Not\u00edcias de Ribeir\u00e3o Preto-SP e Regi\u00e3o&quot;","block_context":{"text":"Not\u00edcias de Ribeir\u00e3o Preto-SP e Regi\u00e3o","link":"https:\/\/noticiasribeiraopreto.com.br\/index.php\/category\/noticias-de-ribeirao-preto-sp-e-regiao-ismael-colosi\/"},"img":{"alt_text":"","src":"https:\/\/i0.wp.com\/noticiasribeiraopreto.com.br\/wp-content\/uploads\/2024\/02\/entrevista-de-emprego.jpg?fit=1200%2C800&ssl=1&resize=350%2C200","width":350,"height":200,"srcset":"https:\/\/i0.wp.com\/noticiasribeiraopreto.com.br\/wp-content\/uploads\/2024\/02\/entrevista-de-emprego.jpg?fit=1200%2C800&ssl=1&resize=350%2C200 1x, https:\/\/i0.wp.com\/noticiasribeiraopreto.com.br\/wp-content\/uploads\/2024\/02\/entrevista-de-emprego.jpg?fit=1200%2C800&ssl=1&resize=525%2C300 1.5x, https:\/\/i0.wp.com\/noticiasribeiraopreto.com.br\/wp-content\/uploads\/2024\/02\/entrevista-de-emprego.jpg?fit=1200%2C800&ssl=1&resize=700%2C400 2x, https:\/\/i0.wp.com\/noticiasribeiraopreto.com.br\/wp-content\/uploads\/2024\/02\/entrevista-de-emprego.jpg?fit=1200%2C800&ssl=1&resize=1050%2C600 3x"},"classes":[]},{"id":57621,"url":"https:\/\/noticiasribeiraopreto.com.br\/index.php\/2024\/09\/05\/empresa-tem-55-vagas-de-emprego-em-ribeirao-preto-veja-oportunidades\/","url_meta":{"origin":75797,"position":3},"title":"Empresa tem 55 vagas de emprego em Ribeir\u00e3o Preto; Veja oportunidades","author":"noticiasribeiraopreto.com.br","date":"5 de September de 2024","format":false,"excerpt":"O Grupo Resolv anunciou a abertura de 338 novas vagas de emprego em todo o pa\u00eds. Em Ribeir\u00e3o Preto, local onde a empresa tem sede, s\u00e3o 55 oportunidades para diversos cargos. As vagas abrangem diversos setores da empresa como seguran\u00e7a, sa\u00fade e alimenta\u00e7\u00e3o. Entre as oportunidades est\u00e3o vagas para auxiliar\u2026","rel":"","context":"In &quot;Not\u00edcias de Ribeir\u00e3o Preto-SP e Regi\u00e3o&quot;","block_context":{"text":"Not\u00edcias de Ribeir\u00e3o Preto-SP e Regi\u00e3o","link":"https:\/\/noticiasribeiraopreto.com.br\/index.php\/category\/noticias-de-ribeirao-preto-sp-e-regiao-ismael-colosi\/"},"img":{"alt_text":"","src":"https:\/\/i0.wp.com\/noticiasribeiraopreto.com.br\/wp-content\/uploads\/2024\/09\/Copia-de-Copia-de-TAMANHO-EXATO-PARA-FOTOS-NO-SISTEMA-NOVO-4_2024-07-22_17-22-00_jpg_2024-07-22_17-22-00.webp.webp?fit=1200%2C675&ssl=1&resize=350%2C200","width":350,"height":200,"srcset":"https:\/\/i0.wp.com\/noticiasribeiraopreto.com.br\/wp-content\/uploads\/2024\/09\/Copia-de-Copia-de-TAMANHO-EXATO-PARA-FOTOS-NO-SISTEMA-NOVO-4_2024-07-22_17-22-00_jpg_2024-07-22_17-22-00.webp.webp?fit=1200%2C675&ssl=1&resize=350%2C200 1x, https:\/\/i0.wp.com\/noticiasribeiraopreto.com.br\/wp-content\/uploads\/2024\/09\/Copia-de-Copia-de-TAMANHO-EXATO-PARA-FOTOS-NO-SISTEMA-NOVO-4_2024-07-22_17-22-00_jpg_2024-07-22_17-22-00.webp.webp?fit=1200%2C675&ssl=1&resize=525%2C300 1.5x, https:\/\/i0.wp.com\/noticiasribeiraopreto.com.br\/wp-content\/uploads\/2024\/09\/Copia-de-Copia-de-TAMANHO-EXATO-PARA-FOTOS-NO-SISTEMA-NOVO-4_2024-07-22_17-22-00_jpg_2024-07-22_17-22-00.webp.webp?fit=1200%2C675&ssl=1&resize=700%2C400 2x, https:\/\/i0.wp.com\/noticiasribeiraopreto.com.br\/wp-content\/uploads\/2024\/09\/Copia-de-Copia-de-TAMANHO-EXATO-PARA-FOTOS-NO-SISTEMA-NOVO-4_2024-07-22_17-22-00_jpg_2024-07-22_17-22-00.webp.webp?fit=1200%2C675&ssl=1&resize=1050%2C600 3x"},"classes":[]},{"id":59481,"url":"https:\/\/noticiasribeiraopreto.com.br\/index.php\/2024\/10\/24\/varejista-anuncia-diversas-oportunidades-de-emprego-em-ribeirao-veja-vagas\/","url_meta":{"origin":75797,"position":4},"title":"Varejista anuncia diversas oportunidades de emprego em Ribeir\u00e3o; Veja vagas","author":"noticiasribeiraopreto.com.br","date":"24 de October de 2024","format":false,"excerpt":"O Grupo Carrefour anunciou mais de 70 vagas de emprego dispon\u00edveis em Ribeir\u00e3o Preto. As oportunidades fazem parte das mais de seis mil vagas ofertadas pela empresa em todo o pa\u00eds. De acordo com a varejista, ser\u00e3o contratados profissionais com diversos n\u00edveis de experi\u00eancia para diferentes setores e posi\u00e7\u00f5es da\u2026","rel":"","context":"In &quot;Not\u00edcias de Ribeir\u00e3o Preto-SP e Regi\u00e3o&quot;","block_context":{"text":"Not\u00edcias de Ribeir\u00e3o Preto-SP e Regi\u00e3o","link":"https:\/\/noticiasribeiraopreto.com.br\/index.php\/category\/noticias-de-ribeirao-preto-sp-e-regiao-ismael-colosi\/"},"img":{"alt_text":"","src":"https:\/\/i0.wp.com\/noticiasribeiraopreto.com.br\/wp-content\/uploads\/2024\/10\/Atacado.jpg?fit=1200%2C730&ssl=1&resize=350%2C200","width":350,"height":200,"srcset":"https:\/\/i0.wp.com\/noticiasribeiraopreto.com.br\/wp-content\/uploads\/2024\/10\/Atacado.jpg?fit=1200%2C730&ssl=1&resize=350%2C200 1x, https:\/\/i0.wp.com\/noticiasribeiraopreto.com.br\/wp-content\/uploads\/2024\/10\/Atacado.jpg?fit=1200%2C730&ssl=1&resize=525%2C300 1.5x, https:\/\/i0.wp.com\/noticiasribeiraopreto.com.br\/wp-content\/uploads\/2024\/10\/Atacado.jpg?fit=1200%2C730&ssl=1&resize=700%2C400 2x, https:\/\/i0.wp.com\/noticiasribeiraopreto.com.br\/wp-content\/uploads\/2024\/10\/Atacado.jpg?fit=1200%2C730&ssl=1&resize=1050%2C600 3x"},"classes":[]},{"id":58846,"url":"https:\/\/noticiasribeiraopreto.com.br\/index.php\/2024\/10\/07\/empresa-de-tecnologia-oferece-64-vagas-de-emprego-em-ribeirao-preto\/","url_meta":{"origin":75797,"position":5},"title":"Empresa de tecnologia oferece 64 vagas de emprego em Ribeir\u00e3o Preto","author":"noticiasribeiraopreto.com.br","date":"7 de October de 2024","format":false,"excerpt":"Uma empresa de tecnologia oferece 64 vagas de emprego tempor\u00e1rias para Ribeir\u00e3o Preto. As vagas s\u00e3o para a equipe de produ\u00e7\u00e3o tempor\u00e1ria, onde \u00e9 feito impress\u00e3o de carn\u00eas de tributos, como IPTU e INSS. N\u00e3o \u00e9 necess\u00e1rio ter experi\u00eancia na \u00e1rea e a contrata\u00e7\u00e3o est\u00e1 prevista para novembro. Os sal\u00e1rios\u2026","rel":"","context":"In &quot;Not\u00edcias de Ribeir\u00e3o Preto-SP e Regi\u00e3o&quot;","block_context":{"text":"Not\u00edcias de Ribeir\u00e3o Preto-SP e Regi\u00e3o","link":"https:\/\/noticiasribeiraopreto.com.br\/index.php\/category\/noticias-de-ribeirao-preto-sp-e-regiao-ismael-colosi\/"},"img":{"alt_text":"","src":"https:\/\/i0.wp.com\/noticiasribeiraopreto.com.br\/wp-content\/uploads\/2024\/10\/shutterstock_1855311790-scaled-1_2024-10-07_15-09-14_jpg_2024-10-07_15-09-15.webp.webp?fit=1200%2C719&ssl=1&resize=350%2C200","width":350,"height":200,"srcset":"https:\/\/i0.wp.com\/noticiasribeiraopreto.com.br\/wp-content\/uploads\/2024\/10\/shutterstock_1855311790-scaled-1_2024-10-07_15-09-14_jpg_2024-10-07_15-09-15.webp.webp?fit=1200%2C719&ssl=1&resize=350%2C200 1x, https:\/\/i0.wp.com\/noticiasribeiraopreto.com.br\/wp-content\/uploads\/2024\/10\/shutterstock_1855311790-scaled-1_2024-10-07_15-09-14_jpg_2024-10-07_15-09-15.webp.webp?fit=1200%2C719&ssl=1&resize=525%2C300 1.5x, https:\/\/i0.wp.com\/noticiasribeiraopreto.com.br\/wp-content\/uploads\/2024\/10\/shutterstock_1855311790-scaled-1_2024-10-07_15-09-14_jpg_2024-10-07_15-09-15.webp.webp?fit=1200%2C719&ssl=1&resize=700%2C400 2x, https:\/\/i0.wp.com\/noticiasribeiraopreto.com.br\/wp-content\/uploads\/2024\/10\/shutterstock_1855311790-scaled-1_2024-10-07_15-09-14_jpg_2024-10-07_15-09-15.webp.webp?fit=1200%2C719&ssl=1&resize=1050%2C600 3x"},"classes":[]}],"jetpack_sharing_enabled":true,"jetpack_shortlink":"https:\/\/wp.me\/peQAOb-jIx","_links":{"self":[{"href":"https:\/\/noticiasribeiraopreto.com.br\/index.php\/wp-json\/wp\/v2\/posts\/75797","targetHints":{"allow":["GET"]}}],"collection":[{"href":"https:\/\/noticiasribeiraopreto.com.br\/index.php\/wp-json\/wp\/v2\/posts"}],"about":[{"href":"https:\/\/noticiasribeiraopreto.com.br\/index.php\/wp-json\/wp\/v2\/types\/post"}],"author":[{"embeddable":true,"href":"https:\/\/noticiasribeiraopreto.com.br\/index.php\/wp-json\/wp\/v2\/users\/1"}],"replies":[{"embeddable":true,"href":"https:\/\/noticiasribeiraopreto.com.br\/index.php\/wp-json\/wp\/v2\/comments?post=75797"}],"version-history":[{"count":0,"href":"https:\/\/noticiasribeiraopreto.com.br\/index.php\/wp-json\/wp\/v2\/posts\/75797\/revisions"}],"wp:featuredmedia":[{"embeddable":true,"href":"https:\/\/noticiasribeiraopreto.com.br\/index.php\/wp-json\/wp\/v2\/media\/75798"}],"wp:attachment":[{"href":"https:\/\/noticiasribeiraopreto.com.br\/index.php\/wp-json\/wp\/v2\/media?parent=75797"}],"wp:term":[{"taxonomy":"category","embeddable":true,"href":"https:\/\/noticiasribeiraopreto.com.br\/index.php\/wp-json\/wp\/v2\/categories?post=75797"},{"taxonomy":"post_tag","embeddable":true,"href":"https:\/\/noticiasribeiraopreto.com.br\/index.php\/wp-json\/wp\/v2\/tags?post=75797"}],"curies":[{"name":"wp","href":"https:\/\/api.w.org\/{rel}","templated":true}]}}