{"id":75802,"date":"2025-08-15T15:54:31","date_gmt":"2025-08-15T18:54:31","guid":{"rendered":"https:\/\/noticiasribeiraopreto.com.br\/index.php\/2025\/08\/15\/eptv-produz-edicao-especial-do-globo-reporter-em-homenagem-aos-70-anos-da-festa-do-peao-de-barretos\/"},"modified":"2025-08-15T15:54:31","modified_gmt":"2025-08-15T18:54:31","slug":"eptv-produz-edicao-especial-do-globo-reporter-em-homenagem-aos-70-anos-da-festa-do-peao-de-barretos","status":"publish","type":"post","link":"https:\/\/noticiasribeiraopreto.com.br\/index.php\/2025\/08\/15\/eptv-produz-edicao-especial-do-globo-reporter-em-homenagem-aos-70-anos-da-festa-do-peao-de-barretos\/","title":{"rendered":"EPTV produz edi\u00e7\u00e3o especial do Globo Rep\u00f3rter em homenagem aos 70 anos da Festa do Pe\u00e3o de Barretos"},"content":{"rendered":"<div class='code-block code-block-1' style='margin: 8px 0 8px auto; text-align: right; display: block; clear: both;'>\n<p><a href=\"https:\/\/wa.link\/vpicfd\"><img data-recalc-dims=\"1\" class=\"wp-image-4922\" style=\"aspect-ratio: 2.0253164556962027; width: 561px; height: auto;\" src=\"https:\/\/i0.wp.com\/ismaelcolosi.com.br\/wp-content\/uploads\/2023\/11\/grupo-de-empregos-whatsapp-e-facebook-ismael-colosi-vagas.jpg?ssl=1\" alt=\"\" \/><\/a><\/p>\n<!-- \/wp:image -->\n<\/div>\n<p> <br \/>\n<\/p>\n<div>\n<p>A <strong>Festa do Pe\u00e3o de Barretos<\/strong>, maior rodeio da Am\u00e9rica Latina, completa <strong>70 anos de hist\u00f3ria<\/strong> neste ano e acontece entre os dias 21 e 31 de agosto, em <strong>Barretos<\/strong>, cidade a 120 quil\u00f4metros de <strong>Ribeir\u00e3o Preto<\/strong>.<\/p>\n<p>Para marcar a data, a <strong>EPTV<\/strong>, afiliada da Rede Globo no interior de S\u00e3o Paulo e Sul de Minas, realiza a sua <strong>maior cobertura jornal\u00edstica sobre o evento<\/strong>, que chega ao p\u00fablico em diferentes formatos.<\/p>\n<p><mark style=\"background-color:#fcb900\" class=\"has-inline-color\">Nesta <strong>sexta-feira (15)<\/strong>, o <strong>Globo Rep\u00f3rter<\/strong> apresenta \u201c<strong>O Universo Boiadeiro<\/strong>\u201c, um especial de tr\u00eas blocos com alcance nacional (<\/mark><a href=\"https:\/\/www.youtube.com\/watch?v=LbFoadlCcr8\" target=\"_blank\" data-type=\"link\" data-id=\"https:\/\/www.youtube.com\/watch?v=LbFoadlCcr8\" rel=\"noreferrer noopener\"><mark style=\"background-color:#fcb900;color:#046daa\" class=\"has-inline-color\">confira o v\u00eddeo aqui<\/mark><\/a><mark style=\"background-color:#fcb900\" class=\"has-inline-color\">).<\/mark> Al\u00e9m disso, a partir de <strong>segunda-feira (18)<\/strong>, o<strong> Jornal da EPTV 1\u00aa edi\u00e7\u00e3o<\/strong> exibe a s\u00e9rie de cinco reportagens \u201c<strong>O Novo Sertanejo Faz 70 Anos<\/strong>\u201d.\u00a0<\/p>\n<div class=\"wp-block-image\">\n<figure class=\"aligncenter size-large is-resized\"><img data-recalc-dims=\"1\" fetchpriority=\"high\" decoding=\"async\" width=\"1024\" height=\"576\" src=\"https:\/\/i0.wp.com\/cdn.media-acidadeon.com.br\/ribeiraopreto\/wp-content\/uploads\/sites\/3\/2025\/08\/de2ee1d15965c971b5f6d34855eba219_2025-08-15_16-10-04-1024x576.webp?resize=1024%2C576&#038;ssl=1\" alt=\"\" class=\"wp-image-125980\" style=\"width:694px\" srcset=\"https:\/\/cdn.media-acidadeon.com.br\/ribeiraopreto\/wp-content\/uploads\/sites\/3\/2025\/08\/de2ee1d15965c971b5f6d34855eba219_2025-08-15_16-10-04-1024x576.webp 1024w, https:\/\/cdn.media-acidadeon.com.br\/ribeiraopreto\/wp-content\/uploads\/sites\/3\/2025\/08\/de2ee1d15965c971b5f6d34855eba219_2025-08-15_16-10-04-300x169.webp 300w, https:\/\/cdn.media-acidadeon.com.br\/ribeiraopreto\/wp-content\/uploads\/sites\/3\/2025\/08\/de2ee1d15965c971b5f6d34855eba219_2025-08-15_16-10-04-768x432.webp 768w, https:\/\/cdn.media-acidadeon.com.br\/ribeiraopreto\/wp-content\/uploads\/sites\/3\/2025\/08\/de2ee1d15965c971b5f6d34855eba219_2025-08-15_16-10-04-696x392.webp 696w, https:\/\/cdn.media-acidadeon.com.br\/ribeiraopreto\/wp-content\/uploads\/sites\/3\/2025\/08\/de2ee1d15965c971b5f6d34855eba219_2025-08-15_16-10-04-1068x601.webp 1068w, https:\/\/cdn.media-acidadeon.com.br\/ribeiraopreto\/wp-content\/uploads\/sites\/3\/2025\/08\/de2ee1d15965c971b5f6d34855eba219_2025-08-15_16-10-04.webp 1200w\" sizes=\"(max-width: 1024px) 100vw, 1024px\"\/><figcaption class=\"wp-element-caption\">Festa do Pe\u00e3o de Barretos completa 70 anos de hist\u00f3ria \u2013 Foto: Divulga\u00e7\u00e3o.<\/figcaption><\/figure>\n<\/div>\n<h2 class=\"wp-block-heading\"><strong>Cobertura multiplataforma<\/strong><\/h2>\n<p>O gerente de Jornalismo da <strong>EPTV Ribeir\u00e3o<\/strong>, <strong>S\u00e9rgio Trindade<\/strong>, explica que a<strong> cobertura jornal\u00edstica <\/strong>dos ve\u00edculos do <strong>Grupo EP<\/strong> ser\u00e1 <strong>multiplataforma <\/strong>e \u00e9 a maior j\u00e1 realizada sobre a festa, com a participa\u00e7\u00e3o no <strong>Globo Rep\u00f3rter<\/strong>, <strong>p\u00e1gina especial no portal g1<\/strong>, <strong>r\u00e1dio CBN Ribeir\u00e3o<\/strong>, <strong>portal acidade on<\/strong>, al\u00e9m da cobertura de bastidores nas redes sociais, envolvendo uma equipe de mais de 25 jornalistas que se mudam para a cidade durante o m\u00eas de agosto.<\/p>\n<p>Al\u00e9m disso, no <strong>dia 21 de agosto<\/strong>, data de abertura da festa, o <strong>Jornal da EPTV 2\u00aa edi\u00e7\u00e3o<\/strong> <strong>ser\u00e1 transmitido ao vivo diretamente de Barretos<\/strong>, mostrando o que o p\u00fablico poder\u00e1 encontrar orienta\u00e7\u00f5es de acesso e toda a atmosfera do primeiro dia do evento.<\/p>\n<figure class=\"wp-block-pullquote\">\n<blockquote>\n<p>A EPTV tem 40 anos e a Festa do Pe\u00e3o de Barretos completa 70. N\u00f3s acompanhamos o crescimento da festa h\u00e1 mais de tr\u00eas d\u00e9cadas. Podemos dizer que praticamente nascemos cobrindo Barretos. H\u00e1 mais de 30 anos nos tornamos presen\u00e7a certa por l\u00e1. Hoje, temos reda\u00e7\u00e3o e camarote no evento, al\u00e9m de uma presen\u00e7a marcante na cobertura<\/p>\n<p><cite>S\u00e9rgio Trindade<\/cite><\/p><\/blockquote>\n<\/figure>\n<p>S\u00e9rgio tamb\u00e9m destaca que a produ\u00e7\u00e3o especial para o <strong>Globo Rep\u00f3rter <\/strong>faz um resgate hist\u00f3rico da cultura e tradi\u00e7\u00e3o do sertanejo do<strong> interior de S\u00e3o Paulo<\/strong>. \u201cNo Globo Rep\u00f3rter, mostraremos a evolu\u00e7\u00e3o do rodeio no Brasil nos \u00faltimos 70 anos e a Festa do Pe\u00e3o de Barretos \u00e9 a raz\u00e3o principal de o programa ir ao ar.\u201d<\/p>\n<p>Para o rep\u00f3rter da <strong>EPTV Ribeir\u00e3o<\/strong>, <strong>Dirceu Martins<\/strong>, a Festa de Pe\u00e3o vai muito al\u00e9m de ser apenas um evento sertanejo.<\/p>\n<figure class=\"wp-block-pullquote\">\n<blockquote>\n<p>Barretos \u00e9 sin\u00f4nimo de rodeio e espet\u00e1culo, uma festa grandiosa e profissional que atrai atletas e artistas do Brasil todo. Acredito que reportagens como a do Globo Rep\u00f3rter e a s\u00e9rie da EPTV devem mostrar como a festa \u00e9 a locomotiva que impulsionou o sertanejo, levando cultura e economia do interior para o pa\u00eds<\/p>\n<p><cite>Dirceu Martins<\/cite><\/p><\/blockquote>\n<\/figure>\n<h2 class=\"wp-block-heading\"><strong>Reportagens sobre o novo sertanejo<\/strong><\/h2>\n<p>A oportunidade para a produ\u00e7\u00e3o das reportagens surgiu no ano passado, quando, em <strong>comemora\u00e7\u00e3o ao anivers\u00e1rio da EPTV<\/strong>, o jornalismo da emissora decidiu produzir uma s\u00e9rie de reportagens sobre pioneirismo e Barretos \u00e9 pioneira na festa do pe\u00e3o.<\/p>\n<p>Posteriormente, a equipe de <strong>jornalismo da EPTV Ribeir\u00e3o<\/strong> pensou em criar um <strong>Globo Rep\u00f3rter <\/strong>sobre o mesmo tema, partindo do ponto central: o que mudou nesses 70 anos.<\/p>\n<div class=\"wp-block-image\">\n<figure class=\"aligncenter size-large is-resized\"><img data-recalc-dims=\"1\" loading=\"lazy\" decoding=\"async\" width=\"1024\" height=\"576\" src=\"https:\/\/i0.wp.com\/cdn.media-acidadeon.com.br\/ribeiraopreto\/wp-content\/uploads\/sites\/3\/2025\/08\/9a300a778c57bf2d32b0cfd658069ab6_2025-08-15_16-07-06-1024x576.webp?resize=1024%2C576&#038;ssl=1\" alt=\"A s\u00e9rie de reportagens \u201cO Novo Sertanejo Faz 70 Anos\u201d destaca a import\u00e2ncia da Festa do Pe\u00e3o de Boiadeiro de Barretos na hist\u00f3ria sertaneja no Brasil - Foto: Divulga\u00e7\u00e3o.\" class=\"wp-image-125977\" style=\"width:694px;height:auto\" srcset=\"https:\/\/cdn.media-acidadeon.com.br\/ribeiraopreto\/wp-content\/uploads\/sites\/3\/2025\/08\/9a300a778c57bf2d32b0cfd658069ab6_2025-08-15_16-07-06-1024x576.webp 1024w, https:\/\/cdn.media-acidadeon.com.br\/ribeiraopreto\/wp-content\/uploads\/sites\/3\/2025\/08\/9a300a778c57bf2d32b0cfd658069ab6_2025-08-15_16-07-06-300x169.webp 300w, https:\/\/cdn.media-acidadeon.com.br\/ribeiraopreto\/wp-content\/uploads\/sites\/3\/2025\/08\/9a300a778c57bf2d32b0cfd658069ab6_2025-08-15_16-07-06-768x432.webp 768w, https:\/\/cdn.media-acidadeon.com.br\/ribeiraopreto\/wp-content\/uploads\/sites\/3\/2025\/08\/9a300a778c57bf2d32b0cfd658069ab6_2025-08-15_16-07-06-696x392.webp 696w, https:\/\/cdn.media-acidadeon.com.br\/ribeiraopreto\/wp-content\/uploads\/sites\/3\/2025\/08\/9a300a778c57bf2d32b0cfd658069ab6_2025-08-15_16-07-06-1068x601.webp 1068w, https:\/\/cdn.media-acidadeon.com.br\/ribeiraopreto\/wp-content\/uploads\/sites\/3\/2025\/08\/9a300a778c57bf2d32b0cfd658069ab6_2025-08-15_16-07-06.webp 1200w\" sizes=\"auto, (max-width: 1024px) 100vw, 1024px\"\/><figcaption class=\"wp-element-caption\">A s\u00e9rie de reportagens \u201cO Novo Sertanejo Faz 70 Anos\u201d destaca a import\u00e2ncia da Festa do Pe\u00e3o de Boiadeiro de Barretos na hist\u00f3ria sertaneja no Brasil \u2013 Foto: Divulga\u00e7\u00e3o.<\/figcaption><\/figure>\n<\/div>\n<p>J\u00e1 sobre a s\u00e9rie de 5 reportagens especiais que ir\u00e3o ao ar no <strong>EPTV 1<\/strong>, Dirceu Martins conta sobre as complexidades da produ\u00e7\u00e3o.\u00a0 <\/p>\n<figure class=\"wp-block-pullquote\">\n<blockquote>\n<p>Os dois maiores desafios do projeto foram mostrar a import\u00e2ncia da cultura do interior para o Brasil e destacar a participa\u00e7\u00e3o feminina nas festas de pe\u00e3o.Em rela\u00e7\u00e3o \u00e0s mulheres, descobrimos que elas n\u00e3o s\u00f3 participam, mas tamb\u00e9m s\u00e3o protagonistas em muitas \u00e1reas. Muita gente vai aos rodeios para ver o trabalho e as competi\u00e7\u00f5es delas, como a madrinheira Ana Cl\u00e1udia, que salva os pe\u00f5es, e a campe\u00e3 Fernanda Cavalheiro, especialista na prova de tr\u00eas tambores<\/p>\n<p><cite>Dirceu Martins<\/cite><\/p><\/blockquote>\n<\/figure>\n<p>A s\u00e9rie tamb\u00e9m destaca as semelhan\u00e7as entre a<strong> Festa do Pe\u00e3o de Barretos<\/strong> e o <strong>Rodeio de Calgary Stampede<\/strong>, no Canad\u00e1, considerado o mais antigo e maior do mundo. A equipe de produ\u00e7\u00e3o da s\u00e9rie viajou at\u00e9 l\u00e1 para mostrar as diferen\u00e7as e similaridades entre os dois eventos. A reportagem revela como o rodeio canadense, com seus mais de 100 anos de hist\u00f3ria, influenciou a transforma\u00e7\u00e3o e o desenvolvimento do evento em <strong>Barretos<\/strong>.<\/p>\n<h3 class=\"wp-block-heading\"><strong>Cr\u00e9ditos<\/strong><\/h3>\n<h4 class=\"wp-block-heading\"><strong>Rep\u00f3rteres<\/strong><\/h4>\n<ul class=\"wp-block-list\">\n<li>Dirceu Martins<\/li>\n<li>Paulo Gon\u00e7alves<\/li>\n<\/ul>\n<h4 class=\"wp-block-heading\"><strong>Imagens<\/strong><\/h4>\n<ul class=\"wp-block-list\">\n<li>Marcelo Moraes<\/li>\n<li>Pedro Santana<\/li>\n<li>Ricardo Cust\u00f3dio<\/li>\n<\/ul>\n<h4 class=\"wp-block-heading\"><strong>\u00c1udio<\/strong><\/h4>\n<ul class=\"wp-block-list\">\n<li>Samuel Dias<\/li>\n<li>Auxiliar T\u00e9cnico<\/li>\n<li>Marcelo Netto<\/li>\n<\/ul>\n<h4 class=\"wp-block-heading\"><strong>Arte<\/strong><\/h4>\n<h4 class=\"wp-block-heading\"><strong>Produ\u00e7\u00e3o<\/strong><\/h4>\n<h4 class=\"wp-block-heading\"><strong>Edi\u00e7\u00e3o<\/strong><\/h4>\n<ul class=\"wp-block-list\">\n<li>Mar\u00edlia Valente<\/li>\n<li>Pedro Esteves\u00a0 Serafim<\/li>\n<\/ul>\n<h4 class=\"wp-block-heading\"><strong>Dire\u00e7\u00e3o<\/strong><\/h4>\n<hr class=\"wp-block-separator has-alpha-channel-opacity\"\/>\n<p>SAIBA MAIS<\/p>\n<p>Shows, Parada e FIL: veja o que acontece neste fim de semana em Ribeir\u00e3o e regi\u00e3o<\/p>\n<h2 class=\"wp-block-heading\"><strong>FIQUE ON\u00a0\u00a0\u00a0\u00a0\u00a0\u00a0\u00a0\u00a0\u00a0<\/strong><\/h2>\n<p>Quer ficar por dentro de tudo que acontece em Ribeir\u00e3o Preto e regi\u00e3o? Ent\u00e3o siga os perfis do\u202facidade on\u202fno\u202f<a href=\"https:\/\/www.instagram.com\/acidadeonribeirao\" target=\"_blank\" rel=\"noreferrer noopener\">Instagram<\/a>\u202fe no\u202f<a href=\"https:\/\/www.facebook.com\/acidadeonribeirao\/\" target=\"_blank\" rel=\"noreferrer noopener\">Facebook<\/a>.<\/p>\n<p>Al\u00e9m disso, voc\u00ea pode receber as principais not\u00edcias diretamente no WhatsApp. Para isso, basta\u00a0<a href=\"https:\/\/chat.whatsapp.com\/BjKQZ9oJwlz8VVT50NuePq\" target=\"_blank\" rel=\"noreferrer noopener\">entrar no grupo clicando aqui<\/a>.<\/p>\n<p>Por fim, se quiser fazer uma den\u00fancia ou sugerir uma reportagem sobre Ribeir\u00e3o Preto e regi\u00e3o, envie uma mensagem pelo WhatsApp: (16) 99117-7802.<\/p>\n<p>VEJA TAMB\u00c9M<\/p>\n<p>Bell Marques: qual o estado de sa\u00fade do cantor?\u00a0<\/p>\n<p><!-- AI CONTENT END 1 -->\n<\/div>\n<p><script async src=\"\/\/www.instagram.com\/embed.js\"><\/script><br \/>\n<br \/><br \/>\n<br \/><a href=\"https:\/\/www.acidadeon.com\/ribeiraopreto\/lazer-e-cultura\/eptv-produz-edicao-especial-do-globo-reporter-em-homenagem-aos-70-anos-da-festa-do-peao-de-barretos\/\">Source link <\/a><\/p>\n<!-- CONTENT END 1 -->\n","protected":false},"excerpt":{"rendered":"<p>A Festa do Pe\u00e3o de Barretos, maior rodeio da Am\u00e9rica Latina, completa 70 anos de hist\u00f3ria neste ano e acontece entre os dias 21 e&#8230;<\/p>\n","protected":false},"author":1,"featured_media":75803,"comment_status":"open","ping_status":"open","sticky":false,"template":"","format":"standard","meta":{"advanced_seo_description":"","jetpack_seo_html_title":"","jetpack_seo_noindex":false,"jetpack_post_was_ever_published":false,"_jetpack_newsletter_access":"","_jetpack_dont_email_post_to_subs":false,"_jetpack_newsletter_tier_id":0,"_jetpack_memberships_contains_paywalled_content":false,"_jetpack_memberships_contains_paid_content":false,"footnotes":"","jetpack_publicize_message":"","jetpack_publicize_feature_enabled":true,"jetpack_social_post_already_shared":true,"jetpack_social_options":{"image_generator_settings":{"template":"highway","default_image_id":0,"font":"","enabled":false},"version":2}},"categories":[11],"tags":[],"class_list":["post-75802","post","type-post","status-publish","format-standard","has-post-thumbnail","hentry","category-noticias-de-ribeirao-preto-sp-e-regiao-ismael-colosi"],"jetpack_publicize_connections":[],"jetpack_featured_media_url":"https:\/\/i0.wp.com\/noticiasribeiraopreto.com.br\/wp-content\/uploads\/2025\/08\/172312398066b4c90cb1cc8_2024-08-14_20-51-59_jpg_2024-08-14_20-51-59.webp.webp?fit=800%2C533&ssl=1","jetpack-related-posts":[{"id":75998,"url":"https:\/\/noticiasribeiraopreto.com.br\/index.php\/2025\/08\/20\/eptv-leva-musica-cultura-e-emocao-para-os-especiais-dos-70-anos-de-barretos\/","url_meta":{"origin":75802,"position":0},"title":"EPTV leva m\u00fasica, cultura e emo\u00e7\u00e3o para os Especiais dos 70 anos de Barretos","author":"noticiasribeiraopreto.com.br","date":"20 de August de 2025","format":false,"excerpt":"A Festa do Pe\u00e3o de Boiadeiro de Barretos, o maior rodeio da Am\u00e9rica Latina, comemora 70 anos de hist\u00f3ria entre os dias 21 e 31 de agosto, em Barretos. Para marcar essa edi\u00e7\u00e3o especial, a cobertura realizada pela EPTV, afiliada da TV Globo no interior paulista, ser\u00e1 ampliada e contar\u00e1\u2026","rel":"","context":"In &quot;Not\u00edcias de Ribeir\u00e3o Preto-SP e Regi\u00e3o&quot;","block_context":{"text":"Not\u00edcias de Ribeir\u00e3o Preto-SP e Regi\u00e3o","link":"https:\/\/noticiasribeiraopreto.com.br\/index.php\/category\/noticias-de-ribeirao-preto-sp-e-regiao-ismael-colosi\/"},"img":{"alt_text":"","src":"https:\/\/i0.wp.com\/noticiasribeiraopreto.com.br\/wp-content\/uploads\/2025\/08\/especial-barretos_2025-08-20_14-19-32.webp.webp?fit=1200%2C675&ssl=1&resize=350%2C200","width":350,"height":200,"srcset":"https:\/\/i0.wp.com\/noticiasribeiraopreto.com.br\/wp-content\/uploads\/2025\/08\/especial-barretos_2025-08-20_14-19-32.webp.webp?fit=1200%2C675&ssl=1&resize=350%2C200 1x, https:\/\/i0.wp.com\/noticiasribeiraopreto.com.br\/wp-content\/uploads\/2025\/08\/especial-barretos_2025-08-20_14-19-32.webp.webp?fit=1200%2C675&ssl=1&resize=525%2C300 1.5x, https:\/\/i0.wp.com\/noticiasribeiraopreto.com.br\/wp-content\/uploads\/2025\/08\/especial-barretos_2025-08-20_14-19-32.webp.webp?fit=1200%2C675&ssl=1&resize=700%2C400 2x, https:\/\/i0.wp.com\/noticiasribeiraopreto.com.br\/wp-content\/uploads\/2025\/08\/especial-barretos_2025-08-20_14-19-32.webp.webp?fit=1200%2C675&ssl=1&resize=1050%2C600 3x"},"classes":[]},{"id":69638,"url":"https:\/\/noticiasribeiraopreto.com.br\/index.php\/2025\/05\/07\/festa-do-peao-de-barretos-celebra-70-anos-com-musica-tema-lancada-por-grandes-nomes-do-sertanejo\/","url_meta":{"origin":75802,"position":1},"title":"Festa do Pe\u00e3o de Barretos celebra 70 anos com m\u00fasica-tema lan\u00e7ada por grandes nomes do sertanejo","author":"noticiasribeiraopreto.com.br","date":"7 de May de 2025","format":false,"excerpt":"A Festa do Pe\u00e3o de Barretos, o maior e mais tradicional evento do g\u00eanero na Am\u00e9rica Latina, completa 70 anos em 2025. E como parte da comemora\u00e7\u00e3o, nesta quinta-feira (8), o p\u00fablico poder\u00e1 conferir o lan\u00e7amento da m\u00fasica-tema \u201cBarret\u00e3o 70t\u00e3o\u201d em todas as plataformas digitais. A can\u00e7\u00e3o \u00e9 interpretada pelas\u2026","rel":"","context":"In &quot;Not\u00edcias de Ribeir\u00e3o Preto-SP e Regi\u00e3o&quot;","block_context":{"text":"Not\u00edcias de Ribeir\u00e3o Preto-SP e Regi\u00e3o","link":"https:\/\/noticiasribeiraopreto.com.br\/index.php\/category\/noticias-de-ribeirao-preto-sp-e-regiao-ismael-colosi\/"},"img":{"alt_text":"","src":"https:\/\/i0.wp.com\/noticiasribeiraopreto.com.br\/wp-content\/uploads\/2025\/05\/WhatsApp-Image-2025-05-07-at-16.01.40_2025-05-07_21-20-44.webp.webp?fit=1200%2C800&ssl=1&resize=350%2C200","width":350,"height":200,"srcset":"https:\/\/i0.wp.com\/noticiasribeiraopreto.com.br\/wp-content\/uploads\/2025\/05\/WhatsApp-Image-2025-05-07-at-16.01.40_2025-05-07_21-20-44.webp.webp?fit=1200%2C800&ssl=1&resize=350%2C200 1x, https:\/\/i0.wp.com\/noticiasribeiraopreto.com.br\/wp-content\/uploads\/2025\/05\/WhatsApp-Image-2025-05-07-at-16.01.40_2025-05-07_21-20-44.webp.webp?fit=1200%2C800&ssl=1&resize=525%2C300 1.5x, https:\/\/i0.wp.com\/noticiasribeiraopreto.com.br\/wp-content\/uploads\/2025\/05\/WhatsApp-Image-2025-05-07-at-16.01.40_2025-05-07_21-20-44.webp.webp?fit=1200%2C800&ssl=1&resize=700%2C400 2x, https:\/\/i0.wp.com\/noticiasribeiraopreto.com.br\/wp-content\/uploads\/2025\/05\/WhatsApp-Image-2025-05-07-at-16.01.40_2025-05-07_21-20-44.webp.webp?fit=1200%2C800&ssl=1&resize=1050%2C600 3x"},"classes":[]},{"id":76409,"url":"https:\/\/noticiasribeiraopreto.com.br\/index.php\/2025\/08\/28\/eptv-leva-diversao-musica-e-brindes-para-a-festa-do-peao-de-barretos-nesta-sexta\/","url_meta":{"origin":75802,"position":2},"title":"EPTV leva divers\u00e3o, m\u00fasica e brindes para a Festa do Pe\u00e3o de Barretos nesta sexta","author":"noticiasribeiraopreto.com.br","date":"28 de August de 2025","format":false,"excerpt":"A Festa do Pe\u00e3o de Barretos vai ganhar ainda mais interatividade e entretenimento nesta sexta-feira (29). Das 18h \u00e0s 23h, o estande da EPTV ser\u00e1 palco de uma s\u00e9rie de ativa\u00e7\u00f5es especiais, abertas ao p\u00fablico que quiser se divertir e viver novas experi\u00eancias durante o evento. A programa\u00e7\u00e3o traz atra\u00e7\u00f5es\u2026","rel":"","context":"In &quot;Not\u00edcias de Ribeir\u00e3o Preto-SP e Regi\u00e3o&quot;","block_context":{"text":"Not\u00edcias de Ribeir\u00e3o Preto-SP e Regi\u00e3o","link":"https:\/\/noticiasribeiraopreto.com.br\/index.php\/category\/noticias-de-ribeirao-preto-sp-e-regiao-ismael-colosi\/"},"img":{"alt_text":"","src":"https:\/\/i0.wp.com\/noticiasribeiraopreto.com.br\/wp-content\/uploads\/2025\/08\/festa-do-peao-de-barretos-eptv_2025-08-28_16-57-15.webp.webp?fit=1200%2C795&ssl=1&resize=350%2C200","width":350,"height":200,"srcset":"https:\/\/i0.wp.com\/noticiasribeiraopreto.com.br\/wp-content\/uploads\/2025\/08\/festa-do-peao-de-barretos-eptv_2025-08-28_16-57-15.webp.webp?fit=1200%2C795&ssl=1&resize=350%2C200 1x, https:\/\/i0.wp.com\/noticiasribeiraopreto.com.br\/wp-content\/uploads\/2025\/08\/festa-do-peao-de-barretos-eptv_2025-08-28_16-57-15.webp.webp?fit=1200%2C795&ssl=1&resize=525%2C300 1.5x, https:\/\/i0.wp.com\/noticiasribeiraopreto.com.br\/wp-content\/uploads\/2025\/08\/festa-do-peao-de-barretos-eptv_2025-08-28_16-57-15.webp.webp?fit=1200%2C795&ssl=1&resize=700%2C400 2x, https:\/\/i0.wp.com\/noticiasribeiraopreto.com.br\/wp-content\/uploads\/2025\/08\/festa-do-peao-de-barretos-eptv_2025-08-28_16-57-15.webp.webp?fit=1200%2C795&ssl=1&resize=1050%2C600 3x"},"classes":[]},{"id":53367,"url":"https:\/\/noticiasribeiraopreto.com.br\/index.php\/2024\/06\/19\/hotel-inicia-contratacoes-para-festa-do-peao-de-barretos-veja-como-participar\/","url_meta":{"origin":75802,"position":3},"title":"Hotel inicia contrata\u00e7\u00f5es para Festa do Pe\u00e3o de Barretos; Veja como participar","author":"noticiasribeiraopreto.com.br","date":"19 de June de 2024","format":false,"excerpt":"A Festa do Pe\u00e3o de Barretos 2024 acontece entre os dias 15 e 25 de agosto. Por conta do movimento de turistas, j\u00e1 teve in\u00edcio a temporada de contrata\u00e7\u00f5es em um hotel da cidade. Ao todo, o Barretos Park Hotel conta com 40 vagas de emprego para o atendimento dos\u2026","rel":"","context":"In &quot;Not\u00edcias de Ribeir\u00e3o Preto-SP e Regi\u00e3o&quot;","block_context":{"text":"Not\u00edcias de Ribeir\u00e3o Preto-SP e Regi\u00e3o","link":"https:\/\/noticiasribeiraopreto.com.br\/index.php\/category\/noticias-de-ribeirao-preto-sp-e-regiao-ismael-colosi\/"},"img":{"alt_text":"","src":"https:\/\/i0.wp.com\/noticiasribeiraopreto.com.br\/wp-content\/uploads\/2024\/06\/AnyConv.com__hotel-barretos_2024-06-19_13-52-58.webp.webp?fit=1200%2C900&ssl=1&resize=350%2C200","width":350,"height":200,"srcset":"https:\/\/i0.wp.com\/noticiasribeiraopreto.com.br\/wp-content\/uploads\/2024\/06\/AnyConv.com__hotel-barretos_2024-06-19_13-52-58.webp.webp?fit=1200%2C900&ssl=1&resize=350%2C200 1x, https:\/\/i0.wp.com\/noticiasribeiraopreto.com.br\/wp-content\/uploads\/2024\/06\/AnyConv.com__hotel-barretos_2024-06-19_13-52-58.webp.webp?fit=1200%2C900&ssl=1&resize=525%2C300 1.5x, https:\/\/i0.wp.com\/noticiasribeiraopreto.com.br\/wp-content\/uploads\/2024\/06\/AnyConv.com__hotel-barretos_2024-06-19_13-52-58.webp.webp?fit=1200%2C900&ssl=1&resize=700%2C400 2x, https:\/\/i0.wp.com\/noticiasribeiraopreto.com.br\/wp-content\/uploads\/2024\/06\/AnyConv.com__hotel-barretos_2024-06-19_13-52-58.webp.webp?fit=1200%2C900&ssl=1&resize=1050%2C600 3x"},"classes":[]},{"id":46569,"url":"https:\/\/noticiasribeiraopreto.com.br\/index.php\/2024\/04\/12\/globo-transmite-primeira-etapa-do-circuito-sertanejo-2024\/","url_meta":{"origin":75802,"position":4},"title":"Globo transmite primeira etapa do &#8220;Circuito Sertanejo 2024&#8221;","author":"noticiasribeiraopreto.com.br","date":"12 de April de 2024","format":false,"excerpt":"Globo transmite primeira etapa do \u201cCircuito Sertanejo 2024\u201dMultishow, Globoplay e TV Globo exibem shows de Fernando & Sorocaba, Luan Pereira e Malifoo, que acontecem no dia 13 de abril O\u00a0Circuito Sertanejo, o maior circuito de shows do pa\u00eds,\u00a0est\u00e1 de volta \u00e0\u00a0Globo! A primeira edi\u00e7\u00e3o de 2024 aterrissa na ExpoLondrina, no\u2026","rel":"","context":"In &quot;Not\u00edcias de Ribeir\u00e3o Preto-SP e Regi\u00e3o&quot;","block_context":{"text":"Not\u00edcias de Ribeir\u00e3o Preto-SP e Regi\u00e3o","link":"https:\/\/noticiasribeiraopreto.com.br\/index.php\/category\/noticias-de-ribeirao-preto-sp-e-regiao-ismael-colosi\/"},"img":{"alt_text":"","src":"https:\/\/i0.wp.com\/noticiasribeiraopreto.com.br\/wp-content\/uploads\/2024\/04\/Untitled-2.jpg?fit=1200%2C800&ssl=1&resize=350%2C200","width":350,"height":200,"srcset":"https:\/\/i0.wp.com\/noticiasribeiraopreto.com.br\/wp-content\/uploads\/2024\/04\/Untitled-2.jpg?fit=1200%2C800&ssl=1&resize=350%2C200 1x, https:\/\/i0.wp.com\/noticiasribeiraopreto.com.br\/wp-content\/uploads\/2024\/04\/Untitled-2.jpg?fit=1200%2C800&ssl=1&resize=525%2C300 1.5x, https:\/\/i0.wp.com\/noticiasribeiraopreto.com.br\/wp-content\/uploads\/2024\/04\/Untitled-2.jpg?fit=1200%2C800&ssl=1&resize=700%2C400 2x, https:\/\/i0.wp.com\/noticiasribeiraopreto.com.br\/wp-content\/uploads\/2024\/04\/Untitled-2.jpg?fit=1200%2C800&ssl=1&resize=1050%2C600 3x"},"classes":[]},{"id":43012,"url":"https:\/\/noticiasribeiraopreto.com.br\/index.php\/2024\/03\/18\/veja-a-programacao-musical-da-festa-do-peao-de-barretos-2024\/","url_meta":{"origin":75802,"position":5},"title":"Veja a programa\u00e7\u00e3o musical da Festa do Pe\u00e3o de Barretos 2024","author":"noticiasribeiraopreto.com.br","date":"18 de March de 2024","format":false,"excerpt":"A Festa do Pe\u00e3o de Barretos, que acontece de 15 a 25 de agosto, tem mais uma atra\u00e7\u00e3o musical confirmada. Desta vez, \u00e9 a dupla Zez\u00e9 Di Camargo & Luciano que confirmou presen\u00e7a no dia 23 de agosto. No mesmo dia em que a dupla sertaneja, que faz sucesso desde\u2026","rel":"","context":"In &quot;Not\u00edcias de Ribeir\u00e3o Preto-SP e Regi\u00e3o&quot;","block_context":{"text":"Not\u00edcias de Ribeir\u00e3o Preto-SP e Regi\u00e3o","link":"https:\/\/noticiasribeiraopreto.com.br\/index.php\/category\/noticias-de-ribeirao-preto-sp-e-regiao-ismael-colosi\/"},"img":{"alt_text":"","src":"https:\/\/i0.wp.com\/noticiasribeiraopreto.com.br\/wp-content\/uploads\/2024\/03\/Copia-de-Copia-de-TAMANHO-EXATO-PARA-FOTOS-NO-SISTEMA-NOVO-64.jpg?fit=1200%2C675&ssl=1&resize=350%2C200","width":350,"height":200,"srcset":"https:\/\/i0.wp.com\/noticiasribeiraopreto.com.br\/wp-content\/uploads\/2024\/03\/Copia-de-Copia-de-TAMANHO-EXATO-PARA-FOTOS-NO-SISTEMA-NOVO-64.jpg?fit=1200%2C675&ssl=1&resize=350%2C200 1x, https:\/\/i0.wp.com\/noticiasribeiraopreto.com.br\/wp-content\/uploads\/2024\/03\/Copia-de-Copia-de-TAMANHO-EXATO-PARA-FOTOS-NO-SISTEMA-NOVO-64.jpg?fit=1200%2C675&ssl=1&resize=525%2C300 1.5x, https:\/\/i0.wp.com\/noticiasribeiraopreto.com.br\/wp-content\/uploads\/2024\/03\/Copia-de-Copia-de-TAMANHO-EXATO-PARA-FOTOS-NO-SISTEMA-NOVO-64.jpg?fit=1200%2C675&ssl=1&resize=700%2C400 2x, https:\/\/i0.wp.com\/noticiasribeiraopreto.com.br\/wp-content\/uploads\/2024\/03\/Copia-de-Copia-de-TAMANHO-EXATO-PARA-FOTOS-NO-SISTEMA-NOVO-64.jpg?fit=1200%2C675&ssl=1&resize=1050%2C600 3x"},"classes":[]}],"jetpack_sharing_enabled":true,"jetpack_shortlink":"https:\/\/wp.me\/peQAOb-jIC","_links":{"self":[{"href":"https:\/\/noticiasribeiraopreto.com.br\/index.php\/wp-json\/wp\/v2\/posts\/75802","targetHints":{"allow":["GET"]}}],"collection":[{"href":"https:\/\/noticiasribeiraopreto.com.br\/index.php\/wp-json\/wp\/v2\/posts"}],"about":[{"href":"https:\/\/noticiasribeiraopreto.com.br\/index.php\/wp-json\/wp\/v2\/types\/post"}],"author":[{"embeddable":true,"href":"https:\/\/noticiasribeiraopreto.com.br\/index.php\/wp-json\/wp\/v2\/users\/1"}],"replies":[{"embeddable":true,"href":"https:\/\/noticiasribeiraopreto.com.br\/index.php\/wp-json\/wp\/v2\/comments?post=75802"}],"version-history":[{"count":0,"href":"https:\/\/noticiasribeiraopreto.com.br\/index.php\/wp-json\/wp\/v2\/posts\/75802\/revisions"}],"wp:featuredmedia":[{"embeddable":true,"href":"https:\/\/noticiasribeiraopreto.com.br\/index.php\/wp-json\/wp\/v2\/media\/75803"}],"wp:attachment":[{"href":"https:\/\/noticiasribeiraopreto.com.br\/index.php\/wp-json\/wp\/v2\/media?parent=75802"}],"wp:term":[{"taxonomy":"category","embeddable":true,"href":"https:\/\/noticiasribeiraopreto.com.br\/index.php\/wp-json\/wp\/v2\/categories?post=75802"},{"taxonomy":"post_tag","embeddable":true,"href":"https:\/\/noticiasribeiraopreto.com.br\/index.php\/wp-json\/wp\/v2\/tags?post=75802"}],"curies":[{"name":"wp","href":"https:\/\/api.w.org\/{rel}","templated":true}]}}